{"id":1792,"date":"2013-12-04T07:48:00","date_gmt":"2013-12-04T07:48:00","guid":{"rendered":"http:\/\/carideal.com\/blog\/?p=1792"},"modified":"2019-01-27T17:32:44","modified_gmt":"2019-01-27T16:32:44","slug":"le-calendrier-pirelli-2014-en-video","status":"publish","type":"post","link":"https:\/\/www.carideal.com\/blog\/2013\/12\/04\/le-calendrier-pirelli-2014-en-video\/","title":{"rendered":"Le calendrier Pirelli 2014 en Video"},"content":{"rendered":"<h1><strong>Le calendrier Pirelli 2014 en Video<\/strong><\/h1>\n<figure style=\"width: 438px\" class=\"wp-caption alignnone\"><img loading=\"lazy\" decoding=\"async\" title=\"Le calendrier Pirelli 2014 en Video\" src=\"\/blog\/public\/.Calendrier_Pirelli_50_ans_2014_001_m.jpg\" alt=\"Le calendrier Pirelli 2014 en Video\" width=\"448\" height=\"298\" \/><figcaption class=\"wp-caption-text\">Le calendrier Pirelli 2014 en Video<\/figcaption><\/figure>\n<blockquote><p>le Calendrier Pirelli 2014<\/p><\/blockquote>\n<p>Le calendrier Pirelli 2014 en Vid\u00e9o.<br \/>\nLe Calendrier Pirelli 2014 r\u00e9v\u00e8le un secret jalousement gard\u00e9 cach\u00e9 depuis 1986. Pour d\u00e9couvrir la sensualit\u00e9 des mod\u00e8les \u00e0 l'\u00e9poque, parcourir les vignobles et fermes de la campagne toscane et sourire \u00e0 nouveau par Helmut Newton (d\u00e9c\u00e9d\u00e9 en 2004) a photographi\u00e9 les coulisses avec le pr\u00e9cieux Manuela Pavesi, la styliste de mode est rest\u00e9 constamment \u00e0 ses c\u00f4t\u00e9s lors de la coups et mandat\u00e9 pour interpr\u00e9ter l'esprit de cette f\u00e9minit\u00e9 agit\u00e9.<br \/>\nLe Cal Pirelli 2014 :<\/p>\n<p><iframe loading=\"lazy\" src=\"\/\/www.youtube.com\/embed\/WKnD-G7BJCU\" width=\"560\" height=\"315\" frameborder=\"0\" allowfullscreen=\"allowfullscreen\"><\/iframe><\/p>\n<p>Retrouvez ici le\u00a0<a href=\"http:\/\/www.carideal.com\/blog\/2013\/11\/21\/calendrier-pirelli-2014-signe-helmut-newton\/\">Calendrier Pirelli sign\u00e9 Helmut Newton<\/a><\/p>\n","protected":false},"excerpt":{"rendered":"<p>Le calendrier Pirelli 2014 en Video le Calendrier Pirelli 2014 Le calendrier Pirelli 2014 en Vid\u00e9o. Le Calendrier Pirelli 2014 r\u00e9v\u00e8le un secret jalousement gard\u00e9 cach\u00e9 depuis 1986. Pour d\u00e9couvrir la sensualit\u00e9 des mod\u00e8les \u00e0 l&rsquo;\u00e9poque, parcourir les vignobles et fermes de la campagne toscane et sourire \u00e0 nouveau par Helmut Newton (d\u00e9c\u00e9d\u00e9 en 2004) &#8230; <a title=\"Le calendrier Pirelli 2014 en Video\" class=\"read-more\" href=\"https:\/\/www.carideal.com\/blog\/2013\/12\/04\/le-calendrier-pirelli-2014-en-video\/\" aria-label=\"En savoir plus sur Le calendrier Pirelli 2014 en Video\">Lire plus<\/a><\/p>\n","protected":false},"author":1,"featured_media":13282,"comment_status":"open","ping_status":"open","sticky":false,"template":"","format":"standard","meta":{"_uag_custom_page_level_css":"","_themeisle_gutenberg_block_has_review":false,"footnotes":""},"categories":[5943,9],"tags":[1236],"class_list":["post-1792","post","type-post","status-publish","format-standard","has-post-thumbnail","hentry","category-pirelli","category-divers","tag-calendrier-pirelli"],"wppr_data":{"cwp_meta_box_check":"No"},"yoast_head":"<!-- This site is optimized with the Yoast SEO plugin v24.8.1 - https:\/\/yoast.com\/wordpress\/plugins\/seo\/ -->\n<title>Le calendrier Pirelli 2014 en Video - Blog auto Carid\u00e9al<\/title>\n<meta name=\"robots\" content=\"noindex, follow\" \/>\n<meta property=\"og:locale\" content=\"fr_FR\" \/>\n<meta property=\"og:type\" content=\"article\" \/>\n<meta property=\"og:title\" content=\"Le calendrier Pirelli 2014 en Video - Blog auto Carid\u00e9al\" \/>\n<meta property=\"og:description\" content=\"Le calendrier Pirelli 2014 en Video le Calendrier Pirelli 2014 Le calendrier Pirelli 2014 en Vid\u00e9o. Le Calendrier Pirelli 2014 r\u00e9v\u00e8le un secret jalousement gard\u00e9 cach\u00e9 depuis 1986. Pour d\u00e9couvrir la sensualit\u00e9 des mod\u00e8les \u00e0 l&#039;\u00e9poque, parcourir les vignobles et fermes de la campagne toscane et sourire \u00e0 nouveau par Helmut Newton (d\u00e9c\u00e9d\u00e9 en 2004) ... Lire plus\" \/>\n<meta property=\"og:url\" content=\"https:\/\/www.carideal.com\/blog\/2013\/12\/04\/le-calendrier-pirelli-2014-en-video\/\" \/>\n<meta property=\"og:site_name\" content=\"Blog auto Carid\u00e9al\" \/>\n<meta property=\"article:publisher\" content=\"https:\/\/www.facebook.com\/Carideal.mandataire.automobile\" \/>\n<meta property=\"article:author\" content=\"https:\/\/www.facebook.com\/Carideal.mandataire.automobile\/\" \/>\n<meta property=\"article:published_time\" content=\"2013-12-04T07:48:00+00:00\" \/>\n<meta property=\"article:modified_time\" content=\"2019-01-27T16:32:44+00:00\" \/>\n<meta property=\"og:image\" content=\"https:\/\/www.carideal.com\/blog\/wp-content\/uploads\/2013\/12\/Calendrier-Pirelli-2014-50-Anniversaire-1-e1544163209837.jpg\" \/>\n\t<meta property=\"og:image:width\" content=\"800\" \/>\n\t<meta property=\"og:image:height\" content=\"533\" \/>\n\t<meta property=\"og:image:type\" content=\"image\/jpeg\" \/>\n<meta name=\"author\" content=\"N.S Carideal\" \/>\n<meta name=\"twitter:card\" content=\"summary_large_image\" \/>\n<meta name=\"twitter:creator\" content=\"@caridealauto\" \/>\n<meta name=\"twitter:site\" content=\"@caridealauto\" \/>\n<meta name=\"twitter:label1\" content=\"\u00c9crit par\" \/>\n\t<meta name=\"twitter:data1\" content=\"N.S Carideal\" \/>\n\t<meta name=\"twitter:label2\" content=\"Dur\u00e9e de lecture estim\u00e9e\" \/>\n\t<meta name=\"twitter:data2\" content=\"1 minute\" \/>\n<script type=\"application\/ld+json\" class=\"yoast-schema-graph\">{\"@context\":\"https:\/\/schema.org\",\"@graph\":[{\"@type\":\"Article\",\"@id\":\"https:\/\/www.carideal.com\/blog\/2013\/12\/04\/le-calendrier-pirelli-2014-en-video\/#article\",\"isPartOf\":{\"@id\":\"https:\/\/www.carideal.com\/blog\/2013\/12\/04\/le-calendrier-pirelli-2014-en-video\/\"},\"author\":{\"name\":\"N.S Carideal\",\"@id\":\"https:\/\/www.carideal.com\/blog\/#\/schema\/person\/985c7e757d1042d647f21bfaf8d41ebc\"},\"headline\":\"Le calendrier Pirelli 2014 en Video\",\"datePublished\":\"2013-12-04T07:48:00+00:00\",\"dateModified\":\"2019-01-27T16:32:44+00:00\",\"mainEntityOfPage\":{\"@id\":\"https:\/\/www.carideal.com\/blog\/2013\/12\/04\/le-calendrier-pirelli-2014-en-video\/\"},\"wordCount\":118,\"commentCount\":0,\"publisher\":{\"@id\":\"https:\/\/www.carideal.com\/blog\/#organization\"},\"image\":{\"@id\":\"https:\/\/www.carideal.com\/blog\/2013\/12\/04\/le-calendrier-pirelli-2014-en-video\/#primaryimage\"},\"thumbnailUrl\":\"https:\/\/www.carideal.com\/blog\/wp-content\/uploads\/2013\/12\/Calendrier-Pirelli-2014-50-Anniversaire-1-e1544163209837.jpg\",\"keywords\":[\"Calendrier Pirelli\"],\"articleSection\":[\"Actualit\u00e9 Pirelli\",\"Divers\"],\"inLanguage\":\"fr-FR\",\"potentialAction\":[{\"@type\":\"CommentAction\",\"name\":\"Comment\",\"target\":[\"https:\/\/www.carideal.com\/blog\/2013\/12\/04\/le-calendrier-pirelli-2014-en-video\/#respond\"]}]},{\"@type\":\"WebPage\",\"@id\":\"https:\/\/www.carideal.com\/blog\/2013\/12\/04\/le-calendrier-pirelli-2014-en-video\/\",\"url\":\"https:\/\/www.carideal.com\/blog\/2013\/12\/04\/le-calendrier-pirelli-2014-en-video\/\",\"name\":\"Le calendrier Pirelli 2014 en Video - Blog auto Carid\u00e9al\",\"isPartOf\":{\"@id\":\"https:\/\/www.carideal.com\/blog\/#website\"},\"primaryImageOfPage\":{\"@id\":\"https:\/\/www.carideal.com\/blog\/2013\/12\/04\/le-calendrier-pirelli-2014-en-video\/#primaryimage\"},\"image\":{\"@id\":\"https:\/\/www.carideal.com\/blog\/2013\/12\/04\/le-calendrier-pirelli-2014-en-video\/#primaryimage\"},\"thumbnailUrl\":\"https:\/\/www.carideal.com\/blog\/wp-content\/uploads\/2013\/12\/Calendrier-Pirelli-2014-50-Anniversaire-1-e1544163209837.jpg\",\"datePublished\":\"2013-12-04T07:48:00+00:00\",\"dateModified\":\"2019-01-27T16:32:44+00:00\",\"breadcrumb\":{\"@id\":\"https:\/\/www.carideal.com\/blog\/2013\/12\/04\/le-calendrier-pirelli-2014-en-video\/#breadcrumb\"},\"inLanguage\":\"fr-FR\",\"potentialAction\":[{\"@type\":\"ReadAction\",\"target\":[\"https:\/\/www.carideal.com\/blog\/2013\/12\/04\/le-calendrier-pirelli-2014-en-video\/\"]}]},{\"@type\":\"ImageObject\",\"inLanguage\":\"fr-FR\",\"@id\":\"https:\/\/www.carideal.com\/blog\/2013\/12\/04\/le-calendrier-pirelli-2014-en-video\/#primaryimage\",\"url\":\"https:\/\/www.carideal.com\/blog\/wp-content\/uploads\/2013\/12\/Calendrier-Pirelli-2014-50-Anniversaire-1-e1544163209837.jpg\",\"contentUrl\":\"https:\/\/www.carideal.com\/blog\/wp-content\/uploads\/2013\/12\/Calendrier-Pirelli-2014-50-Anniversaire-1-e1544163209837.jpg\",\"width\":800,\"height\":533,\"caption\":\"Calendrier Pirelli 2014 50 ans\"},{\"@type\":\"BreadcrumbList\",\"@id\":\"https:\/\/www.carideal.com\/blog\/2013\/12\/04\/le-calendrier-pirelli-2014-en-video\/#breadcrumb\",\"itemListElement\":[{\"@type\":\"ListItem\",\"position\":1,\"name\":\"Blog Carid\u00e9al\",\"item\":\"https:\/\/www.carideal.com\/blog\/\"},{\"@type\":\"ListItem\",\"position\":2,\"name\":\"Pneumatique\",\"item\":\"https:\/\/www.carideal.com\/blog\/pneumatique\/\"},{\"@type\":\"ListItem\",\"position\":3,\"name\":\"Actualit\u00e9 Pirelli\",\"item\":\"https:\/\/www.carideal.com\/blog\/pneumatique\/pirelli\/\"},{\"@type\":\"ListItem\",\"position\":4,\"name\":\"Le calendrier Pirelli 2014 en Video\"}]},{\"@type\":\"WebSite\",\"@id\":\"https:\/\/www.carideal.com\/blog\/#website\",\"url\":\"https:\/\/www.carideal.com\/blog\/\",\"name\":\"Blog auto Carid\u00e9al\",\"description\":\"Actualit\u00e9 auto par des passionn\u00e9s\",\"publisher\":{\"@id\":\"https:\/\/www.carideal.com\/blog\/#organization\"},\"potentialAction\":[{\"@type\":\"SearchAction\",\"target\":{\"@type\":\"EntryPoint\",\"urlTemplate\":\"https:\/\/www.carideal.com\/blog\/?s={search_term_string}\"},\"query-input\":{\"@type\":\"PropertyValueSpecification\",\"valueRequired\":true,\"valueName\":\"search_term_string\"}}],\"inLanguage\":\"fr-FR\"},{\"@type\":\"Organization\",\"@id\":\"https:\/\/www.carideal.com\/blog\/#organization\",\"name\":\"Carideal\",\"url\":\"https:\/\/www.carideal.com\/blog\/\",\"logo\":{\"@type\":\"ImageObject\",\"inLanguage\":\"fr-FR\",\"@id\":\"https:\/\/www.carideal.com\/blog\/#\/schema\/logo\/image\/\",\"url\":\"http:\/\/www.carideal.com\/blog\/wp-content\/uploads\/2016\/03\/logo-carideal-mandataire-automobile.png\",\"contentUrl\":\"http:\/\/www.carideal.com\/blog\/wp-content\/uploads\/2016\/03\/logo-carideal-mandataire-automobile.png\",\"width\":300,\"height\":300,\"caption\":\"Carideal\"},\"image\":{\"@id\":\"https:\/\/www.carideal.com\/blog\/#\/schema\/logo\/image\/\"},\"sameAs\":[\"https:\/\/www.facebook.com\/Carideal.mandataire.automobile\",\"https:\/\/x.com\/caridealauto\",\"https:\/\/www.instagram.com\/carideal1\/\",\"https:\/\/www.linkedin.com\/company\/carideal.com\",\"https:\/\/fr.pinterest.com\/schiavonsas\/\",\"https:\/\/www.youtube.com\/user\/caridealsas\"]},{\"@type\":\"Person\",\"@id\":\"https:\/\/www.carideal.com\/blog\/#\/schema\/person\/985c7e757d1042d647f21bfaf8d41ebc\",\"name\":\"N.S Carideal\",\"image\":{\"@type\":\"ImageObject\",\"inLanguage\":\"fr-FR\",\"@id\":\"https:\/\/www.carideal.com\/blog\/#\/schema\/person\/image\/\",\"url\":\"https:\/\/secure.gravatar.com\/avatar\/edb7ccdf1a4e3d14aef967760d354d0e?s=96&r=g\",\"contentUrl\":\"https:\/\/secure.gravatar.com\/avatar\/edb7ccdf1a4e3d14aef967760d354d0e?s=96&r=g\",\"caption\":\"N.S Carideal\"},\"description\":\"Depuis tout petit fan d'automobile. Il est question d'essayer et de comparer toutes ces voitures qui nous ont fait r\u00e9ver, avant que celles-ci ne devient uniquement des voitures de collection.\",\"sameAs\":[\"http:\/\/www.carideal.com\/blog\",\"https:\/\/www.facebook.com\/Carideal.mandataire.automobile\/\",\"https:\/\/www.linkedin.com\/in\/nschiavon\/\",\"https:\/\/www.youtube.com\/user\/caridealsas\/\"],\"url\":\"https:\/\/www.carideal.com\/blog\/author\/admin_carideal\/\"}]}<\/script>\n<!-- \/ Yoast SEO plugin. -->","yoast_head_json":{"title":"Le calendrier Pirelli 2014 en Video - Blog auto Carid\u00e9al","robots":{"index":"noindex","follow":"follow"},"og_locale":"fr_FR","og_type":"article","og_title":"Le calendrier Pirelli 2014 en Video - Blog auto Carid\u00e9al","og_description":"Le calendrier Pirelli 2014 en Video le Calendrier Pirelli 2014 Le calendrier Pirelli 2014 en Vid\u00e9o. Le Calendrier Pirelli 2014 r\u00e9v\u00e8le un secret jalousement gard\u00e9 cach\u00e9 depuis 1986. Pour d\u00e9couvrir la sensualit\u00e9 des mod\u00e8les \u00e0 l'\u00e9poque, parcourir les vignobles et fermes de la campagne toscane et sourire \u00e0 nouveau par Helmut Newton (d\u00e9c\u00e9d\u00e9 en 2004) ... Lire plus","og_url":"https:\/\/www.carideal.com\/blog\/2013\/12\/04\/le-calendrier-pirelli-2014-en-video\/","og_site_name":"Blog auto Carid\u00e9al","article_publisher":"https:\/\/www.facebook.com\/Carideal.mandataire.automobile","article_author":"https:\/\/www.facebook.com\/Carideal.mandataire.automobile\/","article_published_time":"2013-12-04T07:48:00+00:00","article_modified_time":"2019-01-27T16:32:44+00:00","og_image":[{"width":800,"height":533,"url":"https:\/\/www.carideal.com\/blog\/wp-content\/uploads\/2013\/12\/Calendrier-Pirelli-2014-50-Anniversaire-1-e1544163209837.jpg","type":"image\/jpeg"}],"author":"N.S Carideal","twitter_card":"summary_large_image","twitter_creator":"@caridealauto","twitter_site":"@caridealauto","twitter_misc":{"\u00c9crit par":"N.S Carideal","Dur\u00e9e de lecture estim\u00e9e":"1 minute"},"schema":{"@context":"https:\/\/schema.org","@graph":[{"@type":"Article","@id":"https:\/\/www.carideal.com\/blog\/2013\/12\/04\/le-calendrier-pirelli-2014-en-video\/#article","isPartOf":{"@id":"https:\/\/www.carideal.com\/blog\/2013\/12\/04\/le-calendrier-pirelli-2014-en-video\/"},"author":{"name":"N.S Carideal","@id":"https:\/\/www.carideal.com\/blog\/#\/schema\/person\/985c7e757d1042d647f21bfaf8d41ebc"},"headline":"Le calendrier Pirelli 2014 en Video","datePublished":"2013-12-04T07:48:00+00:00","dateModified":"2019-01-27T16:32:44+00:00","mainEntityOfPage":{"@id":"https:\/\/www.carideal.com\/blog\/2013\/12\/04\/le-calendrier-pirelli-2014-en-video\/"},"wordCount":118,"commentCount":0,"publisher":{"@id":"https:\/\/www.carideal.com\/blog\/#organization"},"image":{"@id":"https:\/\/www.carideal.com\/blog\/2013\/12\/04\/le-calendrier-pirelli-2014-en-video\/#primaryimage"},"thumbnailUrl":"https:\/\/www.carideal.com\/blog\/wp-content\/uploads\/2013\/12\/Calendrier-Pirelli-2014-50-Anniversaire-1-e1544163209837.jpg","keywords":["Calendrier Pirelli"],"articleSection":["Actualit\u00e9 Pirelli","Divers"],"inLanguage":"fr-FR","potentialAction":[{"@type":"CommentAction","name":"Comment","target":["https:\/\/www.carideal.com\/blog\/2013\/12\/04\/le-calendrier-pirelli-2014-en-video\/#respond"]}]},{"@type":"WebPage","@id":"https:\/\/www.carideal.com\/blog\/2013\/12\/04\/le-calendrier-pirelli-2014-en-video\/","url":"https:\/\/www.carideal.com\/blog\/2013\/12\/04\/le-calendrier-pirelli-2014-en-video\/","name":"Le calendrier Pirelli 2014 en Video - Blog auto Carid\u00e9al","isPartOf":{"@id":"https:\/\/www.carideal.com\/blog\/#website"},"primaryImageOfPage":{"@id":"https:\/\/www.carideal.com\/blog\/2013\/12\/04\/le-calendrier-pirelli-2014-en-video\/#primaryimage"},"image":{"@id":"https:\/\/www.carideal.com\/blog\/2013\/12\/04\/le-calendrier-pirelli-2014-en-video\/#primaryimage"},"thumbnailUrl":"https:\/\/www.carideal.com\/blog\/wp-content\/uploads\/2013\/12\/Calendrier-Pirelli-2014-50-Anniversaire-1-e1544163209837.jpg","datePublished":"2013-12-04T07:48:00+00:00","dateModified":"2019-01-27T16:32:44+00:00","breadcrumb":{"@id":"https:\/\/www.carideal.com\/blog\/2013\/12\/04\/le-calendrier-pirelli-2014-en-video\/#breadcrumb"},"inLanguage":"fr-FR","potentialAction":[{"@type":"ReadAction","target":["https:\/\/www.carideal.com\/blog\/2013\/12\/04\/le-calendrier-pirelli-2014-en-video\/"]}]},{"@type":"ImageObject","inLanguage":"fr-FR","@id":"https:\/\/www.carideal.com\/blog\/2013\/12\/04\/le-calendrier-pirelli-2014-en-video\/#primaryimage","url":"https:\/\/www.carideal.com\/blog\/wp-content\/uploads\/2013\/12\/Calendrier-Pirelli-2014-50-Anniversaire-1-e1544163209837.jpg","contentUrl":"https:\/\/www.carideal.com\/blog\/wp-content\/uploads\/2013\/12\/Calendrier-Pirelli-2014-50-Anniversaire-1-e1544163209837.jpg","width":800,"height":533,"caption":"Calendrier Pirelli 2014 50 ans"},{"@type":"BreadcrumbList","@id":"https:\/\/www.carideal.com\/blog\/2013\/12\/04\/le-calendrier-pirelli-2014-en-video\/#breadcrumb","itemListElement":[{"@type":"ListItem","position":1,"name":"Blog Carid\u00e9al","item":"https:\/\/www.carideal.com\/blog\/"},{"@type":"ListItem","position":2,"name":"Pneumatique","item":"https:\/\/www.carideal.com\/blog\/pneumatique\/"},{"@type":"ListItem","position":3,"name":"Actualit\u00e9 Pirelli","item":"https:\/\/www.carideal.com\/blog\/pneumatique\/pirelli\/"},{"@type":"ListItem","position":4,"name":"Le calendrier Pirelli 2014 en Video"}]},{"@type":"WebSite","@id":"https:\/\/www.carideal.com\/blog\/#website","url":"https:\/\/www.carideal.com\/blog\/","name":"Blog auto Carid\u00e9al","description":"Actualit\u00e9 auto par des passionn\u00e9s","publisher":{"@id":"https:\/\/www.carideal.com\/blog\/#organization"},"potentialAction":[{"@type":"SearchAction","target":{"@type":"EntryPoint","urlTemplate":"https:\/\/www.carideal.com\/blog\/?s={search_term_string}"},"query-input":{"@type":"PropertyValueSpecification","valueRequired":true,"valueName":"search_term_string"}}],"inLanguage":"fr-FR"},{"@type":"Organization","@id":"https:\/\/www.carideal.com\/blog\/#organization","name":"Carideal","url":"https:\/\/www.carideal.com\/blog\/","logo":{"@type":"ImageObject","inLanguage":"fr-FR","@id":"https:\/\/www.carideal.com\/blog\/#\/schema\/logo\/image\/","url":"http:\/\/www.carideal.com\/blog\/wp-content\/uploads\/2016\/03\/logo-carideal-mandataire-automobile.png","contentUrl":"http:\/\/www.carideal.com\/blog\/wp-content\/uploads\/2016\/03\/logo-carideal-mandataire-automobile.png","width":300,"height":300,"caption":"Carideal"},"image":{"@id":"https:\/\/www.carideal.com\/blog\/#\/schema\/logo\/image\/"},"sameAs":["https:\/\/www.facebook.com\/Carideal.mandataire.automobile","https:\/\/x.com\/caridealauto","https:\/\/www.instagram.com\/carideal1\/","https:\/\/www.linkedin.com\/company\/carideal.com","https:\/\/fr.pinterest.com\/schiavonsas\/","https:\/\/www.youtube.com\/user\/caridealsas"]},{"@type":"Person","@id":"https:\/\/www.carideal.com\/blog\/#\/schema\/person\/985c7e757d1042d647f21bfaf8d41ebc","name":"N.S Carideal","image":{"@type":"ImageObject","inLanguage":"fr-FR","@id":"https:\/\/www.carideal.com\/blog\/#\/schema\/person\/image\/","url":"https:\/\/secure.gravatar.com\/avatar\/edb7ccdf1a4e3d14aef967760d354d0e?s=96&r=g","contentUrl":"https:\/\/secure.gravatar.com\/avatar\/edb7ccdf1a4e3d14aef967760d354d0e?s=96&r=g","caption":"N.S Carideal"},"description":"Depuis tout petit fan d'automobile. Il est question d'essayer et de comparer toutes ces voitures qui nous ont fait r\u00e9ver, avant que celles-ci ne devient uniquement des voitures de collection.","sameAs":["http:\/\/www.carideal.com\/blog","https:\/\/www.facebook.com\/Carideal.mandataire.automobile\/","https:\/\/www.linkedin.com\/in\/nschiavon\/","https:\/\/www.youtube.com\/user\/caridealsas\/"],"url":"https:\/\/www.carideal.com\/blog\/author\/admin_carideal\/"}]}},"uagb_featured_image_src":{"full":["https:\/\/www.carideal.com\/blog\/wp-content\/uploads\/2013\/12\/Calendrier-Pirelli-2014-50-Anniversaire-1-e1544163209837.jpg",800,533,false],"thumbnail":["https:\/\/www.carideal.com\/blog\/wp-content\/uploads\/2013\/12\/Calendrier-Pirelli-2014-50-Anniversaire-1-150x150.jpg",150,150,true],"medium":["https:\/\/www.carideal.com\/blog\/wp-content\/uploads\/2013\/12\/Calendrier-Pirelli-2014-50-Anniversaire-1-300x200.jpg",300,200,true],"medium_large":["https:\/\/www.carideal.com\/blog\/wp-content\/uploads\/2013\/12\/Calendrier-Pirelli-2014-50-Anniversaire-1-768x512.jpg",768,512,true],"large":["https:\/\/www.carideal.com\/blog\/wp-content\/uploads\/2013\/12\/Calendrier-Pirelli-2014-50-Anniversaire-1-e1544163209837.jpg",800,533,false],"1536x1536":["https:\/\/www.carideal.com\/blog\/wp-content\/uploads\/2013\/12\/Calendrier-Pirelli-2014-50-Anniversaire-1-e1544163209837.jpg",800,533,false],"2048x2048":["https:\/\/www.carideal.com\/blog\/wp-content\/uploads\/2013\/12\/Calendrier-Pirelli-2014-50-Anniversaire-1-e1544163209837.jpg",800,533,false],"wppr-widget":["https:\/\/www.carideal.com\/blog\/wp-content\/uploads\/2013\/12\/Calendrier-Pirelli-2014-50-Anniversaire-1-e1544163209837.jpg",50,33,false]},"uagb_author_info":{"display_name":"N.S Carideal","author_link":"https:\/\/www.carideal.com\/blog\/author\/admin_carideal\/"},"uagb_comment_info":0,"uagb_excerpt":"Le calendrier Pirelli 2014 en Video le Calendrier Pirelli 2014 Le calendrier Pirelli 2014 en Vid\u00e9o. Le Calendrier Pirelli 2014 r\u00e9v\u00e8le un secret jalousement gard\u00e9 cach\u00e9 depuis 1986. Pour d\u00e9couvrir la sensualit\u00e9 des mod\u00e8les \u00e0 l'\u00e9poque, parcourir les vignobles et fermes de la campagne toscane et sourire \u00e0 nouveau par Helmut Newton (d\u00e9c\u00e9d\u00e9 en 2004)\u2026","_links":{"self":[{"href":"https:\/\/www.carideal.com\/blog\/wp-json\/wp\/v2\/posts\/1792"}],"collection":[{"href":"https:\/\/www.carideal.com\/blog\/wp-json\/wp\/v2\/posts"}],"about":[{"href":"https:\/\/www.carideal.com\/blog\/wp-json\/wp\/v2\/types\/post"}],"author":[{"embeddable":true,"href":"https:\/\/www.carideal.com\/blog\/wp-json\/wp\/v2\/users\/1"}],"replies":[{"embeddable":true,"href":"https:\/\/www.carideal.com\/blog\/wp-json\/wp\/v2\/comments?post=1792"}],"version-history":[{"count":0,"href":"https:\/\/www.carideal.com\/blog\/wp-json\/wp\/v2\/posts\/1792\/revisions"}],"wp:featuredmedia":[{"embeddable":true,"href":"https:\/\/www.carideal.com\/blog\/wp-json\/wp\/v2\/media\/13282"}],"wp:attachment":[{"href":"https:\/\/www.carideal.com\/blog\/wp-json\/wp\/v2\/media?parent=1792"}],"wp:term":[{"taxonomy":"category","embeddable":true,"href":"https:\/\/www.carideal.com\/blog\/wp-json\/wp\/v2\/categories?post=1792"},{"taxonomy":"post_tag","embeddable":true,"href":"https:\/\/www.carideal.com\/blog\/wp-json\/wp\/v2\/tags?post=1792"}],"curies":[{"name":"wp","href":"https:\/\/api.w.org\/{rel}","templated":true}]}}