{"id":1791,"date":"2012-12-16T19:11:00","date_gmt":"2012-12-16T19:11:00","guid":{"rendered":"http:\/\/carideal.com\/blog\/?p=1791"},"modified":"2019-01-31T23:21:27","modified_gmt":"2019-01-31T22:21:27","slug":"hummer-snowtrack","status":"publish","type":"post","link":"https:\/\/www.carideal.com\/blog\/2012\/12\/16\/hummer-snowtrack\/","title":{"rendered":"Hummer SnowTrack dans la neige \u00e0 Courchevel"},"content":{"rendered":"<h2>Hummer SnowTrack dans la neige \u00e0 Courchevel<\/h2>\n<h3>Hummer H3 Snowtrack<\/h3>\n<p>C'est sur les pistes de skis de Courchevel que nous avons crois\u00e9s cet Hummer H3 \u00e9quip\u00e9 de chenilles sur les 4 roues, tel la 407 dans Taxi 3, ou la <a href=\"http:\/\/www.carideal.com\/blog\/2010\/01\/07\/ken-block-sur-la-neige-avec-son-snow-cat-trax-sti\/\">Subaru STI de 400 ch de Ken Block<\/a>.<\/p>\n<p>Juste impressionnant ce Hummer en plaque allemande garage<\/p>\n<ul>\n<li><a href=\"http:\/\/www.carideal.com\/blog\/2018\/01\/07\/10-meilleurs-suv-neige\/\">Les meilleurs 4x4 dans la neige<\/a><\/li>\n<\/ul>\n<p>Conduire dans la neige peut \u00eatre tr\u00e8s amusant ... jusqu'\u00e0 ce que vous restiez coinc\u00e9 et r\u00e9alisiez que vous devez marcher 30 kilom\u00e8tres dans la neige (en haut d'une colline et dans les deux sens) pour obtenir de l'aide. En r\u00e9solvant ce probl\u00e8me et en vous permettant de jouer dans plus de poudres que Tony Montana, les gars de Track 'N Go ont r\u00e9ussi \u00e0 transformer votre camion ordinaire en un char \u00e0 neige, gr\u00e2ce \u00e0 ces pistes qui collent essentiellement sur vos pneus.<\/p>\n<figure id=\"attachment_18742\" aria-describedby=\"caption-attachment-18742\" style=\"width: 438px\" class=\"wp-caption alignnone\"><a href=\"http:\/\/www.carideal.com\/blog\/wp-content\/uploads\/2012\/12\/hummer-snowtrack-carideal-mandataire-automobile_m.jpg\"><img loading=\"lazy\" decoding=\"async\" class=\"size-full wp-image-18742\" src=\"http:\/\/www.carideal.com\/blog\/wp-content\/uploads\/2012\/12\/hummer-snowtrack-carideal-mandataire-automobile_m.jpg\" alt=\"Hummer H3 Snowtrack\" width=\"448\" height=\"336\" srcset=\"https:\/\/www.carideal.com\/blog\/wp-content\/uploads\/2012\/12\/hummer-snowtrack-carideal-mandataire-automobile_m.jpg 448w, https:\/\/www.carideal.com\/blog\/wp-content\/uploads\/2012\/12\/hummer-snowtrack-carideal-mandataire-automobile_m-300x225.jpg 300w, https:\/\/www.carideal.com\/blog\/wp-content\/uploads\/2012\/12\/hummer-snowtrack-carideal-mandataire-automobile_m-50x38.jpg 50w, https:\/\/www.carideal.com\/blog\/wp-content\/uploads\/2012\/12\/hummer-snowtrack-carideal-mandataire-automobile_m-110x83.jpg 110w, https:\/\/www.carideal.com\/blog\/wp-content\/uploads\/2012\/12\/hummer-snowtrack-carideal-mandataire-automobile_m-420x315.jpg 420w\" sizes=\"(max-width: 448px) 100vw, 448px\" \/><\/a><figcaption id=\"caption-attachment-18742\" class=\"wp-caption-text\">Hummer H3 Snowtrack<\/figcaption><\/figure>\n<p>En fait vous pouvez trouver plusieurs soci\u00e9t\u00e9s fabriquant ce type de kit de conversion similaire pour les 4x4 ou les motos, de sorte que vous puissiez en faire quelque chose sur la neige.<\/p>\n<ul>\n<li><a href=\"http:\/\/www.carideal.com\/blog\/2017\/05\/08\/guide-dachat-4x4-et-suv-les-meilleurs-en-2017\/\">Guide des meilleur SUV<\/a><\/li>\n<\/ul>\n<p>Tant que vous avez un <a href=\"http:\/\/www.carideal.com\/blog\/type-de-vehicule\/4x4-suv\/\">4x4<\/a>, vous pouvez les mettre sur \u00e0 peu pr\u00e8s n'importe quoi. Utilisez simplement une petite rampe astucieuse fournie avec l\u2019achat de votre kit de chenille pour les installere. Il exsite aussi un autres syst\u00e8me de chenille, ceux-ci sont entra\u00een\u00e9s par des pneus, vous conduisez donc normalement et ne faites pas attention au fait que vous conduisez dans plusieurs dizaines de centim\u00e8tres de neige.<\/p>\n","protected":false},"excerpt":{"rendered":"<p>Hummer SnowTrack dans la neige \u00e0 Courchevel Hummer H3 Snowtrack C&rsquo;est sur les pistes de skis de Courchevel que nous avons crois\u00e9s cet Hummer H3 \u00e9quip\u00e9 de chenilles sur les 4 roues, tel la 407 dans Taxi 3, ou la Subaru STI de 400 ch de Ken Block. Juste impressionnant ce Hummer en plaque allemande &#8230; <a title=\"Hummer SnowTrack dans la neige \u00e0 Courchevel\" class=\"read-more\" href=\"https:\/\/www.carideal.com\/blog\/2012\/12\/16\/hummer-snowtrack\/\" aria-label=\"En savoir plus sur Hummer SnowTrack dans la neige \u00e0 Courchevel\">Lire plus<\/a><\/p>\n","protected":false},"author":1,"featured_media":18740,"comment_status":"open","ping_status":"open","sticky":false,"template":"","format":"standard","meta":{"_uag_custom_page_level_css":"","_themeisle_gutenberg_block_has_review":false,"footnotes":""},"categories":[2,5994,17],"tags":[1250],"class_list":["post-1791","post","type-post","status-publish","format-standard","has-post-thumbnail","hentry","category-4x4-suv","category-fun","category-tuning","tag-hummer"],"wppr_data":{"cwp_meta_box_check":"No"},"yoast_head":"<!-- This site is optimized with the Yoast SEO plugin v24.8.1 - https:\/\/yoast.com\/wordpress\/plugins\/seo\/ -->\n<title>Hummer SnowTrack dans la neige \u00e0 Courchevel - Blog auto Carid\u00e9al<\/title>\n<meta name=\"description\" content=\"Par les hasards de la chance d&#039;une belle journ\u00e9e de ski nous crois\u00e2mes sur les pistes ce Hummer H3 Snowtrack \u00e9quip\u00e9 de chenilles.\" \/>\n<meta name=\"robots\" content=\"index, follow, max-snippet:-1, max-image-preview:large, max-video-preview:-1\" \/>\n<link rel=\"canonical\" href=\"https:\/\/www.carideal.com\/blog\/2012\/12\/16\/hummer-snowtrack\/\" \/>\n<meta property=\"og:locale\" content=\"fr_FR\" \/>\n<meta property=\"og:type\" content=\"article\" \/>\n<meta property=\"og:title\" content=\"Hummer SnowTrack dans la neige \u00e0 Courchevel - Blog auto Carid\u00e9al\" \/>\n<meta property=\"og:description\" content=\"Par les hasards de la chance d&#039;une belle journ\u00e9e de ski nous crois\u00e2mes sur les pistes ce Hummer H3 Snowtrack \u00e9quip\u00e9 de chenilles.\" \/>\n<meta property=\"og:url\" content=\"https:\/\/www.carideal.com\/blog\/2012\/12\/16\/hummer-snowtrack\/\" \/>\n<meta property=\"og:site_name\" content=\"Blog auto Carid\u00e9al\" \/>\n<meta property=\"article:publisher\" content=\"https:\/\/www.facebook.com\/Carideal.mandataire.automobile\" \/>\n<meta property=\"article:author\" content=\"https:\/\/www.facebook.com\/Carideal.mandataire.automobile\/\" \/>\n<meta property=\"article:published_time\" content=\"2012-12-16T19:11:00+00:00\" \/>\n<meta property=\"article:modified_time\" content=\"2019-01-31T22:21:27+00:00\" \/>\n<meta property=\"og:image\" content=\"https:\/\/www.carideal.com\/blog\/wp-content\/uploads\/2012\/12\/hummer-snowtrack-carideal-mandataire-automobile-2_m.jpg\" \/>\n\t<meta property=\"og:image:width\" content=\"448\" \/>\n\t<meta property=\"og:image:height\" content=\"336\" \/>\n\t<meta property=\"og:image:type\" content=\"image\/jpeg\" \/>\n<meta name=\"author\" content=\"N.S Carideal\" \/>\n<meta name=\"twitter:card\" content=\"summary_large_image\" \/>\n<meta name=\"twitter:creator\" content=\"@caridealauto\" \/>\n<meta name=\"twitter:site\" content=\"@caridealauto\" \/>\n<meta name=\"twitter:label1\" content=\"\u00c9crit par\" \/>\n\t<meta name=\"twitter:data1\" content=\"N.S Carideal\" \/>\n\t<meta name=\"twitter:label2\" content=\"Dur\u00e9e de lecture estim\u00e9e\" \/>\n\t<meta name=\"twitter:data2\" content=\"1 minute\" \/>\n<script type=\"application\/ld+json\" class=\"yoast-schema-graph\">{\"@context\":\"https:\/\/schema.org\",\"@graph\":[{\"@type\":\"Article\",\"@id\":\"https:\/\/www.carideal.com\/blog\/2012\/12\/16\/hummer-snowtrack\/#article\",\"isPartOf\":{\"@id\":\"https:\/\/www.carideal.com\/blog\/2012\/12\/16\/hummer-snowtrack\/\"},\"author\":{\"name\":\"N.S Carideal\",\"@id\":\"https:\/\/www.carideal.com\/blog\/#\/schema\/person\/985c7e757d1042d647f21bfaf8d41ebc\"},\"headline\":\"Hummer SnowTrack dans la neige \u00e0 Courchevel\",\"datePublished\":\"2012-12-16T19:11:00+00:00\",\"dateModified\":\"2019-01-31T22:21:27+00:00\",\"mainEntityOfPage\":{\"@id\":\"https:\/\/www.carideal.com\/blog\/2012\/12\/16\/hummer-snowtrack\/\"},\"wordCount\":272,\"commentCount\":0,\"publisher\":{\"@id\":\"https:\/\/www.carideal.com\/blog\/#organization\"},\"image\":{\"@id\":\"https:\/\/www.carideal.com\/blog\/2012\/12\/16\/hummer-snowtrack\/#primaryimage\"},\"thumbnailUrl\":\"https:\/\/www.carideal.com\/blog\/wp-content\/uploads\/2012\/12\/hummer-snowtrack-carideal-mandataire-automobile-2_m.jpg\",\"keywords\":[\"Hummer\"],\"articleSection\":[\"4X4 Actualit\u00e9\",\"Fun\",\"Tuning\"],\"inLanguage\":\"fr-FR\",\"potentialAction\":[{\"@type\":\"CommentAction\",\"name\":\"Comment\",\"target\":[\"https:\/\/www.carideal.com\/blog\/2012\/12\/16\/hummer-snowtrack\/#respond\"]}]},{\"@type\":\"WebPage\",\"@id\":\"https:\/\/www.carideal.com\/blog\/2012\/12\/16\/hummer-snowtrack\/\",\"url\":\"https:\/\/www.carideal.com\/blog\/2012\/12\/16\/hummer-snowtrack\/\",\"name\":\"Hummer SnowTrack dans la neige \u00e0 Courchevel - Blog auto Carid\u00e9al\",\"isPartOf\":{\"@id\":\"https:\/\/www.carideal.com\/blog\/#website\"},\"primaryImageOfPage\":{\"@id\":\"https:\/\/www.carideal.com\/blog\/2012\/12\/16\/hummer-snowtrack\/#primaryimage\"},\"image\":{\"@id\":\"https:\/\/www.carideal.com\/blog\/2012\/12\/16\/hummer-snowtrack\/#primaryimage\"},\"thumbnailUrl\":\"https:\/\/www.carideal.com\/blog\/wp-content\/uploads\/2012\/12\/hummer-snowtrack-carideal-mandataire-automobile-2_m.jpg\",\"datePublished\":\"2012-12-16T19:11:00+00:00\",\"dateModified\":\"2019-01-31T22:21:27+00:00\",\"description\":\"Par les hasards de la chance d'une belle journ\u00e9e de ski nous crois\u00e2mes sur les pistes ce Hummer H3 Snowtrack \u00e9quip\u00e9 de chenilles.\",\"breadcrumb\":{\"@id\":\"https:\/\/www.carideal.com\/blog\/2012\/12\/16\/hummer-snowtrack\/#breadcrumb\"},\"inLanguage\":\"fr-FR\",\"potentialAction\":[{\"@type\":\"ReadAction\",\"target\":[\"https:\/\/www.carideal.com\/blog\/2012\/12\/16\/hummer-snowtrack\/\"]}]},{\"@type\":\"ImageObject\",\"inLanguage\":\"fr-FR\",\"@id\":\"https:\/\/www.carideal.com\/blog\/2012\/12\/16\/hummer-snowtrack\/#primaryimage\",\"url\":\"https:\/\/www.carideal.com\/blog\/wp-content\/uploads\/2012\/12\/hummer-snowtrack-carideal-mandataire-automobile-2_m.jpg\",\"contentUrl\":\"https:\/\/www.carideal.com\/blog\/wp-content\/uploads\/2012\/12\/hummer-snowtrack-carideal-mandataire-automobile-2_m.jpg\",\"width\":448,\"height\":336,\"caption\":\"Hummer SnowTrack dans la neige \u00e0 Courchevel\"},{\"@type\":\"BreadcrumbList\",\"@id\":\"https:\/\/www.carideal.com\/blog\/2012\/12\/16\/hummer-snowtrack\/#breadcrumb\",\"itemListElement\":[{\"@type\":\"ListItem\",\"position\":1,\"name\":\"Blog Carid\u00e9al\",\"item\":\"https:\/\/www.carideal.com\/blog\/\"},{\"@type\":\"ListItem\",\"position\":2,\"name\":\"Type de v\u00e9hicule\",\"item\":\"https:\/\/www.carideal.com\/blog\/type-de-vehicule\/\"},{\"@type\":\"ListItem\",\"position\":3,\"name\":\"4X4 Actualit\u00e9\",\"item\":\"https:\/\/www.carideal.com\/blog\/type-de-vehicule\/4x4-suv\/\"},{\"@type\":\"ListItem\",\"position\":4,\"name\":\"Hummer SnowTrack dans la neige \u00e0 Courchevel\"}]},{\"@type\":\"WebSite\",\"@id\":\"https:\/\/www.carideal.com\/blog\/#website\",\"url\":\"https:\/\/www.carideal.com\/blog\/\",\"name\":\"Blog auto Carid\u00e9al\",\"description\":\"Actualit\u00e9 auto par des passionn\u00e9s\",\"publisher\":{\"@id\":\"https:\/\/www.carideal.com\/blog\/#organization\"},\"potentialAction\":[{\"@type\":\"SearchAction\",\"target\":{\"@type\":\"EntryPoint\",\"urlTemplate\":\"https:\/\/www.carideal.com\/blog\/?s={search_term_string}\"},\"query-input\":{\"@type\":\"PropertyValueSpecification\",\"valueRequired\":true,\"valueName\":\"search_term_string\"}}],\"inLanguage\":\"fr-FR\"},{\"@type\":\"Organization\",\"@id\":\"https:\/\/www.carideal.com\/blog\/#organization\",\"name\":\"Carideal\",\"url\":\"https:\/\/www.carideal.com\/blog\/\",\"logo\":{\"@type\":\"ImageObject\",\"inLanguage\":\"fr-FR\",\"@id\":\"https:\/\/www.carideal.com\/blog\/#\/schema\/logo\/image\/\",\"url\":\"http:\/\/www.carideal.com\/blog\/wp-content\/uploads\/2016\/03\/logo-carideal-mandataire-automobile.png\",\"contentUrl\":\"http:\/\/www.carideal.com\/blog\/wp-content\/uploads\/2016\/03\/logo-carideal-mandataire-automobile.png\",\"width\":300,\"height\":300,\"caption\":\"Carideal\"},\"image\":{\"@id\":\"https:\/\/www.carideal.com\/blog\/#\/schema\/logo\/image\/\"},\"sameAs\":[\"https:\/\/www.facebook.com\/Carideal.mandataire.automobile\",\"https:\/\/x.com\/caridealauto\",\"https:\/\/www.instagram.com\/carideal1\/\",\"https:\/\/www.linkedin.com\/company\/carideal.com\",\"https:\/\/fr.pinterest.com\/schiavonsas\/\",\"https:\/\/www.youtube.com\/user\/caridealsas\"]},{\"@type\":\"Person\",\"@id\":\"https:\/\/www.carideal.com\/blog\/#\/schema\/person\/985c7e757d1042d647f21bfaf8d41ebc\",\"name\":\"N.S Carideal\",\"image\":{\"@type\":\"ImageObject\",\"inLanguage\":\"fr-FR\",\"@id\":\"https:\/\/www.carideal.com\/blog\/#\/schema\/person\/image\/\",\"url\":\"https:\/\/secure.gravatar.com\/avatar\/edb7ccdf1a4e3d14aef967760d354d0e?s=96&r=g\",\"contentUrl\":\"https:\/\/secure.gravatar.com\/avatar\/edb7ccdf1a4e3d14aef967760d354d0e?s=96&r=g\",\"caption\":\"N.S Carideal\"},\"description\":\"Depuis tout petit fan d'automobile. Il est question d'essayer et de comparer toutes ces voitures qui nous ont fait r\u00e9ver, avant que celles-ci ne devient uniquement des voitures de collection.\",\"sameAs\":[\"http:\/\/www.carideal.com\/blog\",\"https:\/\/www.facebook.com\/Carideal.mandataire.automobile\/\",\"https:\/\/www.linkedin.com\/in\/nschiavon\/\",\"https:\/\/www.youtube.com\/user\/caridealsas\/\"],\"url\":\"https:\/\/www.carideal.com\/blog\/author\/admin_carideal\/\"}]}<\/script>\n<!-- \/ Yoast SEO plugin. -->","yoast_head_json":{"title":"Hummer SnowTrack dans la neige \u00e0 Courchevel - Blog auto Carid\u00e9al","description":"Par les hasards de la chance d'une belle journ\u00e9e de ski nous crois\u00e2mes sur les pistes ce Hummer H3 Snowtrack \u00e9quip\u00e9 de chenilles.","robots":{"index":"index","follow":"follow","max-snippet":"max-snippet:-1","max-image-preview":"max-image-preview:large","max-video-preview":"max-video-preview:-1"},"canonical":"https:\/\/www.carideal.com\/blog\/2012\/12\/16\/hummer-snowtrack\/","og_locale":"fr_FR","og_type":"article","og_title":"Hummer SnowTrack dans la neige \u00e0 Courchevel - Blog auto Carid\u00e9al","og_description":"Par les hasards de la chance d'une belle journ\u00e9e de ski nous crois\u00e2mes sur les pistes ce Hummer H3 Snowtrack \u00e9quip\u00e9 de chenilles.","og_url":"https:\/\/www.carideal.com\/blog\/2012\/12\/16\/hummer-snowtrack\/","og_site_name":"Blog auto Carid\u00e9al","article_publisher":"https:\/\/www.facebook.com\/Carideal.mandataire.automobile","article_author":"https:\/\/www.facebook.com\/Carideal.mandataire.automobile\/","article_published_time":"2012-12-16T19:11:00+00:00","article_modified_time":"2019-01-31T22:21:27+00:00","og_image":[{"width":448,"height":336,"url":"https:\/\/www.carideal.com\/blog\/wp-content\/uploads\/2012\/12\/hummer-snowtrack-carideal-mandataire-automobile-2_m.jpg","type":"image\/jpeg"}],"author":"N.S Carideal","twitter_card":"summary_large_image","twitter_creator":"@caridealauto","twitter_site":"@caridealauto","twitter_misc":{"\u00c9crit par":"N.S Carideal","Dur\u00e9e de lecture estim\u00e9e":"1 minute"},"schema":{"@context":"https:\/\/schema.org","@graph":[{"@type":"Article","@id":"https:\/\/www.carideal.com\/blog\/2012\/12\/16\/hummer-snowtrack\/#article","isPartOf":{"@id":"https:\/\/www.carideal.com\/blog\/2012\/12\/16\/hummer-snowtrack\/"},"author":{"name":"N.S Carideal","@id":"https:\/\/www.carideal.com\/blog\/#\/schema\/person\/985c7e757d1042d647f21bfaf8d41ebc"},"headline":"Hummer SnowTrack dans la neige \u00e0 Courchevel","datePublished":"2012-12-16T19:11:00+00:00","dateModified":"2019-01-31T22:21:27+00:00","mainEntityOfPage":{"@id":"https:\/\/www.carideal.com\/blog\/2012\/12\/16\/hummer-snowtrack\/"},"wordCount":272,"commentCount":0,"publisher":{"@id":"https:\/\/www.carideal.com\/blog\/#organization"},"image":{"@id":"https:\/\/www.carideal.com\/blog\/2012\/12\/16\/hummer-snowtrack\/#primaryimage"},"thumbnailUrl":"https:\/\/www.carideal.com\/blog\/wp-content\/uploads\/2012\/12\/hummer-snowtrack-carideal-mandataire-automobile-2_m.jpg","keywords":["Hummer"],"articleSection":["4X4 Actualit\u00e9","Fun","Tuning"],"inLanguage":"fr-FR","potentialAction":[{"@type":"CommentAction","name":"Comment","target":["https:\/\/www.carideal.com\/blog\/2012\/12\/16\/hummer-snowtrack\/#respond"]}]},{"@type":"WebPage","@id":"https:\/\/www.carideal.com\/blog\/2012\/12\/16\/hummer-snowtrack\/","url":"https:\/\/www.carideal.com\/blog\/2012\/12\/16\/hummer-snowtrack\/","name":"Hummer SnowTrack dans la neige \u00e0 Courchevel - Blog auto Carid\u00e9al","isPartOf":{"@id":"https:\/\/www.carideal.com\/blog\/#website"},"primaryImageOfPage":{"@id":"https:\/\/www.carideal.com\/blog\/2012\/12\/16\/hummer-snowtrack\/#primaryimage"},"image":{"@id":"https:\/\/www.carideal.com\/blog\/2012\/12\/16\/hummer-snowtrack\/#primaryimage"},"thumbnailUrl":"https:\/\/www.carideal.com\/blog\/wp-content\/uploads\/2012\/12\/hummer-snowtrack-carideal-mandataire-automobile-2_m.jpg","datePublished":"2012-12-16T19:11:00+00:00","dateModified":"2019-01-31T22:21:27+00:00","description":"Par les hasards de la chance d'une belle journ\u00e9e de ski nous crois\u00e2mes sur les pistes ce Hummer H3 Snowtrack \u00e9quip\u00e9 de chenilles.","breadcrumb":{"@id":"https:\/\/www.carideal.com\/blog\/2012\/12\/16\/hummer-snowtrack\/#breadcrumb"},"inLanguage":"fr-FR","potentialAction":[{"@type":"ReadAction","target":["https:\/\/www.carideal.com\/blog\/2012\/12\/16\/hummer-snowtrack\/"]}]},{"@type":"ImageObject","inLanguage":"fr-FR","@id":"https:\/\/www.carideal.com\/blog\/2012\/12\/16\/hummer-snowtrack\/#primaryimage","url":"https:\/\/www.carideal.com\/blog\/wp-content\/uploads\/2012\/12\/hummer-snowtrack-carideal-mandataire-automobile-2_m.jpg","contentUrl":"https:\/\/www.carideal.com\/blog\/wp-content\/uploads\/2012\/12\/hummer-snowtrack-carideal-mandataire-automobile-2_m.jpg","width":448,"height":336,"caption":"Hummer SnowTrack dans la neige \u00e0 Courchevel"},{"@type":"BreadcrumbList","@id":"https:\/\/www.carideal.com\/blog\/2012\/12\/16\/hummer-snowtrack\/#breadcrumb","itemListElement":[{"@type":"ListItem","position":1,"name":"Blog Carid\u00e9al","item":"https:\/\/www.carideal.com\/blog\/"},{"@type":"ListItem","position":2,"name":"Type de v\u00e9hicule","item":"https:\/\/www.carideal.com\/blog\/type-de-vehicule\/"},{"@type":"ListItem","position":3,"name":"4X4 Actualit\u00e9","item":"https:\/\/www.carideal.com\/blog\/type-de-vehicule\/4x4-suv\/"},{"@type":"ListItem","position":4,"name":"Hummer SnowTrack dans la neige \u00e0 Courchevel"}]},{"@type":"WebSite","@id":"https:\/\/www.carideal.com\/blog\/#website","url":"https:\/\/www.carideal.com\/blog\/","name":"Blog auto Carid\u00e9al","description":"Actualit\u00e9 auto par des passionn\u00e9s","publisher":{"@id":"https:\/\/www.carideal.com\/blog\/#organization"},"potentialAction":[{"@type":"SearchAction","target":{"@type":"EntryPoint","urlTemplate":"https:\/\/www.carideal.com\/blog\/?s={search_term_string}"},"query-input":{"@type":"PropertyValueSpecification","valueRequired":true,"valueName":"search_term_string"}}],"inLanguage":"fr-FR"},{"@type":"Organization","@id":"https:\/\/www.carideal.com\/blog\/#organization","name":"Carideal","url":"https:\/\/www.carideal.com\/blog\/","logo":{"@type":"ImageObject","inLanguage":"fr-FR","@id":"https:\/\/www.carideal.com\/blog\/#\/schema\/logo\/image\/","url":"http:\/\/www.carideal.com\/blog\/wp-content\/uploads\/2016\/03\/logo-carideal-mandataire-automobile.png","contentUrl":"http:\/\/www.carideal.com\/blog\/wp-content\/uploads\/2016\/03\/logo-carideal-mandataire-automobile.png","width":300,"height":300,"caption":"Carideal"},"image":{"@id":"https:\/\/www.carideal.com\/blog\/#\/schema\/logo\/image\/"},"sameAs":["https:\/\/www.facebook.com\/Carideal.mandataire.automobile","https:\/\/x.com\/caridealauto","https:\/\/www.instagram.com\/carideal1\/","https:\/\/www.linkedin.com\/company\/carideal.com","https:\/\/fr.pinterest.com\/schiavonsas\/","https:\/\/www.youtube.com\/user\/caridealsas"]},{"@type":"Person","@id":"https:\/\/www.carideal.com\/blog\/#\/schema\/person\/985c7e757d1042d647f21bfaf8d41ebc","name":"N.S Carideal","image":{"@type":"ImageObject","inLanguage":"fr-FR","@id":"https:\/\/www.carideal.com\/blog\/#\/schema\/person\/image\/","url":"https:\/\/secure.gravatar.com\/avatar\/edb7ccdf1a4e3d14aef967760d354d0e?s=96&r=g","contentUrl":"https:\/\/secure.gravatar.com\/avatar\/edb7ccdf1a4e3d14aef967760d354d0e?s=96&r=g","caption":"N.S Carideal"},"description":"Depuis tout petit fan d'automobile. Il est question d'essayer et de comparer toutes ces voitures qui nous ont fait r\u00e9ver, avant que celles-ci ne devient uniquement des voitures de collection.","sameAs":["http:\/\/www.carideal.com\/blog","https:\/\/www.facebook.com\/Carideal.mandataire.automobile\/","https:\/\/www.linkedin.com\/in\/nschiavon\/","https:\/\/www.youtube.com\/user\/caridealsas\/"],"url":"https:\/\/www.carideal.com\/blog\/author\/admin_carideal\/"}]}},"uagb_featured_image_src":{"full":["https:\/\/www.carideal.com\/blog\/wp-content\/uploads\/2012\/12\/hummer-snowtrack-carideal-mandataire-automobile-2_m.jpg",448,336,false],"thumbnail":["https:\/\/www.carideal.com\/blog\/wp-content\/uploads\/2012\/12\/hummer-snowtrack-carideal-mandataire-automobile-2_m-150x150.jpg",150,150,true],"medium":["https:\/\/www.carideal.com\/blog\/wp-content\/uploads\/2012\/12\/hummer-snowtrack-carideal-mandataire-automobile-2_m-300x225.jpg",300,225,true],"medium_large":["https:\/\/www.carideal.com\/blog\/wp-content\/uploads\/2012\/12\/hummer-snowtrack-carideal-mandataire-automobile-2_m.jpg",448,336,false],"large":["https:\/\/www.carideal.com\/blog\/wp-content\/uploads\/2012\/12\/hummer-snowtrack-carideal-mandataire-automobile-2_m.jpg",448,336,false],"1536x1536":["https:\/\/www.carideal.com\/blog\/wp-content\/uploads\/2012\/12\/hummer-snowtrack-carideal-mandataire-automobile-2_m.jpg",448,336,false],"2048x2048":["https:\/\/www.carideal.com\/blog\/wp-content\/uploads\/2012\/12\/hummer-snowtrack-carideal-mandataire-automobile-2_m.jpg",448,336,false],"wppr-widget":["https:\/\/www.carideal.com\/blog\/wp-content\/uploads\/2012\/12\/hummer-snowtrack-carideal-mandataire-automobile-2_m-50x38.jpg",50,38,true]},"uagb_author_info":{"display_name":"N.S Carideal","author_link":"https:\/\/www.carideal.com\/blog\/author\/admin_carideal\/"},"uagb_comment_info":0,"uagb_excerpt":"Hummer SnowTrack dans la neige \u00e0 Courchevel Hummer H3 Snowtrack C'est sur les pistes de skis de Courchevel que nous avons crois\u00e9s cet Hummer H3 \u00e9quip\u00e9 de chenilles sur les 4 roues, tel la 407 dans Taxi 3, ou la Subaru STI de 400 ch de Ken Block. Juste impressionnant ce Hummer en plaque allemande\u2026","_links":{"self":[{"href":"https:\/\/www.carideal.com\/blog\/wp-json\/wp\/v2\/posts\/1791"}],"collection":[{"href":"https:\/\/www.carideal.com\/blog\/wp-json\/wp\/v2\/posts"}],"about":[{"href":"https:\/\/www.carideal.com\/blog\/wp-json\/wp\/v2\/types\/post"}],"author":[{"embeddable":true,"href":"https:\/\/www.carideal.com\/blog\/wp-json\/wp\/v2\/users\/1"}],"replies":[{"embeddable":true,"href":"https:\/\/www.carideal.com\/blog\/wp-json\/wp\/v2\/comments?post=1791"}],"version-history":[{"count":0,"href":"https:\/\/www.carideal.com\/blog\/wp-json\/wp\/v2\/posts\/1791\/revisions"}],"wp:featuredmedia":[{"embeddable":true,"href":"https:\/\/www.carideal.com\/blog\/wp-json\/wp\/v2\/media\/18740"}],"wp:attachment":[{"href":"https:\/\/www.carideal.com\/blog\/wp-json\/wp\/v2\/media?parent=1791"}],"wp:term":[{"taxonomy":"category","embeddable":true,"href":"https:\/\/www.carideal.com\/blog\/wp-json\/wp\/v2\/categories?post=1791"},{"taxonomy":"post_tag","embeddable":true,"href":"https:\/\/www.carideal.com\/blog\/wp-json\/wp\/v2\/tags?post=1791"}],"curies":[{"name":"wp","href":"https:\/\/api.w.org\/{rel}","templated":true}]}}