{"id":1787,"date":"2010-12-02T17:20:00","date_gmt":"2010-12-02T17:20:00","guid":{"rendered":"http:\/\/carideal.com\/blog\/?p=1787"},"modified":"2020-03-08T07:34:00","modified_gmt":"2020-03-08T06:34:00","slug":"calendrier-pirelli-2011","status":"publish","type":"post","link":"https:\/\/www.carideal.com\/blog\/2010\/12\/02\/calendrier-pirelli-2011\/","title":{"rendered":"Calendrier Pirelli 2011 de Karl Lagerfeld"},"content":{"rendered":"<h1>Calendrier Pirelli 2011 de Karl Lagerfeld<\/h1>\n<p><strong>Karl Lagerfeld en charge des photos pour le calendrier Pirelli 2011<\/strong> nous propose cette ann\u00e9e des photos plus \"classes\" que celle de 2010 de Terry Ridchardson.<br \/>\nCette ann\u00e9e, le th\u00e8me du calendrier est la Mythologie. vous d\u00e9couvrirez des photos d\u2019Artemis, Ath\u00e8nes et autres d\u00e9esses mais aussi des dieux grecs !!! Foix de Karl !!<br \/>\nL\u2019actrice Julianne Moore, accompagn\u00e9e d'autres mannequins\u00a0: Bianca Balti, Elisa Sednaoui, Freja Beha Erichsen, Lakshmi Menon, Heidi Mount, Erin Wasson, Natasha Poly ainsi que de mannequins hommes... pour faire plaisir \u00e0 Karl Lagerfeld\u00a0: Baptiste Giabiconi, S\u00e9bastien Jondeau, Brad Kroenig, Garrett Neff et Jake Davis.<\/p>\n<blockquote><p>Zeus<\/p><\/blockquote>\n<figure style=\"width: 438px\" class=\"wp-caption alignnone\"><img loading=\"lazy\" decoding=\"async\" title=\"Calendrier Pirelli 2011, d\u00e9c. 2010\" src=\"\/blog\/public\/.Mannequins-calendrier-pirelli-2011_m.jpg\" alt=\"Calendrier Pirelli 2011\" width=\"448\" height=\"279\" \/><figcaption class=\"wp-caption-text\">Calendrier Pirelli 2011<\/figcaption><\/figure>\n<blockquote><p>Mannequins<\/p><\/blockquote>\n<p><img decoding=\"async\" title=\"Calendrier Pirelli 2011, d\u00e9c. 2010\" src=\"\/blog\/public\/.julianne-moore-pirelli_m.jpg\" alt=\"Calendrier Pirelli 2011\" \/><\/p>\n<blockquote><p>julianne moore<\/p><\/blockquote>\n<p><img decoding=\"async\" title=\"Calendrier Pirelli 2011, d\u00e9c. 2010\" src=\"\/blog\/public\/.Julianne-Moore_calendrier_pirelli_2011-carideal_m.jpg\" alt=\"Calendrier Pirelli 2011\" \/><\/p>\n<blockquote><p>Julianne Moore<\/p><\/blockquote>\n<p><img decoding=\"async\" title=\"Calendrier Pirelli 2011, d\u00e9c. 2010\" src=\"\/blog\/public\/.jake-davies_m.jpg\" alt=\"Calendrier Pirelli 2011\" \/><\/p>\n<blockquote><p>Jake Davies<\/p><\/blockquote>\n<p><img decoding=\"async\" title=\"Calendrier Pirelli 2011, d\u00e9c. 2010\" src=\"\/blog\/public\/.Iris-Strubegger_m.jpg\" alt=\"Calendrier Pirelli 2011\" \/><\/p>\n<blockquote><p>Iris Strubegger<\/p><\/blockquote>\n<p><img decoding=\"async\" title=\"Calendrier Pirelli 2011, d\u00e9c. 2010\" src=\"\/blog\/public\/.Heidi-Mount_m.jpg\" alt=\"Calendrier Pirelli 2011\" \/><\/p>\n<blockquote><p>Heidi Mount<\/p><\/blockquote>\n<p><img decoding=\"async\" title=\"Calendrier Pirelli 2011, d\u00e9c. 2010\" src=\"\/blog\/public\/.Freja-Beha-Erichsen_m.jpg\" alt=\"Calendrier Pirelli 2011\" \/><\/p>\n<blockquote><p>Freja Beha Erichsen<\/p><\/blockquote>\n<p><img decoding=\"async\" title=\"Calendrier Pirelli 2011, d\u00e9c. 2010\" src=\"\/blog\/public\/.Erin-Wasson_calendrier_pirelli_2011_carideal_m.jpg\" alt=\"Calendrier Pirelli 2011\" \/><\/p>\n<blockquote><p>Erin Wasson<\/p><\/blockquote>\n<p><img decoding=\"async\" title=\"Calendrier Pirelli 2011, d\u00e9c. 2010\" src=\"\/blog\/public\/.Elisa-Sednaoui_m.jpg\" alt=\"Calendrier Pirelli 2011\" \/><\/p>\n<blockquote><p>Elisa sednaoui<\/p><\/blockquote>\n<p><img decoding=\"async\" title=\"Calendrier Pirelli 2011, d\u00e9c. 2010\" src=\"\/blog\/public\/.Daria-Werbowy-artemis_calendrier_pirelli_2011_carideal_m.jpg\" alt=\"Calendrier Pirelli 2011\" \/><\/p>\n<blockquote><p>Daria Werbowy<\/p><\/blockquote>\n<p><img decoding=\"async\" title=\"Calendrier Pirelli 2011, d\u00e9c. 2010\" src=\"\/blog\/public\/.Bianca-Balti-et-Garret-Neff_m.jpg\" alt=\"Calendrier Pirelli 2011\" \/><\/p>\n<blockquote><p>Bianca Balti Garet Neff<\/p><\/blockquote>\n<p><img decoding=\"async\" title=\"Calendrier Pirelli 2011, d\u00e9c. 2010\" src=\"\/blog\/public\/.Baptiste-Giabiconi_calendrier_pirelli_2011_carideal_m.jpg\" alt=\"Calendrier Pirelli 2011\" \/><\/p>\n<blockquote><p>Baptiste Giabiconi<\/p><\/blockquote>\n<p><img decoding=\"async\" title=\"Calendrier Pirelli 2011, d\u00e9c. 2010\" src=\"\/blog\/public\/.anja-rubik_m.jpg\" alt=\"Calendrier Pirelli 2011\" \/><\/p>\n<blockquote><p>Anja Rubik<\/p><\/blockquote>\n<h3>Tous les calendriers Pirelli<\/h3>\n<blockquote><p>&gt; <a href=\"http:\/\/www.carideal.com\/blog\/2009\/11\/24\/calendrier-pirelli-2010-est-sorti\/\">Calendrier Pirelli 2010<\/a>\u00a0&gt; <a href=\"http:\/\/www.carideal.com\/blog\/2010\/12\/02\/calendrier-pirelli-2011\/\">Calendrier Pirelli 2011<\/a>\u00a0&gt; <a href=\"http:\/\/www.carideal.com\/blog\/2011\/12\/08\/calendrier-pirelli-2012\/\">Calendrier Pirelli 2012<\/a><\/p>\n<p>&gt; <a href=\"http:\/\/www.carideal.com\/blog\/2013\/11\/21\/calendrier-pirelli-2014-signe-helmut-newton\/\">Calendrier Pirelli 2014<\/a>\u00a0&gt; <a href=\"http:\/\/www.carideal.com\/blog\/2014\/11\/18\/le-calendrier-pirelli-2015-est-arrivee\/\">Calendrier Pirelli 2015<\/a>\u00a0&gt; <a href=\"http:\/\/www.carideal.com\/blog\/2016\/12\/05\/calendrier-pirelli-2017\/\">Calendrier Pirelli 2017<\/a><\/p>\n<p>&gt; Calendrier Pirelli 2018\u00a0&gt; <a href=\"http:\/\/www.carideal.com\/blog\/2018\/12\/06\/calendrier-pirelli-2019\/\">Calendrier Pirelli 2019<\/a><\/p>\n<p>&gt; <a href=\"http:\/\/www.carideal.com\/blog\/tag\/calendrier-pirelli\/\">Tous les Calendriers Pirelli<\/a><\/p><\/blockquote>\n","protected":false},"excerpt":{"rendered":"<p>Calendrier Pirelli 2011 de Karl Lagerfeld Karl Lagerfeld en charge des photos pour le calendrier Pirelli 2011 nous propose cette ann\u00e9e des photos plus \u00ab\u00a0classes\u00a0\u00bb que celle de 2010 de Terry Ridchardson. Cette ann\u00e9e, le th\u00e8me du calendrier est la Mythologie. vous d\u00e9couvrirez des photos d\u2019Artemis, Ath\u00e8nes et autres d\u00e9esses mais aussi des dieux grecs &#8230; <a title=\"Calendrier Pirelli 2011 de Karl Lagerfeld\" class=\"read-more\" href=\"https:\/\/www.carideal.com\/blog\/2010\/12\/02\/calendrier-pirelli-2011\/\" aria-label=\"En savoir plus sur Calendrier Pirelli 2011 de Karl Lagerfeld\">Lire plus<\/a><\/p>\n","protected":false},"author":1,"featured_media":18199,"comment_status":"open","ping_status":"open","sticky":false,"template":"","format":"standard","meta":{"_uag_custom_page_level_css":"","_themeisle_gutenberg_block_has_review":false,"footnotes":""},"categories":[5943,5994],"tags":[1236],"class_list":["post-1787","post","type-post","status-publish","format-standard","has-post-thumbnail","hentry","category-pirelli","category-fun","tag-calendrier-pirelli"],"wppr_data":{"cwp_meta_box_check":"No"},"yoast_head":"<!-- This site is optimized with the Yoast SEO plugin v24.8.1 - https:\/\/yoast.com\/wordpress\/plugins\/seo\/ -->\n<title>Calendrier Pirelli 2011 de Karl Lagerfeld - Blog auto Carid\u00e9al<\/title>\n<meta name=\"robots\" content=\"index, follow, max-snippet:-1, max-image-preview:large, max-video-preview:-1\" \/>\n<link rel=\"canonical\" href=\"https:\/\/www.carideal.com\/blog\/2010\/12\/02\/calendrier-pirelli-2011\/\" \/>\n<meta property=\"og:locale\" content=\"fr_FR\" \/>\n<meta property=\"og:type\" content=\"article\" \/>\n<meta property=\"og:title\" content=\"Calendrier Pirelli 2011 de Karl Lagerfeld - Blog auto Carid\u00e9al\" \/>\n<meta property=\"og:description\" content=\"Calendrier Pirelli 2011 de Karl Lagerfeld Karl Lagerfeld en charge des photos pour le calendrier Pirelli 2011 nous propose cette ann\u00e9e des photos plus &quot;classes&quot; que celle de 2010 de Terry Ridchardson. Cette ann\u00e9e, le th\u00e8me du calendrier est la Mythologie. vous d\u00e9couvrirez des photos d\u2019Artemis, Ath\u00e8nes et autres d\u00e9esses mais aussi des dieux grecs ... Lire plus\" \/>\n<meta property=\"og:url\" content=\"https:\/\/www.carideal.com\/blog\/2010\/12\/02\/calendrier-pirelli-2011\/\" \/>\n<meta property=\"og:site_name\" content=\"Blog auto Carid\u00e9al\" \/>\n<meta property=\"article:publisher\" content=\"https:\/\/www.facebook.com\/Carideal.mandataire.automobile\" \/>\n<meta property=\"article:author\" content=\"https:\/\/www.facebook.com\/Carideal.mandataire.automobile\/\" \/>\n<meta property=\"article:published_time\" content=\"2010-12-02T17:20:00+00:00\" \/>\n<meta property=\"article:modified_time\" content=\"2020-03-08T06:34:00+00:00\" \/>\n<meta property=\"og:image\" content=\"https:\/\/www.carideal.com\/blog\/wp-content\/uploads\/2010\/12\/Mannequins-calendrier-pirelli-2011_m.jpg\" \/>\n\t<meta property=\"og:image:width\" content=\"448\" \/>\n\t<meta property=\"og:image:height\" content=\"279\" \/>\n\t<meta property=\"og:image:type\" content=\"image\/jpeg\" \/>\n<meta name=\"author\" content=\"N.S Carideal\" \/>\n<meta name=\"twitter:card\" content=\"summary_large_image\" \/>\n<meta name=\"twitter:creator\" content=\"@caridealauto\" \/>\n<meta name=\"twitter:site\" content=\"@caridealauto\" \/>\n<meta name=\"twitter:label1\" content=\"\u00c9crit par\" \/>\n\t<meta name=\"twitter:data1\" content=\"N.S Carideal\" \/>\n\t<meta name=\"twitter:label2\" content=\"Dur\u00e9e de lecture estim\u00e9e\" \/>\n\t<meta name=\"twitter:data2\" content=\"1 minute\" \/>\n<script type=\"application\/ld+json\" class=\"yoast-schema-graph\">{\"@context\":\"https:\/\/schema.org\",\"@graph\":[{\"@type\":\"Article\",\"@id\":\"https:\/\/www.carideal.com\/blog\/2010\/12\/02\/calendrier-pirelli-2011\/#article\",\"isPartOf\":{\"@id\":\"https:\/\/www.carideal.com\/blog\/2010\/12\/02\/calendrier-pirelli-2011\/\"},\"author\":{\"name\":\"N.S Carideal\",\"@id\":\"https:\/\/www.carideal.com\/blog\/#\/schema\/person\/985c7e757d1042d647f21bfaf8d41ebc\"},\"headline\":\"Calendrier Pirelli 2011 de Karl Lagerfeld\",\"datePublished\":\"2010-12-02T17:20:00+00:00\",\"dateModified\":\"2020-03-08T06:34:00+00:00\",\"mainEntityOfPage\":{\"@id\":\"https:\/\/www.carideal.com\/blog\/2010\/12\/02\/calendrier-pirelli-2011\/\"},\"wordCount\":182,\"commentCount\":1,\"publisher\":{\"@id\":\"https:\/\/www.carideal.com\/blog\/#organization\"},\"image\":{\"@id\":\"https:\/\/www.carideal.com\/blog\/2010\/12\/02\/calendrier-pirelli-2011\/#primaryimage\"},\"thumbnailUrl\":\"https:\/\/www.carideal.com\/blog\/wp-content\/uploads\/2010\/12\/Mannequins-calendrier-pirelli-2011_m.jpg\",\"keywords\":[\"Calendrier Pirelli\"],\"articleSection\":[\"Actualit\u00e9 Pirelli\",\"Fun\"],\"inLanguage\":\"fr-FR\",\"potentialAction\":[{\"@type\":\"CommentAction\",\"name\":\"Comment\",\"target\":[\"https:\/\/www.carideal.com\/blog\/2010\/12\/02\/calendrier-pirelli-2011\/#respond\"]}]},{\"@type\":\"WebPage\",\"@id\":\"https:\/\/www.carideal.com\/blog\/2010\/12\/02\/calendrier-pirelli-2011\/\",\"url\":\"https:\/\/www.carideal.com\/blog\/2010\/12\/02\/calendrier-pirelli-2011\/\",\"name\":\"Calendrier Pirelli 2011 de Karl Lagerfeld - Blog auto Carid\u00e9al\",\"isPartOf\":{\"@id\":\"https:\/\/www.carideal.com\/blog\/#website\"},\"primaryImageOfPage\":{\"@id\":\"https:\/\/www.carideal.com\/blog\/2010\/12\/02\/calendrier-pirelli-2011\/#primaryimage\"},\"image\":{\"@id\":\"https:\/\/www.carideal.com\/blog\/2010\/12\/02\/calendrier-pirelli-2011\/#primaryimage\"},\"thumbnailUrl\":\"https:\/\/www.carideal.com\/blog\/wp-content\/uploads\/2010\/12\/Mannequins-calendrier-pirelli-2011_m.jpg\",\"datePublished\":\"2010-12-02T17:20:00+00:00\",\"dateModified\":\"2020-03-08T06:34:00+00:00\",\"breadcrumb\":{\"@id\":\"https:\/\/www.carideal.com\/blog\/2010\/12\/02\/calendrier-pirelli-2011\/#breadcrumb\"},\"inLanguage\":\"fr-FR\",\"potentialAction\":[{\"@type\":\"ReadAction\",\"target\":[\"https:\/\/www.carideal.com\/blog\/2010\/12\/02\/calendrier-pirelli-2011\/\"]}]},{\"@type\":\"ImageObject\",\"inLanguage\":\"fr-FR\",\"@id\":\"https:\/\/www.carideal.com\/blog\/2010\/12\/02\/calendrier-pirelli-2011\/#primaryimage\",\"url\":\"https:\/\/www.carideal.com\/blog\/wp-content\/uploads\/2010\/12\/Mannequins-calendrier-pirelli-2011_m.jpg\",\"contentUrl\":\"https:\/\/www.carideal.com\/blog\/wp-content\/uploads\/2010\/12\/Mannequins-calendrier-pirelli-2011_m.jpg\",\"width\":448,\"height\":279,\"caption\":\"Calendrier Pirelli 2011\"},{\"@type\":\"BreadcrumbList\",\"@id\":\"https:\/\/www.carideal.com\/blog\/2010\/12\/02\/calendrier-pirelli-2011\/#breadcrumb\",\"itemListElement\":[{\"@type\":\"ListItem\",\"position\":1,\"name\":\"Blog Carid\u00e9al\",\"item\":\"https:\/\/www.carideal.com\/blog\/\"},{\"@type\":\"ListItem\",\"position\":2,\"name\":\"Pneumatique\",\"item\":\"https:\/\/www.carideal.com\/blog\/pneumatique\/\"},{\"@type\":\"ListItem\",\"position\":3,\"name\":\"Actualit\u00e9 Pirelli\",\"item\":\"https:\/\/www.carideal.com\/blog\/pneumatique\/pirelli\/\"},{\"@type\":\"ListItem\",\"position\":4,\"name\":\"Calendrier Pirelli 2011 de Karl Lagerfeld\"}]},{\"@type\":\"WebSite\",\"@id\":\"https:\/\/www.carideal.com\/blog\/#website\",\"url\":\"https:\/\/www.carideal.com\/blog\/\",\"name\":\"Blog auto Carid\u00e9al\",\"description\":\"Actualit\u00e9 auto par des passionn\u00e9s\",\"publisher\":{\"@id\":\"https:\/\/www.carideal.com\/blog\/#organization\"},\"potentialAction\":[{\"@type\":\"SearchAction\",\"target\":{\"@type\":\"EntryPoint\",\"urlTemplate\":\"https:\/\/www.carideal.com\/blog\/?s={search_term_string}\"},\"query-input\":{\"@type\":\"PropertyValueSpecification\",\"valueRequired\":true,\"valueName\":\"search_term_string\"}}],\"inLanguage\":\"fr-FR\"},{\"@type\":\"Organization\",\"@id\":\"https:\/\/www.carideal.com\/blog\/#organization\",\"name\":\"Carideal\",\"url\":\"https:\/\/www.carideal.com\/blog\/\",\"logo\":{\"@type\":\"ImageObject\",\"inLanguage\":\"fr-FR\",\"@id\":\"https:\/\/www.carideal.com\/blog\/#\/schema\/logo\/image\/\",\"url\":\"http:\/\/www.carideal.com\/blog\/wp-content\/uploads\/2016\/03\/logo-carideal-mandataire-automobile.png\",\"contentUrl\":\"http:\/\/www.carideal.com\/blog\/wp-content\/uploads\/2016\/03\/logo-carideal-mandataire-automobile.png\",\"width\":300,\"height\":300,\"caption\":\"Carideal\"},\"image\":{\"@id\":\"https:\/\/www.carideal.com\/blog\/#\/schema\/logo\/image\/\"},\"sameAs\":[\"https:\/\/www.facebook.com\/Carideal.mandataire.automobile\",\"https:\/\/x.com\/caridealauto\",\"https:\/\/www.instagram.com\/carideal1\/\",\"https:\/\/www.linkedin.com\/company\/carideal.com\",\"https:\/\/fr.pinterest.com\/schiavonsas\/\",\"https:\/\/www.youtube.com\/user\/caridealsas\"]},{\"@type\":\"Person\",\"@id\":\"https:\/\/www.carideal.com\/blog\/#\/schema\/person\/985c7e757d1042d647f21bfaf8d41ebc\",\"name\":\"N.S Carideal\",\"image\":{\"@type\":\"ImageObject\",\"inLanguage\":\"fr-FR\",\"@id\":\"https:\/\/www.carideal.com\/blog\/#\/schema\/person\/image\/\",\"url\":\"https:\/\/secure.gravatar.com\/avatar\/edb7ccdf1a4e3d14aef967760d354d0e?s=96&r=g\",\"contentUrl\":\"https:\/\/secure.gravatar.com\/avatar\/edb7ccdf1a4e3d14aef967760d354d0e?s=96&r=g\",\"caption\":\"N.S Carideal\"},\"description\":\"Depuis tout petit fan d'automobile. Il est question d'essayer et de comparer toutes ces voitures qui nous ont fait r\u00e9ver, avant que celles-ci ne devient uniquement des voitures de collection.\",\"sameAs\":[\"http:\/\/www.carideal.com\/blog\",\"https:\/\/www.facebook.com\/Carideal.mandataire.automobile\/\",\"https:\/\/www.linkedin.com\/in\/nschiavon\/\",\"https:\/\/www.youtube.com\/user\/caridealsas\/\"],\"url\":\"https:\/\/www.carideal.com\/blog\/author\/admin_carideal\/\"}]}<\/script>\n<!-- \/ Yoast SEO plugin. -->","yoast_head_json":{"title":"Calendrier Pirelli 2011 de Karl Lagerfeld - Blog auto Carid\u00e9al","robots":{"index":"index","follow":"follow","max-snippet":"max-snippet:-1","max-image-preview":"max-image-preview:large","max-video-preview":"max-video-preview:-1"},"canonical":"https:\/\/www.carideal.com\/blog\/2010\/12\/02\/calendrier-pirelli-2011\/","og_locale":"fr_FR","og_type":"article","og_title":"Calendrier Pirelli 2011 de Karl Lagerfeld - Blog auto Carid\u00e9al","og_description":"Calendrier Pirelli 2011 de Karl Lagerfeld Karl Lagerfeld en charge des photos pour le calendrier Pirelli 2011 nous propose cette ann\u00e9e des photos plus \"classes\" que celle de 2010 de Terry Ridchardson. Cette ann\u00e9e, le th\u00e8me du calendrier est la Mythologie. vous d\u00e9couvrirez des photos d\u2019Artemis, Ath\u00e8nes et autres d\u00e9esses mais aussi des dieux grecs ... Lire plus","og_url":"https:\/\/www.carideal.com\/blog\/2010\/12\/02\/calendrier-pirelli-2011\/","og_site_name":"Blog auto Carid\u00e9al","article_publisher":"https:\/\/www.facebook.com\/Carideal.mandataire.automobile","article_author":"https:\/\/www.facebook.com\/Carideal.mandataire.automobile\/","article_published_time":"2010-12-02T17:20:00+00:00","article_modified_time":"2020-03-08T06:34:00+00:00","og_image":[{"width":448,"height":279,"url":"https:\/\/www.carideal.com\/blog\/wp-content\/uploads\/2010\/12\/Mannequins-calendrier-pirelli-2011_m.jpg","type":"image\/jpeg"}],"author":"N.S Carideal","twitter_card":"summary_large_image","twitter_creator":"@caridealauto","twitter_site":"@caridealauto","twitter_misc":{"\u00c9crit par":"N.S Carideal","Dur\u00e9e de lecture estim\u00e9e":"1 minute"},"schema":{"@context":"https:\/\/schema.org","@graph":[{"@type":"Article","@id":"https:\/\/www.carideal.com\/blog\/2010\/12\/02\/calendrier-pirelli-2011\/#article","isPartOf":{"@id":"https:\/\/www.carideal.com\/blog\/2010\/12\/02\/calendrier-pirelli-2011\/"},"author":{"name":"N.S Carideal","@id":"https:\/\/www.carideal.com\/blog\/#\/schema\/person\/985c7e757d1042d647f21bfaf8d41ebc"},"headline":"Calendrier Pirelli 2011 de Karl Lagerfeld","datePublished":"2010-12-02T17:20:00+00:00","dateModified":"2020-03-08T06:34:00+00:00","mainEntityOfPage":{"@id":"https:\/\/www.carideal.com\/blog\/2010\/12\/02\/calendrier-pirelli-2011\/"},"wordCount":182,"commentCount":1,"publisher":{"@id":"https:\/\/www.carideal.com\/blog\/#organization"},"image":{"@id":"https:\/\/www.carideal.com\/blog\/2010\/12\/02\/calendrier-pirelli-2011\/#primaryimage"},"thumbnailUrl":"https:\/\/www.carideal.com\/blog\/wp-content\/uploads\/2010\/12\/Mannequins-calendrier-pirelli-2011_m.jpg","keywords":["Calendrier Pirelli"],"articleSection":["Actualit\u00e9 Pirelli","Fun"],"inLanguage":"fr-FR","potentialAction":[{"@type":"CommentAction","name":"Comment","target":["https:\/\/www.carideal.com\/blog\/2010\/12\/02\/calendrier-pirelli-2011\/#respond"]}]},{"@type":"WebPage","@id":"https:\/\/www.carideal.com\/blog\/2010\/12\/02\/calendrier-pirelli-2011\/","url":"https:\/\/www.carideal.com\/blog\/2010\/12\/02\/calendrier-pirelli-2011\/","name":"Calendrier Pirelli 2011 de Karl Lagerfeld - Blog auto Carid\u00e9al","isPartOf":{"@id":"https:\/\/www.carideal.com\/blog\/#website"},"primaryImageOfPage":{"@id":"https:\/\/www.carideal.com\/blog\/2010\/12\/02\/calendrier-pirelli-2011\/#primaryimage"},"image":{"@id":"https:\/\/www.carideal.com\/blog\/2010\/12\/02\/calendrier-pirelli-2011\/#primaryimage"},"thumbnailUrl":"https:\/\/www.carideal.com\/blog\/wp-content\/uploads\/2010\/12\/Mannequins-calendrier-pirelli-2011_m.jpg","datePublished":"2010-12-02T17:20:00+00:00","dateModified":"2020-03-08T06:34:00+00:00","breadcrumb":{"@id":"https:\/\/www.carideal.com\/blog\/2010\/12\/02\/calendrier-pirelli-2011\/#breadcrumb"},"inLanguage":"fr-FR","potentialAction":[{"@type":"ReadAction","target":["https:\/\/www.carideal.com\/blog\/2010\/12\/02\/calendrier-pirelli-2011\/"]}]},{"@type":"ImageObject","inLanguage":"fr-FR","@id":"https:\/\/www.carideal.com\/blog\/2010\/12\/02\/calendrier-pirelli-2011\/#primaryimage","url":"https:\/\/www.carideal.com\/blog\/wp-content\/uploads\/2010\/12\/Mannequins-calendrier-pirelli-2011_m.jpg","contentUrl":"https:\/\/www.carideal.com\/blog\/wp-content\/uploads\/2010\/12\/Mannequins-calendrier-pirelli-2011_m.jpg","width":448,"height":279,"caption":"Calendrier Pirelli 2011"},{"@type":"BreadcrumbList","@id":"https:\/\/www.carideal.com\/blog\/2010\/12\/02\/calendrier-pirelli-2011\/#breadcrumb","itemListElement":[{"@type":"ListItem","position":1,"name":"Blog Carid\u00e9al","item":"https:\/\/www.carideal.com\/blog\/"},{"@type":"ListItem","position":2,"name":"Pneumatique","item":"https:\/\/www.carideal.com\/blog\/pneumatique\/"},{"@type":"ListItem","position":3,"name":"Actualit\u00e9 Pirelli","item":"https:\/\/www.carideal.com\/blog\/pneumatique\/pirelli\/"},{"@type":"ListItem","position":4,"name":"Calendrier Pirelli 2011 de Karl Lagerfeld"}]},{"@type":"WebSite","@id":"https:\/\/www.carideal.com\/blog\/#website","url":"https:\/\/www.carideal.com\/blog\/","name":"Blog auto Carid\u00e9al","description":"Actualit\u00e9 auto par des passionn\u00e9s","publisher":{"@id":"https:\/\/www.carideal.com\/blog\/#organization"},"potentialAction":[{"@type":"SearchAction","target":{"@type":"EntryPoint","urlTemplate":"https:\/\/www.carideal.com\/blog\/?s={search_term_string}"},"query-input":{"@type":"PropertyValueSpecification","valueRequired":true,"valueName":"search_term_string"}}],"inLanguage":"fr-FR"},{"@type":"Organization","@id":"https:\/\/www.carideal.com\/blog\/#organization","name":"Carideal","url":"https:\/\/www.carideal.com\/blog\/","logo":{"@type":"ImageObject","inLanguage":"fr-FR","@id":"https:\/\/www.carideal.com\/blog\/#\/schema\/logo\/image\/","url":"http:\/\/www.carideal.com\/blog\/wp-content\/uploads\/2016\/03\/logo-carideal-mandataire-automobile.png","contentUrl":"http:\/\/www.carideal.com\/blog\/wp-content\/uploads\/2016\/03\/logo-carideal-mandataire-automobile.png","width":300,"height":300,"caption":"Carideal"},"image":{"@id":"https:\/\/www.carideal.com\/blog\/#\/schema\/logo\/image\/"},"sameAs":["https:\/\/www.facebook.com\/Carideal.mandataire.automobile","https:\/\/x.com\/caridealauto","https:\/\/www.instagram.com\/carideal1\/","https:\/\/www.linkedin.com\/company\/carideal.com","https:\/\/fr.pinterest.com\/schiavonsas\/","https:\/\/www.youtube.com\/user\/caridealsas"]},{"@type":"Person","@id":"https:\/\/www.carideal.com\/blog\/#\/schema\/person\/985c7e757d1042d647f21bfaf8d41ebc","name":"N.S Carideal","image":{"@type":"ImageObject","inLanguage":"fr-FR","@id":"https:\/\/www.carideal.com\/blog\/#\/schema\/person\/image\/","url":"https:\/\/secure.gravatar.com\/avatar\/edb7ccdf1a4e3d14aef967760d354d0e?s=96&r=g","contentUrl":"https:\/\/secure.gravatar.com\/avatar\/edb7ccdf1a4e3d14aef967760d354d0e?s=96&r=g","caption":"N.S Carideal"},"description":"Depuis tout petit fan d'automobile. Il est question d'essayer et de comparer toutes ces voitures qui nous ont fait r\u00e9ver, avant que celles-ci ne devient uniquement des voitures de collection.","sameAs":["http:\/\/www.carideal.com\/blog","https:\/\/www.facebook.com\/Carideal.mandataire.automobile\/","https:\/\/www.linkedin.com\/in\/nschiavon\/","https:\/\/www.youtube.com\/user\/caridealsas\/"],"url":"https:\/\/www.carideal.com\/blog\/author\/admin_carideal\/"}]}},"uagb_featured_image_src":{"full":["https:\/\/www.carideal.com\/blog\/wp-content\/uploads\/2010\/12\/Mannequins-calendrier-pirelli-2011_m.jpg",448,279,false],"thumbnail":["https:\/\/www.carideal.com\/blog\/wp-content\/uploads\/2010\/12\/Mannequins-calendrier-pirelli-2011_m-150x150.jpg",150,150,true],"medium":["https:\/\/www.carideal.com\/blog\/wp-content\/uploads\/2010\/12\/Mannequins-calendrier-pirelli-2011_m-300x187.jpg",300,187,true],"medium_large":["https:\/\/www.carideal.com\/blog\/wp-content\/uploads\/2010\/12\/Mannequins-calendrier-pirelli-2011_m.jpg",448,279,false],"large":["https:\/\/www.carideal.com\/blog\/wp-content\/uploads\/2010\/12\/Mannequins-calendrier-pirelli-2011_m.jpg",448,279,false],"1536x1536":["https:\/\/www.carideal.com\/blog\/wp-content\/uploads\/2010\/12\/Mannequins-calendrier-pirelli-2011_m.jpg",448,279,false],"2048x2048":["https:\/\/www.carideal.com\/blog\/wp-content\/uploads\/2010\/12\/Mannequins-calendrier-pirelli-2011_m.jpg",448,279,false],"wppr-widget":["https:\/\/www.carideal.com\/blog\/wp-content\/uploads\/2010\/12\/Mannequins-calendrier-pirelli-2011_m-50x31.jpg",50,31,true]},"uagb_author_info":{"display_name":"N.S Carideal","author_link":"https:\/\/www.carideal.com\/blog\/author\/admin_carideal\/"},"uagb_comment_info":1,"uagb_excerpt":"Calendrier Pirelli 2011 de Karl Lagerfeld Karl Lagerfeld en charge des photos pour le calendrier Pirelli 2011 nous propose cette ann\u00e9e des photos plus \"classes\" que celle de 2010 de Terry Ridchardson. Cette ann\u00e9e, le th\u00e8me du calendrier est la Mythologie. vous d\u00e9couvrirez des photos d\u2019Artemis, Ath\u00e8nes et autres d\u00e9esses mais aussi des dieux grecs\u2026","_links":{"self":[{"href":"https:\/\/www.carideal.com\/blog\/wp-json\/wp\/v2\/posts\/1787"}],"collection":[{"href":"https:\/\/www.carideal.com\/blog\/wp-json\/wp\/v2\/posts"}],"about":[{"href":"https:\/\/www.carideal.com\/blog\/wp-json\/wp\/v2\/types\/post"}],"author":[{"embeddable":true,"href":"https:\/\/www.carideal.com\/blog\/wp-json\/wp\/v2\/users\/1"}],"replies":[{"embeddable":true,"href":"https:\/\/www.carideal.com\/blog\/wp-json\/wp\/v2\/comments?post=1787"}],"version-history":[{"count":0,"href":"https:\/\/www.carideal.com\/blog\/wp-json\/wp\/v2\/posts\/1787\/revisions"}],"wp:featuredmedia":[{"embeddable":true,"href":"https:\/\/www.carideal.com\/blog\/wp-json\/wp\/v2\/media\/18199"}],"wp:attachment":[{"href":"https:\/\/www.carideal.com\/blog\/wp-json\/wp\/v2\/media?parent=1787"}],"wp:term":[{"taxonomy":"category","embeddable":true,"href":"https:\/\/www.carideal.com\/blog\/wp-json\/wp\/v2\/categories?post=1787"},{"taxonomy":"post_tag","embeddable":true,"href":"https:\/\/www.carideal.com\/blog\/wp-json\/wp\/v2\/tags?post=1787"}],"curies":[{"name":"wp","href":"https:\/\/api.w.org\/{rel}","templated":true}]}}