{"id":1785,"date":"2009-12-14T17:50:00","date_gmt":"2009-12-14T17:50:00","guid":{"rendered":"http:\/\/carideal.com\/blog\/?p=1785"},"modified":"2016-10-15T18:35:16","modified_gmt":"2016-10-15T16:35:16","slug":"brabus-glk-v12-le-suv-le-plus-rapide-du-monde","status":"publish","type":"post","link":"https:\/\/www.carideal.com\/blog\/2009\/12\/14\/brabus-glk-v12-le-suv-le-plus-rapide-du-monde\/","title":{"rendered":"Brabus GLK V12 le suv le plus rapide du monde"},"content":{"rendered":"<p>&nbsp;<\/p>\n<h1><strong>Brabus GLK V12 le suv le plus rapide du monde<\/strong><\/h1>\n<p>Ca y est je crois qu'on a enfin trouv\u00e9 la voiture plaisir \u00e0 rouler on peut mettre maman, les gosses et le mat\u00e9riel dans le coffre<\/p>\n<p>C'est le SUV le plus rapide du monde\u00a0! ca va faire mal tr\u00e8s mal\u00a0! C'est la version m\u00e9ga Tun\u00e9 du Mercedes GLK V12 biturbo de Brabus qui dans un moment de trance a concoct\u00e9 un missile anti char de la route version 323 km\/heure !!! Vous avez bien lu 323 km \/h ya pas d'\u00e9rreur\u00a0! Le moteur provient de la banque d'organe de Mercedes, le V12 qui a \u00e9t\u00e9 r\u00e9al\u00e9s\u00e9 de 5.5 litres \u00e0 6.3 litres, et comme ca ne suffit pas\u00a0! Brabus y a rajout\u00e9 une paire de Turbo et plein d'autres trucs pour porter la puissance \u00e0 750 ch !!! et 1350 Nm \u00e0 2100 tr\/min c'est le couple d'un camion !!<br \/>\nLe GLK biturbo ruine le 0 \u00e0 100 km\/h en 4.2 sec, ce qui peut paraitre faible (OUAARRFF) au regard de sa boite de vitesse qui doit l'emmener \u00e0 323 km\/h, mais une meilleur preuve de ses performances qu'il nous tord le 0 \u00e0 200 km\/h en 12.8 secs !!!<br \/>\nMon dieux que ces chiffres sont lourd de cons\u00e9quence. Les consommations sont \u00e0 l'avenant\u00a0: entre 20 et 28 litres au 100 km.<br \/>\nLe prix est tout aussi mortel\u00a0: 472 430 \u20ac c'est 6 fois le prix d'un BMW X5.....qui se traine.......OOUUUFFF.<\/p>\n<p>Il parait que la Police de Copenhagen en a d\u00e9j\u00e0 command\u00e9 un pour faire des Burn out devant les manifestants ! LOL<\/p>\n","protected":false},"excerpt":{"rendered":"<p>&nbsp; Brabus GLK V12 le suv le plus rapide du monde Ca y est je crois qu&rsquo;on a enfin trouv\u00e9 la voiture plaisir \u00e0 rouler on peut mettre maman, les gosses et le mat\u00e9riel dans le coffre C&rsquo;est le SUV le plus rapide du monde\u00a0! ca va faire mal tr\u00e8s mal\u00a0! C&rsquo;est la version m\u00e9ga &#8230; <a title=\"Brabus GLK V12 le suv le plus rapide du monde\" class=\"read-more\" href=\"https:\/\/www.carideal.com\/blog\/2009\/12\/14\/brabus-glk-v12-le-suv-le-plus-rapide-du-monde\/\" aria-label=\"En savoir plus sur Brabus GLK V12 le suv le plus rapide du monde\">Lire plus<\/a><\/p>\n","protected":false},"author":1,"featured_media":0,"comment_status":"open","ping_status":"open","sticky":false,"template":"","format":"standard","meta":{"_uag_custom_page_level_css":"","_themeisle_gutenberg_block_has_review":false,"footnotes":""},"categories":[17],"tags":[4685,2634],"class_list":["post-1785","post","type-post","status-publish","format-standard","hentry","category-tuning","tag-brabus","tag-v12"],"wppr_data":[],"yoast_head":"<!-- This site is optimized with the Yoast SEO plugin v24.8.1 - https:\/\/yoast.com\/wordpress\/plugins\/seo\/ -->\n<title>Brabus GLK V12 le suv le plus rapide du monde - Blog auto Carid\u00e9al<\/title>\n<meta name=\"robots\" content=\"index, follow, max-snippet:-1, max-image-preview:large, max-video-preview:-1\" \/>\n<link rel=\"canonical\" href=\"https:\/\/www.carideal.com\/blog\/2009\/12\/14\/brabus-glk-v12-le-suv-le-plus-rapide-du-monde\/\" \/>\n<meta property=\"og:locale\" content=\"fr_FR\" \/>\n<meta property=\"og:type\" content=\"article\" \/>\n<meta property=\"og:title\" content=\"Brabus GLK V12 le suv le plus rapide du monde - Blog auto Carid\u00e9al\" \/>\n<meta property=\"og:description\" content=\"&nbsp; Brabus GLK V12 le suv le plus rapide du monde Ca y est je crois qu&#039;on a enfin trouv\u00e9 la voiture plaisir \u00e0 rouler on peut mettre maman, les gosses et le mat\u00e9riel dans le coffre C&#039;est le SUV le plus rapide du monde\u00a0! ca va faire mal tr\u00e8s mal\u00a0! C&#039;est la version m\u00e9ga ... Lire plus\" \/>\n<meta property=\"og:url\" content=\"https:\/\/www.carideal.com\/blog\/2009\/12\/14\/brabus-glk-v12-le-suv-le-plus-rapide-du-monde\/\" \/>\n<meta property=\"og:site_name\" content=\"Blog auto Carid\u00e9al\" \/>\n<meta property=\"article:publisher\" content=\"https:\/\/www.facebook.com\/Carideal.mandataire.automobile\" \/>\n<meta property=\"article:author\" content=\"https:\/\/www.facebook.com\/Carideal.mandataire.automobile\/\" \/>\n<meta property=\"article:published_time\" content=\"2009-12-14T17:50:00+00:00\" \/>\n<meta property=\"article:modified_time\" content=\"2016-10-15T16:35:16+00:00\" \/>\n<meta property=\"og:image\" content=\"https:\/\/www.carideal.com\/blog\/wp-content\/uploads\/2016\/03\/logo-carideal-mandataire-automobile.png\" \/>\n\t<meta property=\"og:image:width\" content=\"300\" \/>\n\t<meta property=\"og:image:height\" content=\"300\" \/>\n\t<meta property=\"og:image:type\" content=\"image\/png\" \/>\n<meta name=\"author\" content=\"N.S Carideal\" \/>\n<meta name=\"twitter:card\" content=\"summary_large_image\" \/>\n<meta name=\"twitter:creator\" content=\"@caridealauto\" \/>\n<meta name=\"twitter:site\" content=\"@caridealauto\" \/>\n<meta name=\"twitter:label1\" content=\"\u00c9crit par\" \/>\n\t<meta name=\"twitter:data1\" content=\"N.S Carideal\" \/>\n\t<meta name=\"twitter:label2\" content=\"Dur\u00e9e de lecture estim\u00e9e\" \/>\n\t<meta name=\"twitter:data2\" content=\"1 minute\" \/>\n<script type=\"application\/ld+json\" class=\"yoast-schema-graph\">{\"@context\":\"https:\/\/schema.org\",\"@graph\":[{\"@type\":\"Article\",\"@id\":\"https:\/\/www.carideal.com\/blog\/2009\/12\/14\/brabus-glk-v12-le-suv-le-plus-rapide-du-monde\/#article\",\"isPartOf\":{\"@id\":\"https:\/\/www.carideal.com\/blog\/2009\/12\/14\/brabus-glk-v12-le-suv-le-plus-rapide-du-monde\/\"},\"author\":{\"name\":\"N.S Carideal\",\"@id\":\"https:\/\/www.carideal.com\/blog\/#\/schema\/person\/985c7e757d1042d647f21bfaf8d41ebc\"},\"headline\":\"Brabus GLK V12 le suv le plus rapide du monde\",\"datePublished\":\"2009-12-14T17:50:00+00:00\",\"dateModified\":\"2016-10-15T16:35:16+00:00\",\"mainEntityOfPage\":{\"@id\":\"https:\/\/www.carideal.com\/blog\/2009\/12\/14\/brabus-glk-v12-le-suv-le-plus-rapide-du-monde\/\"},\"wordCount\":255,\"commentCount\":0,\"publisher\":{\"@id\":\"https:\/\/www.carideal.com\/blog\/#organization\"},\"keywords\":[\"Brabus\",\"Moteur V12\"],\"articleSection\":[\"Tuning\"],\"inLanguage\":\"fr-FR\",\"potentialAction\":[{\"@type\":\"CommentAction\",\"name\":\"Comment\",\"target\":[\"https:\/\/www.carideal.com\/blog\/2009\/12\/14\/brabus-glk-v12-le-suv-le-plus-rapide-du-monde\/#respond\"]}]},{\"@type\":\"WebPage\",\"@id\":\"https:\/\/www.carideal.com\/blog\/2009\/12\/14\/brabus-glk-v12-le-suv-le-plus-rapide-du-monde\/\",\"url\":\"https:\/\/www.carideal.com\/blog\/2009\/12\/14\/brabus-glk-v12-le-suv-le-plus-rapide-du-monde\/\",\"name\":\"Brabus GLK V12 le suv le plus rapide du monde - Blog auto Carid\u00e9al\",\"isPartOf\":{\"@id\":\"https:\/\/www.carideal.com\/blog\/#website\"},\"datePublished\":\"2009-12-14T17:50:00+00:00\",\"dateModified\":\"2016-10-15T16:35:16+00:00\",\"breadcrumb\":{\"@id\":\"https:\/\/www.carideal.com\/blog\/2009\/12\/14\/brabus-glk-v12-le-suv-le-plus-rapide-du-monde\/#breadcrumb\"},\"inLanguage\":\"fr-FR\",\"potentialAction\":[{\"@type\":\"ReadAction\",\"target\":[\"https:\/\/www.carideal.com\/blog\/2009\/12\/14\/brabus-glk-v12-le-suv-le-plus-rapide-du-monde\/\"]}]},{\"@type\":\"BreadcrumbList\",\"@id\":\"https:\/\/www.carideal.com\/blog\/2009\/12\/14\/brabus-glk-v12-le-suv-le-plus-rapide-du-monde\/#breadcrumb\",\"itemListElement\":[{\"@type\":\"ListItem\",\"position\":1,\"name\":\"Blog Carid\u00e9al\",\"item\":\"https:\/\/www.carideal.com\/blog\/\"},{\"@type\":\"ListItem\",\"position\":2,\"name\":\"Type de v\u00e9hicule\",\"item\":\"https:\/\/www.carideal.com\/blog\/type-de-vehicule\/\"},{\"@type\":\"ListItem\",\"position\":3,\"name\":\"Tuning\",\"item\":\"https:\/\/www.carideal.com\/blog\/type-de-vehicule\/tuning\/\"},{\"@type\":\"ListItem\",\"position\":4,\"name\":\"Brabus GLK V12 le suv le plus rapide du monde\"}]},{\"@type\":\"WebSite\",\"@id\":\"https:\/\/www.carideal.com\/blog\/#website\",\"url\":\"https:\/\/www.carideal.com\/blog\/\",\"name\":\"Blog auto Carid\u00e9al\",\"description\":\"Actualit\u00e9 auto par des passionn\u00e9s\",\"publisher\":{\"@id\":\"https:\/\/www.carideal.com\/blog\/#organization\"},\"potentialAction\":[{\"@type\":\"SearchAction\",\"target\":{\"@type\":\"EntryPoint\",\"urlTemplate\":\"https:\/\/www.carideal.com\/blog\/?s={search_term_string}\"},\"query-input\":{\"@type\":\"PropertyValueSpecification\",\"valueRequired\":true,\"valueName\":\"search_term_string\"}}],\"inLanguage\":\"fr-FR\"},{\"@type\":\"Organization\",\"@id\":\"https:\/\/www.carideal.com\/blog\/#organization\",\"name\":\"Carideal\",\"url\":\"https:\/\/www.carideal.com\/blog\/\",\"logo\":{\"@type\":\"ImageObject\",\"inLanguage\":\"fr-FR\",\"@id\":\"https:\/\/www.carideal.com\/blog\/#\/schema\/logo\/image\/\",\"url\":\"http:\/\/www.carideal.com\/blog\/wp-content\/uploads\/2016\/03\/logo-carideal-mandataire-automobile.png\",\"contentUrl\":\"http:\/\/www.carideal.com\/blog\/wp-content\/uploads\/2016\/03\/logo-carideal-mandataire-automobile.png\",\"width\":300,\"height\":300,\"caption\":\"Carideal\"},\"image\":{\"@id\":\"https:\/\/www.carideal.com\/blog\/#\/schema\/logo\/image\/\"},\"sameAs\":[\"https:\/\/www.facebook.com\/Carideal.mandataire.automobile\",\"https:\/\/x.com\/caridealauto\",\"https:\/\/www.instagram.com\/carideal1\/\",\"https:\/\/www.linkedin.com\/company\/carideal.com\",\"https:\/\/fr.pinterest.com\/schiavonsas\/\",\"https:\/\/www.youtube.com\/user\/caridealsas\"]},{\"@type\":\"Person\",\"@id\":\"https:\/\/www.carideal.com\/blog\/#\/schema\/person\/985c7e757d1042d647f21bfaf8d41ebc\",\"name\":\"N.S Carideal\",\"image\":{\"@type\":\"ImageObject\",\"inLanguage\":\"fr-FR\",\"@id\":\"https:\/\/www.carideal.com\/blog\/#\/schema\/person\/image\/\",\"url\":\"https:\/\/secure.gravatar.com\/avatar\/edb7ccdf1a4e3d14aef967760d354d0e?s=96&r=g\",\"contentUrl\":\"https:\/\/secure.gravatar.com\/avatar\/edb7ccdf1a4e3d14aef967760d354d0e?s=96&r=g\",\"caption\":\"N.S Carideal\"},\"description\":\"Depuis tout petit fan d'automobile. Il est question d'essayer et de comparer toutes ces voitures qui nous ont fait r\u00e9ver, avant que celles-ci ne devient uniquement des voitures de collection.\",\"sameAs\":[\"http:\/\/www.carideal.com\/blog\",\"https:\/\/www.facebook.com\/Carideal.mandataire.automobile\/\",\"https:\/\/www.linkedin.com\/in\/nschiavon\/\",\"https:\/\/www.youtube.com\/user\/caridealsas\/\"],\"url\":\"https:\/\/www.carideal.com\/blog\/author\/admin_carideal\/\"}]}<\/script>\n<!-- \/ Yoast SEO plugin. -->","yoast_head_json":{"title":"Brabus GLK V12 le suv le plus rapide du monde - Blog auto Carid\u00e9al","robots":{"index":"index","follow":"follow","max-snippet":"max-snippet:-1","max-image-preview":"max-image-preview:large","max-video-preview":"max-video-preview:-1"},"canonical":"https:\/\/www.carideal.com\/blog\/2009\/12\/14\/brabus-glk-v12-le-suv-le-plus-rapide-du-monde\/","og_locale":"fr_FR","og_type":"article","og_title":"Brabus GLK V12 le suv le plus rapide du monde - Blog auto Carid\u00e9al","og_description":"&nbsp; Brabus GLK V12 le suv le plus rapide du monde Ca y est je crois qu'on a enfin trouv\u00e9 la voiture plaisir \u00e0 rouler on peut mettre maman, les gosses et le mat\u00e9riel dans le coffre C'est le SUV le plus rapide du monde\u00a0! ca va faire mal tr\u00e8s mal\u00a0! C'est la version m\u00e9ga ... Lire plus","og_url":"https:\/\/www.carideal.com\/blog\/2009\/12\/14\/brabus-glk-v12-le-suv-le-plus-rapide-du-monde\/","og_site_name":"Blog auto Carid\u00e9al","article_publisher":"https:\/\/www.facebook.com\/Carideal.mandataire.automobile","article_author":"https:\/\/www.facebook.com\/Carideal.mandataire.automobile\/","article_published_time":"2009-12-14T17:50:00+00:00","article_modified_time":"2016-10-15T16:35:16+00:00","og_image":[{"width":300,"height":300,"url":"https:\/\/www.carideal.com\/blog\/wp-content\/uploads\/2016\/03\/logo-carideal-mandataire-automobile.png","type":"image\/png"}],"author":"N.S Carideal","twitter_card":"summary_large_image","twitter_creator":"@caridealauto","twitter_site":"@caridealauto","twitter_misc":{"\u00c9crit par":"N.S Carideal","Dur\u00e9e de lecture estim\u00e9e":"1 minute"},"schema":{"@context":"https:\/\/schema.org","@graph":[{"@type":"Article","@id":"https:\/\/www.carideal.com\/blog\/2009\/12\/14\/brabus-glk-v12-le-suv-le-plus-rapide-du-monde\/#article","isPartOf":{"@id":"https:\/\/www.carideal.com\/blog\/2009\/12\/14\/brabus-glk-v12-le-suv-le-plus-rapide-du-monde\/"},"author":{"name":"N.S Carideal","@id":"https:\/\/www.carideal.com\/blog\/#\/schema\/person\/985c7e757d1042d647f21bfaf8d41ebc"},"headline":"Brabus GLK V12 le suv le plus rapide du monde","datePublished":"2009-12-14T17:50:00+00:00","dateModified":"2016-10-15T16:35:16+00:00","mainEntityOfPage":{"@id":"https:\/\/www.carideal.com\/blog\/2009\/12\/14\/brabus-glk-v12-le-suv-le-plus-rapide-du-monde\/"},"wordCount":255,"commentCount":0,"publisher":{"@id":"https:\/\/www.carideal.com\/blog\/#organization"},"keywords":["Brabus","Moteur V12"],"articleSection":["Tuning"],"inLanguage":"fr-FR","potentialAction":[{"@type":"CommentAction","name":"Comment","target":["https:\/\/www.carideal.com\/blog\/2009\/12\/14\/brabus-glk-v12-le-suv-le-plus-rapide-du-monde\/#respond"]}]},{"@type":"WebPage","@id":"https:\/\/www.carideal.com\/blog\/2009\/12\/14\/brabus-glk-v12-le-suv-le-plus-rapide-du-monde\/","url":"https:\/\/www.carideal.com\/blog\/2009\/12\/14\/brabus-glk-v12-le-suv-le-plus-rapide-du-monde\/","name":"Brabus GLK V12 le suv le plus rapide du monde - Blog auto Carid\u00e9al","isPartOf":{"@id":"https:\/\/www.carideal.com\/blog\/#website"},"datePublished":"2009-12-14T17:50:00+00:00","dateModified":"2016-10-15T16:35:16+00:00","breadcrumb":{"@id":"https:\/\/www.carideal.com\/blog\/2009\/12\/14\/brabus-glk-v12-le-suv-le-plus-rapide-du-monde\/#breadcrumb"},"inLanguage":"fr-FR","potentialAction":[{"@type":"ReadAction","target":["https:\/\/www.carideal.com\/blog\/2009\/12\/14\/brabus-glk-v12-le-suv-le-plus-rapide-du-monde\/"]}]},{"@type":"BreadcrumbList","@id":"https:\/\/www.carideal.com\/blog\/2009\/12\/14\/brabus-glk-v12-le-suv-le-plus-rapide-du-monde\/#breadcrumb","itemListElement":[{"@type":"ListItem","position":1,"name":"Blog Carid\u00e9al","item":"https:\/\/www.carideal.com\/blog\/"},{"@type":"ListItem","position":2,"name":"Type de v\u00e9hicule","item":"https:\/\/www.carideal.com\/blog\/type-de-vehicule\/"},{"@type":"ListItem","position":3,"name":"Tuning","item":"https:\/\/www.carideal.com\/blog\/type-de-vehicule\/tuning\/"},{"@type":"ListItem","position":4,"name":"Brabus GLK V12 le suv le plus rapide du monde"}]},{"@type":"WebSite","@id":"https:\/\/www.carideal.com\/blog\/#website","url":"https:\/\/www.carideal.com\/blog\/","name":"Blog auto Carid\u00e9al","description":"Actualit\u00e9 auto par des passionn\u00e9s","publisher":{"@id":"https:\/\/www.carideal.com\/blog\/#organization"},"potentialAction":[{"@type":"SearchAction","target":{"@type":"EntryPoint","urlTemplate":"https:\/\/www.carideal.com\/blog\/?s={search_term_string}"},"query-input":{"@type":"PropertyValueSpecification","valueRequired":true,"valueName":"search_term_string"}}],"inLanguage":"fr-FR"},{"@type":"Organization","@id":"https:\/\/www.carideal.com\/blog\/#organization","name":"Carideal","url":"https:\/\/www.carideal.com\/blog\/","logo":{"@type":"ImageObject","inLanguage":"fr-FR","@id":"https:\/\/www.carideal.com\/blog\/#\/schema\/logo\/image\/","url":"http:\/\/www.carideal.com\/blog\/wp-content\/uploads\/2016\/03\/logo-carideal-mandataire-automobile.png","contentUrl":"http:\/\/www.carideal.com\/blog\/wp-content\/uploads\/2016\/03\/logo-carideal-mandataire-automobile.png","width":300,"height":300,"caption":"Carideal"},"image":{"@id":"https:\/\/www.carideal.com\/blog\/#\/schema\/logo\/image\/"},"sameAs":["https:\/\/www.facebook.com\/Carideal.mandataire.automobile","https:\/\/x.com\/caridealauto","https:\/\/www.instagram.com\/carideal1\/","https:\/\/www.linkedin.com\/company\/carideal.com","https:\/\/fr.pinterest.com\/schiavonsas\/","https:\/\/www.youtube.com\/user\/caridealsas"]},{"@type":"Person","@id":"https:\/\/www.carideal.com\/blog\/#\/schema\/person\/985c7e757d1042d647f21bfaf8d41ebc","name":"N.S Carideal","image":{"@type":"ImageObject","inLanguage":"fr-FR","@id":"https:\/\/www.carideal.com\/blog\/#\/schema\/person\/image\/","url":"https:\/\/secure.gravatar.com\/avatar\/edb7ccdf1a4e3d14aef967760d354d0e?s=96&r=g","contentUrl":"https:\/\/secure.gravatar.com\/avatar\/edb7ccdf1a4e3d14aef967760d354d0e?s=96&r=g","caption":"N.S Carideal"},"description":"Depuis tout petit fan d'automobile. Il est question d'essayer et de comparer toutes ces voitures qui nous ont fait r\u00e9ver, avant que celles-ci ne devient uniquement des voitures de collection.","sameAs":["http:\/\/www.carideal.com\/blog","https:\/\/www.facebook.com\/Carideal.mandataire.automobile\/","https:\/\/www.linkedin.com\/in\/nschiavon\/","https:\/\/www.youtube.com\/user\/caridealsas\/"],"url":"https:\/\/www.carideal.com\/blog\/author\/admin_carideal\/"}]}},"uagb_featured_image_src":{"full":false,"thumbnail":false,"medium":false,"medium_large":false,"large":false,"1536x1536":false,"2048x2048":false,"wppr-widget":false},"uagb_author_info":{"display_name":"N.S Carideal","author_link":"https:\/\/www.carideal.com\/blog\/author\/admin_carideal\/"},"uagb_comment_info":0,"uagb_excerpt":"&nbsp; Brabus GLK V12 le suv le plus rapide du monde Ca y est je crois qu'on a enfin trouv\u00e9 la voiture plaisir \u00e0 rouler on peut mettre maman, les gosses et le mat\u00e9riel dans le coffre C'est le SUV le plus rapide du monde\u00a0! ca va faire mal tr\u00e8s mal\u00a0! C'est la version m\u00e9ga\u2026","_links":{"self":[{"href":"https:\/\/www.carideal.com\/blog\/wp-json\/wp\/v2\/posts\/1785"}],"collection":[{"href":"https:\/\/www.carideal.com\/blog\/wp-json\/wp\/v2\/posts"}],"about":[{"href":"https:\/\/www.carideal.com\/blog\/wp-json\/wp\/v2\/types\/post"}],"author":[{"embeddable":true,"href":"https:\/\/www.carideal.com\/blog\/wp-json\/wp\/v2\/users\/1"}],"replies":[{"embeddable":true,"href":"https:\/\/www.carideal.com\/blog\/wp-json\/wp\/v2\/comments?post=1785"}],"version-history":[{"count":0,"href":"https:\/\/www.carideal.com\/blog\/wp-json\/wp\/v2\/posts\/1785\/revisions"}],"wp:attachment":[{"href":"https:\/\/www.carideal.com\/blog\/wp-json\/wp\/v2\/media?parent=1785"}],"wp:term":[{"taxonomy":"category","embeddable":true,"href":"https:\/\/www.carideal.com\/blog\/wp-json\/wp\/v2\/categories?post=1785"},{"taxonomy":"post_tag","embeddable":true,"href":"https:\/\/www.carideal.com\/blog\/wp-json\/wp\/v2\/tags?post=1785"}],"curies":[{"name":"wp","href":"https:\/\/api.w.org\/{rel}","templated":true}]}}