{"id":1779,"date":"2014-01-14T16:11:00","date_gmt":"2014-01-14T16:11:00","guid":{"rendered":"http:\/\/carideal.com\/blog\/?p=1779"},"modified":"2019-01-25T12:10:03","modified_gmt":"2019-01-25T11:10:03","slug":"dakar-teaser-etape-7","status":"publish","type":"post","link":"https:\/\/www.carideal.com\/blog\/2014\/01\/14\/dakar-teaser-etape-7\/","title":{"rendered":"Dakar 2014 Etape 7 &#038; Teaser"},"content":{"rendered":"<p>&nbsp;<\/p>\n<h1><strong>R\u00e9sum\u00e9 de l'\u00e9tape 7 du Rallye Dakar 2014<\/strong><\/h1>\n<p><strong>Le Teaser du Rallye Dakar 2014 avec le r\u00e9sum\u00e9 de l'\u00e9tape 7<\/strong> avec la visite de notre Champion du monde national <a href=\"http:\/\/www.carideal.com\/blog\/2016\/01\/07\/troisieme-victoire-de-sebastien-loeb-dakar\/\">S\u00e9bastien Loeb<\/a> qui se laisserait bien tent\u00e9 par l'aventure quand m\u00eame.<\/p>\n<p>\u00c0 ce jour, tous les pilotes ont eu la chance de profiter pleinement de la \u00abjourn\u00e9e de repos\u00bb et de r\u00e9cup\u00e9rer un repos bien m\u00e9rit\u00e9 pour la seconde moiti\u00e9 du rallye Dakar 2014. En plus de se reposer un peu, les \u00e9quipes et les \u00e9quipages ont r\u00e9ussi \u00e0 se concentrer sur une journ\u00e9e de course et \u00e0 se concentrer sur le v\u00e9hicule de course et la strat\u00e9gie globale du rallye. L\u2019Am\u00e9ricain Robby Gordon a non seulement pass\u00e9 sa \u00abjourn\u00e9e de repos\u00bb \u00e0 se d\u00e9tendre et \u00e0 \u00e9laborer des strat\u00e9gies pour le reste du rallye, mais il a pass\u00e9 la majeure partie de son temps \u00e0 chercher une solution au probl\u00e8me de refroidissement qui a \u00e9t\u00e9 le talon d\u2019achille de la TVH Gordini. Gordon et son \u00e9quipe ont retir\u00e9 le syst\u00e8me de refroidissement de l'arri\u00e8re de la voiture et l'ont repositionn\u00e9 \u00e0 l'avant de la voiture (comme en 2013, Speed \u200b\u200bEnergy Hummer). En ce qui concerne le Monster Energy Xraid Mini, une pr\u00e9paration normale suffirait pour une journ\u00e9e de repos. Les Xraid Mini n\u2019ont rien eu de catastrophique \u00e0 leur voiture et les pannes m\u00e9caniques ont \u00e9t\u00e9 minimes; un v\u00e9ritable t\u00e9moignage de la pr\u00e9paration de Xraid.<\/p>\n<p><iframe loading=\"lazy\" src=\"\/\/www.youtube.com\/embed\/wOTpgB41GFw?list=PLSmCFH46WIXYg09oebOFPebgBpYtB-4Bi\" width=\"560\" height=\"315\" frameborder=\"0\" allowfullscreen=\"allowfullscreen\"><\/iframe><\/p>\n<p>\u00c0 l'\u00e9tape 7, les voitures et les camions empruntaient un itin\u00e9raire diff\u00e9rent de celui des motos et des quads. Les \u00e9tapes 7 et 8 sont des \u00e9tapes marathon r\u00e9serv\u00e9es aux motos et quads. Il serait donc particuli\u00e8rement important aujourd'hui de conserver l'\u00e9quipement. Les voitures et les camions conna\u00eetront des routes techniques tr\u00e8s rocailleuses dans la premi\u00e8re partie de l\u2019\u00e9tape, puis \u00e9volueront vers des routes de rallye \u00e0 tr\u00e8s grande vitesse et se termineront sur 20 km \u00e0 travers un lac sal\u00e9 et sec. Avec une sp\u00e9ciale de 533 km, la \u00abm\u00e9ga boucle\u00bb d\u2019aujourd\u2019hui s\u2019av\u00e9rera \u00eatre tout \u00e0 fait \u00e0 l\u2019\u00e9preuve.<\/p>\n<p>Apr\u00e8s avoir reconfigur\u00e9 la HST Gordini, Gordon a cherch\u00e9 \u00e0 faire un bon parcours dans la 7e \u00e9tape. Malheureusement, \u00e0 peu pr\u00e8s \u00e0 281 km de la sp\u00e9ciale, Gordon a \u00e9t\u00e9 arr\u00eat\u00e9 pendant plus de 20 minutes avec un probl\u00e8me inconnu, mais on ne peut que le croire en partie d\u00fb \u00e0 certains des changements apport\u00e9s le jour de repos.<\/p>\n<p>6 des Monster Energy Xraid Mini finiraient dans les 7 premi\u00e8res positions, ce qui ne peut \u00eatre qualifi\u00e9 que de domination totale. Nani Roma cherchait \u00e0 renforcer son avance sur \u201cM. Dakar\u201d <a href=\"http:\/\/www.carideal.com\/blog\/2017\/01\/17\/peterhansel-admet-que-sa-victoire-est-du-a-lexperience\/\">Stephane Peterhansel<\/a> \u00e0 la septi\u00e8me \u00e9tape, mais malheureusement pour Roma ce serait El Matador Carlos Sainz qui traquerait les Mini. Nani Roma finissait la 7\u00e8me \u00e9tape \u00e0 la 4\u00e8me place, juste derri\u00e8re Sephane Peterhansel, gagnant quelques minutes suppl\u00e9mentaires le long de la course. Sainz a dirig\u00e9 toute la sp\u00e9ciale aujourd'hui, laissant le Qatarien Nasser Al-Attiyah se contenter de la 2e place.<\/p>\n<p><iframe loading=\"lazy\" src=\"\/\/www.youtube.com\/embed\/ZJN6ex1P3A4?list=PLSmCFH46WIXYg09oebOFPebgBpYtB-4Bi\" width=\"560\" height=\"315\" frameborder=\"0\" allowfullscreen=\"allowfullscreen\"><\/iframe><\/p>\n<p>Bien que hors de la course au titre, les pilotes am\u00e9ricains \"Ballistic\" BJ Baldwin ont termin\u00e9 l'\u00e9tape en 31e position et ont r\u00e9ussi \u00e0 se constituer une solide course malgr\u00e9 le fait qu'ils aient \u00e9t\u00e9 tenus \u00e0 des kilom\u00e8tres par un autre coureur de cat\u00e9gorie moyenne.<\/p>\n<p>Matt Campbell est toujours dans la course, mais avec une p\u00e9nalit\u00e9 lourde de plus de 13 heures pour les points manquants ou pour ne pas avoir termin\u00e9 les \u00e9tapes pr\u00e9c\u00e9dentes dans les d\u00e9lais impartis. Ils ont termin\u00e9 presque une heure devant Robby Gordon aujourd'hui, ce qui pourrait \u00eatre consid\u00e9r\u00e9 comme un certain niveau de victoire pour battre un vainqueur de la Baja \u00e0 plusieurs reprises.<\/p>\n<p>Avec l\u2019arriv\u00e9e solide de Roma sur la sp\u00e9ciale d\u2019aujourd\u2019hui, il reste 31 minutes devant St\u00e9phane Peterhansel en t\u00eate du classement g\u00e9n\u00e9ral, mais ce n\u2019est pas encore fini, ce n\u2019est que le d\u00e9but.<\/p>\n<p>Comme mentionn\u00e9 pr\u00e9c\u00e9demment, les motos et les quads empruntaient un itin\u00e9raire diff\u00e9rent de celui des voitures et des camions de la septi\u00e8me \u00e9tape et les parcours ne pourraient pas \u00eatre plus diff\u00e9rents les uns des autres si vous aviez essay\u00e9. Les v\u00e9los et les quads \u00e9taient plac\u00e9s sur une route d'arbres tortueux et tordus et de pistes \u00e0 voie unique en hauteur dans les montagnes et oblig\u00e9s de conserver leur \u00e9quipement pour la poursuite de l'\u00e9tape marathon de demain.<\/p>\n<p>Dans l'\u00e9tape 7 du Dakar 2014, les leaders de la cat\u00e9gorie motos n\u2019ont eu aucune difficult\u00e9, mais Joan Barreda Bort, tr\u00e8s forte en course, a compl\u00e8tement choqu\u00e9 et impressionn\u00e9 le monde des rallyes sur sa Honda HRC. Les pilotes habituels, Marc Coma et Cyril Despres, \u00e9taient les grands favoris du rallye Dakar 2014 et tr\u00e8s peu ne pr\u00e9ssentait Bort, sans parler de la possibilit\u00e9 qu'une Honda l'emporte. Apr\u00e8s la septi\u00e8me \u00e9tape, Marc Coma a pu conserver son avantage sur l'Espagnol Joan Barreda Bort apr\u00e8s sa victoire dans la septi\u00e8me \u00e9tape, mais Coma perdrait 4 minutes suppl\u00e9mentaires en tout. Cette course est loin d\u2019\u00eatre termin\u00e9e et bien que 38 minutes soit beaucoup \u00e0 rattraper, tout peut arriver. Le champion 2013, Cyril Despres, aurait pu trouver le chemin du podium de la septi\u00e8me \u00e9tape, mais c'\u00e9tait sans compter perdre une fois de plus du temps pour la t\u00eate du classement g\u00e9n\u00e9ral. Pour Despres, les chances d'une victoire sur le Dakar en 2014 sont faibles. Despres occupe la 10e place du classement g\u00e9n\u00e9ral et pr\u00e8s de deux heures et demie de retard sur son ancien co\u00e9quipier Marc Coma.<\/p>\n","protected":false},"excerpt":{"rendered":"<p>&nbsp; R\u00e9sum\u00e9 de l&rsquo;\u00e9tape 7 du Rallye Dakar 2014 Le Teaser du Rallye Dakar 2014 avec le r\u00e9sum\u00e9 de l&rsquo;\u00e9tape 7 avec la visite de notre Champion du monde national S\u00e9bastien Loeb qui se laisserait bien tent\u00e9 par l&rsquo;aventure quand m\u00eame. \u00c0 ce jour, tous les pilotes ont eu la chance de profiter pleinement de &#8230; <a title=\"Dakar 2014 Etape 7 &#038; Teaser\" class=\"read-more\" href=\"https:\/\/www.carideal.com\/blog\/2014\/01\/14\/dakar-teaser-etape-7\/\" aria-label=\"En savoir plus sur Dakar 2014 Etape 7 &#038; Teaser\">Lire plus<\/a><\/p>\n","protected":false},"author":1,"featured_media":18353,"comment_status":"open","ping_status":"open","sticky":false,"template":"","format":"standard","meta":{"_uag_custom_page_level_css":"","_themeisle_gutenberg_block_has_review":false,"footnotes":""},"categories":[6043,16,18],"tags":[1284,6049],"class_list":["post-1779","post","type-post","status-publish","format-standard","has-post-thumbnail","hentry","category-dakar","category-sport-auto","category-videos","tag-sebastien-loeb","tag-stephane-peterhansel"],"wppr_data":{"cwp_meta_box_check":"No"},"yoast_head":"<!-- This site is optimized with the Yoast SEO plugin v24.8.1 - https:\/\/yoast.com\/wordpress\/plugins\/seo\/ -->\n<title>Dakar 2014 Etape 7 &amp; Teaser - Blog auto Carid\u00e9al<\/title>\n<meta name=\"description\" content=\"R\u00e9sum\u00e9 de l&#039;\u00e9pape 7 du Dakar 2014 avec la visite impromptu de S\u00e9bastien Loeb. Tout le monde a profit\u00e9 de la journ\u00e9e de repos pour ...se reposer et travailler sur sa monture.\" \/>\n<meta name=\"robots\" content=\"index, follow, max-snippet:-1, max-image-preview:large, max-video-preview:-1\" \/>\n<link rel=\"canonical\" href=\"https:\/\/www.carideal.com\/blog\/2014\/01\/14\/dakar-teaser-etape-7\/\" \/>\n<meta property=\"og:locale\" content=\"fr_FR\" \/>\n<meta property=\"og:type\" content=\"article\" \/>\n<meta property=\"og:title\" content=\"Dakar 2014 Etape 7 &amp; Teaser - Blog auto Carid\u00e9al\" \/>\n<meta property=\"og:description\" content=\"R\u00e9sum\u00e9 de l&#039;\u00e9pape 7 du Dakar 2014 avec la visite impromptu de S\u00e9bastien Loeb. Tout le monde a profit\u00e9 de la journ\u00e9e de repos pour ...se reposer et travailler sur sa monture.\" \/>\n<meta property=\"og:url\" content=\"https:\/\/www.carideal.com\/blog\/2014\/01\/14\/dakar-teaser-etape-7\/\" \/>\n<meta property=\"og:site_name\" content=\"Blog auto Carid\u00e9al\" \/>\n<meta property=\"article:publisher\" content=\"https:\/\/www.facebook.com\/Carideal.mandataire.automobile\" \/>\n<meta property=\"article:author\" content=\"https:\/\/www.facebook.com\/Carideal.mandataire.automobile\/\" \/>\n<meta property=\"article:published_time\" content=\"2014-01-14T16:11:00+00:00\" \/>\n<meta property=\"article:modified_time\" content=\"2019-01-25T11:10:03+00:00\" \/>\n<meta property=\"og:image\" content=\"https:\/\/www.carideal.com\/blog\/wp-content\/uploads\/2014\/01\/dakar-2014-carideal-mandataire-automobile_m.jpg\" \/>\n\t<meta property=\"og:image:width\" content=\"448\" \/>\n\t<meta property=\"og:image:height\" content=\"349\" \/>\n\t<meta property=\"og:image:type\" content=\"image\/jpeg\" \/>\n<meta name=\"author\" content=\"N.S Carideal\" \/>\n<meta name=\"twitter:card\" content=\"summary_large_image\" \/>\n<meta name=\"twitter:creator\" content=\"@caridealauto\" \/>\n<meta name=\"twitter:site\" content=\"@caridealauto\" \/>\n<meta name=\"twitter:label1\" content=\"\u00c9crit par\" \/>\n\t<meta name=\"twitter:data1\" content=\"N.S Carideal\" \/>\n\t<meta name=\"twitter:label2\" content=\"Dur\u00e9e de lecture estim\u00e9e\" \/>\n\t<meta name=\"twitter:data2\" content=\"5 minutes\" \/>\n<script type=\"application\/ld+json\" class=\"yoast-schema-graph\">{\"@context\":\"https:\/\/schema.org\",\"@graph\":[{\"@type\":\"Article\",\"@id\":\"https:\/\/www.carideal.com\/blog\/2014\/01\/14\/dakar-teaser-etape-7\/#article\",\"isPartOf\":{\"@id\":\"https:\/\/www.carideal.com\/blog\/2014\/01\/14\/dakar-teaser-etape-7\/\"},\"author\":{\"name\":\"N.S Carideal\",\"@id\":\"https:\/\/www.carideal.com\/blog\/#\/schema\/person\/985c7e757d1042d647f21bfaf8d41ebc\"},\"headline\":\"Dakar 2014 Etape 7 &#038; Teaser\",\"datePublished\":\"2014-01-14T16:11:00+00:00\",\"dateModified\":\"2019-01-25T11:10:03+00:00\",\"mainEntityOfPage\":{\"@id\":\"https:\/\/www.carideal.com\/blog\/2014\/01\/14\/dakar-teaser-etape-7\/\"},\"wordCount\":965,\"commentCount\":0,\"publisher\":{\"@id\":\"https:\/\/www.carideal.com\/blog\/#organization\"},\"image\":{\"@id\":\"https:\/\/www.carideal.com\/blog\/2014\/01\/14\/dakar-teaser-etape-7\/#primaryimage\"},\"thumbnailUrl\":\"https:\/\/www.carideal.com\/blog\/wp-content\/uploads\/2014\/01\/dakar-2014-carideal-mandataire-automobile_m.jpg\",\"keywords\":[\"Sebastien Loeb Champion du monde\",\"Stephane Peterhansel\"],\"articleSection\":[\"Rallye Dakar\",\"Sport Automobile\",\"Vid\u00e9o voiture : vid\u00e9o automobile\"],\"inLanguage\":\"fr-FR\",\"potentialAction\":[{\"@type\":\"CommentAction\",\"name\":\"Comment\",\"target\":[\"https:\/\/www.carideal.com\/blog\/2014\/01\/14\/dakar-teaser-etape-7\/#respond\"]}]},{\"@type\":\"WebPage\",\"@id\":\"https:\/\/www.carideal.com\/blog\/2014\/01\/14\/dakar-teaser-etape-7\/\",\"url\":\"https:\/\/www.carideal.com\/blog\/2014\/01\/14\/dakar-teaser-etape-7\/\",\"name\":\"Dakar 2014 Etape 7 & Teaser - Blog auto Carid\u00e9al\",\"isPartOf\":{\"@id\":\"https:\/\/www.carideal.com\/blog\/#website\"},\"primaryImageOfPage\":{\"@id\":\"https:\/\/www.carideal.com\/blog\/2014\/01\/14\/dakar-teaser-etape-7\/#primaryimage\"},\"image\":{\"@id\":\"https:\/\/www.carideal.com\/blog\/2014\/01\/14\/dakar-teaser-etape-7\/#primaryimage\"},\"thumbnailUrl\":\"https:\/\/www.carideal.com\/blog\/wp-content\/uploads\/2014\/01\/dakar-2014-carideal-mandataire-automobile_m.jpg\",\"datePublished\":\"2014-01-14T16:11:00+00:00\",\"dateModified\":\"2019-01-25T11:10:03+00:00\",\"description\":\"R\u00e9sum\u00e9 de l'\u00e9pape 7 du Dakar 2014 avec la visite impromptu de S\u00e9bastien Loeb. Tout le monde a profit\u00e9 de la journ\u00e9e de repos pour ...se reposer et travailler sur sa monture.\",\"breadcrumb\":{\"@id\":\"https:\/\/www.carideal.com\/blog\/2014\/01\/14\/dakar-teaser-etape-7\/#breadcrumb\"},\"inLanguage\":\"fr-FR\",\"potentialAction\":[{\"@type\":\"ReadAction\",\"target\":[\"https:\/\/www.carideal.com\/blog\/2014\/01\/14\/dakar-teaser-etape-7\/\"]}]},{\"@type\":\"ImageObject\",\"inLanguage\":\"fr-FR\",\"@id\":\"https:\/\/www.carideal.com\/blog\/2014\/01\/14\/dakar-teaser-etape-7\/#primaryimage\",\"url\":\"https:\/\/www.carideal.com\/blog\/wp-content\/uploads\/2014\/01\/dakar-2014-carideal-mandataire-automobile_m.jpg\",\"contentUrl\":\"https:\/\/www.carideal.com\/blog\/wp-content\/uploads\/2014\/01\/dakar-2014-carideal-mandataire-automobile_m.jpg\",\"width\":448,\"height\":349,\"caption\":\"Dakar 2014 Etape 7 & Teaser\"},{\"@type\":\"BreadcrumbList\",\"@id\":\"https:\/\/www.carideal.com\/blog\/2014\/01\/14\/dakar-teaser-etape-7\/#breadcrumb\",\"itemListElement\":[{\"@type\":\"ListItem\",\"position\":1,\"name\":\"Blog Carid\u00e9al\",\"item\":\"https:\/\/www.carideal.com\/blog\/\"},{\"@type\":\"ListItem\",\"position\":2,\"name\":\"Sport Automobile\",\"item\":\"https:\/\/www.carideal.com\/blog\/sport-auto\/\"},{\"@type\":\"ListItem\",\"position\":3,\"name\":\"Rallye Dakar\",\"item\":\"https:\/\/www.carideal.com\/blog\/sport-auto\/dakar\/\"},{\"@type\":\"ListItem\",\"position\":4,\"name\":\"Dakar 2014 Etape 7 &#038; Teaser\"}]},{\"@type\":\"WebSite\",\"@id\":\"https:\/\/www.carideal.com\/blog\/#website\",\"url\":\"https:\/\/www.carideal.com\/blog\/\",\"name\":\"Blog auto Carid\u00e9al\",\"description\":\"Actualit\u00e9 auto par des passionn\u00e9s\",\"publisher\":{\"@id\":\"https:\/\/www.carideal.com\/blog\/#organization\"},\"potentialAction\":[{\"@type\":\"SearchAction\",\"target\":{\"@type\":\"EntryPoint\",\"urlTemplate\":\"https:\/\/www.carideal.com\/blog\/?s={search_term_string}\"},\"query-input\":{\"@type\":\"PropertyValueSpecification\",\"valueRequired\":true,\"valueName\":\"search_term_string\"}}],\"inLanguage\":\"fr-FR\"},{\"@type\":\"Organization\",\"@id\":\"https:\/\/www.carideal.com\/blog\/#organization\",\"name\":\"Carideal\",\"url\":\"https:\/\/www.carideal.com\/blog\/\",\"logo\":{\"@type\":\"ImageObject\",\"inLanguage\":\"fr-FR\",\"@id\":\"https:\/\/www.carideal.com\/blog\/#\/schema\/logo\/image\/\",\"url\":\"http:\/\/www.carideal.com\/blog\/wp-content\/uploads\/2016\/03\/logo-carideal-mandataire-automobile.png\",\"contentUrl\":\"http:\/\/www.carideal.com\/blog\/wp-content\/uploads\/2016\/03\/logo-carideal-mandataire-automobile.png\",\"width\":300,\"height\":300,\"caption\":\"Carideal\"},\"image\":{\"@id\":\"https:\/\/www.carideal.com\/blog\/#\/schema\/logo\/image\/\"},\"sameAs\":[\"https:\/\/www.facebook.com\/Carideal.mandataire.automobile\",\"https:\/\/x.com\/caridealauto\",\"https:\/\/www.instagram.com\/carideal1\/\",\"https:\/\/www.linkedin.com\/company\/carideal.com\",\"https:\/\/fr.pinterest.com\/schiavonsas\/\",\"https:\/\/www.youtube.com\/user\/caridealsas\"]},{\"@type\":\"Person\",\"@id\":\"https:\/\/www.carideal.com\/blog\/#\/schema\/person\/985c7e757d1042d647f21bfaf8d41ebc\",\"name\":\"N.S Carideal\",\"image\":{\"@type\":\"ImageObject\",\"inLanguage\":\"fr-FR\",\"@id\":\"https:\/\/www.carideal.com\/blog\/#\/schema\/person\/image\/\",\"url\":\"https:\/\/secure.gravatar.com\/avatar\/edb7ccdf1a4e3d14aef967760d354d0e?s=96&r=g\",\"contentUrl\":\"https:\/\/secure.gravatar.com\/avatar\/edb7ccdf1a4e3d14aef967760d354d0e?s=96&r=g\",\"caption\":\"N.S Carideal\"},\"description\":\"Depuis tout petit fan d'automobile. Il est question d'essayer et de comparer toutes ces voitures qui nous ont fait r\u00e9ver, avant que celles-ci ne devient uniquement des voitures de collection.\",\"sameAs\":[\"http:\/\/www.carideal.com\/blog\",\"https:\/\/www.facebook.com\/Carideal.mandataire.automobile\/\",\"https:\/\/www.linkedin.com\/in\/nschiavon\/\",\"https:\/\/www.youtube.com\/user\/caridealsas\/\"],\"url\":\"https:\/\/www.carideal.com\/blog\/author\/admin_carideal\/\"}]}<\/script>\n<!-- \/ Yoast SEO plugin. -->","yoast_head_json":{"title":"Dakar 2014 Etape 7 & Teaser - Blog auto Carid\u00e9al","description":"R\u00e9sum\u00e9 de l'\u00e9pape 7 du Dakar 2014 avec la visite impromptu de S\u00e9bastien Loeb. Tout le monde a profit\u00e9 de la journ\u00e9e de repos pour ...se reposer et travailler sur sa monture.","robots":{"index":"index","follow":"follow","max-snippet":"max-snippet:-1","max-image-preview":"max-image-preview:large","max-video-preview":"max-video-preview:-1"},"canonical":"https:\/\/www.carideal.com\/blog\/2014\/01\/14\/dakar-teaser-etape-7\/","og_locale":"fr_FR","og_type":"article","og_title":"Dakar 2014 Etape 7 & Teaser - Blog auto Carid\u00e9al","og_description":"R\u00e9sum\u00e9 de l'\u00e9pape 7 du Dakar 2014 avec la visite impromptu de S\u00e9bastien Loeb. Tout le monde a profit\u00e9 de la journ\u00e9e de repos pour ...se reposer et travailler sur sa monture.","og_url":"https:\/\/www.carideal.com\/blog\/2014\/01\/14\/dakar-teaser-etape-7\/","og_site_name":"Blog auto Carid\u00e9al","article_publisher":"https:\/\/www.facebook.com\/Carideal.mandataire.automobile","article_author":"https:\/\/www.facebook.com\/Carideal.mandataire.automobile\/","article_published_time":"2014-01-14T16:11:00+00:00","article_modified_time":"2019-01-25T11:10:03+00:00","og_image":[{"width":448,"height":349,"url":"https:\/\/www.carideal.com\/blog\/wp-content\/uploads\/2014\/01\/dakar-2014-carideal-mandataire-automobile_m.jpg","type":"image\/jpeg"}],"author":"N.S Carideal","twitter_card":"summary_large_image","twitter_creator":"@caridealauto","twitter_site":"@caridealauto","twitter_misc":{"\u00c9crit par":"N.S Carideal","Dur\u00e9e de lecture estim\u00e9e":"5 minutes"},"schema":{"@context":"https:\/\/schema.org","@graph":[{"@type":"Article","@id":"https:\/\/www.carideal.com\/blog\/2014\/01\/14\/dakar-teaser-etape-7\/#article","isPartOf":{"@id":"https:\/\/www.carideal.com\/blog\/2014\/01\/14\/dakar-teaser-etape-7\/"},"author":{"name":"N.S Carideal","@id":"https:\/\/www.carideal.com\/blog\/#\/schema\/person\/985c7e757d1042d647f21bfaf8d41ebc"},"headline":"Dakar 2014 Etape 7 &#038; Teaser","datePublished":"2014-01-14T16:11:00+00:00","dateModified":"2019-01-25T11:10:03+00:00","mainEntityOfPage":{"@id":"https:\/\/www.carideal.com\/blog\/2014\/01\/14\/dakar-teaser-etape-7\/"},"wordCount":965,"commentCount":0,"publisher":{"@id":"https:\/\/www.carideal.com\/blog\/#organization"},"image":{"@id":"https:\/\/www.carideal.com\/blog\/2014\/01\/14\/dakar-teaser-etape-7\/#primaryimage"},"thumbnailUrl":"https:\/\/www.carideal.com\/blog\/wp-content\/uploads\/2014\/01\/dakar-2014-carideal-mandataire-automobile_m.jpg","keywords":["Sebastien Loeb Champion du monde","Stephane Peterhansel"],"articleSection":["Rallye Dakar","Sport Automobile","Vid\u00e9o voiture : vid\u00e9o automobile"],"inLanguage":"fr-FR","potentialAction":[{"@type":"CommentAction","name":"Comment","target":["https:\/\/www.carideal.com\/blog\/2014\/01\/14\/dakar-teaser-etape-7\/#respond"]}]},{"@type":"WebPage","@id":"https:\/\/www.carideal.com\/blog\/2014\/01\/14\/dakar-teaser-etape-7\/","url":"https:\/\/www.carideal.com\/blog\/2014\/01\/14\/dakar-teaser-etape-7\/","name":"Dakar 2014 Etape 7 & Teaser - Blog auto Carid\u00e9al","isPartOf":{"@id":"https:\/\/www.carideal.com\/blog\/#website"},"primaryImageOfPage":{"@id":"https:\/\/www.carideal.com\/blog\/2014\/01\/14\/dakar-teaser-etape-7\/#primaryimage"},"image":{"@id":"https:\/\/www.carideal.com\/blog\/2014\/01\/14\/dakar-teaser-etape-7\/#primaryimage"},"thumbnailUrl":"https:\/\/www.carideal.com\/blog\/wp-content\/uploads\/2014\/01\/dakar-2014-carideal-mandataire-automobile_m.jpg","datePublished":"2014-01-14T16:11:00+00:00","dateModified":"2019-01-25T11:10:03+00:00","description":"R\u00e9sum\u00e9 de l'\u00e9pape 7 du Dakar 2014 avec la visite impromptu de S\u00e9bastien Loeb. Tout le monde a profit\u00e9 de la journ\u00e9e de repos pour ...se reposer et travailler sur sa monture.","breadcrumb":{"@id":"https:\/\/www.carideal.com\/blog\/2014\/01\/14\/dakar-teaser-etape-7\/#breadcrumb"},"inLanguage":"fr-FR","potentialAction":[{"@type":"ReadAction","target":["https:\/\/www.carideal.com\/blog\/2014\/01\/14\/dakar-teaser-etape-7\/"]}]},{"@type":"ImageObject","inLanguage":"fr-FR","@id":"https:\/\/www.carideal.com\/blog\/2014\/01\/14\/dakar-teaser-etape-7\/#primaryimage","url":"https:\/\/www.carideal.com\/blog\/wp-content\/uploads\/2014\/01\/dakar-2014-carideal-mandataire-automobile_m.jpg","contentUrl":"https:\/\/www.carideal.com\/blog\/wp-content\/uploads\/2014\/01\/dakar-2014-carideal-mandataire-automobile_m.jpg","width":448,"height":349,"caption":"Dakar 2014 Etape 7 & Teaser"},{"@type":"BreadcrumbList","@id":"https:\/\/www.carideal.com\/blog\/2014\/01\/14\/dakar-teaser-etape-7\/#breadcrumb","itemListElement":[{"@type":"ListItem","position":1,"name":"Blog Carid\u00e9al","item":"https:\/\/www.carideal.com\/blog\/"},{"@type":"ListItem","position":2,"name":"Sport Automobile","item":"https:\/\/www.carideal.com\/blog\/sport-auto\/"},{"@type":"ListItem","position":3,"name":"Rallye Dakar","item":"https:\/\/www.carideal.com\/blog\/sport-auto\/dakar\/"},{"@type":"ListItem","position":4,"name":"Dakar 2014 Etape 7 &#038; Teaser"}]},{"@type":"WebSite","@id":"https:\/\/www.carideal.com\/blog\/#website","url":"https:\/\/www.carideal.com\/blog\/","name":"Blog auto Carid\u00e9al","description":"Actualit\u00e9 auto par des passionn\u00e9s","publisher":{"@id":"https:\/\/www.carideal.com\/blog\/#organization"},"potentialAction":[{"@type":"SearchAction","target":{"@type":"EntryPoint","urlTemplate":"https:\/\/www.carideal.com\/blog\/?s={search_term_string}"},"query-input":{"@type":"PropertyValueSpecification","valueRequired":true,"valueName":"search_term_string"}}],"inLanguage":"fr-FR"},{"@type":"Organization","@id":"https:\/\/www.carideal.com\/blog\/#organization","name":"Carideal","url":"https:\/\/www.carideal.com\/blog\/","logo":{"@type":"ImageObject","inLanguage":"fr-FR","@id":"https:\/\/www.carideal.com\/blog\/#\/schema\/logo\/image\/","url":"http:\/\/www.carideal.com\/blog\/wp-content\/uploads\/2016\/03\/logo-carideal-mandataire-automobile.png","contentUrl":"http:\/\/www.carideal.com\/blog\/wp-content\/uploads\/2016\/03\/logo-carideal-mandataire-automobile.png","width":300,"height":300,"caption":"Carideal"},"image":{"@id":"https:\/\/www.carideal.com\/blog\/#\/schema\/logo\/image\/"},"sameAs":["https:\/\/www.facebook.com\/Carideal.mandataire.automobile","https:\/\/x.com\/caridealauto","https:\/\/www.instagram.com\/carideal1\/","https:\/\/www.linkedin.com\/company\/carideal.com","https:\/\/fr.pinterest.com\/schiavonsas\/","https:\/\/www.youtube.com\/user\/caridealsas"]},{"@type":"Person","@id":"https:\/\/www.carideal.com\/blog\/#\/schema\/person\/985c7e757d1042d647f21bfaf8d41ebc","name":"N.S Carideal","image":{"@type":"ImageObject","inLanguage":"fr-FR","@id":"https:\/\/www.carideal.com\/blog\/#\/schema\/person\/image\/","url":"https:\/\/secure.gravatar.com\/avatar\/edb7ccdf1a4e3d14aef967760d354d0e?s=96&r=g","contentUrl":"https:\/\/secure.gravatar.com\/avatar\/edb7ccdf1a4e3d14aef967760d354d0e?s=96&r=g","caption":"N.S Carideal"},"description":"Depuis tout petit fan d'automobile. Il est question d'essayer et de comparer toutes ces voitures qui nous ont fait r\u00e9ver, avant que celles-ci ne devient uniquement des voitures de collection.","sameAs":["http:\/\/www.carideal.com\/blog","https:\/\/www.facebook.com\/Carideal.mandataire.automobile\/","https:\/\/www.linkedin.com\/in\/nschiavon\/","https:\/\/www.youtube.com\/user\/caridealsas\/"],"url":"https:\/\/www.carideal.com\/blog\/author\/admin_carideal\/"}]}},"uagb_featured_image_src":{"full":["https:\/\/www.carideal.com\/blog\/wp-content\/uploads\/2014\/01\/dakar-2014-carideal-mandataire-automobile_m.jpg",448,349,false],"thumbnail":["https:\/\/www.carideal.com\/blog\/wp-content\/uploads\/2014\/01\/dakar-2014-carideal-mandataire-automobile_m-150x150.jpg",150,150,true],"medium":["https:\/\/www.carideal.com\/blog\/wp-content\/uploads\/2014\/01\/dakar-2014-carideal-mandataire-automobile_m-300x234.jpg",300,234,true],"medium_large":["https:\/\/www.carideal.com\/blog\/wp-content\/uploads\/2014\/01\/dakar-2014-carideal-mandataire-automobile_m.jpg",448,349,false],"large":["https:\/\/www.carideal.com\/blog\/wp-content\/uploads\/2014\/01\/dakar-2014-carideal-mandataire-automobile_m.jpg",448,349,false],"1536x1536":["https:\/\/www.carideal.com\/blog\/wp-content\/uploads\/2014\/01\/dakar-2014-carideal-mandataire-automobile_m.jpg",448,349,false],"2048x2048":["https:\/\/www.carideal.com\/blog\/wp-content\/uploads\/2014\/01\/dakar-2014-carideal-mandataire-automobile_m.jpg",448,349,false],"wppr-widget":["https:\/\/www.carideal.com\/blog\/wp-content\/uploads\/2014\/01\/dakar-2014-carideal-mandataire-automobile_m-50x39.jpg",50,39,true]},"uagb_author_info":{"display_name":"N.S Carideal","author_link":"https:\/\/www.carideal.com\/blog\/author\/admin_carideal\/"},"uagb_comment_info":0,"uagb_excerpt":"&nbsp; R\u00e9sum\u00e9 de l'\u00e9tape 7 du Rallye Dakar 2014 Le Teaser du Rallye Dakar 2014 avec le r\u00e9sum\u00e9 de l'\u00e9tape 7 avec la visite de notre Champion du monde national S\u00e9bastien Loeb qui se laisserait bien tent\u00e9 par l'aventure quand m\u00eame. \u00c0 ce jour, tous les pilotes ont eu la chance de profiter pleinement de\u2026","_links":{"self":[{"href":"https:\/\/www.carideal.com\/blog\/wp-json\/wp\/v2\/posts\/1779"}],"collection":[{"href":"https:\/\/www.carideal.com\/blog\/wp-json\/wp\/v2\/posts"}],"about":[{"href":"https:\/\/www.carideal.com\/blog\/wp-json\/wp\/v2\/types\/post"}],"author":[{"embeddable":true,"href":"https:\/\/www.carideal.com\/blog\/wp-json\/wp\/v2\/users\/1"}],"replies":[{"embeddable":true,"href":"https:\/\/www.carideal.com\/blog\/wp-json\/wp\/v2\/comments?post=1779"}],"version-history":[{"count":0,"href":"https:\/\/www.carideal.com\/blog\/wp-json\/wp\/v2\/posts\/1779\/revisions"}],"wp:featuredmedia":[{"embeddable":true,"href":"https:\/\/www.carideal.com\/blog\/wp-json\/wp\/v2\/media\/18353"}],"wp:attachment":[{"href":"https:\/\/www.carideal.com\/blog\/wp-json\/wp\/v2\/media?parent=1779"}],"wp:term":[{"taxonomy":"category","embeddable":true,"href":"https:\/\/www.carideal.com\/blog\/wp-json\/wp\/v2\/categories?post=1779"},{"taxonomy":"post_tag","embeddable":true,"href":"https:\/\/www.carideal.com\/blog\/wp-json\/wp\/v2\/tags?post=1779"}],"curies":[{"name":"wp","href":"https:\/\/api.w.org\/{rel}","templated":true}]}}