{"id":1776,"date":"2013-10-21T07:40:00","date_gmt":"2013-10-21T07:40:00","guid":{"rendered":"http:\/\/carideal.com\/blog\/?p=1776"},"modified":"2019-01-28T13:08:03","modified_gmt":"2019-01-28T12:08:03","slug":"le-son-du-nouveau-moteur-honda-de-f1","status":"publish","type":"post","link":"https:\/\/www.carideal.com\/blog\/2013\/10\/21\/le-son-du-nouveau-moteur-honda-de-f1\/","title":{"rendered":"Le son du nouveau moteur Honda de F1"},"content":{"rendered":"<figure style=\"width: 438px\" class=\"wp-caption alignnone\"><img loading=\"lazy\" decoding=\"async\" title=\"Le son du moteur Honda de F1 2015\" src=\"\/blog\/public\/.moteur-honda-f1-2015-carideal-blog_m.jpg\" alt=\"Le son du moteur Honda de F1 2015\" width=\"448\" height=\"224\" \/><figcaption class=\"wp-caption-text\">Le son du moteur Honda de F1 2015<\/figcaption><\/figure>\n<h1><strong>Le son du moteur Honda de F1 2015<\/strong><\/h1>\n<h2>Le partenariat Honda F1 et McLaren<\/h2>\n<p>Aujourd'hui, <a href=\"http:\/\/www.carideal.com\/blog\/marque-de-voiture-actualites-essais\/honda\/\">Honda<\/a> a publi\u00e9 un enregistrement sonore de son nouveau moteur de F1, un V6 de 1.6 L Turbo, qui vient juste de tourner pour la premi\u00e8re fois. Le moteur est en cours d'\u00e9laboration pour la saison 2015 o\u00f9 Honda participera en tant que motoriste de McLaren pour remplacer les actuels V8 2.4L.<\/p>\n<h2>Vid\u00e9o\u00a0du moteur Honda de F1 2015<\/h2>\n<p>\u00c9coutez moi ce son, le bruit du moteur !<\/p>\n<p><iframe loading=\"lazy\" src=\"\/\/www.youtube.com\/embed\/431h20gvm3M\" width=\"420\" height=\"315\" frameborder=\"0\" allowfullscreen=\"allowfullscreen\"><\/iframe><\/p>\n","protected":false},"excerpt":{"rendered":"<p>Le son du moteur Honda de F1 2015 Le partenariat Honda F1 et McLaren Aujourd&rsquo;hui, Honda a publi\u00e9 un enregistrement sonore de son nouveau moteur de F1, un V6 de 1.6 L Turbo, qui vient juste de tourner pour la premi\u00e8re fois. Le moteur est en cours d&rsquo;\u00e9laboration pour la saison 2015 o\u00f9 Honda participera &#8230; <a title=\"Le son du nouveau moteur Honda de F1\" class=\"read-more\" href=\"https:\/\/www.carideal.com\/blog\/2013\/10\/21\/le-son-du-nouveau-moteur-honda-de-f1\/\" aria-label=\"En savoir plus sur Le son du nouveau moteur Honda de F1\">Lire plus<\/a><\/p>\n","protected":false},"author":1,"featured_media":0,"comment_status":"open","ping_status":"open","sticky":false,"template":"","format":"standard","meta":{"_uag_custom_page_level_css":"","_themeisle_gutenberg_block_has_review":false,"footnotes":""},"categories":[5966,9,6006,5994,16],"tags":[6168,4656],"class_list":["post-1776","post","type-post","status-publish","format-standard","hentry","category-honda","category-divers","category-formule-1","category-fun","category-sport-auto","tag-bruit-de-voiture","tag-mclaren"],"wppr_data":{"cwp_meta_box_check":"No"},"yoast_head":"<!-- This site is optimized with the Yoast SEO plugin v24.8.1 - https:\/\/yoast.com\/wordpress\/plugins\/seo\/ -->\n<title>Le son du nouveau moteur Honda de F1 - Blog auto Carid\u00e9al<\/title>\n<meta name=\"robots\" content=\"noindex, follow\" \/>\n<meta property=\"og:locale\" content=\"fr_FR\" \/>\n<meta property=\"og:type\" content=\"article\" \/>\n<meta property=\"og:title\" content=\"Le son du nouveau moteur Honda de F1 - Blog auto Carid\u00e9al\" \/>\n<meta property=\"og:description\" content=\"Le son du moteur Honda de F1 2015 Le partenariat Honda F1 et McLaren Aujourd&#039;hui, Honda a publi\u00e9 un enregistrement sonore de son nouveau moteur de F1, un V6 de 1.6 L Turbo, qui vient juste de tourner pour la premi\u00e8re fois. Le moteur est en cours d&#039;\u00e9laboration pour la saison 2015 o\u00f9 Honda participera ... Lire plus\" \/>\n<meta property=\"og:url\" content=\"https:\/\/www.carideal.com\/blog\/2013\/10\/21\/le-son-du-nouveau-moteur-honda-de-f1\/\" \/>\n<meta property=\"og:site_name\" content=\"Blog auto Carid\u00e9al\" \/>\n<meta property=\"article:publisher\" content=\"https:\/\/www.facebook.com\/Carideal.mandataire.automobile\" \/>\n<meta property=\"article:author\" content=\"https:\/\/www.facebook.com\/Carideal.mandataire.automobile\/\" \/>\n<meta property=\"article:published_time\" content=\"2013-10-21T07:40:00+00:00\" \/>\n<meta property=\"article:modified_time\" content=\"2019-01-28T12:08:03+00:00\" \/>\n<meta property=\"og:image\" content=\"https:\/\/www.carideal.com\/blog\/wp-content\/uploads\/2016\/03\/logo-carideal-mandataire-automobile.png\" \/>\n\t<meta property=\"og:image:width\" content=\"300\" \/>\n\t<meta property=\"og:image:height\" content=\"300\" \/>\n\t<meta property=\"og:image:type\" content=\"image\/png\" \/>\n<meta name=\"author\" content=\"N.S Carideal\" \/>\n<meta name=\"twitter:card\" content=\"summary_large_image\" \/>\n<meta name=\"twitter:creator\" content=\"@caridealauto\" \/>\n<meta name=\"twitter:site\" content=\"@caridealauto\" \/>\n<meta name=\"twitter:label1\" content=\"\u00c9crit par\" \/>\n\t<meta name=\"twitter:data1\" content=\"N.S Carideal\" \/>\n<script type=\"application\/ld+json\" class=\"yoast-schema-graph\">{\"@context\":\"https:\/\/schema.org\",\"@graph\":[{\"@type\":\"Article\",\"@id\":\"https:\/\/www.carideal.com\/blog\/2013\/10\/21\/le-son-du-nouveau-moteur-honda-de-f1\/#article\",\"isPartOf\":{\"@id\":\"https:\/\/www.carideal.com\/blog\/2013\/10\/21\/le-son-du-nouveau-moteur-honda-de-f1\/\"},\"author\":{\"name\":\"N.S Carideal\",\"@id\":\"https:\/\/www.carideal.com\/blog\/#\/schema\/person\/985c7e757d1042d647f21bfaf8d41ebc\"},\"headline\":\"Le son du nouveau moteur Honda de F1\",\"datePublished\":\"2013-10-21T07:40:00+00:00\",\"dateModified\":\"2019-01-28T12:08:03+00:00\",\"mainEntityOfPage\":{\"@id\":\"https:\/\/www.carideal.com\/blog\/2013\/10\/21\/le-son-du-nouveau-moteur-honda-de-f1\/\"},\"wordCount\":102,\"commentCount\":0,\"publisher\":{\"@id\":\"https:\/\/www.carideal.com\/blog\/#organization\"},\"keywords\":[\"Bruit de voiture son de voiture\",\"McLaren\"],\"articleSection\":[\"Actualit\u00e9 Honda\",\"Divers\",\"Formule 1\",\"Fun\",\"Sport Automobile\"],\"inLanguage\":\"fr-FR\",\"potentialAction\":[{\"@type\":\"CommentAction\",\"name\":\"Comment\",\"target\":[\"https:\/\/www.carideal.com\/blog\/2013\/10\/21\/le-son-du-nouveau-moteur-honda-de-f1\/#respond\"]}]},{\"@type\":\"WebPage\",\"@id\":\"https:\/\/www.carideal.com\/blog\/2013\/10\/21\/le-son-du-nouveau-moteur-honda-de-f1\/\",\"url\":\"https:\/\/www.carideal.com\/blog\/2013\/10\/21\/le-son-du-nouveau-moteur-honda-de-f1\/\",\"name\":\"Le son du nouveau moteur Honda de F1 - Blog auto Carid\u00e9al\",\"isPartOf\":{\"@id\":\"https:\/\/www.carideal.com\/blog\/#website\"},\"datePublished\":\"2013-10-21T07:40:00+00:00\",\"dateModified\":\"2019-01-28T12:08:03+00:00\",\"breadcrumb\":{\"@id\":\"https:\/\/www.carideal.com\/blog\/2013\/10\/21\/le-son-du-nouveau-moteur-honda-de-f1\/#breadcrumb\"},\"inLanguage\":\"fr-FR\",\"potentialAction\":[{\"@type\":\"ReadAction\",\"target\":[\"https:\/\/www.carideal.com\/blog\/2013\/10\/21\/le-son-du-nouveau-moteur-honda-de-f1\/\"]}]},{\"@type\":\"BreadcrumbList\",\"@id\":\"https:\/\/www.carideal.com\/blog\/2013\/10\/21\/le-son-du-nouveau-moteur-honda-de-f1\/#breadcrumb\",\"itemListElement\":[{\"@type\":\"ListItem\",\"position\":1,\"name\":\"Blog Carid\u00e9al\",\"item\":\"https:\/\/www.carideal.com\/blog\/\"},{\"@type\":\"ListItem\",\"position\":2,\"name\":\"Sport Automobile\",\"item\":\"https:\/\/www.carideal.com\/blog\/sport-auto\/\"},{\"@type\":\"ListItem\",\"position\":3,\"name\":\"Formule 1\",\"item\":\"https:\/\/www.carideal.com\/blog\/sport-auto\/formule-1\/\"},{\"@type\":\"ListItem\",\"position\":4,\"name\":\"Le son du nouveau moteur Honda de F1\"}]},{\"@type\":\"WebSite\",\"@id\":\"https:\/\/www.carideal.com\/blog\/#website\",\"url\":\"https:\/\/www.carideal.com\/blog\/\",\"name\":\"Blog auto Carid\u00e9al\",\"description\":\"Actualit\u00e9 auto par des passionn\u00e9s\",\"publisher\":{\"@id\":\"https:\/\/www.carideal.com\/blog\/#organization\"},\"potentialAction\":[{\"@type\":\"SearchAction\",\"target\":{\"@type\":\"EntryPoint\",\"urlTemplate\":\"https:\/\/www.carideal.com\/blog\/?s={search_term_string}\"},\"query-input\":{\"@type\":\"PropertyValueSpecification\",\"valueRequired\":true,\"valueName\":\"search_term_string\"}}],\"inLanguage\":\"fr-FR\"},{\"@type\":\"Organization\",\"@id\":\"https:\/\/www.carideal.com\/blog\/#organization\",\"name\":\"Carideal\",\"url\":\"https:\/\/www.carideal.com\/blog\/\",\"logo\":{\"@type\":\"ImageObject\",\"inLanguage\":\"fr-FR\",\"@id\":\"https:\/\/www.carideal.com\/blog\/#\/schema\/logo\/image\/\",\"url\":\"http:\/\/www.carideal.com\/blog\/wp-content\/uploads\/2016\/03\/logo-carideal-mandataire-automobile.png\",\"contentUrl\":\"http:\/\/www.carideal.com\/blog\/wp-content\/uploads\/2016\/03\/logo-carideal-mandataire-automobile.png\",\"width\":300,\"height\":300,\"caption\":\"Carideal\"},\"image\":{\"@id\":\"https:\/\/www.carideal.com\/blog\/#\/schema\/logo\/image\/\"},\"sameAs\":[\"https:\/\/www.facebook.com\/Carideal.mandataire.automobile\",\"https:\/\/x.com\/caridealauto\",\"https:\/\/www.instagram.com\/carideal1\/\",\"https:\/\/www.linkedin.com\/company\/carideal.com\",\"https:\/\/fr.pinterest.com\/schiavonsas\/\",\"https:\/\/www.youtube.com\/user\/caridealsas\"]},{\"@type\":\"Person\",\"@id\":\"https:\/\/www.carideal.com\/blog\/#\/schema\/person\/985c7e757d1042d647f21bfaf8d41ebc\",\"name\":\"N.S Carideal\",\"image\":{\"@type\":\"ImageObject\",\"inLanguage\":\"fr-FR\",\"@id\":\"https:\/\/www.carideal.com\/blog\/#\/schema\/person\/image\/\",\"url\":\"https:\/\/secure.gravatar.com\/avatar\/edb7ccdf1a4e3d14aef967760d354d0e?s=96&r=g\",\"contentUrl\":\"https:\/\/secure.gravatar.com\/avatar\/edb7ccdf1a4e3d14aef967760d354d0e?s=96&r=g\",\"caption\":\"N.S Carideal\"},\"description\":\"Depuis tout petit fan d'automobile. Il est question d'essayer et de comparer toutes ces voitures qui nous ont fait r\u00e9ver, avant que celles-ci ne devient uniquement des voitures de collection.\",\"sameAs\":[\"http:\/\/www.carideal.com\/blog\",\"https:\/\/www.facebook.com\/Carideal.mandataire.automobile\/\",\"https:\/\/www.linkedin.com\/in\/nschiavon\/\",\"https:\/\/www.youtube.com\/user\/caridealsas\/\"],\"url\":\"https:\/\/www.carideal.com\/blog\/author\/admin_carideal\/\"}]}<\/script>\n<!-- \/ Yoast SEO plugin. -->","yoast_head_json":{"title":"Le son du nouveau moteur Honda de F1 - Blog auto Carid\u00e9al","robots":{"index":"noindex","follow":"follow"},"og_locale":"fr_FR","og_type":"article","og_title":"Le son du nouveau moteur Honda de F1 - Blog auto Carid\u00e9al","og_description":"Le son du moteur Honda de F1 2015 Le partenariat Honda F1 et McLaren Aujourd'hui, Honda a publi\u00e9 un enregistrement sonore de son nouveau moteur de F1, un V6 de 1.6 L Turbo, qui vient juste de tourner pour la premi\u00e8re fois. Le moteur est en cours d'\u00e9laboration pour la saison 2015 o\u00f9 Honda participera ... Lire plus","og_url":"https:\/\/www.carideal.com\/blog\/2013\/10\/21\/le-son-du-nouveau-moteur-honda-de-f1\/","og_site_name":"Blog auto Carid\u00e9al","article_publisher":"https:\/\/www.facebook.com\/Carideal.mandataire.automobile","article_author":"https:\/\/www.facebook.com\/Carideal.mandataire.automobile\/","article_published_time":"2013-10-21T07:40:00+00:00","article_modified_time":"2019-01-28T12:08:03+00:00","og_image":[{"width":300,"height":300,"url":"https:\/\/www.carideal.com\/blog\/wp-content\/uploads\/2016\/03\/logo-carideal-mandataire-automobile.png","type":"image\/png"}],"author":"N.S Carideal","twitter_card":"summary_large_image","twitter_creator":"@caridealauto","twitter_site":"@caridealauto","twitter_misc":{"\u00c9crit par":"N.S Carideal"},"schema":{"@context":"https:\/\/schema.org","@graph":[{"@type":"Article","@id":"https:\/\/www.carideal.com\/blog\/2013\/10\/21\/le-son-du-nouveau-moteur-honda-de-f1\/#article","isPartOf":{"@id":"https:\/\/www.carideal.com\/blog\/2013\/10\/21\/le-son-du-nouveau-moteur-honda-de-f1\/"},"author":{"name":"N.S Carideal","@id":"https:\/\/www.carideal.com\/blog\/#\/schema\/person\/985c7e757d1042d647f21bfaf8d41ebc"},"headline":"Le son du nouveau moteur Honda de F1","datePublished":"2013-10-21T07:40:00+00:00","dateModified":"2019-01-28T12:08:03+00:00","mainEntityOfPage":{"@id":"https:\/\/www.carideal.com\/blog\/2013\/10\/21\/le-son-du-nouveau-moteur-honda-de-f1\/"},"wordCount":102,"commentCount":0,"publisher":{"@id":"https:\/\/www.carideal.com\/blog\/#organization"},"keywords":["Bruit de voiture son de voiture","McLaren"],"articleSection":["Actualit\u00e9 Honda","Divers","Formule 1","Fun","Sport Automobile"],"inLanguage":"fr-FR","potentialAction":[{"@type":"CommentAction","name":"Comment","target":["https:\/\/www.carideal.com\/blog\/2013\/10\/21\/le-son-du-nouveau-moteur-honda-de-f1\/#respond"]}]},{"@type":"WebPage","@id":"https:\/\/www.carideal.com\/blog\/2013\/10\/21\/le-son-du-nouveau-moteur-honda-de-f1\/","url":"https:\/\/www.carideal.com\/blog\/2013\/10\/21\/le-son-du-nouveau-moteur-honda-de-f1\/","name":"Le son du nouveau moteur Honda de F1 - Blog auto Carid\u00e9al","isPartOf":{"@id":"https:\/\/www.carideal.com\/blog\/#website"},"datePublished":"2013-10-21T07:40:00+00:00","dateModified":"2019-01-28T12:08:03+00:00","breadcrumb":{"@id":"https:\/\/www.carideal.com\/blog\/2013\/10\/21\/le-son-du-nouveau-moteur-honda-de-f1\/#breadcrumb"},"inLanguage":"fr-FR","potentialAction":[{"@type":"ReadAction","target":["https:\/\/www.carideal.com\/blog\/2013\/10\/21\/le-son-du-nouveau-moteur-honda-de-f1\/"]}]},{"@type":"BreadcrumbList","@id":"https:\/\/www.carideal.com\/blog\/2013\/10\/21\/le-son-du-nouveau-moteur-honda-de-f1\/#breadcrumb","itemListElement":[{"@type":"ListItem","position":1,"name":"Blog Carid\u00e9al","item":"https:\/\/www.carideal.com\/blog\/"},{"@type":"ListItem","position":2,"name":"Sport Automobile","item":"https:\/\/www.carideal.com\/blog\/sport-auto\/"},{"@type":"ListItem","position":3,"name":"Formule 1","item":"https:\/\/www.carideal.com\/blog\/sport-auto\/formule-1\/"},{"@type":"ListItem","position":4,"name":"Le son du nouveau moteur Honda de F1"}]},{"@type":"WebSite","@id":"https:\/\/www.carideal.com\/blog\/#website","url":"https:\/\/www.carideal.com\/blog\/","name":"Blog auto Carid\u00e9al","description":"Actualit\u00e9 auto par des passionn\u00e9s","publisher":{"@id":"https:\/\/www.carideal.com\/blog\/#organization"},"potentialAction":[{"@type":"SearchAction","target":{"@type":"EntryPoint","urlTemplate":"https:\/\/www.carideal.com\/blog\/?s={search_term_string}"},"query-input":{"@type":"PropertyValueSpecification","valueRequired":true,"valueName":"search_term_string"}}],"inLanguage":"fr-FR"},{"@type":"Organization","@id":"https:\/\/www.carideal.com\/blog\/#organization","name":"Carideal","url":"https:\/\/www.carideal.com\/blog\/","logo":{"@type":"ImageObject","inLanguage":"fr-FR","@id":"https:\/\/www.carideal.com\/blog\/#\/schema\/logo\/image\/","url":"http:\/\/www.carideal.com\/blog\/wp-content\/uploads\/2016\/03\/logo-carideal-mandataire-automobile.png","contentUrl":"http:\/\/www.carideal.com\/blog\/wp-content\/uploads\/2016\/03\/logo-carideal-mandataire-automobile.png","width":300,"height":300,"caption":"Carideal"},"image":{"@id":"https:\/\/www.carideal.com\/blog\/#\/schema\/logo\/image\/"},"sameAs":["https:\/\/www.facebook.com\/Carideal.mandataire.automobile","https:\/\/x.com\/caridealauto","https:\/\/www.instagram.com\/carideal1\/","https:\/\/www.linkedin.com\/company\/carideal.com","https:\/\/fr.pinterest.com\/schiavonsas\/","https:\/\/www.youtube.com\/user\/caridealsas"]},{"@type":"Person","@id":"https:\/\/www.carideal.com\/blog\/#\/schema\/person\/985c7e757d1042d647f21bfaf8d41ebc","name":"N.S Carideal","image":{"@type":"ImageObject","inLanguage":"fr-FR","@id":"https:\/\/www.carideal.com\/blog\/#\/schema\/person\/image\/","url":"https:\/\/secure.gravatar.com\/avatar\/edb7ccdf1a4e3d14aef967760d354d0e?s=96&r=g","contentUrl":"https:\/\/secure.gravatar.com\/avatar\/edb7ccdf1a4e3d14aef967760d354d0e?s=96&r=g","caption":"N.S Carideal"},"description":"Depuis tout petit fan d'automobile. Il est question d'essayer et de comparer toutes ces voitures qui nous ont fait r\u00e9ver, avant que celles-ci ne devient uniquement des voitures de collection.","sameAs":["http:\/\/www.carideal.com\/blog","https:\/\/www.facebook.com\/Carideal.mandataire.automobile\/","https:\/\/www.linkedin.com\/in\/nschiavon\/","https:\/\/www.youtube.com\/user\/caridealsas\/"],"url":"https:\/\/www.carideal.com\/blog\/author\/admin_carideal\/"}]}},"uagb_featured_image_src":{"full":false,"thumbnail":false,"medium":false,"medium_large":false,"large":false,"1536x1536":false,"2048x2048":false,"wppr-widget":false},"uagb_author_info":{"display_name":"N.S Carideal","author_link":"https:\/\/www.carideal.com\/blog\/author\/admin_carideal\/"},"uagb_comment_info":0,"uagb_excerpt":"Le son du moteur Honda de F1 2015 Le partenariat Honda F1 et McLaren Aujourd'hui, Honda a publi\u00e9 un enregistrement sonore de son nouveau moteur de F1, un V6 de 1.6 L Turbo, qui vient juste de tourner pour la premi\u00e8re fois. Le moteur est en cours d'\u00e9laboration pour la saison 2015 o\u00f9 Honda participera\u2026","_links":{"self":[{"href":"https:\/\/www.carideal.com\/blog\/wp-json\/wp\/v2\/posts\/1776"}],"collection":[{"href":"https:\/\/www.carideal.com\/blog\/wp-json\/wp\/v2\/posts"}],"about":[{"href":"https:\/\/www.carideal.com\/blog\/wp-json\/wp\/v2\/types\/post"}],"author":[{"embeddable":true,"href":"https:\/\/www.carideal.com\/blog\/wp-json\/wp\/v2\/users\/1"}],"replies":[{"embeddable":true,"href":"https:\/\/www.carideal.com\/blog\/wp-json\/wp\/v2\/comments?post=1776"}],"version-history":[{"count":0,"href":"https:\/\/www.carideal.com\/blog\/wp-json\/wp\/v2\/posts\/1776\/revisions"}],"wp:attachment":[{"href":"https:\/\/www.carideal.com\/blog\/wp-json\/wp\/v2\/media?parent=1776"}],"wp:term":[{"taxonomy":"category","embeddable":true,"href":"https:\/\/www.carideal.com\/blog\/wp-json\/wp\/v2\/categories?post=1776"},{"taxonomy":"post_tag","embeddable":true,"href":"https:\/\/www.carideal.com\/blog\/wp-json\/wp\/v2\/tags?post=1776"}],"curies":[{"name":"wp","href":"https:\/\/api.w.org\/{rel}","templated":true}]}}