{"id":17678,"date":"2018-10-13T22:38:46","date_gmt":"2018-10-13T20:38:46","guid":{"rendered":"http:\/\/www.carideal.com\/blog\/?p=17678"},"modified":"2018-10-13T22:40:37","modified_gmt":"2018-10-13T20:40:37","slug":"audi-q2-presente-salon-paris","status":"publish","type":"post","link":"https:\/\/www.carideal.com\/blog\/2018\/10\/13\/audi-q2-presente-salon-paris\/","title":{"rendered":"L&rsquo;Audi SQ2 pr\u00e9sent\u00e9 au salon de Paris"},"content":{"rendered":"<h1>L'Audi SQ2 pr\u00e9sent\u00e9 au salon de Paris<\/h1>\n<p>La <strong>nouvelle Audi SQ2<\/strong> fait ses d\u00e9buts mondiaux au Mondial de l'Auto de Paris.<\/p>\n<p>Audi pr\u00e9sente la SQ2 pour la premi\u00e8re fois lors du Mondial de l'Auto 2018.<\/p>\n<p>L'Audi SQ2 est \u00e9galement \u00e0 l'avant-garde de la cat\u00e9gorie des syst\u00e8mes d'infodivertissement et d'assistance.<\/p>\n<p>Le coeur de tous les mod\u00e8les S d'<a href=\"http:\/\/www.carideal.com\/blog\/marque-de-voiture-actualites-essais\/audi\/\">Audi<\/a> est le moteur, et le TFSI de 2,0 litres de l'Audi SQ2 est en parfait \u00e9tat.<\/p>\n<p>Il d\u00e9livre 296 ch et un couple constant de 400 Nm avec une acc\u00e9l\u00e9ration de 0 \u00e0 100 km \/ h en 4,8 secondes et une vitesse maximale de 250 km \/ h.<\/p>\n<p>Le moteur ne p\u00e8se que 150 kg environ, ce qui profite non seulement au poids total de l'Audi SQ2, mais \u00e9galement \u00e0 la r\u00e9partition de la charge par essieu.<\/p>\n<p>Une boite de vitesse S tronic \u00e0 sept vitesses avec un rapport \u00e9tendu de 8,7 entre la premi\u00e8re et la derni\u00e8re vitesse transf\u00e8re la puissance du TFSI de 2,0 litres.<\/p>\n<p>Le conducteur peut utiliser la transmission ultra-rapide \u00e0 double embrayage dans les modes automatiques D ou S, ou passer les rapports \u00abmanuellement\u00bb.<\/p>\n<p>Si le syst\u00e8me de conduite dynamique Audi drive select est en mode \u00abefficacit\u00e9\u00bb, l'embrayage se d\u00e9sengage lors du passage en roue libre, permettant ainsi au <a href=\"http:\/\/www.carideal.com\/blog\/2017\/05\/08\/guide-dachat-4x4-et-suv-les-meilleurs-en-2017\/\">SUV sport compact<\/a> de rouler en roue libre. Lorsque le <a href=\"http:\/\/www.carideal.com\/blog\/2007\/12\/10\/le-stop-and-start-de-psa-sera-t-il-bientot-obligatoire-sur-toute-les-voitures\/\">stop and start<\/a> est activ\u00e9, le moteur s\u2019arr\u00eate lorsque la vitesse tombe \u00e0 moins de 7 km\/h.<\/p>\n<p>Comme pour tous les mod\u00e8les Audi S, la transmission int\u00e9grale quattro est de s\u00e9rie dans l'Audi SQ2.<\/p>\n<p>Il combine une traction \u00e9lev\u00e9e \u00e0 une tenue de route convaincante. Son \u00e9l\u00e9ment central est un embrayage multidisque \u00e0 commande hydraulique. Il distribue le couple en permanence entre les essieux. Si les roues avant perdent en adh\u00e9rence, l\u2019embrayage multidisque peut transf\u00e9rer jusqu\u2019\u00e0 100% de la force vers l\u2019arri\u00e8re en quelques millisecondes.<\/p>\n<p>Le niveau de bruit \u00e0 bord reste faible gr\u00e2ce \u00e0 la carrosserie optimis\u00e9e pour les vibrations et au haut niveau de comp\u00e9tence d'Audi en terme d'acoustique.<\/p>\n<h2>Vid\u00e9o Audi SQ2 au salon de l'automobile Paris 2018<\/h2>\n<p><iframe loading=\"lazy\" src=\"https:\/\/www.youtube.com\/embed\/QsXs1in5BtE\" width=\"560\" height=\"315\" frameborder=\"0\" allowfullscreen=\"allowfullscreen\"><\/iframe><\/p>\n<p>La gamme de jantes propos\u00e9e par Audi et Audi Sport propose un choix de dix mod\u00e8les et tailles.<\/p>\n<p>Le tableau de bord virtuel Audi en option, qui fait partie du pack technologique, remplace le syst\u00e8me d\u2019information du conducteur.<\/p>\n<p>Le conducteur contr\u00f4le le groupe d'instruments enti\u00e8rement num\u00e9rique \u00e0 l'aide des boutons situ\u00e9s sur le volant.<\/p>\n<p>L'\u00e9cran de 12,3 pouces offre trois vues diff\u00e9rentes, y compris un \u00e9cran qui place le compte-tours \u00e0 l'avant et au centre.<\/p>\n","protected":false},"excerpt":{"rendered":"<p>L&rsquo;Audi SQ2 pr\u00e9sent\u00e9 au salon de Paris La nouvelle Audi SQ2 fait ses d\u00e9buts mondiaux au Mondial de l&rsquo;Auto de Paris. Audi pr\u00e9sente la SQ2 pour la premi\u00e8re fois lors du Mondial de l&rsquo;Auto 2018. L&rsquo;Audi SQ2 est \u00e9galement \u00e0 l&rsquo;avant-garde de la cat\u00e9gorie des syst\u00e8mes d&rsquo;infodivertissement et d&rsquo;assistance. Le coeur de tous les mod\u00e8les &#8230; <a title=\"L&rsquo;Audi SQ2 pr\u00e9sent\u00e9 au salon de Paris\" class=\"read-more\" href=\"https:\/\/www.carideal.com\/blog\/2018\/10\/13\/audi-q2-presente-salon-paris\/\" aria-label=\"En savoir plus sur L&rsquo;Audi SQ2 pr\u00e9sent\u00e9 au salon de Paris\">Lire plus<\/a><\/p>\n","protected":false},"author":3,"featured_media":17680,"comment_status":"open","ping_status":"open","sticky":false,"template":"","format":"standard","meta":{"_uag_custom_page_level_css":"","_themeisle_gutenberg_block_has_review":false,"footnotes":""},"categories":[5978,21,6010],"tags":[6207],"class_list":["post-17678","post","type-post","status-publish","format-standard","has-post-thumbnail","hentry","category-audi","category-actualites-auto","category-suv","tag-suv-urbain"],"wppr_data":{"cwp_meta_box_check":"No"},"yoast_head":"<!-- This site is optimized with the Yoast SEO plugin v24.8.1 - https:\/\/yoast.com\/wordpress\/plugins\/seo\/ -->\n<title>L&#039;Audi SQ2 pr\u00e9sent\u00e9 au salon de Paris - Blog auto Carid\u00e9al<\/title>\n<meta name=\"description\" content=\"L&#039;Audi SQ2 2019 a \u00e9t\u00e9 pr\u00e9sent\u00e9 au salon de l&#039;automobile de Paris 2018. Quattro et moteur TFSI de 300 ch il abat le 0 \u00e0 100 km\/h en 4.8 sec\" \/>\n<meta name=\"robots\" content=\"index, follow, max-snippet:-1, max-image-preview:large, max-video-preview:-1\" \/>\n<link rel=\"canonical\" href=\"https:\/\/www.carideal.com\/blog\/2018\/10\/13\/audi-q2-presente-salon-paris\/\" \/>\n<meta property=\"og:locale\" content=\"fr_FR\" \/>\n<meta property=\"og:type\" content=\"article\" \/>\n<meta property=\"og:title\" content=\"L&#039;Audi SQ2 pr\u00e9sent\u00e9 au salon de Paris - Blog auto Carid\u00e9al\" \/>\n<meta property=\"og:description\" content=\"L&#039;Audi SQ2 2019 a \u00e9t\u00e9 pr\u00e9sent\u00e9 au salon de l&#039;automobile de Paris 2018. Quattro et moteur TFSI de 300 ch il abat le 0 \u00e0 100 km\/h en 4.8 sec\" \/>\n<meta property=\"og:url\" content=\"https:\/\/www.carideal.com\/blog\/2018\/10\/13\/audi-q2-presente-salon-paris\/\" \/>\n<meta property=\"og:site_name\" content=\"Blog auto Carid\u00e9al\" \/>\n<meta property=\"article:publisher\" content=\"https:\/\/www.facebook.com\/Carideal.mandataire.automobile\" \/>\n<meta property=\"article:author\" content=\"https:\/\/www.facebook.com\/nicolas.schiavon.39\" \/>\n<meta property=\"article:published_time\" content=\"2018-10-13T20:38:46+00:00\" \/>\n<meta property=\"article:modified_time\" content=\"2018-10-13T20:40:37+00:00\" \/>\n<meta property=\"og:image\" content=\"https:\/\/www.carideal.com\/blog\/wp-content\/uploads\/2018\/10\/audi-sq2-paris-2018-e1539461580820.jpg\" \/>\n\t<meta property=\"og:image:width\" content=\"800\" \/>\n\t<meta property=\"og:image:height\" content=\"450\" \/>\n\t<meta property=\"og:image:type\" content=\"image\/jpeg\" \/>\n<meta name=\"author\" content=\"Nicolas SCHIAVON\" \/>\n<meta name=\"twitter:card\" content=\"summary_large_image\" \/>\n<meta name=\"twitter:creator\" content=\"@caridealauto\" \/>\n<meta name=\"twitter:site\" content=\"@caridealauto\" \/>\n<meta name=\"twitter:label1\" content=\"\u00c9crit par\" \/>\n\t<meta name=\"twitter:data1\" content=\"Nicolas SCHIAVON\" \/>\n\t<meta name=\"twitter:label2\" content=\"Dur\u00e9e de lecture estim\u00e9e\" \/>\n\t<meta name=\"twitter:data2\" content=\"2 minutes\" \/>\n<script type=\"application\/ld+json\" class=\"yoast-schema-graph\">{\"@context\":\"https:\/\/schema.org\",\"@graph\":[{\"@type\":\"Article\",\"@id\":\"https:\/\/www.carideal.com\/blog\/2018\/10\/13\/audi-q2-presente-salon-paris\/#article\",\"isPartOf\":{\"@id\":\"https:\/\/www.carideal.com\/blog\/2018\/10\/13\/audi-q2-presente-salon-paris\/\"},\"author\":{\"name\":\"Nicolas SCHIAVON\",\"@id\":\"https:\/\/www.carideal.com\/blog\/#\/schema\/person\/cd95dc7919660de90d31b366f85be1ec\"},\"headline\":\"L&rsquo;Audi SQ2 pr\u00e9sent\u00e9 au salon de Paris\",\"datePublished\":\"2018-10-13T20:38:46+00:00\",\"dateModified\":\"2018-10-13T20:40:37+00:00\",\"mainEntityOfPage\":{\"@id\":\"https:\/\/www.carideal.com\/blog\/2018\/10\/13\/audi-q2-presente-salon-paris\/\"},\"wordCount\":440,\"commentCount\":0,\"publisher\":{\"@id\":\"https:\/\/www.carideal.com\/blog\/#organization\"},\"image\":{\"@id\":\"https:\/\/www.carideal.com\/blog\/2018\/10\/13\/audi-q2-presente-salon-paris\/#primaryimage\"},\"thumbnailUrl\":\"https:\/\/www.carideal.com\/blog\/wp-content\/uploads\/2018\/10\/audi-sq2-paris-2018-e1539461580820.jpg\",\"keywords\":[\"Suv Urbain\"],\"articleSection\":[\"Actualit\u00e9 Audi\",\"Actualit\u00e9 automobile\",\"SUV\"],\"inLanguage\":\"fr-FR\",\"potentialAction\":[{\"@type\":\"CommentAction\",\"name\":\"Comment\",\"target\":[\"https:\/\/www.carideal.com\/blog\/2018\/10\/13\/audi-q2-presente-salon-paris\/#respond\"]}]},{\"@type\":\"WebPage\",\"@id\":\"https:\/\/www.carideal.com\/blog\/2018\/10\/13\/audi-q2-presente-salon-paris\/\",\"url\":\"https:\/\/www.carideal.com\/blog\/2018\/10\/13\/audi-q2-presente-salon-paris\/\",\"name\":\"L'Audi SQ2 pr\u00e9sent\u00e9 au salon de Paris - Blog auto Carid\u00e9al\",\"isPartOf\":{\"@id\":\"https:\/\/www.carideal.com\/blog\/#website\"},\"primaryImageOfPage\":{\"@id\":\"https:\/\/www.carideal.com\/blog\/2018\/10\/13\/audi-q2-presente-salon-paris\/#primaryimage\"},\"image\":{\"@id\":\"https:\/\/www.carideal.com\/blog\/2018\/10\/13\/audi-q2-presente-salon-paris\/#primaryimage\"},\"thumbnailUrl\":\"https:\/\/www.carideal.com\/blog\/wp-content\/uploads\/2018\/10\/audi-sq2-paris-2018-e1539461580820.jpg\",\"datePublished\":\"2018-10-13T20:38:46+00:00\",\"dateModified\":\"2018-10-13T20:40:37+00:00\",\"description\":\"L'Audi SQ2 2019 a \u00e9t\u00e9 pr\u00e9sent\u00e9 au salon de l'automobile de Paris 2018. Quattro et moteur TFSI de 300 ch il abat le 0 \u00e0 100 km\/h en 4.8 sec\",\"breadcrumb\":{\"@id\":\"https:\/\/www.carideal.com\/blog\/2018\/10\/13\/audi-q2-presente-salon-paris\/#breadcrumb\"},\"inLanguage\":\"fr-FR\",\"potentialAction\":[{\"@type\":\"ReadAction\",\"target\":[\"https:\/\/www.carideal.com\/blog\/2018\/10\/13\/audi-q2-presente-salon-paris\/\"]}]},{\"@type\":\"ImageObject\",\"inLanguage\":\"fr-FR\",\"@id\":\"https:\/\/www.carideal.com\/blog\/2018\/10\/13\/audi-q2-presente-salon-paris\/#primaryimage\",\"url\":\"https:\/\/www.carideal.com\/blog\/wp-content\/uploads\/2018\/10\/audi-sq2-paris-2018-e1539461580820.jpg\",\"contentUrl\":\"https:\/\/www.carideal.com\/blog\/wp-content\/uploads\/2018\/10\/audi-sq2-paris-2018-e1539461580820.jpg\",\"width\":800,\"height\":450,\"caption\":\"Audi SQ2\"},{\"@type\":\"BreadcrumbList\",\"@id\":\"https:\/\/www.carideal.com\/blog\/2018\/10\/13\/audi-q2-presente-salon-paris\/#breadcrumb\",\"itemListElement\":[{\"@type\":\"ListItem\",\"position\":1,\"name\":\"Blog Carid\u00e9al\",\"item\":\"https:\/\/www.carideal.com\/blog\/\"},{\"@type\":\"ListItem\",\"position\":2,\"name\":\"Actualit\u00e9 constructeur automobile\",\"item\":\"https:\/\/www.carideal.com\/blog\/constructeur\/\"},{\"@type\":\"ListItem\",\"position\":3,\"name\":\"Actualit\u00e9 Audi\",\"item\":\"https:\/\/www.carideal.com\/blog\/constructeur\/audi\/\"},{\"@type\":\"ListItem\",\"position\":4,\"name\":\"L&rsquo;Audi SQ2 pr\u00e9sent\u00e9 au salon de Paris\"}]},{\"@type\":\"WebSite\",\"@id\":\"https:\/\/www.carideal.com\/blog\/#website\",\"url\":\"https:\/\/www.carideal.com\/blog\/\",\"name\":\"Blog auto Carid\u00e9al\",\"description\":\"Actualit\u00e9 auto par des passionn\u00e9s\",\"publisher\":{\"@id\":\"https:\/\/www.carideal.com\/blog\/#organization\"},\"potentialAction\":[{\"@type\":\"SearchAction\",\"target\":{\"@type\":\"EntryPoint\",\"urlTemplate\":\"https:\/\/www.carideal.com\/blog\/?s={search_term_string}\"},\"query-input\":{\"@type\":\"PropertyValueSpecification\",\"valueRequired\":true,\"valueName\":\"search_term_string\"}}],\"inLanguage\":\"fr-FR\"},{\"@type\":\"Organization\",\"@id\":\"https:\/\/www.carideal.com\/blog\/#organization\",\"name\":\"Carideal\",\"url\":\"https:\/\/www.carideal.com\/blog\/\",\"logo\":{\"@type\":\"ImageObject\",\"inLanguage\":\"fr-FR\",\"@id\":\"https:\/\/www.carideal.com\/blog\/#\/schema\/logo\/image\/\",\"url\":\"http:\/\/www.carideal.com\/blog\/wp-content\/uploads\/2016\/03\/logo-carideal-mandataire-automobile.png\",\"contentUrl\":\"http:\/\/www.carideal.com\/blog\/wp-content\/uploads\/2016\/03\/logo-carideal-mandataire-automobile.png\",\"width\":300,\"height\":300,\"caption\":\"Carideal\"},\"image\":{\"@id\":\"https:\/\/www.carideal.com\/blog\/#\/schema\/logo\/image\/\"},\"sameAs\":[\"https:\/\/www.facebook.com\/Carideal.mandataire.automobile\",\"https:\/\/x.com\/caridealauto\",\"https:\/\/www.instagram.com\/carideal1\/\",\"https:\/\/www.linkedin.com\/company\/carideal.com\",\"https:\/\/fr.pinterest.com\/schiavonsas\/\",\"https:\/\/www.youtube.com\/user\/caridealsas\"]},{\"@type\":\"Person\",\"@id\":\"https:\/\/www.carideal.com\/blog\/#\/schema\/person\/cd95dc7919660de90d31b366f85be1ec\",\"name\":\"Nicolas SCHIAVON\",\"image\":{\"@type\":\"ImageObject\",\"inLanguage\":\"fr-FR\",\"@id\":\"https:\/\/www.carideal.com\/blog\/#\/schema\/person\/image\/\",\"url\":\"https:\/\/secure.gravatar.com\/avatar\/c17e55009e671d92cc7f5dc837dc418a?s=96&r=g\",\"contentUrl\":\"https:\/\/secure.gravatar.com\/avatar\/c17e55009e671d92cc7f5dc837dc418a?s=96&r=g\",\"caption\":\"Nicolas SCHIAVON\"},\"description\":\"Nicolas Schiavon est tomb\u00e9 tout petit dans la marmite automobile. Ayant eu un garage de marque automobile, mandataire automobile de la premi\u00e8re heure d\u00e8s 1999. Nicolas a cr\u00e9\u00e9 ces premiers sites de vente de voiture et blog automobile d\u00e8s 1994. Carideal est n\u00e9 le 15 d\u00e9cembre 2000 de la volont\u00e9 de vendre des voitures d'occasions en ligne puis des voitures neuves. Il a pu essayer beaucoup de voitures tr\u00e8s diff\u00e9rentes et ayant eu personnellement quelques belles autos, Subaru Impreza, Mitsubishi Lancer Evo 7, Porsche 911, Ferrari Testarrossa, Audi RS3, RS4 et j'en passe...\",\"sameAs\":[\"http:\/\/www.carideal.com\",\"https:\/\/www.facebook.com\/nicolas.schiavon.39\",\"https:\/\/www.instagram.com\/carideal1\/\",\"https:\/\/www.linkedin.com\/in\/nschiavon\/\",\"https:\/\/x.com\/caridealauto\",\"https:\/\/www.youtube.com\/user\/caridealsas\/\"],\"url\":\"https:\/\/www.carideal.com\/blog\/author\/nschiavon\/\"}]}<\/script>\n<!-- \/ Yoast SEO plugin. -->","yoast_head_json":{"title":"L'Audi SQ2 pr\u00e9sent\u00e9 au salon de Paris - Blog auto Carid\u00e9al","description":"L'Audi SQ2 2019 a \u00e9t\u00e9 pr\u00e9sent\u00e9 au salon de l'automobile de Paris 2018. Quattro et moteur TFSI de 300 ch il abat le 0 \u00e0 100 km\/h en 4.8 sec","robots":{"index":"index","follow":"follow","max-snippet":"max-snippet:-1","max-image-preview":"max-image-preview:large","max-video-preview":"max-video-preview:-1"},"canonical":"https:\/\/www.carideal.com\/blog\/2018\/10\/13\/audi-q2-presente-salon-paris\/","og_locale":"fr_FR","og_type":"article","og_title":"L'Audi SQ2 pr\u00e9sent\u00e9 au salon de Paris - Blog auto Carid\u00e9al","og_description":"L'Audi SQ2 2019 a \u00e9t\u00e9 pr\u00e9sent\u00e9 au salon de l'automobile de Paris 2018. Quattro et moteur TFSI de 300 ch il abat le 0 \u00e0 100 km\/h en 4.8 sec","og_url":"https:\/\/www.carideal.com\/blog\/2018\/10\/13\/audi-q2-presente-salon-paris\/","og_site_name":"Blog auto Carid\u00e9al","article_publisher":"https:\/\/www.facebook.com\/Carideal.mandataire.automobile","article_author":"https:\/\/www.facebook.com\/nicolas.schiavon.39","article_published_time":"2018-10-13T20:38:46+00:00","article_modified_time":"2018-10-13T20:40:37+00:00","og_image":[{"width":800,"height":450,"url":"https:\/\/www.carideal.com\/blog\/wp-content\/uploads\/2018\/10\/audi-sq2-paris-2018-e1539461580820.jpg","type":"image\/jpeg"}],"author":"Nicolas SCHIAVON","twitter_card":"summary_large_image","twitter_creator":"@caridealauto","twitter_site":"@caridealauto","twitter_misc":{"\u00c9crit par":"Nicolas SCHIAVON","Dur\u00e9e de lecture estim\u00e9e":"2 minutes"},"schema":{"@context":"https:\/\/schema.org","@graph":[{"@type":"Article","@id":"https:\/\/www.carideal.com\/blog\/2018\/10\/13\/audi-q2-presente-salon-paris\/#article","isPartOf":{"@id":"https:\/\/www.carideal.com\/blog\/2018\/10\/13\/audi-q2-presente-salon-paris\/"},"author":{"name":"Nicolas SCHIAVON","@id":"https:\/\/www.carideal.com\/blog\/#\/schema\/person\/cd95dc7919660de90d31b366f85be1ec"},"headline":"L&rsquo;Audi SQ2 pr\u00e9sent\u00e9 au salon de Paris","datePublished":"2018-10-13T20:38:46+00:00","dateModified":"2018-10-13T20:40:37+00:00","mainEntityOfPage":{"@id":"https:\/\/www.carideal.com\/blog\/2018\/10\/13\/audi-q2-presente-salon-paris\/"},"wordCount":440,"commentCount":0,"publisher":{"@id":"https:\/\/www.carideal.com\/blog\/#organization"},"image":{"@id":"https:\/\/www.carideal.com\/blog\/2018\/10\/13\/audi-q2-presente-salon-paris\/#primaryimage"},"thumbnailUrl":"https:\/\/www.carideal.com\/blog\/wp-content\/uploads\/2018\/10\/audi-sq2-paris-2018-e1539461580820.jpg","keywords":["Suv Urbain"],"articleSection":["Actualit\u00e9 Audi","Actualit\u00e9 automobile","SUV"],"inLanguage":"fr-FR","potentialAction":[{"@type":"CommentAction","name":"Comment","target":["https:\/\/www.carideal.com\/blog\/2018\/10\/13\/audi-q2-presente-salon-paris\/#respond"]}]},{"@type":"WebPage","@id":"https:\/\/www.carideal.com\/blog\/2018\/10\/13\/audi-q2-presente-salon-paris\/","url":"https:\/\/www.carideal.com\/blog\/2018\/10\/13\/audi-q2-presente-salon-paris\/","name":"L'Audi SQ2 pr\u00e9sent\u00e9 au salon de Paris - Blog auto Carid\u00e9al","isPartOf":{"@id":"https:\/\/www.carideal.com\/blog\/#website"},"primaryImageOfPage":{"@id":"https:\/\/www.carideal.com\/blog\/2018\/10\/13\/audi-q2-presente-salon-paris\/#primaryimage"},"image":{"@id":"https:\/\/www.carideal.com\/blog\/2018\/10\/13\/audi-q2-presente-salon-paris\/#primaryimage"},"thumbnailUrl":"https:\/\/www.carideal.com\/blog\/wp-content\/uploads\/2018\/10\/audi-sq2-paris-2018-e1539461580820.jpg","datePublished":"2018-10-13T20:38:46+00:00","dateModified":"2018-10-13T20:40:37+00:00","description":"L'Audi SQ2 2019 a \u00e9t\u00e9 pr\u00e9sent\u00e9 au salon de l'automobile de Paris 2018. Quattro et moteur TFSI de 300 ch il abat le 0 \u00e0 100 km\/h en 4.8 sec","breadcrumb":{"@id":"https:\/\/www.carideal.com\/blog\/2018\/10\/13\/audi-q2-presente-salon-paris\/#breadcrumb"},"inLanguage":"fr-FR","potentialAction":[{"@type":"ReadAction","target":["https:\/\/www.carideal.com\/blog\/2018\/10\/13\/audi-q2-presente-salon-paris\/"]}]},{"@type":"ImageObject","inLanguage":"fr-FR","@id":"https:\/\/www.carideal.com\/blog\/2018\/10\/13\/audi-q2-presente-salon-paris\/#primaryimage","url":"https:\/\/www.carideal.com\/blog\/wp-content\/uploads\/2018\/10\/audi-sq2-paris-2018-e1539461580820.jpg","contentUrl":"https:\/\/www.carideal.com\/blog\/wp-content\/uploads\/2018\/10\/audi-sq2-paris-2018-e1539461580820.jpg","width":800,"height":450,"caption":"Audi SQ2"},{"@type":"BreadcrumbList","@id":"https:\/\/www.carideal.com\/blog\/2018\/10\/13\/audi-q2-presente-salon-paris\/#breadcrumb","itemListElement":[{"@type":"ListItem","position":1,"name":"Blog Carid\u00e9al","item":"https:\/\/www.carideal.com\/blog\/"},{"@type":"ListItem","position":2,"name":"Actualit\u00e9 constructeur automobile","item":"https:\/\/www.carideal.com\/blog\/constructeur\/"},{"@type":"ListItem","position":3,"name":"Actualit\u00e9 Audi","item":"https:\/\/www.carideal.com\/blog\/constructeur\/audi\/"},{"@type":"ListItem","position":4,"name":"L&rsquo;Audi SQ2 pr\u00e9sent\u00e9 au salon de Paris"}]},{"@type":"WebSite","@id":"https:\/\/www.carideal.com\/blog\/#website","url":"https:\/\/www.carideal.com\/blog\/","name":"Blog auto Carid\u00e9al","description":"Actualit\u00e9 auto par des passionn\u00e9s","publisher":{"@id":"https:\/\/www.carideal.com\/blog\/#organization"},"potentialAction":[{"@type":"SearchAction","target":{"@type":"EntryPoint","urlTemplate":"https:\/\/www.carideal.com\/blog\/?s={search_term_string}"},"query-input":{"@type":"PropertyValueSpecification","valueRequired":true,"valueName":"search_term_string"}}],"inLanguage":"fr-FR"},{"@type":"Organization","@id":"https:\/\/www.carideal.com\/blog\/#organization","name":"Carideal","url":"https:\/\/www.carideal.com\/blog\/","logo":{"@type":"ImageObject","inLanguage":"fr-FR","@id":"https:\/\/www.carideal.com\/blog\/#\/schema\/logo\/image\/","url":"http:\/\/www.carideal.com\/blog\/wp-content\/uploads\/2016\/03\/logo-carideal-mandataire-automobile.png","contentUrl":"http:\/\/www.carideal.com\/blog\/wp-content\/uploads\/2016\/03\/logo-carideal-mandataire-automobile.png","width":300,"height":300,"caption":"Carideal"},"image":{"@id":"https:\/\/www.carideal.com\/blog\/#\/schema\/logo\/image\/"},"sameAs":["https:\/\/www.facebook.com\/Carideal.mandataire.automobile","https:\/\/x.com\/caridealauto","https:\/\/www.instagram.com\/carideal1\/","https:\/\/www.linkedin.com\/company\/carideal.com","https:\/\/fr.pinterest.com\/schiavonsas\/","https:\/\/www.youtube.com\/user\/caridealsas"]},{"@type":"Person","@id":"https:\/\/www.carideal.com\/blog\/#\/schema\/person\/cd95dc7919660de90d31b366f85be1ec","name":"Nicolas SCHIAVON","image":{"@type":"ImageObject","inLanguage":"fr-FR","@id":"https:\/\/www.carideal.com\/blog\/#\/schema\/person\/image\/","url":"https:\/\/secure.gravatar.com\/avatar\/c17e55009e671d92cc7f5dc837dc418a?s=96&r=g","contentUrl":"https:\/\/secure.gravatar.com\/avatar\/c17e55009e671d92cc7f5dc837dc418a?s=96&r=g","caption":"Nicolas SCHIAVON"},"description":"Nicolas Schiavon est tomb\u00e9 tout petit dans la marmite automobile. Ayant eu un garage de marque automobile, mandataire automobile de la premi\u00e8re heure d\u00e8s 1999. Nicolas a cr\u00e9\u00e9 ces premiers sites de vente de voiture et blog automobile d\u00e8s 1994. Carideal est n\u00e9 le 15 d\u00e9cembre 2000 de la volont\u00e9 de vendre des voitures d'occasions en ligne puis des voitures neuves. Il a pu essayer beaucoup de voitures tr\u00e8s diff\u00e9rentes et ayant eu personnellement quelques belles autos, Subaru Impreza, Mitsubishi Lancer Evo 7, Porsche 911, Ferrari Testarrossa, Audi RS3, RS4 et j'en passe...","sameAs":["http:\/\/www.carideal.com","https:\/\/www.facebook.com\/nicolas.schiavon.39","https:\/\/www.instagram.com\/carideal1\/","https:\/\/www.linkedin.com\/in\/nschiavon\/","https:\/\/x.com\/caridealauto","https:\/\/www.youtube.com\/user\/caridealsas\/"],"url":"https:\/\/www.carideal.com\/blog\/author\/nschiavon\/"}]}},"uagb_featured_image_src":{"full":["https:\/\/www.carideal.com\/blog\/wp-content\/uploads\/2018\/10\/audi-sq2-paris-2018-e1539461580820.jpg",800,450,false],"thumbnail":["https:\/\/www.carideal.com\/blog\/wp-content\/uploads\/2018\/10\/audi-sq2-paris-2018-150x150.jpg",150,150,true],"medium":["https:\/\/www.carideal.com\/blog\/wp-content\/uploads\/2018\/10\/audi-sq2-paris-2018-300x169.jpg",300,169,true],"medium_large":["https:\/\/www.carideal.com\/blog\/wp-content\/uploads\/2018\/10\/audi-sq2-paris-2018-768x432.jpg",768,432,true],"large":["https:\/\/www.carideal.com\/blog\/wp-content\/uploads\/2018\/10\/audi-sq2-paris-2018-e1539461580820.jpg",800,450,false],"1536x1536":["https:\/\/www.carideal.com\/blog\/wp-content\/uploads\/2018\/10\/audi-sq2-paris-2018-e1539461580820.jpg",800,450,false],"2048x2048":["https:\/\/www.carideal.com\/blog\/wp-content\/uploads\/2018\/10\/audi-sq2-paris-2018-e1539461580820.jpg",800,450,false],"wppr-widget":["https:\/\/www.carideal.com\/blog\/wp-content\/uploads\/2018\/10\/audi-sq2-paris-2018-50x28.jpg",50,28,true]},"uagb_author_info":{"display_name":"Nicolas SCHIAVON","author_link":"https:\/\/www.carideal.com\/blog\/author\/nschiavon\/"},"uagb_comment_info":0,"uagb_excerpt":"L'Audi SQ2 pr\u00e9sent\u00e9 au salon de Paris La nouvelle Audi SQ2 fait ses d\u00e9buts mondiaux au Mondial de l'Auto de Paris. Audi pr\u00e9sente la SQ2 pour la premi\u00e8re fois lors du Mondial de l'Auto 2018. L'Audi SQ2 est \u00e9galement \u00e0 l'avant-garde de la cat\u00e9gorie des syst\u00e8mes d'infodivertissement et d'assistance. Le coeur de tous les mod\u00e8les\u2026","_links":{"self":[{"href":"https:\/\/www.carideal.com\/blog\/wp-json\/wp\/v2\/posts\/17678"}],"collection":[{"href":"https:\/\/www.carideal.com\/blog\/wp-json\/wp\/v2\/posts"}],"about":[{"href":"https:\/\/www.carideal.com\/blog\/wp-json\/wp\/v2\/types\/post"}],"author":[{"embeddable":true,"href":"https:\/\/www.carideal.com\/blog\/wp-json\/wp\/v2\/users\/3"}],"replies":[{"embeddable":true,"href":"https:\/\/www.carideal.com\/blog\/wp-json\/wp\/v2\/comments?post=17678"}],"version-history":[{"count":0,"href":"https:\/\/www.carideal.com\/blog\/wp-json\/wp\/v2\/posts\/17678\/revisions"}],"wp:featuredmedia":[{"embeddable":true,"href":"https:\/\/www.carideal.com\/blog\/wp-json\/wp\/v2\/media\/17680"}],"wp:attachment":[{"href":"https:\/\/www.carideal.com\/blog\/wp-json\/wp\/v2\/media?parent=17678"}],"wp:term":[{"taxonomy":"category","embeddable":true,"href":"https:\/\/www.carideal.com\/blog\/wp-json\/wp\/v2\/categories?post=17678"},{"taxonomy":"post_tag","embeddable":true,"href":"https:\/\/www.carideal.com\/blog\/wp-json\/wp\/v2\/tags?post=17678"}],"curies":[{"name":"wp","href":"https:\/\/api.w.org\/{rel}","templated":true}]}}