{"id":1767,"date":"2012-06-26T09:01:00","date_gmt":"2012-06-26T09:01:00","guid":{"rendered":"http:\/\/carideal.com\/blog\/?p=1767"},"modified":"2020-03-08T07:34:00","modified_gmt":"2020-03-08T06:34:00","slug":"loeb-remporte-le-rallye-de-nouvelle-zelande","status":"publish","type":"post","link":"https:\/\/www.carideal.com\/blog\/2012\/06\/26\/loeb-remporte-le-rallye-de-nouvelle-zelande\/","title":{"rendered":"Loeb remporte le rallye de Nouvelle Z\u00e9lande"},"content":{"rendered":"<h1><strong>Loeb remporte le rallye de nouvelle z\u00e9lande<\/strong><\/h1>\n<p>Dimanche 24 Juin Loeb \u00e0 remport\u00e9 le rallye de nouvelle-z\u00e9lande devant son co\u00e9quipier finlandais Mikko Hirvonen.C'est le quatri\u00e8me doubl\u00e9 en rallye WRC pour Citro\u00ebn cette saison.Cette victoire est la cinqui\u00e8me en sept manche sur treize cette ann\u00e9e de Loeb sur Citro\u00ebn DS3.Gr\u00e2ce \u00e0 ce 72e succ\u00e8s de sa carri\u00e8re en WRC, dont trois en Nouvelle-Z\u00e9lande sur trois mod\u00e8le diff\u00e9rents(2005 en Xsara, 2008 en C4, 2012 en DS3), et cinq d\u00e9j\u00e0 en 2012,Loeb accentue encore son avance sur <a href=\"http:\/\/www.carideal.com\/blog\/tag\/mikko-hirvonen\/\">Hirvonen<\/a> en t\u00eate du Championnat du monde et se dirige, sauf \u00e9norme surprise, vers un 9e titre mondial cons\u00e9cutif.Une fois de plus ,les <a href=\"http:\/\/www.carideal.com\/blog\/marque-de-voiture-actualites-essais\/ford\/\">Ford<\/a> de Solberg, oblig\u00e9 de subir pendant toute la matin\u00e9e de vendredi(100 km chronom\u00e9tr\u00e9s) un mauvais choix de pneus par son \u00e9quipe, et du Finlandais Jari-Matti Latvala, sorti de la piste d\u00e8s l'ES7 et finalement 7e \u00e0 pr\u00e8s de cinq minute de Loeb, se sont auto-\u00e9limin\u00e9es d'entr\u00e9e et n'ont pas pu,ensuite,contester l'avantage des deux pilotes <a href=\"http:\/\/www.carideal.com\/blog\/marque-de-voiture-actualites-essais\/citroen\/\">Citro\u00ebn<\/a>.<br \/>\nUne fois s\u00e9par\u00e9s leurs deux principaux rivaux, Loeb et Hirvonen ont poursuivi \u00e0 se combattre en t\u00eate, l'espace entre eux \u00e9tant \u00e0 moins de deux secondes apr\u00e8s l'ES11 samedi matin. Puis Citro\u00ebn Racing a choisi d'immobiliser les positions, un choix annonc\u00e9 samedi soir en fin d'\u00e9tape, pour garantir un nouveau doubl\u00e9.<\/p>\n","protected":false},"excerpt":{"rendered":"<p>Loeb remporte le rallye de nouvelle z\u00e9lande Dimanche 24 Juin Loeb \u00e0 remport\u00e9 le rallye de nouvelle-z\u00e9lande devant son co\u00e9quipier finlandais Mikko Hirvonen.C&rsquo;est le quatri\u00e8me doubl\u00e9 en rallye WRC pour Citro\u00ebn cette saison.Cette victoire est la cinqui\u00e8me en sept manche sur treize cette ann\u00e9e de Loeb sur Citro\u00ebn DS3.Gr\u00e2ce \u00e0 ce 72e succ\u00e8s de sa &#8230; <a title=\"Loeb remporte le rallye de Nouvelle Z\u00e9lande\" class=\"read-more\" href=\"https:\/\/www.carideal.com\/blog\/2012\/06\/26\/loeb-remporte-le-rallye-de-nouvelle-zelande\/\" aria-label=\"En savoir plus sur Loeb remporte le rallye de Nouvelle Z\u00e9lande\">Lire plus<\/a><\/p>\n","protected":false},"author":1,"featured_media":0,"comment_status":"open","ping_status":"open","sticky":false,"template":"","format":"standard","meta":{"_uag_custom_page_level_css":"","_themeisle_gutenberg_block_has_review":false,"footnotes":""},"categories":[6160,16],"tags":[4615,1284],"class_list":["post-1767","post","type-post","status-publish","format-standard","hentry","category-wrc","category-sport-auto","tag-mikko-hirvonen","tag-sebastien-loeb"],"wppr_data":{"cwp_meta_box_check":"No"},"yoast_head":"<!-- This site is optimized with the Yoast SEO plugin v24.8.1 - https:\/\/yoast.com\/wordpress\/plugins\/seo\/ -->\n<title>Loeb remporte le rallye de Nouvelle Z\u00e9lande - Blog auto Carid\u00e9al<\/title>\n<meta name=\"robots\" content=\"index, follow, max-snippet:-1, max-image-preview:large, max-video-preview:-1\" \/>\n<link rel=\"canonical\" href=\"https:\/\/www.carideal.com\/blog\/2012\/06\/26\/loeb-remporte-le-rallye-de-nouvelle-zelande\/\" \/>\n<meta property=\"og:locale\" content=\"fr_FR\" \/>\n<meta property=\"og:type\" content=\"article\" \/>\n<meta property=\"og:title\" content=\"Loeb remporte le rallye de Nouvelle Z\u00e9lande - Blog auto Carid\u00e9al\" \/>\n<meta property=\"og:description\" content=\"Loeb remporte le rallye de nouvelle z\u00e9lande Dimanche 24 Juin Loeb \u00e0 remport\u00e9 le rallye de nouvelle-z\u00e9lande devant son co\u00e9quipier finlandais Mikko Hirvonen.C&#039;est le quatri\u00e8me doubl\u00e9 en rallye WRC pour Citro\u00ebn cette saison.Cette victoire est la cinqui\u00e8me en sept manche sur treize cette ann\u00e9e de Loeb sur Citro\u00ebn DS3.Gr\u00e2ce \u00e0 ce 72e succ\u00e8s de sa ... Lire plus\" \/>\n<meta property=\"og:url\" content=\"https:\/\/www.carideal.com\/blog\/2012\/06\/26\/loeb-remporte-le-rallye-de-nouvelle-zelande\/\" \/>\n<meta property=\"og:site_name\" content=\"Blog auto Carid\u00e9al\" \/>\n<meta property=\"article:publisher\" content=\"https:\/\/www.facebook.com\/Carideal.mandataire.automobile\" \/>\n<meta property=\"article:author\" content=\"https:\/\/www.facebook.com\/Carideal.mandataire.automobile\/\" \/>\n<meta property=\"article:published_time\" content=\"2012-06-26T09:01:00+00:00\" \/>\n<meta property=\"article:modified_time\" content=\"2020-03-08T06:34:00+00:00\" \/>\n<meta property=\"og:image\" content=\"https:\/\/www.carideal.com\/blog\/wp-content\/uploads\/2016\/03\/logo-carideal-mandataire-automobile.png\" \/>\n\t<meta property=\"og:image:width\" content=\"300\" \/>\n\t<meta property=\"og:image:height\" content=\"300\" \/>\n\t<meta property=\"og:image:type\" content=\"image\/png\" \/>\n<meta name=\"author\" content=\"N.S Carideal\" \/>\n<meta name=\"twitter:card\" content=\"summary_large_image\" \/>\n<meta name=\"twitter:creator\" content=\"@caridealauto\" \/>\n<meta name=\"twitter:site\" content=\"@caridealauto\" \/>\n<meta name=\"twitter:label1\" content=\"\u00c9crit par\" \/>\n\t<meta name=\"twitter:data1\" content=\"N.S Carideal\" \/>\n\t<meta name=\"twitter:label2\" content=\"Dur\u00e9e de lecture estim\u00e9e\" \/>\n\t<meta name=\"twitter:data2\" content=\"1 minute\" \/>\n<script type=\"application\/ld+json\" class=\"yoast-schema-graph\">{\"@context\":\"https:\/\/schema.org\",\"@graph\":[{\"@type\":\"Article\",\"@id\":\"https:\/\/www.carideal.com\/blog\/2012\/06\/26\/loeb-remporte-le-rallye-de-nouvelle-zelande\/#article\",\"isPartOf\":{\"@id\":\"https:\/\/www.carideal.com\/blog\/2012\/06\/26\/loeb-remporte-le-rallye-de-nouvelle-zelande\/\"},\"author\":{\"name\":\"N.S Carideal\",\"@id\":\"https:\/\/www.carideal.com\/blog\/#\/schema\/person\/985c7e757d1042d647f21bfaf8d41ebc\"},\"headline\":\"Loeb remporte le rallye de Nouvelle Z\u00e9lande\",\"datePublished\":\"2012-06-26T09:01:00+00:00\",\"dateModified\":\"2020-03-08T06:34:00+00:00\",\"mainEntityOfPage\":{\"@id\":\"https:\/\/www.carideal.com\/blog\/2012\/06\/26\/loeb-remporte-le-rallye-de-nouvelle-zelande\/\"},\"wordCount\":252,\"commentCount\":0,\"publisher\":{\"@id\":\"https:\/\/www.carideal.com\/blog\/#organization\"},\"keywords\":[\"Mikko Hirvonen\",\"Sebastien Loeb Champion du monde\"],\"articleSection\":[\"Rallye WRC\",\"Sport Automobile\"],\"inLanguage\":\"fr-FR\",\"potentialAction\":[{\"@type\":\"CommentAction\",\"name\":\"Comment\",\"target\":[\"https:\/\/www.carideal.com\/blog\/2012\/06\/26\/loeb-remporte-le-rallye-de-nouvelle-zelande\/#respond\"]}]},{\"@type\":\"WebPage\",\"@id\":\"https:\/\/www.carideal.com\/blog\/2012\/06\/26\/loeb-remporte-le-rallye-de-nouvelle-zelande\/\",\"url\":\"https:\/\/www.carideal.com\/blog\/2012\/06\/26\/loeb-remporte-le-rallye-de-nouvelle-zelande\/\",\"name\":\"Loeb remporte le rallye de Nouvelle Z\u00e9lande - Blog auto Carid\u00e9al\",\"isPartOf\":{\"@id\":\"https:\/\/www.carideal.com\/blog\/#website\"},\"datePublished\":\"2012-06-26T09:01:00+00:00\",\"dateModified\":\"2020-03-08T06:34:00+00:00\",\"breadcrumb\":{\"@id\":\"https:\/\/www.carideal.com\/blog\/2012\/06\/26\/loeb-remporte-le-rallye-de-nouvelle-zelande\/#breadcrumb\"},\"inLanguage\":\"fr-FR\",\"potentialAction\":[{\"@type\":\"ReadAction\",\"target\":[\"https:\/\/www.carideal.com\/blog\/2012\/06\/26\/loeb-remporte-le-rallye-de-nouvelle-zelande\/\"]}]},{\"@type\":\"BreadcrumbList\",\"@id\":\"https:\/\/www.carideal.com\/blog\/2012\/06\/26\/loeb-remporte-le-rallye-de-nouvelle-zelande\/#breadcrumb\",\"itemListElement\":[{\"@type\":\"ListItem\",\"position\":1,\"name\":\"Blog Carid\u00e9al\",\"item\":\"https:\/\/www.carideal.com\/blog\/\"},{\"@type\":\"ListItem\",\"position\":2,\"name\":\"Sport Automobile\",\"item\":\"https:\/\/www.carideal.com\/blog\/sport-auto\/\"},{\"@type\":\"ListItem\",\"position\":3,\"name\":\"Rallye WRC\",\"item\":\"https:\/\/www.carideal.com\/blog\/sport-auto\/wrc\/\"},{\"@type\":\"ListItem\",\"position\":4,\"name\":\"Loeb remporte le rallye de Nouvelle Z\u00e9lande\"}]},{\"@type\":\"WebSite\",\"@id\":\"https:\/\/www.carideal.com\/blog\/#website\",\"url\":\"https:\/\/www.carideal.com\/blog\/\",\"name\":\"Blog auto Carid\u00e9al\",\"description\":\"Actualit\u00e9 auto par des passionn\u00e9s\",\"publisher\":{\"@id\":\"https:\/\/www.carideal.com\/blog\/#organization\"},\"potentialAction\":[{\"@type\":\"SearchAction\",\"target\":{\"@type\":\"EntryPoint\",\"urlTemplate\":\"https:\/\/www.carideal.com\/blog\/?s={search_term_string}\"},\"query-input\":{\"@type\":\"PropertyValueSpecification\",\"valueRequired\":true,\"valueName\":\"search_term_string\"}}],\"inLanguage\":\"fr-FR\"},{\"@type\":\"Organization\",\"@id\":\"https:\/\/www.carideal.com\/blog\/#organization\",\"name\":\"Carideal\",\"url\":\"https:\/\/www.carideal.com\/blog\/\",\"logo\":{\"@type\":\"ImageObject\",\"inLanguage\":\"fr-FR\",\"@id\":\"https:\/\/www.carideal.com\/blog\/#\/schema\/logo\/image\/\",\"url\":\"http:\/\/www.carideal.com\/blog\/wp-content\/uploads\/2016\/03\/logo-carideal-mandataire-automobile.png\",\"contentUrl\":\"http:\/\/www.carideal.com\/blog\/wp-content\/uploads\/2016\/03\/logo-carideal-mandataire-automobile.png\",\"width\":300,\"height\":300,\"caption\":\"Carideal\"},\"image\":{\"@id\":\"https:\/\/www.carideal.com\/blog\/#\/schema\/logo\/image\/\"},\"sameAs\":[\"https:\/\/www.facebook.com\/Carideal.mandataire.automobile\",\"https:\/\/x.com\/caridealauto\",\"https:\/\/www.instagram.com\/carideal1\/\",\"https:\/\/www.linkedin.com\/company\/carideal.com\",\"https:\/\/fr.pinterest.com\/schiavonsas\/\",\"https:\/\/www.youtube.com\/user\/caridealsas\"]},{\"@type\":\"Person\",\"@id\":\"https:\/\/www.carideal.com\/blog\/#\/schema\/person\/985c7e757d1042d647f21bfaf8d41ebc\",\"name\":\"N.S Carideal\",\"image\":{\"@type\":\"ImageObject\",\"inLanguage\":\"fr-FR\",\"@id\":\"https:\/\/www.carideal.com\/blog\/#\/schema\/person\/image\/\",\"url\":\"https:\/\/secure.gravatar.com\/avatar\/edb7ccdf1a4e3d14aef967760d354d0e?s=96&r=g\",\"contentUrl\":\"https:\/\/secure.gravatar.com\/avatar\/edb7ccdf1a4e3d14aef967760d354d0e?s=96&r=g\",\"caption\":\"N.S Carideal\"},\"description\":\"Depuis tout petit fan d'automobile. Il est question d'essayer et de comparer toutes ces voitures qui nous ont fait r\u00e9ver, avant que celles-ci ne devient uniquement des voitures de collection.\",\"sameAs\":[\"http:\/\/www.carideal.com\/blog\",\"https:\/\/www.facebook.com\/Carideal.mandataire.automobile\/\",\"https:\/\/www.linkedin.com\/in\/nschiavon\/\",\"https:\/\/www.youtube.com\/user\/caridealsas\/\"],\"url\":\"https:\/\/www.carideal.com\/blog\/author\/admin_carideal\/\"}]}<\/script>\n<!-- \/ Yoast SEO plugin. -->","yoast_head_json":{"title":"Loeb remporte le rallye de Nouvelle Z\u00e9lande - Blog auto Carid\u00e9al","robots":{"index":"index","follow":"follow","max-snippet":"max-snippet:-1","max-image-preview":"max-image-preview:large","max-video-preview":"max-video-preview:-1"},"canonical":"https:\/\/www.carideal.com\/blog\/2012\/06\/26\/loeb-remporte-le-rallye-de-nouvelle-zelande\/","og_locale":"fr_FR","og_type":"article","og_title":"Loeb remporte le rallye de Nouvelle Z\u00e9lande - Blog auto Carid\u00e9al","og_description":"Loeb remporte le rallye de nouvelle z\u00e9lande Dimanche 24 Juin Loeb \u00e0 remport\u00e9 le rallye de nouvelle-z\u00e9lande devant son co\u00e9quipier finlandais Mikko Hirvonen.C'est le quatri\u00e8me doubl\u00e9 en rallye WRC pour Citro\u00ebn cette saison.Cette victoire est la cinqui\u00e8me en sept manche sur treize cette ann\u00e9e de Loeb sur Citro\u00ebn DS3.Gr\u00e2ce \u00e0 ce 72e succ\u00e8s de sa ... Lire plus","og_url":"https:\/\/www.carideal.com\/blog\/2012\/06\/26\/loeb-remporte-le-rallye-de-nouvelle-zelande\/","og_site_name":"Blog auto Carid\u00e9al","article_publisher":"https:\/\/www.facebook.com\/Carideal.mandataire.automobile","article_author":"https:\/\/www.facebook.com\/Carideal.mandataire.automobile\/","article_published_time":"2012-06-26T09:01:00+00:00","article_modified_time":"2020-03-08T06:34:00+00:00","og_image":[{"width":300,"height":300,"url":"https:\/\/www.carideal.com\/blog\/wp-content\/uploads\/2016\/03\/logo-carideal-mandataire-automobile.png","type":"image\/png"}],"author":"N.S Carideal","twitter_card":"summary_large_image","twitter_creator":"@caridealauto","twitter_site":"@caridealauto","twitter_misc":{"\u00c9crit par":"N.S Carideal","Dur\u00e9e de lecture estim\u00e9e":"1 minute"},"schema":{"@context":"https:\/\/schema.org","@graph":[{"@type":"Article","@id":"https:\/\/www.carideal.com\/blog\/2012\/06\/26\/loeb-remporte-le-rallye-de-nouvelle-zelande\/#article","isPartOf":{"@id":"https:\/\/www.carideal.com\/blog\/2012\/06\/26\/loeb-remporte-le-rallye-de-nouvelle-zelande\/"},"author":{"name":"N.S Carideal","@id":"https:\/\/www.carideal.com\/blog\/#\/schema\/person\/985c7e757d1042d647f21bfaf8d41ebc"},"headline":"Loeb remporte le rallye de Nouvelle Z\u00e9lande","datePublished":"2012-06-26T09:01:00+00:00","dateModified":"2020-03-08T06:34:00+00:00","mainEntityOfPage":{"@id":"https:\/\/www.carideal.com\/blog\/2012\/06\/26\/loeb-remporte-le-rallye-de-nouvelle-zelande\/"},"wordCount":252,"commentCount":0,"publisher":{"@id":"https:\/\/www.carideal.com\/blog\/#organization"},"keywords":["Mikko Hirvonen","Sebastien Loeb Champion du monde"],"articleSection":["Rallye WRC","Sport Automobile"],"inLanguage":"fr-FR","potentialAction":[{"@type":"CommentAction","name":"Comment","target":["https:\/\/www.carideal.com\/blog\/2012\/06\/26\/loeb-remporte-le-rallye-de-nouvelle-zelande\/#respond"]}]},{"@type":"WebPage","@id":"https:\/\/www.carideal.com\/blog\/2012\/06\/26\/loeb-remporte-le-rallye-de-nouvelle-zelande\/","url":"https:\/\/www.carideal.com\/blog\/2012\/06\/26\/loeb-remporte-le-rallye-de-nouvelle-zelande\/","name":"Loeb remporte le rallye de Nouvelle Z\u00e9lande - Blog auto Carid\u00e9al","isPartOf":{"@id":"https:\/\/www.carideal.com\/blog\/#website"},"datePublished":"2012-06-26T09:01:00+00:00","dateModified":"2020-03-08T06:34:00+00:00","breadcrumb":{"@id":"https:\/\/www.carideal.com\/blog\/2012\/06\/26\/loeb-remporte-le-rallye-de-nouvelle-zelande\/#breadcrumb"},"inLanguage":"fr-FR","potentialAction":[{"@type":"ReadAction","target":["https:\/\/www.carideal.com\/blog\/2012\/06\/26\/loeb-remporte-le-rallye-de-nouvelle-zelande\/"]}]},{"@type":"BreadcrumbList","@id":"https:\/\/www.carideal.com\/blog\/2012\/06\/26\/loeb-remporte-le-rallye-de-nouvelle-zelande\/#breadcrumb","itemListElement":[{"@type":"ListItem","position":1,"name":"Blog Carid\u00e9al","item":"https:\/\/www.carideal.com\/blog\/"},{"@type":"ListItem","position":2,"name":"Sport Automobile","item":"https:\/\/www.carideal.com\/blog\/sport-auto\/"},{"@type":"ListItem","position":3,"name":"Rallye WRC","item":"https:\/\/www.carideal.com\/blog\/sport-auto\/wrc\/"},{"@type":"ListItem","position":4,"name":"Loeb remporte le rallye de Nouvelle Z\u00e9lande"}]},{"@type":"WebSite","@id":"https:\/\/www.carideal.com\/blog\/#website","url":"https:\/\/www.carideal.com\/blog\/","name":"Blog auto Carid\u00e9al","description":"Actualit\u00e9 auto par des passionn\u00e9s","publisher":{"@id":"https:\/\/www.carideal.com\/blog\/#organization"},"potentialAction":[{"@type":"SearchAction","target":{"@type":"EntryPoint","urlTemplate":"https:\/\/www.carideal.com\/blog\/?s={search_term_string}"},"query-input":{"@type":"PropertyValueSpecification","valueRequired":true,"valueName":"search_term_string"}}],"inLanguage":"fr-FR"},{"@type":"Organization","@id":"https:\/\/www.carideal.com\/blog\/#organization","name":"Carideal","url":"https:\/\/www.carideal.com\/blog\/","logo":{"@type":"ImageObject","inLanguage":"fr-FR","@id":"https:\/\/www.carideal.com\/blog\/#\/schema\/logo\/image\/","url":"http:\/\/www.carideal.com\/blog\/wp-content\/uploads\/2016\/03\/logo-carideal-mandataire-automobile.png","contentUrl":"http:\/\/www.carideal.com\/blog\/wp-content\/uploads\/2016\/03\/logo-carideal-mandataire-automobile.png","width":300,"height":300,"caption":"Carideal"},"image":{"@id":"https:\/\/www.carideal.com\/blog\/#\/schema\/logo\/image\/"},"sameAs":["https:\/\/www.facebook.com\/Carideal.mandataire.automobile","https:\/\/x.com\/caridealauto","https:\/\/www.instagram.com\/carideal1\/","https:\/\/www.linkedin.com\/company\/carideal.com","https:\/\/fr.pinterest.com\/schiavonsas\/","https:\/\/www.youtube.com\/user\/caridealsas"]},{"@type":"Person","@id":"https:\/\/www.carideal.com\/blog\/#\/schema\/person\/985c7e757d1042d647f21bfaf8d41ebc","name":"N.S Carideal","image":{"@type":"ImageObject","inLanguage":"fr-FR","@id":"https:\/\/www.carideal.com\/blog\/#\/schema\/person\/image\/","url":"https:\/\/secure.gravatar.com\/avatar\/edb7ccdf1a4e3d14aef967760d354d0e?s=96&r=g","contentUrl":"https:\/\/secure.gravatar.com\/avatar\/edb7ccdf1a4e3d14aef967760d354d0e?s=96&r=g","caption":"N.S Carideal"},"description":"Depuis tout petit fan d'automobile. Il est question d'essayer et de comparer toutes ces voitures qui nous ont fait r\u00e9ver, avant que celles-ci ne devient uniquement des voitures de collection.","sameAs":["http:\/\/www.carideal.com\/blog","https:\/\/www.facebook.com\/Carideal.mandataire.automobile\/","https:\/\/www.linkedin.com\/in\/nschiavon\/","https:\/\/www.youtube.com\/user\/caridealsas\/"],"url":"https:\/\/www.carideal.com\/blog\/author\/admin_carideal\/"}]}},"uagb_featured_image_src":{"full":false,"thumbnail":false,"medium":false,"medium_large":false,"large":false,"1536x1536":false,"2048x2048":false,"wppr-widget":false},"uagb_author_info":{"display_name":"N.S Carideal","author_link":"https:\/\/www.carideal.com\/blog\/author\/admin_carideal\/"},"uagb_comment_info":0,"uagb_excerpt":"Loeb remporte le rallye de nouvelle z\u00e9lande Dimanche 24 Juin Loeb \u00e0 remport\u00e9 le rallye de nouvelle-z\u00e9lande devant son co\u00e9quipier finlandais Mikko Hirvonen.C'est le quatri\u00e8me doubl\u00e9 en rallye WRC pour Citro\u00ebn cette saison.Cette victoire est la cinqui\u00e8me en sept manche sur treize cette ann\u00e9e de Loeb sur Citro\u00ebn DS3.Gr\u00e2ce \u00e0 ce 72e succ\u00e8s de sa\u2026","_links":{"self":[{"href":"https:\/\/www.carideal.com\/blog\/wp-json\/wp\/v2\/posts\/1767"}],"collection":[{"href":"https:\/\/www.carideal.com\/blog\/wp-json\/wp\/v2\/posts"}],"about":[{"href":"https:\/\/www.carideal.com\/blog\/wp-json\/wp\/v2\/types\/post"}],"author":[{"embeddable":true,"href":"https:\/\/www.carideal.com\/blog\/wp-json\/wp\/v2\/users\/1"}],"replies":[{"embeddable":true,"href":"https:\/\/www.carideal.com\/blog\/wp-json\/wp\/v2\/comments?post=1767"}],"version-history":[{"count":0,"href":"https:\/\/www.carideal.com\/blog\/wp-json\/wp\/v2\/posts\/1767\/revisions"}],"wp:attachment":[{"href":"https:\/\/www.carideal.com\/blog\/wp-json\/wp\/v2\/media?parent=1767"}],"wp:term":[{"taxonomy":"category","embeddable":true,"href":"https:\/\/www.carideal.com\/blog\/wp-json\/wp\/v2\/categories?post=1767"},{"taxonomy":"post_tag","embeddable":true,"href":"https:\/\/www.carideal.com\/blog\/wp-json\/wp\/v2\/tags?post=1767"}],"curies":[{"name":"wp","href":"https:\/\/api.w.org\/{rel}","templated":true}]}}