{"id":1765,"date":"2012-05-23T15:50:00","date_gmt":"2012-05-23T15:50:00","guid":{"rendered":"http:\/\/carideal.com\/blog\/?p=1765"},"modified":"2020-03-08T07:34:00","modified_gmt":"2020-03-08T06:34:00","slug":"mikko-hirvonen-sen-va-en-grece-au-rallye-de-l-acropole","status":"publish","type":"post","link":"https:\/\/www.carideal.com\/blog\/2012\/05\/23\/mikko-hirvonen-sen-va-en-grece-au-rallye-de-l-acropole\/","title":{"rendered":"Mikko Hirvonen au rallye de l Acropole"},"content":{"rendered":"<h1><strong>Mikko Hirvonen s'en va en Gr\u00e8ce au Rallye de l'Acropole<\/strong><\/h1>\n<blockquote><p>Ha il est B\u00f4\u00a0! LOL<\/p><\/blockquote>\n<p>Mikko Hirvonen et Jarmo Lehtinen en voyage du Rallye d'Argentine \u00e0 celui de Acropolis Rally en Gr\u00e8ce.<\/p>\n<blockquote><p>Une sacr\u00e9 mise en sc\u00e8ne<\/p><\/blockquote>\n<p>On aime son sens de l'humour, et il ne se prend pas au s\u00e9rieux...tout ce que l'on aime !<\/p>\n<blockquote><p>Mikko Hirvonen Jarmo Lehtinen citroen wrc<\/p><\/blockquote>\n<p>&nbsp;<\/p>\n<p><iframe loading=\"lazy\" src=\"http:\/\/www.youtube.com\/embed\/aJjoAVDS63I\" width=\"640\" height=\"360\" frameborder=\"0\" allowfullscreen=\"allowfullscreen\"><\/iframe><\/p>\n<p>\/ Mikko Hirvonen au Portugal<\/p>\n","protected":false},"excerpt":{"rendered":"<p>Mikko Hirvonen s&rsquo;en va en Gr\u00e8ce au Rallye de l&rsquo;Acropole Ha il est B\u00f4\u00a0! LOL Mikko Hirvonen et Jarmo Lehtinen en voyage du Rallye d&rsquo;Argentine \u00e0 celui de Acropolis Rally en Gr\u00e8ce. Une sacr\u00e9 mise en sc\u00e8ne On aime son sens de l&rsquo;humour, et il ne se prend pas au s\u00e9rieux&#8230;tout ce que l&rsquo;on aime &#8230; <a title=\"Mikko Hirvonen au rallye de l Acropole\" class=\"read-more\" href=\"https:\/\/www.carideal.com\/blog\/2012\/05\/23\/mikko-hirvonen-sen-va-en-grece-au-rallye-de-l-acropole\/\" aria-label=\"En savoir plus sur Mikko Hirvonen au rallye de l Acropole\">Lire plus<\/a><\/p>\n","protected":false},"author":1,"featured_media":0,"comment_status":"open","ping_status":"open","sticky":false,"template":"","format":"standard","meta":{"_uag_custom_page_level_css":"","_themeisle_gutenberg_block_has_review":false,"footnotes":""},"categories":[6160,16,18],"tags":[4615],"class_list":["post-1765","post","type-post","status-publish","format-standard","hentry","category-wrc","category-sport-auto","category-videos","tag-mikko-hirvonen"],"wppr_data":{"cwp_meta_box_check":"No"},"yoast_head":"<!-- This site is optimized with the Yoast SEO plugin v24.8.1 - https:\/\/yoast.com\/wordpress\/plugins\/seo\/ -->\n<title>Mikko Hirvonen au rallye de l Acropole - Blog auto Carid\u00e9al<\/title>\n<meta name=\"robots\" content=\"index, follow, max-snippet:-1, max-image-preview:large, max-video-preview:-1\" \/>\n<link rel=\"canonical\" href=\"https:\/\/www.carideal.com\/blog\/2012\/05\/23\/mikko-hirvonen-sen-va-en-grece-au-rallye-de-l-acropole\/\" \/>\n<meta property=\"og:locale\" content=\"fr_FR\" \/>\n<meta property=\"og:type\" content=\"article\" \/>\n<meta property=\"og:title\" content=\"Mikko Hirvonen au rallye de l Acropole - Blog auto Carid\u00e9al\" \/>\n<meta property=\"og:description\" content=\"Mikko Hirvonen s&#039;en va en Gr\u00e8ce au Rallye de l&#039;Acropole Ha il est B\u00f4\u00a0! LOL Mikko Hirvonen et Jarmo Lehtinen en voyage du Rallye d&#039;Argentine \u00e0 celui de Acropolis Rally en Gr\u00e8ce. Une sacr\u00e9 mise en sc\u00e8ne On aime son sens de l&#039;humour, et il ne se prend pas au s\u00e9rieux...tout ce que l&#039;on aime ... Lire plus\" \/>\n<meta property=\"og:url\" content=\"https:\/\/www.carideal.com\/blog\/2012\/05\/23\/mikko-hirvonen-sen-va-en-grece-au-rallye-de-l-acropole\/\" \/>\n<meta property=\"og:site_name\" content=\"Blog auto Carid\u00e9al\" \/>\n<meta property=\"article:publisher\" content=\"https:\/\/www.facebook.com\/Carideal.mandataire.automobile\" \/>\n<meta property=\"article:author\" content=\"https:\/\/www.facebook.com\/Carideal.mandataire.automobile\/\" \/>\n<meta property=\"article:published_time\" content=\"2012-05-23T15:50:00+00:00\" \/>\n<meta property=\"article:modified_time\" content=\"2020-03-08T06:34:00+00:00\" \/>\n<meta property=\"og:image\" content=\"https:\/\/www.carideal.com\/blog\/wp-content\/uploads\/2016\/03\/logo-carideal-mandataire-automobile.png\" \/>\n\t<meta property=\"og:image:width\" content=\"300\" \/>\n\t<meta property=\"og:image:height\" content=\"300\" \/>\n\t<meta property=\"og:image:type\" content=\"image\/png\" \/>\n<meta name=\"author\" content=\"N.S Carideal\" \/>\n<meta name=\"twitter:card\" content=\"summary_large_image\" \/>\n<meta name=\"twitter:creator\" content=\"@caridealauto\" \/>\n<meta name=\"twitter:site\" content=\"@caridealauto\" \/>\n<meta name=\"twitter:label1\" content=\"\u00c9crit par\" \/>\n\t<meta name=\"twitter:data1\" content=\"N.S Carideal\" \/>\n<script type=\"application\/ld+json\" class=\"yoast-schema-graph\">{\"@context\":\"https:\/\/schema.org\",\"@graph\":[{\"@type\":\"Article\",\"@id\":\"https:\/\/www.carideal.com\/blog\/2012\/05\/23\/mikko-hirvonen-sen-va-en-grece-au-rallye-de-l-acropole\/#article\",\"isPartOf\":{\"@id\":\"https:\/\/www.carideal.com\/blog\/2012\/05\/23\/mikko-hirvonen-sen-va-en-grece-au-rallye-de-l-acropole\/\"},\"author\":{\"name\":\"N.S Carideal\",\"@id\":\"https:\/\/www.carideal.com\/blog\/#\/schema\/person\/985c7e757d1042d647f21bfaf8d41ebc\"},\"headline\":\"Mikko Hirvonen au rallye de l Acropole\",\"datePublished\":\"2012-05-23T15:50:00+00:00\",\"dateModified\":\"2020-03-08T06:34:00+00:00\",\"mainEntityOfPage\":{\"@id\":\"https:\/\/www.carideal.com\/blog\/2012\/05\/23\/mikko-hirvonen-sen-va-en-grece-au-rallye-de-l-acropole\/\"},\"wordCount\":77,\"commentCount\":0,\"publisher\":{\"@id\":\"https:\/\/www.carideal.com\/blog\/#organization\"},\"keywords\":[\"Mikko Hirvonen\"],\"articleSection\":[\"Rallye WRC\",\"Sport Automobile\",\"Vid\u00e9o voiture : vid\u00e9o automobile\"],\"inLanguage\":\"fr-FR\",\"potentialAction\":[{\"@type\":\"CommentAction\",\"name\":\"Comment\",\"target\":[\"https:\/\/www.carideal.com\/blog\/2012\/05\/23\/mikko-hirvonen-sen-va-en-grece-au-rallye-de-l-acropole\/#respond\"]}]},{\"@type\":\"WebPage\",\"@id\":\"https:\/\/www.carideal.com\/blog\/2012\/05\/23\/mikko-hirvonen-sen-va-en-grece-au-rallye-de-l-acropole\/\",\"url\":\"https:\/\/www.carideal.com\/blog\/2012\/05\/23\/mikko-hirvonen-sen-va-en-grece-au-rallye-de-l-acropole\/\",\"name\":\"Mikko Hirvonen au rallye de l Acropole - Blog auto Carid\u00e9al\",\"isPartOf\":{\"@id\":\"https:\/\/www.carideal.com\/blog\/#website\"},\"datePublished\":\"2012-05-23T15:50:00+00:00\",\"dateModified\":\"2020-03-08T06:34:00+00:00\",\"breadcrumb\":{\"@id\":\"https:\/\/www.carideal.com\/blog\/2012\/05\/23\/mikko-hirvonen-sen-va-en-grece-au-rallye-de-l-acropole\/#breadcrumb\"},\"inLanguage\":\"fr-FR\",\"potentialAction\":[{\"@type\":\"ReadAction\",\"target\":[\"https:\/\/www.carideal.com\/blog\/2012\/05\/23\/mikko-hirvonen-sen-va-en-grece-au-rallye-de-l-acropole\/\"]}]},{\"@type\":\"BreadcrumbList\",\"@id\":\"https:\/\/www.carideal.com\/blog\/2012\/05\/23\/mikko-hirvonen-sen-va-en-grece-au-rallye-de-l-acropole\/#breadcrumb\",\"itemListElement\":[{\"@type\":\"ListItem\",\"position\":1,\"name\":\"Blog Carid\u00e9al\",\"item\":\"https:\/\/www.carideal.com\/blog\/\"},{\"@type\":\"ListItem\",\"position\":2,\"name\":\"Sport Automobile\",\"item\":\"https:\/\/www.carideal.com\/blog\/sport-auto\/\"},{\"@type\":\"ListItem\",\"position\":3,\"name\":\"Rallye WRC\",\"item\":\"https:\/\/www.carideal.com\/blog\/sport-auto\/wrc\/\"},{\"@type\":\"ListItem\",\"position\":4,\"name\":\"Mikko Hirvonen au rallye de l Acropole\"}]},{\"@type\":\"WebSite\",\"@id\":\"https:\/\/www.carideal.com\/blog\/#website\",\"url\":\"https:\/\/www.carideal.com\/blog\/\",\"name\":\"Blog auto Carid\u00e9al\",\"description\":\"Actualit\u00e9 auto par des passionn\u00e9s\",\"publisher\":{\"@id\":\"https:\/\/www.carideal.com\/blog\/#organization\"},\"potentialAction\":[{\"@type\":\"SearchAction\",\"target\":{\"@type\":\"EntryPoint\",\"urlTemplate\":\"https:\/\/www.carideal.com\/blog\/?s={search_term_string}\"},\"query-input\":{\"@type\":\"PropertyValueSpecification\",\"valueRequired\":true,\"valueName\":\"search_term_string\"}}],\"inLanguage\":\"fr-FR\"},{\"@type\":\"Organization\",\"@id\":\"https:\/\/www.carideal.com\/blog\/#organization\",\"name\":\"Carideal\",\"url\":\"https:\/\/www.carideal.com\/blog\/\",\"logo\":{\"@type\":\"ImageObject\",\"inLanguage\":\"fr-FR\",\"@id\":\"https:\/\/www.carideal.com\/blog\/#\/schema\/logo\/image\/\",\"url\":\"http:\/\/www.carideal.com\/blog\/wp-content\/uploads\/2016\/03\/logo-carideal-mandataire-automobile.png\",\"contentUrl\":\"http:\/\/www.carideal.com\/blog\/wp-content\/uploads\/2016\/03\/logo-carideal-mandataire-automobile.png\",\"width\":300,\"height\":300,\"caption\":\"Carideal\"},\"image\":{\"@id\":\"https:\/\/www.carideal.com\/blog\/#\/schema\/logo\/image\/\"},\"sameAs\":[\"https:\/\/www.facebook.com\/Carideal.mandataire.automobile\",\"https:\/\/x.com\/caridealauto\",\"https:\/\/www.instagram.com\/carideal1\/\",\"https:\/\/www.linkedin.com\/company\/carideal.com\",\"https:\/\/fr.pinterest.com\/schiavonsas\/\",\"https:\/\/www.youtube.com\/user\/caridealsas\"]},{\"@type\":\"Person\",\"@id\":\"https:\/\/www.carideal.com\/blog\/#\/schema\/person\/985c7e757d1042d647f21bfaf8d41ebc\",\"name\":\"N.S Carideal\",\"image\":{\"@type\":\"ImageObject\",\"inLanguage\":\"fr-FR\",\"@id\":\"https:\/\/www.carideal.com\/blog\/#\/schema\/person\/image\/\",\"url\":\"https:\/\/secure.gravatar.com\/avatar\/edb7ccdf1a4e3d14aef967760d354d0e?s=96&r=g\",\"contentUrl\":\"https:\/\/secure.gravatar.com\/avatar\/edb7ccdf1a4e3d14aef967760d354d0e?s=96&r=g\",\"caption\":\"N.S Carideal\"},\"description\":\"Depuis tout petit fan d'automobile. Il est question d'essayer et de comparer toutes ces voitures qui nous ont fait r\u00e9ver, avant que celles-ci ne devient uniquement des voitures de collection.\",\"sameAs\":[\"http:\/\/www.carideal.com\/blog\",\"https:\/\/www.facebook.com\/Carideal.mandataire.automobile\/\",\"https:\/\/www.linkedin.com\/in\/nschiavon\/\",\"https:\/\/www.youtube.com\/user\/caridealsas\/\"],\"url\":\"https:\/\/www.carideal.com\/blog\/author\/admin_carideal\/\"}]}<\/script>\n<!-- \/ Yoast SEO plugin. -->","yoast_head_json":{"title":"Mikko Hirvonen au rallye de l Acropole - Blog auto Carid\u00e9al","robots":{"index":"index","follow":"follow","max-snippet":"max-snippet:-1","max-image-preview":"max-image-preview:large","max-video-preview":"max-video-preview:-1"},"canonical":"https:\/\/www.carideal.com\/blog\/2012\/05\/23\/mikko-hirvonen-sen-va-en-grece-au-rallye-de-l-acropole\/","og_locale":"fr_FR","og_type":"article","og_title":"Mikko Hirvonen au rallye de l Acropole - Blog auto Carid\u00e9al","og_description":"Mikko Hirvonen s'en va en Gr\u00e8ce au Rallye de l'Acropole Ha il est B\u00f4\u00a0! LOL Mikko Hirvonen et Jarmo Lehtinen en voyage du Rallye d'Argentine \u00e0 celui de Acropolis Rally en Gr\u00e8ce. Une sacr\u00e9 mise en sc\u00e8ne On aime son sens de l'humour, et il ne se prend pas au s\u00e9rieux...tout ce que l'on aime ... Lire plus","og_url":"https:\/\/www.carideal.com\/blog\/2012\/05\/23\/mikko-hirvonen-sen-va-en-grece-au-rallye-de-l-acropole\/","og_site_name":"Blog auto Carid\u00e9al","article_publisher":"https:\/\/www.facebook.com\/Carideal.mandataire.automobile","article_author":"https:\/\/www.facebook.com\/Carideal.mandataire.automobile\/","article_published_time":"2012-05-23T15:50:00+00:00","article_modified_time":"2020-03-08T06:34:00+00:00","og_image":[{"width":300,"height":300,"url":"https:\/\/www.carideal.com\/blog\/wp-content\/uploads\/2016\/03\/logo-carideal-mandataire-automobile.png","type":"image\/png"}],"author":"N.S Carideal","twitter_card":"summary_large_image","twitter_creator":"@caridealauto","twitter_site":"@caridealauto","twitter_misc":{"\u00c9crit par":"N.S Carideal"},"schema":{"@context":"https:\/\/schema.org","@graph":[{"@type":"Article","@id":"https:\/\/www.carideal.com\/blog\/2012\/05\/23\/mikko-hirvonen-sen-va-en-grece-au-rallye-de-l-acropole\/#article","isPartOf":{"@id":"https:\/\/www.carideal.com\/blog\/2012\/05\/23\/mikko-hirvonen-sen-va-en-grece-au-rallye-de-l-acropole\/"},"author":{"name":"N.S Carideal","@id":"https:\/\/www.carideal.com\/blog\/#\/schema\/person\/985c7e757d1042d647f21bfaf8d41ebc"},"headline":"Mikko Hirvonen au rallye de l Acropole","datePublished":"2012-05-23T15:50:00+00:00","dateModified":"2020-03-08T06:34:00+00:00","mainEntityOfPage":{"@id":"https:\/\/www.carideal.com\/blog\/2012\/05\/23\/mikko-hirvonen-sen-va-en-grece-au-rallye-de-l-acropole\/"},"wordCount":77,"commentCount":0,"publisher":{"@id":"https:\/\/www.carideal.com\/blog\/#organization"},"keywords":["Mikko Hirvonen"],"articleSection":["Rallye WRC","Sport Automobile","Vid\u00e9o voiture : vid\u00e9o automobile"],"inLanguage":"fr-FR","potentialAction":[{"@type":"CommentAction","name":"Comment","target":["https:\/\/www.carideal.com\/blog\/2012\/05\/23\/mikko-hirvonen-sen-va-en-grece-au-rallye-de-l-acropole\/#respond"]}]},{"@type":"WebPage","@id":"https:\/\/www.carideal.com\/blog\/2012\/05\/23\/mikko-hirvonen-sen-va-en-grece-au-rallye-de-l-acropole\/","url":"https:\/\/www.carideal.com\/blog\/2012\/05\/23\/mikko-hirvonen-sen-va-en-grece-au-rallye-de-l-acropole\/","name":"Mikko Hirvonen au rallye de l Acropole - Blog auto Carid\u00e9al","isPartOf":{"@id":"https:\/\/www.carideal.com\/blog\/#website"},"datePublished":"2012-05-23T15:50:00+00:00","dateModified":"2020-03-08T06:34:00+00:00","breadcrumb":{"@id":"https:\/\/www.carideal.com\/blog\/2012\/05\/23\/mikko-hirvonen-sen-va-en-grece-au-rallye-de-l-acropole\/#breadcrumb"},"inLanguage":"fr-FR","potentialAction":[{"@type":"ReadAction","target":["https:\/\/www.carideal.com\/blog\/2012\/05\/23\/mikko-hirvonen-sen-va-en-grece-au-rallye-de-l-acropole\/"]}]},{"@type":"BreadcrumbList","@id":"https:\/\/www.carideal.com\/blog\/2012\/05\/23\/mikko-hirvonen-sen-va-en-grece-au-rallye-de-l-acropole\/#breadcrumb","itemListElement":[{"@type":"ListItem","position":1,"name":"Blog Carid\u00e9al","item":"https:\/\/www.carideal.com\/blog\/"},{"@type":"ListItem","position":2,"name":"Sport Automobile","item":"https:\/\/www.carideal.com\/blog\/sport-auto\/"},{"@type":"ListItem","position":3,"name":"Rallye WRC","item":"https:\/\/www.carideal.com\/blog\/sport-auto\/wrc\/"},{"@type":"ListItem","position":4,"name":"Mikko Hirvonen au rallye de l Acropole"}]},{"@type":"WebSite","@id":"https:\/\/www.carideal.com\/blog\/#website","url":"https:\/\/www.carideal.com\/blog\/","name":"Blog auto Carid\u00e9al","description":"Actualit\u00e9 auto par des passionn\u00e9s","publisher":{"@id":"https:\/\/www.carideal.com\/blog\/#organization"},"potentialAction":[{"@type":"SearchAction","target":{"@type":"EntryPoint","urlTemplate":"https:\/\/www.carideal.com\/blog\/?s={search_term_string}"},"query-input":{"@type":"PropertyValueSpecification","valueRequired":true,"valueName":"search_term_string"}}],"inLanguage":"fr-FR"},{"@type":"Organization","@id":"https:\/\/www.carideal.com\/blog\/#organization","name":"Carideal","url":"https:\/\/www.carideal.com\/blog\/","logo":{"@type":"ImageObject","inLanguage":"fr-FR","@id":"https:\/\/www.carideal.com\/blog\/#\/schema\/logo\/image\/","url":"http:\/\/www.carideal.com\/blog\/wp-content\/uploads\/2016\/03\/logo-carideal-mandataire-automobile.png","contentUrl":"http:\/\/www.carideal.com\/blog\/wp-content\/uploads\/2016\/03\/logo-carideal-mandataire-automobile.png","width":300,"height":300,"caption":"Carideal"},"image":{"@id":"https:\/\/www.carideal.com\/blog\/#\/schema\/logo\/image\/"},"sameAs":["https:\/\/www.facebook.com\/Carideal.mandataire.automobile","https:\/\/x.com\/caridealauto","https:\/\/www.instagram.com\/carideal1\/","https:\/\/www.linkedin.com\/company\/carideal.com","https:\/\/fr.pinterest.com\/schiavonsas\/","https:\/\/www.youtube.com\/user\/caridealsas"]},{"@type":"Person","@id":"https:\/\/www.carideal.com\/blog\/#\/schema\/person\/985c7e757d1042d647f21bfaf8d41ebc","name":"N.S Carideal","image":{"@type":"ImageObject","inLanguage":"fr-FR","@id":"https:\/\/www.carideal.com\/blog\/#\/schema\/person\/image\/","url":"https:\/\/secure.gravatar.com\/avatar\/edb7ccdf1a4e3d14aef967760d354d0e?s=96&r=g","contentUrl":"https:\/\/secure.gravatar.com\/avatar\/edb7ccdf1a4e3d14aef967760d354d0e?s=96&r=g","caption":"N.S Carideal"},"description":"Depuis tout petit fan d'automobile. Il est question d'essayer et de comparer toutes ces voitures qui nous ont fait r\u00e9ver, avant que celles-ci ne devient uniquement des voitures de collection.","sameAs":["http:\/\/www.carideal.com\/blog","https:\/\/www.facebook.com\/Carideal.mandataire.automobile\/","https:\/\/www.linkedin.com\/in\/nschiavon\/","https:\/\/www.youtube.com\/user\/caridealsas\/"],"url":"https:\/\/www.carideal.com\/blog\/author\/admin_carideal\/"}]}},"uagb_featured_image_src":{"full":false,"thumbnail":false,"medium":false,"medium_large":false,"large":false,"1536x1536":false,"2048x2048":false,"wppr-widget":false},"uagb_author_info":{"display_name":"N.S Carideal","author_link":"https:\/\/www.carideal.com\/blog\/author\/admin_carideal\/"},"uagb_comment_info":0,"uagb_excerpt":"Mikko Hirvonen s'en va en Gr\u00e8ce au Rallye de l'Acropole Ha il est B\u00f4\u00a0! LOL Mikko Hirvonen et Jarmo Lehtinen en voyage du Rallye d'Argentine \u00e0 celui de Acropolis Rally en Gr\u00e8ce. Une sacr\u00e9 mise en sc\u00e8ne On aime son sens de l'humour, et il ne se prend pas au s\u00e9rieux...tout ce que l'on aime\u2026","_links":{"self":[{"href":"https:\/\/www.carideal.com\/blog\/wp-json\/wp\/v2\/posts\/1765"}],"collection":[{"href":"https:\/\/www.carideal.com\/blog\/wp-json\/wp\/v2\/posts"}],"about":[{"href":"https:\/\/www.carideal.com\/blog\/wp-json\/wp\/v2\/types\/post"}],"author":[{"embeddable":true,"href":"https:\/\/www.carideal.com\/blog\/wp-json\/wp\/v2\/users\/1"}],"replies":[{"embeddable":true,"href":"https:\/\/www.carideal.com\/blog\/wp-json\/wp\/v2\/comments?post=1765"}],"version-history":[{"count":0,"href":"https:\/\/www.carideal.com\/blog\/wp-json\/wp\/v2\/posts\/1765\/revisions"}],"wp:attachment":[{"href":"https:\/\/www.carideal.com\/blog\/wp-json\/wp\/v2\/media?parent=1765"}],"wp:term":[{"taxonomy":"category","embeddable":true,"href":"https:\/\/www.carideal.com\/blog\/wp-json\/wp\/v2\/categories?post=1765"},{"taxonomy":"post_tag","embeddable":true,"href":"https:\/\/www.carideal.com\/blog\/wp-json\/wp\/v2\/tags?post=1765"}],"curies":[{"name":"wp","href":"https:\/\/api.w.org\/{rel}","templated":true}]}}