{"id":176,"date":"2010-10-07T17:40:00","date_gmt":"2010-10-07T17:40:00","guid":{"rendered":"http:\/\/carideal.com\/blog\/?p=176"},"modified":"2016-11-01T19:54:06","modified_gmt":"2016-11-01T18:54:06","slug":"l-emission-de-tv-c-est-pas-sorcier-se-penche-sur-la-voiture-electrique","status":"publish","type":"post","link":"https:\/\/www.carideal.com\/blog\/2010\/10\/07\/l-emission-de-tv-c-est-pas-sorcier-se-penche-sur-la-voiture-electrique\/","title":{"rendered":"C est pas sorcier se penche sur la voiture \u00e9lectrique"},"content":{"rendered":"<h1><strong>L'\u00e9mission de TV c'est pas sorcier se penche sur la voiture \u00e9lectrique<\/strong><\/h1>\n<figure id=\"attachment_13030\" aria-describedby=\"caption-attachment-13030\" style=\"width: 790px\" class=\"wp-caption aligncenter\"><a href=\"http:\/\/www.carideal.com\/blog\/wp-content\/uploads\/2010\/10\/cest-pas-sorcier-voiture-electrique-2.jpg\"><img loading=\"lazy\" decoding=\"async\" class=\"wp-image-13030 size-full\" title=\"\u00c9mission de TV c'est pas sorcier sur les voiture \u00e9lectriques\" src=\"http:\/\/www.carideal.com\/blog\/wp-content\/uploads\/2010\/10\/cest-pas-sorcier-voiture-electrique-2.jpg\" alt=\"\u00c9mission de TV c'est pas sorcier sur les voiture \u00e9lectriques\" width=\"800\" height=\"533\" srcset=\"https:\/\/www.carideal.com\/blog\/wp-content\/uploads\/2010\/10\/cest-pas-sorcier-voiture-electrique-2.jpg 800w, https:\/\/www.carideal.com\/blog\/wp-content\/uploads\/2010\/10\/cest-pas-sorcier-voiture-electrique-2-300x200.jpg 300w, https:\/\/www.carideal.com\/blog\/wp-content\/uploads\/2010\/10\/cest-pas-sorcier-voiture-electrique-2-768x512.jpg 768w\" sizes=\"(max-width: 800px) 100vw, 800px\" \/><\/a><figcaption id=\"caption-attachment-13030\" class=\"wp-caption-text\">\u00c9mission de TV c'est pas sorcier sur les voiture \u00e9lectriques<\/figcaption><\/figure>\n<p>\u00c9mission de TV c'est pas sorcier nous parle de la voiture \u00e9lectrique. La vedette du mondial de l'automobile n'est pas la voiture \u00e9lectrique mais sa batterie. La technologie rec\u00e8le de nombreuses incertitudes sur sa nature et son fonctionnement\u00a0! L'\u00e9mission de France 3, et son p\u00e9dagogue Jamy la d\u00e9cryptent en 26 minutes sous toutes les d\u00e9clinaisons automobiles.<\/p>\n<p>Le p\u00e9trole se rar\u00e9fie et les normes europ\u00e9ennes sur les \u00e9missions de gaz polluants et \u00e0 effet de serre se durcissent et\u00a0\u00a0la voiture \u00e9lectrique appara\u00eet comme une solution prometteuse.<\/p>\n<p>Les premi\u00e8res voitures des constructeurs arriveront cette ann\u00e9e sur nos routes. Mais tout n\u2019est pas r\u00e9gl\u00e9 pour autant : il faut trouver des standarts europ\u00e9ens et mondiaux, il faut travailler sur\u00a0l\u2019<a href=\"http:\/\/www.carideal.com\/blog\/2014\/08\/25\/la-voiture-electrique-patine-faute-d-infrastructures\/\">installation des bornes de recharge<\/a>, les <a href=\"http:\/\/www.carideal.com\/blog\/2013\/01\/16\/les-bornes-de-recharge-electrique\/\">syst\u00e8mes de recharge\u00a0de batterie<\/a> et faire baisser les prix des <a href=\"http:\/\/www.carideal.com\/blog\/2014\/04\/14\/voiture-electrique-croissance-soutenue\/\">voitures \u00e9lectriques<\/a>. Beaucoup de points restent \u00e0 r\u00e9gler.<\/p>\n<p>Les inconv\u00e9nient majeures restent qu'avec une autonomie plus faible qu\u2019une voiture \u00e0 essence, mais des performances plus int\u00e9ressantes, les automobilistes sauteront-ils le pas ?<\/p>\n<p>Fred et Jamy, se sont empar\u00e9s du dossier et vont se mettre \u00e0 la recherche d'une voiture \u00e9lectrique pour la Petite Voix. Ils vont r\u00e9pondre ainsi \u00e0 toutes les questions que soul\u00e8ve cette nouvelle motoriastion pour les v\u00e9hicules.<\/p>\n<h2>Les mod\u00e8les de voiture \u00e9lectrique essay\u00e9s dans l'\u00e9mission de TV c'est pas sorcier<\/h2>\n<p>Fred et Jamy vont essayer plusieur voiture \u00e9lectrique dans l'\u00e9mission de TV c'est pas sorcier :<\/p>\n<ul>\n<li>Coup\u00e9 sport Tesla (Tesla Motors), le constructeur automobile am\u00e9ricain prouve\u00a0que la voiture \u00e9lectrique n\u2019a rien \u00e0 envier aux voitures sportives haut de gamme.<\/li>\n<li>La Twizzy de Renault, l'\u00e9mission ne parle pas des inconv\u00e9nients mais Jamy s\u2019aper\u00e7oit que ces v\u00e9hicules sont tr\u00e8s silencieux, il risque d'\u00eatre tr\u00e8s dangereux pour les pi\u00e9tons !<\/li>\n<\/ul>\n<p>Pour le moment les <a href=\"http:\/\/www.carideal.com\/blog\/2015\/11\/04\/des-chercheurs-anglais-mettent-au-point-une-batterie-offrant-600-km-dautonomie\/\" target=\"_blank\">batteries<\/a> n'ont pas un assez bon rendement la d\u00e9monstration avec une impressionnante batterie de 250 kilogrammes qui n'offre qu'une autonomie de 150 kilom\u00e8tres\u2026 Fred\u00a0teste pour l'\u00e9mission de TV c'est pas sorcier\u00a0la <a href=\"http:\/\/www.voitureelectrique.net\/peugeot-bb1-electrique-concept-850\" target=\"_blank\">BB1 de Peugeot<\/a>, Une int\u00e9ressante solution technique, Peugeot a log\u00e9 les moteurs \u00e9lectriques de la BB1 dans ses roues arri\u00e8res. L'autonomie gagne quelques kilom\u00e8tres, mais cela reste insuffisant pour les longs trajets.<\/p>\n<p>Fred fait la d\u00e9monstration de la la recharge de sa voiture \u00e9lectrique <a href=\"http:\/\/www.carideal.com\/blog\/2011\/01\/04\/la-bollore-bluecar-equipera-autolib\/\" target=\"_blank\">Blue Car de Bollor\u00e9<\/a> en six heures. Reprenant la route,<\/p>\n<p>A \u00a0la fin de l'\u00e9mission\u00a0Fred ira m\u00eame jusqu'\u00e0 teste une voiture hybride. La <a href=\"http:\/\/www.carideal.com\/blog\/2010\/09\/24\/voiture-hybride-le-grand-bluff\/\">voiture hybride<\/a> permet d'\u00e9viter de tomber en panne lorsque la batterie est vide. Le moteur thermique se met alors en route pour mouvoir la voiture et augmenter ainsi son autonomie. De l\u00e0 \u00e0 dire que l'on roule plus propre, nous on n'est pas d'accord.<\/p>\n<h2>Donc pour r\u00e9sumer on verra dans cette \u00e9mission de TV c'est pas sorcier :<\/h2>\n<ul>\n<li>Le fonctionnement d'une batterie lithium<\/li>\n<li>Le bon compromis poids, volume, autonomie pour une\u00a0batterie<\/li>\n<li>Les diff\u00e9rences de rendement entre le moteur \u00e9lectrique et le moteur thermique<\/li>\n<li>Que se passe-t-il lors\u00a0de la recharge une batterie<\/li>\n<li>Comment recharger sa batterie pour consommer le moins d\u2019\u00e9nergie<\/li>\n<li>Le fonctionnement d'un moteur hybride<\/li>\n<\/ul>\n<h2>Vid\u00e9o de l'\u00e9mission c'est pas sorcier consacr\u00e9e \u00e0 la voiture \u00e9lectrique<\/h2>\n<p><iframe loading=\"lazy\" src=\"https:\/\/www.youtube.com\/embed\/rPfp0VwDRDg\" width=\"560\" height=\"315\" frameborder=\"0\" allowfullscreen=\"allowfullscreen\"><\/iframe><\/p>\n<p>&nbsp;<\/p>\n","protected":false},"excerpt":{"rendered":"<p>L&rsquo;\u00e9mission de TV c&rsquo;est pas sorcier se penche sur la voiture \u00e9lectrique \u00c9mission de TV c&rsquo;est pas sorcier nous parle de la voiture \u00e9lectrique. La vedette du mondial de l&rsquo;automobile n&rsquo;est pas la voiture \u00e9lectrique mais sa batterie. La technologie rec\u00e8le de nombreuses incertitudes sur sa nature et son fonctionnement\u00a0! L&rsquo;\u00e9mission de France 3, et &#8230; <a title=\"C est pas sorcier se penche sur la voiture \u00e9lectrique\" class=\"read-more\" href=\"https:\/\/www.carideal.com\/blog\/2010\/10\/07\/l-emission-de-tv-c-est-pas-sorcier-se-penche-sur-la-voiture-electrique\/\" aria-label=\"En savoir plus sur C est pas sorcier se penche sur la voiture \u00e9lectrique\">Lire plus<\/a><\/p>\n","protected":false},"author":1,"featured_media":13028,"comment_status":"open","ping_status":"open","sticky":false,"template":"","format":"standard","meta":{"_uag_custom_page_level_css":"","_themeisle_gutenberg_block_has_review":false,"footnotes":""},"categories":[6,5080,18,5970],"tags":[],"class_list":["post-176","post","type-post","status-publish","format-standard","has-post-thumbnail","hentry","category-ecologie","category-technologie-2","category-videos","category-electrique-technologie-2"],"wppr_data":[],"yoast_head":"<!-- This site is optimized with the Yoast SEO plugin v24.8.1 - https:\/\/yoast.com\/wordpress\/plugins\/seo\/ -->\n<title>C est pas sorcier se penche sur la voiture \u00e9lectrique - Blog auto Carid\u00e9al<\/title>\n<meta name=\"description\" content=\"\u00c9mission de TV c&#039;est pas sorcier nous parle de la voiture \u00e9lectrique. La vedette du mondial de l&#039;automobile n&#039;est pas la voiture \u00e9lectrique mais sa batterie\" \/>\n<meta name=\"robots\" content=\"index, follow, max-snippet:-1, max-image-preview:large, max-video-preview:-1\" \/>\n<link rel=\"canonical\" href=\"https:\/\/www.carideal.com\/blog\/2010\/10\/07\/l-emission-de-tv-c-est-pas-sorcier-se-penche-sur-la-voiture-electrique\/\" \/>\n<meta property=\"og:locale\" content=\"fr_FR\" \/>\n<meta property=\"og:type\" content=\"article\" \/>\n<meta property=\"og:title\" content=\"C est pas sorcier se penche sur la voiture \u00e9lectrique - Blog auto Carid\u00e9al\" \/>\n<meta property=\"og:description\" content=\"\u00c9mission de TV c&#039;est pas sorcier nous parle de la voiture \u00e9lectrique. La vedette du mondial de l&#039;automobile n&#039;est pas la voiture \u00e9lectrique mais sa batterie\" \/>\n<meta property=\"og:url\" content=\"https:\/\/www.carideal.com\/blog\/2010\/10\/07\/l-emission-de-tv-c-est-pas-sorcier-se-penche-sur-la-voiture-electrique\/\" \/>\n<meta property=\"og:site_name\" content=\"Blog auto Carid\u00e9al\" \/>\n<meta property=\"article:publisher\" content=\"https:\/\/www.facebook.com\/Carideal.mandataire.automobile\" \/>\n<meta property=\"article:author\" content=\"https:\/\/www.facebook.com\/Carideal.mandataire.automobile\/\" \/>\n<meta property=\"article:published_time\" content=\"2010-10-07T17:40:00+00:00\" \/>\n<meta property=\"article:modified_time\" content=\"2016-11-01T18:54:06+00:00\" \/>\n<meta property=\"og:image\" content=\"https:\/\/www.carideal.com\/blog\/wp-content\/uploads\/2010\/10\/cest-pas-sorcier-voiture-electrique.jpg\" \/>\n\t<meta property=\"og:image:width\" content=\"1024\" \/>\n\t<meta property=\"og:image:height\" content=\"576\" \/>\n\t<meta property=\"og:image:type\" content=\"image\/jpeg\" \/>\n<meta name=\"author\" content=\"N.S Carideal\" \/>\n<meta name=\"twitter:card\" content=\"summary_large_image\" \/>\n<meta name=\"twitter:creator\" content=\"@caridealauto\" \/>\n<meta name=\"twitter:site\" content=\"@caridealauto\" \/>\n<meta name=\"twitter:label1\" content=\"\u00c9crit par\" \/>\n\t<meta name=\"twitter:data1\" content=\"N.S Carideal\" \/>\n\t<meta name=\"twitter:label2\" content=\"Dur\u00e9e de lecture estim\u00e9e\" \/>\n\t<meta name=\"twitter:data2\" content=\"3 minutes\" \/>\n<script type=\"application\/ld+json\" class=\"yoast-schema-graph\">{\"@context\":\"https:\/\/schema.org\",\"@graph\":[{\"@type\":\"Article\",\"@id\":\"https:\/\/www.carideal.com\/blog\/2010\/10\/07\/l-emission-de-tv-c-est-pas-sorcier-se-penche-sur-la-voiture-electrique\/#article\",\"isPartOf\":{\"@id\":\"https:\/\/www.carideal.com\/blog\/2010\/10\/07\/l-emission-de-tv-c-est-pas-sorcier-se-penche-sur-la-voiture-electrique\/\"},\"author\":{\"name\":\"N.S Carideal\",\"@id\":\"https:\/\/www.carideal.com\/blog\/#\/schema\/person\/985c7e757d1042d647f21bfaf8d41ebc\"},\"headline\":\"C est pas sorcier se penche sur la voiture \u00e9lectrique\",\"datePublished\":\"2010-10-07T17:40:00+00:00\",\"dateModified\":\"2016-11-01T18:54:06+00:00\",\"mainEntityOfPage\":{\"@id\":\"https:\/\/www.carideal.com\/blog\/2010\/10\/07\/l-emission-de-tv-c-est-pas-sorcier-se-penche-sur-la-voiture-electrique\/\"},\"wordCount\":587,\"commentCount\":0,\"publisher\":{\"@id\":\"https:\/\/www.carideal.com\/blog\/#organization\"},\"image\":{\"@id\":\"https:\/\/www.carideal.com\/blog\/2010\/10\/07\/l-emission-de-tv-c-est-pas-sorcier-se-penche-sur-la-voiture-electrique\/#primaryimage\"},\"thumbnailUrl\":\"https:\/\/www.carideal.com\/blog\/wp-content\/uploads\/2010\/10\/cest-pas-sorcier-voiture-electrique.jpg\",\"articleSection\":[\"Ecologie\",\"Technologie Automobile\",\"Vid\u00e9o voiture : vid\u00e9o automobile\",\"Voiture \u00e9lectrique\"],\"inLanguage\":\"fr-FR\",\"potentialAction\":[{\"@type\":\"CommentAction\",\"name\":\"Comment\",\"target\":[\"https:\/\/www.carideal.com\/blog\/2010\/10\/07\/l-emission-de-tv-c-est-pas-sorcier-se-penche-sur-la-voiture-electrique\/#respond\"]}]},{\"@type\":\"WebPage\",\"@id\":\"https:\/\/www.carideal.com\/blog\/2010\/10\/07\/l-emission-de-tv-c-est-pas-sorcier-se-penche-sur-la-voiture-electrique\/\",\"url\":\"https:\/\/www.carideal.com\/blog\/2010\/10\/07\/l-emission-de-tv-c-est-pas-sorcier-se-penche-sur-la-voiture-electrique\/\",\"name\":\"C est pas sorcier se penche sur la voiture \u00e9lectrique - Blog auto Carid\u00e9al\",\"isPartOf\":{\"@id\":\"https:\/\/www.carideal.com\/blog\/#website\"},\"primaryImageOfPage\":{\"@id\":\"https:\/\/www.carideal.com\/blog\/2010\/10\/07\/l-emission-de-tv-c-est-pas-sorcier-se-penche-sur-la-voiture-electrique\/#primaryimage\"},\"image\":{\"@id\":\"https:\/\/www.carideal.com\/blog\/2010\/10\/07\/l-emission-de-tv-c-est-pas-sorcier-se-penche-sur-la-voiture-electrique\/#primaryimage\"},\"thumbnailUrl\":\"https:\/\/www.carideal.com\/blog\/wp-content\/uploads\/2010\/10\/cest-pas-sorcier-voiture-electrique.jpg\",\"datePublished\":\"2010-10-07T17:40:00+00:00\",\"dateModified\":\"2016-11-01T18:54:06+00:00\",\"description\":\"\u00c9mission de TV c'est pas sorcier nous parle de la voiture \u00e9lectrique. La vedette du mondial de l'automobile n'est pas la voiture \u00e9lectrique mais sa batterie\",\"breadcrumb\":{\"@id\":\"https:\/\/www.carideal.com\/blog\/2010\/10\/07\/l-emission-de-tv-c-est-pas-sorcier-se-penche-sur-la-voiture-electrique\/#breadcrumb\"},\"inLanguage\":\"fr-FR\",\"potentialAction\":[{\"@type\":\"ReadAction\",\"target\":[\"https:\/\/www.carideal.com\/blog\/2010\/10\/07\/l-emission-de-tv-c-est-pas-sorcier-se-penche-sur-la-voiture-electrique\/\"]}]},{\"@type\":\"ImageObject\",\"inLanguage\":\"fr-FR\",\"@id\":\"https:\/\/www.carideal.com\/blog\/2010\/10\/07\/l-emission-de-tv-c-est-pas-sorcier-se-penche-sur-la-voiture-electrique\/#primaryimage\",\"url\":\"https:\/\/www.carideal.com\/blog\/wp-content\/uploads\/2010\/10\/cest-pas-sorcier-voiture-electrique.jpg\",\"contentUrl\":\"https:\/\/www.carideal.com\/blog\/wp-content\/uploads\/2010\/10\/cest-pas-sorcier-voiture-electrique.jpg\",\"width\":1024,\"height\":576,\"caption\":\"\u00c9mission de TV c'est pas sorcier sur les voiture \u00e9lectriques\"},{\"@type\":\"BreadcrumbList\",\"@id\":\"https:\/\/www.carideal.com\/blog\/2010\/10\/07\/l-emission-de-tv-c-est-pas-sorcier-se-penche-sur-la-voiture-electrique\/#breadcrumb\",\"itemListElement\":[{\"@type\":\"ListItem\",\"position\":1,\"name\":\"Blog Carid\u00e9al\",\"item\":\"https:\/\/www.carideal.com\/blog\/\"},{\"@type\":\"ListItem\",\"position\":2,\"name\":\"Ecologie\",\"item\":\"https:\/\/www.carideal.com\/blog\/ecologie\/\"},{\"@type\":\"ListItem\",\"position\":3,\"name\":\"C est pas sorcier se penche sur la voiture \u00e9lectrique\"}]},{\"@type\":\"WebSite\",\"@id\":\"https:\/\/www.carideal.com\/blog\/#website\",\"url\":\"https:\/\/www.carideal.com\/blog\/\",\"name\":\"Blog auto Carid\u00e9al\",\"description\":\"Actualit\u00e9 auto par des passionn\u00e9s\",\"publisher\":{\"@id\":\"https:\/\/www.carideal.com\/blog\/#organization\"},\"potentialAction\":[{\"@type\":\"SearchAction\",\"target\":{\"@type\":\"EntryPoint\",\"urlTemplate\":\"https:\/\/www.carideal.com\/blog\/?s={search_term_string}\"},\"query-input\":{\"@type\":\"PropertyValueSpecification\",\"valueRequired\":true,\"valueName\":\"search_term_string\"}}],\"inLanguage\":\"fr-FR\"},{\"@type\":\"Organization\",\"@id\":\"https:\/\/www.carideal.com\/blog\/#organization\",\"name\":\"Carideal\",\"url\":\"https:\/\/www.carideal.com\/blog\/\",\"logo\":{\"@type\":\"ImageObject\",\"inLanguage\":\"fr-FR\",\"@id\":\"https:\/\/www.carideal.com\/blog\/#\/schema\/logo\/image\/\",\"url\":\"http:\/\/www.carideal.com\/blog\/wp-content\/uploads\/2016\/03\/logo-carideal-mandataire-automobile.png\",\"contentUrl\":\"http:\/\/www.carideal.com\/blog\/wp-content\/uploads\/2016\/03\/logo-carideal-mandataire-automobile.png\",\"width\":300,\"height\":300,\"caption\":\"Carideal\"},\"image\":{\"@id\":\"https:\/\/www.carideal.com\/blog\/#\/schema\/logo\/image\/\"},\"sameAs\":[\"https:\/\/www.facebook.com\/Carideal.mandataire.automobile\",\"https:\/\/x.com\/caridealauto\",\"https:\/\/www.instagram.com\/carideal1\/\",\"https:\/\/www.linkedin.com\/company\/carideal.com\",\"https:\/\/fr.pinterest.com\/schiavonsas\/\",\"https:\/\/www.youtube.com\/user\/caridealsas\"]},{\"@type\":\"Person\",\"@id\":\"https:\/\/www.carideal.com\/blog\/#\/schema\/person\/985c7e757d1042d647f21bfaf8d41ebc\",\"name\":\"N.S Carideal\",\"image\":{\"@type\":\"ImageObject\",\"inLanguage\":\"fr-FR\",\"@id\":\"https:\/\/www.carideal.com\/blog\/#\/schema\/person\/image\/\",\"url\":\"https:\/\/secure.gravatar.com\/avatar\/edb7ccdf1a4e3d14aef967760d354d0e?s=96&r=g\",\"contentUrl\":\"https:\/\/secure.gravatar.com\/avatar\/edb7ccdf1a4e3d14aef967760d354d0e?s=96&r=g\",\"caption\":\"N.S Carideal\"},\"description\":\"Depuis tout petit fan d'automobile. Il est question d'essayer et de comparer toutes ces voitures qui nous ont fait r\u00e9ver, avant que celles-ci ne devient uniquement des voitures de collection.\",\"sameAs\":[\"http:\/\/www.carideal.com\/blog\",\"https:\/\/www.facebook.com\/Carideal.mandataire.automobile\/\",\"https:\/\/www.linkedin.com\/in\/nschiavon\/\",\"https:\/\/www.youtube.com\/user\/caridealsas\/\"],\"url\":\"https:\/\/www.carideal.com\/blog\/author\/admin_carideal\/\"}]}<\/script>\n<!-- \/ Yoast SEO plugin. -->","yoast_head_json":{"title":"C est pas sorcier se penche sur la voiture \u00e9lectrique - Blog auto Carid\u00e9al","description":"\u00c9mission de TV c'est pas sorcier nous parle de la voiture \u00e9lectrique. La vedette du mondial de l'automobile n'est pas la voiture \u00e9lectrique mais sa batterie","robots":{"index":"index","follow":"follow","max-snippet":"max-snippet:-1","max-image-preview":"max-image-preview:large","max-video-preview":"max-video-preview:-1"},"canonical":"https:\/\/www.carideal.com\/blog\/2010\/10\/07\/l-emission-de-tv-c-est-pas-sorcier-se-penche-sur-la-voiture-electrique\/","og_locale":"fr_FR","og_type":"article","og_title":"C est pas sorcier se penche sur la voiture \u00e9lectrique - Blog auto Carid\u00e9al","og_description":"\u00c9mission de TV c'est pas sorcier nous parle de la voiture \u00e9lectrique. La vedette du mondial de l'automobile n'est pas la voiture \u00e9lectrique mais sa batterie","og_url":"https:\/\/www.carideal.com\/blog\/2010\/10\/07\/l-emission-de-tv-c-est-pas-sorcier-se-penche-sur-la-voiture-electrique\/","og_site_name":"Blog auto Carid\u00e9al","article_publisher":"https:\/\/www.facebook.com\/Carideal.mandataire.automobile","article_author":"https:\/\/www.facebook.com\/Carideal.mandataire.automobile\/","article_published_time":"2010-10-07T17:40:00+00:00","article_modified_time":"2016-11-01T18:54:06+00:00","og_image":[{"width":1024,"height":576,"url":"https:\/\/www.carideal.com\/blog\/wp-content\/uploads\/2010\/10\/cest-pas-sorcier-voiture-electrique.jpg","type":"image\/jpeg"}],"author":"N.S Carideal","twitter_card":"summary_large_image","twitter_creator":"@caridealauto","twitter_site":"@caridealauto","twitter_misc":{"\u00c9crit par":"N.S Carideal","Dur\u00e9e de lecture estim\u00e9e":"3 minutes"},"schema":{"@context":"https:\/\/schema.org","@graph":[{"@type":"Article","@id":"https:\/\/www.carideal.com\/blog\/2010\/10\/07\/l-emission-de-tv-c-est-pas-sorcier-se-penche-sur-la-voiture-electrique\/#article","isPartOf":{"@id":"https:\/\/www.carideal.com\/blog\/2010\/10\/07\/l-emission-de-tv-c-est-pas-sorcier-se-penche-sur-la-voiture-electrique\/"},"author":{"name":"N.S Carideal","@id":"https:\/\/www.carideal.com\/blog\/#\/schema\/person\/985c7e757d1042d647f21bfaf8d41ebc"},"headline":"C est pas sorcier se penche sur la voiture \u00e9lectrique","datePublished":"2010-10-07T17:40:00+00:00","dateModified":"2016-11-01T18:54:06+00:00","mainEntityOfPage":{"@id":"https:\/\/www.carideal.com\/blog\/2010\/10\/07\/l-emission-de-tv-c-est-pas-sorcier-se-penche-sur-la-voiture-electrique\/"},"wordCount":587,"commentCount":0,"publisher":{"@id":"https:\/\/www.carideal.com\/blog\/#organization"},"image":{"@id":"https:\/\/www.carideal.com\/blog\/2010\/10\/07\/l-emission-de-tv-c-est-pas-sorcier-se-penche-sur-la-voiture-electrique\/#primaryimage"},"thumbnailUrl":"https:\/\/www.carideal.com\/blog\/wp-content\/uploads\/2010\/10\/cest-pas-sorcier-voiture-electrique.jpg","articleSection":["Ecologie","Technologie Automobile","Vid\u00e9o voiture : vid\u00e9o automobile","Voiture \u00e9lectrique"],"inLanguage":"fr-FR","potentialAction":[{"@type":"CommentAction","name":"Comment","target":["https:\/\/www.carideal.com\/blog\/2010\/10\/07\/l-emission-de-tv-c-est-pas-sorcier-se-penche-sur-la-voiture-electrique\/#respond"]}]},{"@type":"WebPage","@id":"https:\/\/www.carideal.com\/blog\/2010\/10\/07\/l-emission-de-tv-c-est-pas-sorcier-se-penche-sur-la-voiture-electrique\/","url":"https:\/\/www.carideal.com\/blog\/2010\/10\/07\/l-emission-de-tv-c-est-pas-sorcier-se-penche-sur-la-voiture-electrique\/","name":"C est pas sorcier se penche sur la voiture \u00e9lectrique - Blog auto Carid\u00e9al","isPartOf":{"@id":"https:\/\/www.carideal.com\/blog\/#website"},"primaryImageOfPage":{"@id":"https:\/\/www.carideal.com\/blog\/2010\/10\/07\/l-emission-de-tv-c-est-pas-sorcier-se-penche-sur-la-voiture-electrique\/#primaryimage"},"image":{"@id":"https:\/\/www.carideal.com\/blog\/2010\/10\/07\/l-emission-de-tv-c-est-pas-sorcier-se-penche-sur-la-voiture-electrique\/#primaryimage"},"thumbnailUrl":"https:\/\/www.carideal.com\/blog\/wp-content\/uploads\/2010\/10\/cest-pas-sorcier-voiture-electrique.jpg","datePublished":"2010-10-07T17:40:00+00:00","dateModified":"2016-11-01T18:54:06+00:00","description":"\u00c9mission de TV c'est pas sorcier nous parle de la voiture \u00e9lectrique. La vedette du mondial de l'automobile n'est pas la voiture \u00e9lectrique mais sa batterie","breadcrumb":{"@id":"https:\/\/www.carideal.com\/blog\/2010\/10\/07\/l-emission-de-tv-c-est-pas-sorcier-se-penche-sur-la-voiture-electrique\/#breadcrumb"},"inLanguage":"fr-FR","potentialAction":[{"@type":"ReadAction","target":["https:\/\/www.carideal.com\/blog\/2010\/10\/07\/l-emission-de-tv-c-est-pas-sorcier-se-penche-sur-la-voiture-electrique\/"]}]},{"@type":"ImageObject","inLanguage":"fr-FR","@id":"https:\/\/www.carideal.com\/blog\/2010\/10\/07\/l-emission-de-tv-c-est-pas-sorcier-se-penche-sur-la-voiture-electrique\/#primaryimage","url":"https:\/\/www.carideal.com\/blog\/wp-content\/uploads\/2010\/10\/cest-pas-sorcier-voiture-electrique.jpg","contentUrl":"https:\/\/www.carideal.com\/blog\/wp-content\/uploads\/2010\/10\/cest-pas-sorcier-voiture-electrique.jpg","width":1024,"height":576,"caption":"\u00c9mission de TV c'est pas sorcier sur les voiture \u00e9lectriques"},{"@type":"BreadcrumbList","@id":"https:\/\/www.carideal.com\/blog\/2010\/10\/07\/l-emission-de-tv-c-est-pas-sorcier-se-penche-sur-la-voiture-electrique\/#breadcrumb","itemListElement":[{"@type":"ListItem","position":1,"name":"Blog Carid\u00e9al","item":"https:\/\/www.carideal.com\/blog\/"},{"@type":"ListItem","position":2,"name":"Ecologie","item":"https:\/\/www.carideal.com\/blog\/ecologie\/"},{"@type":"ListItem","position":3,"name":"C est pas sorcier se penche sur la voiture \u00e9lectrique"}]},{"@type":"WebSite","@id":"https:\/\/www.carideal.com\/blog\/#website","url":"https:\/\/www.carideal.com\/blog\/","name":"Blog auto Carid\u00e9al","description":"Actualit\u00e9 auto par des passionn\u00e9s","publisher":{"@id":"https:\/\/www.carideal.com\/blog\/#organization"},"potentialAction":[{"@type":"SearchAction","target":{"@type":"EntryPoint","urlTemplate":"https:\/\/www.carideal.com\/blog\/?s={search_term_string}"},"query-input":{"@type":"PropertyValueSpecification","valueRequired":true,"valueName":"search_term_string"}}],"inLanguage":"fr-FR"},{"@type":"Organization","@id":"https:\/\/www.carideal.com\/blog\/#organization","name":"Carideal","url":"https:\/\/www.carideal.com\/blog\/","logo":{"@type":"ImageObject","inLanguage":"fr-FR","@id":"https:\/\/www.carideal.com\/blog\/#\/schema\/logo\/image\/","url":"http:\/\/www.carideal.com\/blog\/wp-content\/uploads\/2016\/03\/logo-carideal-mandataire-automobile.png","contentUrl":"http:\/\/www.carideal.com\/blog\/wp-content\/uploads\/2016\/03\/logo-carideal-mandataire-automobile.png","width":300,"height":300,"caption":"Carideal"},"image":{"@id":"https:\/\/www.carideal.com\/blog\/#\/schema\/logo\/image\/"},"sameAs":["https:\/\/www.facebook.com\/Carideal.mandataire.automobile","https:\/\/x.com\/caridealauto","https:\/\/www.instagram.com\/carideal1\/","https:\/\/www.linkedin.com\/company\/carideal.com","https:\/\/fr.pinterest.com\/schiavonsas\/","https:\/\/www.youtube.com\/user\/caridealsas"]},{"@type":"Person","@id":"https:\/\/www.carideal.com\/blog\/#\/schema\/person\/985c7e757d1042d647f21bfaf8d41ebc","name":"N.S Carideal","image":{"@type":"ImageObject","inLanguage":"fr-FR","@id":"https:\/\/www.carideal.com\/blog\/#\/schema\/person\/image\/","url":"https:\/\/secure.gravatar.com\/avatar\/edb7ccdf1a4e3d14aef967760d354d0e?s=96&r=g","contentUrl":"https:\/\/secure.gravatar.com\/avatar\/edb7ccdf1a4e3d14aef967760d354d0e?s=96&r=g","caption":"N.S Carideal"},"description":"Depuis tout petit fan d'automobile. Il est question d'essayer et de comparer toutes ces voitures qui nous ont fait r\u00e9ver, avant que celles-ci ne devient uniquement des voitures de collection.","sameAs":["http:\/\/www.carideal.com\/blog","https:\/\/www.facebook.com\/Carideal.mandataire.automobile\/","https:\/\/www.linkedin.com\/in\/nschiavon\/","https:\/\/www.youtube.com\/user\/caridealsas\/"],"url":"https:\/\/www.carideal.com\/blog\/author\/admin_carideal\/"}]}},"uagb_featured_image_src":{"full":["https:\/\/www.carideal.com\/blog\/wp-content\/uploads\/2010\/10\/cest-pas-sorcier-voiture-electrique.jpg",1024,576,false],"thumbnail":["https:\/\/www.carideal.com\/blog\/wp-content\/uploads\/2010\/10\/cest-pas-sorcier-voiture-electrique-150x150.jpg",150,150,true],"medium":["https:\/\/www.carideal.com\/blog\/wp-content\/uploads\/2010\/10\/cest-pas-sorcier-voiture-electrique-300x169.jpg",300,169,true],"medium_large":["https:\/\/www.carideal.com\/blog\/wp-content\/uploads\/2010\/10\/cest-pas-sorcier-voiture-electrique-768x432.jpg",768,432,true],"large":["https:\/\/www.carideal.com\/blog\/wp-content\/uploads\/2010\/10\/cest-pas-sorcier-voiture-electrique-1024x576.jpg",1024,576,true],"1536x1536":["https:\/\/www.carideal.com\/blog\/wp-content\/uploads\/2010\/10\/cest-pas-sorcier-voiture-electrique.jpg",1024,576,false],"2048x2048":["https:\/\/www.carideal.com\/blog\/wp-content\/uploads\/2010\/10\/cest-pas-sorcier-voiture-electrique.jpg",1024,576,false],"wppr-widget":["https:\/\/www.carideal.com\/blog\/wp-content\/uploads\/2010\/10\/cest-pas-sorcier-voiture-electrique.jpg",50,28,false]},"uagb_author_info":{"display_name":"N.S Carideal","author_link":"https:\/\/www.carideal.com\/blog\/author\/admin_carideal\/"},"uagb_comment_info":0,"uagb_excerpt":"L'\u00e9mission de TV c'est pas sorcier se penche sur la voiture \u00e9lectrique \u00c9mission de TV c'est pas sorcier nous parle de la voiture \u00e9lectrique. La vedette du mondial de l'automobile n'est pas la voiture \u00e9lectrique mais sa batterie. La technologie rec\u00e8le de nombreuses incertitudes sur sa nature et son fonctionnement\u00a0! L'\u00e9mission de France 3, et\u2026","_links":{"self":[{"href":"https:\/\/www.carideal.com\/blog\/wp-json\/wp\/v2\/posts\/176"}],"collection":[{"href":"https:\/\/www.carideal.com\/blog\/wp-json\/wp\/v2\/posts"}],"about":[{"href":"https:\/\/www.carideal.com\/blog\/wp-json\/wp\/v2\/types\/post"}],"author":[{"embeddable":true,"href":"https:\/\/www.carideal.com\/blog\/wp-json\/wp\/v2\/users\/1"}],"replies":[{"embeddable":true,"href":"https:\/\/www.carideal.com\/blog\/wp-json\/wp\/v2\/comments?post=176"}],"version-history":[{"count":0,"href":"https:\/\/www.carideal.com\/blog\/wp-json\/wp\/v2\/posts\/176\/revisions"}],"wp:featuredmedia":[{"embeddable":true,"href":"https:\/\/www.carideal.com\/blog\/wp-json\/wp\/v2\/media\/13028"}],"wp:attachment":[{"href":"https:\/\/www.carideal.com\/blog\/wp-json\/wp\/v2\/media?parent=176"}],"wp:term":[{"taxonomy":"category","embeddable":true,"href":"https:\/\/www.carideal.com\/blog\/wp-json\/wp\/v2\/categories?post=176"},{"taxonomy":"post_tag","embeddable":true,"href":"https:\/\/www.carideal.com\/blog\/wp-json\/wp\/v2\/tags?post=176"}],"curies":[{"name":"wp","href":"https:\/\/api.w.org\/{rel}","templated":true}]}}