{"id":1753,"date":"2012-01-28T10:41:00","date_gmt":"2012-01-28T10:41:00","guid":{"rendered":"http:\/\/carideal.com\/blog\/?p=1753"},"modified":"2020-03-08T07:33:57","modified_gmt":"2020-03-08T06:33:57","slug":"endurance-presentation-de-la-toyota-lmp1-hybride","status":"publish","type":"post","link":"https:\/\/www.carideal.com\/blog\/2012\/01\/28\/endurance-presentation-de-la-toyota-lmp1-hybride\/","title":{"rendered":"Pr\u00e9sentation de la Toyota LMP1 Hybride 2012 d&rsquo;endurance"},"content":{"rendered":"<h1><strong>Endurance : pr\u00e9sentation de la Toyota LMP1 Hybride 2012<\/strong><\/h1>\n<p><strong>La pr\u00e9sentation de la Toyota Hybride LMP1 2012 en endurance au Castelet<\/strong><\/p>\n<p>Maintenant que <a href=\"http:\/\/www.carideal.com\/blog\/marque-de-voiture-actualites-essais\/peugeot\/\">Peugeot<\/a> s'est retir\u00e9 du programme d'endurance 2012, il ne va plus rester que Toyota pour contrer <a href=\"http:\/\/www.carideal.com\/blog\/marque-de-voiture-actualites-essais\/audi\/\">Audi<\/a>. La Toyota sera pilot\u00e9e par Lapierre, Wurz et Nakajima.<\/p>\n<ul>\n<li>Retrouvez toutes les offres de Toyota<\/li>\n<\/ul>\n<p>Toyota Racing d\u00e9voile les plans du Mans 2012 avec un pilote hybride LMP1<\/p>\n<p>L'ann\u00e9e derni\u00e8re, nous avions annonc\u00e9 que Toyota retournait au Mans. Maintenant, nous sommes ravis de partager plus de d\u00e9tails sur l'\u00e9quipe Toyota Racing et la voiture de course hybride LMP1.<\/p>\n<p>La nouvelle \u00e9quipe, bas\u00e9e\u00a0au Toyota Motorsport (TMG) \u00e0 Cologne, en Allemagne, fera ses d\u00e9buts le 5 mai aux Six Heures de Spa-Francorchamps, la deuxi\u00e8me manche du Championnat du Monde d'Endurance de la FIA.<\/p>\n<p>Toyota Racing a l'intention d'inscrire deux voitures hybrides TS030 aux prochaines 24 heures du Mans (16-17 juin). La participation \u00e0 d'autres\u00a0manches reste \u00e0 confirmer. La Toyota LMP1 TS030 Hybrid est le successeur de Toyota aux voitures embl\u00e9matiques TS010 et TS020 qui ont particip\u00e9 aux 24 Heures du Mans avec un succ\u00e8s sur le podium dans les ann\u00e9es 1990, avec TS, acronyme de Toyota Sport.<\/p>\n<p>Toyota est le premier constructeur \u00e0 confirmer sa participation au Championnat du Monde d'Endurance FIA en utilisant un syst\u00e8me hybride, mettant l'accent sur l'approche pionni\u00e8re de cette technologie qui a vu plus de 3,5 millions de v\u00e9hicules hybrides Toyota vendus dans le monde.<\/p>\n<p>Le groupe motopropulseur THS-R (Toyota Hybrid System - Racing) est con\u00e7u pour offrir une performance maximale et dispose d'un tout nouveau moteur essence V8 de 3,4 litres atmosph\u00e9rique et d'un syst\u00e8me hybride avec stockage\u00a0le l'\u00e9nergie dans des condensateurs d\u00e9velopp\u00e9 par son partenaire officiel Nisshinbo.<\/p>\n<p>Lors d'une s\u00e9ance d'essais exclusive sur le circuit Paul Ricard, qui comprenait\u00a0une course de nuit, la Toyota LMP1 TS030 Hybrid a parcouru plusieurs centaines de kilom\u00e8tres, affichant un niveau impressionnant de fiabilit\u00e9 et de performance pour cette toute premi\u00e8re \u00e9tape du programme d'essais.<\/p>\n<p>Alex Wurz et Nicolas Lapierre ont tous deux mis la Toyota LMP1 TS030 Hybrid \u00e0 l'\u00e9preuve sur la piste fran\u00e7aise, rejoints par le Japonais Hiroaki Ishiura, 30 ans, candidat pour rejoindre le line-up des pilotes o\u00f9 Toyota Racing participe avec deux voitures. . Kazuki Nakajima sera \u00e9galement pr\u00e9sent au sein de l'\u00e9quipe. Andrea Caldarelli sera pilote junior.<\/p>\n<figure id=\"attachment_17207\" aria-describedby=\"caption-attachment-17207\" style=\"width: 590px\" class=\"wp-caption alignnone\"><a href=\"http:\/\/www.carideal.com\/blog\/wp-content\/uploads\/2012\/01\/Toyota-LMP1-hybride-endurance-carideal-mandataire-automobile-2-e1525197169387.png\"><img loading=\"lazy\" decoding=\"async\" class=\"wp-image-17207 size-full\" src=\"http:\/\/www.carideal.com\/blog\/wp-content\/uploads\/2012\/01\/Toyota-LMP1-hybride-endurance-carideal-mandataire-automobile-2-e1525197169387.png\" alt=\"Pr\u00e9sentation de la TOYOTA d'endurance TS030 hybride\" width=\"600\" height=\"393\" \/><\/a><figcaption id=\"caption-attachment-17207\" class=\"wp-caption-text\">Pr\u00e9sentation de la TOYOTA d'endurance TS030 hybride<\/figcaption><\/figure>\n<p>Yoshiaki Kinoshita, pr\u00e9sident de l'\u00e9quipe, a d\u00e9clar\u00e9: \u00abL'Hybrid est une technologie de base de Toyota, il est donc important de le d\u00e9montrer dans un sport automobile et nous voulons prouver qu'il peut apporter un avantage de performance en termes de temps au tour et de consommation. Toutes les personnes impliqu\u00e9es dans la conception, le d\u00e9veloppement et la pr\u00e9paration de la voiture - \u00e0 la fois au TMG et \u00e0 la division Motor Sport au Japon - ont travaill\u00e9 dur pour atteindre ce\u00a0niveau de performance et nous sommes tous tr\u00e8s excit\u00e9s d'\u00eatre de nouveau sur la piste.<\/p>\n<p>Le pilote Nicolas Lapierre a comment\u00e9 apr\u00e8s sa course en disant: \u00abMa premi\u00e8re impression\u00a0apr\u00e8s les essais\u00a0estpositive; le ch\u00e2ssis est vraiment avanc\u00e9 et le syst\u00e8me hybride fonctionne tr\u00e8s bien. La\u00a0Toyota hybride TS030 a une bonne r\u00e9action \u00e0 la\u00a0conduite avec une r\u00e9ponse rapide et efficace combin\u00e9e \u00e0 une impressionnante base d'appui qui est une sensation agr\u00e9able pour un conducteur. C'est totalement diff\u00e9rent de tout ce que j'ai connu auparavant parce que la philosophie est diff\u00e9rente. Donc, notre\u00a0essai \u00e9tait prometteur et nous avons vu le potentiel de la voiture \u00e0 plusieurs niveaux. \"<\/p>\n<p>Pour visiter notre galerie de photos Toyota LMP1 TS030 Hybrid, <a href=\"https:\/\/www.flickr.com\/photos\/toyotauk\/sets\/72157629026119479\/\" target=\"_blank\" rel=\"noopener noreferrer\">cliquez ici<\/a>. Pour les derni\u00e8res nouvelles de Toyota Racing et pour en savoir plus sur l'\u00e9quipe, visitez www.toyotahybridracing.com.<\/p>\n<p><strong>Mise \u00e0 jour du 11\/04\/12<\/strong> : En raison d'un accident lors des essais, nous regrettons d'annoncer que Toyota Racing ne participera pas aux Six Heures de Spa-Francorchamps. L'\u00e9quipe fera sa premi\u00e8re apparition aux 24 Heures du Mans en juin.<\/p>\n<p><iframe loading=\"lazy\" src=\"http:\/\/www.youtube.com\/embed\/k-ZJqYPSl1g\" width=\"640\" height=\"360\" frameborder=\"0\" allowfullscreen=\"allowfullscreen\"><\/iframe><\/p>\n<p>Pour m\u00e9moire\u00a0<a href=\"http:\/\/www.carideal.com\/blog\/2012\/01\/27\/peugeot-arrete-l-endurance\/\">Peugeot arr\u00eate l'endurance<\/a>\u00a0pendant qu'<span style=\"text-decoration: underline;\">Audi pr\u00e9sente son R8\u00a0GRAND AM<\/span><\/p>\n","protected":false},"excerpt":{"rendered":"<p>Endurance : pr\u00e9sentation de la Toyota LMP1 Hybride 2012 La pr\u00e9sentation de la Toyota Hybride LMP1 2012 en endurance au Castelet Maintenant que Peugeot s&rsquo;est retir\u00e9 du programme d&rsquo;endurance 2012, il ne va plus rester que Toyota pour contrer Audi. La Toyota sera pilot\u00e9e par Lapierre, Wurz et Nakajima. Retrouvez toutes les offres de Toyota &#8230; <a title=\"Pr\u00e9sentation de la Toyota LMP1 Hybride 2012 d&rsquo;endurance\" class=\"read-more\" href=\"https:\/\/www.carideal.com\/blog\/2012\/01\/28\/endurance-presentation-de-la-toyota-lmp1-hybride\/\" aria-label=\"En savoir plus sur Pr\u00e9sentation de la Toyota LMP1 Hybride 2012 d&rsquo;endurance\">Lire plus<\/a><\/p>\n","protected":false},"author":1,"featured_media":17205,"comment_status":"open","ping_status":"open","sticky":false,"template":"","format":"standard","meta":{"_uag_custom_page_level_css":"","_themeisle_gutenberg_block_has_review":false,"footnotes":""},"categories":[16,5080,18,6089],"tags":[],"class_list":["post-1753","post","type-post","status-publish","format-standard","has-post-thumbnail","hentry","category-sport-auto","category-technologie-2","category-videos","category-hybride"],"wppr_data":{"cwp_meta_box_check":"No"},"yoast_head":"<!-- This site is optimized with the Yoast SEO plugin v24.8.1 - https:\/\/yoast.com\/wordpress\/plugins\/seo\/ -->\n<title>Pr\u00e9sentation de la Toyota LMP1 Hybride 2012 d&#039;endurance - Blog auto Carid\u00e9al<\/title>\n<meta name=\"description\" content=\"Maintenant que Peugeot s&#039;est retir\u00e9 du programme d&#039;endurance 2012, il ne va plus rester que Toyota pour contrer Audi. La Toyota LMP1 Hybride sera pilot\u00e9e par Lapierre, Wurz et Nakajima.\" \/>\n<meta name=\"robots\" content=\"index, follow, max-snippet:-1, max-image-preview:large, max-video-preview:-1\" \/>\n<link rel=\"canonical\" href=\"https:\/\/www.carideal.com\/blog\/2012\/01\/28\/endurance-presentation-de-la-toyota-lmp1-hybride\/\" \/>\n<meta property=\"og:locale\" content=\"fr_FR\" \/>\n<meta property=\"og:type\" content=\"article\" \/>\n<meta property=\"og:title\" content=\"Pr\u00e9sentation de la Toyota LMP1 Hybride 2012 d&#039;endurance - Blog auto Carid\u00e9al\" \/>\n<meta property=\"og:description\" content=\"Maintenant que Peugeot s&#039;est retir\u00e9 du programme d&#039;endurance 2012, il ne va plus rester que Toyota pour contrer Audi. La Toyota LMP1 Hybride sera pilot\u00e9e par Lapierre, Wurz et Nakajima.\" \/>\n<meta property=\"og:url\" content=\"https:\/\/www.carideal.com\/blog\/2012\/01\/28\/endurance-presentation-de-la-toyota-lmp1-hybride\/\" \/>\n<meta property=\"og:site_name\" content=\"Blog auto Carid\u00e9al\" \/>\n<meta property=\"article:publisher\" content=\"https:\/\/www.facebook.com\/Carideal.mandataire.automobile\" \/>\n<meta property=\"article:author\" content=\"https:\/\/www.facebook.com\/Carideal.mandataire.automobile\/\" \/>\n<meta property=\"article:published_time\" content=\"2012-01-28T10:41:00+00:00\" \/>\n<meta property=\"article:modified_time\" content=\"2020-03-08T06:33:57+00:00\" \/>\n<meta property=\"og:image\" content=\"https:\/\/www.carideal.com\/blog\/wp-content\/uploads\/2012\/01\/Toyota-LMP1-hybride-endurance-carideal-mandataire-automobile_m.jpg\" \/>\n\t<meta property=\"og:image:width\" content=\"448\" \/>\n\t<meta property=\"og:image:height\" content=\"336\" \/>\n\t<meta property=\"og:image:type\" content=\"image\/jpeg\" \/>\n<meta name=\"author\" content=\"N.S Carideal\" \/>\n<meta name=\"twitter:card\" content=\"summary_large_image\" \/>\n<meta name=\"twitter:creator\" content=\"@caridealauto\" \/>\n<meta name=\"twitter:site\" content=\"@caridealauto\" \/>\n<meta name=\"twitter:label1\" content=\"\u00c9crit par\" \/>\n\t<meta name=\"twitter:data1\" content=\"N.S Carideal\" \/>\n\t<meta name=\"twitter:label2\" content=\"Dur\u00e9e de lecture estim\u00e9e\" \/>\n\t<meta name=\"twitter:data2\" content=\"4 minutes\" \/>\n<script type=\"application\/ld+json\" class=\"yoast-schema-graph\">{\"@context\":\"https:\/\/schema.org\",\"@graph\":[{\"@type\":\"Article\",\"@id\":\"https:\/\/www.carideal.com\/blog\/2012\/01\/28\/endurance-presentation-de-la-toyota-lmp1-hybride\/#article\",\"isPartOf\":{\"@id\":\"https:\/\/www.carideal.com\/blog\/2012\/01\/28\/endurance-presentation-de-la-toyota-lmp1-hybride\/\"},\"author\":{\"name\":\"N.S Carideal\",\"@id\":\"https:\/\/www.carideal.com\/blog\/#\/schema\/person\/985c7e757d1042d647f21bfaf8d41ebc\"},\"headline\":\"Pr\u00e9sentation de la Toyota LMP1 Hybride 2012 d&rsquo;endurance\",\"datePublished\":\"2012-01-28T10:41:00+00:00\",\"dateModified\":\"2020-03-08T06:33:57+00:00\",\"mainEntityOfPage\":{\"@id\":\"https:\/\/www.carideal.com\/blog\/2012\/01\/28\/endurance-presentation-de-la-toyota-lmp1-hybride\/\"},\"wordCount\":712,\"commentCount\":0,\"publisher\":{\"@id\":\"https:\/\/www.carideal.com\/blog\/#organization\"},\"image\":{\"@id\":\"https:\/\/www.carideal.com\/blog\/2012\/01\/28\/endurance-presentation-de-la-toyota-lmp1-hybride\/#primaryimage\"},\"thumbnailUrl\":\"https:\/\/www.carideal.com\/blog\/wp-content\/uploads\/2012\/01\/Toyota-LMP1-hybride-endurance-carideal-mandataire-automobile_m.jpg\",\"articleSection\":[\"Sport Automobile\",\"Technologie Automobile\",\"Vid\u00e9o voiture : vid\u00e9o automobile\",\"Voiture Hybride\"],\"inLanguage\":\"fr-FR\",\"potentialAction\":[{\"@type\":\"CommentAction\",\"name\":\"Comment\",\"target\":[\"https:\/\/www.carideal.com\/blog\/2012\/01\/28\/endurance-presentation-de-la-toyota-lmp1-hybride\/#respond\"]}]},{\"@type\":\"WebPage\",\"@id\":\"https:\/\/www.carideal.com\/blog\/2012\/01\/28\/endurance-presentation-de-la-toyota-lmp1-hybride\/\",\"url\":\"https:\/\/www.carideal.com\/blog\/2012\/01\/28\/endurance-presentation-de-la-toyota-lmp1-hybride\/\",\"name\":\"Pr\u00e9sentation de la Toyota LMP1 Hybride 2012 d'endurance - Blog auto Carid\u00e9al\",\"isPartOf\":{\"@id\":\"https:\/\/www.carideal.com\/blog\/#website\"},\"primaryImageOfPage\":{\"@id\":\"https:\/\/www.carideal.com\/blog\/2012\/01\/28\/endurance-presentation-de-la-toyota-lmp1-hybride\/#primaryimage\"},\"image\":{\"@id\":\"https:\/\/www.carideal.com\/blog\/2012\/01\/28\/endurance-presentation-de-la-toyota-lmp1-hybride\/#primaryimage\"},\"thumbnailUrl\":\"https:\/\/www.carideal.com\/blog\/wp-content\/uploads\/2012\/01\/Toyota-LMP1-hybride-endurance-carideal-mandataire-automobile_m.jpg\",\"datePublished\":\"2012-01-28T10:41:00+00:00\",\"dateModified\":\"2020-03-08T06:33:57+00:00\",\"description\":\"Maintenant que Peugeot s'est retir\u00e9 du programme d'endurance 2012, il ne va plus rester que Toyota pour contrer Audi. La Toyota LMP1 Hybride sera pilot\u00e9e par Lapierre, Wurz et Nakajima.\",\"breadcrumb\":{\"@id\":\"https:\/\/www.carideal.com\/blog\/2012\/01\/28\/endurance-presentation-de-la-toyota-lmp1-hybride\/#breadcrumb\"},\"inLanguage\":\"fr-FR\",\"potentialAction\":[{\"@type\":\"ReadAction\",\"target\":[\"https:\/\/www.carideal.com\/blog\/2012\/01\/28\/endurance-presentation-de-la-toyota-lmp1-hybride\/\"]}]},{\"@type\":\"ImageObject\",\"inLanguage\":\"fr-FR\",\"@id\":\"https:\/\/www.carideal.com\/blog\/2012\/01\/28\/endurance-presentation-de-la-toyota-lmp1-hybride\/#primaryimage\",\"url\":\"https:\/\/www.carideal.com\/blog\/wp-content\/uploads\/2012\/01\/Toyota-LMP1-hybride-endurance-carideal-mandataire-automobile_m.jpg\",\"contentUrl\":\"https:\/\/www.carideal.com\/blog\/wp-content\/uploads\/2012\/01\/Toyota-LMP1-hybride-endurance-carideal-mandataire-automobile_m.jpg\",\"width\":448,\"height\":336,\"caption\":\"Endurance presentation de la Toyota LMP1 Hybride\"},{\"@type\":\"BreadcrumbList\",\"@id\":\"https:\/\/www.carideal.com\/blog\/2012\/01\/28\/endurance-presentation-de-la-toyota-lmp1-hybride\/#breadcrumb\",\"itemListElement\":[{\"@type\":\"ListItem\",\"position\":1,\"name\":\"Blog Carid\u00e9al\",\"item\":\"https:\/\/www.carideal.com\/blog\/\"},{\"@type\":\"ListItem\",\"position\":2,\"name\":\"Sport Automobile\",\"item\":\"https:\/\/www.carideal.com\/blog\/sport-auto\/\"},{\"@type\":\"ListItem\",\"position\":3,\"name\":\"Pr\u00e9sentation de la Toyota LMP1 Hybride 2012 d&rsquo;endurance\"}]},{\"@type\":\"WebSite\",\"@id\":\"https:\/\/www.carideal.com\/blog\/#website\",\"url\":\"https:\/\/www.carideal.com\/blog\/\",\"name\":\"Blog auto Carid\u00e9al\",\"description\":\"Actualit\u00e9 auto par des passionn\u00e9s\",\"publisher\":{\"@id\":\"https:\/\/www.carideal.com\/blog\/#organization\"},\"potentialAction\":[{\"@type\":\"SearchAction\",\"target\":{\"@type\":\"EntryPoint\",\"urlTemplate\":\"https:\/\/www.carideal.com\/blog\/?s={search_term_string}\"},\"query-input\":{\"@type\":\"PropertyValueSpecification\",\"valueRequired\":true,\"valueName\":\"search_term_string\"}}],\"inLanguage\":\"fr-FR\"},{\"@type\":\"Organization\",\"@id\":\"https:\/\/www.carideal.com\/blog\/#organization\",\"name\":\"Carideal\",\"url\":\"https:\/\/www.carideal.com\/blog\/\",\"logo\":{\"@type\":\"ImageObject\",\"inLanguage\":\"fr-FR\",\"@id\":\"https:\/\/www.carideal.com\/blog\/#\/schema\/logo\/image\/\",\"url\":\"http:\/\/www.carideal.com\/blog\/wp-content\/uploads\/2016\/03\/logo-carideal-mandataire-automobile.png\",\"contentUrl\":\"http:\/\/www.carideal.com\/blog\/wp-content\/uploads\/2016\/03\/logo-carideal-mandataire-automobile.png\",\"width\":300,\"height\":300,\"caption\":\"Carideal\"},\"image\":{\"@id\":\"https:\/\/www.carideal.com\/blog\/#\/schema\/logo\/image\/\"},\"sameAs\":[\"https:\/\/www.facebook.com\/Carideal.mandataire.automobile\",\"https:\/\/x.com\/caridealauto\",\"https:\/\/www.instagram.com\/carideal1\/\",\"https:\/\/www.linkedin.com\/company\/carideal.com\",\"https:\/\/fr.pinterest.com\/schiavonsas\/\",\"https:\/\/www.youtube.com\/user\/caridealsas\"]},{\"@type\":\"Person\",\"@id\":\"https:\/\/www.carideal.com\/blog\/#\/schema\/person\/985c7e757d1042d647f21bfaf8d41ebc\",\"name\":\"N.S Carideal\",\"image\":{\"@type\":\"ImageObject\",\"inLanguage\":\"fr-FR\",\"@id\":\"https:\/\/www.carideal.com\/blog\/#\/schema\/person\/image\/\",\"url\":\"https:\/\/secure.gravatar.com\/avatar\/edb7ccdf1a4e3d14aef967760d354d0e?s=96&r=g\",\"contentUrl\":\"https:\/\/secure.gravatar.com\/avatar\/edb7ccdf1a4e3d14aef967760d354d0e?s=96&r=g\",\"caption\":\"N.S Carideal\"},\"description\":\"Depuis tout petit fan d'automobile. Il est question d'essayer et de comparer toutes ces voitures qui nous ont fait r\u00e9ver, avant que celles-ci ne devient uniquement des voitures de collection.\",\"sameAs\":[\"http:\/\/www.carideal.com\/blog\",\"https:\/\/www.facebook.com\/Carideal.mandataire.automobile\/\",\"https:\/\/www.linkedin.com\/in\/nschiavon\/\",\"https:\/\/www.youtube.com\/user\/caridealsas\/\"],\"url\":\"https:\/\/www.carideal.com\/blog\/author\/admin_carideal\/\"}]}<\/script>\n<!-- \/ Yoast SEO plugin. -->","yoast_head_json":{"title":"Pr\u00e9sentation de la Toyota LMP1 Hybride 2012 d'endurance - Blog auto Carid\u00e9al","description":"Maintenant que Peugeot s'est retir\u00e9 du programme d'endurance 2012, il ne va plus rester que Toyota pour contrer Audi. La Toyota LMP1 Hybride sera pilot\u00e9e par Lapierre, Wurz et Nakajima.","robots":{"index":"index","follow":"follow","max-snippet":"max-snippet:-1","max-image-preview":"max-image-preview:large","max-video-preview":"max-video-preview:-1"},"canonical":"https:\/\/www.carideal.com\/blog\/2012\/01\/28\/endurance-presentation-de-la-toyota-lmp1-hybride\/","og_locale":"fr_FR","og_type":"article","og_title":"Pr\u00e9sentation de la Toyota LMP1 Hybride 2012 d'endurance - Blog auto Carid\u00e9al","og_description":"Maintenant que Peugeot s'est retir\u00e9 du programme d'endurance 2012, il ne va plus rester que Toyota pour contrer Audi. La Toyota LMP1 Hybride sera pilot\u00e9e par Lapierre, Wurz et Nakajima.","og_url":"https:\/\/www.carideal.com\/blog\/2012\/01\/28\/endurance-presentation-de-la-toyota-lmp1-hybride\/","og_site_name":"Blog auto Carid\u00e9al","article_publisher":"https:\/\/www.facebook.com\/Carideal.mandataire.automobile","article_author":"https:\/\/www.facebook.com\/Carideal.mandataire.automobile\/","article_published_time":"2012-01-28T10:41:00+00:00","article_modified_time":"2020-03-08T06:33:57+00:00","og_image":[{"width":448,"height":336,"url":"https:\/\/www.carideal.com\/blog\/wp-content\/uploads\/2012\/01\/Toyota-LMP1-hybride-endurance-carideal-mandataire-automobile_m.jpg","type":"image\/jpeg"}],"author":"N.S Carideal","twitter_card":"summary_large_image","twitter_creator":"@caridealauto","twitter_site":"@caridealauto","twitter_misc":{"\u00c9crit par":"N.S Carideal","Dur\u00e9e de lecture estim\u00e9e":"4 minutes"},"schema":{"@context":"https:\/\/schema.org","@graph":[{"@type":"Article","@id":"https:\/\/www.carideal.com\/blog\/2012\/01\/28\/endurance-presentation-de-la-toyota-lmp1-hybride\/#article","isPartOf":{"@id":"https:\/\/www.carideal.com\/blog\/2012\/01\/28\/endurance-presentation-de-la-toyota-lmp1-hybride\/"},"author":{"name":"N.S Carideal","@id":"https:\/\/www.carideal.com\/blog\/#\/schema\/person\/985c7e757d1042d647f21bfaf8d41ebc"},"headline":"Pr\u00e9sentation de la Toyota LMP1 Hybride 2012 d&rsquo;endurance","datePublished":"2012-01-28T10:41:00+00:00","dateModified":"2020-03-08T06:33:57+00:00","mainEntityOfPage":{"@id":"https:\/\/www.carideal.com\/blog\/2012\/01\/28\/endurance-presentation-de-la-toyota-lmp1-hybride\/"},"wordCount":712,"commentCount":0,"publisher":{"@id":"https:\/\/www.carideal.com\/blog\/#organization"},"image":{"@id":"https:\/\/www.carideal.com\/blog\/2012\/01\/28\/endurance-presentation-de-la-toyota-lmp1-hybride\/#primaryimage"},"thumbnailUrl":"https:\/\/www.carideal.com\/blog\/wp-content\/uploads\/2012\/01\/Toyota-LMP1-hybride-endurance-carideal-mandataire-automobile_m.jpg","articleSection":["Sport Automobile","Technologie Automobile","Vid\u00e9o voiture : vid\u00e9o automobile","Voiture Hybride"],"inLanguage":"fr-FR","potentialAction":[{"@type":"CommentAction","name":"Comment","target":["https:\/\/www.carideal.com\/blog\/2012\/01\/28\/endurance-presentation-de-la-toyota-lmp1-hybride\/#respond"]}]},{"@type":"WebPage","@id":"https:\/\/www.carideal.com\/blog\/2012\/01\/28\/endurance-presentation-de-la-toyota-lmp1-hybride\/","url":"https:\/\/www.carideal.com\/blog\/2012\/01\/28\/endurance-presentation-de-la-toyota-lmp1-hybride\/","name":"Pr\u00e9sentation de la Toyota LMP1 Hybride 2012 d'endurance - Blog auto Carid\u00e9al","isPartOf":{"@id":"https:\/\/www.carideal.com\/blog\/#website"},"primaryImageOfPage":{"@id":"https:\/\/www.carideal.com\/blog\/2012\/01\/28\/endurance-presentation-de-la-toyota-lmp1-hybride\/#primaryimage"},"image":{"@id":"https:\/\/www.carideal.com\/blog\/2012\/01\/28\/endurance-presentation-de-la-toyota-lmp1-hybride\/#primaryimage"},"thumbnailUrl":"https:\/\/www.carideal.com\/blog\/wp-content\/uploads\/2012\/01\/Toyota-LMP1-hybride-endurance-carideal-mandataire-automobile_m.jpg","datePublished":"2012-01-28T10:41:00+00:00","dateModified":"2020-03-08T06:33:57+00:00","description":"Maintenant que Peugeot s'est retir\u00e9 du programme d'endurance 2012, il ne va plus rester que Toyota pour contrer Audi. La Toyota LMP1 Hybride sera pilot\u00e9e par Lapierre, Wurz et Nakajima.","breadcrumb":{"@id":"https:\/\/www.carideal.com\/blog\/2012\/01\/28\/endurance-presentation-de-la-toyota-lmp1-hybride\/#breadcrumb"},"inLanguage":"fr-FR","potentialAction":[{"@type":"ReadAction","target":["https:\/\/www.carideal.com\/blog\/2012\/01\/28\/endurance-presentation-de-la-toyota-lmp1-hybride\/"]}]},{"@type":"ImageObject","inLanguage":"fr-FR","@id":"https:\/\/www.carideal.com\/blog\/2012\/01\/28\/endurance-presentation-de-la-toyota-lmp1-hybride\/#primaryimage","url":"https:\/\/www.carideal.com\/blog\/wp-content\/uploads\/2012\/01\/Toyota-LMP1-hybride-endurance-carideal-mandataire-automobile_m.jpg","contentUrl":"https:\/\/www.carideal.com\/blog\/wp-content\/uploads\/2012\/01\/Toyota-LMP1-hybride-endurance-carideal-mandataire-automobile_m.jpg","width":448,"height":336,"caption":"Endurance presentation de la Toyota LMP1 Hybride"},{"@type":"BreadcrumbList","@id":"https:\/\/www.carideal.com\/blog\/2012\/01\/28\/endurance-presentation-de-la-toyota-lmp1-hybride\/#breadcrumb","itemListElement":[{"@type":"ListItem","position":1,"name":"Blog Carid\u00e9al","item":"https:\/\/www.carideal.com\/blog\/"},{"@type":"ListItem","position":2,"name":"Sport Automobile","item":"https:\/\/www.carideal.com\/blog\/sport-auto\/"},{"@type":"ListItem","position":3,"name":"Pr\u00e9sentation de la Toyota LMP1 Hybride 2012 d&rsquo;endurance"}]},{"@type":"WebSite","@id":"https:\/\/www.carideal.com\/blog\/#website","url":"https:\/\/www.carideal.com\/blog\/","name":"Blog auto Carid\u00e9al","description":"Actualit\u00e9 auto par des passionn\u00e9s","publisher":{"@id":"https:\/\/www.carideal.com\/blog\/#organization"},"potentialAction":[{"@type":"SearchAction","target":{"@type":"EntryPoint","urlTemplate":"https:\/\/www.carideal.com\/blog\/?s={search_term_string}"},"query-input":{"@type":"PropertyValueSpecification","valueRequired":true,"valueName":"search_term_string"}}],"inLanguage":"fr-FR"},{"@type":"Organization","@id":"https:\/\/www.carideal.com\/blog\/#organization","name":"Carideal","url":"https:\/\/www.carideal.com\/blog\/","logo":{"@type":"ImageObject","inLanguage":"fr-FR","@id":"https:\/\/www.carideal.com\/blog\/#\/schema\/logo\/image\/","url":"http:\/\/www.carideal.com\/blog\/wp-content\/uploads\/2016\/03\/logo-carideal-mandataire-automobile.png","contentUrl":"http:\/\/www.carideal.com\/blog\/wp-content\/uploads\/2016\/03\/logo-carideal-mandataire-automobile.png","width":300,"height":300,"caption":"Carideal"},"image":{"@id":"https:\/\/www.carideal.com\/blog\/#\/schema\/logo\/image\/"},"sameAs":["https:\/\/www.facebook.com\/Carideal.mandataire.automobile","https:\/\/x.com\/caridealauto","https:\/\/www.instagram.com\/carideal1\/","https:\/\/www.linkedin.com\/company\/carideal.com","https:\/\/fr.pinterest.com\/schiavonsas\/","https:\/\/www.youtube.com\/user\/caridealsas"]},{"@type":"Person","@id":"https:\/\/www.carideal.com\/blog\/#\/schema\/person\/985c7e757d1042d647f21bfaf8d41ebc","name":"N.S Carideal","image":{"@type":"ImageObject","inLanguage":"fr-FR","@id":"https:\/\/www.carideal.com\/blog\/#\/schema\/person\/image\/","url":"https:\/\/secure.gravatar.com\/avatar\/edb7ccdf1a4e3d14aef967760d354d0e?s=96&r=g","contentUrl":"https:\/\/secure.gravatar.com\/avatar\/edb7ccdf1a4e3d14aef967760d354d0e?s=96&r=g","caption":"N.S Carideal"},"description":"Depuis tout petit fan d'automobile. Il est question d'essayer et de comparer toutes ces voitures qui nous ont fait r\u00e9ver, avant que celles-ci ne devient uniquement des voitures de collection.","sameAs":["http:\/\/www.carideal.com\/blog","https:\/\/www.facebook.com\/Carideal.mandataire.automobile\/","https:\/\/www.linkedin.com\/in\/nschiavon\/","https:\/\/www.youtube.com\/user\/caridealsas\/"],"url":"https:\/\/www.carideal.com\/blog\/author\/admin_carideal\/"}]}},"uagb_featured_image_src":{"full":["https:\/\/www.carideal.com\/blog\/wp-content\/uploads\/2012\/01\/Toyota-LMP1-hybride-endurance-carideal-mandataire-automobile_m.jpg",448,336,false],"thumbnail":["https:\/\/www.carideal.com\/blog\/wp-content\/uploads\/2012\/01\/Toyota-LMP1-hybride-endurance-carideal-mandataire-automobile_m-150x150.jpg",150,150,true],"medium":["https:\/\/www.carideal.com\/blog\/wp-content\/uploads\/2012\/01\/Toyota-LMP1-hybride-endurance-carideal-mandataire-automobile_m-300x225.jpg",300,225,true],"medium_large":["https:\/\/www.carideal.com\/blog\/wp-content\/uploads\/2012\/01\/Toyota-LMP1-hybride-endurance-carideal-mandataire-automobile_m.jpg",448,336,false],"large":["https:\/\/www.carideal.com\/blog\/wp-content\/uploads\/2012\/01\/Toyota-LMP1-hybride-endurance-carideal-mandataire-automobile_m.jpg",448,336,false],"1536x1536":["https:\/\/www.carideal.com\/blog\/wp-content\/uploads\/2012\/01\/Toyota-LMP1-hybride-endurance-carideal-mandataire-automobile_m.jpg",448,336,false],"2048x2048":["https:\/\/www.carideal.com\/blog\/wp-content\/uploads\/2012\/01\/Toyota-LMP1-hybride-endurance-carideal-mandataire-automobile_m.jpg",448,336,false],"wppr-widget":["https:\/\/www.carideal.com\/blog\/wp-content\/uploads\/2012\/01\/Toyota-LMP1-hybride-endurance-carideal-mandataire-automobile_m.jpg",50,38,false]},"uagb_author_info":{"display_name":"N.S Carideal","author_link":"https:\/\/www.carideal.com\/blog\/author\/admin_carideal\/"},"uagb_comment_info":0,"uagb_excerpt":"Endurance : pr\u00e9sentation de la Toyota LMP1 Hybride 2012 La pr\u00e9sentation de la Toyota Hybride LMP1 2012 en endurance au Castelet Maintenant que Peugeot s'est retir\u00e9 du programme d'endurance 2012, il ne va plus rester que Toyota pour contrer Audi. La Toyota sera pilot\u00e9e par Lapierre, Wurz et Nakajima. Retrouvez toutes les offres de Toyota\u2026","_links":{"self":[{"href":"https:\/\/www.carideal.com\/blog\/wp-json\/wp\/v2\/posts\/1753"}],"collection":[{"href":"https:\/\/www.carideal.com\/blog\/wp-json\/wp\/v2\/posts"}],"about":[{"href":"https:\/\/www.carideal.com\/blog\/wp-json\/wp\/v2\/types\/post"}],"author":[{"embeddable":true,"href":"https:\/\/www.carideal.com\/blog\/wp-json\/wp\/v2\/users\/1"}],"replies":[{"embeddable":true,"href":"https:\/\/www.carideal.com\/blog\/wp-json\/wp\/v2\/comments?post=1753"}],"version-history":[{"count":0,"href":"https:\/\/www.carideal.com\/blog\/wp-json\/wp\/v2\/posts\/1753\/revisions"}],"wp:featuredmedia":[{"embeddable":true,"href":"https:\/\/www.carideal.com\/blog\/wp-json\/wp\/v2\/media\/17205"}],"wp:attachment":[{"href":"https:\/\/www.carideal.com\/blog\/wp-json\/wp\/v2\/media?parent=1753"}],"wp:term":[{"taxonomy":"category","embeddable":true,"href":"https:\/\/www.carideal.com\/blog\/wp-json\/wp\/v2\/categories?post=1753"},{"taxonomy":"post_tag","embeddable":true,"href":"https:\/\/www.carideal.com\/blog\/wp-json\/wp\/v2\/tags?post=1753"}],"curies":[{"name":"wp","href":"https:\/\/api.w.org\/{rel}","templated":true}]}}