{"id":17460,"date":"2018-09-26T07:08:14","date_gmt":"2018-09-26T05:08:14","guid":{"rendered":"http:\/\/www.carideal.com\/blog\/?p=17460"},"modified":"2018-10-09T05:32:55","modified_gmt":"2018-10-09T03:32:55","slug":"volkswagen-ajoute-id-buzz-cargo-a-la-famille-meb","status":"publish","type":"post","link":"https:\/\/www.carideal.com\/blog\/2018\/09\/26\/volkswagen-ajoute-id-buzz-cargo-a-la-famille-meb\/","title":{"rendered":"Volkswagen ID Buzz Cargo nouveau dans la famille MEB"},"content":{"rendered":"<h1>Volkswagen ajoute ID Buzz Cargo \u00e0 la famille MEB<\/h1>\n<p><strong>La version fourgonnette de l\u2019adorable ID Buzz de Volkswagen<\/strong> est dot\u00e9e d\u2019une batterie \u00e9volutive et d\u2019une autonomie allant jusqu\u2019\u00e0 550 km.<br \/>\n<a href=\"http:\/\/www.carideal.com\/blog\/marque-de-voiture-actualites-essais\/volkswagen\/\">VOLKSWAGEN<\/a> renforce son intention d\u2019offrir une famille croissante de v\u00e9hicules purement \u00e9lectriques, avec une fourgonnette \u00e9lectrique surnomm\u00e9e le <strong>concept ID Buzz Cargo<\/strong> qui sera pr\u00e9sent\u00e9e au <a href=\"http:\/\/www.carideal.com\/blog\/salons\/\">salon IAA<\/a> des v\u00e9hicules commerciaux en Allemagne cette semaine.<\/p>\n<p>L\u2019ID Buzz Cargo, qui fait suite au concept ID Buzz Combi transportant des passagers, devrait rejoindre la famille de v\u00e9hicules purement \u00e9lectriques de Volkswagen bas\u00e9e sur sa plate-forme Modular Electric Drive Kit (MEB).<\/p>\n<p>Avec une batterie \u00e9volutive capable de propulser le fourgon \u00e0 z\u00e9ro \u00e9mission jusqu\u2019\u00e0 550 km, le Cargo poss\u00e8de la plus longue autonomie jamais vue dans la gamme \u00e9mergente MEB de Volkswagen, mais les gestionnaires d\u2019entreprise peuvent choisir un bloc d\u2019alimentation plus petit pour les circuits de livraison sont plus courts.<\/p>\n<figure id=\"attachment_17463\" aria-describedby=\"caption-attachment-17463\" style=\"width: 290px\" class=\"wp-caption alignnone\"><a href=\"http:\/\/www.carideal.com\/blog\/wp-content\/uploads\/2018\/09\/volkswagen-id-buzz-2.jpe\"><img loading=\"lazy\" decoding=\"async\" class=\"size-full wp-image-17463\" src=\"http:\/\/www.carideal.com\/blog\/wp-content\/uploads\/2018\/09\/volkswagen-id-buzz-2.jpe\" alt=\"Volkswagen ID Buzz\" width=\"300\" height=\"168\" srcset=\"https:\/\/www.carideal.com\/blog\/wp-content\/uploads\/2018\/09\/volkswagen-id-buzz-2.jpe 300w, https:\/\/www.carideal.com\/blog\/wp-content\/uploads\/2018\/09\/volkswagen-id-buzz-2-50x28.jpe 50w, https:\/\/www.carideal.com\/blog\/wp-content\/uploads\/2018\/09\/volkswagen-id-buzz-2-110x62.jpe 110w, https:\/\/www.carideal.com\/blog\/wp-content\/uploads\/2018\/09\/volkswagen-id-buzz-2-248x138.jpe 248w\" sizes=\"(max-width: 300px) 100vw, 300px\" \/><\/a><figcaption id=\"caption-attachment-17463\" class=\"wp-caption-text\">Volkswagen ID Buzz<\/figcaption><\/figure>\n<p>Contrairement \u00e0 la version microvan, qui comportait un grand toit ouvrant, le Cargo dispose d'un panneau solaire dissimul\u00e9 sur son toit, qui peut atteindre 15 km d'autonomie s'il est stationn\u00e9 toute la journ\u00e9e en plein soleil.<\/p>\n<p>En supprimant la disposition des si\u00e8ges astucieuse de la version revival du Combi, l'ID Buzz Cargo dispose d'une baie pouvant accueillir jusqu'\u00e0 800 kg de charge utile et augmente le volume int\u00e9rieur en prolongeant le porte-\u00e0-faux arri\u00e8re de plus de 100 mm.<\/p>\n<p>On pourrait vous pardonner de penser que la marque charismatique de VW vient de sortir un autre concept fantaisiste destin\u00e9 \u00e0 rester dans un monde fantastique, mais la soci\u00e9t\u00e9 a d\u00e9j\u00e0 confirm\u00e9 qu\u2019elle livrerait une version de production de l\u2019ID Buzz en 2022, laissant la porte ouverte \u00e0 un ID Buzz Cargo que vous pourrez acheter.<\/p>\n<p>Volkswagen a d\u00e9voil\u00e9 les plans de production del'ID Buzz \u00e0 <a href=\"http:\/\/www.carideal.com\/blog\/2018\/08\/16\/automobile-luxe-salon-voiture-collection\/\">Pebble Beach<\/a><\/p>\n<h3>Vid\u00e9o du Volkswagen ID Buzz Cargo<\/h3>\n<p><iframe loading=\"lazy\" src=\"https:\/\/www.youtube.com\/embed\/XSXrqcCSJ34\" width=\"560\" height=\"315\" frameborder=\"0\" allowfullscreen=\"allowfullscreen\"><\/iframe><\/p>\n<p>La probabilit\u00e9 d\u2019une version camionette dans les showroom des concessions prend de l\u2019ampleur en jetant un coup d\u2019\u0153il aux autres d\u00e9veloppements du groupe motopropulseur \u00e9lectrique allemand. Le e-Crafter de Volkswagen livre d\u00e9j\u00e0 des cargaisons en silence dans certaines parties du monde et l'e-Golf offre quelque chose aux clients des petites berlines qui ne veulent pas d\u00e9pendre des combustibles fossiles. Et il y en aura d'autres.<\/p>\n<p>Il suffit de regarder l\u2019\u00e9tonnant accomplissement de l\u2019ID R qui a bris\u00e9 les records devant les voitures \u00e0 moteur thermique \u00e0 Pikes Peak en d\u00e9but d\u2019ann\u00e9e, pour avoir un aper\u00e7u du potentiel de performance de cette technologie.<\/p>\n<p>\u00c0 l'instar du microbus, la version Cargo est \u00e9galement \u00e9quip\u00e9e d'une technologie autonome de haut niveau, permettant au conducteur de s'occuper d'un horaire professionnel et d'autres t\u00e2ches, tandis que la camionnette s'occupe de la conduite. Reste \u00e0 savoir si cette fonctionnalit\u00e9 parviendra jusque dans les concessions.<\/p>\n","protected":false},"excerpt":{"rendered":"<p>Volkswagen ajoute ID Buzz Cargo \u00e0 la famille MEB La version fourgonnette de l\u2019adorable ID Buzz de Volkswagen est dot\u00e9e d\u2019une batterie \u00e9volutive et d\u2019une autonomie allant jusqu\u2019\u00e0 550 km. VOLKSWAGEN renforce son intention d\u2019offrir une famille croissante de v\u00e9hicules purement \u00e9lectriques, avec une fourgonnette \u00e9lectrique surnomm\u00e9e le concept ID Buzz Cargo qui sera pr\u00e9sent\u00e9e &#8230; <a title=\"Volkswagen ID Buzz Cargo nouveau dans la famille MEB\" class=\"read-more\" href=\"https:\/\/www.carideal.com\/blog\/2018\/09\/26\/volkswagen-ajoute-id-buzz-cargo-a-la-famille-meb\/\" aria-label=\"En savoir plus sur Volkswagen ID Buzz Cargo nouveau dans la famille MEB\">Lire plus<\/a><\/p>\n","protected":false},"author":3,"featured_media":17462,"comment_status":"open","ping_status":"open","sticky":false,"template":"","format":"standard","meta":{"_uag_custom_page_level_css":"","_themeisle_gutenberg_block_has_review":false,"footnotes":""},"categories":[5944,6028,5985,5975,5080,6042,5970],"tags":[5199,4450],"class_list":["post-17460","post","type-post","status-publish","format-standard","has-post-thumbnail","hentry","category-constructeur","category-utilitaire","category-volkswagen","category-concept-car","category-technologie-2","category-voiture-autonome","category-electrique-technologie-2","tag-camionette","tag-voiture-automatisee-et-autonome"],"wppr_data":{"cwp_meta_box_check":"No"},"yoast_head":"<!-- This site is optimized with the Yoast SEO plugin v24.8.1 - https:\/\/yoast.com\/wordpress\/plugins\/seo\/ -->\n<title>Volkswagen ID Buzz Cargo nouveau dans la famille MEB - Blog auto Carid\u00e9al<\/title>\n<meta name=\"description\" content=\"Volkswagen ajoute ID Buzz Cargo \u00e0 la famille MEB. Cette camionette \u00e9lectrique et autonome sera pr\u00e9sent\u00e9 cette semaine au salon des v\u00e9hicules utilitaires IAA en Allemangne.\" \/>\n<meta name=\"robots\" content=\"index, follow, max-snippet:-1, max-image-preview:large, max-video-preview:-1\" \/>\n<link rel=\"canonical\" href=\"https:\/\/www.carideal.com\/blog\/2018\/09\/26\/volkswagen-ajoute-id-buzz-cargo-a-la-famille-meb\/\" \/>\n<meta property=\"og:locale\" content=\"fr_FR\" \/>\n<meta property=\"og:type\" content=\"article\" \/>\n<meta property=\"og:title\" content=\"Volkswagen ID Buzz Cargo nouveau dans la famille MEB - Blog auto Carid\u00e9al\" \/>\n<meta property=\"og:description\" content=\"Volkswagen ajoute ID Buzz Cargo \u00e0 la famille MEB. Cette camionette \u00e9lectrique et autonome sera pr\u00e9sent\u00e9 cette semaine au salon des v\u00e9hicules utilitaires IAA en Allemangne.\" \/>\n<meta property=\"og:url\" content=\"https:\/\/www.carideal.com\/blog\/2018\/09\/26\/volkswagen-ajoute-id-buzz-cargo-a-la-famille-meb\/\" \/>\n<meta property=\"og:site_name\" content=\"Blog auto Carid\u00e9al\" \/>\n<meta property=\"article:publisher\" content=\"https:\/\/www.facebook.com\/Carideal.mandataire.automobile\" \/>\n<meta property=\"article:author\" content=\"https:\/\/www.facebook.com\/nicolas.schiavon.39\" \/>\n<meta property=\"article:published_time\" content=\"2018-09-26T05:08:14+00:00\" \/>\n<meta property=\"article:modified_time\" content=\"2018-10-09T03:32:55+00:00\" \/>\n<meta property=\"og:image\" content=\"https:\/\/www.carideal.com\/blog\/wp-content\/uploads\/2018\/09\/volkswagen-id-buzz-cargo-e1537937573413.jpg\" \/>\n\t<meta property=\"og:image:width\" content=\"800\" \/>\n\t<meta property=\"og:image:height\" content=\"402\" \/>\n\t<meta property=\"og:image:type\" content=\"image\/jpeg\" \/>\n<meta name=\"author\" content=\"Nicolas SCHIAVON\" \/>\n<meta name=\"twitter:card\" content=\"summary_large_image\" \/>\n<meta name=\"twitter:creator\" content=\"@caridealauto\" \/>\n<meta name=\"twitter:site\" content=\"@caridealauto\" \/>\n<meta name=\"twitter:label1\" content=\"\u00c9crit par\" \/>\n\t<meta name=\"twitter:data1\" content=\"Nicolas SCHIAVON\" \/>\n\t<meta name=\"twitter:label2\" content=\"Dur\u00e9e de lecture estim\u00e9e\" \/>\n\t<meta name=\"twitter:data2\" content=\"2 minutes\" \/>\n<script type=\"application\/ld+json\" class=\"yoast-schema-graph\">{\"@context\":\"https:\/\/schema.org\",\"@graph\":[{\"@type\":\"Article\",\"@id\":\"https:\/\/www.carideal.com\/blog\/2018\/09\/26\/volkswagen-ajoute-id-buzz-cargo-a-la-famille-meb\/#article\",\"isPartOf\":{\"@id\":\"https:\/\/www.carideal.com\/blog\/2018\/09\/26\/volkswagen-ajoute-id-buzz-cargo-a-la-famille-meb\/\"},\"author\":{\"name\":\"Nicolas SCHIAVON\",\"@id\":\"https:\/\/www.carideal.com\/blog\/#\/schema\/person\/cd95dc7919660de90d31b366f85be1ec\"},\"headline\":\"Volkswagen ID Buzz Cargo nouveau dans la famille MEB\",\"datePublished\":\"2018-09-26T05:08:14+00:00\",\"dateModified\":\"2018-10-09T03:32:55+00:00\",\"mainEntityOfPage\":{\"@id\":\"https:\/\/www.carideal.com\/blog\/2018\/09\/26\/volkswagen-ajoute-id-buzz-cargo-a-la-famille-meb\/\"},\"wordCount\":493,\"commentCount\":0,\"publisher\":{\"@id\":\"https:\/\/www.carideal.com\/blog\/#organization\"},\"image\":{\"@id\":\"https:\/\/www.carideal.com\/blog\/2018\/09\/26\/volkswagen-ajoute-id-buzz-cargo-a-la-famille-meb\/#primaryimage\"},\"thumbnailUrl\":\"https:\/\/www.carideal.com\/blog\/wp-content\/uploads\/2018\/09\/volkswagen-id-buzz-cargo-e1537937573413.jpg\",\"keywords\":[\"Camionette\",\"Voiture autonome \u00e9lectrique\"],\"articleSection\":[\"Actualit\u00e9 Constructeur automobile\",\"Actualit\u00e9 des Utilitaires\",\"Actualit\u00e9 Volkswagen\",\"Concept car\",\"Technologie Automobile\",\"Voiture autonome\",\"Voiture \u00e9lectrique\"],\"inLanguage\":\"fr-FR\",\"potentialAction\":[{\"@type\":\"CommentAction\",\"name\":\"Comment\",\"target\":[\"https:\/\/www.carideal.com\/blog\/2018\/09\/26\/volkswagen-ajoute-id-buzz-cargo-a-la-famille-meb\/#respond\"]}]},{\"@type\":\"WebPage\",\"@id\":\"https:\/\/www.carideal.com\/blog\/2018\/09\/26\/volkswagen-ajoute-id-buzz-cargo-a-la-famille-meb\/\",\"url\":\"https:\/\/www.carideal.com\/blog\/2018\/09\/26\/volkswagen-ajoute-id-buzz-cargo-a-la-famille-meb\/\",\"name\":\"Volkswagen ID Buzz Cargo nouveau dans la famille MEB - Blog auto Carid\u00e9al\",\"isPartOf\":{\"@id\":\"https:\/\/www.carideal.com\/blog\/#website\"},\"primaryImageOfPage\":{\"@id\":\"https:\/\/www.carideal.com\/blog\/2018\/09\/26\/volkswagen-ajoute-id-buzz-cargo-a-la-famille-meb\/#primaryimage\"},\"image\":{\"@id\":\"https:\/\/www.carideal.com\/blog\/2018\/09\/26\/volkswagen-ajoute-id-buzz-cargo-a-la-famille-meb\/#primaryimage\"},\"thumbnailUrl\":\"https:\/\/www.carideal.com\/blog\/wp-content\/uploads\/2018\/09\/volkswagen-id-buzz-cargo-e1537937573413.jpg\",\"datePublished\":\"2018-09-26T05:08:14+00:00\",\"dateModified\":\"2018-10-09T03:32:55+00:00\",\"description\":\"Volkswagen ajoute ID Buzz Cargo \u00e0 la famille MEB. Cette camionette \u00e9lectrique et autonome sera pr\u00e9sent\u00e9 cette semaine au salon des v\u00e9hicules utilitaires IAA en Allemangne.\",\"breadcrumb\":{\"@id\":\"https:\/\/www.carideal.com\/blog\/2018\/09\/26\/volkswagen-ajoute-id-buzz-cargo-a-la-famille-meb\/#breadcrumb\"},\"inLanguage\":\"fr-FR\",\"potentialAction\":[{\"@type\":\"ReadAction\",\"target\":[\"https:\/\/www.carideal.com\/blog\/2018\/09\/26\/volkswagen-ajoute-id-buzz-cargo-a-la-famille-meb\/\"]}]},{\"@type\":\"ImageObject\",\"inLanguage\":\"fr-FR\",\"@id\":\"https:\/\/www.carideal.com\/blog\/2018\/09\/26\/volkswagen-ajoute-id-buzz-cargo-a-la-famille-meb\/#primaryimage\",\"url\":\"https:\/\/www.carideal.com\/blog\/wp-content\/uploads\/2018\/09\/volkswagen-id-buzz-cargo-e1537937573413.jpg\",\"contentUrl\":\"https:\/\/www.carideal.com\/blog\/wp-content\/uploads\/2018\/09\/volkswagen-id-buzz-cargo-e1537937573413.jpg\",\"width\":800,\"height\":402,\"caption\":\"Volkswagen ID Buzz Cargo\"},{\"@type\":\"BreadcrumbList\",\"@id\":\"https:\/\/www.carideal.com\/blog\/2018\/09\/26\/volkswagen-ajoute-id-buzz-cargo-a-la-famille-meb\/#breadcrumb\",\"itemListElement\":[{\"@type\":\"ListItem\",\"position\":1,\"name\":\"Blog Carid\u00e9al\",\"item\":\"https:\/\/www.carideal.com\/blog\/\"},{\"@type\":\"ListItem\",\"position\":2,\"name\":\"Actualit\u00e9 constructeur automobile\",\"item\":\"https:\/\/www.carideal.com\/blog\/constructeur\/\"},{\"@type\":\"ListItem\",\"position\":3,\"name\":\"Actualit\u00e9 Volkswagen\",\"item\":\"https:\/\/www.carideal.com\/blog\/constructeur\/volkswagen\/\"},{\"@type\":\"ListItem\",\"position\":4,\"name\":\"Volkswagen ID Buzz Cargo nouveau dans la famille MEB\"}]},{\"@type\":\"WebSite\",\"@id\":\"https:\/\/www.carideal.com\/blog\/#website\",\"url\":\"https:\/\/www.carideal.com\/blog\/\",\"name\":\"Blog auto Carid\u00e9al\",\"description\":\"Actualit\u00e9 auto par des passionn\u00e9s\",\"publisher\":{\"@id\":\"https:\/\/www.carideal.com\/blog\/#organization\"},\"potentialAction\":[{\"@type\":\"SearchAction\",\"target\":{\"@type\":\"EntryPoint\",\"urlTemplate\":\"https:\/\/www.carideal.com\/blog\/?s={search_term_string}\"},\"query-input\":{\"@type\":\"PropertyValueSpecification\",\"valueRequired\":true,\"valueName\":\"search_term_string\"}}],\"inLanguage\":\"fr-FR\"},{\"@type\":\"Organization\",\"@id\":\"https:\/\/www.carideal.com\/blog\/#organization\",\"name\":\"Carideal\",\"url\":\"https:\/\/www.carideal.com\/blog\/\",\"logo\":{\"@type\":\"ImageObject\",\"inLanguage\":\"fr-FR\",\"@id\":\"https:\/\/www.carideal.com\/blog\/#\/schema\/logo\/image\/\",\"url\":\"http:\/\/www.carideal.com\/blog\/wp-content\/uploads\/2016\/03\/logo-carideal-mandataire-automobile.png\",\"contentUrl\":\"http:\/\/www.carideal.com\/blog\/wp-content\/uploads\/2016\/03\/logo-carideal-mandataire-automobile.png\",\"width\":300,\"height\":300,\"caption\":\"Carideal\"},\"image\":{\"@id\":\"https:\/\/www.carideal.com\/blog\/#\/schema\/logo\/image\/\"},\"sameAs\":[\"https:\/\/www.facebook.com\/Carideal.mandataire.automobile\",\"https:\/\/x.com\/caridealauto\",\"https:\/\/www.instagram.com\/carideal1\/\",\"https:\/\/www.linkedin.com\/company\/carideal.com\",\"https:\/\/fr.pinterest.com\/schiavonsas\/\",\"https:\/\/www.youtube.com\/user\/caridealsas\"]},{\"@type\":\"Person\",\"@id\":\"https:\/\/www.carideal.com\/blog\/#\/schema\/person\/cd95dc7919660de90d31b366f85be1ec\",\"name\":\"Nicolas SCHIAVON\",\"image\":{\"@type\":\"ImageObject\",\"inLanguage\":\"fr-FR\",\"@id\":\"https:\/\/www.carideal.com\/blog\/#\/schema\/person\/image\/\",\"url\":\"https:\/\/secure.gravatar.com\/avatar\/c17e55009e671d92cc7f5dc837dc418a?s=96&r=g\",\"contentUrl\":\"https:\/\/secure.gravatar.com\/avatar\/c17e55009e671d92cc7f5dc837dc418a?s=96&r=g\",\"caption\":\"Nicolas SCHIAVON\"},\"description\":\"Nicolas Schiavon est tomb\u00e9 tout petit dans la marmite automobile. Ayant eu un garage de marque automobile, mandataire automobile de la premi\u00e8re heure d\u00e8s 1999. Nicolas a cr\u00e9\u00e9 ces premiers sites de vente de voiture et blog automobile d\u00e8s 1994. Carideal est n\u00e9 le 15 d\u00e9cembre 2000 de la volont\u00e9 de vendre des voitures d'occasions en ligne puis des voitures neuves. Il a pu essayer beaucoup de voitures tr\u00e8s diff\u00e9rentes et ayant eu personnellement quelques belles autos, Subaru Impreza, Mitsubishi Lancer Evo 7, Porsche 911, Ferrari Testarrossa, Audi RS3, RS4 et j'en passe...\",\"sameAs\":[\"http:\/\/www.carideal.com\",\"https:\/\/www.facebook.com\/nicolas.schiavon.39\",\"https:\/\/www.instagram.com\/carideal1\/\",\"https:\/\/www.linkedin.com\/in\/nschiavon\/\",\"https:\/\/x.com\/caridealauto\",\"https:\/\/www.youtube.com\/user\/caridealsas\/\"],\"url\":\"https:\/\/www.carideal.com\/blog\/author\/nschiavon\/\"}]}<\/script>\n<!-- \/ Yoast SEO plugin. -->","yoast_head_json":{"title":"Volkswagen ID Buzz Cargo nouveau dans la famille MEB - Blog auto Carid\u00e9al","description":"Volkswagen ajoute ID Buzz Cargo \u00e0 la famille MEB. Cette camionette \u00e9lectrique et autonome sera pr\u00e9sent\u00e9 cette semaine au salon des v\u00e9hicules utilitaires IAA en Allemangne.","robots":{"index":"index","follow":"follow","max-snippet":"max-snippet:-1","max-image-preview":"max-image-preview:large","max-video-preview":"max-video-preview:-1"},"canonical":"https:\/\/www.carideal.com\/blog\/2018\/09\/26\/volkswagen-ajoute-id-buzz-cargo-a-la-famille-meb\/","og_locale":"fr_FR","og_type":"article","og_title":"Volkswagen ID Buzz Cargo nouveau dans la famille MEB - Blog auto Carid\u00e9al","og_description":"Volkswagen ajoute ID Buzz Cargo \u00e0 la famille MEB. Cette camionette \u00e9lectrique et autonome sera pr\u00e9sent\u00e9 cette semaine au salon des v\u00e9hicules utilitaires IAA en Allemangne.","og_url":"https:\/\/www.carideal.com\/blog\/2018\/09\/26\/volkswagen-ajoute-id-buzz-cargo-a-la-famille-meb\/","og_site_name":"Blog auto Carid\u00e9al","article_publisher":"https:\/\/www.facebook.com\/Carideal.mandataire.automobile","article_author":"https:\/\/www.facebook.com\/nicolas.schiavon.39","article_published_time":"2018-09-26T05:08:14+00:00","article_modified_time":"2018-10-09T03:32:55+00:00","og_image":[{"width":800,"height":402,"url":"https:\/\/www.carideal.com\/blog\/wp-content\/uploads\/2018\/09\/volkswagen-id-buzz-cargo-e1537937573413.jpg","type":"image\/jpeg"}],"author":"Nicolas SCHIAVON","twitter_card":"summary_large_image","twitter_creator":"@caridealauto","twitter_site":"@caridealauto","twitter_misc":{"\u00c9crit par":"Nicolas SCHIAVON","Dur\u00e9e de lecture estim\u00e9e":"2 minutes"},"schema":{"@context":"https:\/\/schema.org","@graph":[{"@type":"Article","@id":"https:\/\/www.carideal.com\/blog\/2018\/09\/26\/volkswagen-ajoute-id-buzz-cargo-a-la-famille-meb\/#article","isPartOf":{"@id":"https:\/\/www.carideal.com\/blog\/2018\/09\/26\/volkswagen-ajoute-id-buzz-cargo-a-la-famille-meb\/"},"author":{"name":"Nicolas SCHIAVON","@id":"https:\/\/www.carideal.com\/blog\/#\/schema\/person\/cd95dc7919660de90d31b366f85be1ec"},"headline":"Volkswagen ID Buzz Cargo nouveau dans la famille MEB","datePublished":"2018-09-26T05:08:14+00:00","dateModified":"2018-10-09T03:32:55+00:00","mainEntityOfPage":{"@id":"https:\/\/www.carideal.com\/blog\/2018\/09\/26\/volkswagen-ajoute-id-buzz-cargo-a-la-famille-meb\/"},"wordCount":493,"commentCount":0,"publisher":{"@id":"https:\/\/www.carideal.com\/blog\/#organization"},"image":{"@id":"https:\/\/www.carideal.com\/blog\/2018\/09\/26\/volkswagen-ajoute-id-buzz-cargo-a-la-famille-meb\/#primaryimage"},"thumbnailUrl":"https:\/\/www.carideal.com\/blog\/wp-content\/uploads\/2018\/09\/volkswagen-id-buzz-cargo-e1537937573413.jpg","keywords":["Camionette","Voiture autonome \u00e9lectrique"],"articleSection":["Actualit\u00e9 Constructeur automobile","Actualit\u00e9 des Utilitaires","Actualit\u00e9 Volkswagen","Concept car","Technologie Automobile","Voiture autonome","Voiture \u00e9lectrique"],"inLanguage":"fr-FR","potentialAction":[{"@type":"CommentAction","name":"Comment","target":["https:\/\/www.carideal.com\/blog\/2018\/09\/26\/volkswagen-ajoute-id-buzz-cargo-a-la-famille-meb\/#respond"]}]},{"@type":"WebPage","@id":"https:\/\/www.carideal.com\/blog\/2018\/09\/26\/volkswagen-ajoute-id-buzz-cargo-a-la-famille-meb\/","url":"https:\/\/www.carideal.com\/blog\/2018\/09\/26\/volkswagen-ajoute-id-buzz-cargo-a-la-famille-meb\/","name":"Volkswagen ID Buzz Cargo nouveau dans la famille MEB - Blog auto Carid\u00e9al","isPartOf":{"@id":"https:\/\/www.carideal.com\/blog\/#website"},"primaryImageOfPage":{"@id":"https:\/\/www.carideal.com\/blog\/2018\/09\/26\/volkswagen-ajoute-id-buzz-cargo-a-la-famille-meb\/#primaryimage"},"image":{"@id":"https:\/\/www.carideal.com\/blog\/2018\/09\/26\/volkswagen-ajoute-id-buzz-cargo-a-la-famille-meb\/#primaryimage"},"thumbnailUrl":"https:\/\/www.carideal.com\/blog\/wp-content\/uploads\/2018\/09\/volkswagen-id-buzz-cargo-e1537937573413.jpg","datePublished":"2018-09-26T05:08:14+00:00","dateModified":"2018-10-09T03:32:55+00:00","description":"Volkswagen ajoute ID Buzz Cargo \u00e0 la famille MEB. Cette camionette \u00e9lectrique et autonome sera pr\u00e9sent\u00e9 cette semaine au salon des v\u00e9hicules utilitaires IAA en Allemangne.","breadcrumb":{"@id":"https:\/\/www.carideal.com\/blog\/2018\/09\/26\/volkswagen-ajoute-id-buzz-cargo-a-la-famille-meb\/#breadcrumb"},"inLanguage":"fr-FR","potentialAction":[{"@type":"ReadAction","target":["https:\/\/www.carideal.com\/blog\/2018\/09\/26\/volkswagen-ajoute-id-buzz-cargo-a-la-famille-meb\/"]}]},{"@type":"ImageObject","inLanguage":"fr-FR","@id":"https:\/\/www.carideal.com\/blog\/2018\/09\/26\/volkswagen-ajoute-id-buzz-cargo-a-la-famille-meb\/#primaryimage","url":"https:\/\/www.carideal.com\/blog\/wp-content\/uploads\/2018\/09\/volkswagen-id-buzz-cargo-e1537937573413.jpg","contentUrl":"https:\/\/www.carideal.com\/blog\/wp-content\/uploads\/2018\/09\/volkswagen-id-buzz-cargo-e1537937573413.jpg","width":800,"height":402,"caption":"Volkswagen ID Buzz Cargo"},{"@type":"BreadcrumbList","@id":"https:\/\/www.carideal.com\/blog\/2018\/09\/26\/volkswagen-ajoute-id-buzz-cargo-a-la-famille-meb\/#breadcrumb","itemListElement":[{"@type":"ListItem","position":1,"name":"Blog Carid\u00e9al","item":"https:\/\/www.carideal.com\/blog\/"},{"@type":"ListItem","position":2,"name":"Actualit\u00e9 constructeur automobile","item":"https:\/\/www.carideal.com\/blog\/constructeur\/"},{"@type":"ListItem","position":3,"name":"Actualit\u00e9 Volkswagen","item":"https:\/\/www.carideal.com\/blog\/constructeur\/volkswagen\/"},{"@type":"ListItem","position":4,"name":"Volkswagen ID Buzz Cargo nouveau dans la famille MEB"}]},{"@type":"WebSite","@id":"https:\/\/www.carideal.com\/blog\/#website","url":"https:\/\/www.carideal.com\/blog\/","name":"Blog auto Carid\u00e9al","description":"Actualit\u00e9 auto par des passionn\u00e9s","publisher":{"@id":"https:\/\/www.carideal.com\/blog\/#organization"},"potentialAction":[{"@type":"SearchAction","target":{"@type":"EntryPoint","urlTemplate":"https:\/\/www.carideal.com\/blog\/?s={search_term_string}"},"query-input":{"@type":"PropertyValueSpecification","valueRequired":true,"valueName":"search_term_string"}}],"inLanguage":"fr-FR"},{"@type":"Organization","@id":"https:\/\/www.carideal.com\/blog\/#organization","name":"Carideal","url":"https:\/\/www.carideal.com\/blog\/","logo":{"@type":"ImageObject","inLanguage":"fr-FR","@id":"https:\/\/www.carideal.com\/blog\/#\/schema\/logo\/image\/","url":"http:\/\/www.carideal.com\/blog\/wp-content\/uploads\/2016\/03\/logo-carideal-mandataire-automobile.png","contentUrl":"http:\/\/www.carideal.com\/blog\/wp-content\/uploads\/2016\/03\/logo-carideal-mandataire-automobile.png","width":300,"height":300,"caption":"Carideal"},"image":{"@id":"https:\/\/www.carideal.com\/blog\/#\/schema\/logo\/image\/"},"sameAs":["https:\/\/www.facebook.com\/Carideal.mandataire.automobile","https:\/\/x.com\/caridealauto","https:\/\/www.instagram.com\/carideal1\/","https:\/\/www.linkedin.com\/company\/carideal.com","https:\/\/fr.pinterest.com\/schiavonsas\/","https:\/\/www.youtube.com\/user\/caridealsas"]},{"@type":"Person","@id":"https:\/\/www.carideal.com\/blog\/#\/schema\/person\/cd95dc7919660de90d31b366f85be1ec","name":"Nicolas SCHIAVON","image":{"@type":"ImageObject","inLanguage":"fr-FR","@id":"https:\/\/www.carideal.com\/blog\/#\/schema\/person\/image\/","url":"https:\/\/secure.gravatar.com\/avatar\/c17e55009e671d92cc7f5dc837dc418a?s=96&r=g","contentUrl":"https:\/\/secure.gravatar.com\/avatar\/c17e55009e671d92cc7f5dc837dc418a?s=96&r=g","caption":"Nicolas SCHIAVON"},"description":"Nicolas Schiavon est tomb\u00e9 tout petit dans la marmite automobile. Ayant eu un garage de marque automobile, mandataire automobile de la premi\u00e8re heure d\u00e8s 1999. Nicolas a cr\u00e9\u00e9 ces premiers sites de vente de voiture et blog automobile d\u00e8s 1994. Carideal est n\u00e9 le 15 d\u00e9cembre 2000 de la volont\u00e9 de vendre des voitures d'occasions en ligne puis des voitures neuves. Il a pu essayer beaucoup de voitures tr\u00e8s diff\u00e9rentes et ayant eu personnellement quelques belles autos, Subaru Impreza, Mitsubishi Lancer Evo 7, Porsche 911, Ferrari Testarrossa, Audi RS3, RS4 et j'en passe...","sameAs":["http:\/\/www.carideal.com","https:\/\/www.facebook.com\/nicolas.schiavon.39","https:\/\/www.instagram.com\/carideal1\/","https:\/\/www.linkedin.com\/in\/nschiavon\/","https:\/\/x.com\/caridealauto","https:\/\/www.youtube.com\/user\/caridealsas\/"],"url":"https:\/\/www.carideal.com\/blog\/author\/nschiavon\/"}]}},"uagb_featured_image_src":{"full":["https:\/\/www.carideal.com\/blog\/wp-content\/uploads\/2018\/09\/volkswagen-id-buzz-cargo-e1537937573413.jpg",800,402,false],"thumbnail":["https:\/\/www.carideal.com\/blog\/wp-content\/uploads\/2018\/09\/volkswagen-id-buzz-cargo-150x150.jpg",150,150,true],"medium":["https:\/\/www.carideal.com\/blog\/wp-content\/uploads\/2018\/09\/volkswagen-id-buzz-cargo-300x151.jpg",300,151,true],"medium_large":["https:\/\/www.carideal.com\/blog\/wp-content\/uploads\/2018\/09\/volkswagen-id-buzz-cargo-768x386.jpg",768,386,true],"large":["https:\/\/www.carideal.com\/blog\/wp-content\/uploads\/2018\/09\/volkswagen-id-buzz-cargo-1024x515.jpg",1024,515,true],"1536x1536":["https:\/\/www.carideal.com\/blog\/wp-content\/uploads\/2018\/09\/volkswagen-id-buzz-cargo-e1537937573413.jpg",800,402,false],"2048x2048":["https:\/\/www.carideal.com\/blog\/wp-content\/uploads\/2018\/09\/volkswagen-id-buzz-cargo-e1537937573413.jpg",800,402,false],"wppr-widget":["https:\/\/www.carideal.com\/blog\/wp-content\/uploads\/2018\/09\/volkswagen-id-buzz-cargo-50x25.jpg",50,25,true]},"uagb_author_info":{"display_name":"Nicolas SCHIAVON","author_link":"https:\/\/www.carideal.com\/blog\/author\/nschiavon\/"},"uagb_comment_info":0,"uagb_excerpt":"Volkswagen ajoute ID Buzz Cargo \u00e0 la famille MEB La version fourgonnette de l\u2019adorable ID Buzz de Volkswagen est dot\u00e9e d\u2019une batterie \u00e9volutive et d\u2019une autonomie allant jusqu\u2019\u00e0 550 km. VOLKSWAGEN renforce son intention d\u2019offrir une famille croissante de v\u00e9hicules purement \u00e9lectriques, avec une fourgonnette \u00e9lectrique surnomm\u00e9e le concept ID Buzz Cargo qui sera pr\u00e9sent\u00e9e\u2026","_links":{"self":[{"href":"https:\/\/www.carideal.com\/blog\/wp-json\/wp\/v2\/posts\/17460"}],"collection":[{"href":"https:\/\/www.carideal.com\/blog\/wp-json\/wp\/v2\/posts"}],"about":[{"href":"https:\/\/www.carideal.com\/blog\/wp-json\/wp\/v2\/types\/post"}],"author":[{"embeddable":true,"href":"https:\/\/www.carideal.com\/blog\/wp-json\/wp\/v2\/users\/3"}],"replies":[{"embeddable":true,"href":"https:\/\/www.carideal.com\/blog\/wp-json\/wp\/v2\/comments?post=17460"}],"version-history":[{"count":0,"href":"https:\/\/www.carideal.com\/blog\/wp-json\/wp\/v2\/posts\/17460\/revisions"}],"wp:featuredmedia":[{"embeddable":true,"href":"https:\/\/www.carideal.com\/blog\/wp-json\/wp\/v2\/media\/17462"}],"wp:attachment":[{"href":"https:\/\/www.carideal.com\/blog\/wp-json\/wp\/v2\/media?parent=17460"}],"wp:term":[{"taxonomy":"category","embeddable":true,"href":"https:\/\/www.carideal.com\/blog\/wp-json\/wp\/v2\/categories?post=17460"},{"taxonomy":"post_tag","embeddable":true,"href":"https:\/\/www.carideal.com\/blog\/wp-json\/wp\/v2\/tags?post=17460"}],"curies":[{"name":"wp","href":"https:\/\/api.w.org\/{rel}","templated":true}]}}