{"id":1733,"date":"2011-02-08T17:33:00","date_gmt":"2011-02-08T17:33:00","guid":{"rendered":"http:\/\/carideal.com\/blog\/?p=1733"},"modified":"2011-02-08T17:33:00","modified_gmt":"2011-02-08T17:33:00","slug":"ken-block-2011-et-ses-3-cops","status":"publish","type":"post","link":"https:\/\/www.carideal.com\/blog\/2011\/02\/08\/ken-block-2011-et-ses-3-cops\/","title":{"rendered":"Ken block 2011 et ses 3 cops"},"content":{"rendered":"<p><img decoding=\"async\" src=\"\/blog\/public\/.Ken-Block-annonce-son-programme-en-video-WRC_m.jpg\" alt=\"Ken Block programme 2011 WRC\" title=\"Ken Block programme 2011 WRC, f\u00e9v. 2011\" \/><\/p>\n<blockquote>\n<p>Nous pour la Saint Valentin on veut tout pareille&nbsp;!<\/p>\n<\/blockquote>\n<p>Ken Block peut \u00eatre consid\u00e9r\u00e9 comme un d\u00e9butant en <a href=\"\/blog\/index.php?tag\/Rallye\">Rallye<\/a> et en WRC, ce n'est pas si grave, il s'y est mis tardivement. par contre il a toujours su tr\u00e8s bien s'entourer pour communiquer au travers de ses performances en Gymkhana film\u00e9es: et l\u00e0 il s'en donne \u00e0 coeur joie gr\u00e2ce \u00e0 son sponsor principal. <br \/>\nNouvelle d\u00e9monstration avec le clip de pr\u00e9sentation de sa saison 2011.<\/p>\n<p>1'45 sec de film, o\u00f9 on nous pr\u00e9sente la nouvelle <a href=\"\/blog\/index.php?tag\/Ford\">Ford<\/a> <a href=\"\/blog\/index.php?tag\/Fiesta\">Fiesta<\/a> <a href=\"\/blog\/index.php?tag\/WRC\">WRC<\/a> aux couleurs tr\u00e8s agressives, la liste des \u00e9preuves qu'il devrait courir en 2011, aux USA et en WRC, un \"<a href=\"\/blog\/index.php?tag\/Gymkhana\">Gymkhana<\/a> 4\"&nbsp;? et aussi trois projets tr\u00e8s sp\u00e9ciaux&nbsp;? (sa sp\u00e9cialit\u00e9).<br \/>\nEsp\u00e9rons, pour notre plus grand malheur, que ses trois copines seront plus habill\u00e9es \u00e0 la fin du mois en Su\u00e8de pour le d\u00e9but du championnat WRC.<\/p>\n<p> <object style=\"height: 390px; width: 640px\"><param name=\"movie\" value=\"http:\/\/www.youtube.com\/v\/YRpSsCRf4aI?version=3\"><param name=\"allowFullScreen\" value=\"true\"><param name=\"allowScriptAccess\" value=\"always\"><embed src=\"http:\/\/www.youtube.com\/v\/YRpSsCRf4aI?version=3\" type=\"application\/x-shockwave-flash\" allowfullscreen=\"true\" allowScriptAccess=\"always\" width=\"640\" height=\"390\"><\/object> <\/p>\n<p>Toutes ressemblances avec S\u00e9bastien Loeb et Red Bull ne seraient pas fortuites....LOL. mais Seb est un...non deux....voir trois ...crans au dessus. Mais bien vu quand m\u00eame de la part de Monster, hhhhaaaa ces pros du marketing !!<\/p>\n<p><a href=\"\/blog\/index.php?post\/2010\/01\/07\/Ken-Block-sur-la-neige-avec-son-Snow-cat-TRAX-STI\">\/ Ken Block avec son snow track<\/a><br \/>\n<a href=\"\/blog\/index.php?post\/2010\/01\/07\/Attention-Ken-Block-arrive-en-WRC-en-2010\">\/ Ken Block arrive en WRC<\/a><\/p>\n","protected":false},"excerpt":{"rendered":"<p>Nous pour la Saint Valentin on veut tout pareille&nbsp;! Ken Block peut \u00eatre consid\u00e9r\u00e9 comme un d\u00e9butant en Rallye et en WRC, ce n&rsquo;est pas si grave, il s&rsquo;y est mis tardivement. par contre il a toujours su tr\u00e8s bien s&rsquo;entourer pour communiquer au travers de ses performances en Gymkhana film\u00e9es: et l\u00e0 il s&rsquo;en &#8230; <a title=\"Ken block 2011 et ses 3 cops\" class=\"read-more\" href=\"https:\/\/www.carideal.com\/blog\/2011\/02\/08\/ken-block-2011-et-ses-3-cops\/\" aria-label=\"En savoir plus sur Ken block 2011 et ses 3 cops\">Lire plus<\/a><\/p>\n","protected":false},"author":1,"featured_media":0,"comment_status":"open","ping_status":"open","sticky":false,"template":"","format":"standard","meta":{"_uag_custom_page_level_css":"","_themeisle_gutenberg_block_has_review":false,"footnotes":""},"categories":[16],"tags":[4497],"class_list":["post-1733","post","type-post","status-publish","format-standard","hentry","category-sport-auto","tag-ken-block"],"wppr_data":[],"yoast_head":"<!-- This site is optimized with the Yoast SEO plugin v24.8.1 - https:\/\/yoast.com\/wordpress\/plugins\/seo\/ -->\n<title>Ken block 2011 et ses 3 cops - Blog auto Carid\u00e9al<\/title>\n<meta name=\"robots\" content=\"index, follow, max-snippet:-1, max-image-preview:large, max-video-preview:-1\" \/>\n<link rel=\"canonical\" href=\"https:\/\/www.carideal.com\/blog\/2011\/02\/08\/ken-block-2011-et-ses-3-cops\/\" \/>\n<meta property=\"og:locale\" content=\"fr_FR\" \/>\n<meta property=\"og:type\" content=\"article\" \/>\n<meta property=\"og:title\" content=\"Ken block 2011 et ses 3 cops - Blog auto Carid\u00e9al\" \/>\n<meta property=\"og:description\" content=\"Nous pour la Saint Valentin on veut tout pareille&nbsp;! Ken Block peut \u00eatre consid\u00e9r\u00e9 comme un d\u00e9butant en Rallye et en WRC, ce n&#039;est pas si grave, il s&#039;y est mis tardivement. par contre il a toujours su tr\u00e8s bien s&#039;entourer pour communiquer au travers de ses performances en Gymkhana film\u00e9es: et l\u00e0 il s&#039;en ... Lire plus\" \/>\n<meta property=\"og:url\" content=\"https:\/\/www.carideal.com\/blog\/2011\/02\/08\/ken-block-2011-et-ses-3-cops\/\" \/>\n<meta property=\"og:site_name\" content=\"Blog auto Carid\u00e9al\" \/>\n<meta property=\"article:publisher\" content=\"https:\/\/www.facebook.com\/Carideal.mandataire.automobile\" \/>\n<meta property=\"article:author\" content=\"https:\/\/www.facebook.com\/Carideal.mandataire.automobile\/\" \/>\n<meta property=\"article:published_time\" content=\"2011-02-08T17:33:00+00:00\" \/>\n<meta property=\"og:image\" content=\"https:\/\/www.carideal.com\/blog\/wp-content\/uploads\/2016\/03\/logo-carideal-mandataire-automobile.png\" \/>\n\t<meta property=\"og:image:width\" content=\"300\" \/>\n\t<meta property=\"og:image:height\" content=\"300\" \/>\n\t<meta property=\"og:image:type\" content=\"image\/png\" \/>\n<meta name=\"author\" content=\"N.S Carideal\" \/>\n<meta name=\"twitter:card\" content=\"summary_large_image\" \/>\n<meta name=\"twitter:creator\" content=\"@caridealauto\" \/>\n<meta name=\"twitter:site\" content=\"@caridealauto\" \/>\n<meta name=\"twitter:label1\" content=\"\u00c9crit par\" \/>\n\t<meta name=\"twitter:data1\" content=\"N.S Carideal\" \/>\n\t<meta name=\"twitter:label2\" content=\"Dur\u00e9e de lecture estim\u00e9e\" \/>\n\t<meta name=\"twitter:data2\" content=\"1 minute\" \/>\n<script type=\"application\/ld+json\" class=\"yoast-schema-graph\">{\"@context\":\"https:\/\/schema.org\",\"@graph\":[{\"@type\":\"Article\",\"@id\":\"https:\/\/www.carideal.com\/blog\/2011\/02\/08\/ken-block-2011-et-ses-3-cops\/#article\",\"isPartOf\":{\"@id\":\"https:\/\/www.carideal.com\/blog\/2011\/02\/08\/ken-block-2011-et-ses-3-cops\/\"},\"author\":{\"name\":\"N.S Carideal\",\"@id\":\"https:\/\/www.carideal.com\/blog\/#\/schema\/person\/985c7e757d1042d647f21bfaf8d41ebc\"},\"headline\":\"Ken block 2011 et ses 3 cops\",\"datePublished\":\"2011-02-08T17:33:00+00:00\",\"mainEntityOfPage\":{\"@id\":\"https:\/\/www.carideal.com\/blog\/2011\/02\/08\/ken-block-2011-et-ses-3-cops\/\"},\"wordCount\":213,\"commentCount\":0,\"publisher\":{\"@id\":\"https:\/\/www.carideal.com\/blog\/#organization\"},\"keywords\":[\"Ken Block\"],\"articleSection\":[\"Sport Automobile\"],\"inLanguage\":\"fr-FR\",\"potentialAction\":[{\"@type\":\"CommentAction\",\"name\":\"Comment\",\"target\":[\"https:\/\/www.carideal.com\/blog\/2011\/02\/08\/ken-block-2011-et-ses-3-cops\/#respond\"]}]},{\"@type\":\"WebPage\",\"@id\":\"https:\/\/www.carideal.com\/blog\/2011\/02\/08\/ken-block-2011-et-ses-3-cops\/\",\"url\":\"https:\/\/www.carideal.com\/blog\/2011\/02\/08\/ken-block-2011-et-ses-3-cops\/\",\"name\":\"Ken block 2011 et ses 3 cops - Blog auto Carid\u00e9al\",\"isPartOf\":{\"@id\":\"https:\/\/www.carideal.com\/blog\/#website\"},\"datePublished\":\"2011-02-08T17:33:00+00:00\",\"breadcrumb\":{\"@id\":\"https:\/\/www.carideal.com\/blog\/2011\/02\/08\/ken-block-2011-et-ses-3-cops\/#breadcrumb\"},\"inLanguage\":\"fr-FR\",\"potentialAction\":[{\"@type\":\"ReadAction\",\"target\":[\"https:\/\/www.carideal.com\/blog\/2011\/02\/08\/ken-block-2011-et-ses-3-cops\/\"]}]},{\"@type\":\"BreadcrumbList\",\"@id\":\"https:\/\/www.carideal.com\/blog\/2011\/02\/08\/ken-block-2011-et-ses-3-cops\/#breadcrumb\",\"itemListElement\":[{\"@type\":\"ListItem\",\"position\":1,\"name\":\"Blog Carid\u00e9al\",\"item\":\"https:\/\/www.carideal.com\/blog\/\"},{\"@type\":\"ListItem\",\"position\":2,\"name\":\"Sport Automobile\",\"item\":\"https:\/\/www.carideal.com\/blog\/sport-auto\/\"},{\"@type\":\"ListItem\",\"position\":3,\"name\":\"Ken block 2011 et ses 3 cops\"}]},{\"@type\":\"WebSite\",\"@id\":\"https:\/\/www.carideal.com\/blog\/#website\",\"url\":\"https:\/\/www.carideal.com\/blog\/\",\"name\":\"Blog auto Carid\u00e9al\",\"description\":\"Actualit\u00e9 auto par des passionn\u00e9s\",\"publisher\":{\"@id\":\"https:\/\/www.carideal.com\/blog\/#organization\"},\"potentialAction\":[{\"@type\":\"SearchAction\",\"target\":{\"@type\":\"EntryPoint\",\"urlTemplate\":\"https:\/\/www.carideal.com\/blog\/?s={search_term_string}\"},\"query-input\":{\"@type\":\"PropertyValueSpecification\",\"valueRequired\":true,\"valueName\":\"search_term_string\"}}],\"inLanguage\":\"fr-FR\"},{\"@type\":\"Organization\",\"@id\":\"https:\/\/www.carideal.com\/blog\/#organization\",\"name\":\"Carideal\",\"url\":\"https:\/\/www.carideal.com\/blog\/\",\"logo\":{\"@type\":\"ImageObject\",\"inLanguage\":\"fr-FR\",\"@id\":\"https:\/\/www.carideal.com\/blog\/#\/schema\/logo\/image\/\",\"url\":\"http:\/\/www.carideal.com\/blog\/wp-content\/uploads\/2016\/03\/logo-carideal-mandataire-automobile.png\",\"contentUrl\":\"http:\/\/www.carideal.com\/blog\/wp-content\/uploads\/2016\/03\/logo-carideal-mandataire-automobile.png\",\"width\":300,\"height\":300,\"caption\":\"Carideal\"},\"image\":{\"@id\":\"https:\/\/www.carideal.com\/blog\/#\/schema\/logo\/image\/\"},\"sameAs\":[\"https:\/\/www.facebook.com\/Carideal.mandataire.automobile\",\"https:\/\/x.com\/caridealauto\",\"https:\/\/www.instagram.com\/carideal1\/\",\"https:\/\/www.linkedin.com\/company\/carideal.com\",\"https:\/\/fr.pinterest.com\/schiavonsas\/\",\"https:\/\/www.youtube.com\/user\/caridealsas\"]},{\"@type\":\"Person\",\"@id\":\"https:\/\/www.carideal.com\/blog\/#\/schema\/person\/985c7e757d1042d647f21bfaf8d41ebc\",\"name\":\"N.S Carideal\",\"image\":{\"@type\":\"ImageObject\",\"inLanguage\":\"fr-FR\",\"@id\":\"https:\/\/www.carideal.com\/blog\/#\/schema\/person\/image\/\",\"url\":\"https:\/\/secure.gravatar.com\/avatar\/edb7ccdf1a4e3d14aef967760d354d0e?s=96&r=g\",\"contentUrl\":\"https:\/\/secure.gravatar.com\/avatar\/edb7ccdf1a4e3d14aef967760d354d0e?s=96&r=g\",\"caption\":\"N.S Carideal\"},\"description\":\"Depuis tout petit fan d'automobile. Il est question d'essayer et de comparer toutes ces voitures qui nous ont fait r\u00e9ver, avant que celles-ci ne devient uniquement des voitures de collection.\",\"sameAs\":[\"http:\/\/www.carideal.com\/blog\",\"https:\/\/www.facebook.com\/Carideal.mandataire.automobile\/\",\"https:\/\/www.linkedin.com\/in\/nschiavon\/\",\"https:\/\/www.youtube.com\/user\/caridealsas\/\"],\"url\":\"https:\/\/www.carideal.com\/blog\/author\/admin_carideal\/\"}]}<\/script>\n<!-- \/ Yoast SEO plugin. -->","yoast_head_json":{"title":"Ken block 2011 et ses 3 cops - Blog auto Carid\u00e9al","robots":{"index":"index","follow":"follow","max-snippet":"max-snippet:-1","max-image-preview":"max-image-preview:large","max-video-preview":"max-video-preview:-1"},"canonical":"https:\/\/www.carideal.com\/blog\/2011\/02\/08\/ken-block-2011-et-ses-3-cops\/","og_locale":"fr_FR","og_type":"article","og_title":"Ken block 2011 et ses 3 cops - Blog auto Carid\u00e9al","og_description":"Nous pour la Saint Valentin on veut tout pareille&nbsp;! Ken Block peut \u00eatre consid\u00e9r\u00e9 comme un d\u00e9butant en Rallye et en WRC, ce n'est pas si grave, il s'y est mis tardivement. par contre il a toujours su tr\u00e8s bien s'entourer pour communiquer au travers de ses performances en Gymkhana film\u00e9es: et l\u00e0 il s'en ... Lire plus","og_url":"https:\/\/www.carideal.com\/blog\/2011\/02\/08\/ken-block-2011-et-ses-3-cops\/","og_site_name":"Blog auto Carid\u00e9al","article_publisher":"https:\/\/www.facebook.com\/Carideal.mandataire.automobile","article_author":"https:\/\/www.facebook.com\/Carideal.mandataire.automobile\/","article_published_time":"2011-02-08T17:33:00+00:00","og_image":[{"width":300,"height":300,"url":"https:\/\/www.carideal.com\/blog\/wp-content\/uploads\/2016\/03\/logo-carideal-mandataire-automobile.png","type":"image\/png"}],"author":"N.S Carideal","twitter_card":"summary_large_image","twitter_creator":"@caridealauto","twitter_site":"@caridealauto","twitter_misc":{"\u00c9crit par":"N.S Carideal","Dur\u00e9e de lecture estim\u00e9e":"1 minute"},"schema":{"@context":"https:\/\/schema.org","@graph":[{"@type":"Article","@id":"https:\/\/www.carideal.com\/blog\/2011\/02\/08\/ken-block-2011-et-ses-3-cops\/#article","isPartOf":{"@id":"https:\/\/www.carideal.com\/blog\/2011\/02\/08\/ken-block-2011-et-ses-3-cops\/"},"author":{"name":"N.S Carideal","@id":"https:\/\/www.carideal.com\/blog\/#\/schema\/person\/985c7e757d1042d647f21bfaf8d41ebc"},"headline":"Ken block 2011 et ses 3 cops","datePublished":"2011-02-08T17:33:00+00:00","mainEntityOfPage":{"@id":"https:\/\/www.carideal.com\/blog\/2011\/02\/08\/ken-block-2011-et-ses-3-cops\/"},"wordCount":213,"commentCount":0,"publisher":{"@id":"https:\/\/www.carideal.com\/blog\/#organization"},"keywords":["Ken Block"],"articleSection":["Sport Automobile"],"inLanguage":"fr-FR","potentialAction":[{"@type":"CommentAction","name":"Comment","target":["https:\/\/www.carideal.com\/blog\/2011\/02\/08\/ken-block-2011-et-ses-3-cops\/#respond"]}]},{"@type":"WebPage","@id":"https:\/\/www.carideal.com\/blog\/2011\/02\/08\/ken-block-2011-et-ses-3-cops\/","url":"https:\/\/www.carideal.com\/blog\/2011\/02\/08\/ken-block-2011-et-ses-3-cops\/","name":"Ken block 2011 et ses 3 cops - Blog auto Carid\u00e9al","isPartOf":{"@id":"https:\/\/www.carideal.com\/blog\/#website"},"datePublished":"2011-02-08T17:33:00+00:00","breadcrumb":{"@id":"https:\/\/www.carideal.com\/blog\/2011\/02\/08\/ken-block-2011-et-ses-3-cops\/#breadcrumb"},"inLanguage":"fr-FR","potentialAction":[{"@type":"ReadAction","target":["https:\/\/www.carideal.com\/blog\/2011\/02\/08\/ken-block-2011-et-ses-3-cops\/"]}]},{"@type":"BreadcrumbList","@id":"https:\/\/www.carideal.com\/blog\/2011\/02\/08\/ken-block-2011-et-ses-3-cops\/#breadcrumb","itemListElement":[{"@type":"ListItem","position":1,"name":"Blog Carid\u00e9al","item":"https:\/\/www.carideal.com\/blog\/"},{"@type":"ListItem","position":2,"name":"Sport Automobile","item":"https:\/\/www.carideal.com\/blog\/sport-auto\/"},{"@type":"ListItem","position":3,"name":"Ken block 2011 et ses 3 cops"}]},{"@type":"WebSite","@id":"https:\/\/www.carideal.com\/blog\/#website","url":"https:\/\/www.carideal.com\/blog\/","name":"Blog auto Carid\u00e9al","description":"Actualit\u00e9 auto par des passionn\u00e9s","publisher":{"@id":"https:\/\/www.carideal.com\/blog\/#organization"},"potentialAction":[{"@type":"SearchAction","target":{"@type":"EntryPoint","urlTemplate":"https:\/\/www.carideal.com\/blog\/?s={search_term_string}"},"query-input":{"@type":"PropertyValueSpecification","valueRequired":true,"valueName":"search_term_string"}}],"inLanguage":"fr-FR"},{"@type":"Organization","@id":"https:\/\/www.carideal.com\/blog\/#organization","name":"Carideal","url":"https:\/\/www.carideal.com\/blog\/","logo":{"@type":"ImageObject","inLanguage":"fr-FR","@id":"https:\/\/www.carideal.com\/blog\/#\/schema\/logo\/image\/","url":"http:\/\/www.carideal.com\/blog\/wp-content\/uploads\/2016\/03\/logo-carideal-mandataire-automobile.png","contentUrl":"http:\/\/www.carideal.com\/blog\/wp-content\/uploads\/2016\/03\/logo-carideal-mandataire-automobile.png","width":300,"height":300,"caption":"Carideal"},"image":{"@id":"https:\/\/www.carideal.com\/blog\/#\/schema\/logo\/image\/"},"sameAs":["https:\/\/www.facebook.com\/Carideal.mandataire.automobile","https:\/\/x.com\/caridealauto","https:\/\/www.instagram.com\/carideal1\/","https:\/\/www.linkedin.com\/company\/carideal.com","https:\/\/fr.pinterest.com\/schiavonsas\/","https:\/\/www.youtube.com\/user\/caridealsas"]},{"@type":"Person","@id":"https:\/\/www.carideal.com\/blog\/#\/schema\/person\/985c7e757d1042d647f21bfaf8d41ebc","name":"N.S Carideal","image":{"@type":"ImageObject","inLanguage":"fr-FR","@id":"https:\/\/www.carideal.com\/blog\/#\/schema\/person\/image\/","url":"https:\/\/secure.gravatar.com\/avatar\/edb7ccdf1a4e3d14aef967760d354d0e?s=96&r=g","contentUrl":"https:\/\/secure.gravatar.com\/avatar\/edb7ccdf1a4e3d14aef967760d354d0e?s=96&r=g","caption":"N.S Carideal"},"description":"Depuis tout petit fan d'automobile. Il est question d'essayer et de comparer toutes ces voitures qui nous ont fait r\u00e9ver, avant que celles-ci ne devient uniquement des voitures de collection.","sameAs":["http:\/\/www.carideal.com\/blog","https:\/\/www.facebook.com\/Carideal.mandataire.automobile\/","https:\/\/www.linkedin.com\/in\/nschiavon\/","https:\/\/www.youtube.com\/user\/caridealsas\/"],"url":"https:\/\/www.carideal.com\/blog\/author\/admin_carideal\/"}]}},"uagb_featured_image_src":{"full":false,"thumbnail":false,"medium":false,"medium_large":false,"large":false,"1536x1536":false,"2048x2048":false,"wppr-widget":false},"uagb_author_info":{"display_name":"N.S Carideal","author_link":"https:\/\/www.carideal.com\/blog\/author\/admin_carideal\/"},"uagb_comment_info":0,"uagb_excerpt":"Nous pour la Saint Valentin on veut tout pareille&nbsp;! Ken Block peut \u00eatre consid\u00e9r\u00e9 comme un d\u00e9butant en Rallye et en WRC, ce n'est pas si grave, il s'y est mis tardivement. par contre il a toujours su tr\u00e8s bien s'entourer pour communiquer au travers de ses performances en Gymkhana film\u00e9es: et l\u00e0 il s'en\u2026","_links":{"self":[{"href":"https:\/\/www.carideal.com\/blog\/wp-json\/wp\/v2\/posts\/1733"}],"collection":[{"href":"https:\/\/www.carideal.com\/blog\/wp-json\/wp\/v2\/posts"}],"about":[{"href":"https:\/\/www.carideal.com\/blog\/wp-json\/wp\/v2\/types\/post"}],"author":[{"embeddable":true,"href":"https:\/\/www.carideal.com\/blog\/wp-json\/wp\/v2\/users\/1"}],"replies":[{"embeddable":true,"href":"https:\/\/www.carideal.com\/blog\/wp-json\/wp\/v2\/comments?post=1733"}],"version-history":[{"count":0,"href":"https:\/\/www.carideal.com\/blog\/wp-json\/wp\/v2\/posts\/1733\/revisions"}],"wp:attachment":[{"href":"https:\/\/www.carideal.com\/blog\/wp-json\/wp\/v2\/media?parent=1733"}],"wp:term":[{"taxonomy":"category","embeddable":true,"href":"https:\/\/www.carideal.com\/blog\/wp-json\/wp\/v2\/categories?post=1733"},{"taxonomy":"post_tag","embeddable":true,"href":"https:\/\/www.carideal.com\/blog\/wp-json\/wp\/v2\/tags?post=1733"}],"curies":[{"name":"wp","href":"https:\/\/api.w.org\/{rel}","templated":true}]}}