{"id":1726,"date":"2010-12-23T13:17:00","date_gmt":"2010-12-23T13:17:00","guid":{"rendered":"http:\/\/carideal.com\/blog\/?p=1726"},"modified":"2020-04-17T10:48:51","modified_gmt":"2020-04-17T08:48:51","slug":"une-nouvelle-nissan-gt-r-rc-pour-la-piste","status":"publish","type":"post","link":"https:\/\/www.carideal.com\/blog\/2010\/12\/23\/une-nouvelle-nissan-gt-r-rc-pour-la-piste\/","title":{"rendered":"Une nouvelle Nissan GT-R RC pour la piste"},"content":{"rendered":"\n<h2 class=\"wp-block-heading\">La Nissan GTR RC tel qu'elle devrait \u00eatre pr\u00e9sent\u00e9e par Nismo.<\/h2>\n\n\n\n<p>Le 14 janvier aura lieu le Tokyo Auto Salon, o\u00f9 les constructeurs pr\u00e9sentent des pr\u00e9parations de leurs voitures. Bien entendu les tuners seront pr\u00e9sents avec des autos toutes plus folles les unes que les autres. Et les <strong>Nissan GT-R<\/strong> devraient \u00eatre bien pr\u00e9sentes sur leurs stands. La <strong>GT-R RC (Racing Competition)<\/strong>, une version r\u00e9serv\u00e9e \u00e0 la piste, sera pr\u00e9sente sur le stand de <strong>Nismo<\/strong> le pr\u00e9parateur officiel <a href=\"http:\/\/www.carideal.com\/blog\/marque-de-voiture-actualites-essais\/nissan\/\">Nissan<\/a> qui s\u2019est charg\u00e9 de transformer la routi\u00e8re en monstre de circuit.<\/p>\n\n\n\n<div class=\"wp-block-image\"><figure class=\"aligncenter size-large\"><img loading=\"lazy\" decoding=\"async\" width=\"448\" height=\"298\" src=\"http:\/\/www.carideal.com\/blog\/wp-content\/uploads\/2010\/12\/nissan_gt-r_rc_carideal_m.jpg\" alt=\"Une nouvelle Nissan GT-R RC pour la piste\" class=\"wp-image-25114\" srcset=\"https:\/\/www.carideal.com\/blog\/wp-content\/uploads\/2010\/12\/nissan_gt-r_rc_carideal_m.jpg 448w, https:\/\/www.carideal.com\/blog\/wp-content\/uploads\/2010\/12\/nissan_gt-r_rc_carideal_m-300x200.jpg 300w, https:\/\/www.carideal.com\/blog\/wp-content\/uploads\/2010\/12\/nissan_gt-r_rc_carideal_m-50x33.jpg 50w, https:\/\/www.carideal.com\/blog\/wp-content\/uploads\/2010\/12\/nissan_gt-r_rc_carideal_m-110x73.jpg 110w, https:\/\/www.carideal.com\/blog\/wp-content\/uploads\/2010\/12\/nissan_gt-r_rc_carideal_m-420x279.jpg 420w, https:\/\/www.carideal.com\/blog\/wp-content\/uploads\/2010\/12\/nissan_gt-r_rc_carideal_m-272x182.jpg 272w\" sizes=\"(max-width: 448px) 100vw, 448px\" \/><figcaption>Une nouvelle Nissan GT-R RC pour la piste<\/figcaption><\/figure><\/div>\n\n\n\n<p>Nissan va pr\u00e9senter neuf mod\u00e8les au prochain salon de l'automobile de Tokyo, dont la vedette sera certainement la GT-R RC (Racing Edition).<\/p>\n\n\n\n<p>Bas\u00e9e sur la GT-R de s\u00e9rie, la Racing Edition est construite par NISMO sp\u00e9cifiquement pour la piste et r\u00e9pondra aux normes de la FIA, ce qui lui permettra de courir dans diff\u00e9rentes s\u00e9ries \u00e0 travers le monde. Elle sera \u00e9quip\u00e9e d'un arceau de s\u00e9curit\u00e9, d'une pile \u00e0 combustible de 120 litres, de v\u00e9rins \u00e0 air et de nappes de course ainsi que d'une suspension personnalis\u00e9e.<\/p>\n\n\n\n<ul class=\"wp-block-list\"><li><a href=\"http:\/\/www.carideal.com\/blog\/2014\/03\/18\/nissan-gt-r-2014-et-nismo\/\">Les Nissan GTR Nismo 2014<\/a><\/li><\/ul>\n\n\n\n<p>En plus de cette voiture et de plusieurs autres, Nissan mettra \u00e9galement l'accent sur le tuning avec deux v\u00e9hicules modifi\u00e9s : le <a href=\"http:\/\/www.carideal.com\/blog\/2015\/03\/11\/nissan-juke-nismo-rs\/\">Juke<\/a> et le <a href=\"http:\/\/www.carideal.com\/blog\/2013\/04\/03\/voiture-electrique-nouvelle-nissan-leaf-en-video\/\">Leaf<\/a>. En commen\u00e7ant par la Leaf, Nissan d\u00e9voilera ce qu'elle appelle le Leaf Aero Style Concept. Essentiellement une Leaf avec un kit de carrosserie sauvage, Nissan entend montrer \u00e0 quoi pourrait ressembler l'avenir des voitures \u00e9lectriques.<\/p>\n\n\n\n<p>Quant au Juke, il sera pr\u00e9sent\u00e9 avec un \"Pack Sportif\" comprenant de nombreux accessoires comme des roues en aluminium de 17 pouces. Nissan a d\u00e9clar\u00e9 que les pi\u00e8ces seront propos\u00e9es en Am\u00e9rique du Nord et en Europe \u00e0 l'avenir.<\/p>\n\n\n\n<p>Vous trouverez tous les d\u00e9tails sur les neuf voitures dans le communiqu\u00e9 officiel qui sera publi\u00e9 apr\u00e8s le saut :<\/p>\n\n\n\n<h3 class=\"wp-block-heading\"><br>COMMUNIQU\u00c9 DE PRESSE<\/h3>\n\n\n\n<p>Nissan pr\u00e9sentera neuf mod\u00e8les passionnants et innovants au salon de l'automobile de Tokyo<\/p>\n\n\n\n<p>YOKOHAMA (21 d\u00e9cembre 2010) - Nissan Motor Co., Ltd, en collaboration avec AUTECH Japan et Nissan Motorsports International Co. Ltd. (NISMO) pr\u00e9senteront neuf mod\u00e8les passionnants et innovants \u00e9quip\u00e9s des derni\u00e8res pi\u00e8ces personnalis\u00e9es et de rechange au prochain Tokyo Auto Salon 2011 avec la NAPAC (Japan Car Parts and Aftermarket Promotion Association). Il se tiendra du 14 au 16 janvier 2011 au Makuhari Messe.<\/p>\n\n\n\n<p>Nissan recr\u00e9era l'atmosph\u00e8re passionnante de sa participation \u00e0 la s\u00e9rie de courses domestiques SUPER GT avec une exposition d'un v\u00e9hicule de course, de voitures de transport et d'hospitalit\u00e9, ainsi que des d\u00e9monstrations de changement de pneus \"pit stop\". Seront \u00e9galement expos\u00e9es la LEAF Aero Style Concept de Nissan, 100% \u00e9lectrique et sans \u00e9mission, et la gamme de voitures de route standard de Nissan, stylis\u00e9e avec les derniers kits de carrosserie a\u00e9rodynamique d'origine qui compl\u00e8tent les formes pures des v\u00e9hicules.<\/p>\n\n\n\n<p>Autech pr\u00e9sentera son savoir-faire en mati\u00e8re de voitures personnalis\u00e9es avec trois mod\u00e8les amusants et relaxants, dont le concept \"Elgrand Rider\". NISMO pr\u00e9sentera sa nouvelle voiture de course de s\u00e9rie, la Nissan NISMO GT-R RC, qui sera officiellement annonc\u00e9e au Salon, et la voiture de course MOTUL AUTECH GT-R qui a particip\u00e9 \u00e0 la s\u00e9rie SUPER GT 2010.<\/p>\n\n\n\n<p>Parmi les points forts de l'exposition, citons<\/p>\n\n\n\n<p>&lt;Aire NISSAN&gt; - Concept Nissan LEAF Aero Style \u00c9quip\u00e9 d'un kit de carrosserie a\u00e9rodynamique qui accentue la silhouette et les lignes de caract\u00e8re distinctives de la Nissan LEAF, ce concept-car exprime une image de conduite sportive futuriste des VE.<\/p>\n\n\n\n<p>- JUKE Sporty Package (Exposition de r\u00e9f\u00e9rence) Avec son option install\u00e9e chez le concessionnaire qui renforce la sensation de force et de dynamisme de JUKE, cette voiture personnalis\u00e9e est \u00e9quip\u00e9e d'accessoires ext\u00e9rieurs con\u00e7us pour les march\u00e9s europ\u00e9en et nord-am\u00e9ricain. La voiture comprend des pi\u00e8ces chrom\u00e9es et des jantes en alliage d'aluminium de 17 pouces.<\/p>\n\n\n\n<p>&lt;Aire AUTECH&gt; - Elgrand Rider Premium Concept (Exposition de r\u00e9f\u00e9rence) \u00c0 la recherche du niveau ultime d'\"espace de mobilit\u00e9\", le moteur, la carrosserie et la suspension sont sp\u00e9cifiquement mis au point pour un niveau de performance de conduite plus \u00e9lev\u00e9. Les si\u00e8ges en cuir v\u00e9ritable sont configur\u00e9s en deux rang\u00e9es, pouvant accueillir quatre personnes, et pr\u00e9sentent un design matelass\u00e9. Bas\u00e9 sur l'Elgrand Rider, le Premium Concept comporte \u00e9galement un cabinet avec un \u00e9clairage indirect pour le sol en dessous et un coffre de rangement froid\/chaud. Les \u00e9l\u00e9ments ext\u00e9rieurs personnalis\u00e9s tels qu'un masque avant fum\u00e9, des roues et des pneus de 19 pouces et un protecteur avant accentuent le caract\u00e8re unique de cette voiture.<\/p>\n\n\n\n<p>- Serena Rider Bas\u00e9e sur Serena, cette voiture personnalis\u00e9e adopte un rev\u00eatement a\u00e9rodynamique percutant et un design de calandre embl\u00e9matique, qui sont des caract\u00e9ristiques de la s\u00e9rie Rider des voitures personnalis\u00e9es. Des mat\u00e9riaux sp\u00e9ciaux pour les si\u00e8ges, de couleur noire, et un pommeau de levier de vitesses argent\u00e9 de type carbone renforcent sa sportivit\u00e9. Avec le protecteur avant* install\u00e9 dans le mod\u00e8le d'exposition, son style unique est mis en valeur.<\/p>\n\n\n\n<p>- Bol\u00e9ro de mars Ce mod\u00e8le bas\u00e9 sur le mod\u00e8le de mars a un int\u00e9rieur et un ext\u00e9rieur \u00e9l\u00e9gamment coordonn\u00e9s. \u00c0 l'ext\u00e9rieur, la calandre, caract\u00e9ristique des mod\u00e8les de la g\u00e9n\u00e9ration pr\u00e9c\u00e9dente, pr\u00e9sente un design en maille plaqu\u00e9e, tandis qu'\u00e0 l'int\u00e9rieur, elle est soulign\u00e9e par des mat\u00e9riaux de si\u00e8ge \u00e0 rayures horizontales de couleur vin, ce qui lui conf\u00e8re une atmosph\u00e8re distingu\u00e9e.<\/p>\n\n\n\n<p>* Protection frontale sp\u00e9ciale pour la s\u00e9rie Rider, dont la mise en vente est pr\u00e9vue en janvier 2011, pour Elgrand et Serena.<\/p>\n\n\n\n<p>&lt;Aire NISMO&gt; - Nissan NISMO GT-R RC** Bas\u00e9e sur l'embl\u00e9matique Nissan GT-R, qui offre le plus haut niveau de performance au monde en tant que voiture de route, la NISMO GT-R RC a \u00e9t\u00e9 sp\u00e9cialement d\u00e9velopp\u00e9e pour la conduite sur circuit. Elle est dot\u00e9e d'une suspension compatible avec les pneus lisses, de composants l\u00e9gers et d'\u00e9quipements et dispositifs de s\u00e9curit\u00e9 sp\u00e9ciaux - dont une cage de retournement soud\u00e9e conforme \u00e0 la norme FIA, un r\u00e9servoir de carburant de s\u00e9curit\u00e9 de 120 litres fabriqu\u00e9 par ATL et des v\u00e9rins \u00e0 air. Il peut participer \u00e0 diverses courses de production organis\u00e9es dans le monde entier. Cette voiture sera officiellement pr\u00e9sent\u00e9e au salon de l'automobile de Tokyo. ** RC=Course de comp\u00e9tition<\/p>\n\n\n\n<p>- Version NISMO FAIRLADY Z Ce mod\u00e8le s'appuie sur le haut niveau de performance de conduite de la Fairlady Z avec des fonctionnalit\u00e9s amusantes et sportives suppl\u00e9mentaires. En plus d'une puissance moteur port\u00e9e \u00e0 261 kW (355 ch), la Fairlady Z offre une tenue de route plus sportive gr\u00e2ce \u00e0 un r\u00e9glage sp\u00e9cial de la carrosserie et de la suspension et \u00e0 une modification des caract\u00e9ristiques de la direction assist\u00e9e. Pour l'ext\u00e9rieur, d'excellentes performances a\u00e9rodynamiques sont obtenues gr\u00e2ce \u00e0 l'utilisation d'\u00e9l\u00e9ments de carrosserie sp\u00e9ciaux offrant une plus grande force d'appui et une r\u00e9sistance \u00e0 l'air r\u00e9duite.<\/p>\n\n\n\n<p>- Elgrand S-tune Ce mod\u00e8le est \u00e9quip\u00e9 du kit NISMO S-tune pour une conduite exaltante sur la route, et de pi\u00e8ces d'origine en option pour un confort et une sportivit\u00e9 accrus.<\/p>\n\n\n\n<p>- MOTUL AUTECH GT-R Cette voiture, qui a fait campagne dans la saison SUPER GT 2010, a pris la pole position dans le Round 5 \u00e0 Sugo et a termin\u00e9 \u00e0 la deuxi\u00e8me place dans le Round 4 \u00e0 Sepang et dans le Round 6 \u00e0 Suzuka.<\/p>\n\n\n\n<p>NISMO organisera \u00e9galement un \"Kids &amp; Ladies Ride Event\", o\u00f9 les participants pourront d\u00e9couvrir ce que c'est que d'\u00eatre \u00e0 l'int\u00e9rieur d'une voiture de course, et la \"Pitwork Simulation\", o\u00f9 les m\u00e9caniciens de NISMO feront des d\u00e9monstrations de changement de pneus de course et d'autres techniques.<\/p>\n","protected":false},"excerpt":{"rendered":"<p>La Nissan GTR RC tel qu&rsquo;elle devrait \u00eatre pr\u00e9sent\u00e9e par Nismo. Le 14 janvier aura lieu le Tokyo Auto Salon, o\u00f9 les constructeurs pr\u00e9sentent des pr\u00e9parations de leurs voitures. Bien entendu les tuners seront pr\u00e9sents avec des autos toutes plus folles les unes que les autres. Et les Nissan GT-R devraient \u00eatre bien pr\u00e9sentes sur &#8230; <a title=\"Une nouvelle Nissan GT-R RC pour la piste\" class=\"read-more\" href=\"https:\/\/www.carideal.com\/blog\/2010\/12\/23\/une-nouvelle-nissan-gt-r-rc-pour-la-piste\/\" aria-label=\"En savoir plus sur Une nouvelle Nissan GT-R RC pour la piste\">Lire plus<\/a><\/p>\n","protected":false},"author":1,"featured_media":25114,"comment_status":"open","ping_status":"open","sticky":false,"template":"","format":"standard","meta":{"_uag_custom_page_level_css":"","_themeisle_gutenberg_block_has_review":false,"footnotes":""},"categories":[5991,16],"tags":[],"class_list":["post-1726","post","type-post","status-publish","format-standard","has-post-thumbnail","hentry","category-nissan-constructeur","category-sport-auto"],"wppr_data":{"cwp_meta_box_check":"No"},"yoast_head":"<!-- This site is optimized with the Yoast SEO plugin v24.8.1 - https:\/\/yoast.com\/wordpress\/plugins\/seo\/ -->\n<title>Une nouvelle Nissan GT-R RC pour la piste - Blog auto Carid\u00e9al<\/title>\n<meta name=\"description\" content=\"Le 14 janvier aura lieu le Tokyo Auto Salon, o\u00f9 les constructeurs pr\u00e9sentent des pr\u00e9parations de leurs voitures. Et les Nissan GT-R RC devraient \u00eatre bien pr\u00e9sentes sur leurs stands\" \/>\n<meta name=\"robots\" content=\"index, follow, max-snippet:-1, max-image-preview:large, max-video-preview:-1\" \/>\n<link rel=\"canonical\" href=\"https:\/\/www.carideal.com\/blog\/2010\/12\/23\/une-nouvelle-nissan-gt-r-rc-pour-la-piste\/\" \/>\n<meta property=\"og:locale\" content=\"fr_FR\" \/>\n<meta property=\"og:type\" content=\"article\" \/>\n<meta property=\"og:title\" content=\"Une nouvelle Nissan GT-R RC pour la piste - Blog auto Carid\u00e9al\" \/>\n<meta property=\"og:description\" content=\"Le 14 janvier aura lieu le Tokyo Auto Salon, o\u00f9 les constructeurs pr\u00e9sentent des pr\u00e9parations de leurs voitures. Et les Nissan GT-R RC devraient \u00eatre bien pr\u00e9sentes sur leurs stands\" \/>\n<meta property=\"og:url\" content=\"https:\/\/www.carideal.com\/blog\/2010\/12\/23\/une-nouvelle-nissan-gt-r-rc-pour-la-piste\/\" \/>\n<meta property=\"og:site_name\" content=\"Blog auto Carid\u00e9al\" \/>\n<meta property=\"article:publisher\" content=\"https:\/\/www.facebook.com\/Carideal.mandataire.automobile\" \/>\n<meta property=\"article:author\" content=\"https:\/\/www.facebook.com\/Carideal.mandataire.automobile\/\" \/>\n<meta property=\"article:published_time\" content=\"2010-12-23T13:17:00+00:00\" \/>\n<meta property=\"article:modified_time\" content=\"2020-04-17T08:48:51+00:00\" \/>\n<meta property=\"og:image\" content=\"https:\/\/www.carideal.com\/blog\/wp-content\/uploads\/2010\/12\/nissan_gt-r_rc_carideal_m.jpg\" \/>\n\t<meta property=\"og:image:width\" content=\"448\" \/>\n\t<meta property=\"og:image:height\" content=\"298\" \/>\n\t<meta property=\"og:image:type\" content=\"image\/jpeg\" \/>\n<meta name=\"author\" content=\"N.S Carideal\" \/>\n<meta name=\"twitter:card\" content=\"summary_large_image\" \/>\n<meta name=\"twitter:creator\" content=\"@caridealauto\" \/>\n<meta name=\"twitter:site\" content=\"@caridealauto\" \/>\n<meta name=\"twitter:label1\" content=\"\u00c9crit par\" \/>\n\t<meta name=\"twitter:data1\" content=\"N.S Carideal\" \/>\n\t<meta name=\"twitter:label2\" content=\"Dur\u00e9e de lecture estim\u00e9e\" \/>\n\t<meta name=\"twitter:data2\" content=\"7 minutes\" \/>\n<script type=\"application\/ld+json\" class=\"yoast-schema-graph\">{\"@context\":\"https:\/\/schema.org\",\"@graph\":[{\"@type\":\"Article\",\"@id\":\"https:\/\/www.carideal.com\/blog\/2010\/12\/23\/une-nouvelle-nissan-gt-r-rc-pour-la-piste\/#article\",\"isPartOf\":{\"@id\":\"https:\/\/www.carideal.com\/blog\/2010\/12\/23\/une-nouvelle-nissan-gt-r-rc-pour-la-piste\/\"},\"author\":{\"name\":\"N.S Carideal\",\"@id\":\"https:\/\/www.carideal.com\/blog\/#\/schema\/person\/985c7e757d1042d647f21bfaf8d41ebc\"},\"headline\":\"Une nouvelle Nissan GT-R RC pour la piste\",\"datePublished\":\"2010-12-23T13:17:00+00:00\",\"dateModified\":\"2020-04-17T08:48:51+00:00\",\"mainEntityOfPage\":{\"@id\":\"https:\/\/www.carideal.com\/blog\/2010\/12\/23\/une-nouvelle-nissan-gt-r-rc-pour-la-piste\/\"},\"wordCount\":1365,\"commentCount\":0,\"publisher\":{\"@id\":\"https:\/\/www.carideal.com\/blog\/#organization\"},\"image\":{\"@id\":\"https:\/\/www.carideal.com\/blog\/2010\/12\/23\/une-nouvelle-nissan-gt-r-rc-pour-la-piste\/#primaryimage\"},\"thumbnailUrl\":\"https:\/\/www.carideal.com\/blog\/wp-content\/uploads\/2010\/12\/nissan_gt-r_rc_carideal_m.jpg\",\"articleSection\":[\"Actualit\u00e9 Nissan\",\"Sport Automobile\"],\"inLanguage\":\"fr-FR\",\"potentialAction\":[{\"@type\":\"CommentAction\",\"name\":\"Comment\",\"target\":[\"https:\/\/www.carideal.com\/blog\/2010\/12\/23\/une-nouvelle-nissan-gt-r-rc-pour-la-piste\/#respond\"]}]},{\"@type\":\"WebPage\",\"@id\":\"https:\/\/www.carideal.com\/blog\/2010\/12\/23\/une-nouvelle-nissan-gt-r-rc-pour-la-piste\/\",\"url\":\"https:\/\/www.carideal.com\/blog\/2010\/12\/23\/une-nouvelle-nissan-gt-r-rc-pour-la-piste\/\",\"name\":\"Une nouvelle Nissan GT-R RC pour la piste - Blog auto Carid\u00e9al\",\"isPartOf\":{\"@id\":\"https:\/\/www.carideal.com\/blog\/#website\"},\"primaryImageOfPage\":{\"@id\":\"https:\/\/www.carideal.com\/blog\/2010\/12\/23\/une-nouvelle-nissan-gt-r-rc-pour-la-piste\/#primaryimage\"},\"image\":{\"@id\":\"https:\/\/www.carideal.com\/blog\/2010\/12\/23\/une-nouvelle-nissan-gt-r-rc-pour-la-piste\/#primaryimage\"},\"thumbnailUrl\":\"https:\/\/www.carideal.com\/blog\/wp-content\/uploads\/2010\/12\/nissan_gt-r_rc_carideal_m.jpg\",\"datePublished\":\"2010-12-23T13:17:00+00:00\",\"dateModified\":\"2020-04-17T08:48:51+00:00\",\"description\":\"Le 14 janvier aura lieu le Tokyo Auto Salon, o\u00f9 les constructeurs pr\u00e9sentent des pr\u00e9parations de leurs voitures. Et les Nissan GT-R RC devraient \u00eatre bien pr\u00e9sentes sur leurs stands\",\"breadcrumb\":{\"@id\":\"https:\/\/www.carideal.com\/blog\/2010\/12\/23\/une-nouvelle-nissan-gt-r-rc-pour-la-piste\/#breadcrumb\"},\"inLanguage\":\"fr-FR\",\"potentialAction\":[{\"@type\":\"ReadAction\",\"target\":[\"https:\/\/www.carideal.com\/blog\/2010\/12\/23\/une-nouvelle-nissan-gt-r-rc-pour-la-piste\/\"]}]},{\"@type\":\"ImageObject\",\"inLanguage\":\"fr-FR\",\"@id\":\"https:\/\/www.carideal.com\/blog\/2010\/12\/23\/une-nouvelle-nissan-gt-r-rc-pour-la-piste\/#primaryimage\",\"url\":\"https:\/\/www.carideal.com\/blog\/wp-content\/uploads\/2010\/12\/nissan_gt-r_rc_carideal_m.jpg\",\"contentUrl\":\"https:\/\/www.carideal.com\/blog\/wp-content\/uploads\/2010\/12\/nissan_gt-r_rc_carideal_m.jpg\",\"width\":448,\"height\":298,\"caption\":\"Une nouvelle Nissan GT-R RC pour la piste\"},{\"@type\":\"BreadcrumbList\",\"@id\":\"https:\/\/www.carideal.com\/blog\/2010\/12\/23\/une-nouvelle-nissan-gt-r-rc-pour-la-piste\/#breadcrumb\",\"itemListElement\":[{\"@type\":\"ListItem\",\"position\":1,\"name\":\"Blog Carid\u00e9al\",\"item\":\"https:\/\/www.carideal.com\/blog\/\"},{\"@type\":\"ListItem\",\"position\":2,\"name\":\"Actualit\u00e9 constructeur automobile\",\"item\":\"https:\/\/www.carideal.com\/blog\/constructeur\/\"},{\"@type\":\"ListItem\",\"position\":3,\"name\":\"Actualit\u00e9 Nissan\",\"item\":\"https:\/\/www.carideal.com\/blog\/constructeur\/nissan-constructeur\/\"},{\"@type\":\"ListItem\",\"position\":4,\"name\":\"Une nouvelle Nissan GT-R RC pour la piste\"}]},{\"@type\":\"WebSite\",\"@id\":\"https:\/\/www.carideal.com\/blog\/#website\",\"url\":\"https:\/\/www.carideal.com\/blog\/\",\"name\":\"Blog auto Carid\u00e9al\",\"description\":\"Actualit\u00e9 auto par des passionn\u00e9s\",\"publisher\":{\"@id\":\"https:\/\/www.carideal.com\/blog\/#organization\"},\"potentialAction\":[{\"@type\":\"SearchAction\",\"target\":{\"@type\":\"EntryPoint\",\"urlTemplate\":\"https:\/\/www.carideal.com\/blog\/?s={search_term_string}\"},\"query-input\":{\"@type\":\"PropertyValueSpecification\",\"valueRequired\":true,\"valueName\":\"search_term_string\"}}],\"inLanguage\":\"fr-FR\"},{\"@type\":\"Organization\",\"@id\":\"https:\/\/www.carideal.com\/blog\/#organization\",\"name\":\"Carideal\",\"url\":\"https:\/\/www.carideal.com\/blog\/\",\"logo\":{\"@type\":\"ImageObject\",\"inLanguage\":\"fr-FR\",\"@id\":\"https:\/\/www.carideal.com\/blog\/#\/schema\/logo\/image\/\",\"url\":\"http:\/\/www.carideal.com\/blog\/wp-content\/uploads\/2016\/03\/logo-carideal-mandataire-automobile.png\",\"contentUrl\":\"http:\/\/www.carideal.com\/blog\/wp-content\/uploads\/2016\/03\/logo-carideal-mandataire-automobile.png\",\"width\":300,\"height\":300,\"caption\":\"Carideal\"},\"image\":{\"@id\":\"https:\/\/www.carideal.com\/blog\/#\/schema\/logo\/image\/\"},\"sameAs\":[\"https:\/\/www.facebook.com\/Carideal.mandataire.automobile\",\"https:\/\/x.com\/caridealauto\",\"https:\/\/www.instagram.com\/carideal1\/\",\"https:\/\/www.linkedin.com\/company\/carideal.com\",\"https:\/\/fr.pinterest.com\/schiavonsas\/\",\"https:\/\/www.youtube.com\/user\/caridealsas\"]},{\"@type\":\"Person\",\"@id\":\"https:\/\/www.carideal.com\/blog\/#\/schema\/person\/985c7e757d1042d647f21bfaf8d41ebc\",\"name\":\"N.S Carideal\",\"image\":{\"@type\":\"ImageObject\",\"inLanguage\":\"fr-FR\",\"@id\":\"https:\/\/www.carideal.com\/blog\/#\/schema\/person\/image\/\",\"url\":\"https:\/\/secure.gravatar.com\/avatar\/edb7ccdf1a4e3d14aef967760d354d0e?s=96&r=g\",\"contentUrl\":\"https:\/\/secure.gravatar.com\/avatar\/edb7ccdf1a4e3d14aef967760d354d0e?s=96&r=g\",\"caption\":\"N.S Carideal\"},\"description\":\"Depuis tout petit fan d'automobile. Il est question d'essayer et de comparer toutes ces voitures qui nous ont fait r\u00e9ver, avant que celles-ci ne devient uniquement des voitures de collection.\",\"sameAs\":[\"http:\/\/www.carideal.com\/blog\",\"https:\/\/www.facebook.com\/Carideal.mandataire.automobile\/\",\"https:\/\/www.linkedin.com\/in\/nschiavon\/\",\"https:\/\/www.youtube.com\/user\/caridealsas\/\"],\"url\":\"https:\/\/www.carideal.com\/blog\/author\/admin_carideal\/\"}]}<\/script>\n<!-- \/ Yoast SEO plugin. -->","yoast_head_json":{"title":"Une nouvelle Nissan GT-R RC pour la piste - Blog auto Carid\u00e9al","description":"Le 14 janvier aura lieu le Tokyo Auto Salon, o\u00f9 les constructeurs pr\u00e9sentent des pr\u00e9parations de leurs voitures. Et les Nissan GT-R RC devraient \u00eatre bien pr\u00e9sentes sur leurs stands","robots":{"index":"index","follow":"follow","max-snippet":"max-snippet:-1","max-image-preview":"max-image-preview:large","max-video-preview":"max-video-preview:-1"},"canonical":"https:\/\/www.carideal.com\/blog\/2010\/12\/23\/une-nouvelle-nissan-gt-r-rc-pour-la-piste\/","og_locale":"fr_FR","og_type":"article","og_title":"Une nouvelle Nissan GT-R RC pour la piste - Blog auto Carid\u00e9al","og_description":"Le 14 janvier aura lieu le Tokyo Auto Salon, o\u00f9 les constructeurs pr\u00e9sentent des pr\u00e9parations de leurs voitures. Et les Nissan GT-R RC devraient \u00eatre bien pr\u00e9sentes sur leurs stands","og_url":"https:\/\/www.carideal.com\/blog\/2010\/12\/23\/une-nouvelle-nissan-gt-r-rc-pour-la-piste\/","og_site_name":"Blog auto Carid\u00e9al","article_publisher":"https:\/\/www.facebook.com\/Carideal.mandataire.automobile","article_author":"https:\/\/www.facebook.com\/Carideal.mandataire.automobile\/","article_published_time":"2010-12-23T13:17:00+00:00","article_modified_time":"2020-04-17T08:48:51+00:00","og_image":[{"width":448,"height":298,"url":"https:\/\/www.carideal.com\/blog\/wp-content\/uploads\/2010\/12\/nissan_gt-r_rc_carideal_m.jpg","type":"image\/jpeg"}],"author":"N.S Carideal","twitter_card":"summary_large_image","twitter_creator":"@caridealauto","twitter_site":"@caridealauto","twitter_misc":{"\u00c9crit par":"N.S Carideal","Dur\u00e9e de lecture estim\u00e9e":"7 minutes"},"schema":{"@context":"https:\/\/schema.org","@graph":[{"@type":"Article","@id":"https:\/\/www.carideal.com\/blog\/2010\/12\/23\/une-nouvelle-nissan-gt-r-rc-pour-la-piste\/#article","isPartOf":{"@id":"https:\/\/www.carideal.com\/blog\/2010\/12\/23\/une-nouvelle-nissan-gt-r-rc-pour-la-piste\/"},"author":{"name":"N.S Carideal","@id":"https:\/\/www.carideal.com\/blog\/#\/schema\/person\/985c7e757d1042d647f21bfaf8d41ebc"},"headline":"Une nouvelle Nissan GT-R RC pour la piste","datePublished":"2010-12-23T13:17:00+00:00","dateModified":"2020-04-17T08:48:51+00:00","mainEntityOfPage":{"@id":"https:\/\/www.carideal.com\/blog\/2010\/12\/23\/une-nouvelle-nissan-gt-r-rc-pour-la-piste\/"},"wordCount":1365,"commentCount":0,"publisher":{"@id":"https:\/\/www.carideal.com\/blog\/#organization"},"image":{"@id":"https:\/\/www.carideal.com\/blog\/2010\/12\/23\/une-nouvelle-nissan-gt-r-rc-pour-la-piste\/#primaryimage"},"thumbnailUrl":"https:\/\/www.carideal.com\/blog\/wp-content\/uploads\/2010\/12\/nissan_gt-r_rc_carideal_m.jpg","articleSection":["Actualit\u00e9 Nissan","Sport Automobile"],"inLanguage":"fr-FR","potentialAction":[{"@type":"CommentAction","name":"Comment","target":["https:\/\/www.carideal.com\/blog\/2010\/12\/23\/une-nouvelle-nissan-gt-r-rc-pour-la-piste\/#respond"]}]},{"@type":"WebPage","@id":"https:\/\/www.carideal.com\/blog\/2010\/12\/23\/une-nouvelle-nissan-gt-r-rc-pour-la-piste\/","url":"https:\/\/www.carideal.com\/blog\/2010\/12\/23\/une-nouvelle-nissan-gt-r-rc-pour-la-piste\/","name":"Une nouvelle Nissan GT-R RC pour la piste - Blog auto Carid\u00e9al","isPartOf":{"@id":"https:\/\/www.carideal.com\/blog\/#website"},"primaryImageOfPage":{"@id":"https:\/\/www.carideal.com\/blog\/2010\/12\/23\/une-nouvelle-nissan-gt-r-rc-pour-la-piste\/#primaryimage"},"image":{"@id":"https:\/\/www.carideal.com\/blog\/2010\/12\/23\/une-nouvelle-nissan-gt-r-rc-pour-la-piste\/#primaryimage"},"thumbnailUrl":"https:\/\/www.carideal.com\/blog\/wp-content\/uploads\/2010\/12\/nissan_gt-r_rc_carideal_m.jpg","datePublished":"2010-12-23T13:17:00+00:00","dateModified":"2020-04-17T08:48:51+00:00","description":"Le 14 janvier aura lieu le Tokyo Auto Salon, o\u00f9 les constructeurs pr\u00e9sentent des pr\u00e9parations de leurs voitures. Et les Nissan GT-R RC devraient \u00eatre bien pr\u00e9sentes sur leurs stands","breadcrumb":{"@id":"https:\/\/www.carideal.com\/blog\/2010\/12\/23\/une-nouvelle-nissan-gt-r-rc-pour-la-piste\/#breadcrumb"},"inLanguage":"fr-FR","potentialAction":[{"@type":"ReadAction","target":["https:\/\/www.carideal.com\/blog\/2010\/12\/23\/une-nouvelle-nissan-gt-r-rc-pour-la-piste\/"]}]},{"@type":"ImageObject","inLanguage":"fr-FR","@id":"https:\/\/www.carideal.com\/blog\/2010\/12\/23\/une-nouvelle-nissan-gt-r-rc-pour-la-piste\/#primaryimage","url":"https:\/\/www.carideal.com\/blog\/wp-content\/uploads\/2010\/12\/nissan_gt-r_rc_carideal_m.jpg","contentUrl":"https:\/\/www.carideal.com\/blog\/wp-content\/uploads\/2010\/12\/nissan_gt-r_rc_carideal_m.jpg","width":448,"height":298,"caption":"Une nouvelle Nissan GT-R RC pour la piste"},{"@type":"BreadcrumbList","@id":"https:\/\/www.carideal.com\/blog\/2010\/12\/23\/une-nouvelle-nissan-gt-r-rc-pour-la-piste\/#breadcrumb","itemListElement":[{"@type":"ListItem","position":1,"name":"Blog Carid\u00e9al","item":"https:\/\/www.carideal.com\/blog\/"},{"@type":"ListItem","position":2,"name":"Actualit\u00e9 constructeur automobile","item":"https:\/\/www.carideal.com\/blog\/constructeur\/"},{"@type":"ListItem","position":3,"name":"Actualit\u00e9 Nissan","item":"https:\/\/www.carideal.com\/blog\/constructeur\/nissan-constructeur\/"},{"@type":"ListItem","position":4,"name":"Une nouvelle Nissan GT-R RC pour la piste"}]},{"@type":"WebSite","@id":"https:\/\/www.carideal.com\/blog\/#website","url":"https:\/\/www.carideal.com\/blog\/","name":"Blog auto Carid\u00e9al","description":"Actualit\u00e9 auto par des passionn\u00e9s","publisher":{"@id":"https:\/\/www.carideal.com\/blog\/#organization"},"potentialAction":[{"@type":"SearchAction","target":{"@type":"EntryPoint","urlTemplate":"https:\/\/www.carideal.com\/blog\/?s={search_term_string}"},"query-input":{"@type":"PropertyValueSpecification","valueRequired":true,"valueName":"search_term_string"}}],"inLanguage":"fr-FR"},{"@type":"Organization","@id":"https:\/\/www.carideal.com\/blog\/#organization","name":"Carideal","url":"https:\/\/www.carideal.com\/blog\/","logo":{"@type":"ImageObject","inLanguage":"fr-FR","@id":"https:\/\/www.carideal.com\/blog\/#\/schema\/logo\/image\/","url":"http:\/\/www.carideal.com\/blog\/wp-content\/uploads\/2016\/03\/logo-carideal-mandataire-automobile.png","contentUrl":"http:\/\/www.carideal.com\/blog\/wp-content\/uploads\/2016\/03\/logo-carideal-mandataire-automobile.png","width":300,"height":300,"caption":"Carideal"},"image":{"@id":"https:\/\/www.carideal.com\/blog\/#\/schema\/logo\/image\/"},"sameAs":["https:\/\/www.facebook.com\/Carideal.mandataire.automobile","https:\/\/x.com\/caridealauto","https:\/\/www.instagram.com\/carideal1\/","https:\/\/www.linkedin.com\/company\/carideal.com","https:\/\/fr.pinterest.com\/schiavonsas\/","https:\/\/www.youtube.com\/user\/caridealsas"]},{"@type":"Person","@id":"https:\/\/www.carideal.com\/blog\/#\/schema\/person\/985c7e757d1042d647f21bfaf8d41ebc","name":"N.S Carideal","image":{"@type":"ImageObject","inLanguage":"fr-FR","@id":"https:\/\/www.carideal.com\/blog\/#\/schema\/person\/image\/","url":"https:\/\/secure.gravatar.com\/avatar\/edb7ccdf1a4e3d14aef967760d354d0e?s=96&r=g","contentUrl":"https:\/\/secure.gravatar.com\/avatar\/edb7ccdf1a4e3d14aef967760d354d0e?s=96&r=g","caption":"N.S Carideal"},"description":"Depuis tout petit fan d'automobile. Il est question d'essayer et de comparer toutes ces voitures qui nous ont fait r\u00e9ver, avant que celles-ci ne devient uniquement des voitures de collection.","sameAs":["http:\/\/www.carideal.com\/blog","https:\/\/www.facebook.com\/Carideal.mandataire.automobile\/","https:\/\/www.linkedin.com\/in\/nschiavon\/","https:\/\/www.youtube.com\/user\/caridealsas\/"],"url":"https:\/\/www.carideal.com\/blog\/author\/admin_carideal\/"}]}},"uagb_featured_image_src":{"full":["https:\/\/www.carideal.com\/blog\/wp-content\/uploads\/2010\/12\/nissan_gt-r_rc_carideal_m.jpg",448,298,false],"thumbnail":["https:\/\/www.carideal.com\/blog\/wp-content\/uploads\/2010\/12\/nissan_gt-r_rc_carideal_m-150x150.jpg",150,150,true],"medium":["https:\/\/www.carideal.com\/blog\/wp-content\/uploads\/2010\/12\/nissan_gt-r_rc_carideal_m-300x200.jpg",300,200,true],"medium_large":["https:\/\/www.carideal.com\/blog\/wp-content\/uploads\/2010\/12\/nissan_gt-r_rc_carideal_m.jpg",448,298,false],"large":["https:\/\/www.carideal.com\/blog\/wp-content\/uploads\/2010\/12\/nissan_gt-r_rc_carideal_m.jpg",448,298,false],"1536x1536":["https:\/\/www.carideal.com\/blog\/wp-content\/uploads\/2010\/12\/nissan_gt-r_rc_carideal_m.jpg",448,298,false],"2048x2048":["https:\/\/www.carideal.com\/blog\/wp-content\/uploads\/2010\/12\/nissan_gt-r_rc_carideal_m.jpg",448,298,false],"wppr-widget":["https:\/\/www.carideal.com\/blog\/wp-content\/uploads\/2010\/12\/nissan_gt-r_rc_carideal_m-50x33.jpg",50,33,true]},"uagb_author_info":{"display_name":"N.S Carideal","author_link":"https:\/\/www.carideal.com\/blog\/author\/admin_carideal\/"},"uagb_comment_info":0,"uagb_excerpt":"La Nissan GTR RC tel qu'elle devrait \u00eatre pr\u00e9sent\u00e9e par Nismo. Le 14 janvier aura lieu le Tokyo Auto Salon, o\u00f9 les constructeurs pr\u00e9sentent des pr\u00e9parations de leurs voitures. Bien entendu les tuners seront pr\u00e9sents avec des autos toutes plus folles les unes que les autres. Et les Nissan GT-R devraient \u00eatre bien pr\u00e9sentes sur\u2026","_links":{"self":[{"href":"https:\/\/www.carideal.com\/blog\/wp-json\/wp\/v2\/posts\/1726"}],"collection":[{"href":"https:\/\/www.carideal.com\/blog\/wp-json\/wp\/v2\/posts"}],"about":[{"href":"https:\/\/www.carideal.com\/blog\/wp-json\/wp\/v2\/types\/post"}],"author":[{"embeddable":true,"href":"https:\/\/www.carideal.com\/blog\/wp-json\/wp\/v2\/users\/1"}],"replies":[{"embeddable":true,"href":"https:\/\/www.carideal.com\/blog\/wp-json\/wp\/v2\/comments?post=1726"}],"version-history":[{"count":0,"href":"https:\/\/www.carideal.com\/blog\/wp-json\/wp\/v2\/posts\/1726\/revisions"}],"wp:featuredmedia":[{"embeddable":true,"href":"https:\/\/www.carideal.com\/blog\/wp-json\/wp\/v2\/media\/25114"}],"wp:attachment":[{"href":"https:\/\/www.carideal.com\/blog\/wp-json\/wp\/v2\/media?parent=1726"}],"wp:term":[{"taxonomy":"category","embeddable":true,"href":"https:\/\/www.carideal.com\/blog\/wp-json\/wp\/v2\/categories?post=1726"},{"taxonomy":"post_tag","embeddable":true,"href":"https:\/\/www.carideal.com\/blog\/wp-json\/wp\/v2\/tags?post=1726"}],"curies":[{"name":"wp","href":"https:\/\/api.w.org\/{rel}","templated":true}]}}