{"id":1723,"date":"2010-12-02T20:28:00","date_gmt":"2010-12-02T20:28:00","guid":{"rendered":"http:\/\/carideal.com\/blog\/?p=1723"},"modified":"2023-08-23T11:02:13","modified_gmt":"2023-08-23T09:02:13","slug":"fernando-alonso-and-felipe-massa-au-formula-rossa-au-ferrari-world-abu-dhabi","status":"publish","type":"post","link":"https:\/\/www.carideal.com\/blog\/2010\/12\/02\/fernando-alonso-and-felipe-massa-au-formula-rossa-au-ferrari-world-abu-dhabi\/","title":{"rendered":"Fernando Alonso Felipe Massa au Formula Rossa au Ferrari World Abu Dhabi"},"content":{"rendered":"\n<h2 class=\"wp-block-heading\">Fernando Alonso and Felipe Massa au Formula Rossa au Ferrari World Abu Dhabi<\/h2>\n\n\n\n<p>Le parc \u00e0 th\u00e8me ultime pour les passionn\u00e9s de <a href=\"http:\/\/www.carideal.com\/blog\/2009\/06\/25\/la-formule-1-se-dechire-au-tribunal\/\">Formule 1<\/a>: vivez l'exp\u00e9rience in\u00e9dite de la course<\/p>\n\n\n\n<p>Ci-apr\u00e8s la vid\u00e9o o\u00f9 vous pourrez tester le rollercoaster le plus rapide au monde avec une acc\u00e9l\u00e9ration sup\u00e9rieure \u00e0 une <a href=\"http:\/\/www.carideal.com\/blog\/marque-de-voiture-actualites-essais\/ferrari\/\">Ferrari<\/a>, un 0 \u00e0 240 km\/h en 4.9 secondes. Felipe Massa et Fernando Alonso l\u2019ont test\u00e9 et ca envoie !<\/p>\n\n\n\n<p><object width=\"640\" height=\"385\"><param name=\"movie\" value=\"http:\/\/www.youtube.com\/v\/q0tP2edwg18?fs=1&amp;hl=fr_FR\"><param name=\"allowFullScreen\" value=\"true\"><param name=\"allowscriptaccess\" value=\"always\"><embed src=\"http:\/\/www.youtube.com\/v\/q0tP2edwg18?fs=1&amp;hl=fr_FR\" type=\"application\/x-shockwave-flash\" allowscriptaccess=\"always\" allowfullscreen=\"allowfullscreen\" width=\"640\" height=\"385\"><\/object><\/p>\n\n\n\n<h2 class=\"wp-block-heading\">Le parc \u00e0 th\u00e8me tant attendu ouvre ses portes aux pilotes de Formule 1 et aux journalistes<\/h2>\n\n\n\n<p>R\u00e9cemment inaugur\u00e9, ce parc \u00e0 th\u00e8me qui a fait tant parler de lui accueille les pilotes de Formule 1, Alonso et Massa, ainsi que quatre journalistes privil\u00e9gi\u00e9s. Quelle est cette exp\u00e9rience unique qui les attend ?<\/p>\n\n\n\n<h3 class=\"wp-block-heading\">Un circuit de course virtuel \u00e9poustouflant<\/h3>\n\n\n\n<p>Ottavio Daviddi de Tutto Sport, Stefano Mancini de La Stampa, Laurent Dupin de TF1 et Julien Febreau d'Europe 1 ont \u00e9t\u00e9 les premiers chanceux \u00e0 vivre cette exp\u00e9rience unique. Au volant d'une 430 Scuderia Challenge, ils ont pu effectuer un tour virtuel du c\u00e9l\u00e8bre circuit de Yas Marina \u00e0 Abu Dhabi. Que disent-ils de cette aventure in\u00e9dite ?<\/p>\n\n\n\n<h3 class=\"wp-block-heading\">Une exp\u00e9rience appr\u00e9ci\u00e9e de tous<\/h3>\n\n\n\n<p>Inutile de dire que les heureux participants ont ador\u00e9 cette exp\u00e9rience unique en son genre. Massa et Alonso ont \u00e9galement tent\u00e9 leur chance sur la c\u00e9l\u00e8bre montagne russe Formula Rossa, la plus rapide du monde. Qu'en ont-ils pens\u00e9 ?<\/p>\n\n\n\n<h3 class=\"wp-block-heading\">Les sensations fortes au rendez-vous<\/h3>\n\n\n\n<p>\"Gr\u00e2ce \u00e0 cette attraction, tous les amateurs de vitesse, comme nous, pourront vivre au moins une fois dans leur vie la sensation unique d'\u00eatre propuls\u00e9s \u00e0 240 kilom\u00e8tres par heure, tout en profitant d'une journ\u00e9e vraiment exceptionnelle pour tous les vrais fans de Ferrari\", a d\u00e9clar\u00e9 Alonso, vainqueur de la premi\u00e8re course dans le simulateur mentionn\u00e9.<\/p>\n\n\n\n<h2 class=\"wp-block-heading\">Des avis \u00e9logieux<\/h2>\n\n\n\n<p>En outre, il a admis que la Formula Rossa \u00e9tait \"vraiment incroyable\", tout comme Massa. Alors, \u00eates-vous pr\u00eats \u00e0 vivre cette exp\u00e9rience hors du commun et \u00e0 ressentir les frissons d'un vrai pilote de Formule 1 ? Ne manquez pas cette occasion unique !<\/p>\n","protected":false},"excerpt":{"rendered":"<p>Fernando Alonso and Felipe Massa au Formula Rossa au Ferrari World Abu Dhabi Le parc \u00e0 th\u00e8me ultime pour les passionn\u00e9s de Formule 1: vivez l&rsquo;exp\u00e9rience in\u00e9dite de la course Ci-apr\u00e8s la vid\u00e9o o\u00f9 vous pourrez tester le rollercoaster le plus rapide au monde avec une acc\u00e9l\u00e9ration sup\u00e9rieure \u00e0 une Ferrari, un 0 \u00e0 240 &#8230; <a title=\"Fernando Alonso Felipe Massa au Formula Rossa au Ferrari World Abu Dhabi\" class=\"read-more\" href=\"https:\/\/www.carideal.com\/blog\/2010\/12\/02\/fernando-alonso-and-felipe-massa-au-formula-rossa-au-ferrari-world-abu-dhabi\/\" aria-label=\"En savoir plus sur Fernando Alonso Felipe Massa au Formula Rossa au Ferrari World Abu Dhabi\">Lire plus<\/a><\/p>\n","protected":false},"author":1,"featured_media":26997,"comment_status":"open","ping_status":"open","sticky":false,"template":"","format":"standard","meta":{"_uag_custom_page_level_css":"","_themeisle_gutenberg_block_has_review":false,"footnotes":""},"categories":[6032,16],"tags":[],"class_list":["post-1723","post","type-post","status-publish","format-standard","has-post-thumbnail","hentry","category-ferrari","category-sport-auto"],"wppr_data":{"cwp_meta_box_check":"No"},"yoast_head":"<!-- This site is optimized with the Yoast SEO plugin v24.8.1 - https:\/\/yoast.com\/wordpress\/plugins\/seo\/ -->\n<title>Fernando Alonso Felipe Massa au Formula Rossa au Ferrari World Abu Dhabi - Blog auto Carid\u00e9al<\/title>\n<meta name=\"robots\" content=\"index, follow, max-snippet:-1, max-image-preview:large, max-video-preview:-1\" \/>\n<link rel=\"canonical\" href=\"https:\/\/www.carideal.com\/blog\/2010\/12\/02\/fernando-alonso-and-felipe-massa-au-formula-rossa-au-ferrari-world-abu-dhabi\/\" \/>\n<meta property=\"og:locale\" content=\"fr_FR\" \/>\n<meta property=\"og:type\" content=\"article\" \/>\n<meta property=\"og:title\" content=\"Fernando Alonso Felipe Massa au Formula Rossa au Ferrari World Abu Dhabi - Blog auto Carid\u00e9al\" \/>\n<meta property=\"og:description\" content=\"Fernando Alonso and Felipe Massa au Formula Rossa au Ferrari World Abu Dhabi Le parc \u00e0 th\u00e8me ultime pour les passionn\u00e9s de Formule 1: vivez l&#039;exp\u00e9rience in\u00e9dite de la course Ci-apr\u00e8s la vid\u00e9o o\u00f9 vous pourrez tester le rollercoaster le plus rapide au monde avec une acc\u00e9l\u00e9ration sup\u00e9rieure \u00e0 une Ferrari, un 0 \u00e0 240 ... Lire plus\" \/>\n<meta property=\"og:url\" content=\"https:\/\/www.carideal.com\/blog\/2010\/12\/02\/fernando-alonso-and-felipe-massa-au-formula-rossa-au-ferrari-world-abu-dhabi\/\" \/>\n<meta property=\"og:site_name\" content=\"Blog auto Carid\u00e9al\" \/>\n<meta property=\"article:publisher\" content=\"https:\/\/www.facebook.com\/Carideal.mandataire.automobile\" \/>\n<meta property=\"article:author\" content=\"https:\/\/www.facebook.com\/Carideal.mandataire.automobile\/\" \/>\n<meta property=\"article:published_time\" content=\"2010-12-02T20:28:00+00:00\" \/>\n<meta property=\"article:modified_time\" content=\"2023-08-23T09:02:13+00:00\" \/>\n<meta property=\"og:image\" content=\"https:\/\/www.carideal.com\/blog\/wp-content\/uploads\/2010\/12\/alonso-massa-felipe-massa-ferrari-world-abu-dhabi.jpg\" \/>\n\t<meta property=\"og:image:width\" content=\"1024\" \/>\n\t<meta property=\"og:image:height\" content=\"683\" \/>\n\t<meta property=\"og:image:type\" content=\"image\/jpeg\" \/>\n<meta name=\"author\" content=\"N.S Carideal\" \/>\n<meta name=\"twitter:card\" content=\"summary_large_image\" \/>\n<meta name=\"twitter:creator\" content=\"@caridealauto\" \/>\n<meta name=\"twitter:site\" content=\"@caridealauto\" \/>\n<meta name=\"twitter:label1\" content=\"\u00c9crit par\" \/>\n\t<meta name=\"twitter:data1\" content=\"N.S Carideal\" \/>\n\t<meta name=\"twitter:label2\" content=\"Dur\u00e9e de lecture estim\u00e9e\" \/>\n\t<meta name=\"twitter:data2\" content=\"2 minutes\" \/>\n<script type=\"application\/ld+json\" class=\"yoast-schema-graph\">{\"@context\":\"https:\/\/schema.org\",\"@graph\":[{\"@type\":\"Article\",\"@id\":\"https:\/\/www.carideal.com\/blog\/2010\/12\/02\/fernando-alonso-and-felipe-massa-au-formula-rossa-au-ferrari-world-abu-dhabi\/#article\",\"isPartOf\":{\"@id\":\"https:\/\/www.carideal.com\/blog\/2010\/12\/02\/fernando-alonso-and-felipe-massa-au-formula-rossa-au-ferrari-world-abu-dhabi\/\"},\"author\":{\"name\":\"N.S Carideal\",\"@id\":\"https:\/\/www.carideal.com\/blog\/#\/schema\/person\/985c7e757d1042d647f21bfaf8d41ebc\"},\"headline\":\"Fernando Alonso Felipe Massa au Formula Rossa au Ferrari World Abu Dhabi\",\"datePublished\":\"2010-12-02T20:28:00+00:00\",\"dateModified\":\"2023-08-23T09:02:13+00:00\",\"mainEntityOfPage\":{\"@id\":\"https:\/\/www.carideal.com\/blog\/2010\/12\/02\/fernando-alonso-and-felipe-massa-au-formula-rossa-au-ferrari-world-abu-dhabi\/\"},\"wordCount\":360,\"commentCount\":0,\"publisher\":{\"@id\":\"https:\/\/www.carideal.com\/blog\/#organization\"},\"image\":{\"@id\":\"https:\/\/www.carideal.com\/blog\/2010\/12\/02\/fernando-alonso-and-felipe-massa-au-formula-rossa-au-ferrari-world-abu-dhabi\/#primaryimage\"},\"thumbnailUrl\":\"https:\/\/www.carideal.com\/blog\/wp-content\/uploads\/2010\/12\/alonso-massa-felipe-massa-ferrari-world-abu-dhabi.jpg\",\"articleSection\":[\"Actualit\u00e9 Ferrari\",\"Sport Automobile\"],\"inLanguage\":\"fr-FR\",\"potentialAction\":[{\"@type\":\"CommentAction\",\"name\":\"Comment\",\"target\":[\"https:\/\/www.carideal.com\/blog\/2010\/12\/02\/fernando-alonso-and-felipe-massa-au-formula-rossa-au-ferrari-world-abu-dhabi\/#respond\"]}]},{\"@type\":\"WebPage\",\"@id\":\"https:\/\/www.carideal.com\/blog\/2010\/12\/02\/fernando-alonso-and-felipe-massa-au-formula-rossa-au-ferrari-world-abu-dhabi\/\",\"url\":\"https:\/\/www.carideal.com\/blog\/2010\/12\/02\/fernando-alonso-and-felipe-massa-au-formula-rossa-au-ferrari-world-abu-dhabi\/\",\"name\":\"Fernando Alonso Felipe Massa au Formula Rossa au Ferrari World Abu Dhabi - Blog auto Carid\u00e9al\",\"isPartOf\":{\"@id\":\"https:\/\/www.carideal.com\/blog\/#website\"},\"primaryImageOfPage\":{\"@id\":\"https:\/\/www.carideal.com\/blog\/2010\/12\/02\/fernando-alonso-and-felipe-massa-au-formula-rossa-au-ferrari-world-abu-dhabi\/#primaryimage\"},\"image\":{\"@id\":\"https:\/\/www.carideal.com\/blog\/2010\/12\/02\/fernando-alonso-and-felipe-massa-au-formula-rossa-au-ferrari-world-abu-dhabi\/#primaryimage\"},\"thumbnailUrl\":\"https:\/\/www.carideal.com\/blog\/wp-content\/uploads\/2010\/12\/alonso-massa-felipe-massa-ferrari-world-abu-dhabi.jpg\",\"datePublished\":\"2010-12-02T20:28:00+00:00\",\"dateModified\":\"2023-08-23T09:02:13+00:00\",\"breadcrumb\":{\"@id\":\"https:\/\/www.carideal.com\/blog\/2010\/12\/02\/fernando-alonso-and-felipe-massa-au-formula-rossa-au-ferrari-world-abu-dhabi\/#breadcrumb\"},\"inLanguage\":\"fr-FR\",\"potentialAction\":[{\"@type\":\"ReadAction\",\"target\":[\"https:\/\/www.carideal.com\/blog\/2010\/12\/02\/fernando-alonso-and-felipe-massa-au-formula-rossa-au-ferrari-world-abu-dhabi\/\"]}]},{\"@type\":\"ImageObject\",\"inLanguage\":\"fr-FR\",\"@id\":\"https:\/\/www.carideal.com\/blog\/2010\/12\/02\/fernando-alonso-and-felipe-massa-au-formula-rossa-au-ferrari-world-abu-dhabi\/#primaryimage\",\"url\":\"https:\/\/www.carideal.com\/blog\/wp-content\/uploads\/2010\/12\/alonso-massa-felipe-massa-ferrari-world-abu-dhabi.jpg\",\"contentUrl\":\"https:\/\/www.carideal.com\/blog\/wp-content\/uploads\/2010\/12\/alonso-massa-felipe-massa-ferrari-world-abu-dhabi.jpg\",\"width\":1024,\"height\":683,\"caption\":\"Fernando Alonso Felipe Massa au Formula Rossa au Ferrari World Abu Dhabi\"},{\"@type\":\"BreadcrumbList\",\"@id\":\"https:\/\/www.carideal.com\/blog\/2010\/12\/02\/fernando-alonso-and-felipe-massa-au-formula-rossa-au-ferrari-world-abu-dhabi\/#breadcrumb\",\"itemListElement\":[{\"@type\":\"ListItem\",\"position\":1,\"name\":\"Blog Carid\u00e9al\",\"item\":\"https:\/\/www.carideal.com\/blog\/\"},{\"@type\":\"ListItem\",\"position\":2,\"name\":\"Actualit\u00e9 constructeur automobile\",\"item\":\"https:\/\/www.carideal.com\/blog\/constructeur\/\"},{\"@type\":\"ListItem\",\"position\":3,\"name\":\"Actualit\u00e9 Ferrari\",\"item\":\"https:\/\/www.carideal.com\/blog\/constructeur\/ferrari\/\"},{\"@type\":\"ListItem\",\"position\":4,\"name\":\"Fernando Alonso Felipe Massa au Formula Rossa au Ferrari World Abu Dhabi\"}]},{\"@type\":\"WebSite\",\"@id\":\"https:\/\/www.carideal.com\/blog\/#website\",\"url\":\"https:\/\/www.carideal.com\/blog\/\",\"name\":\"Blog auto Carid\u00e9al\",\"description\":\"Actualit\u00e9 auto par des passionn\u00e9s\",\"publisher\":{\"@id\":\"https:\/\/www.carideal.com\/blog\/#organization\"},\"potentialAction\":[{\"@type\":\"SearchAction\",\"target\":{\"@type\":\"EntryPoint\",\"urlTemplate\":\"https:\/\/www.carideal.com\/blog\/?s={search_term_string}\"},\"query-input\":{\"@type\":\"PropertyValueSpecification\",\"valueRequired\":true,\"valueName\":\"search_term_string\"}}],\"inLanguage\":\"fr-FR\"},{\"@type\":\"Organization\",\"@id\":\"https:\/\/www.carideal.com\/blog\/#organization\",\"name\":\"Carideal\",\"url\":\"https:\/\/www.carideal.com\/blog\/\",\"logo\":{\"@type\":\"ImageObject\",\"inLanguage\":\"fr-FR\",\"@id\":\"https:\/\/www.carideal.com\/blog\/#\/schema\/logo\/image\/\",\"url\":\"http:\/\/www.carideal.com\/blog\/wp-content\/uploads\/2016\/03\/logo-carideal-mandataire-automobile.png\",\"contentUrl\":\"http:\/\/www.carideal.com\/blog\/wp-content\/uploads\/2016\/03\/logo-carideal-mandataire-automobile.png\",\"width\":300,\"height\":300,\"caption\":\"Carideal\"},\"image\":{\"@id\":\"https:\/\/www.carideal.com\/blog\/#\/schema\/logo\/image\/\"},\"sameAs\":[\"https:\/\/www.facebook.com\/Carideal.mandataire.automobile\",\"https:\/\/x.com\/caridealauto\",\"https:\/\/www.instagram.com\/carideal1\/\",\"https:\/\/www.linkedin.com\/company\/carideal.com\",\"https:\/\/fr.pinterest.com\/schiavonsas\/\",\"https:\/\/www.youtube.com\/user\/caridealsas\"]},{\"@type\":\"Person\",\"@id\":\"https:\/\/www.carideal.com\/blog\/#\/schema\/person\/985c7e757d1042d647f21bfaf8d41ebc\",\"name\":\"N.S Carideal\",\"image\":{\"@type\":\"ImageObject\",\"inLanguage\":\"fr-FR\",\"@id\":\"https:\/\/www.carideal.com\/blog\/#\/schema\/person\/image\/\",\"url\":\"https:\/\/secure.gravatar.com\/avatar\/edb7ccdf1a4e3d14aef967760d354d0e?s=96&r=g\",\"contentUrl\":\"https:\/\/secure.gravatar.com\/avatar\/edb7ccdf1a4e3d14aef967760d354d0e?s=96&r=g\",\"caption\":\"N.S Carideal\"},\"description\":\"Depuis tout petit fan d'automobile. Il est question d'essayer et de comparer toutes ces voitures qui nous ont fait r\u00e9ver, avant que celles-ci ne devient uniquement des voitures de collection.\",\"sameAs\":[\"http:\/\/www.carideal.com\/blog\",\"https:\/\/www.facebook.com\/Carideal.mandataire.automobile\/\",\"https:\/\/www.linkedin.com\/in\/nschiavon\/\",\"https:\/\/www.youtube.com\/user\/caridealsas\/\"],\"url\":\"https:\/\/www.carideal.com\/blog\/author\/admin_carideal\/\"}]}<\/script>\n<!-- \/ Yoast SEO plugin. -->","yoast_head_json":{"title":"Fernando Alonso Felipe Massa au Formula Rossa au Ferrari World Abu Dhabi - Blog auto Carid\u00e9al","robots":{"index":"index","follow":"follow","max-snippet":"max-snippet:-1","max-image-preview":"max-image-preview:large","max-video-preview":"max-video-preview:-1"},"canonical":"https:\/\/www.carideal.com\/blog\/2010\/12\/02\/fernando-alonso-and-felipe-massa-au-formula-rossa-au-ferrari-world-abu-dhabi\/","og_locale":"fr_FR","og_type":"article","og_title":"Fernando Alonso Felipe Massa au Formula Rossa au Ferrari World Abu Dhabi - Blog auto Carid\u00e9al","og_description":"Fernando Alonso and Felipe Massa au Formula Rossa au Ferrari World Abu Dhabi Le parc \u00e0 th\u00e8me ultime pour les passionn\u00e9s de Formule 1: vivez l'exp\u00e9rience in\u00e9dite de la course Ci-apr\u00e8s la vid\u00e9o o\u00f9 vous pourrez tester le rollercoaster le plus rapide au monde avec une acc\u00e9l\u00e9ration sup\u00e9rieure \u00e0 une Ferrari, un 0 \u00e0 240 ... Lire plus","og_url":"https:\/\/www.carideal.com\/blog\/2010\/12\/02\/fernando-alonso-and-felipe-massa-au-formula-rossa-au-ferrari-world-abu-dhabi\/","og_site_name":"Blog auto Carid\u00e9al","article_publisher":"https:\/\/www.facebook.com\/Carideal.mandataire.automobile","article_author":"https:\/\/www.facebook.com\/Carideal.mandataire.automobile\/","article_published_time":"2010-12-02T20:28:00+00:00","article_modified_time":"2023-08-23T09:02:13+00:00","og_image":[{"width":1024,"height":683,"url":"https:\/\/www.carideal.com\/blog\/wp-content\/uploads\/2010\/12\/alonso-massa-felipe-massa-ferrari-world-abu-dhabi.jpg","type":"image\/jpeg"}],"author":"N.S Carideal","twitter_card":"summary_large_image","twitter_creator":"@caridealauto","twitter_site":"@caridealauto","twitter_misc":{"\u00c9crit par":"N.S Carideal","Dur\u00e9e de lecture estim\u00e9e":"2 minutes"},"schema":{"@context":"https:\/\/schema.org","@graph":[{"@type":"Article","@id":"https:\/\/www.carideal.com\/blog\/2010\/12\/02\/fernando-alonso-and-felipe-massa-au-formula-rossa-au-ferrari-world-abu-dhabi\/#article","isPartOf":{"@id":"https:\/\/www.carideal.com\/blog\/2010\/12\/02\/fernando-alonso-and-felipe-massa-au-formula-rossa-au-ferrari-world-abu-dhabi\/"},"author":{"name":"N.S Carideal","@id":"https:\/\/www.carideal.com\/blog\/#\/schema\/person\/985c7e757d1042d647f21bfaf8d41ebc"},"headline":"Fernando Alonso Felipe Massa au Formula Rossa au Ferrari World Abu Dhabi","datePublished":"2010-12-02T20:28:00+00:00","dateModified":"2023-08-23T09:02:13+00:00","mainEntityOfPage":{"@id":"https:\/\/www.carideal.com\/blog\/2010\/12\/02\/fernando-alonso-and-felipe-massa-au-formula-rossa-au-ferrari-world-abu-dhabi\/"},"wordCount":360,"commentCount":0,"publisher":{"@id":"https:\/\/www.carideal.com\/blog\/#organization"},"image":{"@id":"https:\/\/www.carideal.com\/blog\/2010\/12\/02\/fernando-alonso-and-felipe-massa-au-formula-rossa-au-ferrari-world-abu-dhabi\/#primaryimage"},"thumbnailUrl":"https:\/\/www.carideal.com\/blog\/wp-content\/uploads\/2010\/12\/alonso-massa-felipe-massa-ferrari-world-abu-dhabi.jpg","articleSection":["Actualit\u00e9 Ferrari","Sport Automobile"],"inLanguage":"fr-FR","potentialAction":[{"@type":"CommentAction","name":"Comment","target":["https:\/\/www.carideal.com\/blog\/2010\/12\/02\/fernando-alonso-and-felipe-massa-au-formula-rossa-au-ferrari-world-abu-dhabi\/#respond"]}]},{"@type":"WebPage","@id":"https:\/\/www.carideal.com\/blog\/2010\/12\/02\/fernando-alonso-and-felipe-massa-au-formula-rossa-au-ferrari-world-abu-dhabi\/","url":"https:\/\/www.carideal.com\/blog\/2010\/12\/02\/fernando-alonso-and-felipe-massa-au-formula-rossa-au-ferrari-world-abu-dhabi\/","name":"Fernando Alonso Felipe Massa au Formula Rossa au Ferrari World Abu Dhabi - Blog auto Carid\u00e9al","isPartOf":{"@id":"https:\/\/www.carideal.com\/blog\/#website"},"primaryImageOfPage":{"@id":"https:\/\/www.carideal.com\/blog\/2010\/12\/02\/fernando-alonso-and-felipe-massa-au-formula-rossa-au-ferrari-world-abu-dhabi\/#primaryimage"},"image":{"@id":"https:\/\/www.carideal.com\/blog\/2010\/12\/02\/fernando-alonso-and-felipe-massa-au-formula-rossa-au-ferrari-world-abu-dhabi\/#primaryimage"},"thumbnailUrl":"https:\/\/www.carideal.com\/blog\/wp-content\/uploads\/2010\/12\/alonso-massa-felipe-massa-ferrari-world-abu-dhabi.jpg","datePublished":"2010-12-02T20:28:00+00:00","dateModified":"2023-08-23T09:02:13+00:00","breadcrumb":{"@id":"https:\/\/www.carideal.com\/blog\/2010\/12\/02\/fernando-alonso-and-felipe-massa-au-formula-rossa-au-ferrari-world-abu-dhabi\/#breadcrumb"},"inLanguage":"fr-FR","potentialAction":[{"@type":"ReadAction","target":["https:\/\/www.carideal.com\/blog\/2010\/12\/02\/fernando-alonso-and-felipe-massa-au-formula-rossa-au-ferrari-world-abu-dhabi\/"]}]},{"@type":"ImageObject","inLanguage":"fr-FR","@id":"https:\/\/www.carideal.com\/blog\/2010\/12\/02\/fernando-alonso-and-felipe-massa-au-formula-rossa-au-ferrari-world-abu-dhabi\/#primaryimage","url":"https:\/\/www.carideal.com\/blog\/wp-content\/uploads\/2010\/12\/alonso-massa-felipe-massa-ferrari-world-abu-dhabi.jpg","contentUrl":"https:\/\/www.carideal.com\/blog\/wp-content\/uploads\/2010\/12\/alonso-massa-felipe-massa-ferrari-world-abu-dhabi.jpg","width":1024,"height":683,"caption":"Fernando Alonso Felipe Massa au Formula Rossa au Ferrari World Abu Dhabi"},{"@type":"BreadcrumbList","@id":"https:\/\/www.carideal.com\/blog\/2010\/12\/02\/fernando-alonso-and-felipe-massa-au-formula-rossa-au-ferrari-world-abu-dhabi\/#breadcrumb","itemListElement":[{"@type":"ListItem","position":1,"name":"Blog Carid\u00e9al","item":"https:\/\/www.carideal.com\/blog\/"},{"@type":"ListItem","position":2,"name":"Actualit\u00e9 constructeur automobile","item":"https:\/\/www.carideal.com\/blog\/constructeur\/"},{"@type":"ListItem","position":3,"name":"Actualit\u00e9 Ferrari","item":"https:\/\/www.carideal.com\/blog\/constructeur\/ferrari\/"},{"@type":"ListItem","position":4,"name":"Fernando Alonso Felipe Massa au Formula Rossa au Ferrari World Abu Dhabi"}]},{"@type":"WebSite","@id":"https:\/\/www.carideal.com\/blog\/#website","url":"https:\/\/www.carideal.com\/blog\/","name":"Blog auto Carid\u00e9al","description":"Actualit\u00e9 auto par des passionn\u00e9s","publisher":{"@id":"https:\/\/www.carideal.com\/blog\/#organization"},"potentialAction":[{"@type":"SearchAction","target":{"@type":"EntryPoint","urlTemplate":"https:\/\/www.carideal.com\/blog\/?s={search_term_string}"},"query-input":{"@type":"PropertyValueSpecification","valueRequired":true,"valueName":"search_term_string"}}],"inLanguage":"fr-FR"},{"@type":"Organization","@id":"https:\/\/www.carideal.com\/blog\/#organization","name":"Carideal","url":"https:\/\/www.carideal.com\/blog\/","logo":{"@type":"ImageObject","inLanguage":"fr-FR","@id":"https:\/\/www.carideal.com\/blog\/#\/schema\/logo\/image\/","url":"http:\/\/www.carideal.com\/blog\/wp-content\/uploads\/2016\/03\/logo-carideal-mandataire-automobile.png","contentUrl":"http:\/\/www.carideal.com\/blog\/wp-content\/uploads\/2016\/03\/logo-carideal-mandataire-automobile.png","width":300,"height":300,"caption":"Carideal"},"image":{"@id":"https:\/\/www.carideal.com\/blog\/#\/schema\/logo\/image\/"},"sameAs":["https:\/\/www.facebook.com\/Carideal.mandataire.automobile","https:\/\/x.com\/caridealauto","https:\/\/www.instagram.com\/carideal1\/","https:\/\/www.linkedin.com\/company\/carideal.com","https:\/\/fr.pinterest.com\/schiavonsas\/","https:\/\/www.youtube.com\/user\/caridealsas"]},{"@type":"Person","@id":"https:\/\/www.carideal.com\/blog\/#\/schema\/person\/985c7e757d1042d647f21bfaf8d41ebc","name":"N.S Carideal","image":{"@type":"ImageObject","inLanguage":"fr-FR","@id":"https:\/\/www.carideal.com\/blog\/#\/schema\/person\/image\/","url":"https:\/\/secure.gravatar.com\/avatar\/edb7ccdf1a4e3d14aef967760d354d0e?s=96&r=g","contentUrl":"https:\/\/secure.gravatar.com\/avatar\/edb7ccdf1a4e3d14aef967760d354d0e?s=96&r=g","caption":"N.S Carideal"},"description":"Depuis tout petit fan d'automobile. Il est question d'essayer et de comparer toutes ces voitures qui nous ont fait r\u00e9ver, avant que celles-ci ne devient uniquement des voitures de collection.","sameAs":["http:\/\/www.carideal.com\/blog","https:\/\/www.facebook.com\/Carideal.mandataire.automobile\/","https:\/\/www.linkedin.com\/in\/nschiavon\/","https:\/\/www.youtube.com\/user\/caridealsas\/"],"url":"https:\/\/www.carideal.com\/blog\/author\/admin_carideal\/"}]}},"uagb_featured_image_src":{"full":["https:\/\/www.carideal.com\/blog\/wp-content\/uploads\/2010\/12\/alonso-massa-felipe-massa-ferrari-world-abu-dhabi.jpg",1024,683,false],"thumbnail":["https:\/\/www.carideal.com\/blog\/wp-content\/uploads\/2010\/12\/alonso-massa-felipe-massa-ferrari-world-abu-dhabi-150x150.jpg",150,150,true],"medium":["https:\/\/www.carideal.com\/blog\/wp-content\/uploads\/2010\/12\/alonso-massa-felipe-massa-ferrari-world-abu-dhabi-300x200.jpg",300,200,true],"medium_large":["https:\/\/www.carideal.com\/blog\/wp-content\/uploads\/2010\/12\/alonso-massa-felipe-massa-ferrari-world-abu-dhabi-768x512.jpg",768,512,true],"large":["https:\/\/www.carideal.com\/blog\/wp-content\/uploads\/2010\/12\/alonso-massa-felipe-massa-ferrari-world-abu-dhabi.jpg",1024,683,false],"1536x1536":["https:\/\/www.carideal.com\/blog\/wp-content\/uploads\/2010\/12\/alonso-massa-felipe-massa-ferrari-world-abu-dhabi.jpg",1024,683,false],"2048x2048":["https:\/\/www.carideal.com\/blog\/wp-content\/uploads\/2010\/12\/alonso-massa-felipe-massa-ferrari-world-abu-dhabi.jpg",1024,683,false],"wppr-widget":["https:\/\/www.carideal.com\/blog\/wp-content\/uploads\/2010\/12\/alonso-massa-felipe-massa-ferrari-world-abu-dhabi-50x33.jpg",50,33,true]},"uagb_author_info":{"display_name":"N.S Carideal","author_link":"https:\/\/www.carideal.com\/blog\/author\/admin_carideal\/"},"uagb_comment_info":0,"uagb_excerpt":"Fernando Alonso and Felipe Massa au Formula Rossa au Ferrari World Abu Dhabi Le parc \u00e0 th\u00e8me ultime pour les passionn\u00e9s de Formule 1: vivez l'exp\u00e9rience in\u00e9dite de la course Ci-apr\u00e8s la vid\u00e9o o\u00f9 vous pourrez tester le rollercoaster le plus rapide au monde avec une acc\u00e9l\u00e9ration sup\u00e9rieure \u00e0 une Ferrari, un 0 \u00e0 240\u2026","_links":{"self":[{"href":"https:\/\/www.carideal.com\/blog\/wp-json\/wp\/v2\/posts\/1723"}],"collection":[{"href":"https:\/\/www.carideal.com\/blog\/wp-json\/wp\/v2\/posts"}],"about":[{"href":"https:\/\/www.carideal.com\/blog\/wp-json\/wp\/v2\/types\/post"}],"author":[{"embeddable":true,"href":"https:\/\/www.carideal.com\/blog\/wp-json\/wp\/v2\/users\/1"}],"replies":[{"embeddable":true,"href":"https:\/\/www.carideal.com\/blog\/wp-json\/wp\/v2\/comments?post=1723"}],"version-history":[{"count":0,"href":"https:\/\/www.carideal.com\/blog\/wp-json\/wp\/v2\/posts\/1723\/revisions"}],"wp:featuredmedia":[{"embeddable":true,"href":"https:\/\/www.carideal.com\/blog\/wp-json\/wp\/v2\/media\/26997"}],"wp:attachment":[{"href":"https:\/\/www.carideal.com\/blog\/wp-json\/wp\/v2\/media?parent=1723"}],"wp:term":[{"taxonomy":"category","embeddable":true,"href":"https:\/\/www.carideal.com\/blog\/wp-json\/wp\/v2\/categories?post=1723"},{"taxonomy":"post_tag","embeddable":true,"href":"https:\/\/www.carideal.com\/blog\/wp-json\/wp\/v2\/tags?post=1723"}],"curies":[{"name":"wp","href":"https:\/\/api.w.org\/{rel}","templated":true}]}}