{"id":171,"date":"2010-06-22T13:38:00","date_gmt":"2010-06-22T13:38:00","guid":{"rendered":"http:\/\/carideal.com\/blog\/?p=171"},"modified":"2017-01-20T14:37:13","modified_gmt":"2017-01-20T13:37:13","slug":"la-pollution-dans-le-secteur-des-transports-n-est-pas-celle-que-lon-croit","status":"publish","type":"post","link":"https:\/\/www.carideal.com\/blog\/2010\/06\/22\/la-pollution-dans-le-secteur-des-transports-n-est-pas-celle-que-lon-croit\/","title":{"rendered":"La pollution dans le secteur des transports n est pas celle que lon croit"},"content":{"rendered":"<h1><strong>La pollution dans le secteur des transports n'est pas celle que lon croit<\/strong><\/h1>\n<p>Le gouvernement britannique a demand\u00e9 \u00e0 l'\u00e9conomiste Nicholas Stern de r\u00e9aliser une \u00e9tude sur le secteur des transports (voitures, v\u00e9hicules utilitaires et industriels, bateaux et avions).<\/p>\n<p>Cette \u00e9tude montre que ce secteur g\u00e9n\u00e8re en r\u00e9alit\u00e9 14 % des 42 millions de tonnes de CO2 rejet\u00e9es dans l'atmosph\u00e8re par an, taux comparable \u00e0 celui de l'industrie et de l'agriculture, et non 24 % comme on le pensait jusqu'\u00e0 pr\u00e9sent. Ainsi, les transports sont moins polluants\u00a0!<\/p>\n<p>Le secteur qui \u00e9mettrait le plus de pollution serait celui de l'\u00e9nergie avec 24 % des \u00e9missions totales de CO2.<\/p>\n<p>L'\u00e9tude met en avant que l'am\u00e9lioration de la situation du secteur des transports dans ce classement a \u00e9t\u00e9 permise gr\u00e2ce aux efforts fournis depuis 1997 par les constructeurs d'automobiles pour d\u00e9velopper de nouvelles techniques environnementales.<\/p>\n<p>Biocarburants<\/p>\n","protected":false},"excerpt":{"rendered":"<p>La pollution dans le secteur des transports n&rsquo;est pas celle que lon croit Le gouvernement britannique a demand\u00e9 \u00e0 l&rsquo;\u00e9conomiste Nicholas Stern de r\u00e9aliser une \u00e9tude sur le secteur des transports (voitures, v\u00e9hicules utilitaires et industriels, bateaux et avions). Cette \u00e9tude montre que ce secteur g\u00e9n\u00e8re en r\u00e9alit\u00e9 14 % des 42 millions de tonnes &#8230; <a title=\"La pollution dans le secteur des transports n est pas celle que lon croit\" class=\"read-more\" href=\"https:\/\/www.carideal.com\/blog\/2010\/06\/22\/la-pollution-dans-le-secteur-des-transports-n-est-pas-celle-que-lon-croit\/\" aria-label=\"En savoir plus sur La pollution dans le secteur des transports n est pas celle que lon croit\">Lire plus<\/a><\/p>\n","protected":false},"author":1,"featured_media":0,"comment_status":"open","ping_status":"open","sticky":false,"template":"","format":"standard","meta":{"_uag_custom_page_level_css":"","_themeisle_gutenberg_block_has_review":false,"footnotes":""},"categories":[6],"tags":[60,4953],"class_list":["post-171","post","type-post","status-publish","format-standard","hentry","category-ecologie","tag-co2","tag-pollution-de-lair"],"wppr_data":{"cwp_meta_box_check":"No"},"yoast_head":"<!-- This site is optimized with the Yoast SEO plugin v24.8.1 - https:\/\/yoast.com\/wordpress\/plugins\/seo\/ -->\n<title>La pollution dans le secteur des transports n est pas celle que lon croit - Blog auto Carid\u00e9al<\/title>\n<meta name=\"robots\" content=\"index, follow, max-snippet:-1, max-image-preview:large, max-video-preview:-1\" \/>\n<link rel=\"canonical\" href=\"https:\/\/www.carideal.com\/blog\/2010\/06\/22\/la-pollution-dans-le-secteur-des-transports-n-est-pas-celle-que-lon-croit\/\" \/>\n<meta property=\"og:locale\" content=\"fr_FR\" \/>\n<meta property=\"og:type\" content=\"article\" \/>\n<meta property=\"og:title\" content=\"La pollution dans le secteur des transports n est pas celle que lon croit - Blog auto Carid\u00e9al\" \/>\n<meta property=\"og:description\" content=\"La pollution dans le secteur des transports n&#039;est pas celle que lon croit Le gouvernement britannique a demand\u00e9 \u00e0 l&#039;\u00e9conomiste Nicholas Stern de r\u00e9aliser une \u00e9tude sur le secteur des transports (voitures, v\u00e9hicules utilitaires et industriels, bateaux et avions). Cette \u00e9tude montre que ce secteur g\u00e9n\u00e8re en r\u00e9alit\u00e9 14 % des 42 millions de tonnes ... Lire plus\" \/>\n<meta property=\"og:url\" content=\"https:\/\/www.carideal.com\/blog\/2010\/06\/22\/la-pollution-dans-le-secteur-des-transports-n-est-pas-celle-que-lon-croit\/\" \/>\n<meta property=\"og:site_name\" content=\"Blog auto Carid\u00e9al\" \/>\n<meta property=\"article:publisher\" content=\"https:\/\/www.facebook.com\/Carideal.mandataire.automobile\" \/>\n<meta property=\"article:author\" content=\"https:\/\/www.facebook.com\/Carideal.mandataire.automobile\/\" \/>\n<meta property=\"article:published_time\" content=\"2010-06-22T13:38:00+00:00\" \/>\n<meta property=\"article:modified_time\" content=\"2017-01-20T13:37:13+00:00\" \/>\n<meta property=\"og:image\" content=\"https:\/\/www.carideal.com\/blog\/wp-content\/uploads\/2016\/03\/logo-carideal-mandataire-automobile.png\" \/>\n\t<meta property=\"og:image:width\" content=\"300\" \/>\n\t<meta property=\"og:image:height\" content=\"300\" \/>\n\t<meta property=\"og:image:type\" content=\"image\/png\" \/>\n<meta name=\"author\" content=\"N.S Carideal\" \/>\n<meta name=\"twitter:card\" content=\"summary_large_image\" \/>\n<meta name=\"twitter:creator\" content=\"@caridealauto\" \/>\n<meta name=\"twitter:site\" content=\"@caridealauto\" \/>\n<meta name=\"twitter:label1\" content=\"\u00c9crit par\" \/>\n\t<meta name=\"twitter:data1\" content=\"N.S Carideal\" \/>\n\t<meta name=\"twitter:label2\" content=\"Dur\u00e9e de lecture estim\u00e9e\" \/>\n\t<meta name=\"twitter:data2\" content=\"1 minute\" \/>\n<script type=\"application\/ld+json\" class=\"yoast-schema-graph\">{\"@context\":\"https:\/\/schema.org\",\"@graph\":[{\"@type\":\"Article\",\"@id\":\"https:\/\/www.carideal.com\/blog\/2010\/06\/22\/la-pollution-dans-le-secteur-des-transports-n-est-pas-celle-que-lon-croit\/#article\",\"isPartOf\":{\"@id\":\"https:\/\/www.carideal.com\/blog\/2010\/06\/22\/la-pollution-dans-le-secteur-des-transports-n-est-pas-celle-que-lon-croit\/\"},\"author\":{\"name\":\"N.S Carideal\",\"@id\":\"https:\/\/www.carideal.com\/blog\/#\/schema\/person\/985c7e757d1042d647f21bfaf8d41ebc\"},\"headline\":\"La pollution dans le secteur des transports n est pas celle que lon croit\",\"datePublished\":\"2010-06-22T13:38:00+00:00\",\"dateModified\":\"2017-01-20T13:37:13+00:00\",\"mainEntityOfPage\":{\"@id\":\"https:\/\/www.carideal.com\/blog\/2010\/06\/22\/la-pollution-dans-le-secteur-des-transports-n-est-pas-celle-que-lon-croit\/\"},\"wordCount\":161,\"commentCount\":0,\"publisher\":{\"@id\":\"https:\/\/www.carideal.com\/blog\/#organization\"},\"keywords\":[\"CO2 \u00e9mission de CO2\",\"Pollution de l\u2019air\"],\"articleSection\":[\"Ecologie\"],\"inLanguage\":\"fr-FR\",\"potentialAction\":[{\"@type\":\"CommentAction\",\"name\":\"Comment\",\"target\":[\"https:\/\/www.carideal.com\/blog\/2010\/06\/22\/la-pollution-dans-le-secteur-des-transports-n-est-pas-celle-que-lon-croit\/#respond\"]}]},{\"@type\":\"WebPage\",\"@id\":\"https:\/\/www.carideal.com\/blog\/2010\/06\/22\/la-pollution-dans-le-secteur-des-transports-n-est-pas-celle-que-lon-croit\/\",\"url\":\"https:\/\/www.carideal.com\/blog\/2010\/06\/22\/la-pollution-dans-le-secteur-des-transports-n-est-pas-celle-que-lon-croit\/\",\"name\":\"La pollution dans le secteur des transports n est pas celle que lon croit - Blog auto Carid\u00e9al\",\"isPartOf\":{\"@id\":\"https:\/\/www.carideal.com\/blog\/#website\"},\"datePublished\":\"2010-06-22T13:38:00+00:00\",\"dateModified\":\"2017-01-20T13:37:13+00:00\",\"breadcrumb\":{\"@id\":\"https:\/\/www.carideal.com\/blog\/2010\/06\/22\/la-pollution-dans-le-secteur-des-transports-n-est-pas-celle-que-lon-croit\/#breadcrumb\"},\"inLanguage\":\"fr-FR\",\"potentialAction\":[{\"@type\":\"ReadAction\",\"target\":[\"https:\/\/www.carideal.com\/blog\/2010\/06\/22\/la-pollution-dans-le-secteur-des-transports-n-est-pas-celle-que-lon-croit\/\"]}]},{\"@type\":\"BreadcrumbList\",\"@id\":\"https:\/\/www.carideal.com\/blog\/2010\/06\/22\/la-pollution-dans-le-secteur-des-transports-n-est-pas-celle-que-lon-croit\/#breadcrumb\",\"itemListElement\":[{\"@type\":\"ListItem\",\"position\":1,\"name\":\"Blog Carid\u00e9al\",\"item\":\"https:\/\/www.carideal.com\/blog\/\"},{\"@type\":\"ListItem\",\"position\":2,\"name\":\"Ecologie\",\"item\":\"https:\/\/www.carideal.com\/blog\/ecologie\/\"},{\"@type\":\"ListItem\",\"position\":3,\"name\":\"La pollution dans le secteur des transports n est pas celle que lon croit\"}]},{\"@type\":\"WebSite\",\"@id\":\"https:\/\/www.carideal.com\/blog\/#website\",\"url\":\"https:\/\/www.carideal.com\/blog\/\",\"name\":\"Blog auto Carid\u00e9al\",\"description\":\"Actualit\u00e9 auto par des passionn\u00e9s\",\"publisher\":{\"@id\":\"https:\/\/www.carideal.com\/blog\/#organization\"},\"potentialAction\":[{\"@type\":\"SearchAction\",\"target\":{\"@type\":\"EntryPoint\",\"urlTemplate\":\"https:\/\/www.carideal.com\/blog\/?s={search_term_string}\"},\"query-input\":{\"@type\":\"PropertyValueSpecification\",\"valueRequired\":true,\"valueName\":\"search_term_string\"}}],\"inLanguage\":\"fr-FR\"},{\"@type\":\"Organization\",\"@id\":\"https:\/\/www.carideal.com\/blog\/#organization\",\"name\":\"Carideal\",\"url\":\"https:\/\/www.carideal.com\/blog\/\",\"logo\":{\"@type\":\"ImageObject\",\"inLanguage\":\"fr-FR\",\"@id\":\"https:\/\/www.carideal.com\/blog\/#\/schema\/logo\/image\/\",\"url\":\"http:\/\/www.carideal.com\/blog\/wp-content\/uploads\/2016\/03\/logo-carideal-mandataire-automobile.png\",\"contentUrl\":\"http:\/\/www.carideal.com\/blog\/wp-content\/uploads\/2016\/03\/logo-carideal-mandataire-automobile.png\",\"width\":300,\"height\":300,\"caption\":\"Carideal\"},\"image\":{\"@id\":\"https:\/\/www.carideal.com\/blog\/#\/schema\/logo\/image\/\"},\"sameAs\":[\"https:\/\/www.facebook.com\/Carideal.mandataire.automobile\",\"https:\/\/x.com\/caridealauto\",\"https:\/\/www.instagram.com\/carideal1\/\",\"https:\/\/www.linkedin.com\/company\/carideal.com\",\"https:\/\/fr.pinterest.com\/schiavonsas\/\",\"https:\/\/www.youtube.com\/user\/caridealsas\"]},{\"@type\":\"Person\",\"@id\":\"https:\/\/www.carideal.com\/blog\/#\/schema\/person\/985c7e757d1042d647f21bfaf8d41ebc\",\"name\":\"N.S Carideal\",\"image\":{\"@type\":\"ImageObject\",\"inLanguage\":\"fr-FR\",\"@id\":\"https:\/\/www.carideal.com\/blog\/#\/schema\/person\/image\/\",\"url\":\"https:\/\/secure.gravatar.com\/avatar\/edb7ccdf1a4e3d14aef967760d354d0e?s=96&r=g\",\"contentUrl\":\"https:\/\/secure.gravatar.com\/avatar\/edb7ccdf1a4e3d14aef967760d354d0e?s=96&r=g\",\"caption\":\"N.S Carideal\"},\"description\":\"Depuis tout petit fan d'automobile. Il est question d'essayer et de comparer toutes ces voitures qui nous ont fait r\u00e9ver, avant que celles-ci ne devient uniquement des voitures de collection.\",\"sameAs\":[\"http:\/\/www.carideal.com\/blog\",\"https:\/\/www.facebook.com\/Carideal.mandataire.automobile\/\",\"https:\/\/www.linkedin.com\/in\/nschiavon\/\",\"https:\/\/www.youtube.com\/user\/caridealsas\/\"],\"url\":\"https:\/\/www.carideal.com\/blog\/author\/admin_carideal\/\"}]}<\/script>\n<!-- \/ Yoast SEO plugin. -->","yoast_head_json":{"title":"La pollution dans le secteur des transports n est pas celle que lon croit - Blog auto Carid\u00e9al","robots":{"index":"index","follow":"follow","max-snippet":"max-snippet:-1","max-image-preview":"max-image-preview:large","max-video-preview":"max-video-preview:-1"},"canonical":"https:\/\/www.carideal.com\/blog\/2010\/06\/22\/la-pollution-dans-le-secteur-des-transports-n-est-pas-celle-que-lon-croit\/","og_locale":"fr_FR","og_type":"article","og_title":"La pollution dans le secteur des transports n est pas celle que lon croit - Blog auto Carid\u00e9al","og_description":"La pollution dans le secteur des transports n'est pas celle que lon croit Le gouvernement britannique a demand\u00e9 \u00e0 l'\u00e9conomiste Nicholas Stern de r\u00e9aliser une \u00e9tude sur le secteur des transports (voitures, v\u00e9hicules utilitaires et industriels, bateaux et avions). Cette \u00e9tude montre que ce secteur g\u00e9n\u00e8re en r\u00e9alit\u00e9 14 % des 42 millions de tonnes ... Lire plus","og_url":"https:\/\/www.carideal.com\/blog\/2010\/06\/22\/la-pollution-dans-le-secteur-des-transports-n-est-pas-celle-que-lon-croit\/","og_site_name":"Blog auto Carid\u00e9al","article_publisher":"https:\/\/www.facebook.com\/Carideal.mandataire.automobile","article_author":"https:\/\/www.facebook.com\/Carideal.mandataire.automobile\/","article_published_time":"2010-06-22T13:38:00+00:00","article_modified_time":"2017-01-20T13:37:13+00:00","og_image":[{"width":300,"height":300,"url":"https:\/\/www.carideal.com\/blog\/wp-content\/uploads\/2016\/03\/logo-carideal-mandataire-automobile.png","type":"image\/png"}],"author":"N.S Carideal","twitter_card":"summary_large_image","twitter_creator":"@caridealauto","twitter_site":"@caridealauto","twitter_misc":{"\u00c9crit par":"N.S Carideal","Dur\u00e9e de lecture estim\u00e9e":"1 minute"},"schema":{"@context":"https:\/\/schema.org","@graph":[{"@type":"Article","@id":"https:\/\/www.carideal.com\/blog\/2010\/06\/22\/la-pollution-dans-le-secteur-des-transports-n-est-pas-celle-que-lon-croit\/#article","isPartOf":{"@id":"https:\/\/www.carideal.com\/blog\/2010\/06\/22\/la-pollution-dans-le-secteur-des-transports-n-est-pas-celle-que-lon-croit\/"},"author":{"name":"N.S Carideal","@id":"https:\/\/www.carideal.com\/blog\/#\/schema\/person\/985c7e757d1042d647f21bfaf8d41ebc"},"headline":"La pollution dans le secteur des transports n est pas celle que lon croit","datePublished":"2010-06-22T13:38:00+00:00","dateModified":"2017-01-20T13:37:13+00:00","mainEntityOfPage":{"@id":"https:\/\/www.carideal.com\/blog\/2010\/06\/22\/la-pollution-dans-le-secteur-des-transports-n-est-pas-celle-que-lon-croit\/"},"wordCount":161,"commentCount":0,"publisher":{"@id":"https:\/\/www.carideal.com\/blog\/#organization"},"keywords":["CO2 \u00e9mission de CO2","Pollution de l\u2019air"],"articleSection":["Ecologie"],"inLanguage":"fr-FR","potentialAction":[{"@type":"CommentAction","name":"Comment","target":["https:\/\/www.carideal.com\/blog\/2010\/06\/22\/la-pollution-dans-le-secteur-des-transports-n-est-pas-celle-que-lon-croit\/#respond"]}]},{"@type":"WebPage","@id":"https:\/\/www.carideal.com\/blog\/2010\/06\/22\/la-pollution-dans-le-secteur-des-transports-n-est-pas-celle-que-lon-croit\/","url":"https:\/\/www.carideal.com\/blog\/2010\/06\/22\/la-pollution-dans-le-secteur-des-transports-n-est-pas-celle-que-lon-croit\/","name":"La pollution dans le secteur des transports n est pas celle que lon croit - Blog auto Carid\u00e9al","isPartOf":{"@id":"https:\/\/www.carideal.com\/blog\/#website"},"datePublished":"2010-06-22T13:38:00+00:00","dateModified":"2017-01-20T13:37:13+00:00","breadcrumb":{"@id":"https:\/\/www.carideal.com\/blog\/2010\/06\/22\/la-pollution-dans-le-secteur-des-transports-n-est-pas-celle-que-lon-croit\/#breadcrumb"},"inLanguage":"fr-FR","potentialAction":[{"@type":"ReadAction","target":["https:\/\/www.carideal.com\/blog\/2010\/06\/22\/la-pollution-dans-le-secteur-des-transports-n-est-pas-celle-que-lon-croit\/"]}]},{"@type":"BreadcrumbList","@id":"https:\/\/www.carideal.com\/blog\/2010\/06\/22\/la-pollution-dans-le-secteur-des-transports-n-est-pas-celle-que-lon-croit\/#breadcrumb","itemListElement":[{"@type":"ListItem","position":1,"name":"Blog Carid\u00e9al","item":"https:\/\/www.carideal.com\/blog\/"},{"@type":"ListItem","position":2,"name":"Ecologie","item":"https:\/\/www.carideal.com\/blog\/ecologie\/"},{"@type":"ListItem","position":3,"name":"La pollution dans le secteur des transports n est pas celle que lon croit"}]},{"@type":"WebSite","@id":"https:\/\/www.carideal.com\/blog\/#website","url":"https:\/\/www.carideal.com\/blog\/","name":"Blog auto Carid\u00e9al","description":"Actualit\u00e9 auto par des passionn\u00e9s","publisher":{"@id":"https:\/\/www.carideal.com\/blog\/#organization"},"potentialAction":[{"@type":"SearchAction","target":{"@type":"EntryPoint","urlTemplate":"https:\/\/www.carideal.com\/blog\/?s={search_term_string}"},"query-input":{"@type":"PropertyValueSpecification","valueRequired":true,"valueName":"search_term_string"}}],"inLanguage":"fr-FR"},{"@type":"Organization","@id":"https:\/\/www.carideal.com\/blog\/#organization","name":"Carideal","url":"https:\/\/www.carideal.com\/blog\/","logo":{"@type":"ImageObject","inLanguage":"fr-FR","@id":"https:\/\/www.carideal.com\/blog\/#\/schema\/logo\/image\/","url":"http:\/\/www.carideal.com\/blog\/wp-content\/uploads\/2016\/03\/logo-carideal-mandataire-automobile.png","contentUrl":"http:\/\/www.carideal.com\/blog\/wp-content\/uploads\/2016\/03\/logo-carideal-mandataire-automobile.png","width":300,"height":300,"caption":"Carideal"},"image":{"@id":"https:\/\/www.carideal.com\/blog\/#\/schema\/logo\/image\/"},"sameAs":["https:\/\/www.facebook.com\/Carideal.mandataire.automobile","https:\/\/x.com\/caridealauto","https:\/\/www.instagram.com\/carideal1\/","https:\/\/www.linkedin.com\/company\/carideal.com","https:\/\/fr.pinterest.com\/schiavonsas\/","https:\/\/www.youtube.com\/user\/caridealsas"]},{"@type":"Person","@id":"https:\/\/www.carideal.com\/blog\/#\/schema\/person\/985c7e757d1042d647f21bfaf8d41ebc","name":"N.S Carideal","image":{"@type":"ImageObject","inLanguage":"fr-FR","@id":"https:\/\/www.carideal.com\/blog\/#\/schema\/person\/image\/","url":"https:\/\/secure.gravatar.com\/avatar\/edb7ccdf1a4e3d14aef967760d354d0e?s=96&r=g","contentUrl":"https:\/\/secure.gravatar.com\/avatar\/edb7ccdf1a4e3d14aef967760d354d0e?s=96&r=g","caption":"N.S Carideal"},"description":"Depuis tout petit fan d'automobile. Il est question d'essayer et de comparer toutes ces voitures qui nous ont fait r\u00e9ver, avant que celles-ci ne devient uniquement des voitures de collection.","sameAs":["http:\/\/www.carideal.com\/blog","https:\/\/www.facebook.com\/Carideal.mandataire.automobile\/","https:\/\/www.linkedin.com\/in\/nschiavon\/","https:\/\/www.youtube.com\/user\/caridealsas\/"],"url":"https:\/\/www.carideal.com\/blog\/author\/admin_carideal\/"}]}},"uagb_featured_image_src":{"full":false,"thumbnail":false,"medium":false,"medium_large":false,"large":false,"1536x1536":false,"2048x2048":false,"wppr-widget":false},"uagb_author_info":{"display_name":"N.S Carideal","author_link":"https:\/\/www.carideal.com\/blog\/author\/admin_carideal\/"},"uagb_comment_info":0,"uagb_excerpt":"La pollution dans le secteur des transports n'est pas celle que lon croit Le gouvernement britannique a demand\u00e9 \u00e0 l'\u00e9conomiste Nicholas Stern de r\u00e9aliser une \u00e9tude sur le secteur des transports (voitures, v\u00e9hicules utilitaires et industriels, bateaux et avions). Cette \u00e9tude montre que ce secteur g\u00e9n\u00e8re en r\u00e9alit\u00e9 14 % des 42 millions de tonnes\u2026","_links":{"self":[{"href":"https:\/\/www.carideal.com\/blog\/wp-json\/wp\/v2\/posts\/171"}],"collection":[{"href":"https:\/\/www.carideal.com\/blog\/wp-json\/wp\/v2\/posts"}],"about":[{"href":"https:\/\/www.carideal.com\/blog\/wp-json\/wp\/v2\/types\/post"}],"author":[{"embeddable":true,"href":"https:\/\/www.carideal.com\/blog\/wp-json\/wp\/v2\/users\/1"}],"replies":[{"embeddable":true,"href":"https:\/\/www.carideal.com\/blog\/wp-json\/wp\/v2\/comments?post=171"}],"version-history":[{"count":0,"href":"https:\/\/www.carideal.com\/blog\/wp-json\/wp\/v2\/posts\/171\/revisions"}],"wp:attachment":[{"href":"https:\/\/www.carideal.com\/blog\/wp-json\/wp\/v2\/media?parent=171"}],"wp:term":[{"taxonomy":"category","embeddable":true,"href":"https:\/\/www.carideal.com\/blog\/wp-json\/wp\/v2\/categories?post=171"},{"taxonomy":"post_tag","embeddable":true,"href":"https:\/\/www.carideal.com\/blog\/wp-json\/wp\/v2\/tags?post=171"}],"curies":[{"name":"wp","href":"https:\/\/api.w.org\/{rel}","templated":true}]}}