{"id":17041,"date":"2018-03-18T10:47:52","date_gmt":"2018-03-18T09:47:52","guid":{"rendered":"http:\/\/www.carideal.com\/blog\/?p=17041"},"modified":"2018-03-18T10:47:52","modified_gmt":"2018-03-18T09:47:52","slug":"conduire-ferrari-275-gtb-travers-paris-a-230","status":"publish","type":"post","link":"https:\/\/www.carideal.com\/blog\/2018\/03\/18\/conduire-ferrari-275-gtb-travers-paris-a-230\/","title":{"rendered":"Conduire une Ferrari 275 GTB \u00e0 travers Paris \u00e0 230 km\/h"},"content":{"rendered":"<h2>Conduire une Ferrari 275 GTB \u00e0 travers Paris \u00e0 230 km\u00a0\/ h<\/h2>\n<p><strong>Un matin d'ao\u00fbt 1978, le cin\u00e9aste fran\u00e7ais Claude Lelouch monta une cam\u00e9ra gyrostabilis\u00e9e au pare-chocs d'une Ferrari 275 GTB et fit conduire un ami \u00e0 une vitesse vertigineuse au c\u0153ur de Paris.<\/strong><\/p>\n<h2>Le pitch de Rendez-vous<\/h2>\n<p>Un matin d'ao\u00fbt 1978, le cin\u00e9aste fran\u00e7ais Claude Lelouch monta une cam\u00e9ra gyrostabilis\u00e9e au pare-chocs d'une Ferrari 275 GTB et ... tout un ami, pilote professionnel de Formule 1, roulait \u00e0 toute allure au c\u0153ur de Paris . Le film \u00e9tait limit\u00e9 pour des raisons techniques \u00e0 10 minutes ; le\u00a0trajet\u00a0part de la porte Dauphine, passe par le Louvre,\u00a0puis la basilique du Sacr\u00e9-C\u0153ur.<br \/>\nAucune rue n'\u00e9tait ferm\u00e9e, car Lelouch n'\u00e9tait pas en mesure d'obtenir un permis.<br \/>\nLe conducteur a termin\u00e9 le parcours en environ 9 minutes, atteignant pr\u00e8s de 190 km\/h dans certains tron\u00e7ons. Le film r\u00e9v\u00e8le qu'il\u00a0grille de vraies\u00a0feux\u00a0rouges,\u00a0heurtant presque les pi\u00e9tons pour de vrai et conduisant \u00e0 l'envers dans de vraies rues \u00e0 sens unique.<br \/>\nApr\u00e8s avoir montr\u00e9 le film en public pour la premi\u00e8re fois, Lelouch a \u00e9t\u00e9 arr\u00eat\u00e9. Il n'a jamais r\u00e9v\u00e9l\u00e9 l'identit\u00e9 du conducteur, et le film est entr\u00e9 dans la clandestinit\u00e9 jusqu'\u00e0 la sortie d'un DVD il y a quelques ann\u00e9es.<\/p>\n<figure id=\"attachment_17044\" aria-describedby=\"caption-attachment-17044\" style=\"width: 304px\" class=\"wp-caption alignleft\"><a href=\"http:\/\/www.carideal.com\/blog\/wp-content\/uploads\/2018\/03\/rendez-vous-lelouch.jpg\"><img loading=\"lazy\" decoding=\"async\" class=\"size-full wp-image-17044\" src=\"http:\/\/www.carideal.com\/blog\/wp-content\/uploads\/2018\/03\/rendez-vous-lelouch.jpg\" alt=\"Travers\u00e9e de Paris en Ferrari 275 GTB en 1978 \u00e0 190 km\/h le film de Claude Lelouch\" width=\"314\" height=\"445\" srcset=\"https:\/\/www.carideal.com\/blog\/wp-content\/uploads\/2018\/03\/rendez-vous-lelouch.jpg 314w, https:\/\/www.carideal.com\/blog\/wp-content\/uploads\/2018\/03\/rendez-vous-lelouch-212x300.jpg 212w, https:\/\/www.carideal.com\/blog\/wp-content\/uploads\/2018\/03\/rendez-vous-lelouch-78x110.jpg 78w, https:\/\/www.carideal.com\/blog\/wp-content\/uploads\/2018\/03\/rendez-vous-lelouch-296x420.jpg 296w, https:\/\/www.carideal.com\/blog\/wp-content\/uploads\/2018\/03\/rendez-vous-lelouch-303x430.jpg 303w\" sizes=\"(max-width: 314px) 100vw, 314px\" \/><\/a><figcaption id=\"caption-attachment-17044\" class=\"wp-caption-text\">Travers\u00e9e de Paris en Ferrari 275 GTB en 1978 \u00e0 190 km\/h le film de Claude Lelouch<\/figcaption><\/figure>\n<p>Le film montre un parcours de huit minutes de route \u00e0 travers Paris \u00e0 l'aube (05:30)\u00a0un dimanche matin d'ao\u00fbt (quand tout Paris est en vacances), accompagn\u00e9 par des sons d'un moteur \u00e0 haut r\u00e9gime, des changements de vitesse et des crissements de pneus . Il commence dans un tunnel du p\u00e9riph\u00e9rique de Paris \u00e0 Porte Dauphine, avec une vue \u00e0 bord d'une voiture invisible qui sort sur une bretelle d'acc\u00e8s \u00e0 l'avenue Foch. Des sites bien connus comme l'Arc de Triomphe, l'Op\u00e9ra Garnier et la Place de la Concorde avec son ob\u00e9lisque sont pass\u00e9s, ainsi que les Champs-\u00c9lys\u00e9es. Les pi\u00e9tons sont pass\u00e9s, les pigeons assis dans les rues sont dispers\u00e9s, les\u00a0feux rouges sont ignor\u00e9es, les rues \u00e0 sens unique sont\u00a0prises dans le mauvais sens de circulation, les lignes blanches centrales sont franchies, la voiture roule sur le trottoir pour \u00e9viter un camion poubelle. La voiture n'est jamais vue car la cam\u00e9ra semble \u00eatre attach\u00e9e sous le pare-chocs avant (\u00e0 en juger par les positions relatives des autres voitures, le faisceau de phare visible et\u00a0la prise de vue finale lorsque la voiture est gar\u00e9e devant Montmartre, Basilique du Sacr\u00e9-C\u0153ur derri\u00e8re, et hors-champ). Ici, le conducteur sort et embrasse une jeune femme blonde avec des cloches en arri\u00e8re-plan, avec la c\u00e9l\u00e8bre toile de fond de Paris.<\/p>\n<h2>La r\u00e9alisation du Film Rendez-vous de Claude Lelouch<\/h2>\n<p>Tourn\u00e9 en une seule prise, c'est un exemple de cin\u00e9ma-v\u00e9rit\u00e9. La longueur du film a \u00e9t\u00e9 limit\u00e9e par la faible capacit\u00e9 de la bobine de film de 330\u00a0m\u00e8tres de long de 35mm, film\u00e9e \u00e0 partir d'une cam\u00e9ra (soi-disant) gyrostabilis\u00e9e mont\u00e9e sur le pare-chocs d'une <strong>Mercedes-Benz 450SEL 6.9<\/strong>. Une photo a fait surface qui semble r\u00e9v\u00e9ler un Eclair cam-flex 35mm avec un objectif grand angle, et un montage \"speed rail\" typique - sans gyros - sur une Mercedes. Ce mod\u00e8le, qui pouvait atteindre une vitesse de pointe de 235 km\/h, n'\u00e9tait disponible qu'avec une bo\u00eete automatique \u00e0 trois vitesses, mais on peut entendre les changements de vitesse en cinqui\u00e8me, ainsi que\u00a0des changements de raports \"talon pointe\",\u00a0se d\u00e9pla\u00e7ant dans les rues avec un moteur \u00e0 haut r\u00e9gime indiquant des vitesses bien sup\u00e9rieures \u00e0 200 km \/ h. Les calculs effectu\u00e9s par plusieurs groupes ind\u00e9pendants ont montr\u00e9 que la voiture n'a jamais d\u00e9pass\u00e9 140 km\/h. Lelouch a lui-m\u00eame affirm\u00e9 que la vitesse maximale atteinte se situait entre 230 km\/h et 240 km\/h. Lelouch a pr\u00e9tendu lors d'un documentaire \"making of\" que la bande-son \u00e9tait doubl\u00e9e avec le son de la <strong>Ferrari 275 GTB de Lelouch<\/strong>, qui a un nombre\u00a0de raports de boite correspondant et un son de moteur V12 distinct de tout V8, y compris le V8 de 6,9 litres de la pr\u00e9tendue voiture de la Mercedes \u00e0 la cam\u00e9ra.<\/p>\n<h2>La vid\u00e9o<\/h2>\n<p><iframe loading=\"lazy\" src=\"https:\/\/player.vimeo.com\/video\/34039780\" width=\"640\" height=\"376\" frameborder=\"0\" allowfullscreen=\"allowfullscreen\"><\/iframe><br \/>\nConduire une Ferrari 275 GTB \u00e0 travers Paris \u00e0 230 km\/h<\/p>\n<h2>La r\u00e9alit\u00e9 dans le making-of<\/h2>\n<p>Un documentaire de making-of\u00a0du <strong>film Rendez-Vous<\/strong> Indique que Lelouch \u00e9tait lui-m\u00eame le conducteur, et que la voiture conduite \u00e9tait la <a href=\"http:\/\/www.carideal.com\/blog\/marque-de-voiture-actualites-essais\/mercedes\/\">Mercedes<\/a>, bien que la bande sonore soit d'une <a href=\"http:\/\/www.carideal.com\/blog\/marque-de-voiture-actualites-essais\/ferrari\/\">Ferrari<\/a>. Sur le parcours choisi, il y avait deux personnes qui attendaient Lelouch. Il y avait d'abord \u00c9lie Chouraqui, son premier assistant, qui \u00e9tait post\u00e9 avec un talkie-walkie dans la rue de Rivoli, derri\u00e8re l'arche sortant des jardins du palais du Louvre, ce qui\u00a0devait aider le conducteur \u00e0 franchir le seul croisement\u00a0aveugle ; Cependant, Lelouch a r\u00e9v\u00e9l\u00e9 que les radios n'ont pas fonctionn\u00e9es, et si Chouraqui avait essay\u00e9 de l'avertir de la pr\u00e9sence d'un pi\u00e9ton, le message n'aurait pas \u00e9t\u00e9 re\u00e7u. Quoi qu'il en soit, le feu de circulation \u00e0 cette intersection \u00e9tait vert. L'autre personne qui \u00e9tait au courant de son arriv\u00e9e \u00e9tait Gunilla Friden, la petite amie de Lelouch. Il lui avait dit qu'il arriverait dans les dix minutes au Sacr\u00e9-C\u0153ur et lui avait demand\u00e9 de se pr\u00e9senter \u00e0 son arriv\u00e9e.<\/p>\n","protected":false},"excerpt":{"rendered":"<p>Conduire une Ferrari 275 GTB \u00e0 travers Paris \u00e0 230 km\u00a0\/ h Un matin d&rsquo;ao\u00fbt 1978, le cin\u00e9aste fran\u00e7ais Claude Lelouch monta une cam\u00e9ra gyrostabilis\u00e9e au pare-chocs d&rsquo;une Ferrari 275 GTB et fit conduire un ami \u00e0 une vitesse vertigineuse au c\u0153ur de Paris. Le pitch de Rendez-vous Un matin d&rsquo;ao\u00fbt 1978, le cin\u00e9aste fran\u00e7ais &#8230; <a title=\"Conduire une Ferrari 275 GTB \u00e0 travers Paris \u00e0 230 km\/h\" class=\"read-more\" href=\"https:\/\/www.carideal.com\/blog\/2018\/03\/18\/conduire-ferrari-275-gtb-travers-paris-a-230\/\" aria-label=\"En savoir plus sur Conduire une Ferrari 275 GTB \u00e0 travers Paris \u00e0 230 km\/h\">Lire plus<\/a><\/p>\n","protected":false},"author":3,"featured_media":17043,"comment_status":"open","ping_status":"open","sticky":false,"template":"","format":"standard","meta":{"_uag_custom_page_level_css":"","_themeisle_gutenberg_block_has_review":false,"footnotes":""},"categories":[9,5994,18],"tags":[2634],"class_list":["post-17041","post","type-post","status-publish","format-standard","has-post-thumbnail","hentry","category-divers","category-fun","category-videos","tag-v12"],"wppr_data":{"cwp_meta_box_check":"No"},"yoast_head":"<!-- This site is optimized with the Yoast SEO plugin v24.8.1 - https:\/\/yoast.com\/wordpress\/plugins\/seo\/ -->\n<title>Conduire une Ferrari 275 GTB \u00e0 travers Paris \u00e0 230 km\/h - Blog auto Carid\u00e9al<\/title>\n<meta name=\"description\" content=\"Rendez-vous de Claude Lelouch est sans aucun doute le premier, et l&#039;un des films et vid\u00e9os de voitures virales les plus influents de tous les temps. \u00c0 Paris, en 1978 la fameuse course ill\u00e9gale \u00e0 grande vitesse de Lelouch \u00e0 bord de sa Ferrari 275 GTB \u00e0 travers la ville, d\u00e9taillant les coulisses de la course.\" \/>\n<meta name=\"robots\" content=\"index, follow, max-snippet:-1, max-image-preview:large, max-video-preview:-1\" \/>\n<link rel=\"canonical\" href=\"https:\/\/www.carideal.com\/blog\/2018\/03\/18\/conduire-ferrari-275-gtb-travers-paris-a-230\/\" \/>\n<meta property=\"og:locale\" content=\"fr_FR\" \/>\n<meta property=\"og:type\" content=\"article\" \/>\n<meta property=\"og:title\" content=\"Conduire une Ferrari 275 GTB \u00e0 travers Paris \u00e0 230 km\/h - Blog auto Carid\u00e9al\" \/>\n<meta property=\"og:description\" content=\"Rendez-vous de Claude Lelouch est sans aucun doute le premier, et l&#039;un des films et vid\u00e9os de voitures virales les plus influents de tous les temps. \u00c0 Paris, en 1978 la fameuse course ill\u00e9gale \u00e0 grande vitesse de Lelouch \u00e0 bord de sa Ferrari 275 GTB \u00e0 travers la ville, d\u00e9taillant les coulisses de la course.\" \/>\n<meta property=\"og:url\" content=\"https:\/\/www.carideal.com\/blog\/2018\/03\/18\/conduire-ferrari-275-gtb-travers-paris-a-230\/\" \/>\n<meta property=\"og:site_name\" content=\"Blog auto Carid\u00e9al\" \/>\n<meta property=\"article:publisher\" content=\"https:\/\/www.facebook.com\/Carideal.mandataire.automobile\" \/>\n<meta property=\"article:author\" content=\"https:\/\/www.facebook.com\/nicolas.schiavon.39\" \/>\n<meta property=\"article:published_time\" content=\"2018-03-18T09:47:52+00:00\" \/>\n<meta property=\"og:image\" content=\"https:\/\/www.carideal.com\/blog\/wp-content\/uploads\/2018\/03\/rendezvous-paris-ferrari.jpg\" \/>\n\t<meta property=\"og:image:width\" content=\"680\" \/>\n\t<meta property=\"og:image:height\" content=\"512\" \/>\n\t<meta property=\"og:image:type\" content=\"image\/jpeg\" \/>\n<meta name=\"author\" content=\"Nicolas SCHIAVON\" \/>\n<meta name=\"twitter:card\" content=\"summary_large_image\" \/>\n<meta name=\"twitter:creator\" content=\"@caridealauto\" \/>\n<meta name=\"twitter:site\" content=\"@caridealauto\" \/>\n<meta name=\"twitter:label1\" content=\"\u00c9crit par\" \/>\n\t<meta name=\"twitter:data1\" content=\"Nicolas SCHIAVON\" \/>\n\t<meta name=\"twitter:label2\" content=\"Dur\u00e9e de lecture estim\u00e9e\" \/>\n\t<meta name=\"twitter:data2\" content=\"5 minutes\" \/>\n<script type=\"application\/ld+json\" class=\"yoast-schema-graph\">{\"@context\":\"https:\/\/schema.org\",\"@graph\":[{\"@type\":\"Article\",\"@id\":\"https:\/\/www.carideal.com\/blog\/2018\/03\/18\/conduire-ferrari-275-gtb-travers-paris-a-230\/#article\",\"isPartOf\":{\"@id\":\"https:\/\/www.carideal.com\/blog\/2018\/03\/18\/conduire-ferrari-275-gtb-travers-paris-a-230\/\"},\"author\":{\"name\":\"Nicolas SCHIAVON\",\"@id\":\"https:\/\/www.carideal.com\/blog\/#\/schema\/person\/cd95dc7919660de90d31b366f85be1ec\"},\"headline\":\"Conduire une Ferrari 275 GTB \u00e0 travers Paris \u00e0 230 km\/h\",\"datePublished\":\"2018-03-18T09:47:52+00:00\",\"mainEntityOfPage\":{\"@id\":\"https:\/\/www.carideal.com\/blog\/2018\/03\/18\/conduire-ferrari-275-gtb-travers-paris-a-230\/\"},\"wordCount\":927,\"commentCount\":1,\"publisher\":{\"@id\":\"https:\/\/www.carideal.com\/blog\/#organization\"},\"image\":{\"@id\":\"https:\/\/www.carideal.com\/blog\/2018\/03\/18\/conduire-ferrari-275-gtb-travers-paris-a-230\/#primaryimage\"},\"thumbnailUrl\":\"https:\/\/www.carideal.com\/blog\/wp-content\/uploads\/2018\/03\/rendezvous-paris-ferrari.jpg\",\"keywords\":[\"Moteur V12\"],\"articleSection\":[\"Divers\",\"Fun\",\"Vid\u00e9o voiture : vid\u00e9o automobile\"],\"inLanguage\":\"fr-FR\",\"potentialAction\":[{\"@type\":\"CommentAction\",\"name\":\"Comment\",\"target\":[\"https:\/\/www.carideal.com\/blog\/2018\/03\/18\/conduire-ferrari-275-gtb-travers-paris-a-230\/#respond\"]}]},{\"@type\":\"WebPage\",\"@id\":\"https:\/\/www.carideal.com\/blog\/2018\/03\/18\/conduire-ferrari-275-gtb-travers-paris-a-230\/\",\"url\":\"https:\/\/www.carideal.com\/blog\/2018\/03\/18\/conduire-ferrari-275-gtb-travers-paris-a-230\/\",\"name\":\"Conduire une Ferrari 275 GTB \u00e0 travers Paris \u00e0 230 km\/h - Blog auto Carid\u00e9al\",\"isPartOf\":{\"@id\":\"https:\/\/www.carideal.com\/blog\/#website\"},\"primaryImageOfPage\":{\"@id\":\"https:\/\/www.carideal.com\/blog\/2018\/03\/18\/conduire-ferrari-275-gtb-travers-paris-a-230\/#primaryimage\"},\"image\":{\"@id\":\"https:\/\/www.carideal.com\/blog\/2018\/03\/18\/conduire-ferrari-275-gtb-travers-paris-a-230\/#primaryimage\"},\"thumbnailUrl\":\"https:\/\/www.carideal.com\/blog\/wp-content\/uploads\/2018\/03\/rendezvous-paris-ferrari.jpg\",\"datePublished\":\"2018-03-18T09:47:52+00:00\",\"description\":\"Rendez-vous de Claude Lelouch est sans aucun doute le premier, et l'un des films et vid\u00e9os de voitures virales les plus influents de tous les temps. \u00c0 Paris, en 1978 la fameuse course ill\u00e9gale \u00e0 grande vitesse de Lelouch \u00e0 bord de sa Ferrari 275 GTB \u00e0 travers la ville, d\u00e9taillant les coulisses de la course.\",\"breadcrumb\":{\"@id\":\"https:\/\/www.carideal.com\/blog\/2018\/03\/18\/conduire-ferrari-275-gtb-travers-paris-a-230\/#breadcrumb\"},\"inLanguage\":\"fr-FR\",\"potentialAction\":[{\"@type\":\"ReadAction\",\"target\":[\"https:\/\/www.carideal.com\/blog\/2018\/03\/18\/conduire-ferrari-275-gtb-travers-paris-a-230\/\"]}]},{\"@type\":\"ImageObject\",\"inLanguage\":\"fr-FR\",\"@id\":\"https:\/\/www.carideal.com\/blog\/2018\/03\/18\/conduire-ferrari-275-gtb-travers-paris-a-230\/#primaryimage\",\"url\":\"https:\/\/www.carideal.com\/blog\/wp-content\/uploads\/2018\/03\/rendezvous-paris-ferrari.jpg\",\"contentUrl\":\"https:\/\/www.carideal.com\/blog\/wp-content\/uploads\/2018\/03\/rendezvous-paris-ferrari.jpg\",\"width\":680,\"height\":512,\"caption\":\"Rendez-vous le film de Claude Lelouch sur la travers\u00e9e de Paris en 1978 \u00e0 bord d'une Ferrari 275 GTB \u00e0 190 km\/h\"},{\"@type\":\"BreadcrumbList\",\"@id\":\"https:\/\/www.carideal.com\/blog\/2018\/03\/18\/conduire-ferrari-275-gtb-travers-paris-a-230\/#breadcrumb\",\"itemListElement\":[{\"@type\":\"ListItem\",\"position\":1,\"name\":\"Blog Carid\u00e9al\",\"item\":\"https:\/\/www.carideal.com\/blog\/\"},{\"@type\":\"ListItem\",\"position\":2,\"name\":\"Divers\",\"item\":\"https:\/\/www.carideal.com\/blog\/divers\/\"},{\"@type\":\"ListItem\",\"position\":3,\"name\":\"Fun\",\"item\":\"https:\/\/www.carideal.com\/blog\/divers\/fun\/\"},{\"@type\":\"ListItem\",\"position\":4,\"name\":\"Conduire une Ferrari 275 GTB \u00e0 travers Paris \u00e0 230 km\/h\"}]},{\"@type\":\"WebSite\",\"@id\":\"https:\/\/www.carideal.com\/blog\/#website\",\"url\":\"https:\/\/www.carideal.com\/blog\/\",\"name\":\"Blog auto Carid\u00e9al\",\"description\":\"Actualit\u00e9 auto par des passionn\u00e9s\",\"publisher\":{\"@id\":\"https:\/\/www.carideal.com\/blog\/#organization\"},\"potentialAction\":[{\"@type\":\"SearchAction\",\"target\":{\"@type\":\"EntryPoint\",\"urlTemplate\":\"https:\/\/www.carideal.com\/blog\/?s={search_term_string}\"},\"query-input\":{\"@type\":\"PropertyValueSpecification\",\"valueRequired\":true,\"valueName\":\"search_term_string\"}}],\"inLanguage\":\"fr-FR\"},{\"@type\":\"Organization\",\"@id\":\"https:\/\/www.carideal.com\/blog\/#organization\",\"name\":\"Carideal\",\"url\":\"https:\/\/www.carideal.com\/blog\/\",\"logo\":{\"@type\":\"ImageObject\",\"inLanguage\":\"fr-FR\",\"@id\":\"https:\/\/www.carideal.com\/blog\/#\/schema\/logo\/image\/\",\"url\":\"http:\/\/www.carideal.com\/blog\/wp-content\/uploads\/2016\/03\/logo-carideal-mandataire-automobile.png\",\"contentUrl\":\"http:\/\/www.carideal.com\/blog\/wp-content\/uploads\/2016\/03\/logo-carideal-mandataire-automobile.png\",\"width\":300,\"height\":300,\"caption\":\"Carideal\"},\"image\":{\"@id\":\"https:\/\/www.carideal.com\/blog\/#\/schema\/logo\/image\/\"},\"sameAs\":[\"https:\/\/www.facebook.com\/Carideal.mandataire.automobile\",\"https:\/\/x.com\/caridealauto\",\"https:\/\/www.instagram.com\/carideal1\/\",\"https:\/\/www.linkedin.com\/company\/carideal.com\",\"https:\/\/fr.pinterest.com\/schiavonsas\/\",\"https:\/\/www.youtube.com\/user\/caridealsas\"]},{\"@type\":\"Person\",\"@id\":\"https:\/\/www.carideal.com\/blog\/#\/schema\/person\/cd95dc7919660de90d31b366f85be1ec\",\"name\":\"Nicolas SCHIAVON\",\"image\":{\"@type\":\"ImageObject\",\"inLanguage\":\"fr-FR\",\"@id\":\"https:\/\/www.carideal.com\/blog\/#\/schema\/person\/image\/\",\"url\":\"https:\/\/secure.gravatar.com\/avatar\/c17e55009e671d92cc7f5dc837dc418a?s=96&r=g\",\"contentUrl\":\"https:\/\/secure.gravatar.com\/avatar\/c17e55009e671d92cc7f5dc837dc418a?s=96&r=g\",\"caption\":\"Nicolas SCHIAVON\"},\"description\":\"Nicolas Schiavon est tomb\u00e9 tout petit dans la marmite automobile. Ayant eu un garage de marque automobile, mandataire automobile de la premi\u00e8re heure d\u00e8s 1999. Nicolas a cr\u00e9\u00e9 ces premiers sites de vente de voiture et blog automobile d\u00e8s 1994. Carideal est n\u00e9 le 15 d\u00e9cembre 2000 de la volont\u00e9 de vendre des voitures d'occasions en ligne puis des voitures neuves. Il a pu essayer beaucoup de voitures tr\u00e8s diff\u00e9rentes et ayant eu personnellement quelques belles autos, Subaru Impreza, Mitsubishi Lancer Evo 7, Porsche 911, Ferrari Testarrossa, Audi RS3, RS4 et j'en passe...\",\"sameAs\":[\"http:\/\/www.carideal.com\",\"https:\/\/www.facebook.com\/nicolas.schiavon.39\",\"https:\/\/www.instagram.com\/carideal1\/\",\"https:\/\/www.linkedin.com\/in\/nschiavon\/\",\"https:\/\/x.com\/caridealauto\",\"https:\/\/www.youtube.com\/user\/caridealsas\/\"],\"url\":\"https:\/\/www.carideal.com\/blog\/author\/nschiavon\/\"}]}<\/script>\n<!-- \/ Yoast SEO plugin. -->","yoast_head_json":{"title":"Conduire une Ferrari 275 GTB \u00e0 travers Paris \u00e0 230 km\/h - Blog auto Carid\u00e9al","description":"Rendez-vous de Claude Lelouch est sans aucun doute le premier, et l'un des films et vid\u00e9os de voitures virales les plus influents de tous les temps. \u00c0 Paris, en 1978 la fameuse course ill\u00e9gale \u00e0 grande vitesse de Lelouch \u00e0 bord de sa Ferrari 275 GTB \u00e0 travers la ville, d\u00e9taillant les coulisses de la course.","robots":{"index":"index","follow":"follow","max-snippet":"max-snippet:-1","max-image-preview":"max-image-preview:large","max-video-preview":"max-video-preview:-1"},"canonical":"https:\/\/www.carideal.com\/blog\/2018\/03\/18\/conduire-ferrari-275-gtb-travers-paris-a-230\/","og_locale":"fr_FR","og_type":"article","og_title":"Conduire une Ferrari 275 GTB \u00e0 travers Paris \u00e0 230 km\/h - Blog auto Carid\u00e9al","og_description":"Rendez-vous de Claude Lelouch est sans aucun doute le premier, et l'un des films et vid\u00e9os de voitures virales les plus influents de tous les temps. \u00c0 Paris, en 1978 la fameuse course ill\u00e9gale \u00e0 grande vitesse de Lelouch \u00e0 bord de sa Ferrari 275 GTB \u00e0 travers la ville, d\u00e9taillant les coulisses de la course.","og_url":"https:\/\/www.carideal.com\/blog\/2018\/03\/18\/conduire-ferrari-275-gtb-travers-paris-a-230\/","og_site_name":"Blog auto Carid\u00e9al","article_publisher":"https:\/\/www.facebook.com\/Carideal.mandataire.automobile","article_author":"https:\/\/www.facebook.com\/nicolas.schiavon.39","article_published_time":"2018-03-18T09:47:52+00:00","og_image":[{"width":680,"height":512,"url":"https:\/\/www.carideal.com\/blog\/wp-content\/uploads\/2018\/03\/rendezvous-paris-ferrari.jpg","type":"image\/jpeg"}],"author":"Nicolas SCHIAVON","twitter_card":"summary_large_image","twitter_creator":"@caridealauto","twitter_site":"@caridealauto","twitter_misc":{"\u00c9crit par":"Nicolas SCHIAVON","Dur\u00e9e de lecture estim\u00e9e":"5 minutes"},"schema":{"@context":"https:\/\/schema.org","@graph":[{"@type":"Article","@id":"https:\/\/www.carideal.com\/blog\/2018\/03\/18\/conduire-ferrari-275-gtb-travers-paris-a-230\/#article","isPartOf":{"@id":"https:\/\/www.carideal.com\/blog\/2018\/03\/18\/conduire-ferrari-275-gtb-travers-paris-a-230\/"},"author":{"name":"Nicolas SCHIAVON","@id":"https:\/\/www.carideal.com\/blog\/#\/schema\/person\/cd95dc7919660de90d31b366f85be1ec"},"headline":"Conduire une Ferrari 275 GTB \u00e0 travers Paris \u00e0 230 km\/h","datePublished":"2018-03-18T09:47:52+00:00","mainEntityOfPage":{"@id":"https:\/\/www.carideal.com\/blog\/2018\/03\/18\/conduire-ferrari-275-gtb-travers-paris-a-230\/"},"wordCount":927,"commentCount":1,"publisher":{"@id":"https:\/\/www.carideal.com\/blog\/#organization"},"image":{"@id":"https:\/\/www.carideal.com\/blog\/2018\/03\/18\/conduire-ferrari-275-gtb-travers-paris-a-230\/#primaryimage"},"thumbnailUrl":"https:\/\/www.carideal.com\/blog\/wp-content\/uploads\/2018\/03\/rendezvous-paris-ferrari.jpg","keywords":["Moteur V12"],"articleSection":["Divers","Fun","Vid\u00e9o voiture : vid\u00e9o automobile"],"inLanguage":"fr-FR","potentialAction":[{"@type":"CommentAction","name":"Comment","target":["https:\/\/www.carideal.com\/blog\/2018\/03\/18\/conduire-ferrari-275-gtb-travers-paris-a-230\/#respond"]}]},{"@type":"WebPage","@id":"https:\/\/www.carideal.com\/blog\/2018\/03\/18\/conduire-ferrari-275-gtb-travers-paris-a-230\/","url":"https:\/\/www.carideal.com\/blog\/2018\/03\/18\/conduire-ferrari-275-gtb-travers-paris-a-230\/","name":"Conduire une Ferrari 275 GTB \u00e0 travers Paris \u00e0 230 km\/h - Blog auto Carid\u00e9al","isPartOf":{"@id":"https:\/\/www.carideal.com\/blog\/#website"},"primaryImageOfPage":{"@id":"https:\/\/www.carideal.com\/blog\/2018\/03\/18\/conduire-ferrari-275-gtb-travers-paris-a-230\/#primaryimage"},"image":{"@id":"https:\/\/www.carideal.com\/blog\/2018\/03\/18\/conduire-ferrari-275-gtb-travers-paris-a-230\/#primaryimage"},"thumbnailUrl":"https:\/\/www.carideal.com\/blog\/wp-content\/uploads\/2018\/03\/rendezvous-paris-ferrari.jpg","datePublished":"2018-03-18T09:47:52+00:00","description":"Rendez-vous de Claude Lelouch est sans aucun doute le premier, et l'un des films et vid\u00e9os de voitures virales les plus influents de tous les temps. \u00c0 Paris, en 1978 la fameuse course ill\u00e9gale \u00e0 grande vitesse de Lelouch \u00e0 bord de sa Ferrari 275 GTB \u00e0 travers la ville, d\u00e9taillant les coulisses de la course.","breadcrumb":{"@id":"https:\/\/www.carideal.com\/blog\/2018\/03\/18\/conduire-ferrari-275-gtb-travers-paris-a-230\/#breadcrumb"},"inLanguage":"fr-FR","potentialAction":[{"@type":"ReadAction","target":["https:\/\/www.carideal.com\/blog\/2018\/03\/18\/conduire-ferrari-275-gtb-travers-paris-a-230\/"]}]},{"@type":"ImageObject","inLanguage":"fr-FR","@id":"https:\/\/www.carideal.com\/blog\/2018\/03\/18\/conduire-ferrari-275-gtb-travers-paris-a-230\/#primaryimage","url":"https:\/\/www.carideal.com\/blog\/wp-content\/uploads\/2018\/03\/rendezvous-paris-ferrari.jpg","contentUrl":"https:\/\/www.carideal.com\/blog\/wp-content\/uploads\/2018\/03\/rendezvous-paris-ferrari.jpg","width":680,"height":512,"caption":"Rendez-vous le film de Claude Lelouch sur la travers\u00e9e de Paris en 1978 \u00e0 bord d'une Ferrari 275 GTB \u00e0 190 km\/h"},{"@type":"BreadcrumbList","@id":"https:\/\/www.carideal.com\/blog\/2018\/03\/18\/conduire-ferrari-275-gtb-travers-paris-a-230\/#breadcrumb","itemListElement":[{"@type":"ListItem","position":1,"name":"Blog Carid\u00e9al","item":"https:\/\/www.carideal.com\/blog\/"},{"@type":"ListItem","position":2,"name":"Divers","item":"https:\/\/www.carideal.com\/blog\/divers\/"},{"@type":"ListItem","position":3,"name":"Fun","item":"https:\/\/www.carideal.com\/blog\/divers\/fun\/"},{"@type":"ListItem","position":4,"name":"Conduire une Ferrari 275 GTB \u00e0 travers Paris \u00e0 230 km\/h"}]},{"@type":"WebSite","@id":"https:\/\/www.carideal.com\/blog\/#website","url":"https:\/\/www.carideal.com\/blog\/","name":"Blog auto Carid\u00e9al","description":"Actualit\u00e9 auto par des passionn\u00e9s","publisher":{"@id":"https:\/\/www.carideal.com\/blog\/#organization"},"potentialAction":[{"@type":"SearchAction","target":{"@type":"EntryPoint","urlTemplate":"https:\/\/www.carideal.com\/blog\/?s={search_term_string}"},"query-input":{"@type":"PropertyValueSpecification","valueRequired":true,"valueName":"search_term_string"}}],"inLanguage":"fr-FR"},{"@type":"Organization","@id":"https:\/\/www.carideal.com\/blog\/#organization","name":"Carideal","url":"https:\/\/www.carideal.com\/blog\/","logo":{"@type":"ImageObject","inLanguage":"fr-FR","@id":"https:\/\/www.carideal.com\/blog\/#\/schema\/logo\/image\/","url":"http:\/\/www.carideal.com\/blog\/wp-content\/uploads\/2016\/03\/logo-carideal-mandataire-automobile.png","contentUrl":"http:\/\/www.carideal.com\/blog\/wp-content\/uploads\/2016\/03\/logo-carideal-mandataire-automobile.png","width":300,"height":300,"caption":"Carideal"},"image":{"@id":"https:\/\/www.carideal.com\/blog\/#\/schema\/logo\/image\/"},"sameAs":["https:\/\/www.facebook.com\/Carideal.mandataire.automobile","https:\/\/x.com\/caridealauto","https:\/\/www.instagram.com\/carideal1\/","https:\/\/www.linkedin.com\/company\/carideal.com","https:\/\/fr.pinterest.com\/schiavonsas\/","https:\/\/www.youtube.com\/user\/caridealsas"]},{"@type":"Person","@id":"https:\/\/www.carideal.com\/blog\/#\/schema\/person\/cd95dc7919660de90d31b366f85be1ec","name":"Nicolas SCHIAVON","image":{"@type":"ImageObject","inLanguage":"fr-FR","@id":"https:\/\/www.carideal.com\/blog\/#\/schema\/person\/image\/","url":"https:\/\/secure.gravatar.com\/avatar\/c17e55009e671d92cc7f5dc837dc418a?s=96&r=g","contentUrl":"https:\/\/secure.gravatar.com\/avatar\/c17e55009e671d92cc7f5dc837dc418a?s=96&r=g","caption":"Nicolas SCHIAVON"},"description":"Nicolas Schiavon est tomb\u00e9 tout petit dans la marmite automobile. Ayant eu un garage de marque automobile, mandataire automobile de la premi\u00e8re heure d\u00e8s 1999. Nicolas a cr\u00e9\u00e9 ces premiers sites de vente de voiture et blog automobile d\u00e8s 1994. Carideal est n\u00e9 le 15 d\u00e9cembre 2000 de la volont\u00e9 de vendre des voitures d'occasions en ligne puis des voitures neuves. Il a pu essayer beaucoup de voitures tr\u00e8s diff\u00e9rentes et ayant eu personnellement quelques belles autos, Subaru Impreza, Mitsubishi Lancer Evo 7, Porsche 911, Ferrari Testarrossa, Audi RS3, RS4 et j'en passe...","sameAs":["http:\/\/www.carideal.com","https:\/\/www.facebook.com\/nicolas.schiavon.39","https:\/\/www.instagram.com\/carideal1\/","https:\/\/www.linkedin.com\/in\/nschiavon\/","https:\/\/x.com\/caridealauto","https:\/\/www.youtube.com\/user\/caridealsas\/"],"url":"https:\/\/www.carideal.com\/blog\/author\/nschiavon\/"}]}},"uagb_featured_image_src":{"full":["https:\/\/www.carideal.com\/blog\/wp-content\/uploads\/2018\/03\/rendezvous-paris-ferrari.jpg",680,512,false],"thumbnail":["https:\/\/www.carideal.com\/blog\/wp-content\/uploads\/2018\/03\/rendezvous-paris-ferrari-150x150.jpg",150,150,true],"medium":["https:\/\/www.carideal.com\/blog\/wp-content\/uploads\/2018\/03\/rendezvous-paris-ferrari-300x226.jpg",300,226,true],"medium_large":["https:\/\/www.carideal.com\/blog\/wp-content\/uploads\/2018\/03\/rendezvous-paris-ferrari.jpg",680,512,false],"large":["https:\/\/www.carideal.com\/blog\/wp-content\/uploads\/2018\/03\/rendezvous-paris-ferrari.jpg",680,512,false],"1536x1536":["https:\/\/www.carideal.com\/blog\/wp-content\/uploads\/2018\/03\/rendezvous-paris-ferrari.jpg",680,512,false],"2048x2048":["https:\/\/www.carideal.com\/blog\/wp-content\/uploads\/2018\/03\/rendezvous-paris-ferrari.jpg",680,512,false],"wppr-widget":["https:\/\/www.carideal.com\/blog\/wp-content\/uploads\/2018\/03\/rendezvous-paris-ferrari.jpg",50,38,false]},"uagb_author_info":{"display_name":"Nicolas SCHIAVON","author_link":"https:\/\/www.carideal.com\/blog\/author\/nschiavon\/"},"uagb_comment_info":1,"uagb_excerpt":"Conduire une Ferrari 275 GTB \u00e0 travers Paris \u00e0 230 km\u00a0\/ h Un matin d'ao\u00fbt 1978, le cin\u00e9aste fran\u00e7ais Claude Lelouch monta une cam\u00e9ra gyrostabilis\u00e9e au pare-chocs d'une Ferrari 275 GTB et fit conduire un ami \u00e0 une vitesse vertigineuse au c\u0153ur de Paris. Le pitch de Rendez-vous Un matin d'ao\u00fbt 1978, le cin\u00e9aste fran\u00e7ais\u2026","_links":{"self":[{"href":"https:\/\/www.carideal.com\/blog\/wp-json\/wp\/v2\/posts\/17041"}],"collection":[{"href":"https:\/\/www.carideal.com\/blog\/wp-json\/wp\/v2\/posts"}],"about":[{"href":"https:\/\/www.carideal.com\/blog\/wp-json\/wp\/v2\/types\/post"}],"author":[{"embeddable":true,"href":"https:\/\/www.carideal.com\/blog\/wp-json\/wp\/v2\/users\/3"}],"replies":[{"embeddable":true,"href":"https:\/\/www.carideal.com\/blog\/wp-json\/wp\/v2\/comments?post=17041"}],"version-history":[{"count":0,"href":"https:\/\/www.carideal.com\/blog\/wp-json\/wp\/v2\/posts\/17041\/revisions"}],"wp:featuredmedia":[{"embeddable":true,"href":"https:\/\/www.carideal.com\/blog\/wp-json\/wp\/v2\/media\/17043"}],"wp:attachment":[{"href":"https:\/\/www.carideal.com\/blog\/wp-json\/wp\/v2\/media?parent=17041"}],"wp:term":[{"taxonomy":"category","embeddable":true,"href":"https:\/\/www.carideal.com\/blog\/wp-json\/wp\/v2\/categories?post=17041"},{"taxonomy":"post_tag","embeddable":true,"href":"https:\/\/www.carideal.com\/blog\/wp-json\/wp\/v2\/tags?post=17041"}],"curies":[{"name":"wp","href":"https:\/\/api.w.org\/{rel}","templated":true}]}}