{"id":1700,"date":"2009-06-25T15:01:00","date_gmt":"2009-06-25T15:01:00","guid":{"rendered":"http:\/\/carideal.com\/blog\/?p=1700"},"modified":"2020-06-08T13:35:16","modified_gmt":"2020-06-08T11:35:16","slug":"la-formule-1-se-dechire-au-tribunal","status":"publish","type":"post","link":"https:\/\/www.carideal.com\/blog\/2009\/06\/25\/la-formule-1-se-dechire-au-tribunal\/","title":{"rendered":"La formule 1 se d\u00e9chire au tribunal"},"content":{"rendered":"\n<h2 class=\"wp-block-heading\">La formule 1 se d\u00e9chire au tribunal<\/h2>\n\n\n\n<p>C'est digne de Dallas avec ses JR et Sue Ellen, l\u00e0 on est face \u00e0 <a href=\"http:\/\/www.carideal.com\/blog\/marque-de-voiture-actualites-essais\/ferrari\/\">Ferrari<\/a>, la\u00a0FIA la\u00a0FOTA\u00a0Max Mosley et Bernie Ecclestone. L'\u00e9curie Ferrari a annonc\u00e9 qu'elle attaque la FIA en justice, tandis que la FIA elle, attaque la Fota (association des constructeurs de F1). Huit \u00e9curies sont partantes pour se retirer du championnat du monde de\u00a0F1 en 2010 ! Quel Camouflet pour la FIA !<\/p>\n\n\n\n<figure class=\"wp-block-image size-full\"><img loading=\"lazy\" decoding=\"async\" width=\"595\" height=\"335\" src=\"http:\/\/www.carideal.com\/blog\/wp-content\/uploads\/2020\/06\/formule-1-dechire-tribunal-2009.jpg\" alt=\"La formule 1 se d\u00e9chire au tribunal\" class=\"wp-image-25501\" srcset=\"https:\/\/www.carideal.com\/blog\/wp-content\/uploads\/2020\/06\/formule-1-dechire-tribunal-2009.jpg 595w, https:\/\/www.carideal.com\/blog\/wp-content\/uploads\/2020\/06\/formule-1-dechire-tribunal-2009-300x169.jpg 300w, https:\/\/www.carideal.com\/blog\/wp-content\/uploads\/2020\/06\/formule-1-dechire-tribunal-2009-50x28.jpg 50w, https:\/\/www.carideal.com\/blog\/wp-content\/uploads\/2020\/06\/formule-1-dechire-tribunal-2009-110x62.jpg 110w, https:\/\/www.carideal.com\/blog\/wp-content\/uploads\/2020\/06\/formule-1-dechire-tribunal-2009-420x236.jpg 420w\" sizes=\"(max-width: 595px) 100vw, 595px\" \/><figcaption>La formule 1 se d\u00e9chire au tribunal<\/figcaption><\/figure>\n\n\n\n<h2 class=\"wp-block-heading\">Peser les rivaux de la F1<\/h2>\n\n\n\n<p>L'annonce par huit des dix \u00e9quipes de Formule 1 de leur intention d'aller de l'avant avec leur projet de cr\u00e9ation d'un championnat \u00e9chappatoire l'ann\u00e9e prochaine signifie que le sport est pr\u00eat pour un \u00e9t\u00e9 de batailles politiques intenses.<\/p>\n\n\n\n<p>Malgr\u00e9 la menace du groupe de coordination des \u00e9quipes, les \u00e9quipes de Formule 1<br>(Fota), la conclusion pr\u00e9f\u00e9r\u00e9e de toutes les parties reste un arrangement qui verrait toutes les \u00e9quipes actuelles courir en F1 l'ann\u00e9e prochaine.<\/p>\n\n\n\n<p>Mais la Fota et <a href=\"http:\/\/www.carideal.com\/blog\/2009\/06\/25\/formule-1-max-mosley-demissionne\/\">Max Mosley<\/a>, le pr\u00e9sident de l'organe directeur de la F1, la FIA, s'engageront dans la m\u00e8re de toutes les luttes de pouvoir avant qu'un quelconque compromis ne soit trouv\u00e9.<\/p>\n\n\n\n<p>Alors que la F1 se remet des retomb\u00e9es de l'annonce tardive de Fota, il pourrait \u00eatre utile d'essayer de couper dans le brouillard de la pirouette et d'analyser la position de chaque camp, et les forces - ou non - de leur position.<\/p>\n\n\n\n<p>Stefano Domenicali, patron de l'\u00e9quipe Ferrari, et Ross Brawn, propri\u00e9taire de l'\u00e9quipe Brawn<\/p>\n\n\n\n<h2 class=\"wp-block-heading\">LA FIA Ce qu'elle veut :<\/h2>\n\n\n\n<p>M. Mosley a clairement indiqu\u00e9 qu'il estime que la F1 n'est pas viable dans le contexte de la crise financi\u00e8re mondiale actuelle si les co\u00fbts restent \u00e0 leur niveau actuel. Il veut introduire un plafond budg\u00e9taire, et il a modifi\u00e9 les r\u00e8gles pour la saison prochaine afin de le fixer \u00e0 40 millions de livres sterling. Les \u00e9quipes peuvent choisir si elles veulent op\u00e9rer sous ce plafond, mais celles qui le font b\u00e9n\u00e9ficieraient de libert\u00e9s techniques qui leur donneraient un avantage d\u00e9cisif en termes de performance.<\/p>\n\n\n\n<p>Mosley estime que la F1 est en grand danger s'il n'introduit pas ce plafond. Selon lui, jusqu'\u00e0 trois des constructeurs automobiles actuellement pr\u00e9sents dans ce sport pourraient se retirer \u00e0 la fin de cette saison - et il les a nomm\u00e9s <a href=\"http:\/\/www.carideal.com\/blog\/marque-de-voiture-actualites-essais\/renault\/\">Renault<\/a>, <a href=\"http:\/\/www.carideal.com\/blog\/marque-de-voiture-actualites-essais\/bmw\/\">BMW<\/a> et <a href=\"http:\/\/www.carideal.com\/blog\/marque-de-voiture-actualites-essais\/toyota\/\">Toyota<\/a>.<\/p>\n\n\n\n<p>Il affirme qu'en r\u00e9duisant les co\u00fbts \u00e0 40 millions de livres par an, il supprimera cette menace, car les conseils d'administration de ces soci\u00e9t\u00e9s n'auraient alors plus aucune raison de se retirer du sport, car leurs co\u00fbts seraient couverts par l'argent qu'ils re\u00e7oivent du d\u00e9tenteur des droits commerciaux, Formula 1 Management (FOM), sous la direction de Bernie Ecclestone.<\/p>\n\n\n\n<p>M. Mosley est \u00e9galement d\u00e9termin\u00e9 \u00e0 conserver le pouvoir de la FIA - un pouvoir qui a \u00e9t\u00e9 consid\u00e9rablement accru depuis qu'il a laiss\u00e9 l'accord de la Concorde, qui r\u00e9gissait le sport et consacrait les droits des \u00e9quipes, expirer en 2007.<\/p>\n\n\n\n<p>Il s'est dit pr\u00eat \u00e0 signer un nouvel accord de la Concorde et a d\u00e9clar\u00e9 qu'il supprimerait une clause du r\u00e8glement qui, selon les \u00e9quipes, lui permet de modifier unilat\u00e9ralement le r\u00e8glement quand il le souhaite.<\/p>\n\n\n\n<p>Il a \u00e9galement d\u00e9clar\u00e9 aux \u00e9quipes qu'il \u00e9tait pr\u00eat \u00e0 abandonner les r\u00e8gles \u00e0 deux niveaux et \u00e0 faire un compromis sur le plafond des co\u00fbts, en introduisant un plafond provisoire de 100 millions de livres sterling l'ann\u00e9e prochaine avant de passer \u00e0 40 millions de livres sterling en 2010. Mais il ne l'abandonnera pas compl\u00e8tement.<\/p>\n\n\n\n<h3 class=\"wp-block-heading\">Ce que la FIA a pr\u00e9vu pour lui :<\/h3>\n\n\n\n<p>Elle poss\u00e8de le championnat du monde de Formule 1 de la FIA.<\/p>\n\n\n\n<p>La FOM a des contrats avec des soci\u00e9t\u00e9s de t\u00e9l\u00e9vision qui les engagent \u00e0 couvrir la F1, bien que certains d'entre eux comportent des clauses qui annuleraient ces contrats dans certaines circonstances (la station italienne RAI, par exemple, a la pr\u00e9sence de Ferrari garantie dans son contrat).<\/p>\n\n\n\n<p>La FIA et la FOM ont des contrats en cours avec la plupart des circuits actuels, bien que cela ne s'applique pas \u00e0 Silverstone.<\/p>\n\n\n\n<p>La formidable intelligence de Mosley - il est un op\u00e9rateur politique incroyablement pointu.<\/p>\n\n\n\n<h2 class=\"wp-block-heading\">FOTA Ce qu'elle veut :<\/h2>\n\n\n\n<p>Les huit \u00e9quipes de Fota sont Ferrari, McLaren, Renault, BMW Sauber, Toyota, Red Bull, Toro Rosso et Brawn.<\/p>\n\n\n\n<p>Elles s'engagent \u00e0 r\u00e9duire les co\u00fbts, mais elles rejettent l'id\u00e9e d'un plafonnement des co\u00fbts. Elles veulent r\u00e9duire les budgets en limitant les d\u00e9penses \u00e0 la source - par exemple, en r\u00e9duisant le temps qu'elles sont autoris\u00e9es \u00e0 passer dans une soufflerie ou le nombre de modifications qu'elles peuvent apporter \u00e0 leurs voitures au cours d'une saison.<\/p>\n\n\n\n<p>Ils veulent avoir davantage leur mot \u00e0 dire dans le processus d'\u00e9laboration des r\u00e8gles, et le r\u00e9tablissement de la convention de la Concorde qui, entre autres, consacre le r\u00f4le des \u00e9quipes dans le processus d'\u00e9laboration des r\u00e8gles.<\/p>\n\n\n\n<p>Ils veulent ce qu'ils d\u00e9crivent comme une r\u00e9partition plus \u00e9quitable des b\u00e9n\u00e9fices du sport, qui sont actuellement partag\u00e9s \u00e0 parts \u00e9gales entre les \u00e9quipes et la soci\u00e9t\u00e9 qui d\u00e9tient les droits commerciaux de la F1, un groupe de capital-risque appel\u00e9 CVC qui les a rachet\u00e9s \u00e0 la FOM il y a trois ans.<\/p>\n\n\n\n<p>Ils souhaitent \u00e9galement un changement dans la mani\u00e8re dont le sport est r\u00e9gi, avec une plus grande stabilit\u00e9 des r\u00e8glements et la fin des changements continus effectu\u00e9s par Mosley, et ce qu'ils per\u00e7oivent comme la mani\u00e8re autocratique dont il dirige le sport.<\/p>\n\n\n\n<p>Enfin, la Fota veut mettre un terme \u00e0 l'\u00e9volution actuelle de la F1 vers des courses dans des endroits o\u00f9 personne ne vient regarder - soit parce qu'il ne peut pas payer le prix des billets, soit parce qu'il n'est pas int\u00e9ress\u00e9 - mais dont les gouvernements sont pr\u00eats \u00e0 payer des frais \u00e9normes pour accueillir un grand prix, et \u00e0 garantir \u00e0 la place des courses dans le c\u0153ur historique du sport et, en particulier, aux \u00c9tats-Unis, un march\u00e9 critique pour toutes les compagnies automobiles.<\/p>\n\n\n\n<h3 class=\"wp-block-heading\">Ce que la Fota a fait pour cela :<\/h3>\n\n\n\n<p>Ferrari - de loin le nom le plus c\u00e9l\u00e8bre du sport, et qui, selon les sondages, est la raison pour laquelle un tiers de tous les fans regardent la F1.<\/p>\n\n\n\n<p>Presque toutes les autres grandes \u00e9curies - dont McLaren, la deuxi\u00e8me \u00e9quipe de F1 la plus titr\u00e9e, Renault, qui a une histoire de plus de 30 ans en F1, et les grands constructeurs automobiles tels que BMW et Toyota.<\/p>\n\n\n\n<p>Tous les meilleurs pilotes - y compris des noms connus dans le monde entier comme Lewis Hamilton, le champion du monde en titre, et Fernando Alonso, le pilote actif le plus performant. Et l'homme qui a toutes les chances d'\u00eatre champion du monde cette ann\u00e9e - Jenson Button.<\/p>\n\n\n\n<p>Tr\u00e8s probablement le Grand Prix de Monaco, la course la plus c\u00e9l\u00e8bre du sport automobile et le joyau de la couronne de la F1. Il est entendu que Monaco n'est pas engag\u00e9 contractuellement dans la F1, donc il est libre de faire ce qu'il veut. Et le Prince Albert de Monaco a fortement insinu\u00e9 dans une interview \u00e0 la BBC lors de la course de cette ann\u00e9e qu'il ne pouvait pas envisager sa course sans Ferrari.<\/p>\n\n\n\n<h4 class=\"wp-block-heading\">Articles similaires<\/h4>\n\n\n\n\n\n<h3 class=\"wp-block-heading\">LES PROCHAINES \u00c9TAPES<\/h3>\n\n\n\n<p>Ce n'est pas parce que les \u00e9quipes disent qu'elles pr\u00e9parent un championnat d'\u00e9vasion qu'il va y en avoir un.<\/p>\n\n\n\n<p>Beaucoup d'ego sont impliqu\u00e9s dans ce conflit, mais tous connaissent les dangers qu'il y aurait s'il y avait vraiment une s\u00e9paration. Ils sont tous conscients que les courses de monoplaces en Am\u00e9rique ne se sont toujours pas remises de la scission entre les \u00e9quipes de t\u00eate et les 500 d'Indianapolis en 1995.<\/p>\n\n\n\n<p>Le r\u00e9sultat le plus probable reste donc que, finalement, les deux parties arriveront \u00e0 un compromis qui permettra \u00e0 la F1 de continuer l'ann\u00e9e prochaine comme elle le fait actuellement.<\/p>\n\n\n\n<p>Mais la mani\u00e8re dont le sport sortira de cette impasse est une toute autre question.<\/p>\n\n\n\n<p>Quelle liste de participants Mosley publiera-t-il demain ? Si les grandes \u00e9quipes n'y figurent pas, comment cela sera-t-il r\u00e9solu ? Si elles y figurent, que se passera-t-il alors ? Quelles mesures juridiques chaque partie prendra-t-elle pour poursuivre ses objectifs ? Comment arrivera-t-on \u00e0 un compromis sans que certains des \u00e9gos impliqu\u00e9s ne soient perc\u00e9s ? Ce ne sont l\u00e0 que quelques-unes des questions qui doivent \u00eatre r\u00e9solues.<\/p>\n\n\n\n<p>La question sous-jacente est la gouvernance de la F1 - et en particulier le leadership de Mosley. Fota n'est plus pr\u00eate \u00e0 accepter que la FIA ait un pouvoir absolu, et la force de l'unit\u00e9 des \u00e9quipes peut \u00eatre jug\u00e9e par leur volont\u00e9 de rester unies jusqu'\u00e0 pr\u00e9sent malgr\u00e9 toutes les tentatives de les s\u00e9parer.<\/p>\n\n\n\n<p>Parmi celles-ci, on peut citer la fuite par Mosley du fait qu'en 2005, il avait offert \u00e0 Ferrari - qui a accept\u00e9 - un droit de veto sur toutes les futures modifications de la r\u00e9glementation (un contrat que Ferrari dit avoir \u00e9t\u00e9 rompu par la FIA en introduisant le plafond des co\u00fbts pour 2010).<\/p>\n\n\n\n<p>Loin de cr\u00e9er un foss\u00e9 entre les \u00e9quipes et Ferrari, cette information a servi \u00e0 renforcer leur lien - ils y ont vu la preuve de ce qu'ils per\u00e7oivent comme une corruption end\u00e9mique dans la mani\u00e8re dont Mosley dirige la F1.<\/p>\n\n\n\n<p>Le mot d'ordre en F1 en ce moment est que la seule solution possible serait que Mosley ne se repr\u00e9sente pas aux \u00e9lections de la FIA en octobre. Mais les chances que Mosley le fasse volontairement doivent \u00eatre consid\u00e9r\u00e9es comme minces.<\/p>\n\n\n\n<p>Il est difficile de voir comment cette question pourra \u00eatre r\u00e9solue sans qu'il y ait des pertes importantes en cours de route.<\/p>\n","protected":false},"excerpt":{"rendered":"<p>La formule 1 se d\u00e9chire au tribunal C&rsquo;est digne de Dallas avec ses JR et Sue Ellen, l\u00e0 on est face \u00e0 Ferrari, la\u00a0FIA la\u00a0FOTA\u00a0Max Mosley et Bernie Ecclestone. L&rsquo;\u00e9curie Ferrari a annonc\u00e9 qu&rsquo;elle attaque la FIA en justice, tandis que la FIA elle, attaque la Fota (association des constructeurs de F1). Huit \u00e9curies sont &#8230; <a title=\"La formule 1 se d\u00e9chire au tribunal\" class=\"read-more\" href=\"https:\/\/www.carideal.com\/blog\/2009\/06\/25\/la-formule-1-se-dechire-au-tribunal\/\" aria-label=\"En savoir plus sur La formule 1 se d\u00e9chire au tribunal\">Lire plus<\/a><\/p>\n","protected":false},"author":1,"featured_media":0,"comment_status":"open","ping_status":"open","sticky":false,"template":"","format":"standard","meta":{"_uag_custom_page_level_css":"","_themeisle_gutenberg_block_has_review":false,"footnotes":""},"categories":[6006,16],"tags":[],"class_list":["post-1700","post","type-post","status-publish","format-standard","hentry","category-formule-1","category-sport-auto"],"wppr_data":{"cwp_meta_box_check":"No"},"yoast_head":"<!-- This site is optimized with the Yoast SEO plugin v24.8.1 - https:\/\/yoast.com\/wordpress\/plugins\/seo\/ -->\n<title>La formule 1 se d\u00e9chire au tribunal - Blog auto Carid\u00e9al<\/title>\n<meta name=\"description\" content=\"C&#039;est digne de Dallas avec ses JR et Sue Ellen, l\u00e0 on est face \u00e0 Ferrari, la FIA la FOTA Max Mosley et Bernie Ecclestone. L&#039;\u00e9curie Ferrari a annonc\u00e9 qu&#039;elle attaque la FIA en justice, tandis que la FIA elle, attaque la Fota\" \/>\n<meta name=\"robots\" content=\"index, follow, max-snippet:-1, max-image-preview:large, max-video-preview:-1\" \/>\n<link rel=\"canonical\" href=\"https:\/\/www.carideal.com\/blog\/2009\/06\/25\/la-formule-1-se-dechire-au-tribunal\/\" \/>\n<meta property=\"og:locale\" content=\"fr_FR\" \/>\n<meta property=\"og:type\" content=\"article\" \/>\n<meta property=\"og:title\" content=\"La formule 1 se d\u00e9chire au tribunal - Blog auto Carid\u00e9al\" \/>\n<meta property=\"og:description\" content=\"C&#039;est digne de Dallas avec ses JR et Sue Ellen, l\u00e0 on est face \u00e0 Ferrari, la FIA la FOTA Max Mosley et Bernie Ecclestone. L&#039;\u00e9curie Ferrari a annonc\u00e9 qu&#039;elle attaque la FIA en justice, tandis que la FIA elle, attaque la Fota\" \/>\n<meta property=\"og:url\" content=\"https:\/\/www.carideal.com\/blog\/2009\/06\/25\/la-formule-1-se-dechire-au-tribunal\/\" \/>\n<meta property=\"og:site_name\" content=\"Blog auto Carid\u00e9al\" \/>\n<meta property=\"article:publisher\" content=\"https:\/\/www.facebook.com\/Carideal.mandataire.automobile\" \/>\n<meta property=\"article:author\" content=\"https:\/\/www.facebook.com\/Carideal.mandataire.automobile\/\" \/>\n<meta property=\"article:published_time\" content=\"2009-06-25T15:01:00+00:00\" \/>\n<meta property=\"article:modified_time\" content=\"2020-06-08T11:35:16+00:00\" \/>\n<meta property=\"og:image\" content=\"http:\/\/www.carideal.com\/blog\/wp-content\/uploads\/2020\/06\/formule-1-dechire-tribunal-2009.jpg\" \/>\n<meta name=\"author\" content=\"N.S Carideal\" \/>\n<meta name=\"twitter:card\" content=\"summary_large_image\" \/>\n<meta name=\"twitter:creator\" content=\"@caridealauto\" \/>\n<meta name=\"twitter:site\" content=\"@caridealauto\" \/>\n<meta name=\"twitter:label1\" content=\"\u00c9crit par\" \/>\n\t<meta name=\"twitter:data1\" content=\"N.S Carideal\" \/>\n\t<meta name=\"twitter:label2\" content=\"Dur\u00e9e de lecture estim\u00e9e\" \/>\n\t<meta name=\"twitter:data2\" content=\"8 minutes\" \/>\n<script type=\"application\/ld+json\" class=\"yoast-schema-graph\">{\"@context\":\"https:\/\/schema.org\",\"@graph\":[{\"@type\":\"Article\",\"@id\":\"https:\/\/www.carideal.com\/blog\/2009\/06\/25\/la-formule-1-se-dechire-au-tribunal\/#article\",\"isPartOf\":{\"@id\":\"https:\/\/www.carideal.com\/blog\/2009\/06\/25\/la-formule-1-se-dechire-au-tribunal\/\"},\"author\":{\"name\":\"N.S Carideal\",\"@id\":\"https:\/\/www.carideal.com\/blog\/#\/schema\/person\/985c7e757d1042d647f21bfaf8d41ebc\"},\"headline\":\"La formule 1 se d\u00e9chire au tribunal\",\"datePublished\":\"2009-06-25T15:01:00+00:00\",\"dateModified\":\"2020-06-08T11:35:16+00:00\",\"mainEntityOfPage\":{\"@id\":\"https:\/\/www.carideal.com\/blog\/2009\/06\/25\/la-formule-1-se-dechire-au-tribunal\/\"},\"wordCount\":1658,\"commentCount\":0,\"publisher\":{\"@id\":\"https:\/\/www.carideal.com\/blog\/#organization\"},\"image\":{\"@id\":\"https:\/\/www.carideal.com\/blog\/2009\/06\/25\/la-formule-1-se-dechire-au-tribunal\/#primaryimage\"},\"thumbnailUrl\":\"http:\/\/www.carideal.com\/blog\/wp-content\/uploads\/2020\/06\/formule-1-dechire-tribunal-2009.jpg\",\"articleSection\":[\"Formule 1\",\"Sport Automobile\"],\"inLanguage\":\"fr-FR\",\"potentialAction\":[{\"@type\":\"CommentAction\",\"name\":\"Comment\",\"target\":[\"https:\/\/www.carideal.com\/blog\/2009\/06\/25\/la-formule-1-se-dechire-au-tribunal\/#respond\"]}]},{\"@type\":\"WebPage\",\"@id\":\"https:\/\/www.carideal.com\/blog\/2009\/06\/25\/la-formule-1-se-dechire-au-tribunal\/\",\"url\":\"https:\/\/www.carideal.com\/blog\/2009\/06\/25\/la-formule-1-se-dechire-au-tribunal\/\",\"name\":\"La formule 1 se d\u00e9chire au tribunal - Blog auto Carid\u00e9al\",\"isPartOf\":{\"@id\":\"https:\/\/www.carideal.com\/blog\/#website\"},\"primaryImageOfPage\":{\"@id\":\"https:\/\/www.carideal.com\/blog\/2009\/06\/25\/la-formule-1-se-dechire-au-tribunal\/#primaryimage\"},\"image\":{\"@id\":\"https:\/\/www.carideal.com\/blog\/2009\/06\/25\/la-formule-1-se-dechire-au-tribunal\/#primaryimage\"},\"thumbnailUrl\":\"http:\/\/www.carideal.com\/blog\/wp-content\/uploads\/2020\/06\/formule-1-dechire-tribunal-2009.jpg\",\"datePublished\":\"2009-06-25T15:01:00+00:00\",\"dateModified\":\"2020-06-08T11:35:16+00:00\",\"description\":\"C'est digne de Dallas avec ses JR et Sue Ellen, l\u00e0 on est face \u00e0 Ferrari, la FIA la FOTA Max Mosley et Bernie Ecclestone. L'\u00e9curie Ferrari a annonc\u00e9 qu'elle attaque la FIA en justice, tandis que la FIA elle, attaque la Fota\",\"breadcrumb\":{\"@id\":\"https:\/\/www.carideal.com\/blog\/2009\/06\/25\/la-formule-1-se-dechire-au-tribunal\/#breadcrumb\"},\"inLanguage\":\"fr-FR\",\"potentialAction\":[{\"@type\":\"ReadAction\",\"target\":[\"https:\/\/www.carideal.com\/blog\/2009\/06\/25\/la-formule-1-se-dechire-au-tribunal\/\"]}]},{\"@type\":\"ImageObject\",\"inLanguage\":\"fr-FR\",\"@id\":\"https:\/\/www.carideal.com\/blog\/2009\/06\/25\/la-formule-1-se-dechire-au-tribunal\/#primaryimage\",\"url\":\"http:\/\/www.carideal.com\/blog\/wp-content\/uploads\/2020\/06\/formule-1-dechire-tribunal-2009.jpg\",\"contentUrl\":\"http:\/\/www.carideal.com\/blog\/wp-content\/uploads\/2020\/06\/formule-1-dechire-tribunal-2009.jpg\"},{\"@type\":\"BreadcrumbList\",\"@id\":\"https:\/\/www.carideal.com\/blog\/2009\/06\/25\/la-formule-1-se-dechire-au-tribunal\/#breadcrumb\",\"itemListElement\":[{\"@type\":\"ListItem\",\"position\":1,\"name\":\"Blog Carid\u00e9al\",\"item\":\"https:\/\/www.carideal.com\/blog\/\"},{\"@type\":\"ListItem\",\"position\":2,\"name\":\"Sport Automobile\",\"item\":\"https:\/\/www.carideal.com\/blog\/sport-auto\/\"},{\"@type\":\"ListItem\",\"position\":3,\"name\":\"Formule 1\",\"item\":\"https:\/\/www.carideal.com\/blog\/sport-auto\/formule-1\/\"},{\"@type\":\"ListItem\",\"position\":4,\"name\":\"La formule 1 se d\u00e9chire au tribunal\"}]},{\"@type\":\"WebSite\",\"@id\":\"https:\/\/www.carideal.com\/blog\/#website\",\"url\":\"https:\/\/www.carideal.com\/blog\/\",\"name\":\"Blog auto Carid\u00e9al\",\"description\":\"Actualit\u00e9 auto par des passionn\u00e9s\",\"publisher\":{\"@id\":\"https:\/\/www.carideal.com\/blog\/#organization\"},\"potentialAction\":[{\"@type\":\"SearchAction\",\"target\":{\"@type\":\"EntryPoint\",\"urlTemplate\":\"https:\/\/www.carideal.com\/blog\/?s={search_term_string}\"},\"query-input\":{\"@type\":\"PropertyValueSpecification\",\"valueRequired\":true,\"valueName\":\"search_term_string\"}}],\"inLanguage\":\"fr-FR\"},{\"@type\":\"Organization\",\"@id\":\"https:\/\/www.carideal.com\/blog\/#organization\",\"name\":\"Carideal\",\"url\":\"https:\/\/www.carideal.com\/blog\/\",\"logo\":{\"@type\":\"ImageObject\",\"inLanguage\":\"fr-FR\",\"@id\":\"https:\/\/www.carideal.com\/blog\/#\/schema\/logo\/image\/\",\"url\":\"http:\/\/www.carideal.com\/blog\/wp-content\/uploads\/2016\/03\/logo-carideal-mandataire-automobile.png\",\"contentUrl\":\"http:\/\/www.carideal.com\/blog\/wp-content\/uploads\/2016\/03\/logo-carideal-mandataire-automobile.png\",\"width\":300,\"height\":300,\"caption\":\"Carideal\"},\"image\":{\"@id\":\"https:\/\/www.carideal.com\/blog\/#\/schema\/logo\/image\/\"},\"sameAs\":[\"https:\/\/www.facebook.com\/Carideal.mandataire.automobile\",\"https:\/\/x.com\/caridealauto\",\"https:\/\/www.instagram.com\/carideal1\/\",\"https:\/\/www.linkedin.com\/company\/carideal.com\",\"https:\/\/fr.pinterest.com\/schiavonsas\/\",\"https:\/\/www.youtube.com\/user\/caridealsas\"]},{\"@type\":\"Person\",\"@id\":\"https:\/\/www.carideal.com\/blog\/#\/schema\/person\/985c7e757d1042d647f21bfaf8d41ebc\",\"name\":\"N.S Carideal\",\"image\":{\"@type\":\"ImageObject\",\"inLanguage\":\"fr-FR\",\"@id\":\"https:\/\/www.carideal.com\/blog\/#\/schema\/person\/image\/\",\"url\":\"https:\/\/secure.gravatar.com\/avatar\/edb7ccdf1a4e3d14aef967760d354d0e?s=96&r=g\",\"contentUrl\":\"https:\/\/secure.gravatar.com\/avatar\/edb7ccdf1a4e3d14aef967760d354d0e?s=96&r=g\",\"caption\":\"N.S Carideal\"},\"description\":\"Depuis tout petit fan d'automobile. Il est question d'essayer et de comparer toutes ces voitures qui nous ont fait r\u00e9ver, avant que celles-ci ne devient uniquement des voitures de collection.\",\"sameAs\":[\"http:\/\/www.carideal.com\/blog\",\"https:\/\/www.facebook.com\/Carideal.mandataire.automobile\/\",\"https:\/\/www.linkedin.com\/in\/nschiavon\/\",\"https:\/\/www.youtube.com\/user\/caridealsas\/\"],\"url\":\"https:\/\/www.carideal.com\/blog\/author\/admin_carideal\/\"}]}<\/script>\n<!-- \/ Yoast SEO plugin. -->","yoast_head_json":{"title":"La formule 1 se d\u00e9chire au tribunal - Blog auto Carid\u00e9al","description":"C'est digne de Dallas avec ses JR et Sue Ellen, l\u00e0 on est face \u00e0 Ferrari, la FIA la FOTA Max Mosley et Bernie Ecclestone. L'\u00e9curie Ferrari a annonc\u00e9 qu'elle attaque la FIA en justice, tandis que la FIA elle, attaque la Fota","robots":{"index":"index","follow":"follow","max-snippet":"max-snippet:-1","max-image-preview":"max-image-preview:large","max-video-preview":"max-video-preview:-1"},"canonical":"https:\/\/www.carideal.com\/blog\/2009\/06\/25\/la-formule-1-se-dechire-au-tribunal\/","og_locale":"fr_FR","og_type":"article","og_title":"La formule 1 se d\u00e9chire au tribunal - Blog auto Carid\u00e9al","og_description":"C'est digne de Dallas avec ses JR et Sue Ellen, l\u00e0 on est face \u00e0 Ferrari, la FIA la FOTA Max Mosley et Bernie Ecclestone. L'\u00e9curie Ferrari a annonc\u00e9 qu'elle attaque la FIA en justice, tandis que la FIA elle, attaque la Fota","og_url":"https:\/\/www.carideal.com\/blog\/2009\/06\/25\/la-formule-1-se-dechire-au-tribunal\/","og_site_name":"Blog auto Carid\u00e9al","article_publisher":"https:\/\/www.facebook.com\/Carideal.mandataire.automobile","article_author":"https:\/\/www.facebook.com\/Carideal.mandataire.automobile\/","article_published_time":"2009-06-25T15:01:00+00:00","article_modified_time":"2020-06-08T11:35:16+00:00","og_image":[{"url":"http:\/\/www.carideal.com\/blog\/wp-content\/uploads\/2020\/06\/formule-1-dechire-tribunal-2009.jpg","type":"","width":"","height":""}],"author":"N.S Carideal","twitter_card":"summary_large_image","twitter_creator":"@caridealauto","twitter_site":"@caridealauto","twitter_misc":{"\u00c9crit par":"N.S Carideal","Dur\u00e9e de lecture estim\u00e9e":"8 minutes"},"schema":{"@context":"https:\/\/schema.org","@graph":[{"@type":"Article","@id":"https:\/\/www.carideal.com\/blog\/2009\/06\/25\/la-formule-1-se-dechire-au-tribunal\/#article","isPartOf":{"@id":"https:\/\/www.carideal.com\/blog\/2009\/06\/25\/la-formule-1-se-dechire-au-tribunal\/"},"author":{"name":"N.S Carideal","@id":"https:\/\/www.carideal.com\/blog\/#\/schema\/person\/985c7e757d1042d647f21bfaf8d41ebc"},"headline":"La formule 1 se d\u00e9chire au tribunal","datePublished":"2009-06-25T15:01:00+00:00","dateModified":"2020-06-08T11:35:16+00:00","mainEntityOfPage":{"@id":"https:\/\/www.carideal.com\/blog\/2009\/06\/25\/la-formule-1-se-dechire-au-tribunal\/"},"wordCount":1658,"commentCount":0,"publisher":{"@id":"https:\/\/www.carideal.com\/blog\/#organization"},"image":{"@id":"https:\/\/www.carideal.com\/blog\/2009\/06\/25\/la-formule-1-se-dechire-au-tribunal\/#primaryimage"},"thumbnailUrl":"http:\/\/www.carideal.com\/blog\/wp-content\/uploads\/2020\/06\/formule-1-dechire-tribunal-2009.jpg","articleSection":["Formule 1","Sport Automobile"],"inLanguage":"fr-FR","potentialAction":[{"@type":"CommentAction","name":"Comment","target":["https:\/\/www.carideal.com\/blog\/2009\/06\/25\/la-formule-1-se-dechire-au-tribunal\/#respond"]}]},{"@type":"WebPage","@id":"https:\/\/www.carideal.com\/blog\/2009\/06\/25\/la-formule-1-se-dechire-au-tribunal\/","url":"https:\/\/www.carideal.com\/blog\/2009\/06\/25\/la-formule-1-se-dechire-au-tribunal\/","name":"La formule 1 se d\u00e9chire au tribunal - Blog auto Carid\u00e9al","isPartOf":{"@id":"https:\/\/www.carideal.com\/blog\/#website"},"primaryImageOfPage":{"@id":"https:\/\/www.carideal.com\/blog\/2009\/06\/25\/la-formule-1-se-dechire-au-tribunal\/#primaryimage"},"image":{"@id":"https:\/\/www.carideal.com\/blog\/2009\/06\/25\/la-formule-1-se-dechire-au-tribunal\/#primaryimage"},"thumbnailUrl":"http:\/\/www.carideal.com\/blog\/wp-content\/uploads\/2020\/06\/formule-1-dechire-tribunal-2009.jpg","datePublished":"2009-06-25T15:01:00+00:00","dateModified":"2020-06-08T11:35:16+00:00","description":"C'est digne de Dallas avec ses JR et Sue Ellen, l\u00e0 on est face \u00e0 Ferrari, la FIA la FOTA Max Mosley et Bernie Ecclestone. L'\u00e9curie Ferrari a annonc\u00e9 qu'elle attaque la FIA en justice, tandis que la FIA elle, attaque la Fota","breadcrumb":{"@id":"https:\/\/www.carideal.com\/blog\/2009\/06\/25\/la-formule-1-se-dechire-au-tribunal\/#breadcrumb"},"inLanguage":"fr-FR","potentialAction":[{"@type":"ReadAction","target":["https:\/\/www.carideal.com\/blog\/2009\/06\/25\/la-formule-1-se-dechire-au-tribunal\/"]}]},{"@type":"ImageObject","inLanguage":"fr-FR","@id":"https:\/\/www.carideal.com\/blog\/2009\/06\/25\/la-formule-1-se-dechire-au-tribunal\/#primaryimage","url":"http:\/\/www.carideal.com\/blog\/wp-content\/uploads\/2020\/06\/formule-1-dechire-tribunal-2009.jpg","contentUrl":"http:\/\/www.carideal.com\/blog\/wp-content\/uploads\/2020\/06\/formule-1-dechire-tribunal-2009.jpg"},{"@type":"BreadcrumbList","@id":"https:\/\/www.carideal.com\/blog\/2009\/06\/25\/la-formule-1-se-dechire-au-tribunal\/#breadcrumb","itemListElement":[{"@type":"ListItem","position":1,"name":"Blog Carid\u00e9al","item":"https:\/\/www.carideal.com\/blog\/"},{"@type":"ListItem","position":2,"name":"Sport Automobile","item":"https:\/\/www.carideal.com\/blog\/sport-auto\/"},{"@type":"ListItem","position":3,"name":"Formule 1","item":"https:\/\/www.carideal.com\/blog\/sport-auto\/formule-1\/"},{"@type":"ListItem","position":4,"name":"La formule 1 se d\u00e9chire au tribunal"}]},{"@type":"WebSite","@id":"https:\/\/www.carideal.com\/blog\/#website","url":"https:\/\/www.carideal.com\/blog\/","name":"Blog auto Carid\u00e9al","description":"Actualit\u00e9 auto par des passionn\u00e9s","publisher":{"@id":"https:\/\/www.carideal.com\/blog\/#organization"},"potentialAction":[{"@type":"SearchAction","target":{"@type":"EntryPoint","urlTemplate":"https:\/\/www.carideal.com\/blog\/?s={search_term_string}"},"query-input":{"@type":"PropertyValueSpecification","valueRequired":true,"valueName":"search_term_string"}}],"inLanguage":"fr-FR"},{"@type":"Organization","@id":"https:\/\/www.carideal.com\/blog\/#organization","name":"Carideal","url":"https:\/\/www.carideal.com\/blog\/","logo":{"@type":"ImageObject","inLanguage":"fr-FR","@id":"https:\/\/www.carideal.com\/blog\/#\/schema\/logo\/image\/","url":"http:\/\/www.carideal.com\/blog\/wp-content\/uploads\/2016\/03\/logo-carideal-mandataire-automobile.png","contentUrl":"http:\/\/www.carideal.com\/blog\/wp-content\/uploads\/2016\/03\/logo-carideal-mandataire-automobile.png","width":300,"height":300,"caption":"Carideal"},"image":{"@id":"https:\/\/www.carideal.com\/blog\/#\/schema\/logo\/image\/"},"sameAs":["https:\/\/www.facebook.com\/Carideal.mandataire.automobile","https:\/\/x.com\/caridealauto","https:\/\/www.instagram.com\/carideal1\/","https:\/\/www.linkedin.com\/company\/carideal.com","https:\/\/fr.pinterest.com\/schiavonsas\/","https:\/\/www.youtube.com\/user\/caridealsas"]},{"@type":"Person","@id":"https:\/\/www.carideal.com\/blog\/#\/schema\/person\/985c7e757d1042d647f21bfaf8d41ebc","name":"N.S Carideal","image":{"@type":"ImageObject","inLanguage":"fr-FR","@id":"https:\/\/www.carideal.com\/blog\/#\/schema\/person\/image\/","url":"https:\/\/secure.gravatar.com\/avatar\/edb7ccdf1a4e3d14aef967760d354d0e?s=96&r=g","contentUrl":"https:\/\/secure.gravatar.com\/avatar\/edb7ccdf1a4e3d14aef967760d354d0e?s=96&r=g","caption":"N.S Carideal"},"description":"Depuis tout petit fan d'automobile. Il est question d'essayer et de comparer toutes ces voitures qui nous ont fait r\u00e9ver, avant que celles-ci ne devient uniquement des voitures de collection.","sameAs":["http:\/\/www.carideal.com\/blog","https:\/\/www.facebook.com\/Carideal.mandataire.automobile\/","https:\/\/www.linkedin.com\/in\/nschiavon\/","https:\/\/www.youtube.com\/user\/caridealsas\/"],"url":"https:\/\/www.carideal.com\/blog\/author\/admin_carideal\/"}]}},"uagb_featured_image_src":{"full":false,"thumbnail":false,"medium":false,"medium_large":false,"large":false,"1536x1536":false,"2048x2048":false,"wppr-widget":false},"uagb_author_info":{"display_name":"N.S Carideal","author_link":"https:\/\/www.carideal.com\/blog\/author\/admin_carideal\/"},"uagb_comment_info":0,"uagb_excerpt":"La formule 1 se d\u00e9chire au tribunal C'est digne de Dallas avec ses JR et Sue Ellen, l\u00e0 on est face \u00e0 Ferrari, la\u00a0FIA la\u00a0FOTA\u00a0Max Mosley et Bernie Ecclestone. L'\u00e9curie Ferrari a annonc\u00e9 qu'elle attaque la FIA en justice, tandis que la FIA elle, attaque la Fota (association des constructeurs de F1). Huit \u00e9curies sont\u2026","_links":{"self":[{"href":"https:\/\/www.carideal.com\/blog\/wp-json\/wp\/v2\/posts\/1700"}],"collection":[{"href":"https:\/\/www.carideal.com\/blog\/wp-json\/wp\/v2\/posts"}],"about":[{"href":"https:\/\/www.carideal.com\/blog\/wp-json\/wp\/v2\/types\/post"}],"author":[{"embeddable":true,"href":"https:\/\/www.carideal.com\/blog\/wp-json\/wp\/v2\/users\/1"}],"replies":[{"embeddable":true,"href":"https:\/\/www.carideal.com\/blog\/wp-json\/wp\/v2\/comments?post=1700"}],"version-history":[{"count":0,"href":"https:\/\/www.carideal.com\/blog\/wp-json\/wp\/v2\/posts\/1700\/revisions"}],"wp:attachment":[{"href":"https:\/\/www.carideal.com\/blog\/wp-json\/wp\/v2\/media?parent=1700"}],"wp:term":[{"taxonomy":"category","embeddable":true,"href":"https:\/\/www.carideal.com\/blog\/wp-json\/wp\/v2\/categories?post=1700"},{"taxonomy":"post_tag","embeddable":true,"href":"https:\/\/www.carideal.com\/blog\/wp-json\/wp\/v2\/tags?post=1700"}],"curies":[{"name":"wp","href":"https:\/\/api.w.org\/{rel}","templated":true}]}}