{"id":169,"date":"2010-06-08T13:42:00","date_gmt":"2010-06-08T13:42:00","guid":{"rendered":"http:\/\/carideal.com\/blog\/?p=169"},"modified":"2020-04-24T11:22:38","modified_gmt":"2020-04-24T09:22:38","slug":"autolib-paris-la-voiture-en-libre-service-sera-electrique","status":"publish","type":"post","link":"https:\/\/www.carideal.com\/blog\/2010\/06\/08\/autolib-paris-la-voiture-en-libre-service-sera-electrique\/","title":{"rendered":"Autolib Paris la voiture en libre-service sera \u00e9lectrique"},"content":{"rendered":"\n<h2 class=\"wp-block-heading\">Autolib Paris la voiture en libre-service sera \u00e9lectrique<\/h2>\n\n\n\n<p class=\"has-medium-font-size\">L'\u00e9lu socialiste, \u00e9galement pr\u00e9sidente du syndicat mixte charg\u00e9 de la mise en \u0153uvre d'<strong>Autolib<\/strong>, a ainsi clarifi\u00e9 les choses. En effet, le doute subsistait quant \u00e0 savoir si les voitures retenues seraient <strong>\u00e9lectriques ou hybrides<\/strong>.<\/p>\n\n\n\n<figure class=\"wp-block-image size-large\"><img loading=\"lazy\" decoding=\"async\" width=\"448\" height=\"296\" src=\"http:\/\/www.carideal.com\/blog\/wp-content\/uploads\/2010\/06\/big_Peugeot_ion_carideal_m.jpg\" alt=\"Autolib Paris la voiture en libre-service sera \u00e9lectrique\" class=\"wp-image-25148\" srcset=\"https:\/\/www.carideal.com\/blog\/wp-content\/uploads\/2010\/06\/big_Peugeot_ion_carideal_m.jpg 448w, https:\/\/www.carideal.com\/blog\/wp-content\/uploads\/2010\/06\/big_Peugeot_ion_carideal_m-300x198.jpg 300w, https:\/\/www.carideal.com\/blog\/wp-content\/uploads\/2010\/06\/big_Peugeot_ion_carideal_m-50x33.jpg 50w, https:\/\/www.carideal.com\/blog\/wp-content\/uploads\/2010\/06\/big_Peugeot_ion_carideal_m-110x73.jpg 110w, https:\/\/www.carideal.com\/blog\/wp-content\/uploads\/2010\/06\/big_Peugeot_ion_carideal_m-420x278.jpg 420w\" sizes=\"(max-width: 448px) 100vw, 448px\" \/><figcaption>Autolib Paris la voiture en libre-service sera \u00e9lectrique<\/figcaption><\/figure>\n\n\n\n<p>La d\u00e9cision a donc \u00e9t\u00e9 prise de recourir \u00e0 des v\u00e9hicules z\u00e9ro \u00e9mission qui devraient s'av\u00e9rer parfaitement adapt\u00e9s \u00e0 un usage urbain et p\u00e9ri-urbain de part leur autonomie qui tourne g\u00e9n\u00e9ralement entre 130 et 160 km\/h.<\/p>\n\n\n\n<ul class=\"wp-block-list\"><li><a href=\"http:\/\/www.carideal.com\/blog\/2012\/07\/27\/les-voitures-hybrides-electriques-en-france\/\">Les Voitures hybrides en France<\/a><\/li><\/ul>\n\n\n\n<p>Si l'on ne sait toujours pas quels mod\u00e8les seront retenus, d'aucuns parlent de la <a href=\"http:\/\/www.carideal.com\/blog\/2010\/06\/08\/la-peugeot-ion-definitive-fait-son-apparition\/\">Peugeot iOn<\/a>. Annick Lepetit a pr\u00e9cis\u00e9 qu'il y aurait le choix entre des voitures \u00e0 deux places et d'autres \u00e0 quatre places.<\/p>\n\n\n\n<p>Le maire Bertrand Delano\u00eb d\u00e9voile le projet Autolib, respectueux de l'environnement, dans une nouvelle tentative de r\u00e9duction du trafic parisien<\/p>\n\n\n\n<ul class=\"wp-block-list\"><li><a href=\"http:\/\/www.carideal.com\/blog\/2018\/12\/10\/voiture-hybride-ou-electrique\/\">Choisir une voiture Hybride ou \u00e9lectrique<\/a><\/li><\/ul>\n\n\n\n<p>La <a href=\"http:\/\/www.carideal.com\/blog\/2011\/01\/04\/la-bollore-bluecar-equipera-autolib\/\">Bluecar<\/a> au salon de l'automobile de Paris en septembre. Le constructeur Bollore a remport\u00e9 le contrat Autolib pour stationner 3.000 des <a href=\"http:\/\/www.carideal.com\/blog\/2020\/02\/27\/meilleures-voitures-electriques-a-acheter-en-2020\/\">voitures \u00e9lectriques<\/a> dans la capitale fran\u00e7aise.<br>Les Parisiens ont d'abord \u00e9t\u00e9 incit\u00e9s \u00e0 enfourcher leur v\u00e9lo gr\u00e2ce \u00e0 un syst\u00e8me innovant de v\u00e9los en libre-service. Aujourd'hui, les habitants de la capitale fran\u00e7aise et les touristes qui ont adopt\u00e9 le syst\u00e8me de location de v\u00e9los V\u00e9lib pourront bient\u00f4t se d\u00e9placer en ville en voiture \u00e9lectrique \u00e9cologique pour moins cher qu'une bouteille de vin de table.<\/p>\n\n\n\n<h4 class=\"wp-block-heading\">Articles similaires<\/h4>\n\n\n\n\n\n<p>Le programme Autolib, qui devrait \u00eatre mis en place \u00e0 l'automne prochain, verra 3 000 voitures \u00e0 piles en forme de bulle stationn\u00e9es dans 1 000 points de location en libre-service dans la ville et sa banlieue.<\/p>\n\n\n\n<p>Le maire de Paris, Bertrand Delano\u00eb, a annonc\u00e9 que les autorit\u00e9s de la ville ont s\u00e9lectionn\u00e9 un v\u00e9hicule quatre places produit par la soci\u00e9t\u00e9 fran\u00e7aise Bollor\u00e9, dirig\u00e9e par le charismatique industriel et homme d'affaires Vincent Bollor\u00e9.<\/p>\n\n\n\n<p>La Bluecar, con\u00e7ue par Pininfarina, partenaire italien de Bollor\u00e9, est aliment\u00e9e par une batterie au lithium m\u00e9tal polym\u00e8re cr\u00e9\u00e9e par la soci\u00e9t\u00e9, qui leur permet de parcourir environ 250 km entre les charges. Les batteries mettent quatre heures \u00e0 se recharger.<\/p>\n\n\n\n<p>Avec une vitesse maximale de 130 km\/h et une acc\u00e9l\u00e9ration de 0 \u00e0 60 km\/h en 6,3 secondes, la voiture bleue ne battra aucun record, mais elle est con\u00e7ue pour les courts trajets en ville pour les 58 % de Parisiens qui ne poss\u00e8dent pas de voiture et les 16 % suppl\u00e9mentaires qui en poss\u00e8dent une mais l'utilisent moins d'une fois par mois.<\/p>\n\n\n\n<p>Les conducteurs de l'Autolib auront besoin d'un permis de conduire complet et devront s'inscrire au programme pour 12 \u20ac - un peu plus de 10 \u00a3 - par mois. Ensuite, ils paieront 5 \u20ac pour la premi\u00e8re demi-heure, 4 \u20ac pour la suivante et 6 \u20ac pour chaque tranche de 30 minutes suivante, ce qui encouragera les petits sauts.<\/p>\n\n\n\n<p>Annick Lepetit, adjointe au maire de Paris charg\u00e9e des transports, a d\u00e9clar\u00e9 qu'elle esp\u00e9rait que le programme attirerait entre 160 000 et 200 000 abonn\u00e9s pour atteindre le seuil de rentabilit\u00e9.<\/p>\n\n\n\n<p>M. Delano\u00eb n'a pas cach\u00e9 son ambition de r\u00e9duire le nombre de voitures \u00e0 Paris en introduisant des sch\u00e9mas routiers restrictifs et en mettant en place un vaste r\u00e9seau de pistes cyclables, au grand dam des automobilistes.<\/p>\n\n\n\n<p>En 2007, il a mis en place le V\u00e9lib, un nom qui combine v\u00e9lo et libert\u00e9. Malgr\u00e9 les probl\u00e8mes de vol et de vandalisme, ce syst\u00e8me a pris son essor et a \u00e9t\u00e9 copi\u00e9 par des villes du monde entier, dont Londres. Aujourd'hui, les v\u00e9los V\u00e9lib gris et encombrants de 20 kg font partie int\u00e9grante de la vie parisienne.<\/p>\n\n\n\n<p>Selon une \u00e9tude command\u00e9e par la ville de Paris, la voiture moyenne dans la capitale passe environ 95 % de son temps gar\u00e9e.<\/p>\n\n\n\n<p>Bollor\u00e9 a investi 60 millions d'euros dans le projet Autolib, qui devrait co\u00fbter plus de 110 millions d'euros au total.<\/p>\n\n\n\n<p>Pour ceux qui s'inqui\u00e8tent de trouver leur chemin dans la capitale fran\u00e7aise, l'Autolib sera \u00e9quip\u00e9 d'un GPS int\u00e9gr\u00e9 et d'un bouton d'appel d'urgence.<\/p>\n","protected":false},"excerpt":{"rendered":"<p>Autolib Paris la voiture en libre-service sera \u00e9lectrique L&rsquo;\u00e9lu socialiste, \u00e9galement pr\u00e9sidente du syndicat mixte charg\u00e9 de la mise en \u0153uvre d&rsquo;Autolib, a ainsi clarifi\u00e9 les choses. En effet, le doute subsistait quant \u00e0 savoir si les voitures retenues seraient \u00e9lectriques ou hybrides. La d\u00e9cision a donc \u00e9t\u00e9 prise de recourir \u00e0 des v\u00e9hicules z\u00e9ro &#8230; <a title=\"Autolib Paris la voiture en libre-service sera \u00e9lectrique\" class=\"read-more\" href=\"https:\/\/www.carideal.com\/blog\/2010\/06\/08\/autolib-paris-la-voiture-en-libre-service-sera-electrique\/\" aria-label=\"En savoir plus sur Autolib Paris la voiture en libre-service sera \u00e9lectrique\">Lire plus<\/a><\/p>\n","protected":false},"author":1,"featured_media":25148,"comment_status":"open","ping_status":"open","sticky":false,"template":"","format":"standard","meta":{"_uag_custom_page_level_css":"","_themeisle_gutenberg_block_has_review":false,"footnotes":""},"categories":[6,5970],"tags":[],"class_list":["post-169","post","type-post","status-publish","format-standard","has-post-thumbnail","hentry","category-ecologie","category-electrique-technologie-2"],"wppr_data":{"cwp_meta_box_check":"No"},"yoast_head":"<!-- This site is optimized with the Yoast SEO plugin v24.8.1 - https:\/\/yoast.com\/wordpress\/plugins\/seo\/ -->\n<title>Autolib Paris la voiture en libre-service sera \u00e9lectrique - Blog auto Carid\u00e9al<\/title>\n<meta name=\"description\" content=\"L&#039;\u00e9lu socialiste, \u00e9galement pr\u00e9sidente du syndicat mixte charg\u00e9 de la mise en \u0153uvre d&#039;Autolib, a ainsi clarifi\u00e9 les choses. En effet, le doute subsistait quant \u00e0 savoir si les voitures retenues seraient \u00e9lectriques ou hybrides.\" \/>\n<meta name=\"robots\" content=\"index, follow, max-snippet:-1, max-image-preview:large, max-video-preview:-1\" \/>\n<link rel=\"canonical\" href=\"https:\/\/www.carideal.com\/blog\/2010\/06\/08\/autolib-paris-la-voiture-en-libre-service-sera-electrique\/\" \/>\n<meta property=\"og:locale\" content=\"fr_FR\" \/>\n<meta property=\"og:type\" content=\"article\" \/>\n<meta property=\"og:title\" content=\"Autolib Paris la voiture en libre-service sera \u00e9lectrique - Blog auto Carid\u00e9al\" \/>\n<meta property=\"og:description\" content=\"L&#039;\u00e9lu socialiste, \u00e9galement pr\u00e9sidente du syndicat mixte charg\u00e9 de la mise en \u0153uvre d&#039;Autolib, a ainsi clarifi\u00e9 les choses. En effet, le doute subsistait quant \u00e0 savoir si les voitures retenues seraient \u00e9lectriques ou hybrides.\" \/>\n<meta property=\"og:url\" content=\"https:\/\/www.carideal.com\/blog\/2010\/06\/08\/autolib-paris-la-voiture-en-libre-service-sera-electrique\/\" \/>\n<meta property=\"og:site_name\" content=\"Blog auto Carid\u00e9al\" \/>\n<meta property=\"article:publisher\" content=\"https:\/\/www.facebook.com\/Carideal.mandataire.automobile\" \/>\n<meta property=\"article:author\" content=\"https:\/\/www.facebook.com\/Carideal.mandataire.automobile\/\" \/>\n<meta property=\"article:published_time\" content=\"2010-06-08T13:42:00+00:00\" \/>\n<meta property=\"article:modified_time\" content=\"2020-04-24T09:22:38+00:00\" \/>\n<meta property=\"og:image\" content=\"https:\/\/www.carideal.com\/blog\/wp-content\/uploads\/2010\/06\/big_Peugeot_ion_carideal_m.jpg\" \/>\n\t<meta property=\"og:image:width\" content=\"448\" \/>\n\t<meta property=\"og:image:height\" content=\"296\" \/>\n\t<meta property=\"og:image:type\" content=\"image\/jpeg\" \/>\n<meta name=\"author\" content=\"N.S Carideal\" \/>\n<meta name=\"twitter:card\" content=\"summary_large_image\" \/>\n<meta name=\"twitter:creator\" content=\"@caridealauto\" \/>\n<meta name=\"twitter:site\" content=\"@caridealauto\" \/>\n<meta name=\"twitter:label1\" content=\"\u00c9crit par\" \/>\n\t<meta name=\"twitter:data1\" content=\"N.S Carideal\" \/>\n\t<meta name=\"twitter:label2\" content=\"Dur\u00e9e de lecture estim\u00e9e\" \/>\n\t<meta name=\"twitter:data2\" content=\"3 minutes\" \/>\n<script type=\"application\/ld+json\" class=\"yoast-schema-graph\">{\"@context\":\"https:\/\/schema.org\",\"@graph\":[{\"@type\":\"Article\",\"@id\":\"https:\/\/www.carideal.com\/blog\/2010\/06\/08\/autolib-paris-la-voiture-en-libre-service-sera-electrique\/#article\",\"isPartOf\":{\"@id\":\"https:\/\/www.carideal.com\/blog\/2010\/06\/08\/autolib-paris-la-voiture-en-libre-service-sera-electrique\/\"},\"author\":{\"name\":\"N.S Carideal\",\"@id\":\"https:\/\/www.carideal.com\/blog\/#\/schema\/person\/985c7e757d1042d647f21bfaf8d41ebc\"},\"headline\":\"Autolib Paris la voiture en libre-service sera \u00e9lectrique\",\"datePublished\":\"2010-06-08T13:42:00+00:00\",\"dateModified\":\"2020-04-24T09:22:38+00:00\",\"mainEntityOfPage\":{\"@id\":\"https:\/\/www.carideal.com\/blog\/2010\/06\/08\/autolib-paris-la-voiture-en-libre-service-sera-electrique\/\"},\"wordCount\":699,\"commentCount\":0,\"publisher\":{\"@id\":\"https:\/\/www.carideal.com\/blog\/#organization\"},\"image\":{\"@id\":\"https:\/\/www.carideal.com\/blog\/2010\/06\/08\/autolib-paris-la-voiture-en-libre-service-sera-electrique\/#primaryimage\"},\"thumbnailUrl\":\"https:\/\/www.carideal.com\/blog\/wp-content\/uploads\/2010\/06\/big_Peugeot_ion_carideal_m.jpg\",\"articleSection\":[\"Ecologie\",\"Voiture \u00e9lectrique\"],\"inLanguage\":\"fr-FR\",\"potentialAction\":[{\"@type\":\"CommentAction\",\"name\":\"Comment\",\"target\":[\"https:\/\/www.carideal.com\/blog\/2010\/06\/08\/autolib-paris-la-voiture-en-libre-service-sera-electrique\/#respond\"]}]},{\"@type\":\"WebPage\",\"@id\":\"https:\/\/www.carideal.com\/blog\/2010\/06\/08\/autolib-paris-la-voiture-en-libre-service-sera-electrique\/\",\"url\":\"https:\/\/www.carideal.com\/blog\/2010\/06\/08\/autolib-paris-la-voiture-en-libre-service-sera-electrique\/\",\"name\":\"Autolib Paris la voiture en libre-service sera \u00e9lectrique - Blog auto Carid\u00e9al\",\"isPartOf\":{\"@id\":\"https:\/\/www.carideal.com\/blog\/#website\"},\"primaryImageOfPage\":{\"@id\":\"https:\/\/www.carideal.com\/blog\/2010\/06\/08\/autolib-paris-la-voiture-en-libre-service-sera-electrique\/#primaryimage\"},\"image\":{\"@id\":\"https:\/\/www.carideal.com\/blog\/2010\/06\/08\/autolib-paris-la-voiture-en-libre-service-sera-electrique\/#primaryimage\"},\"thumbnailUrl\":\"https:\/\/www.carideal.com\/blog\/wp-content\/uploads\/2010\/06\/big_Peugeot_ion_carideal_m.jpg\",\"datePublished\":\"2010-06-08T13:42:00+00:00\",\"dateModified\":\"2020-04-24T09:22:38+00:00\",\"description\":\"L'\u00e9lu socialiste, \u00e9galement pr\u00e9sidente du syndicat mixte charg\u00e9 de la mise en \u0153uvre d'Autolib, a ainsi clarifi\u00e9 les choses. En effet, le doute subsistait quant \u00e0 savoir si les voitures retenues seraient \u00e9lectriques ou hybrides.\",\"breadcrumb\":{\"@id\":\"https:\/\/www.carideal.com\/blog\/2010\/06\/08\/autolib-paris-la-voiture-en-libre-service-sera-electrique\/#breadcrumb\"},\"inLanguage\":\"fr-FR\",\"potentialAction\":[{\"@type\":\"ReadAction\",\"target\":[\"https:\/\/www.carideal.com\/blog\/2010\/06\/08\/autolib-paris-la-voiture-en-libre-service-sera-electrique\/\"]}]},{\"@type\":\"ImageObject\",\"inLanguage\":\"fr-FR\",\"@id\":\"https:\/\/www.carideal.com\/blog\/2010\/06\/08\/autolib-paris-la-voiture-en-libre-service-sera-electrique\/#primaryimage\",\"url\":\"https:\/\/www.carideal.com\/blog\/wp-content\/uploads\/2010\/06\/big_Peugeot_ion_carideal_m.jpg\",\"contentUrl\":\"https:\/\/www.carideal.com\/blog\/wp-content\/uploads\/2010\/06\/big_Peugeot_ion_carideal_m.jpg\",\"width\":448,\"height\":296,\"caption\":\"Autolib Paris la voiture en libre-service sera \u00e9lectrique\"},{\"@type\":\"BreadcrumbList\",\"@id\":\"https:\/\/www.carideal.com\/blog\/2010\/06\/08\/autolib-paris-la-voiture-en-libre-service-sera-electrique\/#breadcrumb\",\"itemListElement\":[{\"@type\":\"ListItem\",\"position\":1,\"name\":\"Blog Carid\u00e9al\",\"item\":\"https:\/\/www.carideal.com\/blog\/\"},{\"@type\":\"ListItem\",\"position\":2,\"name\":\"Ecologie\",\"item\":\"https:\/\/www.carideal.com\/blog\/ecologie\/\"},{\"@type\":\"ListItem\",\"position\":3,\"name\":\"Autolib Paris la voiture en libre-service sera \u00e9lectrique\"}]},{\"@type\":\"WebSite\",\"@id\":\"https:\/\/www.carideal.com\/blog\/#website\",\"url\":\"https:\/\/www.carideal.com\/blog\/\",\"name\":\"Blog auto Carid\u00e9al\",\"description\":\"Actualit\u00e9 auto par des passionn\u00e9s\",\"publisher\":{\"@id\":\"https:\/\/www.carideal.com\/blog\/#organization\"},\"potentialAction\":[{\"@type\":\"SearchAction\",\"target\":{\"@type\":\"EntryPoint\",\"urlTemplate\":\"https:\/\/www.carideal.com\/blog\/?s={search_term_string}\"},\"query-input\":{\"@type\":\"PropertyValueSpecification\",\"valueRequired\":true,\"valueName\":\"search_term_string\"}}],\"inLanguage\":\"fr-FR\"},{\"@type\":\"Organization\",\"@id\":\"https:\/\/www.carideal.com\/blog\/#organization\",\"name\":\"Carideal\",\"url\":\"https:\/\/www.carideal.com\/blog\/\",\"logo\":{\"@type\":\"ImageObject\",\"inLanguage\":\"fr-FR\",\"@id\":\"https:\/\/www.carideal.com\/blog\/#\/schema\/logo\/image\/\",\"url\":\"http:\/\/www.carideal.com\/blog\/wp-content\/uploads\/2016\/03\/logo-carideal-mandataire-automobile.png\",\"contentUrl\":\"http:\/\/www.carideal.com\/blog\/wp-content\/uploads\/2016\/03\/logo-carideal-mandataire-automobile.png\",\"width\":300,\"height\":300,\"caption\":\"Carideal\"},\"image\":{\"@id\":\"https:\/\/www.carideal.com\/blog\/#\/schema\/logo\/image\/\"},\"sameAs\":[\"https:\/\/www.facebook.com\/Carideal.mandataire.automobile\",\"https:\/\/x.com\/caridealauto\",\"https:\/\/www.instagram.com\/carideal1\/\",\"https:\/\/www.linkedin.com\/company\/carideal.com\",\"https:\/\/fr.pinterest.com\/schiavonsas\/\",\"https:\/\/www.youtube.com\/user\/caridealsas\"]},{\"@type\":\"Person\",\"@id\":\"https:\/\/www.carideal.com\/blog\/#\/schema\/person\/985c7e757d1042d647f21bfaf8d41ebc\",\"name\":\"N.S Carideal\",\"image\":{\"@type\":\"ImageObject\",\"inLanguage\":\"fr-FR\",\"@id\":\"https:\/\/www.carideal.com\/blog\/#\/schema\/person\/image\/\",\"url\":\"https:\/\/secure.gravatar.com\/avatar\/edb7ccdf1a4e3d14aef967760d354d0e?s=96&r=g\",\"contentUrl\":\"https:\/\/secure.gravatar.com\/avatar\/edb7ccdf1a4e3d14aef967760d354d0e?s=96&r=g\",\"caption\":\"N.S Carideal\"},\"description\":\"Depuis tout petit fan d'automobile. Il est question d'essayer et de comparer toutes ces voitures qui nous ont fait r\u00e9ver, avant que celles-ci ne devient uniquement des voitures de collection.\",\"sameAs\":[\"http:\/\/www.carideal.com\/blog\",\"https:\/\/www.facebook.com\/Carideal.mandataire.automobile\/\",\"https:\/\/www.linkedin.com\/in\/nschiavon\/\",\"https:\/\/www.youtube.com\/user\/caridealsas\/\"],\"url\":\"https:\/\/www.carideal.com\/blog\/author\/admin_carideal\/\"}]}<\/script>\n<!-- \/ Yoast SEO plugin. -->","yoast_head_json":{"title":"Autolib Paris la voiture en libre-service sera \u00e9lectrique - Blog auto Carid\u00e9al","description":"L'\u00e9lu socialiste, \u00e9galement pr\u00e9sidente du syndicat mixte charg\u00e9 de la mise en \u0153uvre d'Autolib, a ainsi clarifi\u00e9 les choses. En effet, le doute subsistait quant \u00e0 savoir si les voitures retenues seraient \u00e9lectriques ou hybrides.","robots":{"index":"index","follow":"follow","max-snippet":"max-snippet:-1","max-image-preview":"max-image-preview:large","max-video-preview":"max-video-preview:-1"},"canonical":"https:\/\/www.carideal.com\/blog\/2010\/06\/08\/autolib-paris-la-voiture-en-libre-service-sera-electrique\/","og_locale":"fr_FR","og_type":"article","og_title":"Autolib Paris la voiture en libre-service sera \u00e9lectrique - Blog auto Carid\u00e9al","og_description":"L'\u00e9lu socialiste, \u00e9galement pr\u00e9sidente du syndicat mixte charg\u00e9 de la mise en \u0153uvre d'Autolib, a ainsi clarifi\u00e9 les choses. En effet, le doute subsistait quant \u00e0 savoir si les voitures retenues seraient \u00e9lectriques ou hybrides.","og_url":"https:\/\/www.carideal.com\/blog\/2010\/06\/08\/autolib-paris-la-voiture-en-libre-service-sera-electrique\/","og_site_name":"Blog auto Carid\u00e9al","article_publisher":"https:\/\/www.facebook.com\/Carideal.mandataire.automobile","article_author":"https:\/\/www.facebook.com\/Carideal.mandataire.automobile\/","article_published_time":"2010-06-08T13:42:00+00:00","article_modified_time":"2020-04-24T09:22:38+00:00","og_image":[{"width":448,"height":296,"url":"https:\/\/www.carideal.com\/blog\/wp-content\/uploads\/2010\/06\/big_Peugeot_ion_carideal_m.jpg","type":"image\/jpeg"}],"author":"N.S Carideal","twitter_card":"summary_large_image","twitter_creator":"@caridealauto","twitter_site":"@caridealauto","twitter_misc":{"\u00c9crit par":"N.S Carideal","Dur\u00e9e de lecture estim\u00e9e":"3 minutes"},"schema":{"@context":"https:\/\/schema.org","@graph":[{"@type":"Article","@id":"https:\/\/www.carideal.com\/blog\/2010\/06\/08\/autolib-paris-la-voiture-en-libre-service-sera-electrique\/#article","isPartOf":{"@id":"https:\/\/www.carideal.com\/blog\/2010\/06\/08\/autolib-paris-la-voiture-en-libre-service-sera-electrique\/"},"author":{"name":"N.S Carideal","@id":"https:\/\/www.carideal.com\/blog\/#\/schema\/person\/985c7e757d1042d647f21bfaf8d41ebc"},"headline":"Autolib Paris la voiture en libre-service sera \u00e9lectrique","datePublished":"2010-06-08T13:42:00+00:00","dateModified":"2020-04-24T09:22:38+00:00","mainEntityOfPage":{"@id":"https:\/\/www.carideal.com\/blog\/2010\/06\/08\/autolib-paris-la-voiture-en-libre-service-sera-electrique\/"},"wordCount":699,"commentCount":0,"publisher":{"@id":"https:\/\/www.carideal.com\/blog\/#organization"},"image":{"@id":"https:\/\/www.carideal.com\/blog\/2010\/06\/08\/autolib-paris-la-voiture-en-libre-service-sera-electrique\/#primaryimage"},"thumbnailUrl":"https:\/\/www.carideal.com\/blog\/wp-content\/uploads\/2010\/06\/big_Peugeot_ion_carideal_m.jpg","articleSection":["Ecologie","Voiture \u00e9lectrique"],"inLanguage":"fr-FR","potentialAction":[{"@type":"CommentAction","name":"Comment","target":["https:\/\/www.carideal.com\/blog\/2010\/06\/08\/autolib-paris-la-voiture-en-libre-service-sera-electrique\/#respond"]}]},{"@type":"WebPage","@id":"https:\/\/www.carideal.com\/blog\/2010\/06\/08\/autolib-paris-la-voiture-en-libre-service-sera-electrique\/","url":"https:\/\/www.carideal.com\/blog\/2010\/06\/08\/autolib-paris-la-voiture-en-libre-service-sera-electrique\/","name":"Autolib Paris la voiture en libre-service sera \u00e9lectrique - Blog auto Carid\u00e9al","isPartOf":{"@id":"https:\/\/www.carideal.com\/blog\/#website"},"primaryImageOfPage":{"@id":"https:\/\/www.carideal.com\/blog\/2010\/06\/08\/autolib-paris-la-voiture-en-libre-service-sera-electrique\/#primaryimage"},"image":{"@id":"https:\/\/www.carideal.com\/blog\/2010\/06\/08\/autolib-paris-la-voiture-en-libre-service-sera-electrique\/#primaryimage"},"thumbnailUrl":"https:\/\/www.carideal.com\/blog\/wp-content\/uploads\/2010\/06\/big_Peugeot_ion_carideal_m.jpg","datePublished":"2010-06-08T13:42:00+00:00","dateModified":"2020-04-24T09:22:38+00:00","description":"L'\u00e9lu socialiste, \u00e9galement pr\u00e9sidente du syndicat mixte charg\u00e9 de la mise en \u0153uvre d'Autolib, a ainsi clarifi\u00e9 les choses. En effet, le doute subsistait quant \u00e0 savoir si les voitures retenues seraient \u00e9lectriques ou hybrides.","breadcrumb":{"@id":"https:\/\/www.carideal.com\/blog\/2010\/06\/08\/autolib-paris-la-voiture-en-libre-service-sera-electrique\/#breadcrumb"},"inLanguage":"fr-FR","potentialAction":[{"@type":"ReadAction","target":["https:\/\/www.carideal.com\/blog\/2010\/06\/08\/autolib-paris-la-voiture-en-libre-service-sera-electrique\/"]}]},{"@type":"ImageObject","inLanguage":"fr-FR","@id":"https:\/\/www.carideal.com\/blog\/2010\/06\/08\/autolib-paris-la-voiture-en-libre-service-sera-electrique\/#primaryimage","url":"https:\/\/www.carideal.com\/blog\/wp-content\/uploads\/2010\/06\/big_Peugeot_ion_carideal_m.jpg","contentUrl":"https:\/\/www.carideal.com\/blog\/wp-content\/uploads\/2010\/06\/big_Peugeot_ion_carideal_m.jpg","width":448,"height":296,"caption":"Autolib Paris la voiture en libre-service sera \u00e9lectrique"},{"@type":"BreadcrumbList","@id":"https:\/\/www.carideal.com\/blog\/2010\/06\/08\/autolib-paris-la-voiture-en-libre-service-sera-electrique\/#breadcrumb","itemListElement":[{"@type":"ListItem","position":1,"name":"Blog Carid\u00e9al","item":"https:\/\/www.carideal.com\/blog\/"},{"@type":"ListItem","position":2,"name":"Ecologie","item":"https:\/\/www.carideal.com\/blog\/ecologie\/"},{"@type":"ListItem","position":3,"name":"Autolib Paris la voiture en libre-service sera \u00e9lectrique"}]},{"@type":"WebSite","@id":"https:\/\/www.carideal.com\/blog\/#website","url":"https:\/\/www.carideal.com\/blog\/","name":"Blog auto Carid\u00e9al","description":"Actualit\u00e9 auto par des passionn\u00e9s","publisher":{"@id":"https:\/\/www.carideal.com\/blog\/#organization"},"potentialAction":[{"@type":"SearchAction","target":{"@type":"EntryPoint","urlTemplate":"https:\/\/www.carideal.com\/blog\/?s={search_term_string}"},"query-input":{"@type":"PropertyValueSpecification","valueRequired":true,"valueName":"search_term_string"}}],"inLanguage":"fr-FR"},{"@type":"Organization","@id":"https:\/\/www.carideal.com\/blog\/#organization","name":"Carideal","url":"https:\/\/www.carideal.com\/blog\/","logo":{"@type":"ImageObject","inLanguage":"fr-FR","@id":"https:\/\/www.carideal.com\/blog\/#\/schema\/logo\/image\/","url":"http:\/\/www.carideal.com\/blog\/wp-content\/uploads\/2016\/03\/logo-carideal-mandataire-automobile.png","contentUrl":"http:\/\/www.carideal.com\/blog\/wp-content\/uploads\/2016\/03\/logo-carideal-mandataire-automobile.png","width":300,"height":300,"caption":"Carideal"},"image":{"@id":"https:\/\/www.carideal.com\/blog\/#\/schema\/logo\/image\/"},"sameAs":["https:\/\/www.facebook.com\/Carideal.mandataire.automobile","https:\/\/x.com\/caridealauto","https:\/\/www.instagram.com\/carideal1\/","https:\/\/www.linkedin.com\/company\/carideal.com","https:\/\/fr.pinterest.com\/schiavonsas\/","https:\/\/www.youtube.com\/user\/caridealsas"]},{"@type":"Person","@id":"https:\/\/www.carideal.com\/blog\/#\/schema\/person\/985c7e757d1042d647f21bfaf8d41ebc","name":"N.S Carideal","image":{"@type":"ImageObject","inLanguage":"fr-FR","@id":"https:\/\/www.carideal.com\/blog\/#\/schema\/person\/image\/","url":"https:\/\/secure.gravatar.com\/avatar\/edb7ccdf1a4e3d14aef967760d354d0e?s=96&r=g","contentUrl":"https:\/\/secure.gravatar.com\/avatar\/edb7ccdf1a4e3d14aef967760d354d0e?s=96&r=g","caption":"N.S Carideal"},"description":"Depuis tout petit fan d'automobile. Il est question d'essayer et de comparer toutes ces voitures qui nous ont fait r\u00e9ver, avant que celles-ci ne devient uniquement des voitures de collection.","sameAs":["http:\/\/www.carideal.com\/blog","https:\/\/www.facebook.com\/Carideal.mandataire.automobile\/","https:\/\/www.linkedin.com\/in\/nschiavon\/","https:\/\/www.youtube.com\/user\/caridealsas\/"],"url":"https:\/\/www.carideal.com\/blog\/author\/admin_carideal\/"}]}},"uagb_featured_image_src":{"full":["https:\/\/www.carideal.com\/blog\/wp-content\/uploads\/2010\/06\/big_Peugeot_ion_carideal_m.jpg",448,296,false],"thumbnail":["https:\/\/www.carideal.com\/blog\/wp-content\/uploads\/2010\/06\/big_Peugeot_ion_carideal_m-150x150.jpg",150,150,true],"medium":["https:\/\/www.carideal.com\/blog\/wp-content\/uploads\/2010\/06\/big_Peugeot_ion_carideal_m-300x198.jpg",300,198,true],"medium_large":["https:\/\/www.carideal.com\/blog\/wp-content\/uploads\/2010\/06\/big_Peugeot_ion_carideal_m.jpg",448,296,false],"large":["https:\/\/www.carideal.com\/blog\/wp-content\/uploads\/2010\/06\/big_Peugeot_ion_carideal_m.jpg",448,296,false],"1536x1536":["https:\/\/www.carideal.com\/blog\/wp-content\/uploads\/2010\/06\/big_Peugeot_ion_carideal_m.jpg",448,296,false],"2048x2048":["https:\/\/www.carideal.com\/blog\/wp-content\/uploads\/2010\/06\/big_Peugeot_ion_carideal_m.jpg",448,296,false],"wppr-widget":["https:\/\/www.carideal.com\/blog\/wp-content\/uploads\/2010\/06\/big_Peugeot_ion_carideal_m-50x33.jpg",50,33,true]},"uagb_author_info":{"display_name":"N.S Carideal","author_link":"https:\/\/www.carideal.com\/blog\/author\/admin_carideal\/"},"uagb_comment_info":0,"uagb_excerpt":"Autolib Paris la voiture en libre-service sera \u00e9lectrique L'\u00e9lu socialiste, \u00e9galement pr\u00e9sidente du syndicat mixte charg\u00e9 de la mise en \u0153uvre d'Autolib, a ainsi clarifi\u00e9 les choses. En effet, le doute subsistait quant \u00e0 savoir si les voitures retenues seraient \u00e9lectriques ou hybrides. La d\u00e9cision a donc \u00e9t\u00e9 prise de recourir \u00e0 des v\u00e9hicules z\u00e9ro\u2026","_links":{"self":[{"href":"https:\/\/www.carideal.com\/blog\/wp-json\/wp\/v2\/posts\/169"}],"collection":[{"href":"https:\/\/www.carideal.com\/blog\/wp-json\/wp\/v2\/posts"}],"about":[{"href":"https:\/\/www.carideal.com\/blog\/wp-json\/wp\/v2\/types\/post"}],"author":[{"embeddable":true,"href":"https:\/\/www.carideal.com\/blog\/wp-json\/wp\/v2\/users\/1"}],"replies":[{"embeddable":true,"href":"https:\/\/www.carideal.com\/blog\/wp-json\/wp\/v2\/comments?post=169"}],"version-history":[{"count":0,"href":"https:\/\/www.carideal.com\/blog\/wp-json\/wp\/v2\/posts\/169\/revisions"}],"wp:featuredmedia":[{"embeddable":true,"href":"https:\/\/www.carideal.com\/blog\/wp-json\/wp\/v2\/media\/25148"}],"wp:attachment":[{"href":"https:\/\/www.carideal.com\/blog\/wp-json\/wp\/v2\/media?parent=169"}],"wp:term":[{"taxonomy":"category","embeddable":true,"href":"https:\/\/www.carideal.com\/blog\/wp-json\/wp\/v2\/categories?post=169"},{"taxonomy":"post_tag","embeddable":true,"href":"https:\/\/www.carideal.com\/blog\/wp-json\/wp\/v2\/tags?post=169"}],"curies":[{"name":"wp","href":"https:\/\/api.w.org\/{rel}","templated":true}]}}