{"id":16867,"date":"2018-02-08T21:44:41","date_gmt":"2018-02-08T20:44:41","guid":{"rendered":"http:\/\/www.carideal.com\/blog\/?p=16867"},"modified":"2025-03-26T10:20:40","modified_gmt":"2025-03-26T09:20:40","slug":"spacex-elon-musktesla-mars","status":"publish","type":"post","link":"https:\/\/www.carideal.com\/blog\/2018\/02\/08\/spacex-elon-musktesla-mars\/","title":{"rendered":"SpaceX : comment Elon Musk envoie une Tesla vers Mars"},"content":{"rendered":"<p><iframe loading=\"lazy\" title=\"Elon Musk&#039;s dummy astronaut orbiting Earth in a Tesla \u2013 timelapse video\" width=\"1200\" height=\"675\" src=\"https:\/\/www.youtube.com\/embed\/MS79Pk4naEk?feature=oembed\" frameborder=\"0\" allow=\"accelerometer; autoplay; clipboard-write; encrypted-media; gyroscope; picture-in-picture; web-share\" allowfullscreen><\/iframe><\/p>\n\n\n\n<h1 class=\"wp-block-heading\">Bizarre SpaceX : comment Elon Musk a envoy\u00e9 une&nbsp;Tesla vers Mars<\/h1>\n\n\n\n<p>Un Starman assis dans une bo\u00eete de conserve navigue actuellement dans les cieux,&nbsp;avec en bande son&nbsp;du David Bowie. Comment&nbsp;en sommes nous arriv\u00e9s l\u00e0&nbsp;? Il y a avait les cochons dans l'espace, mais maintenant c'est une <strong>Tesla dans l'espace<\/strong> !!<\/p>\n\n\n\n<ul class=\"wp-block-list\">\n<li><a href=\"https:\/\/www.carideal.com\/blog\/2025\/03\/26\/pourquoi-le-tesla-cybertruck-est-il-un-echec-commercial-prix-eleve-defauts-techniques-et-polemiques\/\">Pourquoi le Tesla Cybertruck est-il un \u00e9chec commercial ? Prix \u00e9lev\u00e9, d\u00e9fauts techniques et pol\u00e9miques<\/a><\/li>\n<\/ul>\n\n\n\n<h2 class=\"wp-block-heading\">Vid\u00e9o: regardez le lancement de la fus\u00e9e Falcon Heavy avec sa Tesla<\/h2>\n\n\n\n<p>Il faut un ou deux battements pour que le cerveau calcule. L'image est surprenante, incongrue, folle. Une voiture flotte dans l'espace. Au volant se trouve un scaphandre&nbsp;attach\u00e9 par une ceinture de s\u00e9curit\u00e9. La Terre est derri\u00e8re. Les deux&nbsp;choses ne fonctionnent pas ensemble. L'image&nbsp;ressemble \u00e0 un mauvais montage&nbsp;Photoshop. Mais NON c'est r\u00e9el.<\/p>\n\n\n\n<p>La photo a \u00e9t\u00e9 transmise \u00e0 la Terre gr\u00e2ce \u00e0 l'ego, la bravade et le go\u00fbt de l'absurde d'Elon Musk. C'est la folie humaine et le g\u00e9nie en un, une image qui r\u00e9sume ce que pourrait \u00eatre 2018. La vie sur Terre est pr\u00e9caire, alors nous regardons vers les \u00e9toiles.<\/p>\n\n\n\n<p>Alors comment en sommes-nous arriv\u00e9s l\u00e0 : un astronaute fictif navigue dans l'espace dans une voiture \u00e9lectrique, avec une note pratique pour les&nbsp;aliens - \"Fabriqu\u00e9 sur la terre par les humains\" - imprim\u00e9 sur la carte de circuit imprim\u00e9 MDR<\/p>\n\n\n\n<p><iframe loading=\"lazy\" src=\"https:\/\/www.youtube.com\/embed\/MS79Pk4naEk\" width=\"560\" height=\"315\" frameborder=\"0\" allowfullscreen=\"allowfullscreen\"><\/iframe><\/p>\n\n\n\n<p>M\u00eame Elon Musk, l'ing\u00e9nieur en chef du spectacle de cirque, a \u00e9t\u00e9 surpris que son coup audacieux a fonctionn\u00e9.<\/p>\n\n\n\n<blockquote class=\"wp-block-quote is-layout-flow wp-block-quote-is-layout-flow\">\n<p>\"Apparemment, il y a une voiture en orbite autour de la Terre\",<\/p>\n<\/blockquote>\n\n\n\n<p>at-il <a href=\"https:\/\/twitter.com\/elonmusk\/status\/960992715579125760\">tweet\u00e9<\/a>. Son plan pour ce Roadster&nbsp;de&nbsp;100 000 $ - avec le message \u00abNe paniquez pas!\u00bb Estampill\u00e9 sur le tableau de bord et David Bowie en playlist&nbsp;dans les haut-parleurs -&nbsp;est de traverser les ceintures de radiation \u00e0 haute \u00e9nergie qui tournent&nbsp;autour de la Terre vers l'espace profond.<\/p>\n\n\n\n<h2 class=\"wp-block-heading\">La fus\u00e9e la plus puissante en op\u00e9ration<\/h2>\n\n\n\n<p>Son&nbsp;plan de navigation le rapprochera de Mars. Il y a une petite chance que&nbsp;la Tesla&nbsp;puisse s'\u00e9craser sur la plan\u00e8te.&nbsp;Si elle reste sur la bonne voie,&nbsp;elle d\u00e9rivera dans l'espace, potentiellement pendant des millions d'ann\u00e9es.<\/p>\n\n\n\n<p><iframe loading=\"lazy\" src=\"https:\/\/www.youtube.com\/embed\/T_mO6hro_Cc\" width=\"560\" height=\"315\" frameborder=\"0\" allowfullscreen=\"allowfullscreen\"><\/iframe><\/p>\n\n\n\n<p>Le Roadster a \u00e9t\u00e9&nbsp;lanc\u00e9 dans l'espace par Musk et&nbsp;son plus gros pari : son entreprise <strong>SpaceX<\/strong> : le <strong>Falcon Heavy<\/strong>, d\u00e9sormais la plus puissante fus\u00e9e en op\u00e9ration et la deuxi\u00e8me apr\u00e8s les fus\u00e9es Saturn V, qui transportaient des hommes sur la Lune pendant l'\u00e8re Apollo.<br>\nFalcon Heavy : la fus\u00e9e g\u00e9ante SpaceX d'Elon Musk fait un lancement triomphal<br>\nLe Falcon a \u00e9t\u00e9 lanc\u00e9 mardi \u00e0 partir de Cap Canaveral, surveill\u00e9 par des centaines de milliers de personnes qui ont envahi la c\u00f4te spatiale de la Floride.<\/p>\n\n\n\n<figure class=\"wp-block-image alignnone\"><a href=\"http:\/\/www.carideal.com\/blog\/wp-content\/uploads\/2018\/02\/spaceX-e1518115328996.jpg\"><img loading=\"lazy\" decoding=\"async\" width=\"600\" height=\"341\" src=\"http:\/\/www.carideal.com\/blog\/wp-content\/uploads\/2018\/02\/spaceX-e1518115328996.jpg\" alt=\"Un graphique montrant le chemin de la fus\u00e9e Falcon Heavy\" class=\"wp-image-16890\"\/><\/a><figcaption class=\"wp-element-caption\">Un graphique montrant le chemin de la fus\u00e9e Falcon Heavy<\/figcaption><\/figure>\n\n\n\n<p>Mais m\u00eame Musk n'\u00e9tait pas s\u00fbr que cela fonctionnerait, estimant&nbsp;la chance d'un lancement enti\u00e8rement r\u00e9ussi \u00e0 50%. Le jour du lancement, l'entreprise a retard\u00e9 le lancement pendant plus de trois heures, citant des vents violents.<\/p>\n\n\n\n<p>Quelques minutes avant le compte \u00e0 rebours, Jeff Lucas, un membre du personnel de communication de la Nasa et un des responsables de la soir\u00e9e de visionnage au Centre Saturn V, n'\u00e9tait pas confiant. \"Si elle d\u00e9colle, n'applaudissez pas\", a-t-il dit au public. \"Ne pas applaudir avant de voir ces flammes oranges d\u00e9gager la tour.\"<\/p>\n\n\n\n<p>\u00c0 la fin, les vents se sont calm\u00e9s, le ciel s'est d\u00e9gag\u00e9 et le Falcon - envelopp\u00e9 dans la vapeur et la brume - a d\u00e9coll\u00e9 pour affirmer&nbsp;sa place dans l'espace et l'histoire.<\/p>\n\n\n\n<p>Quelques instants plus tard, les boosters lat\u00e9raux se s\u00e9par\u00e8rent, commen\u00e7ant leur danse chor\u00e9graphique pour leur retour sur Terre. Au centre de lancement SpaceX, les hauts parleurs ont alors r\u00e9pandu la chanson Life on Mars de David Bowie.<\/p>\n\n\n\n<p>Le SpaceX Falcon Heavy est lanc\u00e9 depuis le Pad 39A au Kennedy Space Center en Floride<\/p>\n\n\n\n<figure class=\"wp-block-image alignnone\"><a href=\"http:\/\/www.carideal.com\/blog\/wp-content\/uploads\/2018\/02\/Falcon-x-e1518116444234.jpg\"><img loading=\"lazy\" decoding=\"async\" width=\"600\" height=\"338\" src=\"http:\/\/www.carideal.com\/blog\/wp-content\/uploads\/2018\/02\/Falcon-x-e1518116444234.jpg\" alt=\"Les cris et les acclamations ont \u00e9clat\u00e9 pendant que la fus\u00e9e massive a tir\u00e9 ses 27 moteurs et a grond\u00e9 dans le ciel bleu\" class=\"wp-image-16891\"\/><\/a><figcaption class=\"wp-element-caption\">Les cris et les acclamations ont \u00e9clat\u00e9 pendant que la fus\u00e9e massive a tir\u00e9 ses 27 moteurs et a grond\u00e9 dans le ciel bleu<\/figcaption><\/figure>\n\n\n\n<p>Le Roadster, toujours attach\u00e9 \u00e0 l'\u00e9tage sup\u00e9rieur de la fus\u00e9e, passera des heures zapp\u00e9 par les rayons radioactifs dans les&nbsp;champs de radiation de Van Allen. Apr\u00e8s cela, si tout tout va bien, les boosters&nbsp;du dernier \u00e9tage&nbsp;s'allumeront une derni\u00e8re fois, poussant la <a href=\"http:\/\/www.carideal.com\/blog\/marque-de-voiture-actualites-essais\/tesla\/\">Tesla<\/a> vers son orbite elliptique autour de Mars. Si les choses ne se passent pas conform\u00e9ment au plan,&nbsp;la Tesla pourrait orbiter autour de la Terre, potentiellement ind\u00e9finiment.<\/p>\n\n\n\n<h2 class=\"wp-block-heading\">Combustions&nbsp;contr\u00f4l\u00e9es<\/h2>\n\n\n\n<p>Le succ\u00e8s de Falcon fournit aux \u00c9tats-Unis une capacit\u00e9 de transport lourd dans l'espace in\u00e9gal\u00e9e depuis les ann\u00e9es 60 - assez grande pour transporter une voiture comme charge utile juste pour s'amuser. SpaceX a&nbsp;fait atterrir&nbsp;ses fus\u00e9es usag\u00e9es via des&nbsp;combustions contr\u00f4l\u00e9es, r\u00e9duisant le co\u00fbt du vol spatial de milliards \u00e0 des dizaines de millions (le lancement du Falcon Heavy a co\u00fbt\u00e9 90 millions de dollars, alors que la fus\u00e9e SLS pr\u00e9vue par la NASA, un syst\u00e8me comparable, devrait co\u00fbter environ 1 milliard de dollars par vol).<\/p>\n\n\n\n<figure class=\"wp-block-image alignnone\"><a href=\"http:\/\/www.carideal.com\/blog\/wp-content\/uploads\/2018\/02\/spaceX-launch-tesla-e1518120105570.jpg\"><img loading=\"lazy\" decoding=\"async\" width=\"600\" height=\"367\" src=\"http:\/\/www.carideal.com\/blog\/wp-content\/uploads\/2018\/02\/spaceX-launch-tesla-e1518120105570.jpg\" alt=\"Les spectateurs de Cocoa Beach regardent la premi\u00e8re fus\u00e9e Falcon Heavy de SpaceX depuis le Kennedy Space Center, Floride, \u00c9tats-Unis\" class=\"wp-image-16892\"\/><\/a><figcaption class=\"wp-element-caption\">Les spectateurs de Cocoa Beach regardent la premi\u00e8re fus\u00e9e Falcon Heavy de SpaceX depuis le Kennedy Space Center, Floride, \u00c9tats-Unis<\/figcaption><\/figure>\n\n\n\n<p>Les spectateurs de Cocoa Beach regardent le premier lancement de la fus\u00e9e Falcon Heavy de SpaceX<br>\nDeux des trois boosters ont atterri en toute s\u00e9curit\u00e9. Le troisi\u00e8me, que SpaceX avait pr\u00e9dit d'\u00eatre tr\u00e8s difficile d'\u00eatre r\u00e9cup\u00e9r\u00e9, a&nbsp;am\u00e9ri&nbsp;dans l'Atlantique \u00e0 environ 483 km \/ h.<\/p>\n\n\n\n<h2 class=\"wp-block-heading\">Une charge utile plus&nbsp;utile ?<\/h2>\n\n\n\n<p>Musk n'est pas sans critiques. Beaucoup se demandaient \u00e0 quoi servait ce coup m\u00e9diatique co\u00fbteux. La fus\u00e9e la plus puissante de notre \u00e9poque n'aurait-elle pas d\u00fb transporter une charge utile plus utile ?<\/p>\n\n\n\n<p>De toute fa\u00e7on, le plan a fonctionn\u00e9 et place SpaceX loin devant dans la course spatiale.<\/p>\n\n\n\n<blockquote class=\"wp-block-quote is-layout-flow wp-block-quote-is-layout-flow\">\n<p>\"Si nous r\u00e9ussissons,&nbsp;s'en est termin\u00e9 pour les autres op\u00e9rateurs de fus\u00e9es lourdes\",<\/p>\n<\/blockquote>\n\n\n\n<p>a d\u00e9clar\u00e9 Musk avant le d\u00e9collage.<\/p>\n\n\n\n<blockquote class=\"wp-block-quote is-layout-flow wp-block-quote-is-layout-flow\">\n<p>\u00abC'est comme si une compagnie a\u00e9rienne avait des avions r\u00e9utilisables et que toutes les autres compagnies avaient des avions \u00e0 usage unique, et que vous sautiez en parachute&nbsp;arriv\u00e9 \u00e0 votre destination et que l'avion s'\u00e9craserait quelque part.&nbsp;Aussi fou que cela paraisse, c'est comme \u00e7a que \u00e7a marche. \"<\/p>\n<\/blockquote>\n\n\n\n<figure class=\"wp-block-image alignnone\"><a href=\"http:\/\/www.carideal.com\/blog\/wp-content\/uploads\/2018\/02\/tesla-spacex-e1518120841283.jpg\"><img loading=\"lazy\" decoding=\"async\" width=\"600\" height=\"400\" src=\"http:\/\/www.carideal.com\/blog\/wp-content\/uploads\/2018\/02\/tesla-spacex-e1518120841283.jpg\" alt=\"Starman le robot dans la Tesla Roadster rouge qui \u00e9tait \u00e0 l'int\u00e9rieur de la fus\u00e9e Falcon Heavy\" class=\"wp-image-16893\"\/><\/a><figcaption class=\"wp-element-caption\">Starman le robot dans la Tesla Roadster rouge qui \u00e9tait \u00e0 l'int\u00e9rieur de la fus\u00e9e Falcon Heavy<\/figcaption><\/figure>\n\n\n\n<p>Cette image prise d'une vid\u00e9o en direct de SpaceX montre \"Starman\" assis dans le roadster Tesla rouge de Elon Musk, apr\u00e8s que la fus\u00e9e Falcon Heavy l'ait mise en orbite autour de la Terre le 2 f\u00e9vrier 2018. Des cris et des acclamations ont \u00e9clat\u00e9 \u00e0 Cape Canaveral&nbsp;en Floride La fus\u00e9e massive a&nbsp;lanc\u00e9 ses 27 moteurs et a grond\u00e9 dans le ciel bleu au-dessus du m\u00eame&nbsp;champ de tir&nbsp;de la NASA qui a servi de base aux missions am\u00e9ricaines&nbsp;sur la lune il ya quatre d\u00e9cennies.<\/p>\n\n\n\n<figure class=\"wp-block-image alignnone\"><a href=\"http:\/\/www.carideal.com\/blog\/wp-content\/uploads\/2018\/02\/dont-panic-tesla.jpg\"><img loading=\"lazy\" decoding=\"async\" width=\"620\" height=\"347\" src=\"http:\/\/www.carideal.com\/blog\/wp-content\/uploads\/2018\/02\/dont-panic-tesla.jpg\" alt=\"Don't Panic Tesla en route pour Mars\" class=\"wp-image-16894\" srcset=\"https:\/\/www.carideal.com\/blog\/wp-content\/uploads\/2018\/02\/dont-panic-tesla.jpg 620w, https:\/\/www.carideal.com\/blog\/wp-content\/uploads\/2018\/02\/dont-panic-tesla-300x168.jpg 300w, https:\/\/www.carideal.com\/blog\/wp-content\/uploads\/2018\/02\/dont-panic-tesla-110x62.jpg 110w, https:\/\/www.carideal.com\/blog\/wp-content\/uploads\/2018\/02\/dont-panic-tesla-420x235.jpg 420w, https:\/\/www.carideal.com\/blog\/wp-content\/uploads\/2018\/02\/dont-panic-tesla-248x138.jpg 248w\" sizes=\"(max-width: 620px) 100vw, 620px\" \/><\/a><figcaption class=\"wp-element-caption\">Don't Panic Tesla en route pour Mars<\/figcaption><\/figure>\n\n\n\n<figure class=\"wp-block-image alignnone\"><a href=\"http:\/\/www.carideal.com\/blog\/wp-content\/uploads\/2018\/02\/Tesla-scaphandre.jpg\"><img loading=\"lazy\" decoding=\"async\" width=\"620\" height=\"349\" src=\"http:\/\/www.carideal.com\/blog\/wp-content\/uploads\/2018\/02\/Tesla-scaphandre.jpg\" alt=\"Scaphandre dans la voiture de sport rouge Tesla d'Elon Musk qui a \u00e9t\u00e9 lanc\u00e9 dans l'espace\" class=\"wp-image-16895\" srcset=\"https:\/\/www.carideal.com\/blog\/wp-content\/uploads\/2018\/02\/Tesla-scaphandre.jpg 620w, https:\/\/www.carideal.com\/blog\/wp-content\/uploads\/2018\/02\/Tesla-scaphandre-300x169.jpg 300w, https:\/\/www.carideal.com\/blog\/wp-content\/uploads\/2018\/02\/Tesla-scaphandre-110x62.jpg 110w, https:\/\/www.carideal.com\/blog\/wp-content\/uploads\/2018\/02\/Tesla-scaphandre-420x236.jpg 420w\" sizes=\"(max-width: 620px) 100vw, 620px\" \/><\/a><figcaption class=\"wp-element-caption\">Scaphandre dans la voiture de sport rouge Tesla d'Elon Musk qui a \u00e9t\u00e9 lanc\u00e9 dans l'espace<\/figcaption><\/figure>\n\n\n\n<p>IL s'est pass\u00e9 beaucoup de temps depuis les lancements \u00e9chou\u00e9s de 2015, lors de la perte de la mission CRS-7, et 2016, lorsqu'un petit Falcon 9 a explos\u00e9 sur une zone de lancement \u00e0 Cape Canaveral, et l'ont contraint \u00e0 fermer pour r\u00e9parations depuis plus d'un an.<\/p>\n\n\n\n<p>Le lancement r\u00e9ussi du Falcon Heavy propulse le r\u00eave&nbsp;sur une nouvelle orbite. Les plans comprennent la construction d'une nouvelle station spatiale au-dessus de la Lune, le transport de nouveaux satellites de t\u00e9l\u00e9communication ou d'espionnage, et le transport de personnes vers des destinations dans l'espace lointain. En f\u00e9vrier dernier, SpaceX a annonc\u00e9 son intention d'envoyer deux citoyens priv\u00e9s en voyage autour de la lune, peut-\u00eatre d\u00e8s cette ann\u00e9e.<\/p>\n\n\n\n<figure class=\"wp-block-image alignnone\"><a href=\"http:\/\/www.carideal.com\/blog\/wp-content\/uploads\/2018\/02\/tesla-route-mars-e1518121886304.jpg\"><img loading=\"lazy\" decoding=\"async\" width=\"600\" height=\"338\" src=\"http:\/\/www.carideal.com\/blog\/wp-content\/uploads\/2018\/02\/tesla-route-mars-e1518121886304.jpg\" alt=\"En attendant, le Roadster Tesla va continuer son cours solitaire \u00e0 travers l'espace en direction de Mars\" class=\"wp-image-16896\"\/><\/a><figcaption class=\"wp-element-caption\">En attendant, le Roadster Tesla va continuer son cours solitaire \u00e0 travers l'espace en direction de Mars<\/figcaption><\/figure>\n\n\n\n<p>Les \u00e9toiles ont l'air tr\u00e8s diff\u00e9rentes aujourd'hui.<\/p>\n","protected":false},"excerpt":{"rendered":"<p>Bizarre SpaceX : comment Elon Musk a envoy\u00e9 une&nbsp;Tesla vers Mars Un Starman assis dans une bo\u00eete de conserve navigue actuellement dans les cieux,&nbsp;avec en bande son&nbsp;du David Bowie. Comment&nbsp;en sommes nous arriv\u00e9s l\u00e0&nbsp;? Il y a avait les cochons dans l&rsquo;espace, mais maintenant c&rsquo;est une Tesla dans l&rsquo;espace !! Vid\u00e9o: regardez le lancement de &#8230; <a title=\"SpaceX : comment Elon Musk envoie une Tesla vers Mars\" class=\"read-more\" href=\"https:\/\/www.carideal.com\/blog\/2018\/02\/08\/spacex-elon-musktesla-mars\/\" aria-label=\"En savoir plus sur SpaceX : comment Elon Musk envoie une Tesla vers Mars\">Lire plus<\/a><\/p>\n","protected":false},"author":3,"featured_media":16895,"comment_status":"open","ping_status":"open","sticky":false,"template":"","format":"standard","meta":{"_uag_custom_page_level_css":"","_themeisle_gutenberg_block_has_review":false,"footnotes":""},"categories":[5986,9,5994,18],"tags":[],"class_list":["post-16867","post","type-post","status-publish","format-standard","has-post-thumbnail","hentry","category-tesla","category-divers","category-fun","category-videos"],"wppr_data":{"cwp_meta_box_check":"No"},"yoast_head":"<!-- This site is optimized with the Yoast SEO plugin v24.8.1 - https:\/\/yoast.com\/wordpress\/plugins\/seo\/ -->\n<title>SpaceX : comment Elon Musk envoie une Tesla vers Mars - Blog auto Carid\u00e9al<\/title>\n<meta name=\"description\" content=\"Un Starman assis dans une Tesla navigue actuellement dans l&#039;espace, sonoris\u00e9 par David Bowie et pouss\u00e9 par SpaceX. Comment en sommes nous arriv\u00e9s l\u00e0 ?\" \/>\n<meta name=\"robots\" content=\"index, follow, max-snippet:-1, max-image-preview:large, max-video-preview:-1\" \/>\n<link rel=\"canonical\" href=\"https:\/\/www.carideal.com\/blog\/2018\/02\/08\/spacex-elon-musktesla-mars\/\" \/>\n<meta property=\"og:locale\" content=\"fr_FR\" \/>\n<meta property=\"og:type\" content=\"article\" \/>\n<meta property=\"og:title\" content=\"SpaceX : comment Elon Musk envoie une Tesla vers Mars - Blog auto Carid\u00e9al\" \/>\n<meta property=\"og:description\" content=\"Un Starman assis dans une Tesla navigue actuellement dans l&#039;espace, sonoris\u00e9 par David Bowie et pouss\u00e9 par SpaceX. Comment en sommes nous arriv\u00e9s l\u00e0 ?\" \/>\n<meta property=\"og:url\" content=\"https:\/\/www.carideal.com\/blog\/2018\/02\/08\/spacex-elon-musktesla-mars\/\" \/>\n<meta property=\"og:site_name\" content=\"Blog auto Carid\u00e9al\" \/>\n<meta property=\"article:publisher\" content=\"https:\/\/www.facebook.com\/Carideal.mandataire.automobile\" \/>\n<meta property=\"article:author\" content=\"https:\/\/www.facebook.com\/nicolas.schiavon.39\" \/>\n<meta property=\"article:published_time\" content=\"2018-02-08T20:44:41+00:00\" \/>\n<meta property=\"article:modified_time\" content=\"2025-03-26T09:20:40+00:00\" \/>\n<meta property=\"og:image\" content=\"https:\/\/www.carideal.com\/blog\/wp-content\/uploads\/2018\/02\/Tesla-scaphandre.jpg\" \/>\n\t<meta property=\"og:image:width\" content=\"620\" \/>\n\t<meta property=\"og:image:height\" content=\"349\" \/>\n\t<meta property=\"og:image:type\" content=\"image\/jpeg\" \/>\n<meta name=\"author\" content=\"Nicolas SCHIAVON\" \/>\n<meta name=\"twitter:card\" content=\"summary_large_image\" \/>\n<meta name=\"twitter:creator\" content=\"@caridealauto\" \/>\n<meta name=\"twitter:site\" content=\"@caridealauto\" \/>\n<meta name=\"twitter:label1\" content=\"\u00c9crit par\" \/>\n\t<meta name=\"twitter:data1\" content=\"Nicolas SCHIAVON\" \/>\n\t<meta name=\"twitter:label2\" content=\"Dur\u00e9e de lecture estim\u00e9e\" \/>\n\t<meta name=\"twitter:data2\" content=\"8 minutes\" \/>\n<script type=\"application\/ld+json\" class=\"yoast-schema-graph\">{\"@context\":\"https:\/\/schema.org\",\"@graph\":[{\"@type\":\"Article\",\"@id\":\"https:\/\/www.carideal.com\/blog\/2018\/02\/08\/spacex-elon-musktesla-mars\/#article\",\"isPartOf\":{\"@id\":\"https:\/\/www.carideal.com\/blog\/2018\/02\/08\/spacex-elon-musktesla-mars\/\"},\"author\":{\"name\":\"Nicolas SCHIAVON\",\"@id\":\"https:\/\/www.carideal.com\/blog\/#\/schema\/person\/cd95dc7919660de90d31b366f85be1ec\"},\"headline\":\"SpaceX : comment Elon Musk envoie une Tesla vers Mars\",\"datePublished\":\"2018-02-08T20:44:41+00:00\",\"dateModified\":\"2025-03-26T09:20:40+00:00\",\"mainEntityOfPage\":{\"@id\":\"https:\/\/www.carideal.com\/blog\/2018\/02\/08\/spacex-elon-musktesla-mars\/\"},\"wordCount\":1416,\"commentCount\":0,\"publisher\":{\"@id\":\"https:\/\/www.carideal.com\/blog\/#organization\"},\"image\":{\"@id\":\"https:\/\/www.carideal.com\/blog\/2018\/02\/08\/spacex-elon-musktesla-mars\/#primaryimage\"},\"thumbnailUrl\":\"https:\/\/www.carideal.com\/blog\/wp-content\/uploads\/2018\/02\/Tesla-scaphandre.jpg\",\"articleSection\":[\"Actualit\u00e9 Tesla\",\"Divers\",\"Fun\",\"Vid\u00e9o voiture : vid\u00e9o automobile\"],\"inLanguage\":\"fr-FR\",\"potentialAction\":[{\"@type\":\"CommentAction\",\"name\":\"Comment\",\"target\":[\"https:\/\/www.carideal.com\/blog\/2018\/02\/08\/spacex-elon-musktesla-mars\/#respond\"]}]},{\"@type\":\"WebPage\",\"@id\":\"https:\/\/www.carideal.com\/blog\/2018\/02\/08\/spacex-elon-musktesla-mars\/\",\"url\":\"https:\/\/www.carideal.com\/blog\/2018\/02\/08\/spacex-elon-musktesla-mars\/\",\"name\":\"SpaceX : comment Elon Musk envoie une Tesla vers Mars - Blog auto Carid\u00e9al\",\"isPartOf\":{\"@id\":\"https:\/\/www.carideal.com\/blog\/#website\"},\"primaryImageOfPage\":{\"@id\":\"https:\/\/www.carideal.com\/blog\/2018\/02\/08\/spacex-elon-musktesla-mars\/#primaryimage\"},\"image\":{\"@id\":\"https:\/\/www.carideal.com\/blog\/2018\/02\/08\/spacex-elon-musktesla-mars\/#primaryimage\"},\"thumbnailUrl\":\"https:\/\/www.carideal.com\/blog\/wp-content\/uploads\/2018\/02\/Tesla-scaphandre.jpg\",\"datePublished\":\"2018-02-08T20:44:41+00:00\",\"dateModified\":\"2025-03-26T09:20:40+00:00\",\"description\":\"Un Starman assis dans une Tesla navigue actuellement dans l'espace, sonoris\u00e9 par David Bowie et pouss\u00e9 par SpaceX. Comment en sommes nous arriv\u00e9s l\u00e0 ?\",\"breadcrumb\":{\"@id\":\"https:\/\/www.carideal.com\/blog\/2018\/02\/08\/spacex-elon-musktesla-mars\/#breadcrumb\"},\"inLanguage\":\"fr-FR\",\"potentialAction\":[{\"@type\":\"ReadAction\",\"target\":[\"https:\/\/www.carideal.com\/blog\/2018\/02\/08\/spacex-elon-musktesla-mars\/\"]}]},{\"@type\":\"ImageObject\",\"inLanguage\":\"fr-FR\",\"@id\":\"https:\/\/www.carideal.com\/blog\/2018\/02\/08\/spacex-elon-musktesla-mars\/#primaryimage\",\"url\":\"https:\/\/www.carideal.com\/blog\/wp-content\/uploads\/2018\/02\/Tesla-scaphandre.jpg\",\"contentUrl\":\"https:\/\/www.carideal.com\/blog\/wp-content\/uploads\/2018\/02\/Tesla-scaphandre.jpg\",\"width\":620,\"height\":349,\"caption\":\"Scaphandre dans la voiture de sport rouge Tesla d'Elon Musk qui a \u00e9t\u00e9 lanc\u00e9 dans l'espace\"},{\"@type\":\"BreadcrumbList\",\"@id\":\"https:\/\/www.carideal.com\/blog\/2018\/02\/08\/spacex-elon-musktesla-mars\/#breadcrumb\",\"itemListElement\":[{\"@type\":\"ListItem\",\"position\":1,\"name\":\"Blog Carid\u00e9al\",\"item\":\"https:\/\/www.carideal.com\/blog\/\"},{\"@type\":\"ListItem\",\"position\":2,\"name\":\"Divers\",\"item\":\"https:\/\/www.carideal.com\/blog\/divers\/\"},{\"@type\":\"ListItem\",\"position\":3,\"name\":\"SpaceX : comment Elon Musk envoie une Tesla vers Mars\"}]},{\"@type\":\"WebSite\",\"@id\":\"https:\/\/www.carideal.com\/blog\/#website\",\"url\":\"https:\/\/www.carideal.com\/blog\/\",\"name\":\"Blog auto Carid\u00e9al\",\"description\":\"Actualit\u00e9 auto par des passionn\u00e9s\",\"publisher\":{\"@id\":\"https:\/\/www.carideal.com\/blog\/#organization\"},\"potentialAction\":[{\"@type\":\"SearchAction\",\"target\":{\"@type\":\"EntryPoint\",\"urlTemplate\":\"https:\/\/www.carideal.com\/blog\/?s={search_term_string}\"},\"query-input\":{\"@type\":\"PropertyValueSpecification\",\"valueRequired\":true,\"valueName\":\"search_term_string\"}}],\"inLanguage\":\"fr-FR\"},{\"@type\":\"Organization\",\"@id\":\"https:\/\/www.carideal.com\/blog\/#organization\",\"name\":\"Carideal\",\"url\":\"https:\/\/www.carideal.com\/blog\/\",\"logo\":{\"@type\":\"ImageObject\",\"inLanguage\":\"fr-FR\",\"@id\":\"https:\/\/www.carideal.com\/blog\/#\/schema\/logo\/image\/\",\"url\":\"http:\/\/www.carideal.com\/blog\/wp-content\/uploads\/2016\/03\/logo-carideal-mandataire-automobile.png\",\"contentUrl\":\"http:\/\/www.carideal.com\/blog\/wp-content\/uploads\/2016\/03\/logo-carideal-mandataire-automobile.png\",\"width\":300,\"height\":300,\"caption\":\"Carideal\"},\"image\":{\"@id\":\"https:\/\/www.carideal.com\/blog\/#\/schema\/logo\/image\/\"},\"sameAs\":[\"https:\/\/www.facebook.com\/Carideal.mandataire.automobile\",\"https:\/\/x.com\/caridealauto\",\"https:\/\/www.instagram.com\/carideal1\/\",\"https:\/\/www.linkedin.com\/company\/carideal.com\",\"https:\/\/fr.pinterest.com\/schiavonsas\/\",\"https:\/\/www.youtube.com\/user\/caridealsas\"]},{\"@type\":\"Person\",\"@id\":\"https:\/\/www.carideal.com\/blog\/#\/schema\/person\/cd95dc7919660de90d31b366f85be1ec\",\"name\":\"Nicolas SCHIAVON\",\"image\":{\"@type\":\"ImageObject\",\"inLanguage\":\"fr-FR\",\"@id\":\"https:\/\/www.carideal.com\/blog\/#\/schema\/person\/image\/\",\"url\":\"https:\/\/secure.gravatar.com\/avatar\/c17e55009e671d92cc7f5dc837dc418a?s=96&r=g\",\"contentUrl\":\"https:\/\/secure.gravatar.com\/avatar\/c17e55009e671d92cc7f5dc837dc418a?s=96&r=g\",\"caption\":\"Nicolas SCHIAVON\"},\"description\":\"Nicolas Schiavon est tomb\u00e9 tout petit dans la marmite automobile. Ayant eu un garage de marque automobile, mandataire automobile de la premi\u00e8re heure d\u00e8s 1999. Nicolas a cr\u00e9\u00e9 ces premiers sites de vente de voiture et blog automobile d\u00e8s 1994. Carideal est n\u00e9 le 15 d\u00e9cembre 2000 de la volont\u00e9 de vendre des voitures d'occasions en ligne puis des voitures neuves. Il a pu essayer beaucoup de voitures tr\u00e8s diff\u00e9rentes et ayant eu personnellement quelques belles autos, Subaru Impreza, Mitsubishi Lancer Evo 7, Porsche 911, Ferrari Testarrossa, Audi RS3, RS4 et j'en passe...\",\"sameAs\":[\"http:\/\/www.carideal.com\",\"https:\/\/www.facebook.com\/nicolas.schiavon.39\",\"https:\/\/www.instagram.com\/carideal1\/\",\"https:\/\/www.linkedin.com\/in\/nschiavon\/\",\"https:\/\/x.com\/caridealauto\",\"https:\/\/www.youtube.com\/user\/caridealsas\/\"],\"url\":\"https:\/\/www.carideal.com\/blog\/author\/nschiavon\/\"}]}<\/script>\n<!-- \/ Yoast SEO plugin. -->","yoast_head_json":{"title":"SpaceX : comment Elon Musk envoie une Tesla vers Mars - Blog auto Carid\u00e9al","description":"Un Starman assis dans une Tesla navigue actuellement dans l'espace, sonoris\u00e9 par David Bowie et pouss\u00e9 par SpaceX. Comment en sommes nous arriv\u00e9s l\u00e0 ?","robots":{"index":"index","follow":"follow","max-snippet":"max-snippet:-1","max-image-preview":"max-image-preview:large","max-video-preview":"max-video-preview:-1"},"canonical":"https:\/\/www.carideal.com\/blog\/2018\/02\/08\/spacex-elon-musktesla-mars\/","og_locale":"fr_FR","og_type":"article","og_title":"SpaceX : comment Elon Musk envoie une Tesla vers Mars - Blog auto Carid\u00e9al","og_description":"Un Starman assis dans une Tesla navigue actuellement dans l'espace, sonoris\u00e9 par David Bowie et pouss\u00e9 par SpaceX. Comment en sommes nous arriv\u00e9s l\u00e0 ?","og_url":"https:\/\/www.carideal.com\/blog\/2018\/02\/08\/spacex-elon-musktesla-mars\/","og_site_name":"Blog auto Carid\u00e9al","article_publisher":"https:\/\/www.facebook.com\/Carideal.mandataire.automobile","article_author":"https:\/\/www.facebook.com\/nicolas.schiavon.39","article_published_time":"2018-02-08T20:44:41+00:00","article_modified_time":"2025-03-26T09:20:40+00:00","og_image":[{"width":620,"height":349,"url":"https:\/\/www.carideal.com\/blog\/wp-content\/uploads\/2018\/02\/Tesla-scaphandre.jpg","type":"image\/jpeg"}],"author":"Nicolas SCHIAVON","twitter_card":"summary_large_image","twitter_creator":"@caridealauto","twitter_site":"@caridealauto","twitter_misc":{"\u00c9crit par":"Nicolas SCHIAVON","Dur\u00e9e de lecture estim\u00e9e":"8 minutes"},"schema":{"@context":"https:\/\/schema.org","@graph":[{"@type":"Article","@id":"https:\/\/www.carideal.com\/blog\/2018\/02\/08\/spacex-elon-musktesla-mars\/#article","isPartOf":{"@id":"https:\/\/www.carideal.com\/blog\/2018\/02\/08\/spacex-elon-musktesla-mars\/"},"author":{"name":"Nicolas SCHIAVON","@id":"https:\/\/www.carideal.com\/blog\/#\/schema\/person\/cd95dc7919660de90d31b366f85be1ec"},"headline":"SpaceX : comment Elon Musk envoie une Tesla vers Mars","datePublished":"2018-02-08T20:44:41+00:00","dateModified":"2025-03-26T09:20:40+00:00","mainEntityOfPage":{"@id":"https:\/\/www.carideal.com\/blog\/2018\/02\/08\/spacex-elon-musktesla-mars\/"},"wordCount":1416,"commentCount":0,"publisher":{"@id":"https:\/\/www.carideal.com\/blog\/#organization"},"image":{"@id":"https:\/\/www.carideal.com\/blog\/2018\/02\/08\/spacex-elon-musktesla-mars\/#primaryimage"},"thumbnailUrl":"https:\/\/www.carideal.com\/blog\/wp-content\/uploads\/2018\/02\/Tesla-scaphandre.jpg","articleSection":["Actualit\u00e9 Tesla","Divers","Fun","Vid\u00e9o voiture : vid\u00e9o automobile"],"inLanguage":"fr-FR","potentialAction":[{"@type":"CommentAction","name":"Comment","target":["https:\/\/www.carideal.com\/blog\/2018\/02\/08\/spacex-elon-musktesla-mars\/#respond"]}]},{"@type":"WebPage","@id":"https:\/\/www.carideal.com\/blog\/2018\/02\/08\/spacex-elon-musktesla-mars\/","url":"https:\/\/www.carideal.com\/blog\/2018\/02\/08\/spacex-elon-musktesla-mars\/","name":"SpaceX : comment Elon Musk envoie une Tesla vers Mars - Blog auto Carid\u00e9al","isPartOf":{"@id":"https:\/\/www.carideal.com\/blog\/#website"},"primaryImageOfPage":{"@id":"https:\/\/www.carideal.com\/blog\/2018\/02\/08\/spacex-elon-musktesla-mars\/#primaryimage"},"image":{"@id":"https:\/\/www.carideal.com\/blog\/2018\/02\/08\/spacex-elon-musktesla-mars\/#primaryimage"},"thumbnailUrl":"https:\/\/www.carideal.com\/blog\/wp-content\/uploads\/2018\/02\/Tesla-scaphandre.jpg","datePublished":"2018-02-08T20:44:41+00:00","dateModified":"2025-03-26T09:20:40+00:00","description":"Un Starman assis dans une Tesla navigue actuellement dans l'espace, sonoris\u00e9 par David Bowie et pouss\u00e9 par SpaceX. Comment en sommes nous arriv\u00e9s l\u00e0 ?","breadcrumb":{"@id":"https:\/\/www.carideal.com\/blog\/2018\/02\/08\/spacex-elon-musktesla-mars\/#breadcrumb"},"inLanguage":"fr-FR","potentialAction":[{"@type":"ReadAction","target":["https:\/\/www.carideal.com\/blog\/2018\/02\/08\/spacex-elon-musktesla-mars\/"]}]},{"@type":"ImageObject","inLanguage":"fr-FR","@id":"https:\/\/www.carideal.com\/blog\/2018\/02\/08\/spacex-elon-musktesla-mars\/#primaryimage","url":"https:\/\/www.carideal.com\/blog\/wp-content\/uploads\/2018\/02\/Tesla-scaphandre.jpg","contentUrl":"https:\/\/www.carideal.com\/blog\/wp-content\/uploads\/2018\/02\/Tesla-scaphandre.jpg","width":620,"height":349,"caption":"Scaphandre dans la voiture de sport rouge Tesla d'Elon Musk qui a \u00e9t\u00e9 lanc\u00e9 dans l'espace"},{"@type":"BreadcrumbList","@id":"https:\/\/www.carideal.com\/blog\/2018\/02\/08\/spacex-elon-musktesla-mars\/#breadcrumb","itemListElement":[{"@type":"ListItem","position":1,"name":"Blog Carid\u00e9al","item":"https:\/\/www.carideal.com\/blog\/"},{"@type":"ListItem","position":2,"name":"Divers","item":"https:\/\/www.carideal.com\/blog\/divers\/"},{"@type":"ListItem","position":3,"name":"SpaceX : comment Elon Musk envoie une Tesla vers Mars"}]},{"@type":"WebSite","@id":"https:\/\/www.carideal.com\/blog\/#website","url":"https:\/\/www.carideal.com\/blog\/","name":"Blog auto Carid\u00e9al","description":"Actualit\u00e9 auto par des passionn\u00e9s","publisher":{"@id":"https:\/\/www.carideal.com\/blog\/#organization"},"potentialAction":[{"@type":"SearchAction","target":{"@type":"EntryPoint","urlTemplate":"https:\/\/www.carideal.com\/blog\/?s={search_term_string}"},"query-input":{"@type":"PropertyValueSpecification","valueRequired":true,"valueName":"search_term_string"}}],"inLanguage":"fr-FR"},{"@type":"Organization","@id":"https:\/\/www.carideal.com\/blog\/#organization","name":"Carideal","url":"https:\/\/www.carideal.com\/blog\/","logo":{"@type":"ImageObject","inLanguage":"fr-FR","@id":"https:\/\/www.carideal.com\/blog\/#\/schema\/logo\/image\/","url":"http:\/\/www.carideal.com\/blog\/wp-content\/uploads\/2016\/03\/logo-carideal-mandataire-automobile.png","contentUrl":"http:\/\/www.carideal.com\/blog\/wp-content\/uploads\/2016\/03\/logo-carideal-mandataire-automobile.png","width":300,"height":300,"caption":"Carideal"},"image":{"@id":"https:\/\/www.carideal.com\/blog\/#\/schema\/logo\/image\/"},"sameAs":["https:\/\/www.facebook.com\/Carideal.mandataire.automobile","https:\/\/x.com\/caridealauto","https:\/\/www.instagram.com\/carideal1\/","https:\/\/www.linkedin.com\/company\/carideal.com","https:\/\/fr.pinterest.com\/schiavonsas\/","https:\/\/www.youtube.com\/user\/caridealsas"]},{"@type":"Person","@id":"https:\/\/www.carideal.com\/blog\/#\/schema\/person\/cd95dc7919660de90d31b366f85be1ec","name":"Nicolas SCHIAVON","image":{"@type":"ImageObject","inLanguage":"fr-FR","@id":"https:\/\/www.carideal.com\/blog\/#\/schema\/person\/image\/","url":"https:\/\/secure.gravatar.com\/avatar\/c17e55009e671d92cc7f5dc837dc418a?s=96&r=g","contentUrl":"https:\/\/secure.gravatar.com\/avatar\/c17e55009e671d92cc7f5dc837dc418a?s=96&r=g","caption":"Nicolas SCHIAVON"},"description":"Nicolas Schiavon est tomb\u00e9 tout petit dans la marmite automobile. Ayant eu un garage de marque automobile, mandataire automobile de la premi\u00e8re heure d\u00e8s 1999. Nicolas a cr\u00e9\u00e9 ces premiers sites de vente de voiture et blog automobile d\u00e8s 1994. Carideal est n\u00e9 le 15 d\u00e9cembre 2000 de la volont\u00e9 de vendre des voitures d'occasions en ligne puis des voitures neuves. Il a pu essayer beaucoup de voitures tr\u00e8s diff\u00e9rentes et ayant eu personnellement quelques belles autos, Subaru Impreza, Mitsubishi Lancer Evo 7, Porsche 911, Ferrari Testarrossa, Audi RS3, RS4 et j'en passe...","sameAs":["http:\/\/www.carideal.com","https:\/\/www.facebook.com\/nicolas.schiavon.39","https:\/\/www.instagram.com\/carideal1\/","https:\/\/www.linkedin.com\/in\/nschiavon\/","https:\/\/x.com\/caridealauto","https:\/\/www.youtube.com\/user\/caridealsas\/"],"url":"https:\/\/www.carideal.com\/blog\/author\/nschiavon\/"}]}},"uagb_featured_image_src":{"full":["https:\/\/www.carideal.com\/blog\/wp-content\/uploads\/2018\/02\/Tesla-scaphandre.jpg",620,349,false],"thumbnail":["https:\/\/www.carideal.com\/blog\/wp-content\/uploads\/2018\/02\/Tesla-scaphandre-150x150.jpg",150,150,true],"medium":["https:\/\/www.carideal.com\/blog\/wp-content\/uploads\/2018\/02\/Tesla-scaphandre-300x169.jpg",300,169,true],"medium_large":["https:\/\/www.carideal.com\/blog\/wp-content\/uploads\/2018\/02\/Tesla-scaphandre.jpg",620,349,false],"large":["https:\/\/www.carideal.com\/blog\/wp-content\/uploads\/2018\/02\/Tesla-scaphandre.jpg",620,349,false],"1536x1536":["https:\/\/www.carideal.com\/blog\/wp-content\/uploads\/2018\/02\/Tesla-scaphandre.jpg",620,349,false],"2048x2048":["https:\/\/www.carideal.com\/blog\/wp-content\/uploads\/2018\/02\/Tesla-scaphandre.jpg",620,349,false],"wppr-widget":["https:\/\/www.carideal.com\/blog\/wp-content\/uploads\/2018\/02\/Tesla-scaphandre.jpg",50,28,false]},"uagb_author_info":{"display_name":"Nicolas SCHIAVON","author_link":"https:\/\/www.carideal.com\/blog\/author\/nschiavon\/"},"uagb_comment_info":0,"uagb_excerpt":"Bizarre SpaceX : comment Elon Musk a envoy\u00e9 une&nbsp;Tesla vers Mars Un Starman assis dans une bo\u00eete de conserve navigue actuellement dans les cieux,&nbsp;avec en bande son&nbsp;du David Bowie. Comment&nbsp;en sommes nous arriv\u00e9s l\u00e0&nbsp;? Il y a avait les cochons dans l'espace, mais maintenant c'est une Tesla dans l'espace !! Vid\u00e9o: regardez le lancement de\u2026","_links":{"self":[{"href":"https:\/\/www.carideal.com\/blog\/wp-json\/wp\/v2\/posts\/16867"}],"collection":[{"href":"https:\/\/www.carideal.com\/blog\/wp-json\/wp\/v2\/posts"}],"about":[{"href":"https:\/\/www.carideal.com\/blog\/wp-json\/wp\/v2\/types\/post"}],"author":[{"embeddable":true,"href":"https:\/\/www.carideal.com\/blog\/wp-json\/wp\/v2\/users\/3"}],"replies":[{"embeddable":true,"href":"https:\/\/www.carideal.com\/blog\/wp-json\/wp\/v2\/comments?post=16867"}],"version-history":[{"count":1,"href":"https:\/\/www.carideal.com\/blog\/wp-json\/wp\/v2\/posts\/16867\/revisions"}],"predecessor-version":[{"id":28177,"href":"https:\/\/www.carideal.com\/blog\/wp-json\/wp\/v2\/posts\/16867\/revisions\/28177"}],"wp:featuredmedia":[{"embeddable":true,"href":"https:\/\/www.carideal.com\/blog\/wp-json\/wp\/v2\/media\/16895"}],"wp:attachment":[{"href":"https:\/\/www.carideal.com\/blog\/wp-json\/wp\/v2\/media?parent=16867"}],"wp:term":[{"taxonomy":"category","embeddable":true,"href":"https:\/\/www.carideal.com\/blog\/wp-json\/wp\/v2\/categories?post=16867"},{"taxonomy":"post_tag","embeddable":true,"href":"https:\/\/www.carideal.com\/blog\/wp-json\/wp\/v2\/tags?post=16867"}],"curies":[{"name":"wp","href":"https:\/\/api.w.org\/{rel}","templated":true}]}}