{"id":1677,"date":"2008-12-24T15:40:42","date_gmt":"2008-12-24T15:40:42","guid":{"rendered":"http:\/\/carideal.com\/blog\/?p=1677"},"modified":"2015-11-04T16:59:49","modified_gmt":"2015-11-04T15:59:49","slug":"porsche-911-9ff-draxster-1300-chevaux","status":"publish","type":"post","link":"https:\/\/www.carideal.com\/blog\/2008\/12\/24\/porsche-911-9ff-draxster-1300-chevaux\/","title":{"rendered":"Porsche 911 9FF DraXster : 1300 chevaux"},"content":{"rendered":"<p>&nbsp;<\/p>\n<p>Porsche 911 9FF DraXster : 1300 chevaux<img decoding=\"async\" src=\"\/blog\/images\/9ff-DraXster-carideal.jpg\" alt=\"\" \/><\/p>\n<p style=\"margin-bottom: 0cm;\">Porsche 911 9FF DraXster : 1300 chevaux<\/p>\n<p style=\"margin-bottom: 0cm; page-break-before: always;\">\n<p style=\"margin-bottom: 0cm;\">\n<p style=\"margin-bottom: 0cm;\">Chez 9FF outre Rhin on est fou ! 1300 chevaux dans ce monstre qui fait de cette 911 un engin d\u00e9moniaque.<\/p>\n<p style=\"margin-bottom: 0cm;\">Le tuner allemand ne pr\u00e9pare que des Porsche et leur mythique flat six. 9FF est capable de pr\u00e9parer votre porsche qu'elle quelle soit.<\/p>\n<p style=\"margin-bottom: 0cm;\">9FF avait d\u00e9j\u00e0 lach\u00e9 un pav\u00e9 dans la mare avec sa GT9 et ses 1000 chevaux dans une caisse de 911 GT3. L'obsession de 9FF semble \u00eatre la Bugatti Veyron et ses 400 km\/h ils s'attachent donc \u00e0 battre cet exploit \u00e0 chaque fois. 9FF avait aussi commis la GTT900 qui revendique elle 900 ch sur la base d'une Carrera GT gr\u00e2ce \u00e0 deux turbos.<\/p>\n<p style=\"margin-bottom: 0cm;\">Draxster, ca rime avec forte acc\u00e9l\u00e9ration et pour cette fois l'objectif n'\u00e9tait plus la vitesse de pointe mais le 0 \u00e0 200 km\/h. 9FF est partie d'une 996 avant d'\u00eatre fortement modifi\u00e9e : Le flat-six est r\u00e9al\u00e9s\u00e9 \u00e0 quatre litres de cylindr\u00e9e et la puissance culmine \u00e0 1300 chevaux !!!!! et le couple \u00e0 1190 Nm! (le m\u00eame couple qu'un camion!!)<\/p>\n<p style=\"margin-bottom: 0cm;\">\n<p style=\"margin-bottom: 0cm;\">9FF a mis la 911 au r\u00e9gime sec et n'accuse que 1168 kilos sur la balance. L\u00e0 on atomise tout !!! la 911 atomise le 0 \u00e0 260km:h en 9,5 sec !!!<\/p>\n<p style=\"margin-bottom: 0cm;\">Le rendement du moteur est sup\u00e9rieur \u00e0 celui d'une F1 avec pratiquement 330 ch au litre, bien que les moteur de F1 soit atmosph\u00e9riques.<\/p>\n<p style=\"margin-bottom: 0cm;\"><a href=\"http:\/\/Www.9ff.com\/\">Www.9ff.com<\/a><\/p>\n<p style=\"margin-bottom: 0cm;\">\n","protected":false},"excerpt":{"rendered":"<p>&nbsp; Porsche 911 9FF DraXster : 1300 chevaux Porsche 911 9FF DraXster : 1300 chevaux Chez 9FF outre Rhin on est fou ! 1300 chevaux dans ce monstre qui fait de cette 911 un engin d\u00e9moniaque. Le tuner allemand ne pr\u00e9pare que des Porsche et leur mythique flat six. 9FF est capable de pr\u00e9parer votre &#8230; <a title=\"Porsche 911 9FF DraXster : 1300 chevaux\" class=\"read-more\" href=\"https:\/\/www.carideal.com\/blog\/2008\/12\/24\/porsche-911-9ff-draxster-1300-chevaux\/\" aria-label=\"En savoir plus sur Porsche 911 9FF DraXster : 1300 chevaux\">Lire plus<\/a><\/p>\n","protected":false},"author":1,"featured_media":0,"comment_status":"open","ping_status":"closed","sticky":false,"template":"","format":"standard","meta":{"_uag_custom_page_level_css":"","_themeisle_gutenberg_block_has_review":false,"footnotes":""},"categories":[16],"tags":[3209],"class_list":["post-1677","post","type-post","status-publish","format-standard","hentry","category-sport-auto","tag-gt3"],"wppr_data":[],"yoast_head":"<!-- This site is optimized with the Yoast SEO plugin v24.8.1 - https:\/\/yoast.com\/wordpress\/plugins\/seo\/ -->\n<title>Porsche 911 9FF DraXster : 1300 chevaux - Blog auto Carid\u00e9al<\/title>\n<meta name=\"robots\" content=\"index, follow, max-snippet:-1, max-image-preview:large, max-video-preview:-1\" \/>\n<link rel=\"canonical\" href=\"https:\/\/www.carideal.com\/blog\/2008\/12\/24\/porsche-911-9ff-draxster-1300-chevaux\/\" \/>\n<meta property=\"og:locale\" content=\"fr_FR\" \/>\n<meta property=\"og:type\" content=\"article\" \/>\n<meta property=\"og:title\" content=\"Porsche 911 9FF DraXster : 1300 chevaux - Blog auto Carid\u00e9al\" \/>\n<meta property=\"og:description\" content=\"&nbsp; Porsche 911 9FF DraXster : 1300 chevaux Porsche 911 9FF DraXster : 1300 chevaux Chez 9FF outre Rhin on est fou ! 1300 chevaux dans ce monstre qui fait de cette 911 un engin d\u00e9moniaque. Le tuner allemand ne pr\u00e9pare que des Porsche et leur mythique flat six. 9FF est capable de pr\u00e9parer votre ... Lire plus\" \/>\n<meta property=\"og:url\" content=\"https:\/\/www.carideal.com\/blog\/2008\/12\/24\/porsche-911-9ff-draxster-1300-chevaux\/\" \/>\n<meta property=\"og:site_name\" content=\"Blog auto Carid\u00e9al\" \/>\n<meta property=\"article:publisher\" content=\"https:\/\/www.facebook.com\/Carideal.mandataire.automobile\" \/>\n<meta property=\"article:author\" content=\"https:\/\/www.facebook.com\/Carideal.mandataire.automobile\/\" \/>\n<meta property=\"article:published_time\" content=\"2008-12-24T15:40:42+00:00\" \/>\n<meta property=\"article:modified_time\" content=\"2015-11-04T15:59:49+00:00\" \/>\n<meta property=\"og:image\" content=\"https:\/\/www.carideal.com\/blog\/wp-content\/uploads\/2016\/03\/logo-carideal-mandataire-automobile.png\" \/>\n\t<meta property=\"og:image:width\" content=\"300\" \/>\n\t<meta property=\"og:image:height\" content=\"300\" \/>\n\t<meta property=\"og:image:type\" content=\"image\/png\" \/>\n<meta name=\"author\" content=\"N.S Carideal\" \/>\n<meta name=\"twitter:card\" content=\"summary_large_image\" \/>\n<meta name=\"twitter:creator\" content=\"@caridealauto\" \/>\n<meta name=\"twitter:site\" content=\"@caridealauto\" \/>\n<meta name=\"twitter:label1\" content=\"\u00c9crit par\" \/>\n\t<meta name=\"twitter:data1\" content=\"N.S Carideal\" \/>\n\t<meta name=\"twitter:label2\" content=\"Dur\u00e9e de lecture estim\u00e9e\" \/>\n\t<meta name=\"twitter:data2\" content=\"1 minute\" \/>\n<script type=\"application\/ld+json\" class=\"yoast-schema-graph\">{\"@context\":\"https:\/\/schema.org\",\"@graph\":[{\"@type\":\"Article\",\"@id\":\"https:\/\/www.carideal.com\/blog\/2008\/12\/24\/porsche-911-9ff-draxster-1300-chevaux\/#article\",\"isPartOf\":{\"@id\":\"https:\/\/www.carideal.com\/blog\/2008\/12\/24\/porsche-911-9ff-draxster-1300-chevaux\/\"},\"author\":{\"name\":\"N.S Carideal\",\"@id\":\"https:\/\/www.carideal.com\/blog\/#\/schema\/person\/985c7e757d1042d647f21bfaf8d41ebc\"},\"headline\":\"Porsche 911 9FF DraXster : 1300 chevaux\",\"datePublished\":\"2008-12-24T15:40:42+00:00\",\"dateModified\":\"2015-11-04T15:59:49+00:00\",\"mainEntityOfPage\":{\"@id\":\"https:\/\/www.carideal.com\/blog\/2008\/12\/24\/porsche-911-9ff-draxster-1300-chevaux\/\"},\"wordCount\":231,\"commentCount\":0,\"publisher\":{\"@id\":\"https:\/\/www.carideal.com\/blog\/#organization\"},\"keywords\":[\"GT3\"],\"articleSection\":[\"Sport Automobile\"],\"inLanguage\":\"fr-FR\",\"potentialAction\":[{\"@type\":\"CommentAction\",\"name\":\"Comment\",\"target\":[\"https:\/\/www.carideal.com\/blog\/2008\/12\/24\/porsche-911-9ff-draxster-1300-chevaux\/#respond\"]}]},{\"@type\":\"WebPage\",\"@id\":\"https:\/\/www.carideal.com\/blog\/2008\/12\/24\/porsche-911-9ff-draxster-1300-chevaux\/\",\"url\":\"https:\/\/www.carideal.com\/blog\/2008\/12\/24\/porsche-911-9ff-draxster-1300-chevaux\/\",\"name\":\"Porsche 911 9FF DraXster : 1300 chevaux - Blog auto Carid\u00e9al\",\"isPartOf\":{\"@id\":\"https:\/\/www.carideal.com\/blog\/#website\"},\"datePublished\":\"2008-12-24T15:40:42+00:00\",\"dateModified\":\"2015-11-04T15:59:49+00:00\",\"breadcrumb\":{\"@id\":\"https:\/\/www.carideal.com\/blog\/2008\/12\/24\/porsche-911-9ff-draxster-1300-chevaux\/#breadcrumb\"},\"inLanguage\":\"fr-FR\",\"potentialAction\":[{\"@type\":\"ReadAction\",\"target\":[\"https:\/\/www.carideal.com\/blog\/2008\/12\/24\/porsche-911-9ff-draxster-1300-chevaux\/\"]}]},{\"@type\":\"BreadcrumbList\",\"@id\":\"https:\/\/www.carideal.com\/blog\/2008\/12\/24\/porsche-911-9ff-draxster-1300-chevaux\/#breadcrumb\",\"itemListElement\":[{\"@type\":\"ListItem\",\"position\":1,\"name\":\"Blog Carid\u00e9al\",\"item\":\"https:\/\/www.carideal.com\/blog\/\"},{\"@type\":\"ListItem\",\"position\":2,\"name\":\"Sport Automobile\",\"item\":\"https:\/\/www.carideal.com\/blog\/sport-auto\/\"},{\"@type\":\"ListItem\",\"position\":3,\"name\":\"Porsche 911 9FF DraXster : 1300 chevaux\"}]},{\"@type\":\"WebSite\",\"@id\":\"https:\/\/www.carideal.com\/blog\/#website\",\"url\":\"https:\/\/www.carideal.com\/blog\/\",\"name\":\"Blog auto Carid\u00e9al\",\"description\":\"Actualit\u00e9 auto par des passionn\u00e9s\",\"publisher\":{\"@id\":\"https:\/\/www.carideal.com\/blog\/#organization\"},\"potentialAction\":[{\"@type\":\"SearchAction\",\"target\":{\"@type\":\"EntryPoint\",\"urlTemplate\":\"https:\/\/www.carideal.com\/blog\/?s={search_term_string}\"},\"query-input\":{\"@type\":\"PropertyValueSpecification\",\"valueRequired\":true,\"valueName\":\"search_term_string\"}}],\"inLanguage\":\"fr-FR\"},{\"@type\":\"Organization\",\"@id\":\"https:\/\/www.carideal.com\/blog\/#organization\",\"name\":\"Carideal\",\"url\":\"https:\/\/www.carideal.com\/blog\/\",\"logo\":{\"@type\":\"ImageObject\",\"inLanguage\":\"fr-FR\",\"@id\":\"https:\/\/www.carideal.com\/blog\/#\/schema\/logo\/image\/\",\"url\":\"http:\/\/www.carideal.com\/blog\/wp-content\/uploads\/2016\/03\/logo-carideal-mandataire-automobile.png\",\"contentUrl\":\"http:\/\/www.carideal.com\/blog\/wp-content\/uploads\/2016\/03\/logo-carideal-mandataire-automobile.png\",\"width\":300,\"height\":300,\"caption\":\"Carideal\"},\"image\":{\"@id\":\"https:\/\/www.carideal.com\/blog\/#\/schema\/logo\/image\/\"},\"sameAs\":[\"https:\/\/www.facebook.com\/Carideal.mandataire.automobile\",\"https:\/\/x.com\/caridealauto\",\"https:\/\/www.instagram.com\/carideal1\/\",\"https:\/\/www.linkedin.com\/company\/carideal.com\",\"https:\/\/fr.pinterest.com\/schiavonsas\/\",\"https:\/\/www.youtube.com\/user\/caridealsas\"]},{\"@type\":\"Person\",\"@id\":\"https:\/\/www.carideal.com\/blog\/#\/schema\/person\/985c7e757d1042d647f21bfaf8d41ebc\",\"name\":\"N.S Carideal\",\"image\":{\"@type\":\"ImageObject\",\"inLanguage\":\"fr-FR\",\"@id\":\"https:\/\/www.carideal.com\/blog\/#\/schema\/person\/image\/\",\"url\":\"https:\/\/secure.gravatar.com\/avatar\/edb7ccdf1a4e3d14aef967760d354d0e?s=96&r=g\",\"contentUrl\":\"https:\/\/secure.gravatar.com\/avatar\/edb7ccdf1a4e3d14aef967760d354d0e?s=96&r=g\",\"caption\":\"N.S Carideal\"},\"description\":\"Depuis tout petit fan d'automobile. Il est question d'essayer et de comparer toutes ces voitures qui nous ont fait r\u00e9ver, avant que celles-ci ne devient uniquement des voitures de collection.\",\"sameAs\":[\"http:\/\/www.carideal.com\/blog\",\"https:\/\/www.facebook.com\/Carideal.mandataire.automobile\/\",\"https:\/\/www.linkedin.com\/in\/nschiavon\/\",\"https:\/\/www.youtube.com\/user\/caridealsas\/\"],\"url\":\"https:\/\/www.carideal.com\/blog\/author\/admin_carideal\/\"}]}<\/script>\n<!-- \/ Yoast SEO plugin. -->","yoast_head_json":{"title":"Porsche 911 9FF DraXster : 1300 chevaux - Blog auto Carid\u00e9al","robots":{"index":"index","follow":"follow","max-snippet":"max-snippet:-1","max-image-preview":"max-image-preview:large","max-video-preview":"max-video-preview:-1"},"canonical":"https:\/\/www.carideal.com\/blog\/2008\/12\/24\/porsche-911-9ff-draxster-1300-chevaux\/","og_locale":"fr_FR","og_type":"article","og_title":"Porsche 911 9FF DraXster : 1300 chevaux - Blog auto Carid\u00e9al","og_description":"&nbsp; Porsche 911 9FF DraXster : 1300 chevaux Porsche 911 9FF DraXster : 1300 chevaux Chez 9FF outre Rhin on est fou ! 1300 chevaux dans ce monstre qui fait de cette 911 un engin d\u00e9moniaque. Le tuner allemand ne pr\u00e9pare que des Porsche et leur mythique flat six. 9FF est capable de pr\u00e9parer votre ... Lire plus","og_url":"https:\/\/www.carideal.com\/blog\/2008\/12\/24\/porsche-911-9ff-draxster-1300-chevaux\/","og_site_name":"Blog auto Carid\u00e9al","article_publisher":"https:\/\/www.facebook.com\/Carideal.mandataire.automobile","article_author":"https:\/\/www.facebook.com\/Carideal.mandataire.automobile\/","article_published_time":"2008-12-24T15:40:42+00:00","article_modified_time":"2015-11-04T15:59:49+00:00","og_image":[{"width":300,"height":300,"url":"https:\/\/www.carideal.com\/blog\/wp-content\/uploads\/2016\/03\/logo-carideal-mandataire-automobile.png","type":"image\/png"}],"author":"N.S Carideal","twitter_card":"summary_large_image","twitter_creator":"@caridealauto","twitter_site":"@caridealauto","twitter_misc":{"\u00c9crit par":"N.S Carideal","Dur\u00e9e de lecture estim\u00e9e":"1 minute"},"schema":{"@context":"https:\/\/schema.org","@graph":[{"@type":"Article","@id":"https:\/\/www.carideal.com\/blog\/2008\/12\/24\/porsche-911-9ff-draxster-1300-chevaux\/#article","isPartOf":{"@id":"https:\/\/www.carideal.com\/blog\/2008\/12\/24\/porsche-911-9ff-draxster-1300-chevaux\/"},"author":{"name":"N.S Carideal","@id":"https:\/\/www.carideal.com\/blog\/#\/schema\/person\/985c7e757d1042d647f21bfaf8d41ebc"},"headline":"Porsche 911 9FF DraXster : 1300 chevaux","datePublished":"2008-12-24T15:40:42+00:00","dateModified":"2015-11-04T15:59:49+00:00","mainEntityOfPage":{"@id":"https:\/\/www.carideal.com\/blog\/2008\/12\/24\/porsche-911-9ff-draxster-1300-chevaux\/"},"wordCount":231,"commentCount":0,"publisher":{"@id":"https:\/\/www.carideal.com\/blog\/#organization"},"keywords":["GT3"],"articleSection":["Sport Automobile"],"inLanguage":"fr-FR","potentialAction":[{"@type":"CommentAction","name":"Comment","target":["https:\/\/www.carideal.com\/blog\/2008\/12\/24\/porsche-911-9ff-draxster-1300-chevaux\/#respond"]}]},{"@type":"WebPage","@id":"https:\/\/www.carideal.com\/blog\/2008\/12\/24\/porsche-911-9ff-draxster-1300-chevaux\/","url":"https:\/\/www.carideal.com\/blog\/2008\/12\/24\/porsche-911-9ff-draxster-1300-chevaux\/","name":"Porsche 911 9FF DraXster : 1300 chevaux - Blog auto Carid\u00e9al","isPartOf":{"@id":"https:\/\/www.carideal.com\/blog\/#website"},"datePublished":"2008-12-24T15:40:42+00:00","dateModified":"2015-11-04T15:59:49+00:00","breadcrumb":{"@id":"https:\/\/www.carideal.com\/blog\/2008\/12\/24\/porsche-911-9ff-draxster-1300-chevaux\/#breadcrumb"},"inLanguage":"fr-FR","potentialAction":[{"@type":"ReadAction","target":["https:\/\/www.carideal.com\/blog\/2008\/12\/24\/porsche-911-9ff-draxster-1300-chevaux\/"]}]},{"@type":"BreadcrumbList","@id":"https:\/\/www.carideal.com\/blog\/2008\/12\/24\/porsche-911-9ff-draxster-1300-chevaux\/#breadcrumb","itemListElement":[{"@type":"ListItem","position":1,"name":"Blog Carid\u00e9al","item":"https:\/\/www.carideal.com\/blog\/"},{"@type":"ListItem","position":2,"name":"Sport Automobile","item":"https:\/\/www.carideal.com\/blog\/sport-auto\/"},{"@type":"ListItem","position":3,"name":"Porsche 911 9FF DraXster : 1300 chevaux"}]},{"@type":"WebSite","@id":"https:\/\/www.carideal.com\/blog\/#website","url":"https:\/\/www.carideal.com\/blog\/","name":"Blog auto Carid\u00e9al","description":"Actualit\u00e9 auto par des passionn\u00e9s","publisher":{"@id":"https:\/\/www.carideal.com\/blog\/#organization"},"potentialAction":[{"@type":"SearchAction","target":{"@type":"EntryPoint","urlTemplate":"https:\/\/www.carideal.com\/blog\/?s={search_term_string}"},"query-input":{"@type":"PropertyValueSpecification","valueRequired":true,"valueName":"search_term_string"}}],"inLanguage":"fr-FR"},{"@type":"Organization","@id":"https:\/\/www.carideal.com\/blog\/#organization","name":"Carideal","url":"https:\/\/www.carideal.com\/blog\/","logo":{"@type":"ImageObject","inLanguage":"fr-FR","@id":"https:\/\/www.carideal.com\/blog\/#\/schema\/logo\/image\/","url":"http:\/\/www.carideal.com\/blog\/wp-content\/uploads\/2016\/03\/logo-carideal-mandataire-automobile.png","contentUrl":"http:\/\/www.carideal.com\/blog\/wp-content\/uploads\/2016\/03\/logo-carideal-mandataire-automobile.png","width":300,"height":300,"caption":"Carideal"},"image":{"@id":"https:\/\/www.carideal.com\/blog\/#\/schema\/logo\/image\/"},"sameAs":["https:\/\/www.facebook.com\/Carideal.mandataire.automobile","https:\/\/x.com\/caridealauto","https:\/\/www.instagram.com\/carideal1\/","https:\/\/www.linkedin.com\/company\/carideal.com","https:\/\/fr.pinterest.com\/schiavonsas\/","https:\/\/www.youtube.com\/user\/caridealsas"]},{"@type":"Person","@id":"https:\/\/www.carideal.com\/blog\/#\/schema\/person\/985c7e757d1042d647f21bfaf8d41ebc","name":"N.S Carideal","image":{"@type":"ImageObject","inLanguage":"fr-FR","@id":"https:\/\/www.carideal.com\/blog\/#\/schema\/person\/image\/","url":"https:\/\/secure.gravatar.com\/avatar\/edb7ccdf1a4e3d14aef967760d354d0e?s=96&r=g","contentUrl":"https:\/\/secure.gravatar.com\/avatar\/edb7ccdf1a4e3d14aef967760d354d0e?s=96&r=g","caption":"N.S Carideal"},"description":"Depuis tout petit fan d'automobile. Il est question d'essayer et de comparer toutes ces voitures qui nous ont fait r\u00e9ver, avant que celles-ci ne devient uniquement des voitures de collection.","sameAs":["http:\/\/www.carideal.com\/blog","https:\/\/www.facebook.com\/Carideal.mandataire.automobile\/","https:\/\/www.linkedin.com\/in\/nschiavon\/","https:\/\/www.youtube.com\/user\/caridealsas\/"],"url":"https:\/\/www.carideal.com\/blog\/author\/admin_carideal\/"}]}},"uagb_featured_image_src":{"full":false,"thumbnail":false,"medium":false,"medium_large":false,"large":false,"1536x1536":false,"2048x2048":false,"wppr-widget":false},"uagb_author_info":{"display_name":"N.S Carideal","author_link":"https:\/\/www.carideal.com\/blog\/author\/admin_carideal\/"},"uagb_comment_info":0,"uagb_excerpt":"&nbsp; Porsche 911 9FF DraXster : 1300 chevaux Porsche 911 9FF DraXster : 1300 chevaux Chez 9FF outre Rhin on est fou ! 1300 chevaux dans ce monstre qui fait de cette 911 un engin d\u00e9moniaque. Le tuner allemand ne pr\u00e9pare que des Porsche et leur mythique flat six. 9FF est capable de pr\u00e9parer votre\u2026","_links":{"self":[{"href":"https:\/\/www.carideal.com\/blog\/wp-json\/wp\/v2\/posts\/1677"}],"collection":[{"href":"https:\/\/www.carideal.com\/blog\/wp-json\/wp\/v2\/posts"}],"about":[{"href":"https:\/\/www.carideal.com\/blog\/wp-json\/wp\/v2\/types\/post"}],"author":[{"embeddable":true,"href":"https:\/\/www.carideal.com\/blog\/wp-json\/wp\/v2\/users\/1"}],"replies":[{"embeddable":true,"href":"https:\/\/www.carideal.com\/blog\/wp-json\/wp\/v2\/comments?post=1677"}],"version-history":[{"count":0,"href":"https:\/\/www.carideal.com\/blog\/wp-json\/wp\/v2\/posts\/1677\/revisions"}],"wp:attachment":[{"href":"https:\/\/www.carideal.com\/blog\/wp-json\/wp\/v2\/media?parent=1677"}],"wp:term":[{"taxonomy":"category","embeddable":true,"href":"https:\/\/www.carideal.com\/blog\/wp-json\/wp\/v2\/categories?post=1677"},{"taxonomy":"post_tag","embeddable":true,"href":"https:\/\/www.carideal.com\/blog\/wp-json\/wp\/v2\/tags?post=1677"}],"curies":[{"name":"wp","href":"https:\/\/api.w.org\/{rel}","templated":true}]}}