{"id":1676,"date":"2008-12-23T22:38:36","date_gmt":"2008-12-23T22:38:36","guid":{"rendered":"http:\/\/carideal.com\/blog\/?p=1676"},"modified":"2017-02-06T21:22:30","modified_gmt":"2017-02-06T20:22:30","slug":"polly-prepare-la-voiture-la-plus-rapide-deurope-une-pontiac-trans-am-de-1986","status":"publish","type":"post","link":"https:\/\/www.carideal.com\/blog\/2008\/12\/23\/polly-prepare-la-voiture-la-plus-rapide-deurope-une-pontiac-trans-am-de-1986\/","title":{"rendered":"Polly pr\u00e9pare la voiture la plus rapide d\u2019Europe : une Pontiac Trans-Am de 1986"},"content":{"rendered":"<figure id=\"attachment_7404\" aria-describedby=\"caption-attachment-7404\" style=\"width: 290px\" class=\"wp-caption alignnone\"><a href=\"http:\/\/www.carideal.com\/blog\/wp-content\/uploads\/2008\/12\/polly-motorsports-transam-record-de-vitesse-blog-carideal.jpg\"><img loading=\"lazy\" decoding=\"async\" class=\"size-medium wp-image-7404\" src=\"http:\/\/www.carideal.com\/blog\/wp-content\/uploads\/2008\/12\/polly-motorsports-transam-record-de-vitesse-blog-carideal-300x124.jpg\" alt=\"Polly Motorsports pr\u00e9pare la Pontiac Transam qui bat le record de vitesse de 407 km\/h\" width=\"300\" height=\"124\" srcset=\"https:\/\/www.carideal.com\/blog\/wp-content\/uploads\/2008\/12\/polly-motorsports-transam-record-de-vitesse-blog-carideal-300x124.jpg 300w, https:\/\/www.carideal.com\/blog\/wp-content\/uploads\/2008\/12\/polly-motorsports-transam-record-de-vitesse-blog-carideal-624x258.jpg 624w, https:\/\/www.carideal.com\/blog\/wp-content\/uploads\/2008\/12\/polly-motorsports-transam-record-de-vitesse-blog-carideal.jpg 625w\" sizes=\"(max-width: 300px) 100vw, 300px\" \/><\/a><figcaption id=\"caption-attachment-7404\" class=\"wp-caption-text\">Polly Motorsports pr\u00e9pare la Pontiac Transam qui bat le record de vitesse de 407 km\/h<\/figcaption><\/figure>\n<h1 style=\"margin-bottom: 0cm;\"><strong>Polly pr\u00e9pare la voiture la plus rapide d\u2019Europe : une Pontiac Trans-Am de 1986<\/strong><\/h1>\n<p style=\"margin-bottom: 0cm;\">Cette Pontiac transam de 1986 a fum\u00e9 la Porsche Ruff 9FF et l Bugatti Veyron W16 de un million d\u2019euros : c\u2019est bal\u00f4 !! Cette vieille Pontiac tun\u00e9e, detiendrait le record d'europe de vitesse!<\/p>\n<p style=\"margin-bottom: 0cm;\">Personne n'a jamais entendu parler de Polly Motorsport pr\u00e9parateur norv\u00e9gien sp\u00e9cialis\u00e9 dans la pr\u00e9paration des moteurs \u00e0 l'ancienne mode, style am\u00e9ricaine. Poly a donc r\u00e9al\u00e9s\u00e9 le bloc V8 de la Pontiac Trans-Am de 1986 \u00e0 8,9 litres de cylindr\u00e9e et atteind la puissance de 1407 chevaux gr\u00e2ce \u00e0 l'ajout d'un compresseur volum\u00e9trique.<\/p>\n<figure id=\"attachment_7405\" aria-describedby=\"caption-attachment-7405\" style=\"width: 290px\" class=\"wp-caption alignnone\"><a href=\"http:\/\/www.carideal.com\/blog\/wp-content\/uploads\/2008\/12\/1986-pontiac-trans-am-plontiac-transam-polly-motorsports.jpg\"><img loading=\"lazy\" decoding=\"async\" class=\"size-medium wp-image-7405\" src=\"http:\/\/www.carideal.com\/blog\/wp-content\/uploads\/2008\/12\/1986-pontiac-trans-am-plontiac-transam-polly-motorsports-300x200.jpg\" alt=\"Pontiac Transam de 1986 de 1400 ch pr\u00e9par\u00e9 par Poly Motorsports\" width=\"300\" height=\"200\" srcset=\"https:\/\/www.carideal.com\/blog\/wp-content\/uploads\/2008\/12\/1986-pontiac-trans-am-plontiac-transam-polly-motorsports-300x200.jpg 300w, https:\/\/www.carideal.com\/blog\/wp-content\/uploads\/2008\/12\/1986-pontiac-trans-am-plontiac-transam-polly-motorsports-624x415.jpg 624w, https:\/\/www.carideal.com\/blog\/wp-content\/uploads\/2008\/12\/1986-pontiac-trans-am-plontiac-transam-polly-motorsports.jpg 640w\" sizes=\"(max-width: 300px) 100vw, 300px\" \/><\/a><figcaption id=\"caption-attachment-7405\" class=\"wp-caption-text\">Pontiac Transam de 1986 de 1400 ch pr\u00e9par\u00e9 par Poly Motorsports<\/figcaption><\/figure>\n<p style=\"margin-bottom: 0cm;\">Ce muscle car norv\u00e9gien atteint les 100 km\/h en 2,23 secondes, les 200 en 5,55 secondes et les 300 km\/h en 12,22 secondes et fait mieux qu\u2019une Bugatti Veyron. Poly annonce une vitesse de pointe de 407 km\/h, donc mieux que la Veyron mais moins que la Porsche Ruff 9FF GT9. La diff\u00e9rence avec ces deux voitures vient du fait que la voiture de Polly, la Pontiac a officiellement \u00e9t\u00e9 enregistr\u00e9e par une soci\u00e9t\u00e9 externe \u00e0 Polly Motorsport, alors que la Ruff et la Bugatti ont enregistr\u00e9s eux m\u00eame leur propre reccord. Le pr\u00e9parateur, Polly Motorsport srevendique donc la parternit\u00e9 officiel du record de vitesse pour une auto europ\u00e9enne et souhaite s'en prendre tr\u00e8s prochainement \u00e0 celui de la SSC Ultimate Aero de 413 km\/h, encore faut il qu'il trouve pour cela un circuit suffisamment grand et abordable financi\u00e8rement, en effet le circuit Volkswagen co\u00fbte 25000 \u20ac de l'heure lou\u00e9e, pas dans les moyens de Polly Motorsport.<\/p>\n<p><object width=\"445\" height=\"364\"><param name=\"movie\" value=\"http:\/\/www.youtube.com\/v\/elQlAvTKgu0&amp;hl=en&amp;fs=1&amp;color1=0x006699&amp;color2=0x54abd6&amp;border=1\" \/><param name=\"allowFullScreen\" value=\"true\" \/><param name=\"allowscriptaccess\" value=\"always\" \/><embed src=\"http:\/\/www.youtube.com\/v\/elQlAvTKgu0&amp;hl=en&amp;fs=1&amp;color1=0x006699&amp;color2=0x54abd6&amp;border=1\" type=\"application\/x-shockwave-flash\" allowscriptaccess=\"always\" allowfullscreen=\"allowfullscreen\" width=\"445\" height=\"364\" \/><\/object><\/p>\n","protected":false},"excerpt":{"rendered":"<p>Polly pr\u00e9pare la voiture la plus rapide d\u2019Europe : une Pontiac Trans-Am de 1986 Cette Pontiac transam de 1986 a fum\u00e9 la Porsche Ruff 9FF et l Bugatti Veyron W16 de un million d\u2019euros : c\u2019est bal\u00f4 !! Cette vieille Pontiac tun\u00e9e, detiendrait le record d&rsquo;europe de vitesse! Personne n&rsquo;a jamais entendu parler de Polly &#8230; <a title=\"Polly pr\u00e9pare la voiture la plus rapide d\u2019Europe : une Pontiac Trans-Am de 1986\" class=\"read-more\" href=\"https:\/\/www.carideal.com\/blog\/2008\/12\/23\/polly-prepare-la-voiture-la-plus-rapide-deurope-une-pontiac-trans-am-de-1986\/\" aria-label=\"En savoir plus sur Polly pr\u00e9pare la voiture la plus rapide d\u2019Europe : une Pontiac Trans-Am de 1986\">Lire plus<\/a><\/p>\n","protected":false},"author":1,"featured_media":0,"comment_status":"open","ping_status":"closed","sticky":false,"template":"","format":"standard","meta":{"_uag_custom_page_level_css":"","_themeisle_gutenberg_block_has_review":false,"footnotes":""},"categories":[16],"tags":[1275,6230],"class_list":["post-1676","post","type-post","status-publish","format-standard","hentry","category-sport-auto","tag-bugatti-veyron","tag-voiture-americaine"],"wppr_data":{"cwp_meta_box_check":"No"},"yoast_head":"<!-- This site is optimized with the Yoast SEO plugin v24.8.1 - https:\/\/yoast.com\/wordpress\/plugins\/seo\/ -->\n<title>Polly pr\u00e9pare la voiture la plus rapide d\u2019Europe : une Pontiac Trans-Am de 1986 - Blog auto Carid\u00e9al<\/title>\n<meta name=\"robots\" content=\"index, follow, max-snippet:-1, max-image-preview:large, max-video-preview:-1\" \/>\n<link rel=\"canonical\" href=\"https:\/\/www.carideal.com\/blog\/2008\/12\/23\/polly-prepare-la-voiture-la-plus-rapide-deurope-une-pontiac-trans-am-de-1986\/\" \/>\n<meta property=\"og:locale\" content=\"fr_FR\" \/>\n<meta property=\"og:type\" content=\"article\" \/>\n<meta property=\"og:title\" content=\"Polly pr\u00e9pare la voiture la plus rapide d\u2019Europe : une Pontiac Trans-Am de 1986 - Blog auto Carid\u00e9al\" \/>\n<meta property=\"og:description\" content=\"Polly pr\u00e9pare la voiture la plus rapide d\u2019Europe : une Pontiac Trans-Am de 1986 Cette Pontiac transam de 1986 a fum\u00e9 la Porsche Ruff 9FF et l Bugatti Veyron W16 de un million d\u2019euros : c\u2019est bal\u00f4 !! Cette vieille Pontiac tun\u00e9e, detiendrait le record d&#039;europe de vitesse! Personne n&#039;a jamais entendu parler de Polly ... Lire plus\" \/>\n<meta property=\"og:url\" content=\"https:\/\/www.carideal.com\/blog\/2008\/12\/23\/polly-prepare-la-voiture-la-plus-rapide-deurope-une-pontiac-trans-am-de-1986\/\" \/>\n<meta property=\"og:site_name\" content=\"Blog auto Carid\u00e9al\" \/>\n<meta property=\"article:publisher\" content=\"https:\/\/www.facebook.com\/Carideal.mandataire.automobile\" \/>\n<meta property=\"article:author\" content=\"https:\/\/www.facebook.com\/Carideal.mandataire.automobile\/\" \/>\n<meta property=\"article:published_time\" content=\"2008-12-23T22:38:36+00:00\" \/>\n<meta property=\"article:modified_time\" content=\"2017-02-06T20:22:30+00:00\" \/>\n<meta property=\"og:image\" content=\"http:\/\/www.carideal.com\/blog\/wp-content\/uploads\/2008\/12\/polly-motorsports-transam-record-de-vitesse-blog-carideal-300x124.jpg\" \/>\n<meta name=\"author\" content=\"N.S Carideal\" \/>\n<meta name=\"twitter:card\" content=\"summary_large_image\" \/>\n<meta name=\"twitter:creator\" content=\"@caridealauto\" \/>\n<meta name=\"twitter:site\" content=\"@caridealauto\" \/>\n<meta name=\"twitter:label1\" content=\"\u00c9crit par\" \/>\n\t<meta name=\"twitter:data1\" content=\"N.S Carideal\" \/>\n\t<meta name=\"twitter:label2\" content=\"Dur\u00e9e de lecture estim\u00e9e\" \/>\n\t<meta name=\"twitter:data2\" content=\"2 minutes\" \/>\n<script type=\"application\/ld+json\" class=\"yoast-schema-graph\">{\"@context\":\"https:\/\/schema.org\",\"@graph\":[{\"@type\":\"Article\",\"@id\":\"https:\/\/www.carideal.com\/blog\/2008\/12\/23\/polly-prepare-la-voiture-la-plus-rapide-deurope-une-pontiac-trans-am-de-1986\/#article\",\"isPartOf\":{\"@id\":\"https:\/\/www.carideal.com\/blog\/2008\/12\/23\/polly-prepare-la-voiture-la-plus-rapide-deurope-une-pontiac-trans-am-de-1986\/\"},\"author\":{\"name\":\"N.S Carideal\",\"@id\":\"https:\/\/www.carideal.com\/blog\/#\/schema\/person\/985c7e757d1042d647f21bfaf8d41ebc\"},\"headline\":\"Polly pr\u00e9pare la voiture la plus rapide d\u2019Europe : une Pontiac Trans-Am de 1986\",\"datePublished\":\"2008-12-23T22:38:36+00:00\",\"dateModified\":\"2017-02-06T20:22:30+00:00\",\"mainEntityOfPage\":{\"@id\":\"https:\/\/www.carideal.com\/blog\/2008\/12\/23\/polly-prepare-la-voiture-la-plus-rapide-deurope-une-pontiac-trans-am-de-1986\/\"},\"wordCount\":320,\"commentCount\":0,\"publisher\":{\"@id\":\"https:\/\/www.carideal.com\/blog\/#organization\"},\"image\":{\"@id\":\"https:\/\/www.carideal.com\/blog\/2008\/12\/23\/polly-prepare-la-voiture-la-plus-rapide-deurope-une-pontiac-trans-am-de-1986\/#primaryimage\"},\"thumbnailUrl\":\"http:\/\/www.carideal.com\/blog\/wp-content\/uploads\/2008\/12\/polly-motorsports-transam-record-de-vitesse-blog-carideal-300x124.jpg\",\"keywords\":[\"Bugatti Veyron\",\"Voiture am\u00e9ricaine\"],\"articleSection\":[\"Sport Automobile\"],\"inLanguage\":\"fr-FR\",\"potentialAction\":[{\"@type\":\"CommentAction\",\"name\":\"Comment\",\"target\":[\"https:\/\/www.carideal.com\/blog\/2008\/12\/23\/polly-prepare-la-voiture-la-plus-rapide-deurope-une-pontiac-trans-am-de-1986\/#respond\"]}]},{\"@type\":\"WebPage\",\"@id\":\"https:\/\/www.carideal.com\/blog\/2008\/12\/23\/polly-prepare-la-voiture-la-plus-rapide-deurope-une-pontiac-trans-am-de-1986\/\",\"url\":\"https:\/\/www.carideal.com\/blog\/2008\/12\/23\/polly-prepare-la-voiture-la-plus-rapide-deurope-une-pontiac-trans-am-de-1986\/\",\"name\":\"Polly pr\u00e9pare la voiture la plus rapide d\u2019Europe : une Pontiac Trans-Am de 1986 - Blog auto Carid\u00e9al\",\"isPartOf\":{\"@id\":\"https:\/\/www.carideal.com\/blog\/#website\"},\"primaryImageOfPage\":{\"@id\":\"https:\/\/www.carideal.com\/blog\/2008\/12\/23\/polly-prepare-la-voiture-la-plus-rapide-deurope-une-pontiac-trans-am-de-1986\/#primaryimage\"},\"image\":{\"@id\":\"https:\/\/www.carideal.com\/blog\/2008\/12\/23\/polly-prepare-la-voiture-la-plus-rapide-deurope-une-pontiac-trans-am-de-1986\/#primaryimage\"},\"thumbnailUrl\":\"http:\/\/www.carideal.com\/blog\/wp-content\/uploads\/2008\/12\/polly-motorsports-transam-record-de-vitesse-blog-carideal-300x124.jpg\",\"datePublished\":\"2008-12-23T22:38:36+00:00\",\"dateModified\":\"2017-02-06T20:22:30+00:00\",\"breadcrumb\":{\"@id\":\"https:\/\/www.carideal.com\/blog\/2008\/12\/23\/polly-prepare-la-voiture-la-plus-rapide-deurope-une-pontiac-trans-am-de-1986\/#breadcrumb\"},\"inLanguage\":\"fr-FR\",\"potentialAction\":[{\"@type\":\"ReadAction\",\"target\":[\"https:\/\/www.carideal.com\/blog\/2008\/12\/23\/polly-prepare-la-voiture-la-plus-rapide-deurope-une-pontiac-trans-am-de-1986\/\"]}]},{\"@type\":\"ImageObject\",\"inLanguage\":\"fr-FR\",\"@id\":\"https:\/\/www.carideal.com\/blog\/2008\/12\/23\/polly-prepare-la-voiture-la-plus-rapide-deurope-une-pontiac-trans-am-de-1986\/#primaryimage\",\"url\":\"http:\/\/www.carideal.com\/blog\/wp-content\/uploads\/2008\/12\/polly-motorsports-transam-record-de-vitesse-blog-carideal-300x124.jpg\",\"contentUrl\":\"http:\/\/www.carideal.com\/blog\/wp-content\/uploads\/2008\/12\/polly-motorsports-transam-record-de-vitesse-blog-carideal-300x124.jpg\"},{\"@type\":\"BreadcrumbList\",\"@id\":\"https:\/\/www.carideal.com\/blog\/2008\/12\/23\/polly-prepare-la-voiture-la-plus-rapide-deurope-une-pontiac-trans-am-de-1986\/#breadcrumb\",\"itemListElement\":[{\"@type\":\"ListItem\",\"position\":1,\"name\":\"Blog Carid\u00e9al\",\"item\":\"https:\/\/www.carideal.com\/blog\/\"},{\"@type\":\"ListItem\",\"position\":2,\"name\":\"Sport Automobile\",\"item\":\"https:\/\/www.carideal.com\/blog\/sport-auto\/\"},{\"@type\":\"ListItem\",\"position\":3,\"name\":\"Polly pr\u00e9pare la voiture la plus rapide d\u2019Europe : une Pontiac Trans-Am de 1986\"}]},{\"@type\":\"WebSite\",\"@id\":\"https:\/\/www.carideal.com\/blog\/#website\",\"url\":\"https:\/\/www.carideal.com\/blog\/\",\"name\":\"Blog auto Carid\u00e9al\",\"description\":\"Actualit\u00e9 auto par des passionn\u00e9s\",\"publisher\":{\"@id\":\"https:\/\/www.carideal.com\/blog\/#organization\"},\"potentialAction\":[{\"@type\":\"SearchAction\",\"target\":{\"@type\":\"EntryPoint\",\"urlTemplate\":\"https:\/\/www.carideal.com\/blog\/?s={search_term_string}\"},\"query-input\":{\"@type\":\"PropertyValueSpecification\",\"valueRequired\":true,\"valueName\":\"search_term_string\"}}],\"inLanguage\":\"fr-FR\"},{\"@type\":\"Organization\",\"@id\":\"https:\/\/www.carideal.com\/blog\/#organization\",\"name\":\"Carideal\",\"url\":\"https:\/\/www.carideal.com\/blog\/\",\"logo\":{\"@type\":\"ImageObject\",\"inLanguage\":\"fr-FR\",\"@id\":\"https:\/\/www.carideal.com\/blog\/#\/schema\/logo\/image\/\",\"url\":\"http:\/\/www.carideal.com\/blog\/wp-content\/uploads\/2016\/03\/logo-carideal-mandataire-automobile.png\",\"contentUrl\":\"http:\/\/www.carideal.com\/blog\/wp-content\/uploads\/2016\/03\/logo-carideal-mandataire-automobile.png\",\"width\":300,\"height\":300,\"caption\":\"Carideal\"},\"image\":{\"@id\":\"https:\/\/www.carideal.com\/blog\/#\/schema\/logo\/image\/\"},\"sameAs\":[\"https:\/\/www.facebook.com\/Carideal.mandataire.automobile\",\"https:\/\/x.com\/caridealauto\",\"https:\/\/www.instagram.com\/carideal1\/\",\"https:\/\/www.linkedin.com\/company\/carideal.com\",\"https:\/\/fr.pinterest.com\/schiavonsas\/\",\"https:\/\/www.youtube.com\/user\/caridealsas\"]},{\"@type\":\"Person\",\"@id\":\"https:\/\/www.carideal.com\/blog\/#\/schema\/person\/985c7e757d1042d647f21bfaf8d41ebc\",\"name\":\"N.S Carideal\",\"image\":{\"@type\":\"ImageObject\",\"inLanguage\":\"fr-FR\",\"@id\":\"https:\/\/www.carideal.com\/blog\/#\/schema\/person\/image\/\",\"url\":\"https:\/\/secure.gravatar.com\/avatar\/edb7ccdf1a4e3d14aef967760d354d0e?s=96&r=g\",\"contentUrl\":\"https:\/\/secure.gravatar.com\/avatar\/edb7ccdf1a4e3d14aef967760d354d0e?s=96&r=g\",\"caption\":\"N.S Carideal\"},\"description\":\"Depuis tout petit fan d'automobile. Il est question d'essayer et de comparer toutes ces voitures qui nous ont fait r\u00e9ver, avant que celles-ci ne devient uniquement des voitures de collection.\",\"sameAs\":[\"http:\/\/www.carideal.com\/blog\",\"https:\/\/www.facebook.com\/Carideal.mandataire.automobile\/\",\"https:\/\/www.linkedin.com\/in\/nschiavon\/\",\"https:\/\/www.youtube.com\/user\/caridealsas\/\"],\"url\":\"https:\/\/www.carideal.com\/blog\/author\/admin_carideal\/\"}]}<\/script>\n<!-- \/ Yoast SEO plugin. -->","yoast_head_json":{"title":"Polly pr\u00e9pare la voiture la plus rapide d\u2019Europe : une Pontiac Trans-Am de 1986 - Blog auto Carid\u00e9al","robots":{"index":"index","follow":"follow","max-snippet":"max-snippet:-1","max-image-preview":"max-image-preview:large","max-video-preview":"max-video-preview:-1"},"canonical":"https:\/\/www.carideal.com\/blog\/2008\/12\/23\/polly-prepare-la-voiture-la-plus-rapide-deurope-une-pontiac-trans-am-de-1986\/","og_locale":"fr_FR","og_type":"article","og_title":"Polly pr\u00e9pare la voiture la plus rapide d\u2019Europe : une Pontiac Trans-Am de 1986 - Blog auto Carid\u00e9al","og_description":"Polly pr\u00e9pare la voiture la plus rapide d\u2019Europe : une Pontiac Trans-Am de 1986 Cette Pontiac transam de 1986 a fum\u00e9 la Porsche Ruff 9FF et l Bugatti Veyron W16 de un million d\u2019euros : c\u2019est bal\u00f4 !! Cette vieille Pontiac tun\u00e9e, detiendrait le record d'europe de vitesse! Personne n'a jamais entendu parler de Polly ... Lire plus","og_url":"https:\/\/www.carideal.com\/blog\/2008\/12\/23\/polly-prepare-la-voiture-la-plus-rapide-deurope-une-pontiac-trans-am-de-1986\/","og_site_name":"Blog auto Carid\u00e9al","article_publisher":"https:\/\/www.facebook.com\/Carideal.mandataire.automobile","article_author":"https:\/\/www.facebook.com\/Carideal.mandataire.automobile\/","article_published_time":"2008-12-23T22:38:36+00:00","article_modified_time":"2017-02-06T20:22:30+00:00","og_image":[{"url":"http:\/\/www.carideal.com\/blog\/wp-content\/uploads\/2008\/12\/polly-motorsports-transam-record-de-vitesse-blog-carideal-300x124.jpg","type":"","width":"","height":""}],"author":"N.S Carideal","twitter_card":"summary_large_image","twitter_creator":"@caridealauto","twitter_site":"@caridealauto","twitter_misc":{"\u00c9crit par":"N.S Carideal","Dur\u00e9e de lecture estim\u00e9e":"2 minutes"},"schema":{"@context":"https:\/\/schema.org","@graph":[{"@type":"Article","@id":"https:\/\/www.carideal.com\/blog\/2008\/12\/23\/polly-prepare-la-voiture-la-plus-rapide-deurope-une-pontiac-trans-am-de-1986\/#article","isPartOf":{"@id":"https:\/\/www.carideal.com\/blog\/2008\/12\/23\/polly-prepare-la-voiture-la-plus-rapide-deurope-une-pontiac-trans-am-de-1986\/"},"author":{"name":"N.S Carideal","@id":"https:\/\/www.carideal.com\/blog\/#\/schema\/person\/985c7e757d1042d647f21bfaf8d41ebc"},"headline":"Polly pr\u00e9pare la voiture la plus rapide d\u2019Europe : une Pontiac Trans-Am de 1986","datePublished":"2008-12-23T22:38:36+00:00","dateModified":"2017-02-06T20:22:30+00:00","mainEntityOfPage":{"@id":"https:\/\/www.carideal.com\/blog\/2008\/12\/23\/polly-prepare-la-voiture-la-plus-rapide-deurope-une-pontiac-trans-am-de-1986\/"},"wordCount":320,"commentCount":0,"publisher":{"@id":"https:\/\/www.carideal.com\/blog\/#organization"},"image":{"@id":"https:\/\/www.carideal.com\/blog\/2008\/12\/23\/polly-prepare-la-voiture-la-plus-rapide-deurope-une-pontiac-trans-am-de-1986\/#primaryimage"},"thumbnailUrl":"http:\/\/www.carideal.com\/blog\/wp-content\/uploads\/2008\/12\/polly-motorsports-transam-record-de-vitesse-blog-carideal-300x124.jpg","keywords":["Bugatti Veyron","Voiture am\u00e9ricaine"],"articleSection":["Sport Automobile"],"inLanguage":"fr-FR","potentialAction":[{"@type":"CommentAction","name":"Comment","target":["https:\/\/www.carideal.com\/blog\/2008\/12\/23\/polly-prepare-la-voiture-la-plus-rapide-deurope-une-pontiac-trans-am-de-1986\/#respond"]}]},{"@type":"WebPage","@id":"https:\/\/www.carideal.com\/blog\/2008\/12\/23\/polly-prepare-la-voiture-la-plus-rapide-deurope-une-pontiac-trans-am-de-1986\/","url":"https:\/\/www.carideal.com\/blog\/2008\/12\/23\/polly-prepare-la-voiture-la-plus-rapide-deurope-une-pontiac-trans-am-de-1986\/","name":"Polly pr\u00e9pare la voiture la plus rapide d\u2019Europe : une Pontiac Trans-Am de 1986 - Blog auto Carid\u00e9al","isPartOf":{"@id":"https:\/\/www.carideal.com\/blog\/#website"},"primaryImageOfPage":{"@id":"https:\/\/www.carideal.com\/blog\/2008\/12\/23\/polly-prepare-la-voiture-la-plus-rapide-deurope-une-pontiac-trans-am-de-1986\/#primaryimage"},"image":{"@id":"https:\/\/www.carideal.com\/blog\/2008\/12\/23\/polly-prepare-la-voiture-la-plus-rapide-deurope-une-pontiac-trans-am-de-1986\/#primaryimage"},"thumbnailUrl":"http:\/\/www.carideal.com\/blog\/wp-content\/uploads\/2008\/12\/polly-motorsports-transam-record-de-vitesse-blog-carideal-300x124.jpg","datePublished":"2008-12-23T22:38:36+00:00","dateModified":"2017-02-06T20:22:30+00:00","breadcrumb":{"@id":"https:\/\/www.carideal.com\/blog\/2008\/12\/23\/polly-prepare-la-voiture-la-plus-rapide-deurope-une-pontiac-trans-am-de-1986\/#breadcrumb"},"inLanguage":"fr-FR","potentialAction":[{"@type":"ReadAction","target":["https:\/\/www.carideal.com\/blog\/2008\/12\/23\/polly-prepare-la-voiture-la-plus-rapide-deurope-une-pontiac-trans-am-de-1986\/"]}]},{"@type":"ImageObject","inLanguage":"fr-FR","@id":"https:\/\/www.carideal.com\/blog\/2008\/12\/23\/polly-prepare-la-voiture-la-plus-rapide-deurope-une-pontiac-trans-am-de-1986\/#primaryimage","url":"http:\/\/www.carideal.com\/blog\/wp-content\/uploads\/2008\/12\/polly-motorsports-transam-record-de-vitesse-blog-carideal-300x124.jpg","contentUrl":"http:\/\/www.carideal.com\/blog\/wp-content\/uploads\/2008\/12\/polly-motorsports-transam-record-de-vitesse-blog-carideal-300x124.jpg"},{"@type":"BreadcrumbList","@id":"https:\/\/www.carideal.com\/blog\/2008\/12\/23\/polly-prepare-la-voiture-la-plus-rapide-deurope-une-pontiac-trans-am-de-1986\/#breadcrumb","itemListElement":[{"@type":"ListItem","position":1,"name":"Blog Carid\u00e9al","item":"https:\/\/www.carideal.com\/blog\/"},{"@type":"ListItem","position":2,"name":"Sport Automobile","item":"https:\/\/www.carideal.com\/blog\/sport-auto\/"},{"@type":"ListItem","position":3,"name":"Polly pr\u00e9pare la voiture la plus rapide d\u2019Europe : une Pontiac Trans-Am de 1986"}]},{"@type":"WebSite","@id":"https:\/\/www.carideal.com\/blog\/#website","url":"https:\/\/www.carideal.com\/blog\/","name":"Blog auto Carid\u00e9al","description":"Actualit\u00e9 auto par des passionn\u00e9s","publisher":{"@id":"https:\/\/www.carideal.com\/blog\/#organization"},"potentialAction":[{"@type":"SearchAction","target":{"@type":"EntryPoint","urlTemplate":"https:\/\/www.carideal.com\/blog\/?s={search_term_string}"},"query-input":{"@type":"PropertyValueSpecification","valueRequired":true,"valueName":"search_term_string"}}],"inLanguage":"fr-FR"},{"@type":"Organization","@id":"https:\/\/www.carideal.com\/blog\/#organization","name":"Carideal","url":"https:\/\/www.carideal.com\/blog\/","logo":{"@type":"ImageObject","inLanguage":"fr-FR","@id":"https:\/\/www.carideal.com\/blog\/#\/schema\/logo\/image\/","url":"http:\/\/www.carideal.com\/blog\/wp-content\/uploads\/2016\/03\/logo-carideal-mandataire-automobile.png","contentUrl":"http:\/\/www.carideal.com\/blog\/wp-content\/uploads\/2016\/03\/logo-carideal-mandataire-automobile.png","width":300,"height":300,"caption":"Carideal"},"image":{"@id":"https:\/\/www.carideal.com\/blog\/#\/schema\/logo\/image\/"},"sameAs":["https:\/\/www.facebook.com\/Carideal.mandataire.automobile","https:\/\/x.com\/caridealauto","https:\/\/www.instagram.com\/carideal1\/","https:\/\/www.linkedin.com\/company\/carideal.com","https:\/\/fr.pinterest.com\/schiavonsas\/","https:\/\/www.youtube.com\/user\/caridealsas"]},{"@type":"Person","@id":"https:\/\/www.carideal.com\/blog\/#\/schema\/person\/985c7e757d1042d647f21bfaf8d41ebc","name":"N.S Carideal","image":{"@type":"ImageObject","inLanguage":"fr-FR","@id":"https:\/\/www.carideal.com\/blog\/#\/schema\/person\/image\/","url":"https:\/\/secure.gravatar.com\/avatar\/edb7ccdf1a4e3d14aef967760d354d0e?s=96&r=g","contentUrl":"https:\/\/secure.gravatar.com\/avatar\/edb7ccdf1a4e3d14aef967760d354d0e?s=96&r=g","caption":"N.S Carideal"},"description":"Depuis tout petit fan d'automobile. Il est question d'essayer et de comparer toutes ces voitures qui nous ont fait r\u00e9ver, avant que celles-ci ne devient uniquement des voitures de collection.","sameAs":["http:\/\/www.carideal.com\/blog","https:\/\/www.facebook.com\/Carideal.mandataire.automobile\/","https:\/\/www.linkedin.com\/in\/nschiavon\/","https:\/\/www.youtube.com\/user\/caridealsas\/"],"url":"https:\/\/www.carideal.com\/blog\/author\/admin_carideal\/"}]}},"uagb_featured_image_src":{"full":false,"thumbnail":false,"medium":false,"medium_large":false,"large":false,"1536x1536":false,"2048x2048":false,"wppr-widget":false},"uagb_author_info":{"display_name":"N.S Carideal","author_link":"https:\/\/www.carideal.com\/blog\/author\/admin_carideal\/"},"uagb_comment_info":0,"uagb_excerpt":"Polly pr\u00e9pare la voiture la plus rapide d\u2019Europe : une Pontiac Trans-Am de 1986 Cette Pontiac transam de 1986 a fum\u00e9 la Porsche Ruff 9FF et l Bugatti Veyron W16 de un million d\u2019euros : c\u2019est bal\u00f4 !! Cette vieille Pontiac tun\u00e9e, detiendrait le record d'europe de vitesse! Personne n'a jamais entendu parler de Polly\u2026","_links":{"self":[{"href":"https:\/\/www.carideal.com\/blog\/wp-json\/wp\/v2\/posts\/1676"}],"collection":[{"href":"https:\/\/www.carideal.com\/blog\/wp-json\/wp\/v2\/posts"}],"about":[{"href":"https:\/\/www.carideal.com\/blog\/wp-json\/wp\/v2\/types\/post"}],"author":[{"embeddable":true,"href":"https:\/\/www.carideal.com\/blog\/wp-json\/wp\/v2\/users\/1"}],"replies":[{"embeddable":true,"href":"https:\/\/www.carideal.com\/blog\/wp-json\/wp\/v2\/comments?post=1676"}],"version-history":[{"count":0,"href":"https:\/\/www.carideal.com\/blog\/wp-json\/wp\/v2\/posts\/1676\/revisions"}],"wp:attachment":[{"href":"https:\/\/www.carideal.com\/blog\/wp-json\/wp\/v2\/media?parent=1676"}],"wp:term":[{"taxonomy":"category","embeddable":true,"href":"https:\/\/www.carideal.com\/blog\/wp-json\/wp\/v2\/categories?post=1676"},{"taxonomy":"post_tag","embeddable":true,"href":"https:\/\/www.carideal.com\/blog\/wp-json\/wp\/v2\/tags?post=1676"}],"curies":[{"name":"wp","href":"https:\/\/api.w.org\/{rel}","templated":true}]}}