{"id":1674,"date":"2008-12-11T17:45:33","date_gmt":"2008-12-11T17:45:33","guid":{"rendered":"http:\/\/carideal.com\/blog\/?p=1674"},"modified":"2015-12-17T22:29:46","modified_gmt":"2015-12-17T21:29:46","slug":"record-du-tour-du-nurburgring-en-megane-r26r","status":"publish","type":"post","link":"https:\/\/www.carideal.com\/blog\/2008\/12\/11\/record-du-tour-du-nurburgring-en-megane-r26r\/","title":{"rendered":"M\u00e9gane R26R record du tour du N\u00fcrburgring"},"content":{"rendered":"<h1>La Renault M\u00e9gane R26R bat le record du tour au\u00a0N\u00fcrburgring<\/h1>\n<figure id=\"attachment_8686\" aria-describedby=\"caption-attachment-8686\" style=\"width: 290px\" class=\"wp-caption alignleft\"><a href=\"http:\/\/www.carideal.com\/blog\/wp-content\/uploads\/2008\/12\/megane-r26r-N\u00fcrburgring.jpg\"><img loading=\"lazy\" decoding=\"async\" class=\"wp-image-8686 size-medium\" title=\"Renault M\u00e9gane R26R N\u00fcrburgring\" src=\"http:\/\/www.carideal.com\/blog\/wp-content\/uploads\/2008\/12\/megane-r26r-N\u00fcrburgring-300x194.jpg\" alt=\"Renault M\u00e9gane R26R N\u00fcrburgring\" width=\"300\" height=\"194\" srcset=\"https:\/\/www.carideal.com\/blog\/wp-content\/uploads\/2008\/12\/megane-r26r-N\u00fcrburgring-300x194.jpg 300w, https:\/\/www.carideal.com\/blog\/wp-content\/uploads\/2008\/12\/megane-r26r-N\u00fcrburgring-624x403.jpg 624w, https:\/\/www.carideal.com\/blog\/wp-content\/uploads\/2008\/12\/megane-r26r-N\u00fcrburgring.jpg 700w\" sizes=\"(max-width: 300px) 100vw, 300px\" \/><\/a><figcaption id=\"caption-attachment-8686\" class=\"wp-caption-text\">Renault M\u00e9gane R26R N\u00fcrburgring<\/figcaption><\/figure>\n<p>Allez pour faire plaisir \u00e0 J\u00e9rome, la vid\u00e9o de la M\u00e9gane R26R qui explose le chrono au <span style=\"text-decoration: underline; color: #0000ff;\"><a style=\"color: #0000ff; text-decoration: underline;\" href=\"http:\/\/www.carideal.com\/blog\/2014\/06\/16\/renault-megane-rs-trophy-bat-le-record-du-nurburgring\/\">N\u00fcrburgring<\/a><\/span>, pas mal non ? Pour une Fran\u00e7aise et Traction avant de surcroit.<\/p>\n<p>Video de pr\u00e9sentation de Renault Sport<\/p>\n<p><embed src=\"http:\/\/www.youtube.com\/v\/nLpzWlQOC0M&amp;hl=en&amp;fs=1&amp;color1=0x006699&amp;color2=0x54abd6&amp;border=1\" type=\"application\/x-shockwave-flash\" width=\"445\" height=\"364\" align=\"BOTTOM\" name=\"Objet1\"><\/embed><\/p>\n<p>&nbsp;<\/p>\n","protected":false},"excerpt":{"rendered":"<p>La Renault M\u00e9gane R26R bat le record du tour au\u00a0N\u00fcrburgring Allez pour faire plaisir \u00e0 J\u00e9rome, la vid\u00e9o de la M\u00e9gane R26R qui explose le chrono au N\u00fcrburgring, pas mal non ? Pour une Fran\u00e7aise et Traction avant de surcroit. Video de pr\u00e9sentation de Renault Sport &nbsp;<\/p>\n","protected":false},"author":1,"featured_media":0,"comment_status":"open","ping_status":"closed","sticky":false,"template":"","format":"standard","meta":{"_uag_custom_page_level_css":"","_themeisle_gutenberg_block_has_review":false,"footnotes":""},"categories":[5944,5963,16],"tags":[2291],"class_list":["post-1674","post","type-post","status-publish","format-standard","hentry","category-constructeur","category-renault","category-sport-auto","tag-renault-sport"],"wppr_data":[],"yoast_head":"<!-- This site is optimized with the Yoast SEO plugin v24.8.1 - https:\/\/yoast.com\/wordpress\/plugins\/seo\/ -->\n<title>M\u00e9gane R26R record du tour du N\u00fcrburgring - Blog auto Carid\u00e9al<\/title>\n<meta name=\"description\" content=\"La Renault M\u00e9gane R26R vient de battre le record du tour sur le c\u00e9l\u00e8bre circuit allemand du N\u00fcrburgring en 8&#039; 17&quot; ce qui met l&#039;Opel Astra loin.\" \/>\n<meta name=\"robots\" content=\"index, follow, max-snippet:-1, max-image-preview:large, max-video-preview:-1\" \/>\n<link rel=\"canonical\" href=\"https:\/\/www.carideal.com\/blog\/2008\/12\/11\/record-du-tour-du-nurburgring-en-megane-r26r\/\" \/>\n<meta property=\"og:locale\" content=\"fr_FR\" \/>\n<meta property=\"og:type\" content=\"article\" \/>\n<meta property=\"og:title\" content=\"M\u00e9gane R26R record du tour du N\u00fcrburgring - Blog auto Carid\u00e9al\" \/>\n<meta property=\"og:description\" content=\"La Renault M\u00e9gane R26R vient de battre le record du tour sur le c\u00e9l\u00e8bre circuit allemand du N\u00fcrburgring en 8&#039; 17&quot; ce qui met l&#039;Opel Astra loin.\" \/>\n<meta property=\"og:url\" content=\"https:\/\/www.carideal.com\/blog\/2008\/12\/11\/record-du-tour-du-nurburgring-en-megane-r26r\/\" \/>\n<meta property=\"og:site_name\" content=\"Blog auto Carid\u00e9al\" \/>\n<meta property=\"article:publisher\" content=\"https:\/\/www.facebook.com\/Carideal.mandataire.automobile\" \/>\n<meta property=\"article:author\" content=\"https:\/\/www.facebook.com\/Carideal.mandataire.automobile\/\" \/>\n<meta property=\"article:published_time\" content=\"2008-12-11T17:45:33+00:00\" \/>\n<meta property=\"article:modified_time\" content=\"2015-12-17T21:29:46+00:00\" \/>\n<meta property=\"og:image\" content=\"https:\/\/www.carideal.com\/blog\/wp-content\/uploads\/2016\/03\/logo-carideal-mandataire-automobile.png\" \/>\n\t<meta property=\"og:image:width\" content=\"300\" \/>\n\t<meta property=\"og:image:height\" content=\"300\" \/>\n\t<meta property=\"og:image:type\" content=\"image\/png\" \/>\n<meta name=\"author\" content=\"N.S Carideal\" \/>\n<meta name=\"twitter:card\" content=\"summary_large_image\" \/>\n<meta name=\"twitter:creator\" content=\"@caridealauto\" \/>\n<meta name=\"twitter:site\" content=\"@caridealauto\" \/>\n<meta name=\"twitter:label1\" content=\"\u00c9crit par\" \/>\n\t<meta name=\"twitter:data1\" content=\"N.S Carideal\" \/>\n<script type=\"application\/ld+json\" class=\"yoast-schema-graph\">{\"@context\":\"https:\/\/schema.org\",\"@graph\":[{\"@type\":\"Article\",\"@id\":\"https:\/\/www.carideal.com\/blog\/2008\/12\/11\/record-du-tour-du-nurburgring-en-megane-r26r\/#article\",\"isPartOf\":{\"@id\":\"https:\/\/www.carideal.com\/blog\/2008\/12\/11\/record-du-tour-du-nurburgring-en-megane-r26r\/\"},\"author\":{\"name\":\"N.S Carideal\",\"@id\":\"https:\/\/www.carideal.com\/blog\/#\/schema\/person\/985c7e757d1042d647f21bfaf8d41ebc\"},\"headline\":\"M\u00e9gane R26R record du tour du N\u00fcrburgring\",\"datePublished\":\"2008-12-11T17:45:33+00:00\",\"dateModified\":\"2015-12-17T21:29:46+00:00\",\"mainEntityOfPage\":{\"@id\":\"https:\/\/www.carideal.com\/blog\/2008\/12\/11\/record-du-tour-du-nurburgring-en-megane-r26r\/\"},\"wordCount\":80,\"commentCount\":0,\"publisher\":{\"@id\":\"https:\/\/www.carideal.com\/blog\/#organization\"},\"keywords\":[\"Renault Sport\"],\"articleSection\":[\"Actualit\u00e9 Constructeur automobile\",\"Actualit\u00e9 Renault\",\"Sport Automobile\"],\"inLanguage\":\"fr-FR\",\"potentialAction\":[{\"@type\":\"CommentAction\",\"name\":\"Comment\",\"target\":[\"https:\/\/www.carideal.com\/blog\/2008\/12\/11\/record-du-tour-du-nurburgring-en-megane-r26r\/#respond\"]}]},{\"@type\":\"WebPage\",\"@id\":\"https:\/\/www.carideal.com\/blog\/2008\/12\/11\/record-du-tour-du-nurburgring-en-megane-r26r\/\",\"url\":\"https:\/\/www.carideal.com\/blog\/2008\/12\/11\/record-du-tour-du-nurburgring-en-megane-r26r\/\",\"name\":\"M\u00e9gane R26R record du tour du N\u00fcrburgring - Blog auto Carid\u00e9al\",\"isPartOf\":{\"@id\":\"https:\/\/www.carideal.com\/blog\/#website\"},\"datePublished\":\"2008-12-11T17:45:33+00:00\",\"dateModified\":\"2015-12-17T21:29:46+00:00\",\"description\":\"La Renault M\u00e9gane R26R vient de battre le record du tour sur le c\u00e9l\u00e8bre circuit allemand du N\u00fcrburgring en 8' 17\\\" ce qui met l'Opel Astra loin.\",\"breadcrumb\":{\"@id\":\"https:\/\/www.carideal.com\/blog\/2008\/12\/11\/record-du-tour-du-nurburgring-en-megane-r26r\/#breadcrumb\"},\"inLanguage\":\"fr-FR\",\"potentialAction\":[{\"@type\":\"ReadAction\",\"target\":[\"https:\/\/www.carideal.com\/blog\/2008\/12\/11\/record-du-tour-du-nurburgring-en-megane-r26r\/\"]}]},{\"@type\":\"BreadcrumbList\",\"@id\":\"https:\/\/www.carideal.com\/blog\/2008\/12\/11\/record-du-tour-du-nurburgring-en-megane-r26r\/#breadcrumb\",\"itemListElement\":[{\"@type\":\"ListItem\",\"position\":1,\"name\":\"Blog Carid\u00e9al\",\"item\":\"https:\/\/www.carideal.com\/blog\/\"},{\"@type\":\"ListItem\",\"position\":2,\"name\":\"Actualit\u00e9 constructeur automobile\",\"item\":\"https:\/\/www.carideal.com\/blog\/constructeur\/\"},{\"@type\":\"ListItem\",\"position\":3,\"name\":\"Actualit\u00e9 Renault\",\"item\":\"https:\/\/www.carideal.com\/blog\/constructeur\/renault\/\"},{\"@type\":\"ListItem\",\"position\":4,\"name\":\"M\u00e9gane R26R record du tour du N\u00fcrburgring\"}]},{\"@type\":\"WebSite\",\"@id\":\"https:\/\/www.carideal.com\/blog\/#website\",\"url\":\"https:\/\/www.carideal.com\/blog\/\",\"name\":\"Blog auto Carid\u00e9al\",\"description\":\"Actualit\u00e9 auto par des passionn\u00e9s\",\"publisher\":{\"@id\":\"https:\/\/www.carideal.com\/blog\/#organization\"},\"potentialAction\":[{\"@type\":\"SearchAction\",\"target\":{\"@type\":\"EntryPoint\",\"urlTemplate\":\"https:\/\/www.carideal.com\/blog\/?s={search_term_string}\"},\"query-input\":{\"@type\":\"PropertyValueSpecification\",\"valueRequired\":true,\"valueName\":\"search_term_string\"}}],\"inLanguage\":\"fr-FR\"},{\"@type\":\"Organization\",\"@id\":\"https:\/\/www.carideal.com\/blog\/#organization\",\"name\":\"Carideal\",\"url\":\"https:\/\/www.carideal.com\/blog\/\",\"logo\":{\"@type\":\"ImageObject\",\"inLanguage\":\"fr-FR\",\"@id\":\"https:\/\/www.carideal.com\/blog\/#\/schema\/logo\/image\/\",\"url\":\"http:\/\/www.carideal.com\/blog\/wp-content\/uploads\/2016\/03\/logo-carideal-mandataire-automobile.png\",\"contentUrl\":\"http:\/\/www.carideal.com\/blog\/wp-content\/uploads\/2016\/03\/logo-carideal-mandataire-automobile.png\",\"width\":300,\"height\":300,\"caption\":\"Carideal\"},\"image\":{\"@id\":\"https:\/\/www.carideal.com\/blog\/#\/schema\/logo\/image\/\"},\"sameAs\":[\"https:\/\/www.facebook.com\/Carideal.mandataire.automobile\",\"https:\/\/x.com\/caridealauto\",\"https:\/\/www.instagram.com\/carideal1\/\",\"https:\/\/www.linkedin.com\/company\/carideal.com\",\"https:\/\/fr.pinterest.com\/schiavonsas\/\",\"https:\/\/www.youtube.com\/user\/caridealsas\"]},{\"@type\":\"Person\",\"@id\":\"https:\/\/www.carideal.com\/blog\/#\/schema\/person\/985c7e757d1042d647f21bfaf8d41ebc\",\"name\":\"N.S Carideal\",\"image\":{\"@type\":\"ImageObject\",\"inLanguage\":\"fr-FR\",\"@id\":\"https:\/\/www.carideal.com\/blog\/#\/schema\/person\/image\/\",\"url\":\"https:\/\/secure.gravatar.com\/avatar\/edb7ccdf1a4e3d14aef967760d354d0e?s=96&r=g\",\"contentUrl\":\"https:\/\/secure.gravatar.com\/avatar\/edb7ccdf1a4e3d14aef967760d354d0e?s=96&r=g\",\"caption\":\"N.S Carideal\"},\"description\":\"Depuis tout petit fan d'automobile. Il est question d'essayer et de comparer toutes ces voitures qui nous ont fait r\u00e9ver, avant que celles-ci ne devient uniquement des voitures de collection.\",\"sameAs\":[\"http:\/\/www.carideal.com\/blog\",\"https:\/\/www.facebook.com\/Carideal.mandataire.automobile\/\",\"https:\/\/www.linkedin.com\/in\/nschiavon\/\",\"https:\/\/www.youtube.com\/user\/caridealsas\/\"],\"url\":\"https:\/\/www.carideal.com\/blog\/author\/admin_carideal\/\"}]}<\/script>\n<!-- \/ Yoast SEO plugin. -->","yoast_head_json":{"title":"M\u00e9gane R26R record du tour du N\u00fcrburgring - Blog auto Carid\u00e9al","description":"La Renault M\u00e9gane R26R vient de battre le record du tour sur le c\u00e9l\u00e8bre circuit allemand du N\u00fcrburgring en 8' 17\" ce qui met l'Opel Astra loin.","robots":{"index":"index","follow":"follow","max-snippet":"max-snippet:-1","max-image-preview":"max-image-preview:large","max-video-preview":"max-video-preview:-1"},"canonical":"https:\/\/www.carideal.com\/blog\/2008\/12\/11\/record-du-tour-du-nurburgring-en-megane-r26r\/","og_locale":"fr_FR","og_type":"article","og_title":"M\u00e9gane R26R record du tour du N\u00fcrburgring - Blog auto Carid\u00e9al","og_description":"La Renault M\u00e9gane R26R vient de battre le record du tour sur le c\u00e9l\u00e8bre circuit allemand du N\u00fcrburgring en 8' 17\" ce qui met l'Opel Astra loin.","og_url":"https:\/\/www.carideal.com\/blog\/2008\/12\/11\/record-du-tour-du-nurburgring-en-megane-r26r\/","og_site_name":"Blog auto Carid\u00e9al","article_publisher":"https:\/\/www.facebook.com\/Carideal.mandataire.automobile","article_author":"https:\/\/www.facebook.com\/Carideal.mandataire.automobile\/","article_published_time":"2008-12-11T17:45:33+00:00","article_modified_time":"2015-12-17T21:29:46+00:00","og_image":[{"width":300,"height":300,"url":"https:\/\/www.carideal.com\/blog\/wp-content\/uploads\/2016\/03\/logo-carideal-mandataire-automobile.png","type":"image\/png"}],"author":"N.S Carideal","twitter_card":"summary_large_image","twitter_creator":"@caridealauto","twitter_site":"@caridealauto","twitter_misc":{"\u00c9crit par":"N.S Carideal"},"schema":{"@context":"https:\/\/schema.org","@graph":[{"@type":"Article","@id":"https:\/\/www.carideal.com\/blog\/2008\/12\/11\/record-du-tour-du-nurburgring-en-megane-r26r\/#article","isPartOf":{"@id":"https:\/\/www.carideal.com\/blog\/2008\/12\/11\/record-du-tour-du-nurburgring-en-megane-r26r\/"},"author":{"name":"N.S Carideal","@id":"https:\/\/www.carideal.com\/blog\/#\/schema\/person\/985c7e757d1042d647f21bfaf8d41ebc"},"headline":"M\u00e9gane R26R record du tour du N\u00fcrburgring","datePublished":"2008-12-11T17:45:33+00:00","dateModified":"2015-12-17T21:29:46+00:00","mainEntityOfPage":{"@id":"https:\/\/www.carideal.com\/blog\/2008\/12\/11\/record-du-tour-du-nurburgring-en-megane-r26r\/"},"wordCount":80,"commentCount":0,"publisher":{"@id":"https:\/\/www.carideal.com\/blog\/#organization"},"keywords":["Renault Sport"],"articleSection":["Actualit\u00e9 Constructeur automobile","Actualit\u00e9 Renault","Sport Automobile"],"inLanguage":"fr-FR","potentialAction":[{"@type":"CommentAction","name":"Comment","target":["https:\/\/www.carideal.com\/blog\/2008\/12\/11\/record-du-tour-du-nurburgring-en-megane-r26r\/#respond"]}]},{"@type":"WebPage","@id":"https:\/\/www.carideal.com\/blog\/2008\/12\/11\/record-du-tour-du-nurburgring-en-megane-r26r\/","url":"https:\/\/www.carideal.com\/blog\/2008\/12\/11\/record-du-tour-du-nurburgring-en-megane-r26r\/","name":"M\u00e9gane R26R record du tour du N\u00fcrburgring - Blog auto Carid\u00e9al","isPartOf":{"@id":"https:\/\/www.carideal.com\/blog\/#website"},"datePublished":"2008-12-11T17:45:33+00:00","dateModified":"2015-12-17T21:29:46+00:00","description":"La Renault M\u00e9gane R26R vient de battre le record du tour sur le c\u00e9l\u00e8bre circuit allemand du N\u00fcrburgring en 8' 17\" ce qui met l'Opel Astra loin.","breadcrumb":{"@id":"https:\/\/www.carideal.com\/blog\/2008\/12\/11\/record-du-tour-du-nurburgring-en-megane-r26r\/#breadcrumb"},"inLanguage":"fr-FR","potentialAction":[{"@type":"ReadAction","target":["https:\/\/www.carideal.com\/blog\/2008\/12\/11\/record-du-tour-du-nurburgring-en-megane-r26r\/"]}]},{"@type":"BreadcrumbList","@id":"https:\/\/www.carideal.com\/blog\/2008\/12\/11\/record-du-tour-du-nurburgring-en-megane-r26r\/#breadcrumb","itemListElement":[{"@type":"ListItem","position":1,"name":"Blog Carid\u00e9al","item":"https:\/\/www.carideal.com\/blog\/"},{"@type":"ListItem","position":2,"name":"Actualit\u00e9 constructeur automobile","item":"https:\/\/www.carideal.com\/blog\/constructeur\/"},{"@type":"ListItem","position":3,"name":"Actualit\u00e9 Renault","item":"https:\/\/www.carideal.com\/blog\/constructeur\/renault\/"},{"@type":"ListItem","position":4,"name":"M\u00e9gane R26R record du tour du N\u00fcrburgring"}]},{"@type":"WebSite","@id":"https:\/\/www.carideal.com\/blog\/#website","url":"https:\/\/www.carideal.com\/blog\/","name":"Blog auto Carid\u00e9al","description":"Actualit\u00e9 auto par des passionn\u00e9s","publisher":{"@id":"https:\/\/www.carideal.com\/blog\/#organization"},"potentialAction":[{"@type":"SearchAction","target":{"@type":"EntryPoint","urlTemplate":"https:\/\/www.carideal.com\/blog\/?s={search_term_string}"},"query-input":{"@type":"PropertyValueSpecification","valueRequired":true,"valueName":"search_term_string"}}],"inLanguage":"fr-FR"},{"@type":"Organization","@id":"https:\/\/www.carideal.com\/blog\/#organization","name":"Carideal","url":"https:\/\/www.carideal.com\/blog\/","logo":{"@type":"ImageObject","inLanguage":"fr-FR","@id":"https:\/\/www.carideal.com\/blog\/#\/schema\/logo\/image\/","url":"http:\/\/www.carideal.com\/blog\/wp-content\/uploads\/2016\/03\/logo-carideal-mandataire-automobile.png","contentUrl":"http:\/\/www.carideal.com\/blog\/wp-content\/uploads\/2016\/03\/logo-carideal-mandataire-automobile.png","width":300,"height":300,"caption":"Carideal"},"image":{"@id":"https:\/\/www.carideal.com\/blog\/#\/schema\/logo\/image\/"},"sameAs":["https:\/\/www.facebook.com\/Carideal.mandataire.automobile","https:\/\/x.com\/caridealauto","https:\/\/www.instagram.com\/carideal1\/","https:\/\/www.linkedin.com\/company\/carideal.com","https:\/\/fr.pinterest.com\/schiavonsas\/","https:\/\/www.youtube.com\/user\/caridealsas"]},{"@type":"Person","@id":"https:\/\/www.carideal.com\/blog\/#\/schema\/person\/985c7e757d1042d647f21bfaf8d41ebc","name":"N.S Carideal","image":{"@type":"ImageObject","inLanguage":"fr-FR","@id":"https:\/\/www.carideal.com\/blog\/#\/schema\/person\/image\/","url":"https:\/\/secure.gravatar.com\/avatar\/edb7ccdf1a4e3d14aef967760d354d0e?s=96&r=g","contentUrl":"https:\/\/secure.gravatar.com\/avatar\/edb7ccdf1a4e3d14aef967760d354d0e?s=96&r=g","caption":"N.S Carideal"},"description":"Depuis tout petit fan d'automobile. Il est question d'essayer et de comparer toutes ces voitures qui nous ont fait r\u00e9ver, avant que celles-ci ne devient uniquement des voitures de collection.","sameAs":["http:\/\/www.carideal.com\/blog","https:\/\/www.facebook.com\/Carideal.mandataire.automobile\/","https:\/\/www.linkedin.com\/in\/nschiavon\/","https:\/\/www.youtube.com\/user\/caridealsas\/"],"url":"https:\/\/www.carideal.com\/blog\/author\/admin_carideal\/"}]}},"uagb_featured_image_src":{"full":false,"thumbnail":false,"medium":false,"medium_large":false,"large":false,"1536x1536":false,"2048x2048":false,"wppr-widget":false},"uagb_author_info":{"display_name":"N.S Carideal","author_link":"https:\/\/www.carideal.com\/blog\/author\/admin_carideal\/"},"uagb_comment_info":0,"uagb_excerpt":"La Renault M\u00e9gane R26R bat le record du tour au\u00a0N\u00fcrburgring Allez pour faire plaisir \u00e0 J\u00e9rome, la vid\u00e9o de la M\u00e9gane R26R qui explose le chrono au N\u00fcrburgring, pas mal non ? Pour une Fran\u00e7aise et Traction avant de surcroit. Video de pr\u00e9sentation de Renault Sport &nbsp;","_links":{"self":[{"href":"https:\/\/www.carideal.com\/blog\/wp-json\/wp\/v2\/posts\/1674"}],"collection":[{"href":"https:\/\/www.carideal.com\/blog\/wp-json\/wp\/v2\/posts"}],"about":[{"href":"https:\/\/www.carideal.com\/blog\/wp-json\/wp\/v2\/types\/post"}],"author":[{"embeddable":true,"href":"https:\/\/www.carideal.com\/blog\/wp-json\/wp\/v2\/users\/1"}],"replies":[{"embeddable":true,"href":"https:\/\/www.carideal.com\/blog\/wp-json\/wp\/v2\/comments?post=1674"}],"version-history":[{"count":0,"href":"https:\/\/www.carideal.com\/blog\/wp-json\/wp\/v2\/posts\/1674\/revisions"}],"wp:attachment":[{"href":"https:\/\/www.carideal.com\/blog\/wp-json\/wp\/v2\/media?parent=1674"}],"wp:term":[{"taxonomy":"category","embeddable":true,"href":"https:\/\/www.carideal.com\/blog\/wp-json\/wp\/v2\/categories?post=1674"},{"taxonomy":"post_tag","embeddable":true,"href":"https:\/\/www.carideal.com\/blog\/wp-json\/wp\/v2\/tags?post=1674"}],"curies":[{"name":"wp","href":"https:\/\/api.w.org\/{rel}","templated":true}]}}