{"id":1672,"date":"2008-12-07T22:13:44","date_gmt":"2008-12-07T22:13:44","guid":{"rendered":"http:\/\/carideal.com\/blog\/?p=1672"},"modified":"2015-11-09T20:45:36","modified_gmt":"2015-11-09T19:45:36","slug":"wrc-rallye-du-pays-de-galles-loeb-et-citroen-champion-du-monde","status":"publish","type":"post","link":"https:\/\/www.carideal.com\/blog\/2008\/12\/07\/wrc-rallye-du-pays-de-galles-loeb-et-citroen-champion-du-monde\/","title":{"rendered":"WRC Rallye du Pays de Galles: Loeb et Citro\u00ebn champion du monde"},"content":{"rendered":"<p>&nbsp;<\/p>\n<p>WRC Rallye du Pays de Galles: Loeb et Citro\u00ebn champion du monde<img decoding=\"async\" src=\"\/blog\/images\/citroen_champion_du_monde_carideal.jpg\" alt=\"\" \/><\/p>\n<p style=\"margin-bottom: 0cm;\">WRC Rallye du Pays de Galles: Loeb et Citro\u00ebn champion du monde<\/p>\n<p style=\"margin-bottom: 0cm;\">S\u00e9bastien Loeb a pris les commandes de l\u2019\u00e9preuve Wales Rally dans l'avant derni\u00e8re sp\u00e9ciale. Cette onzi\u00e8me victoire de la saison de Sebastien Loeb permet \u00e0 Citro\u00ebn de conqu\u00e9rir un quatri\u00e8me titre mondial des constructeurs en WRC.<\/p>\n<p style=\"margin-bottom: 0cm;\">On le pr\u00e9sentait ce matin quand Jari-Matti Latvala s'\u00e9lan\u00e7a, ouvrir la route devant Sebastien Loeb serait loin d\u2019\u00eatre un avantage avec des routes eneig\u00e9es et recouvertes de boue. Loeb est revenu sur lui petit \u00e0 petit mais surement au cours des quatre sp\u00e9ciales de la journ\u00e9e.<\/p>\n<p style=\"margin-bottom: 0cm;\">Malgr\u00e9 une p\u00e9nalit\u00e9 de 10 secondes pour avoir vol\u00e9 le d\u00e9part et redescendre en seconde position Loeb a d\u00e9finitivement aval\u00e9 Latvala dans l\u2019ES19. Les commissaires de course ont d\u00e9cid\u00e9 d\u2019annuler la p\u00e9nalit\u00e9 apr\u00e8s avoir vision\u00e9 les images de la cam\u00e9ra embarqu\u00e9e de Loeb.<\/p>\n","protected":false},"excerpt":{"rendered":"<p>&nbsp; WRC Rallye du Pays de Galles: Loeb et Citro\u00ebn champion du monde WRC Rallye du Pays de Galles: Loeb et Citro\u00ebn champion du monde S\u00e9bastien Loeb a pris les commandes de l\u2019\u00e9preuve Wales Rally dans l&rsquo;avant derni\u00e8re sp\u00e9ciale. Cette onzi\u00e8me victoire de la saison de Sebastien Loeb permet \u00e0 Citro\u00ebn de conqu\u00e9rir un quatri\u00e8me &#8230; <a title=\"WRC Rallye du Pays de Galles: Loeb et Citro\u00ebn champion du monde\" class=\"read-more\" href=\"https:\/\/www.carideal.com\/blog\/2008\/12\/07\/wrc-rallye-du-pays-de-galles-loeb-et-citroen-champion-du-monde\/\" aria-label=\"En savoir plus sur WRC Rallye du Pays de Galles: Loeb et Citro\u00ebn champion du monde\">Lire plus<\/a><\/p>\n","protected":false},"author":1,"featured_media":0,"comment_status":"open","ping_status":"open","sticky":false,"template":"","format":"standard","meta":{"_uag_custom_page_level_css":"","_themeisle_gutenberg_block_has_review":false,"footnotes":""},"categories":[16],"tags":[1287,1284],"class_list":["post-1672","post","type-post","status-publish","format-standard","hentry","category-sport-auto","tag-champion-du-monde","tag-sebastien-loeb"],"wppr_data":[],"yoast_head":"<!-- This site is optimized with the Yoast SEO plugin v24.8.1 - https:\/\/yoast.com\/wordpress\/plugins\/seo\/ -->\n<title>WRC Rallye du Pays de Galles: Loeb et Citro\u00ebn champion du monde - Blog auto Carid\u00e9al<\/title>\n<meta name=\"robots\" content=\"index, follow, max-snippet:-1, max-image-preview:large, max-video-preview:-1\" \/>\n<link rel=\"canonical\" href=\"https:\/\/www.carideal.com\/blog\/2008\/12\/07\/wrc-rallye-du-pays-de-galles-loeb-et-citroen-champion-du-monde\/\" \/>\n<meta property=\"og:locale\" content=\"fr_FR\" \/>\n<meta property=\"og:type\" content=\"article\" \/>\n<meta property=\"og:title\" content=\"WRC Rallye du Pays de Galles: Loeb et Citro\u00ebn champion du monde - Blog auto Carid\u00e9al\" \/>\n<meta property=\"og:description\" content=\"&nbsp; WRC Rallye du Pays de Galles: Loeb et Citro\u00ebn champion du monde WRC Rallye du Pays de Galles: Loeb et Citro\u00ebn champion du monde S\u00e9bastien Loeb a pris les commandes de l\u2019\u00e9preuve Wales Rally dans l&#039;avant derni\u00e8re sp\u00e9ciale. Cette onzi\u00e8me victoire de la saison de Sebastien Loeb permet \u00e0 Citro\u00ebn de conqu\u00e9rir un quatri\u00e8me ... Lire plus\" \/>\n<meta property=\"og:url\" content=\"https:\/\/www.carideal.com\/blog\/2008\/12\/07\/wrc-rallye-du-pays-de-galles-loeb-et-citroen-champion-du-monde\/\" \/>\n<meta property=\"og:site_name\" content=\"Blog auto Carid\u00e9al\" \/>\n<meta property=\"article:publisher\" content=\"https:\/\/www.facebook.com\/Carideal.mandataire.automobile\" \/>\n<meta property=\"article:author\" content=\"https:\/\/www.facebook.com\/Carideal.mandataire.automobile\/\" \/>\n<meta property=\"article:published_time\" content=\"2008-12-07T22:13:44+00:00\" \/>\n<meta property=\"article:modified_time\" content=\"2015-11-09T19:45:36+00:00\" \/>\n<meta property=\"og:image\" content=\"https:\/\/www.carideal.com\/blog\/wp-content\/uploads\/2016\/03\/logo-carideal-mandataire-automobile.png\" \/>\n\t<meta property=\"og:image:width\" content=\"300\" \/>\n\t<meta property=\"og:image:height\" content=\"300\" \/>\n\t<meta property=\"og:image:type\" content=\"image\/png\" \/>\n<meta name=\"author\" content=\"N.S Carideal\" \/>\n<meta name=\"twitter:card\" content=\"summary_large_image\" \/>\n<meta name=\"twitter:creator\" content=\"@caridealauto\" \/>\n<meta name=\"twitter:site\" content=\"@caridealauto\" \/>\n<meta name=\"twitter:label1\" content=\"\u00c9crit par\" \/>\n\t<meta name=\"twitter:data1\" content=\"N.S Carideal\" \/>\n\t<meta name=\"twitter:label2\" content=\"Dur\u00e9e de lecture estim\u00e9e\" \/>\n\t<meta name=\"twitter:data2\" content=\"1 minute\" \/>\n<script type=\"application\/ld+json\" class=\"yoast-schema-graph\">{\"@context\":\"https:\/\/schema.org\",\"@graph\":[{\"@type\":\"Article\",\"@id\":\"https:\/\/www.carideal.com\/blog\/2008\/12\/07\/wrc-rallye-du-pays-de-galles-loeb-et-citroen-champion-du-monde\/#article\",\"isPartOf\":{\"@id\":\"https:\/\/www.carideal.com\/blog\/2008\/12\/07\/wrc-rallye-du-pays-de-galles-loeb-et-citroen-champion-du-monde\/\"},\"author\":{\"name\":\"N.S Carideal\",\"@id\":\"https:\/\/www.carideal.com\/blog\/#\/schema\/person\/985c7e757d1042d647f21bfaf8d41ebc\"},\"headline\":\"WRC Rallye du Pays de Galles: Loeb et Citro\u00ebn champion du monde\",\"datePublished\":\"2008-12-07T22:13:44+00:00\",\"dateModified\":\"2015-11-09T19:45:36+00:00\",\"mainEntityOfPage\":{\"@id\":\"https:\/\/www.carideal.com\/blog\/2008\/12\/07\/wrc-rallye-du-pays-de-galles-loeb-et-citroen-champion-du-monde\/\"},\"wordCount\":187,\"commentCount\":0,\"publisher\":{\"@id\":\"https:\/\/www.carideal.com\/blog\/#organization\"},\"keywords\":[\"champion du monde\",\"Sebastien Loeb Champion du monde\"],\"articleSection\":[\"Sport Automobile\"],\"inLanguage\":\"fr-FR\",\"potentialAction\":[{\"@type\":\"CommentAction\",\"name\":\"Comment\",\"target\":[\"https:\/\/www.carideal.com\/blog\/2008\/12\/07\/wrc-rallye-du-pays-de-galles-loeb-et-citroen-champion-du-monde\/#respond\"]}]},{\"@type\":\"WebPage\",\"@id\":\"https:\/\/www.carideal.com\/blog\/2008\/12\/07\/wrc-rallye-du-pays-de-galles-loeb-et-citroen-champion-du-monde\/\",\"url\":\"https:\/\/www.carideal.com\/blog\/2008\/12\/07\/wrc-rallye-du-pays-de-galles-loeb-et-citroen-champion-du-monde\/\",\"name\":\"WRC Rallye du Pays de Galles: Loeb et Citro\u00ebn champion du monde - Blog auto Carid\u00e9al\",\"isPartOf\":{\"@id\":\"https:\/\/www.carideal.com\/blog\/#website\"},\"datePublished\":\"2008-12-07T22:13:44+00:00\",\"dateModified\":\"2015-11-09T19:45:36+00:00\",\"breadcrumb\":{\"@id\":\"https:\/\/www.carideal.com\/blog\/2008\/12\/07\/wrc-rallye-du-pays-de-galles-loeb-et-citroen-champion-du-monde\/#breadcrumb\"},\"inLanguage\":\"fr-FR\",\"potentialAction\":[{\"@type\":\"ReadAction\",\"target\":[\"https:\/\/www.carideal.com\/blog\/2008\/12\/07\/wrc-rallye-du-pays-de-galles-loeb-et-citroen-champion-du-monde\/\"]}]},{\"@type\":\"BreadcrumbList\",\"@id\":\"https:\/\/www.carideal.com\/blog\/2008\/12\/07\/wrc-rallye-du-pays-de-galles-loeb-et-citroen-champion-du-monde\/#breadcrumb\",\"itemListElement\":[{\"@type\":\"ListItem\",\"position\":1,\"name\":\"Blog Carid\u00e9al\",\"item\":\"https:\/\/www.carideal.com\/blog\/\"},{\"@type\":\"ListItem\",\"position\":2,\"name\":\"Sport Automobile\",\"item\":\"https:\/\/www.carideal.com\/blog\/sport-auto\/\"},{\"@type\":\"ListItem\",\"position\":3,\"name\":\"WRC Rallye du Pays de Galles: Loeb et Citro\u00ebn champion du monde\"}]},{\"@type\":\"WebSite\",\"@id\":\"https:\/\/www.carideal.com\/blog\/#website\",\"url\":\"https:\/\/www.carideal.com\/blog\/\",\"name\":\"Blog auto Carid\u00e9al\",\"description\":\"Actualit\u00e9 auto par des passionn\u00e9s\",\"publisher\":{\"@id\":\"https:\/\/www.carideal.com\/blog\/#organization\"},\"potentialAction\":[{\"@type\":\"SearchAction\",\"target\":{\"@type\":\"EntryPoint\",\"urlTemplate\":\"https:\/\/www.carideal.com\/blog\/?s={search_term_string}\"},\"query-input\":{\"@type\":\"PropertyValueSpecification\",\"valueRequired\":true,\"valueName\":\"search_term_string\"}}],\"inLanguage\":\"fr-FR\"},{\"@type\":\"Organization\",\"@id\":\"https:\/\/www.carideal.com\/blog\/#organization\",\"name\":\"Carideal\",\"url\":\"https:\/\/www.carideal.com\/blog\/\",\"logo\":{\"@type\":\"ImageObject\",\"inLanguage\":\"fr-FR\",\"@id\":\"https:\/\/www.carideal.com\/blog\/#\/schema\/logo\/image\/\",\"url\":\"http:\/\/www.carideal.com\/blog\/wp-content\/uploads\/2016\/03\/logo-carideal-mandataire-automobile.png\",\"contentUrl\":\"http:\/\/www.carideal.com\/blog\/wp-content\/uploads\/2016\/03\/logo-carideal-mandataire-automobile.png\",\"width\":300,\"height\":300,\"caption\":\"Carideal\"},\"image\":{\"@id\":\"https:\/\/www.carideal.com\/blog\/#\/schema\/logo\/image\/\"},\"sameAs\":[\"https:\/\/www.facebook.com\/Carideal.mandataire.automobile\",\"https:\/\/x.com\/caridealauto\",\"https:\/\/www.instagram.com\/carideal1\/\",\"https:\/\/www.linkedin.com\/company\/carideal.com\",\"https:\/\/fr.pinterest.com\/schiavonsas\/\",\"https:\/\/www.youtube.com\/user\/caridealsas\"]},{\"@type\":\"Person\",\"@id\":\"https:\/\/www.carideal.com\/blog\/#\/schema\/person\/985c7e757d1042d647f21bfaf8d41ebc\",\"name\":\"N.S Carideal\",\"image\":{\"@type\":\"ImageObject\",\"inLanguage\":\"fr-FR\",\"@id\":\"https:\/\/www.carideal.com\/blog\/#\/schema\/person\/image\/\",\"url\":\"https:\/\/secure.gravatar.com\/avatar\/edb7ccdf1a4e3d14aef967760d354d0e?s=96&r=g\",\"contentUrl\":\"https:\/\/secure.gravatar.com\/avatar\/edb7ccdf1a4e3d14aef967760d354d0e?s=96&r=g\",\"caption\":\"N.S Carideal\"},\"description\":\"Depuis tout petit fan d'automobile. Il est question d'essayer et de comparer toutes ces voitures qui nous ont fait r\u00e9ver, avant que celles-ci ne devient uniquement des voitures de collection.\",\"sameAs\":[\"http:\/\/www.carideal.com\/blog\",\"https:\/\/www.facebook.com\/Carideal.mandataire.automobile\/\",\"https:\/\/www.linkedin.com\/in\/nschiavon\/\",\"https:\/\/www.youtube.com\/user\/caridealsas\/\"],\"url\":\"https:\/\/www.carideal.com\/blog\/author\/admin_carideal\/\"}]}<\/script>\n<!-- \/ Yoast SEO plugin. -->","yoast_head_json":{"title":"WRC Rallye du Pays de Galles: Loeb et Citro\u00ebn champion du monde - Blog auto Carid\u00e9al","robots":{"index":"index","follow":"follow","max-snippet":"max-snippet:-1","max-image-preview":"max-image-preview:large","max-video-preview":"max-video-preview:-1"},"canonical":"https:\/\/www.carideal.com\/blog\/2008\/12\/07\/wrc-rallye-du-pays-de-galles-loeb-et-citroen-champion-du-monde\/","og_locale":"fr_FR","og_type":"article","og_title":"WRC Rallye du Pays de Galles: Loeb et Citro\u00ebn champion du monde - Blog auto Carid\u00e9al","og_description":"&nbsp; WRC Rallye du Pays de Galles: Loeb et Citro\u00ebn champion du monde WRC Rallye du Pays de Galles: Loeb et Citro\u00ebn champion du monde S\u00e9bastien Loeb a pris les commandes de l\u2019\u00e9preuve Wales Rally dans l'avant derni\u00e8re sp\u00e9ciale. Cette onzi\u00e8me victoire de la saison de Sebastien Loeb permet \u00e0 Citro\u00ebn de conqu\u00e9rir un quatri\u00e8me ... Lire plus","og_url":"https:\/\/www.carideal.com\/blog\/2008\/12\/07\/wrc-rallye-du-pays-de-galles-loeb-et-citroen-champion-du-monde\/","og_site_name":"Blog auto Carid\u00e9al","article_publisher":"https:\/\/www.facebook.com\/Carideal.mandataire.automobile","article_author":"https:\/\/www.facebook.com\/Carideal.mandataire.automobile\/","article_published_time":"2008-12-07T22:13:44+00:00","article_modified_time":"2015-11-09T19:45:36+00:00","og_image":[{"width":300,"height":300,"url":"https:\/\/www.carideal.com\/blog\/wp-content\/uploads\/2016\/03\/logo-carideal-mandataire-automobile.png","type":"image\/png"}],"author":"N.S Carideal","twitter_card":"summary_large_image","twitter_creator":"@caridealauto","twitter_site":"@caridealauto","twitter_misc":{"\u00c9crit par":"N.S Carideal","Dur\u00e9e de lecture estim\u00e9e":"1 minute"},"schema":{"@context":"https:\/\/schema.org","@graph":[{"@type":"Article","@id":"https:\/\/www.carideal.com\/blog\/2008\/12\/07\/wrc-rallye-du-pays-de-galles-loeb-et-citroen-champion-du-monde\/#article","isPartOf":{"@id":"https:\/\/www.carideal.com\/blog\/2008\/12\/07\/wrc-rallye-du-pays-de-galles-loeb-et-citroen-champion-du-monde\/"},"author":{"name":"N.S Carideal","@id":"https:\/\/www.carideal.com\/blog\/#\/schema\/person\/985c7e757d1042d647f21bfaf8d41ebc"},"headline":"WRC Rallye du Pays de Galles: Loeb et Citro\u00ebn champion du monde","datePublished":"2008-12-07T22:13:44+00:00","dateModified":"2015-11-09T19:45:36+00:00","mainEntityOfPage":{"@id":"https:\/\/www.carideal.com\/blog\/2008\/12\/07\/wrc-rallye-du-pays-de-galles-loeb-et-citroen-champion-du-monde\/"},"wordCount":187,"commentCount":0,"publisher":{"@id":"https:\/\/www.carideal.com\/blog\/#organization"},"keywords":["champion du monde","Sebastien Loeb Champion du monde"],"articleSection":["Sport Automobile"],"inLanguage":"fr-FR","potentialAction":[{"@type":"CommentAction","name":"Comment","target":["https:\/\/www.carideal.com\/blog\/2008\/12\/07\/wrc-rallye-du-pays-de-galles-loeb-et-citroen-champion-du-monde\/#respond"]}]},{"@type":"WebPage","@id":"https:\/\/www.carideal.com\/blog\/2008\/12\/07\/wrc-rallye-du-pays-de-galles-loeb-et-citroen-champion-du-monde\/","url":"https:\/\/www.carideal.com\/blog\/2008\/12\/07\/wrc-rallye-du-pays-de-galles-loeb-et-citroen-champion-du-monde\/","name":"WRC Rallye du Pays de Galles: Loeb et Citro\u00ebn champion du monde - Blog auto Carid\u00e9al","isPartOf":{"@id":"https:\/\/www.carideal.com\/blog\/#website"},"datePublished":"2008-12-07T22:13:44+00:00","dateModified":"2015-11-09T19:45:36+00:00","breadcrumb":{"@id":"https:\/\/www.carideal.com\/blog\/2008\/12\/07\/wrc-rallye-du-pays-de-galles-loeb-et-citroen-champion-du-monde\/#breadcrumb"},"inLanguage":"fr-FR","potentialAction":[{"@type":"ReadAction","target":["https:\/\/www.carideal.com\/blog\/2008\/12\/07\/wrc-rallye-du-pays-de-galles-loeb-et-citroen-champion-du-monde\/"]}]},{"@type":"BreadcrumbList","@id":"https:\/\/www.carideal.com\/blog\/2008\/12\/07\/wrc-rallye-du-pays-de-galles-loeb-et-citroen-champion-du-monde\/#breadcrumb","itemListElement":[{"@type":"ListItem","position":1,"name":"Blog Carid\u00e9al","item":"https:\/\/www.carideal.com\/blog\/"},{"@type":"ListItem","position":2,"name":"Sport Automobile","item":"https:\/\/www.carideal.com\/blog\/sport-auto\/"},{"@type":"ListItem","position":3,"name":"WRC Rallye du Pays de Galles: Loeb et Citro\u00ebn champion du monde"}]},{"@type":"WebSite","@id":"https:\/\/www.carideal.com\/blog\/#website","url":"https:\/\/www.carideal.com\/blog\/","name":"Blog auto Carid\u00e9al","description":"Actualit\u00e9 auto par des passionn\u00e9s","publisher":{"@id":"https:\/\/www.carideal.com\/blog\/#organization"},"potentialAction":[{"@type":"SearchAction","target":{"@type":"EntryPoint","urlTemplate":"https:\/\/www.carideal.com\/blog\/?s={search_term_string}"},"query-input":{"@type":"PropertyValueSpecification","valueRequired":true,"valueName":"search_term_string"}}],"inLanguage":"fr-FR"},{"@type":"Organization","@id":"https:\/\/www.carideal.com\/blog\/#organization","name":"Carideal","url":"https:\/\/www.carideal.com\/blog\/","logo":{"@type":"ImageObject","inLanguage":"fr-FR","@id":"https:\/\/www.carideal.com\/blog\/#\/schema\/logo\/image\/","url":"http:\/\/www.carideal.com\/blog\/wp-content\/uploads\/2016\/03\/logo-carideal-mandataire-automobile.png","contentUrl":"http:\/\/www.carideal.com\/blog\/wp-content\/uploads\/2016\/03\/logo-carideal-mandataire-automobile.png","width":300,"height":300,"caption":"Carideal"},"image":{"@id":"https:\/\/www.carideal.com\/blog\/#\/schema\/logo\/image\/"},"sameAs":["https:\/\/www.facebook.com\/Carideal.mandataire.automobile","https:\/\/x.com\/caridealauto","https:\/\/www.instagram.com\/carideal1\/","https:\/\/www.linkedin.com\/company\/carideal.com","https:\/\/fr.pinterest.com\/schiavonsas\/","https:\/\/www.youtube.com\/user\/caridealsas"]},{"@type":"Person","@id":"https:\/\/www.carideal.com\/blog\/#\/schema\/person\/985c7e757d1042d647f21bfaf8d41ebc","name":"N.S Carideal","image":{"@type":"ImageObject","inLanguage":"fr-FR","@id":"https:\/\/www.carideal.com\/blog\/#\/schema\/person\/image\/","url":"https:\/\/secure.gravatar.com\/avatar\/edb7ccdf1a4e3d14aef967760d354d0e?s=96&r=g","contentUrl":"https:\/\/secure.gravatar.com\/avatar\/edb7ccdf1a4e3d14aef967760d354d0e?s=96&r=g","caption":"N.S Carideal"},"description":"Depuis tout petit fan d'automobile. Il est question d'essayer et de comparer toutes ces voitures qui nous ont fait r\u00e9ver, avant que celles-ci ne devient uniquement des voitures de collection.","sameAs":["http:\/\/www.carideal.com\/blog","https:\/\/www.facebook.com\/Carideal.mandataire.automobile\/","https:\/\/www.linkedin.com\/in\/nschiavon\/","https:\/\/www.youtube.com\/user\/caridealsas\/"],"url":"https:\/\/www.carideal.com\/blog\/author\/admin_carideal\/"}]}},"uagb_featured_image_src":{"full":false,"thumbnail":false,"medium":false,"medium_large":false,"large":false,"1536x1536":false,"2048x2048":false,"wppr-widget":false},"uagb_author_info":{"display_name":"N.S Carideal","author_link":"https:\/\/www.carideal.com\/blog\/author\/admin_carideal\/"},"uagb_comment_info":0,"uagb_excerpt":"&nbsp; WRC Rallye du Pays de Galles: Loeb et Citro\u00ebn champion du monde WRC Rallye du Pays de Galles: Loeb et Citro\u00ebn champion du monde S\u00e9bastien Loeb a pris les commandes de l\u2019\u00e9preuve Wales Rally dans l'avant derni\u00e8re sp\u00e9ciale. Cette onzi\u00e8me victoire de la saison de Sebastien Loeb permet \u00e0 Citro\u00ebn de conqu\u00e9rir un quatri\u00e8me\u2026","_links":{"self":[{"href":"https:\/\/www.carideal.com\/blog\/wp-json\/wp\/v2\/posts\/1672"}],"collection":[{"href":"https:\/\/www.carideal.com\/blog\/wp-json\/wp\/v2\/posts"}],"about":[{"href":"https:\/\/www.carideal.com\/blog\/wp-json\/wp\/v2\/types\/post"}],"author":[{"embeddable":true,"href":"https:\/\/www.carideal.com\/blog\/wp-json\/wp\/v2\/users\/1"}],"replies":[{"embeddable":true,"href":"https:\/\/www.carideal.com\/blog\/wp-json\/wp\/v2\/comments?post=1672"}],"version-history":[{"count":0,"href":"https:\/\/www.carideal.com\/blog\/wp-json\/wp\/v2\/posts\/1672\/revisions"}],"wp:attachment":[{"href":"https:\/\/www.carideal.com\/blog\/wp-json\/wp\/v2\/media?parent=1672"}],"wp:term":[{"taxonomy":"category","embeddable":true,"href":"https:\/\/www.carideal.com\/blog\/wp-json\/wp\/v2\/categories?post=1672"},{"taxonomy":"post_tag","embeddable":true,"href":"https:\/\/www.carideal.com\/blog\/wp-json\/wp\/v2\/tags?post=1672"}],"curies":[{"name":"wp","href":"https:\/\/api.w.org\/{rel}","templated":true}]}}