{"id":1664,"date":"2008-10-22T14:17:48","date_gmt":"2008-10-22T14:17:48","guid":{"rendered":"http:\/\/carideal.com\/blog\/?p=1664"},"modified":"2015-10-23T23:00:17","modified_gmt":"2015-10-23T21:00:17","slug":"loeb-invite-par-la-paf","status":"publish","type":"post","link":"https:\/\/www.carideal.com\/blog\/2008\/10\/22\/loeb-invite-par-la-paf\/","title":{"rendered":"Loeb invit\u00e9 par la paf"},"content":{"rendered":"<p><img decoding=\"async\" src=\"\/blog\/images\/sebastien_loeb_bourgeon_paf.jpg\" alt=\"\" \/><img decoding=\"async\" src=\"\/blog\/images\/sebastien_loeb_paf.jpg\" alt=\"\" \/><img decoding=\"async\" src=\"\/blog\/images\/sebastien_loeb_paf_2.jpg\" alt=\"\" \/> Petite balade en provence pour notre champion qui a ete invit\u00e9 par la patrouille de france sur la base de salon de provence mardi 21 octobre pour une petite d\u00e9monstration sur alphajet . Clou du spectacle: des mirages 2000 et des rafales sont venus accueillir le bientot quintuple champion du monde avant de finir sur une petite partie de leur programme .<br \/>\nA peine le pied sur le tarmac :\"Ce n\u2019est pas donn\u00e9 \u00e0 tout le monde, c\u2019est quelque chose qui s\u2019est pr\u00e9par\u00e9 depuis un certain temps conjointement entre Citro\u00ebn, l\u2019arm\u00e9e de l\u2019Air et les pilotes. Aujourd\u2019hui je suis tr\u00e8s fier d\u2019avoir mon nom \u00e9crit au-dessus de celui de la Patrouille de France sauf que\u2026 je suis le seul de la Paf \u00e0 ne pas savoir piloter&nbsp;! En fait, d\u00e8s que je suis arriv\u00e9, j\u2019ai \u00e9t\u00e9 pris en charge par le pilote, il m\u2019a mis en confiance et je me suis vite rendu compte qu\u2019on fonctionne de la m\u00eame fa\u00e7on en \u00e9quipe.<\/p>\n<pre>Et puis au niveau des sensations, j\u2019ai vite \u00e9t\u00e9 dans mon \u00e9l\u00e9ment : ils volent \u00e0 un m\u00e8tre les uns des autres et nous, sur la route en rallye, on est tr\u00e8s pr\u00e8s des arbres  ! Cela demande d\u2019\u00eatre vigilant, r\u00e9actif. C\u2019est extraordinaire. Bon au d\u00e9but, j\u2019ai essay\u00e9 de maintenir l\u2019avion d\u2019aplomb, mais c\u2019est un peu parti en c\u2026, cela para\u00eet facile mais c\u2019est une vraie machine de pr\u00e9cision au millim\u00e8tre.\"<\/pre>\n","protected":false},"excerpt":{"rendered":"<p>Petite balade en provence pour notre champion qui a ete invit\u00e9 par la patrouille de france sur la base de salon de provence mardi 21 octobre pour une petite d\u00e9monstration sur alphajet . Clou du spectacle: des mirages 2000 et des rafales sont venus accueillir le bientot quintuple champion du monde avant de finir sur &#8230; <a title=\"Loeb invit\u00e9 par la paf\" class=\"read-more\" href=\"https:\/\/www.carideal.com\/blog\/2008\/10\/22\/loeb-invite-par-la-paf\/\" aria-label=\"En savoir plus sur Loeb invit\u00e9 par la paf\">Lire plus<\/a><\/p>\n","protected":false},"author":2,"featured_media":0,"comment_status":"open","ping_status":"open","sticky":false,"template":"","format":"standard","meta":{"_uag_custom_page_level_css":"","_themeisle_gutenberg_block_has_review":false,"footnotes":""},"categories":[16],"tags":[1284],"class_list":["post-1664","post","type-post","status-publish","format-standard","hentry","category-sport-auto","tag-sebastien-loeb"],"wppr_data":[],"yoast_head":"<!-- This site is optimized with the Yoast SEO plugin v24.8.1 - https:\/\/yoast.com\/wordpress\/plugins\/seo\/ -->\n<title>Loeb invit\u00e9 par la paf - Blog auto Carid\u00e9al<\/title>\n<meta name=\"robots\" content=\"index, follow, max-snippet:-1, max-image-preview:large, max-video-preview:-1\" \/>\n<link rel=\"canonical\" href=\"https:\/\/www.carideal.com\/blog\/2008\/10\/22\/loeb-invite-par-la-paf\/\" \/>\n<meta property=\"og:locale\" content=\"fr_FR\" \/>\n<meta property=\"og:type\" content=\"article\" \/>\n<meta property=\"og:title\" content=\"Loeb invit\u00e9 par la paf - Blog auto Carid\u00e9al\" \/>\n<meta property=\"og:description\" content=\"Petite balade en provence pour notre champion qui a ete invit\u00e9 par la patrouille de france sur la base de salon de provence mardi 21 octobre pour une petite d\u00e9monstration sur alphajet . Clou du spectacle: des mirages 2000 et des rafales sont venus accueillir le bientot quintuple champion du monde avant de finir sur ... Lire plus\" \/>\n<meta property=\"og:url\" content=\"https:\/\/www.carideal.com\/blog\/2008\/10\/22\/loeb-invite-par-la-paf\/\" \/>\n<meta property=\"og:site_name\" content=\"Blog auto Carid\u00e9al\" \/>\n<meta property=\"article:publisher\" content=\"https:\/\/www.facebook.com\/Carideal.mandataire.automobile\" \/>\n<meta property=\"article:published_time\" content=\"2008-10-22T14:17:48+00:00\" \/>\n<meta property=\"article:modified_time\" content=\"2015-10-23T21:00:17+00:00\" \/>\n<meta property=\"og:image\" content=\"https:\/\/www.carideal.com\/blog\/wp-content\/uploads\/2016\/03\/logo-carideal-mandataire-automobile.png\" \/>\n\t<meta property=\"og:image:width\" content=\"300\" \/>\n\t<meta property=\"og:image:height\" content=\"300\" \/>\n\t<meta property=\"og:image:type\" content=\"image\/png\" \/>\n<meta name=\"author\" content=\"jereme\" \/>\n<meta name=\"twitter:card\" content=\"summary_large_image\" \/>\n<meta name=\"twitter:creator\" content=\"@caridealauto\" \/>\n<meta name=\"twitter:site\" content=\"@caridealauto\" \/>\n<meta name=\"twitter:label1\" content=\"\u00c9crit par\" \/>\n\t<meta name=\"twitter:data1\" content=\"jereme\" \/>\n\t<meta name=\"twitter:label2\" content=\"Dur\u00e9e de lecture estim\u00e9e\" \/>\n\t<meta name=\"twitter:data2\" content=\"1 minute\" \/>\n<script type=\"application\/ld+json\" class=\"yoast-schema-graph\">{\"@context\":\"https:\/\/schema.org\",\"@graph\":[{\"@type\":\"Article\",\"@id\":\"https:\/\/www.carideal.com\/blog\/2008\/10\/22\/loeb-invite-par-la-paf\/#article\",\"isPartOf\":{\"@id\":\"https:\/\/www.carideal.com\/blog\/2008\/10\/22\/loeb-invite-par-la-paf\/\"},\"author\":{\"name\":\"jereme\",\"@id\":\"https:\/\/www.carideal.com\/blog\/#\/schema\/person\/96fcfe10f8d69fae039350a913945ad1\"},\"headline\":\"Loeb invit\u00e9 par la paf\",\"datePublished\":\"2008-10-22T14:17:48+00:00\",\"dateModified\":\"2015-10-23T21:00:17+00:00\",\"mainEntityOfPage\":{\"@id\":\"https:\/\/www.carideal.com\/blog\/2008\/10\/22\/loeb-invite-par-la-paf\/\"},\"wordCount\":180,\"commentCount\":0,\"publisher\":{\"@id\":\"https:\/\/www.carideal.com\/blog\/#organization\"},\"keywords\":[\"Sebastien Loeb Champion du monde\"],\"articleSection\":[\"Sport Automobile\"],\"inLanguage\":\"fr-FR\",\"potentialAction\":[{\"@type\":\"CommentAction\",\"name\":\"Comment\",\"target\":[\"https:\/\/www.carideal.com\/blog\/2008\/10\/22\/loeb-invite-par-la-paf\/#respond\"]}]},{\"@type\":\"WebPage\",\"@id\":\"https:\/\/www.carideal.com\/blog\/2008\/10\/22\/loeb-invite-par-la-paf\/\",\"url\":\"https:\/\/www.carideal.com\/blog\/2008\/10\/22\/loeb-invite-par-la-paf\/\",\"name\":\"Loeb invit\u00e9 par la paf - Blog auto Carid\u00e9al\",\"isPartOf\":{\"@id\":\"https:\/\/www.carideal.com\/blog\/#website\"},\"datePublished\":\"2008-10-22T14:17:48+00:00\",\"dateModified\":\"2015-10-23T21:00:17+00:00\",\"breadcrumb\":{\"@id\":\"https:\/\/www.carideal.com\/blog\/2008\/10\/22\/loeb-invite-par-la-paf\/#breadcrumb\"},\"inLanguage\":\"fr-FR\",\"potentialAction\":[{\"@type\":\"ReadAction\",\"target\":[\"https:\/\/www.carideal.com\/blog\/2008\/10\/22\/loeb-invite-par-la-paf\/\"]}]},{\"@type\":\"BreadcrumbList\",\"@id\":\"https:\/\/www.carideal.com\/blog\/2008\/10\/22\/loeb-invite-par-la-paf\/#breadcrumb\",\"itemListElement\":[{\"@type\":\"ListItem\",\"position\":1,\"name\":\"Blog Carid\u00e9al\",\"item\":\"https:\/\/www.carideal.com\/blog\/\"},{\"@type\":\"ListItem\",\"position\":2,\"name\":\"Sport Automobile\",\"item\":\"https:\/\/www.carideal.com\/blog\/sport-auto\/\"},{\"@type\":\"ListItem\",\"position\":3,\"name\":\"Loeb invit\u00e9 par la paf\"}]},{\"@type\":\"WebSite\",\"@id\":\"https:\/\/www.carideal.com\/blog\/#website\",\"url\":\"https:\/\/www.carideal.com\/blog\/\",\"name\":\"Blog auto Carid\u00e9al\",\"description\":\"Actualit\u00e9 auto par des passionn\u00e9s\",\"publisher\":{\"@id\":\"https:\/\/www.carideal.com\/blog\/#organization\"},\"potentialAction\":[{\"@type\":\"SearchAction\",\"target\":{\"@type\":\"EntryPoint\",\"urlTemplate\":\"https:\/\/www.carideal.com\/blog\/?s={search_term_string}\"},\"query-input\":{\"@type\":\"PropertyValueSpecification\",\"valueRequired\":true,\"valueName\":\"search_term_string\"}}],\"inLanguage\":\"fr-FR\"},{\"@type\":\"Organization\",\"@id\":\"https:\/\/www.carideal.com\/blog\/#organization\",\"name\":\"Carideal\",\"url\":\"https:\/\/www.carideal.com\/blog\/\",\"logo\":{\"@type\":\"ImageObject\",\"inLanguage\":\"fr-FR\",\"@id\":\"https:\/\/www.carideal.com\/blog\/#\/schema\/logo\/image\/\",\"url\":\"http:\/\/www.carideal.com\/blog\/wp-content\/uploads\/2016\/03\/logo-carideal-mandataire-automobile.png\",\"contentUrl\":\"http:\/\/www.carideal.com\/blog\/wp-content\/uploads\/2016\/03\/logo-carideal-mandataire-automobile.png\",\"width\":300,\"height\":300,\"caption\":\"Carideal\"},\"image\":{\"@id\":\"https:\/\/www.carideal.com\/blog\/#\/schema\/logo\/image\/\"},\"sameAs\":[\"https:\/\/www.facebook.com\/Carideal.mandataire.automobile\",\"https:\/\/x.com\/caridealauto\",\"https:\/\/www.instagram.com\/carideal1\/\",\"https:\/\/www.linkedin.com\/company\/carideal.com\",\"https:\/\/fr.pinterest.com\/schiavonsas\/\",\"https:\/\/www.youtube.com\/user\/caridealsas\"]},{\"@type\":\"Person\",\"@id\":\"https:\/\/www.carideal.com\/blog\/#\/schema\/person\/96fcfe10f8d69fae039350a913945ad1\",\"name\":\"jereme\",\"image\":{\"@type\":\"ImageObject\",\"inLanguage\":\"fr-FR\",\"@id\":\"https:\/\/www.carideal.com\/blog\/#\/schema\/person\/image\/\",\"url\":\"https:\/\/secure.gravatar.com\/avatar\/?s=96&r=g\",\"contentUrl\":\"https:\/\/secure.gravatar.com\/avatar\/?s=96&r=g\",\"caption\":\"jereme\"},\"url\":\"https:\/\/www.carideal.com\/blog\/author\/jereme\/\"}]}<\/script>\n<!-- \/ Yoast SEO plugin. -->","yoast_head_json":{"title":"Loeb invit\u00e9 par la paf - Blog auto Carid\u00e9al","robots":{"index":"index","follow":"follow","max-snippet":"max-snippet:-1","max-image-preview":"max-image-preview:large","max-video-preview":"max-video-preview:-1"},"canonical":"https:\/\/www.carideal.com\/blog\/2008\/10\/22\/loeb-invite-par-la-paf\/","og_locale":"fr_FR","og_type":"article","og_title":"Loeb invit\u00e9 par la paf - Blog auto Carid\u00e9al","og_description":"Petite balade en provence pour notre champion qui a ete invit\u00e9 par la patrouille de france sur la base de salon de provence mardi 21 octobre pour une petite d\u00e9monstration sur alphajet . Clou du spectacle: des mirages 2000 et des rafales sont venus accueillir le bientot quintuple champion du monde avant de finir sur ... Lire plus","og_url":"https:\/\/www.carideal.com\/blog\/2008\/10\/22\/loeb-invite-par-la-paf\/","og_site_name":"Blog auto Carid\u00e9al","article_publisher":"https:\/\/www.facebook.com\/Carideal.mandataire.automobile","article_published_time":"2008-10-22T14:17:48+00:00","article_modified_time":"2015-10-23T21:00:17+00:00","og_image":[{"width":300,"height":300,"url":"https:\/\/www.carideal.com\/blog\/wp-content\/uploads\/2016\/03\/logo-carideal-mandataire-automobile.png","type":"image\/png"}],"author":"jereme","twitter_card":"summary_large_image","twitter_creator":"@caridealauto","twitter_site":"@caridealauto","twitter_misc":{"\u00c9crit par":"jereme","Dur\u00e9e de lecture estim\u00e9e":"1 minute"},"schema":{"@context":"https:\/\/schema.org","@graph":[{"@type":"Article","@id":"https:\/\/www.carideal.com\/blog\/2008\/10\/22\/loeb-invite-par-la-paf\/#article","isPartOf":{"@id":"https:\/\/www.carideal.com\/blog\/2008\/10\/22\/loeb-invite-par-la-paf\/"},"author":{"name":"jereme","@id":"https:\/\/www.carideal.com\/blog\/#\/schema\/person\/96fcfe10f8d69fae039350a913945ad1"},"headline":"Loeb invit\u00e9 par la paf","datePublished":"2008-10-22T14:17:48+00:00","dateModified":"2015-10-23T21:00:17+00:00","mainEntityOfPage":{"@id":"https:\/\/www.carideal.com\/blog\/2008\/10\/22\/loeb-invite-par-la-paf\/"},"wordCount":180,"commentCount":0,"publisher":{"@id":"https:\/\/www.carideal.com\/blog\/#organization"},"keywords":["Sebastien Loeb Champion du monde"],"articleSection":["Sport Automobile"],"inLanguage":"fr-FR","potentialAction":[{"@type":"CommentAction","name":"Comment","target":["https:\/\/www.carideal.com\/blog\/2008\/10\/22\/loeb-invite-par-la-paf\/#respond"]}]},{"@type":"WebPage","@id":"https:\/\/www.carideal.com\/blog\/2008\/10\/22\/loeb-invite-par-la-paf\/","url":"https:\/\/www.carideal.com\/blog\/2008\/10\/22\/loeb-invite-par-la-paf\/","name":"Loeb invit\u00e9 par la paf - Blog auto Carid\u00e9al","isPartOf":{"@id":"https:\/\/www.carideal.com\/blog\/#website"},"datePublished":"2008-10-22T14:17:48+00:00","dateModified":"2015-10-23T21:00:17+00:00","breadcrumb":{"@id":"https:\/\/www.carideal.com\/blog\/2008\/10\/22\/loeb-invite-par-la-paf\/#breadcrumb"},"inLanguage":"fr-FR","potentialAction":[{"@type":"ReadAction","target":["https:\/\/www.carideal.com\/blog\/2008\/10\/22\/loeb-invite-par-la-paf\/"]}]},{"@type":"BreadcrumbList","@id":"https:\/\/www.carideal.com\/blog\/2008\/10\/22\/loeb-invite-par-la-paf\/#breadcrumb","itemListElement":[{"@type":"ListItem","position":1,"name":"Blog Carid\u00e9al","item":"https:\/\/www.carideal.com\/blog\/"},{"@type":"ListItem","position":2,"name":"Sport Automobile","item":"https:\/\/www.carideal.com\/blog\/sport-auto\/"},{"@type":"ListItem","position":3,"name":"Loeb invit\u00e9 par la paf"}]},{"@type":"WebSite","@id":"https:\/\/www.carideal.com\/blog\/#website","url":"https:\/\/www.carideal.com\/blog\/","name":"Blog auto Carid\u00e9al","description":"Actualit\u00e9 auto par des passionn\u00e9s","publisher":{"@id":"https:\/\/www.carideal.com\/blog\/#organization"},"potentialAction":[{"@type":"SearchAction","target":{"@type":"EntryPoint","urlTemplate":"https:\/\/www.carideal.com\/blog\/?s={search_term_string}"},"query-input":{"@type":"PropertyValueSpecification","valueRequired":true,"valueName":"search_term_string"}}],"inLanguage":"fr-FR"},{"@type":"Organization","@id":"https:\/\/www.carideal.com\/blog\/#organization","name":"Carideal","url":"https:\/\/www.carideal.com\/blog\/","logo":{"@type":"ImageObject","inLanguage":"fr-FR","@id":"https:\/\/www.carideal.com\/blog\/#\/schema\/logo\/image\/","url":"http:\/\/www.carideal.com\/blog\/wp-content\/uploads\/2016\/03\/logo-carideal-mandataire-automobile.png","contentUrl":"http:\/\/www.carideal.com\/blog\/wp-content\/uploads\/2016\/03\/logo-carideal-mandataire-automobile.png","width":300,"height":300,"caption":"Carideal"},"image":{"@id":"https:\/\/www.carideal.com\/blog\/#\/schema\/logo\/image\/"},"sameAs":["https:\/\/www.facebook.com\/Carideal.mandataire.automobile","https:\/\/x.com\/caridealauto","https:\/\/www.instagram.com\/carideal1\/","https:\/\/www.linkedin.com\/company\/carideal.com","https:\/\/fr.pinterest.com\/schiavonsas\/","https:\/\/www.youtube.com\/user\/caridealsas"]},{"@type":"Person","@id":"https:\/\/www.carideal.com\/blog\/#\/schema\/person\/96fcfe10f8d69fae039350a913945ad1","name":"jereme","image":{"@type":"ImageObject","inLanguage":"fr-FR","@id":"https:\/\/www.carideal.com\/blog\/#\/schema\/person\/image\/","url":"https:\/\/secure.gravatar.com\/avatar\/?s=96&r=g","contentUrl":"https:\/\/secure.gravatar.com\/avatar\/?s=96&r=g","caption":"jereme"},"url":"https:\/\/www.carideal.com\/blog\/author\/jereme\/"}]}},"uagb_featured_image_src":{"full":false,"thumbnail":false,"medium":false,"medium_large":false,"large":false,"1536x1536":false,"2048x2048":false,"wppr-widget":false},"uagb_author_info":{"display_name":"jereme","author_link":"https:\/\/www.carideal.com\/blog\/author\/jereme\/"},"uagb_comment_info":0,"uagb_excerpt":"Petite balade en provence pour notre champion qui a ete invit\u00e9 par la patrouille de france sur la base de salon de provence mardi 21 octobre pour une petite d\u00e9monstration sur alphajet . Clou du spectacle: des mirages 2000 et des rafales sont venus accueillir le bientot quintuple champion du monde avant de finir sur\u2026","_links":{"self":[{"href":"https:\/\/www.carideal.com\/blog\/wp-json\/wp\/v2\/posts\/1664"}],"collection":[{"href":"https:\/\/www.carideal.com\/blog\/wp-json\/wp\/v2\/posts"}],"about":[{"href":"https:\/\/www.carideal.com\/blog\/wp-json\/wp\/v2\/types\/post"}],"author":[{"embeddable":true,"href":"https:\/\/www.carideal.com\/blog\/wp-json\/wp\/v2\/users\/2"}],"replies":[{"embeddable":true,"href":"https:\/\/www.carideal.com\/blog\/wp-json\/wp\/v2\/comments?post=1664"}],"version-history":[{"count":0,"href":"https:\/\/www.carideal.com\/blog\/wp-json\/wp\/v2\/posts\/1664\/revisions"}],"wp:attachment":[{"href":"https:\/\/www.carideal.com\/blog\/wp-json\/wp\/v2\/media?parent=1664"}],"wp:term":[{"taxonomy":"category","embeddable":true,"href":"https:\/\/www.carideal.com\/blog\/wp-json\/wp\/v2\/categories?post=1664"},{"taxonomy":"post_tag","embeddable":true,"href":"https:\/\/www.carideal.com\/blog\/wp-json\/wp\/v2\/tags?post=1664"}],"curies":[{"name":"wp","href":"https:\/\/api.w.org\/{rel}","templated":true}]}}