{"id":1659,"date":"2008-07-23T08:23:31","date_gmt":"2008-07-23T08:23:31","guid":{"rendered":"http:\/\/carideal.com\/blog\/?p=1659"},"modified":"2015-09-26T15:47:07","modified_gmt":"2015-09-26T13:47:07","slug":"wild-card-pour-sebastien-loeb","status":"publish","type":"post","link":"https:\/\/www.carideal.com\/blog\/2008\/07\/23\/wild-card-pour-sebastien-loeb\/","title":{"rendered":"Wild Card pour Sebastien Loeb"},"content":{"rendered":"<p>Loeb sera l'invit\u00e9 vedette du 66 eme grand prix d'Albi(5 au 7 septembre) , en effet Citroen lui a donne son feu vert pour participer a une manche de la Carrera Cup , le champion du monde pilotera une GT3 ( 420 chevaux pour 1150kg) mise a disposition par Porsche France, Loeb a d\u00e9clar\u00e9 que son principal objectif etait de se faire plaisir :\"Je n\u2019ai aucune exp\u00e9rience du pilotage de ce type de voiture. Je vais devoir apprendre et essayer de trouver un peu de temps pour faire des essais. C\u2019est toujours excitant d\u2019essayer une nouvelle voiture et une nouvelle discipline du sport automobile.\"Sans essai au pr\u00e9alable vu un planning ultra charg\u00e9 au mois d'Aout (3 epreuves :Finlande, Allemagne, Nouvelle Zelande) difficile de pr\u00e9tendre a un r\u00e9sultat\u00a0! <img decoding=\"async\" src=\"\/blog\/images\/porsche_gt3_sebastien_loeb_carideal.jpg\" alt=\"\" \/><\/p>\n","protected":false},"excerpt":{"rendered":"<p>Loeb sera l&rsquo;invit\u00e9 vedette du 66 eme grand prix d&rsquo;Albi(5 au 7 septembre) , en effet Citroen lui a donne son feu vert pour participer a une manche de la Carrera Cup , le champion du monde pilotera une GT3 ( 420 chevaux pour 1150kg) mise a disposition par Porsche France, Loeb a d\u00e9clar\u00e9 que &#8230; <a title=\"Wild Card pour Sebastien Loeb\" class=\"read-more\" href=\"https:\/\/www.carideal.com\/blog\/2008\/07\/23\/wild-card-pour-sebastien-loeb\/\" aria-label=\"En savoir plus sur Wild Card pour Sebastien Loeb\">Lire plus<\/a><\/p>\n","protected":false},"author":2,"featured_media":0,"comment_status":"open","ping_status":"open","sticky":false,"template":"","format":"standard","meta":{"_uag_custom_page_level_css":"","_themeisle_gutenberg_block_has_review":false,"footnotes":""},"categories":[16],"tags":[3209,1284],"class_list":["post-1659","post","type-post","status-publish","format-standard","hentry","category-sport-auto","tag-gt3","tag-sebastien-loeb"],"wppr_data":[],"yoast_head":"<!-- This site is optimized with the Yoast SEO plugin v24.8.1 - https:\/\/yoast.com\/wordpress\/plugins\/seo\/ -->\n<title>Wild Card pour Sebastien Loeb - Blog auto Carid\u00e9al<\/title>\n<meta name=\"robots\" content=\"index, follow, max-snippet:-1, max-image-preview:large, max-video-preview:-1\" \/>\n<link rel=\"canonical\" href=\"https:\/\/www.carideal.com\/blog\/2008\/07\/23\/wild-card-pour-sebastien-loeb\/\" \/>\n<meta property=\"og:locale\" content=\"fr_FR\" \/>\n<meta property=\"og:type\" content=\"article\" \/>\n<meta property=\"og:title\" content=\"Wild Card pour Sebastien Loeb - Blog auto Carid\u00e9al\" \/>\n<meta property=\"og:description\" content=\"Loeb sera l&#039;invit\u00e9 vedette du 66 eme grand prix d&#039;Albi(5 au 7 septembre) , en effet Citroen lui a donne son feu vert pour participer a une manche de la Carrera Cup , le champion du monde pilotera une GT3 ( 420 chevaux pour 1150kg) mise a disposition par Porsche France, Loeb a d\u00e9clar\u00e9 que ... Lire plus\" \/>\n<meta property=\"og:url\" content=\"https:\/\/www.carideal.com\/blog\/2008\/07\/23\/wild-card-pour-sebastien-loeb\/\" \/>\n<meta property=\"og:site_name\" content=\"Blog auto Carid\u00e9al\" \/>\n<meta property=\"article:publisher\" content=\"https:\/\/www.facebook.com\/Carideal.mandataire.automobile\" \/>\n<meta property=\"article:published_time\" content=\"2008-07-23T08:23:31+00:00\" \/>\n<meta property=\"article:modified_time\" content=\"2015-09-26T13:47:07+00:00\" \/>\n<meta property=\"og:image\" content=\"https:\/\/www.carideal.com\/blog\/wp-content\/uploads\/2016\/03\/logo-carideal-mandataire-automobile.png\" \/>\n\t<meta property=\"og:image:width\" content=\"300\" \/>\n\t<meta property=\"og:image:height\" content=\"300\" \/>\n\t<meta property=\"og:image:type\" content=\"image\/png\" \/>\n<meta name=\"author\" content=\"jereme\" \/>\n<meta name=\"twitter:card\" content=\"summary_large_image\" \/>\n<meta name=\"twitter:creator\" content=\"@caridealauto\" \/>\n<meta name=\"twitter:site\" content=\"@caridealauto\" \/>\n<meta name=\"twitter:label1\" content=\"\u00c9crit par\" \/>\n\t<meta name=\"twitter:data1\" content=\"jereme\" \/>\n\t<meta name=\"twitter:label2\" content=\"Dur\u00e9e de lecture estim\u00e9e\" \/>\n\t<meta name=\"twitter:data2\" content=\"1 minute\" \/>\n<script type=\"application\/ld+json\" class=\"yoast-schema-graph\">{\"@context\":\"https:\/\/schema.org\",\"@graph\":[{\"@type\":\"Article\",\"@id\":\"https:\/\/www.carideal.com\/blog\/2008\/07\/23\/wild-card-pour-sebastien-loeb\/#article\",\"isPartOf\":{\"@id\":\"https:\/\/www.carideal.com\/blog\/2008\/07\/23\/wild-card-pour-sebastien-loeb\/\"},\"author\":{\"name\":\"jereme\",\"@id\":\"https:\/\/www.carideal.com\/blog\/#\/schema\/person\/96fcfe10f8d69fae039350a913945ad1\"},\"headline\":\"Wild Card pour Sebastien Loeb\",\"datePublished\":\"2008-07-23T08:23:31+00:00\",\"dateModified\":\"2015-09-26T13:47:07+00:00\",\"mainEntityOfPage\":{\"@id\":\"https:\/\/www.carideal.com\/blog\/2008\/07\/23\/wild-card-pour-sebastien-loeb\/\"},\"wordCount\":134,\"commentCount\":4,\"publisher\":{\"@id\":\"https:\/\/www.carideal.com\/blog\/#organization\"},\"keywords\":[\"GT3\",\"Sebastien Loeb Champion du monde\"],\"articleSection\":[\"Sport Automobile\"],\"inLanguage\":\"fr-FR\",\"potentialAction\":[{\"@type\":\"CommentAction\",\"name\":\"Comment\",\"target\":[\"https:\/\/www.carideal.com\/blog\/2008\/07\/23\/wild-card-pour-sebastien-loeb\/#respond\"]}]},{\"@type\":\"WebPage\",\"@id\":\"https:\/\/www.carideal.com\/blog\/2008\/07\/23\/wild-card-pour-sebastien-loeb\/\",\"url\":\"https:\/\/www.carideal.com\/blog\/2008\/07\/23\/wild-card-pour-sebastien-loeb\/\",\"name\":\"Wild Card pour Sebastien Loeb - Blog auto Carid\u00e9al\",\"isPartOf\":{\"@id\":\"https:\/\/www.carideal.com\/blog\/#website\"},\"datePublished\":\"2008-07-23T08:23:31+00:00\",\"dateModified\":\"2015-09-26T13:47:07+00:00\",\"breadcrumb\":{\"@id\":\"https:\/\/www.carideal.com\/blog\/2008\/07\/23\/wild-card-pour-sebastien-loeb\/#breadcrumb\"},\"inLanguage\":\"fr-FR\",\"potentialAction\":[{\"@type\":\"ReadAction\",\"target\":[\"https:\/\/www.carideal.com\/blog\/2008\/07\/23\/wild-card-pour-sebastien-loeb\/\"]}]},{\"@type\":\"BreadcrumbList\",\"@id\":\"https:\/\/www.carideal.com\/blog\/2008\/07\/23\/wild-card-pour-sebastien-loeb\/#breadcrumb\",\"itemListElement\":[{\"@type\":\"ListItem\",\"position\":1,\"name\":\"Blog Carid\u00e9al\",\"item\":\"https:\/\/www.carideal.com\/blog\/\"},{\"@type\":\"ListItem\",\"position\":2,\"name\":\"Sport Automobile\",\"item\":\"https:\/\/www.carideal.com\/blog\/sport-auto\/\"},{\"@type\":\"ListItem\",\"position\":3,\"name\":\"Wild Card pour Sebastien Loeb\"}]},{\"@type\":\"WebSite\",\"@id\":\"https:\/\/www.carideal.com\/blog\/#website\",\"url\":\"https:\/\/www.carideal.com\/blog\/\",\"name\":\"Blog auto Carid\u00e9al\",\"description\":\"Actualit\u00e9 auto par des passionn\u00e9s\",\"publisher\":{\"@id\":\"https:\/\/www.carideal.com\/blog\/#organization\"},\"potentialAction\":[{\"@type\":\"SearchAction\",\"target\":{\"@type\":\"EntryPoint\",\"urlTemplate\":\"https:\/\/www.carideal.com\/blog\/?s={search_term_string}\"},\"query-input\":{\"@type\":\"PropertyValueSpecification\",\"valueRequired\":true,\"valueName\":\"search_term_string\"}}],\"inLanguage\":\"fr-FR\"},{\"@type\":\"Organization\",\"@id\":\"https:\/\/www.carideal.com\/blog\/#organization\",\"name\":\"Carideal\",\"url\":\"https:\/\/www.carideal.com\/blog\/\",\"logo\":{\"@type\":\"ImageObject\",\"inLanguage\":\"fr-FR\",\"@id\":\"https:\/\/www.carideal.com\/blog\/#\/schema\/logo\/image\/\",\"url\":\"http:\/\/www.carideal.com\/blog\/wp-content\/uploads\/2016\/03\/logo-carideal-mandataire-automobile.png\",\"contentUrl\":\"http:\/\/www.carideal.com\/blog\/wp-content\/uploads\/2016\/03\/logo-carideal-mandataire-automobile.png\",\"width\":300,\"height\":300,\"caption\":\"Carideal\"},\"image\":{\"@id\":\"https:\/\/www.carideal.com\/blog\/#\/schema\/logo\/image\/\"},\"sameAs\":[\"https:\/\/www.facebook.com\/Carideal.mandataire.automobile\",\"https:\/\/x.com\/caridealauto\",\"https:\/\/www.instagram.com\/carideal1\/\",\"https:\/\/www.linkedin.com\/company\/carideal.com\",\"https:\/\/fr.pinterest.com\/schiavonsas\/\",\"https:\/\/www.youtube.com\/user\/caridealsas\"]},{\"@type\":\"Person\",\"@id\":\"https:\/\/www.carideal.com\/blog\/#\/schema\/person\/96fcfe10f8d69fae039350a913945ad1\",\"name\":\"jereme\",\"image\":{\"@type\":\"ImageObject\",\"inLanguage\":\"fr-FR\",\"@id\":\"https:\/\/www.carideal.com\/blog\/#\/schema\/person\/image\/\",\"url\":\"https:\/\/secure.gravatar.com\/avatar\/?s=96&r=g\",\"contentUrl\":\"https:\/\/secure.gravatar.com\/avatar\/?s=96&r=g\",\"caption\":\"jereme\"},\"url\":\"https:\/\/www.carideal.com\/blog\/author\/jereme\/\"}]}<\/script>\n<!-- \/ Yoast SEO plugin. -->","yoast_head_json":{"title":"Wild Card pour Sebastien Loeb - Blog auto Carid\u00e9al","robots":{"index":"index","follow":"follow","max-snippet":"max-snippet:-1","max-image-preview":"max-image-preview:large","max-video-preview":"max-video-preview:-1"},"canonical":"https:\/\/www.carideal.com\/blog\/2008\/07\/23\/wild-card-pour-sebastien-loeb\/","og_locale":"fr_FR","og_type":"article","og_title":"Wild Card pour Sebastien Loeb - Blog auto Carid\u00e9al","og_description":"Loeb sera l'invit\u00e9 vedette du 66 eme grand prix d'Albi(5 au 7 septembre) , en effet Citroen lui a donne son feu vert pour participer a une manche de la Carrera Cup , le champion du monde pilotera une GT3 ( 420 chevaux pour 1150kg) mise a disposition par Porsche France, Loeb a d\u00e9clar\u00e9 que ... Lire plus","og_url":"https:\/\/www.carideal.com\/blog\/2008\/07\/23\/wild-card-pour-sebastien-loeb\/","og_site_name":"Blog auto Carid\u00e9al","article_publisher":"https:\/\/www.facebook.com\/Carideal.mandataire.automobile","article_published_time":"2008-07-23T08:23:31+00:00","article_modified_time":"2015-09-26T13:47:07+00:00","og_image":[{"width":300,"height":300,"url":"https:\/\/www.carideal.com\/blog\/wp-content\/uploads\/2016\/03\/logo-carideal-mandataire-automobile.png","type":"image\/png"}],"author":"jereme","twitter_card":"summary_large_image","twitter_creator":"@caridealauto","twitter_site":"@caridealauto","twitter_misc":{"\u00c9crit par":"jereme","Dur\u00e9e de lecture estim\u00e9e":"1 minute"},"schema":{"@context":"https:\/\/schema.org","@graph":[{"@type":"Article","@id":"https:\/\/www.carideal.com\/blog\/2008\/07\/23\/wild-card-pour-sebastien-loeb\/#article","isPartOf":{"@id":"https:\/\/www.carideal.com\/blog\/2008\/07\/23\/wild-card-pour-sebastien-loeb\/"},"author":{"name":"jereme","@id":"https:\/\/www.carideal.com\/blog\/#\/schema\/person\/96fcfe10f8d69fae039350a913945ad1"},"headline":"Wild Card pour Sebastien Loeb","datePublished":"2008-07-23T08:23:31+00:00","dateModified":"2015-09-26T13:47:07+00:00","mainEntityOfPage":{"@id":"https:\/\/www.carideal.com\/blog\/2008\/07\/23\/wild-card-pour-sebastien-loeb\/"},"wordCount":134,"commentCount":4,"publisher":{"@id":"https:\/\/www.carideal.com\/blog\/#organization"},"keywords":["GT3","Sebastien Loeb Champion du monde"],"articleSection":["Sport Automobile"],"inLanguage":"fr-FR","potentialAction":[{"@type":"CommentAction","name":"Comment","target":["https:\/\/www.carideal.com\/blog\/2008\/07\/23\/wild-card-pour-sebastien-loeb\/#respond"]}]},{"@type":"WebPage","@id":"https:\/\/www.carideal.com\/blog\/2008\/07\/23\/wild-card-pour-sebastien-loeb\/","url":"https:\/\/www.carideal.com\/blog\/2008\/07\/23\/wild-card-pour-sebastien-loeb\/","name":"Wild Card pour Sebastien Loeb - Blog auto Carid\u00e9al","isPartOf":{"@id":"https:\/\/www.carideal.com\/blog\/#website"},"datePublished":"2008-07-23T08:23:31+00:00","dateModified":"2015-09-26T13:47:07+00:00","breadcrumb":{"@id":"https:\/\/www.carideal.com\/blog\/2008\/07\/23\/wild-card-pour-sebastien-loeb\/#breadcrumb"},"inLanguage":"fr-FR","potentialAction":[{"@type":"ReadAction","target":["https:\/\/www.carideal.com\/blog\/2008\/07\/23\/wild-card-pour-sebastien-loeb\/"]}]},{"@type":"BreadcrumbList","@id":"https:\/\/www.carideal.com\/blog\/2008\/07\/23\/wild-card-pour-sebastien-loeb\/#breadcrumb","itemListElement":[{"@type":"ListItem","position":1,"name":"Blog Carid\u00e9al","item":"https:\/\/www.carideal.com\/blog\/"},{"@type":"ListItem","position":2,"name":"Sport Automobile","item":"https:\/\/www.carideal.com\/blog\/sport-auto\/"},{"@type":"ListItem","position":3,"name":"Wild Card pour Sebastien Loeb"}]},{"@type":"WebSite","@id":"https:\/\/www.carideal.com\/blog\/#website","url":"https:\/\/www.carideal.com\/blog\/","name":"Blog auto Carid\u00e9al","description":"Actualit\u00e9 auto par des passionn\u00e9s","publisher":{"@id":"https:\/\/www.carideal.com\/blog\/#organization"},"potentialAction":[{"@type":"SearchAction","target":{"@type":"EntryPoint","urlTemplate":"https:\/\/www.carideal.com\/blog\/?s={search_term_string}"},"query-input":{"@type":"PropertyValueSpecification","valueRequired":true,"valueName":"search_term_string"}}],"inLanguage":"fr-FR"},{"@type":"Organization","@id":"https:\/\/www.carideal.com\/blog\/#organization","name":"Carideal","url":"https:\/\/www.carideal.com\/blog\/","logo":{"@type":"ImageObject","inLanguage":"fr-FR","@id":"https:\/\/www.carideal.com\/blog\/#\/schema\/logo\/image\/","url":"http:\/\/www.carideal.com\/blog\/wp-content\/uploads\/2016\/03\/logo-carideal-mandataire-automobile.png","contentUrl":"http:\/\/www.carideal.com\/blog\/wp-content\/uploads\/2016\/03\/logo-carideal-mandataire-automobile.png","width":300,"height":300,"caption":"Carideal"},"image":{"@id":"https:\/\/www.carideal.com\/blog\/#\/schema\/logo\/image\/"},"sameAs":["https:\/\/www.facebook.com\/Carideal.mandataire.automobile","https:\/\/x.com\/caridealauto","https:\/\/www.instagram.com\/carideal1\/","https:\/\/www.linkedin.com\/company\/carideal.com","https:\/\/fr.pinterest.com\/schiavonsas\/","https:\/\/www.youtube.com\/user\/caridealsas"]},{"@type":"Person","@id":"https:\/\/www.carideal.com\/blog\/#\/schema\/person\/96fcfe10f8d69fae039350a913945ad1","name":"jereme","image":{"@type":"ImageObject","inLanguage":"fr-FR","@id":"https:\/\/www.carideal.com\/blog\/#\/schema\/person\/image\/","url":"https:\/\/secure.gravatar.com\/avatar\/?s=96&r=g","contentUrl":"https:\/\/secure.gravatar.com\/avatar\/?s=96&r=g","caption":"jereme"},"url":"https:\/\/www.carideal.com\/blog\/author\/jereme\/"}]}},"uagb_featured_image_src":{"full":false,"thumbnail":false,"medium":false,"medium_large":false,"large":false,"1536x1536":false,"2048x2048":false,"wppr-widget":false},"uagb_author_info":{"display_name":"jereme","author_link":"https:\/\/www.carideal.com\/blog\/author\/jereme\/"},"uagb_comment_info":4,"uagb_excerpt":"Loeb sera l'invit\u00e9 vedette du 66 eme grand prix d'Albi(5 au 7 septembre) , en effet Citroen lui a donne son feu vert pour participer a une manche de la Carrera Cup , le champion du monde pilotera une GT3 ( 420 chevaux pour 1150kg) mise a disposition par Porsche France, Loeb a d\u00e9clar\u00e9 que\u2026","_links":{"self":[{"href":"https:\/\/www.carideal.com\/blog\/wp-json\/wp\/v2\/posts\/1659"}],"collection":[{"href":"https:\/\/www.carideal.com\/blog\/wp-json\/wp\/v2\/posts"}],"about":[{"href":"https:\/\/www.carideal.com\/blog\/wp-json\/wp\/v2\/types\/post"}],"author":[{"embeddable":true,"href":"https:\/\/www.carideal.com\/blog\/wp-json\/wp\/v2\/users\/2"}],"replies":[{"embeddable":true,"href":"https:\/\/www.carideal.com\/blog\/wp-json\/wp\/v2\/comments?post=1659"}],"version-history":[{"count":0,"href":"https:\/\/www.carideal.com\/blog\/wp-json\/wp\/v2\/posts\/1659\/revisions"}],"wp:attachment":[{"href":"https:\/\/www.carideal.com\/blog\/wp-json\/wp\/v2\/media?parent=1659"}],"wp:term":[{"taxonomy":"category","embeddable":true,"href":"https:\/\/www.carideal.com\/blog\/wp-json\/wp\/v2\/categories?post=1659"},{"taxonomy":"post_tag","embeddable":true,"href":"https:\/\/www.carideal.com\/blog\/wp-json\/wp\/v2\/tags?post=1659"}],"curies":[{"name":"wp","href":"https:\/\/api.w.org\/{rel}","templated":true}]}}