{"id":1658,"date":"2008-07-01T17:32:35","date_gmt":"2008-07-01T17:32:35","guid":{"rendered":"http:\/\/carideal.com\/blog\/?p=1658"},"modified":"2020-07-08T10:55:14","modified_gmt":"2020-07-08T08:55:14","slug":"rallye-de-turquie","status":"publish","type":"post","link":"https:\/\/www.carideal.com\/blog\/2008\/07\/01\/rallye-de-turquie\/","title":{"rendered":"Rallye de Turquie 2008"},"content":{"rendered":"\n<h2 class=\"wp-block-heading\">Rallye de Turquie 2008<\/h2>\n\n\n\n<p class=\"has-medium-font-size\"><a href=\"http:\/\/www.carideal.com\/blog\/marque-de-voiture-actualites-essais\/citroen\/\">Citro\u00ebn<\/a> a laiss\u00e9 passer une occasion au rallye de Turquie 2008, <a href=\"http:\/\/www.carideal.com\/blog\/2014\/01\/10\/sebatien-loeb-9-champion-monde-wrc\/\">Loeb<\/a> finit 3\u00b0 devant <a href=\"http:\/\/www.carideal.com\/blog\/2020\/03\/27\/dani-sordo-tres-fair-play-donne-une-belle-image-de-citroen\/\">Sordo<\/a> 4\u00b0.<\/p>\n\n\n\n<figure class=\"wp-block-image size-large\"><img loading=\"lazy\" decoding=\"async\" width=\"750\" height=\"421\" src=\"http:\/\/www.carideal.com\/blog\/wp-content\/uploads\/2008\/07\/rallye-turquie-2008.jpg\" alt=\"Rallye de Turquie 2008\" class=\"wp-image-25675\" srcset=\"https:\/\/www.carideal.com\/blog\/wp-content\/uploads\/2008\/07\/rallye-turquie-2008.jpg 750w, https:\/\/www.carideal.com\/blog\/wp-content\/uploads\/2008\/07\/rallye-turquie-2008-300x168.jpg 300w, https:\/\/www.carideal.com\/blog\/wp-content\/uploads\/2008\/07\/rallye-turquie-2008-50x28.jpg 50w, https:\/\/www.carideal.com\/blog\/wp-content\/uploads\/2008\/07\/rallye-turquie-2008-110x62.jpg 110w, https:\/\/www.carideal.com\/blog\/wp-content\/uploads\/2008\/07\/rallye-turquie-2008-420x236.jpg 420w, https:\/\/www.carideal.com\/blog\/wp-content\/uploads\/2008\/07\/rallye-turquie-2008-248x138.jpg 248w\" sizes=\"(max-width: 750px) 100vw, 750px\" \/><figcaption>Rallye de Turquie 2008<\/figcaption><\/figure>\n\n\n\n<p>Antalya et Kemer, une r\u00e9gion de vacances dans le sud-ouest de la Turquie a \u00e9t\u00e9 choisie en 2001 comme lieu de d\u00e9part et d'arriv\u00e9e du Rallye d'Anatolie en adoptant un format WRC. En 2002, les premiers concurrents \u00e9trangers y participent, S\u00e9bastien Loeb dans une Citro\u00ebn Saxo et Juuso Pyk\u00e4list\u00f6 dans une Peugeot 206 WRC.<\/p>\n\n\n\n<p>La Turquie a fait ses d\u00e9buts au Championnat du monde des rallyes au cours de la saison 2003 au cours de laquelle seulement 27 des 62 participants ont termin\u00e9. Les deux premi\u00e8res ann\u00e9es ont \u00e9t\u00e9 consacr\u00e9es au Championnat du monde des rallyes juniors (JWRC) pour acqu\u00e9rir de l'exp\u00e9rience. En 2005, le Rallye de Turquie a accueilli pour la premi\u00e8re fois des pilotes du Championnat du Monde des Rallyes de Voitures de Production (PWRC).<\/p>\n\n\n\n<p>76 \u00e9quipes de rallye ont particip\u00e9 au Rallye de Turquie 2005. Seulement 53 \u00e9quipes ont termin\u00e9 la distance totale de 1 228 km. R\u00e9p\u00e9tant sa victoire de l'ann\u00e9e pr\u00e9c\u00e9dente, le Fran\u00e7ais S\u00e9bastien Loeb a remport\u00e9 la coupe \u00e0 4.21.48.00 \u2032 avec son copilote Daniel Elena.<\/p>\n\n\n\n<p>L'\u00e9v\u00e9nement de 2006 s'est d\u00e9roul\u00e9 du 13 octobre au 15 octobre 2006 autour de Kemer - Kumluca - Antalya dans le sud-ouest de la Turquie sur des routes de gravier accident\u00e9es jusqu'\u00e0 des routes de montagne parfois enneig\u00e9es. Le si\u00e8ge du rallye et le parc d'assistance \u00e9taient situ\u00e9s \u00e0 Kemer.<\/p>\n\n\n\n<p>Le Rallye de Turquie est revenu au calendrier WRC pour la saison 2008. Le Rallye de Turquie 2008 s'est d\u00e9roul\u00e9 du 12 au 15 juin et a \u00e9t\u00e9 remport\u00e9 par Mikko Hirvonen devant Jari-Matti Latvala et S\u00e9bastien Loeb. Le rallye a \u00e9t\u00e9 retir\u00e9 du calendrier apr\u00e8s l'\u00e9v\u00e9nement de 2010.<\/p>\n\n\n\n<p>Le Rallye de Turquie a \u00e9t\u00e9 relanc\u00e9 pour le championnat 2018 en remplacement du Rally Poland, l'\u00e9v\u00e9nement sera bas\u00e9 dans la ville de Marmaris dans la province de Mu\u011fla.<\/p>\n\n\n\n<p>Des moments forts et des r\u00e9sultats complets avec des chutes, de l'action \u00e0 fond, une attaque maximale, des moments et des erreurs du Rallye de Turquie 2008. 9:00 Aava le plus rapide, 10:05 Aava le plus lent, 16:30 Galli de c\u00f4t\u00e9, 19:47 Team Tactics ! 22:44 Suzuki SX4 WRC, 30:45 Suzuki drames, 37:51 Galli trop chaud, 39:13 L'histoire du Rallye de Turquie. 48:08 Double c\u00e9l\u00e9bration ! 50:20 R\u00e9sultats du Rallye de Turquie 2008<br>Le mieux avec des \u00e9couteurs : Commentaire en anglais dans l'oreille gauche, uniquement des sons et de la musique \u00e0 droite.<br>Rallye 8 sur 15 dans la saison 2008 du Championnat du monde des rallyes de la FIA.<br>Avec les pilotes de rallye Loeb, Hirvonen, Sordo, Latvala, Solberg, Atkinson, Galli et d'autres dans les Ford Focus RS WRC, Citro\u00ebn C4 WRC, Subaru Impreza WRC et Suzuki SX4 WRC.<\/p>\n\n\n\n<p>Plus de vid\u00e9os, d'informations et de r\u00e9sultats GRATUITS sur <a href=\"https:\/\/www.wrc.com\">https:\/\/www.wrc.com<\/a><\/p>\n\n\n\n<p>Regardez le rassemblement LIVE ! Toutes les \u00e9tapes de chaque rallye en direct ou \u00e0 la demande avec des cam\u00e9ras en direct sur la sc\u00e8ne, \u00e0 bord et en l'air, y compris des analyses d'experts, des reportages en coulisses, des temps interm\u00e9diaires et un suivi GPS en temps r\u00e9el. Des milliers de vid\u00e9os embarqu\u00e9es avec des cartes en mouvement, des donn\u00e9es sur la vitesse, les vitesses, les p\u00e9dales et la direction, les temps forts du rallye et des vid\u00e9os exclusives, toutes disponibles \u00e0 la demande \u00e0 tout moment, sur n'importe quel appareil avec votre abonnement \u00e0 WRC+ All Live.<\/p>\n\n\n\n<p>Articles similaires<\/p>\n\n\n\n\n\n<h2 class=\"wp-block-heading\">Rallye de Turquie 2008 en vid\u00e9os<\/h2>\n\n\n\n<iframe loading=\"lazy\" width=\"560\" height=\"315\" src=\"https:\/\/www.youtube.com\/embed\/ydHKxXQsgCE\" frameborder=\"0\" allow=\"accelerometer; autoplay; encrypted-media; gyroscope; picture-in-picture\" allowfullscreen><\/iframe>\n\n\n\n<h2 class=\"wp-block-heading\">Vid\u00e9o embarqu\u00e9e avec Urmo Aava Citroen C4 WRC Rallye de Turquie 2008 SS12 Kemer 1 - 20.50Km<\/h2>\n\n\n\n<iframe loading=\"lazy\" width=\"560\" height=\"315\" src=\"https:\/\/www.youtube.com\/embed\/oe6-e7ryMZo\" frameborder=\"0\" allow=\"accelerometer; autoplay; encrypted-media; gyroscope; picture-in-picture\" allowfullscreen><\/iframe>\n","protected":false},"excerpt":{"rendered":"<p>Rallye de Turquie 2008 Citro\u00ebn a laiss\u00e9 passer une occasion au rallye de Turquie 2008, Loeb finit 3\u00b0 devant Sordo 4\u00b0. Antalya et Kemer, une r\u00e9gion de vacances dans le sud-ouest de la Turquie a \u00e9t\u00e9 choisie en 2001 comme lieu de d\u00e9part et d&rsquo;arriv\u00e9e du Rallye d&rsquo;Anatolie en adoptant un format WRC. En 2002, &#8230; <a title=\"Rallye de Turquie 2008\" class=\"read-more\" href=\"https:\/\/www.carideal.com\/blog\/2008\/07\/01\/rallye-de-turquie\/\" aria-label=\"En savoir plus sur Rallye de Turquie 2008\">Lire plus<\/a><\/p>\n","protected":false},"author":1,"featured_media":25675,"comment_status":"open","ping_status":"open","sticky":false,"template":"","format":"standard","meta":{"_uag_custom_page_level_css":"","_themeisle_gutenberg_block_has_review":false,"footnotes":""},"categories":[6160,16],"tags":[],"class_list":["post-1658","post","type-post","status-publish","format-standard","has-post-thumbnail","hentry","category-wrc","category-sport-auto"],"wppr_data":{"cwp_meta_box_check":"No"},"yoast_head":"<!-- This site is optimized with the Yoast SEO plugin v24.8.1 - https:\/\/yoast.com\/wordpress\/plugins\/seo\/ -->\n<title>Rallye de Turquie 2008 - Blog auto Carid\u00e9al<\/title>\n<meta name=\"description\" content=\"Citro\u00ebn a laiss\u00e9 passer une occasion au rallye de Turquie 2008, Loeb finit 3\u00b0 devant Sordo 4\u00b0.\" \/>\n<meta name=\"robots\" content=\"index, follow, max-snippet:-1, max-image-preview:large, max-video-preview:-1\" \/>\n<link rel=\"canonical\" href=\"https:\/\/www.carideal.com\/blog\/2008\/07\/01\/rallye-de-turquie\/\" \/>\n<meta property=\"og:locale\" content=\"fr_FR\" \/>\n<meta property=\"og:type\" content=\"article\" \/>\n<meta property=\"og:title\" content=\"Rallye de Turquie 2008 - Blog auto Carid\u00e9al\" \/>\n<meta property=\"og:description\" content=\"Citro\u00ebn a laiss\u00e9 passer une occasion au rallye de Turquie 2008, Loeb finit 3\u00b0 devant Sordo 4\u00b0.\" \/>\n<meta property=\"og:url\" content=\"https:\/\/www.carideal.com\/blog\/2008\/07\/01\/rallye-de-turquie\/\" \/>\n<meta property=\"og:site_name\" content=\"Blog auto Carid\u00e9al\" \/>\n<meta property=\"article:publisher\" content=\"https:\/\/www.facebook.com\/Carideal.mandataire.automobile\" \/>\n<meta property=\"article:author\" content=\"https:\/\/www.facebook.com\/Carideal.mandataire.automobile\/\" \/>\n<meta property=\"article:published_time\" content=\"2008-07-01T17:32:35+00:00\" \/>\n<meta property=\"article:modified_time\" content=\"2020-07-08T08:55:14+00:00\" \/>\n<meta property=\"og:image\" content=\"https:\/\/www.carideal.com\/blog\/wp-content\/uploads\/2008\/07\/rallye-turquie-2008.jpg\" \/>\n\t<meta property=\"og:image:width\" content=\"750\" \/>\n\t<meta property=\"og:image:height\" content=\"421\" \/>\n\t<meta property=\"og:image:type\" content=\"image\/jpeg\" \/>\n<meta name=\"author\" content=\"N.S Carideal\" \/>\n<meta name=\"twitter:card\" content=\"summary_large_image\" \/>\n<meta name=\"twitter:creator\" content=\"@caridealauto\" \/>\n<meta name=\"twitter:site\" content=\"@caridealauto\" \/>\n<meta name=\"twitter:label1\" content=\"\u00c9crit par\" \/>\n\t<meta name=\"twitter:data1\" content=\"N.S Carideal\" \/>\n\t<meta name=\"twitter:label2\" content=\"Dur\u00e9e de lecture estim\u00e9e\" \/>\n\t<meta name=\"twitter:data2\" content=\"3 minutes\" \/>\n<script type=\"application\/ld+json\" class=\"yoast-schema-graph\">{\"@context\":\"https:\/\/schema.org\",\"@graph\":[{\"@type\":\"Article\",\"@id\":\"https:\/\/www.carideal.com\/blog\/2008\/07\/01\/rallye-de-turquie\/#article\",\"isPartOf\":{\"@id\":\"https:\/\/www.carideal.com\/blog\/2008\/07\/01\/rallye-de-turquie\/\"},\"author\":{\"name\":\"N.S Carideal\",\"@id\":\"https:\/\/www.carideal.com\/blog\/#\/schema\/person\/985c7e757d1042d647f21bfaf8d41ebc\"},\"headline\":\"Rallye de Turquie 2008\",\"datePublished\":\"2008-07-01T17:32:35+00:00\",\"dateModified\":\"2020-07-08T08:55:14+00:00\",\"mainEntityOfPage\":{\"@id\":\"https:\/\/www.carideal.com\/blog\/2008\/07\/01\/rallye-de-turquie\/\"},\"wordCount\":602,\"commentCount\":0,\"publisher\":{\"@id\":\"https:\/\/www.carideal.com\/blog\/#organization\"},\"image\":{\"@id\":\"https:\/\/www.carideal.com\/blog\/2008\/07\/01\/rallye-de-turquie\/#primaryimage\"},\"thumbnailUrl\":\"https:\/\/www.carideal.com\/blog\/wp-content\/uploads\/2008\/07\/rallye-turquie-2008.jpg\",\"articleSection\":[\"Rallye WRC\",\"Sport Automobile\"],\"inLanguage\":\"fr-FR\",\"potentialAction\":[{\"@type\":\"CommentAction\",\"name\":\"Comment\",\"target\":[\"https:\/\/www.carideal.com\/blog\/2008\/07\/01\/rallye-de-turquie\/#respond\"]}]},{\"@type\":\"WebPage\",\"@id\":\"https:\/\/www.carideal.com\/blog\/2008\/07\/01\/rallye-de-turquie\/\",\"url\":\"https:\/\/www.carideal.com\/blog\/2008\/07\/01\/rallye-de-turquie\/\",\"name\":\"Rallye de Turquie 2008 - Blog auto Carid\u00e9al\",\"isPartOf\":{\"@id\":\"https:\/\/www.carideal.com\/blog\/#website\"},\"primaryImageOfPage\":{\"@id\":\"https:\/\/www.carideal.com\/blog\/2008\/07\/01\/rallye-de-turquie\/#primaryimage\"},\"image\":{\"@id\":\"https:\/\/www.carideal.com\/blog\/2008\/07\/01\/rallye-de-turquie\/#primaryimage\"},\"thumbnailUrl\":\"https:\/\/www.carideal.com\/blog\/wp-content\/uploads\/2008\/07\/rallye-turquie-2008.jpg\",\"datePublished\":\"2008-07-01T17:32:35+00:00\",\"dateModified\":\"2020-07-08T08:55:14+00:00\",\"description\":\"Citro\u00ebn a laiss\u00e9 passer une occasion au rallye de Turquie 2008, Loeb finit 3\u00b0 devant Sordo 4\u00b0.\",\"breadcrumb\":{\"@id\":\"https:\/\/www.carideal.com\/blog\/2008\/07\/01\/rallye-de-turquie\/#breadcrumb\"},\"inLanguage\":\"fr-FR\",\"potentialAction\":[{\"@type\":\"ReadAction\",\"target\":[\"https:\/\/www.carideal.com\/blog\/2008\/07\/01\/rallye-de-turquie\/\"]}]},{\"@type\":\"ImageObject\",\"inLanguage\":\"fr-FR\",\"@id\":\"https:\/\/www.carideal.com\/blog\/2008\/07\/01\/rallye-de-turquie\/#primaryimage\",\"url\":\"https:\/\/www.carideal.com\/blog\/wp-content\/uploads\/2008\/07\/rallye-turquie-2008.jpg\",\"contentUrl\":\"https:\/\/www.carideal.com\/blog\/wp-content\/uploads\/2008\/07\/rallye-turquie-2008.jpg\",\"width\":750,\"height\":421,\"caption\":\"Rallye de Turquie 2008\"},{\"@type\":\"BreadcrumbList\",\"@id\":\"https:\/\/www.carideal.com\/blog\/2008\/07\/01\/rallye-de-turquie\/#breadcrumb\",\"itemListElement\":[{\"@type\":\"ListItem\",\"position\":1,\"name\":\"Blog Carid\u00e9al\",\"item\":\"https:\/\/www.carideal.com\/blog\/\"},{\"@type\":\"ListItem\",\"position\":2,\"name\":\"Sport Automobile\",\"item\":\"https:\/\/www.carideal.com\/blog\/sport-auto\/\"},{\"@type\":\"ListItem\",\"position\":3,\"name\":\"Rallye WRC\",\"item\":\"https:\/\/www.carideal.com\/blog\/sport-auto\/wrc\/\"},{\"@type\":\"ListItem\",\"position\":4,\"name\":\"Rallye de Turquie 2008\"}]},{\"@type\":\"WebSite\",\"@id\":\"https:\/\/www.carideal.com\/blog\/#website\",\"url\":\"https:\/\/www.carideal.com\/blog\/\",\"name\":\"Blog auto Carid\u00e9al\",\"description\":\"Actualit\u00e9 auto par des passionn\u00e9s\",\"publisher\":{\"@id\":\"https:\/\/www.carideal.com\/blog\/#organization\"},\"potentialAction\":[{\"@type\":\"SearchAction\",\"target\":{\"@type\":\"EntryPoint\",\"urlTemplate\":\"https:\/\/www.carideal.com\/blog\/?s={search_term_string}\"},\"query-input\":{\"@type\":\"PropertyValueSpecification\",\"valueRequired\":true,\"valueName\":\"search_term_string\"}}],\"inLanguage\":\"fr-FR\"},{\"@type\":\"Organization\",\"@id\":\"https:\/\/www.carideal.com\/blog\/#organization\",\"name\":\"Carideal\",\"url\":\"https:\/\/www.carideal.com\/blog\/\",\"logo\":{\"@type\":\"ImageObject\",\"inLanguage\":\"fr-FR\",\"@id\":\"https:\/\/www.carideal.com\/blog\/#\/schema\/logo\/image\/\",\"url\":\"http:\/\/www.carideal.com\/blog\/wp-content\/uploads\/2016\/03\/logo-carideal-mandataire-automobile.png\",\"contentUrl\":\"http:\/\/www.carideal.com\/blog\/wp-content\/uploads\/2016\/03\/logo-carideal-mandataire-automobile.png\",\"width\":300,\"height\":300,\"caption\":\"Carideal\"},\"image\":{\"@id\":\"https:\/\/www.carideal.com\/blog\/#\/schema\/logo\/image\/\"},\"sameAs\":[\"https:\/\/www.facebook.com\/Carideal.mandataire.automobile\",\"https:\/\/x.com\/caridealauto\",\"https:\/\/www.instagram.com\/carideal1\/\",\"https:\/\/www.linkedin.com\/company\/carideal.com\",\"https:\/\/fr.pinterest.com\/schiavonsas\/\",\"https:\/\/www.youtube.com\/user\/caridealsas\"]},{\"@type\":\"Person\",\"@id\":\"https:\/\/www.carideal.com\/blog\/#\/schema\/person\/985c7e757d1042d647f21bfaf8d41ebc\",\"name\":\"N.S Carideal\",\"image\":{\"@type\":\"ImageObject\",\"inLanguage\":\"fr-FR\",\"@id\":\"https:\/\/www.carideal.com\/blog\/#\/schema\/person\/image\/\",\"url\":\"https:\/\/secure.gravatar.com\/avatar\/edb7ccdf1a4e3d14aef967760d354d0e?s=96&r=g\",\"contentUrl\":\"https:\/\/secure.gravatar.com\/avatar\/edb7ccdf1a4e3d14aef967760d354d0e?s=96&r=g\",\"caption\":\"N.S Carideal\"},\"description\":\"Depuis tout petit fan d'automobile. Il est question d'essayer et de comparer toutes ces voitures qui nous ont fait r\u00e9ver, avant que celles-ci ne devient uniquement des voitures de collection.\",\"sameAs\":[\"http:\/\/www.carideal.com\/blog\",\"https:\/\/www.facebook.com\/Carideal.mandataire.automobile\/\",\"https:\/\/www.linkedin.com\/in\/nschiavon\/\",\"https:\/\/www.youtube.com\/user\/caridealsas\/\"],\"url\":\"https:\/\/www.carideal.com\/blog\/author\/admin_carideal\/\"}]}<\/script>\n<!-- \/ Yoast SEO plugin. -->","yoast_head_json":{"title":"Rallye de Turquie 2008 - Blog auto Carid\u00e9al","description":"Citro\u00ebn a laiss\u00e9 passer une occasion au rallye de Turquie 2008, Loeb finit 3\u00b0 devant Sordo 4\u00b0.","robots":{"index":"index","follow":"follow","max-snippet":"max-snippet:-1","max-image-preview":"max-image-preview:large","max-video-preview":"max-video-preview:-1"},"canonical":"https:\/\/www.carideal.com\/blog\/2008\/07\/01\/rallye-de-turquie\/","og_locale":"fr_FR","og_type":"article","og_title":"Rallye de Turquie 2008 - Blog auto Carid\u00e9al","og_description":"Citro\u00ebn a laiss\u00e9 passer une occasion au rallye de Turquie 2008, Loeb finit 3\u00b0 devant Sordo 4\u00b0.","og_url":"https:\/\/www.carideal.com\/blog\/2008\/07\/01\/rallye-de-turquie\/","og_site_name":"Blog auto Carid\u00e9al","article_publisher":"https:\/\/www.facebook.com\/Carideal.mandataire.automobile","article_author":"https:\/\/www.facebook.com\/Carideal.mandataire.automobile\/","article_published_time":"2008-07-01T17:32:35+00:00","article_modified_time":"2020-07-08T08:55:14+00:00","og_image":[{"width":750,"height":421,"url":"https:\/\/www.carideal.com\/blog\/wp-content\/uploads\/2008\/07\/rallye-turquie-2008.jpg","type":"image\/jpeg"}],"author":"N.S Carideal","twitter_card":"summary_large_image","twitter_creator":"@caridealauto","twitter_site":"@caridealauto","twitter_misc":{"\u00c9crit par":"N.S Carideal","Dur\u00e9e de lecture estim\u00e9e":"3 minutes"},"schema":{"@context":"https:\/\/schema.org","@graph":[{"@type":"Article","@id":"https:\/\/www.carideal.com\/blog\/2008\/07\/01\/rallye-de-turquie\/#article","isPartOf":{"@id":"https:\/\/www.carideal.com\/blog\/2008\/07\/01\/rallye-de-turquie\/"},"author":{"name":"N.S Carideal","@id":"https:\/\/www.carideal.com\/blog\/#\/schema\/person\/985c7e757d1042d647f21bfaf8d41ebc"},"headline":"Rallye de Turquie 2008","datePublished":"2008-07-01T17:32:35+00:00","dateModified":"2020-07-08T08:55:14+00:00","mainEntityOfPage":{"@id":"https:\/\/www.carideal.com\/blog\/2008\/07\/01\/rallye-de-turquie\/"},"wordCount":602,"commentCount":0,"publisher":{"@id":"https:\/\/www.carideal.com\/blog\/#organization"},"image":{"@id":"https:\/\/www.carideal.com\/blog\/2008\/07\/01\/rallye-de-turquie\/#primaryimage"},"thumbnailUrl":"https:\/\/www.carideal.com\/blog\/wp-content\/uploads\/2008\/07\/rallye-turquie-2008.jpg","articleSection":["Rallye WRC","Sport Automobile"],"inLanguage":"fr-FR","potentialAction":[{"@type":"CommentAction","name":"Comment","target":["https:\/\/www.carideal.com\/blog\/2008\/07\/01\/rallye-de-turquie\/#respond"]}]},{"@type":"WebPage","@id":"https:\/\/www.carideal.com\/blog\/2008\/07\/01\/rallye-de-turquie\/","url":"https:\/\/www.carideal.com\/blog\/2008\/07\/01\/rallye-de-turquie\/","name":"Rallye de Turquie 2008 - Blog auto Carid\u00e9al","isPartOf":{"@id":"https:\/\/www.carideal.com\/blog\/#website"},"primaryImageOfPage":{"@id":"https:\/\/www.carideal.com\/blog\/2008\/07\/01\/rallye-de-turquie\/#primaryimage"},"image":{"@id":"https:\/\/www.carideal.com\/blog\/2008\/07\/01\/rallye-de-turquie\/#primaryimage"},"thumbnailUrl":"https:\/\/www.carideal.com\/blog\/wp-content\/uploads\/2008\/07\/rallye-turquie-2008.jpg","datePublished":"2008-07-01T17:32:35+00:00","dateModified":"2020-07-08T08:55:14+00:00","description":"Citro\u00ebn a laiss\u00e9 passer une occasion au rallye de Turquie 2008, Loeb finit 3\u00b0 devant Sordo 4\u00b0.","breadcrumb":{"@id":"https:\/\/www.carideal.com\/blog\/2008\/07\/01\/rallye-de-turquie\/#breadcrumb"},"inLanguage":"fr-FR","potentialAction":[{"@type":"ReadAction","target":["https:\/\/www.carideal.com\/blog\/2008\/07\/01\/rallye-de-turquie\/"]}]},{"@type":"ImageObject","inLanguage":"fr-FR","@id":"https:\/\/www.carideal.com\/blog\/2008\/07\/01\/rallye-de-turquie\/#primaryimage","url":"https:\/\/www.carideal.com\/blog\/wp-content\/uploads\/2008\/07\/rallye-turquie-2008.jpg","contentUrl":"https:\/\/www.carideal.com\/blog\/wp-content\/uploads\/2008\/07\/rallye-turquie-2008.jpg","width":750,"height":421,"caption":"Rallye de Turquie 2008"},{"@type":"BreadcrumbList","@id":"https:\/\/www.carideal.com\/blog\/2008\/07\/01\/rallye-de-turquie\/#breadcrumb","itemListElement":[{"@type":"ListItem","position":1,"name":"Blog Carid\u00e9al","item":"https:\/\/www.carideal.com\/blog\/"},{"@type":"ListItem","position":2,"name":"Sport Automobile","item":"https:\/\/www.carideal.com\/blog\/sport-auto\/"},{"@type":"ListItem","position":3,"name":"Rallye WRC","item":"https:\/\/www.carideal.com\/blog\/sport-auto\/wrc\/"},{"@type":"ListItem","position":4,"name":"Rallye de Turquie 2008"}]},{"@type":"WebSite","@id":"https:\/\/www.carideal.com\/blog\/#website","url":"https:\/\/www.carideal.com\/blog\/","name":"Blog auto Carid\u00e9al","description":"Actualit\u00e9 auto par des passionn\u00e9s","publisher":{"@id":"https:\/\/www.carideal.com\/blog\/#organization"},"potentialAction":[{"@type":"SearchAction","target":{"@type":"EntryPoint","urlTemplate":"https:\/\/www.carideal.com\/blog\/?s={search_term_string}"},"query-input":{"@type":"PropertyValueSpecification","valueRequired":true,"valueName":"search_term_string"}}],"inLanguage":"fr-FR"},{"@type":"Organization","@id":"https:\/\/www.carideal.com\/blog\/#organization","name":"Carideal","url":"https:\/\/www.carideal.com\/blog\/","logo":{"@type":"ImageObject","inLanguage":"fr-FR","@id":"https:\/\/www.carideal.com\/blog\/#\/schema\/logo\/image\/","url":"http:\/\/www.carideal.com\/blog\/wp-content\/uploads\/2016\/03\/logo-carideal-mandataire-automobile.png","contentUrl":"http:\/\/www.carideal.com\/blog\/wp-content\/uploads\/2016\/03\/logo-carideal-mandataire-automobile.png","width":300,"height":300,"caption":"Carideal"},"image":{"@id":"https:\/\/www.carideal.com\/blog\/#\/schema\/logo\/image\/"},"sameAs":["https:\/\/www.facebook.com\/Carideal.mandataire.automobile","https:\/\/x.com\/caridealauto","https:\/\/www.instagram.com\/carideal1\/","https:\/\/www.linkedin.com\/company\/carideal.com","https:\/\/fr.pinterest.com\/schiavonsas\/","https:\/\/www.youtube.com\/user\/caridealsas"]},{"@type":"Person","@id":"https:\/\/www.carideal.com\/blog\/#\/schema\/person\/985c7e757d1042d647f21bfaf8d41ebc","name":"N.S Carideal","image":{"@type":"ImageObject","inLanguage":"fr-FR","@id":"https:\/\/www.carideal.com\/blog\/#\/schema\/person\/image\/","url":"https:\/\/secure.gravatar.com\/avatar\/edb7ccdf1a4e3d14aef967760d354d0e?s=96&r=g","contentUrl":"https:\/\/secure.gravatar.com\/avatar\/edb7ccdf1a4e3d14aef967760d354d0e?s=96&r=g","caption":"N.S Carideal"},"description":"Depuis tout petit fan d'automobile. Il est question d'essayer et de comparer toutes ces voitures qui nous ont fait r\u00e9ver, avant que celles-ci ne devient uniquement des voitures de collection.","sameAs":["http:\/\/www.carideal.com\/blog","https:\/\/www.facebook.com\/Carideal.mandataire.automobile\/","https:\/\/www.linkedin.com\/in\/nschiavon\/","https:\/\/www.youtube.com\/user\/caridealsas\/"],"url":"https:\/\/www.carideal.com\/blog\/author\/admin_carideal\/"}]}},"uagb_featured_image_src":{"full":["https:\/\/www.carideal.com\/blog\/wp-content\/uploads\/2008\/07\/rallye-turquie-2008.jpg",750,421,false],"thumbnail":["https:\/\/www.carideal.com\/blog\/wp-content\/uploads\/2008\/07\/rallye-turquie-2008-150x150.jpg",150,150,true],"medium":["https:\/\/www.carideal.com\/blog\/wp-content\/uploads\/2008\/07\/rallye-turquie-2008-300x168.jpg",300,168,true],"medium_large":["https:\/\/www.carideal.com\/blog\/wp-content\/uploads\/2008\/07\/rallye-turquie-2008.jpg",750,421,false],"large":["https:\/\/www.carideal.com\/blog\/wp-content\/uploads\/2008\/07\/rallye-turquie-2008.jpg",750,421,false],"1536x1536":["https:\/\/www.carideal.com\/blog\/wp-content\/uploads\/2008\/07\/rallye-turquie-2008.jpg",750,421,false],"2048x2048":["https:\/\/www.carideal.com\/blog\/wp-content\/uploads\/2008\/07\/rallye-turquie-2008.jpg",750,421,false],"wppr-widget":["https:\/\/www.carideal.com\/blog\/wp-content\/uploads\/2008\/07\/rallye-turquie-2008-50x28.jpg",50,28,true]},"uagb_author_info":{"display_name":"N.S Carideal","author_link":"https:\/\/www.carideal.com\/blog\/author\/admin_carideal\/"},"uagb_comment_info":0,"uagb_excerpt":"Rallye de Turquie 2008 Citro\u00ebn a laiss\u00e9 passer une occasion au rallye de Turquie 2008, Loeb finit 3\u00b0 devant Sordo 4\u00b0. Antalya et Kemer, une r\u00e9gion de vacances dans le sud-ouest de la Turquie a \u00e9t\u00e9 choisie en 2001 comme lieu de d\u00e9part et d'arriv\u00e9e du Rallye d'Anatolie en adoptant un format WRC. En 2002,\u2026","_links":{"self":[{"href":"https:\/\/www.carideal.com\/blog\/wp-json\/wp\/v2\/posts\/1658"}],"collection":[{"href":"https:\/\/www.carideal.com\/blog\/wp-json\/wp\/v2\/posts"}],"about":[{"href":"https:\/\/www.carideal.com\/blog\/wp-json\/wp\/v2\/types\/post"}],"author":[{"embeddable":true,"href":"https:\/\/www.carideal.com\/blog\/wp-json\/wp\/v2\/users\/1"}],"replies":[{"embeddable":true,"href":"https:\/\/www.carideal.com\/blog\/wp-json\/wp\/v2\/comments?post=1658"}],"version-history":[{"count":0,"href":"https:\/\/www.carideal.com\/blog\/wp-json\/wp\/v2\/posts\/1658\/revisions"}],"wp:featuredmedia":[{"embeddable":true,"href":"https:\/\/www.carideal.com\/blog\/wp-json\/wp\/v2\/media\/25675"}],"wp:attachment":[{"href":"https:\/\/www.carideal.com\/blog\/wp-json\/wp\/v2\/media?parent=1658"}],"wp:term":[{"taxonomy":"category","embeddable":true,"href":"https:\/\/www.carideal.com\/blog\/wp-json\/wp\/v2\/categories?post=1658"},{"taxonomy":"post_tag","embeddable":true,"href":"https:\/\/www.carideal.com\/blog\/wp-json\/wp\/v2\/tags?post=1658"}],"curies":[{"name":"wp","href":"https:\/\/api.w.org\/{rel}","templated":true}]}}