{"id":1653,"date":"2013-10-30T15:04:00","date_gmt":"2013-10-30T15:04:00","guid":{"rendered":"http:\/\/carideal.com\/blog\/?p=1653"},"modified":"2020-03-08T07:33:06","modified_gmt":"2020-03-08T06:33:06","slug":"reductions-des-vitesses-repression-routiere","status":"publish","type":"post","link":"https:\/\/www.carideal.com\/blog\/2013\/10\/30\/reductions-des-vitesses-repression-routiere\/","title":{"rendered":"Reductions des vitesses &#038; r\u00e9pression routi\u00e8re"},"content":{"rendered":"<blockquote><p>Securit\u00e9 &amp; repression routi\u00e8re<\/p><\/blockquote>\n<p>Quand Monsieur Manuel Valls, notre Ministre de l'int\u00e9rieur, veut r\u00e9duire la vitesse sur les routes en France, ce qui est selon lui une priorit\u00e9 en France... en ce Moment...<br \/>\nAbaisser le nombre de mort sur route et autoroute \u00e0 l'objectif de 2000 par an, ce qui est pour lui une relation de cause \u00e0 effet.<br \/>\nAlors que nombre de pays parle de remonter leur vitesse limite sur leur autoroute, comme l'Espagne, la Hollande ou l'Angleterre\u00a0?<br \/>\nAlors que l'on sait car les chiffres sont l\u00e0 plus de 83 % des d\u00e9c\u00e8s en voitures ont lieu sur les d\u00e9partementales et routes communales !! http:\/\/www.carideal.com\/actualites\/article-automobile.php?ID_article=790<\/p>\n<p><img decoding=\"async\" title=\"controles-radars-carideal-blog.jpg, oct. 2013\" src=\"\/blog\/public\/.controles-radars-carideal-blog_m.jpg\" alt=\"controles-radars-carideal-blog.jpg\" \/><\/p>\n<blockquote><p>Contr\u00f4les radars en augmentation<\/p><\/blockquote>\n<p>Dans le m\u00eame temps le gouvernement fait la sourde oreille aux demandes des \u00e9lus pour l'\u00e9tat du r\u00e9seau\u00a0!\u00a0Lire ici \u00e0 ce sujet<\/p>\n<p>Nos voitures n'ont jamais \u00e9t\u00e9 aussi sures, <strong>alors il est plus rentable de baisser les limitations de vitesse sur routes et autoroutes afin de dresser encore plus de PV que mettre en place une co\u00fbteuse politique efficace de s\u00e9curit\u00e9 routi\u00e8re n'en d\u00e9plaise \u00e0 l'association de la pr\u00e9vention routi\u00e8re c'est un nouvel IMP\u00d4T qui est n\u00e9 !<\/strong><br \/>\n<strong>Il est grand temps que nos politiques cessent d'\u00eatre influenc\u00e9s par les lobbys anti-voitures qui font tant de mal au monde automobile !<\/strong><\/p>\n<p><img decoding=\"async\" title=\"chiffres-nombre-tues-route-france-carideal-blog.jpg, oct. 2013\" src=\"\/blog\/public\/.chiffres-nombre-tues-route-france-carideal-blog_m.jpg\" alt=\"chiffres-nombre-tues-route-france-carideal-blog.jpg\" \/><\/p>\n<blockquote><p>On vous remet les vraies chiffres<\/p><\/blockquote>\n<p>R\u00e9voltons nous\u00a0!<\/p>\n<p><a href=\"http:\/\/www.carideal.com\/blog\/2011\/05\/18\/securite-routiere-140-kmh-en-espagne\/\">L'Espagne veut revenir \u00e0 140 km\/h sur autoroute<\/a><br \/>\n<a href=\"http:\/\/www.carideal.com\/blog\/2011\/03\/11\/la-hollande-souhaiterait-remonter-sa-vitesse-sur-autoroute-a-130-kmh\/\">La Hollande souhaite remonter \u00e0 130 km\/h sur autoroute<\/a><br \/>\nhttp:\/\/www.carideal.com\/actualites\/article-automobile.php?ID_article=784<\/p>\n","protected":false},"excerpt":{"rendered":"<p>Securit\u00e9 &amp; repression routi\u00e8re Quand Monsieur Manuel Valls, notre Ministre de l&rsquo;int\u00e9rieur, veut r\u00e9duire la vitesse sur les routes en France, ce qui est selon lui une priorit\u00e9 en France&#8230; en ce Moment&#8230; Abaisser le nombre de mort sur route et autoroute \u00e0 l&rsquo;objectif de 2000 par an, ce qui est pour lui une relation &#8230; <a title=\"Reductions des vitesses &#038; r\u00e9pression routi\u00e8re\" class=\"read-more\" href=\"https:\/\/www.carideal.com\/blog\/2013\/10\/30\/reductions-des-vitesses-repression-routiere\/\" aria-label=\"En savoir plus sur Reductions des vitesses &#038; r\u00e9pression routi\u00e8re\">Lire plus<\/a><\/p>\n","protected":false},"author":1,"featured_media":0,"comment_status":"open","ping_status":"open","sticky":false,"template":"","format":"standard","meta":{"_uag_custom_page_level_css":"","_themeisle_gutenberg_block_has_review":false,"footnotes":""},"categories":[15],"tags":[4315],"class_list":["post-1653","post","type-post","status-publish","format-standard","hentry","category-radar-et-securite-routiere","tag-prevention-routiere"],"wppr_data":[],"yoast_head":"<!-- This site is optimized with the Yoast SEO plugin v24.8.1 - https:\/\/yoast.com\/wordpress\/plugins\/seo\/ -->\n<title>Reductions des vitesses &amp; r\u00e9pression routi\u00e8re - Blog auto Carid\u00e9al<\/title>\n<meta name=\"robots\" content=\"index, follow, max-snippet:-1, max-image-preview:large, max-video-preview:-1\" \/>\n<link rel=\"canonical\" href=\"https:\/\/www.carideal.com\/blog\/2013\/10\/30\/reductions-des-vitesses-repression-routiere\/\" \/>\n<meta property=\"og:locale\" content=\"fr_FR\" \/>\n<meta property=\"og:type\" content=\"article\" \/>\n<meta property=\"og:title\" content=\"Reductions des vitesses &amp; r\u00e9pression routi\u00e8re - Blog auto Carid\u00e9al\" \/>\n<meta property=\"og:description\" content=\"Securit\u00e9 &amp; repression routi\u00e8re Quand Monsieur Manuel Valls, notre Ministre de l&#039;int\u00e9rieur, veut r\u00e9duire la vitesse sur les routes en France, ce qui est selon lui une priorit\u00e9 en France... en ce Moment... Abaisser le nombre de mort sur route et autoroute \u00e0 l&#039;objectif de 2000 par an, ce qui est pour lui une relation ... Lire plus\" \/>\n<meta property=\"og:url\" content=\"https:\/\/www.carideal.com\/blog\/2013\/10\/30\/reductions-des-vitesses-repression-routiere\/\" \/>\n<meta property=\"og:site_name\" content=\"Blog auto Carid\u00e9al\" \/>\n<meta property=\"article:publisher\" content=\"https:\/\/www.facebook.com\/Carideal.mandataire.automobile\" \/>\n<meta property=\"article:author\" content=\"https:\/\/www.facebook.com\/Carideal.mandataire.automobile\/\" \/>\n<meta property=\"article:published_time\" content=\"2013-10-30T15:04:00+00:00\" \/>\n<meta property=\"article:modified_time\" content=\"2020-03-08T06:33:06+00:00\" \/>\n<meta property=\"og:image\" content=\"https:\/\/www.carideal.com\/blog\/wp-content\/uploads\/2016\/03\/logo-carideal-mandataire-automobile.png\" \/>\n\t<meta property=\"og:image:width\" content=\"300\" \/>\n\t<meta property=\"og:image:height\" content=\"300\" \/>\n\t<meta property=\"og:image:type\" content=\"image\/png\" \/>\n<meta name=\"author\" content=\"N.S Carideal\" \/>\n<meta name=\"twitter:card\" content=\"summary_large_image\" \/>\n<meta name=\"twitter:creator\" content=\"@caridealauto\" \/>\n<meta name=\"twitter:site\" content=\"@caridealauto\" \/>\n<meta name=\"twitter:label1\" content=\"\u00c9crit par\" \/>\n\t<meta name=\"twitter:data1\" content=\"N.S Carideal\" \/>\n\t<meta name=\"twitter:label2\" content=\"Dur\u00e9e de lecture estim\u00e9e\" \/>\n\t<meta name=\"twitter:data2\" content=\"1 minute\" \/>\n<script type=\"application\/ld+json\" class=\"yoast-schema-graph\">{\"@context\":\"https:\/\/schema.org\",\"@graph\":[{\"@type\":\"Article\",\"@id\":\"https:\/\/www.carideal.com\/blog\/2013\/10\/30\/reductions-des-vitesses-repression-routiere\/#article\",\"isPartOf\":{\"@id\":\"https:\/\/www.carideal.com\/blog\/2013\/10\/30\/reductions-des-vitesses-repression-routiere\/\"},\"author\":{\"name\":\"N.S Carideal\",\"@id\":\"https:\/\/www.carideal.com\/blog\/#\/schema\/person\/985c7e757d1042d647f21bfaf8d41ebc\"},\"headline\":\"Reductions des vitesses &#038; r\u00e9pression routi\u00e8re\",\"datePublished\":\"2013-10-30T15:04:00+00:00\",\"dateModified\":\"2020-03-08T06:33:06+00:00\",\"mainEntityOfPage\":{\"@id\":\"https:\/\/www.carideal.com\/blog\/2013\/10\/30\/reductions-des-vitesses-repression-routiere\/\"},\"wordCount\":269,\"commentCount\":0,\"publisher\":{\"@id\":\"https:\/\/www.carideal.com\/blog\/#organization\"},\"keywords\":[\"pr\u00e9vention routi\u00e8re\"],\"articleSection\":[\"Radar et s\u00e9curit\u00e9 routi\u00e8re\"],\"inLanguage\":\"fr-FR\",\"potentialAction\":[{\"@type\":\"CommentAction\",\"name\":\"Comment\",\"target\":[\"https:\/\/www.carideal.com\/blog\/2013\/10\/30\/reductions-des-vitesses-repression-routiere\/#respond\"]}]},{\"@type\":\"WebPage\",\"@id\":\"https:\/\/www.carideal.com\/blog\/2013\/10\/30\/reductions-des-vitesses-repression-routiere\/\",\"url\":\"https:\/\/www.carideal.com\/blog\/2013\/10\/30\/reductions-des-vitesses-repression-routiere\/\",\"name\":\"Reductions des vitesses & r\u00e9pression routi\u00e8re - Blog auto Carid\u00e9al\",\"isPartOf\":{\"@id\":\"https:\/\/www.carideal.com\/blog\/#website\"},\"datePublished\":\"2013-10-30T15:04:00+00:00\",\"dateModified\":\"2020-03-08T06:33:06+00:00\",\"breadcrumb\":{\"@id\":\"https:\/\/www.carideal.com\/blog\/2013\/10\/30\/reductions-des-vitesses-repression-routiere\/#breadcrumb\"},\"inLanguage\":\"fr-FR\",\"potentialAction\":[{\"@type\":\"ReadAction\",\"target\":[\"https:\/\/www.carideal.com\/blog\/2013\/10\/30\/reductions-des-vitesses-repression-routiere\/\"]}]},{\"@type\":\"BreadcrumbList\",\"@id\":\"https:\/\/www.carideal.com\/blog\/2013\/10\/30\/reductions-des-vitesses-repression-routiere\/#breadcrumb\",\"itemListElement\":[{\"@type\":\"ListItem\",\"position\":1,\"name\":\"Blog Carid\u00e9al\",\"item\":\"https:\/\/www.carideal.com\/blog\/\"},{\"@type\":\"ListItem\",\"position\":2,\"name\":\"Radar et s\u00e9curit\u00e9 routi\u00e8re\",\"item\":\"https:\/\/www.carideal.com\/blog\/radar-et-securite-routiere\/\"},{\"@type\":\"ListItem\",\"position\":3,\"name\":\"Reductions des vitesses &#038; r\u00e9pression routi\u00e8re\"}]},{\"@type\":\"WebSite\",\"@id\":\"https:\/\/www.carideal.com\/blog\/#website\",\"url\":\"https:\/\/www.carideal.com\/blog\/\",\"name\":\"Blog auto Carid\u00e9al\",\"description\":\"Actualit\u00e9 auto par des passionn\u00e9s\",\"publisher\":{\"@id\":\"https:\/\/www.carideal.com\/blog\/#organization\"},\"potentialAction\":[{\"@type\":\"SearchAction\",\"target\":{\"@type\":\"EntryPoint\",\"urlTemplate\":\"https:\/\/www.carideal.com\/blog\/?s={search_term_string}\"},\"query-input\":{\"@type\":\"PropertyValueSpecification\",\"valueRequired\":true,\"valueName\":\"search_term_string\"}}],\"inLanguage\":\"fr-FR\"},{\"@type\":\"Organization\",\"@id\":\"https:\/\/www.carideal.com\/blog\/#organization\",\"name\":\"Carideal\",\"url\":\"https:\/\/www.carideal.com\/blog\/\",\"logo\":{\"@type\":\"ImageObject\",\"inLanguage\":\"fr-FR\",\"@id\":\"https:\/\/www.carideal.com\/blog\/#\/schema\/logo\/image\/\",\"url\":\"http:\/\/www.carideal.com\/blog\/wp-content\/uploads\/2016\/03\/logo-carideal-mandataire-automobile.png\",\"contentUrl\":\"http:\/\/www.carideal.com\/blog\/wp-content\/uploads\/2016\/03\/logo-carideal-mandataire-automobile.png\",\"width\":300,\"height\":300,\"caption\":\"Carideal\"},\"image\":{\"@id\":\"https:\/\/www.carideal.com\/blog\/#\/schema\/logo\/image\/\"},\"sameAs\":[\"https:\/\/www.facebook.com\/Carideal.mandataire.automobile\",\"https:\/\/x.com\/caridealauto\",\"https:\/\/www.instagram.com\/carideal1\/\",\"https:\/\/www.linkedin.com\/company\/carideal.com\",\"https:\/\/fr.pinterest.com\/schiavonsas\/\",\"https:\/\/www.youtube.com\/user\/caridealsas\"]},{\"@type\":\"Person\",\"@id\":\"https:\/\/www.carideal.com\/blog\/#\/schema\/person\/985c7e757d1042d647f21bfaf8d41ebc\",\"name\":\"N.S Carideal\",\"image\":{\"@type\":\"ImageObject\",\"inLanguage\":\"fr-FR\",\"@id\":\"https:\/\/www.carideal.com\/blog\/#\/schema\/person\/image\/\",\"url\":\"https:\/\/secure.gravatar.com\/avatar\/edb7ccdf1a4e3d14aef967760d354d0e?s=96&r=g\",\"contentUrl\":\"https:\/\/secure.gravatar.com\/avatar\/edb7ccdf1a4e3d14aef967760d354d0e?s=96&r=g\",\"caption\":\"N.S Carideal\"},\"description\":\"Depuis tout petit fan d'automobile. Il est question d'essayer et de comparer toutes ces voitures qui nous ont fait r\u00e9ver, avant que celles-ci ne devient uniquement des voitures de collection.\",\"sameAs\":[\"http:\/\/www.carideal.com\/blog\",\"https:\/\/www.facebook.com\/Carideal.mandataire.automobile\/\",\"https:\/\/www.linkedin.com\/in\/nschiavon\/\",\"https:\/\/www.youtube.com\/user\/caridealsas\/\"],\"url\":\"https:\/\/www.carideal.com\/blog\/author\/admin_carideal\/\"}]}<\/script>\n<!-- \/ Yoast SEO plugin. -->","yoast_head_json":{"title":"Reductions des vitesses & r\u00e9pression routi\u00e8re - Blog auto Carid\u00e9al","robots":{"index":"index","follow":"follow","max-snippet":"max-snippet:-1","max-image-preview":"max-image-preview:large","max-video-preview":"max-video-preview:-1"},"canonical":"https:\/\/www.carideal.com\/blog\/2013\/10\/30\/reductions-des-vitesses-repression-routiere\/","og_locale":"fr_FR","og_type":"article","og_title":"Reductions des vitesses & r\u00e9pression routi\u00e8re - Blog auto Carid\u00e9al","og_description":"Securit\u00e9 &amp; repression routi\u00e8re Quand Monsieur Manuel Valls, notre Ministre de l'int\u00e9rieur, veut r\u00e9duire la vitesse sur les routes en France, ce qui est selon lui une priorit\u00e9 en France... en ce Moment... Abaisser le nombre de mort sur route et autoroute \u00e0 l'objectif de 2000 par an, ce qui est pour lui une relation ... Lire plus","og_url":"https:\/\/www.carideal.com\/blog\/2013\/10\/30\/reductions-des-vitesses-repression-routiere\/","og_site_name":"Blog auto Carid\u00e9al","article_publisher":"https:\/\/www.facebook.com\/Carideal.mandataire.automobile","article_author":"https:\/\/www.facebook.com\/Carideal.mandataire.automobile\/","article_published_time":"2013-10-30T15:04:00+00:00","article_modified_time":"2020-03-08T06:33:06+00:00","og_image":[{"width":300,"height":300,"url":"https:\/\/www.carideal.com\/blog\/wp-content\/uploads\/2016\/03\/logo-carideal-mandataire-automobile.png","type":"image\/png"}],"author":"N.S Carideal","twitter_card":"summary_large_image","twitter_creator":"@caridealauto","twitter_site":"@caridealauto","twitter_misc":{"\u00c9crit par":"N.S Carideal","Dur\u00e9e de lecture estim\u00e9e":"1 minute"},"schema":{"@context":"https:\/\/schema.org","@graph":[{"@type":"Article","@id":"https:\/\/www.carideal.com\/blog\/2013\/10\/30\/reductions-des-vitesses-repression-routiere\/#article","isPartOf":{"@id":"https:\/\/www.carideal.com\/blog\/2013\/10\/30\/reductions-des-vitesses-repression-routiere\/"},"author":{"name":"N.S Carideal","@id":"https:\/\/www.carideal.com\/blog\/#\/schema\/person\/985c7e757d1042d647f21bfaf8d41ebc"},"headline":"Reductions des vitesses &#038; r\u00e9pression routi\u00e8re","datePublished":"2013-10-30T15:04:00+00:00","dateModified":"2020-03-08T06:33:06+00:00","mainEntityOfPage":{"@id":"https:\/\/www.carideal.com\/blog\/2013\/10\/30\/reductions-des-vitesses-repression-routiere\/"},"wordCount":269,"commentCount":0,"publisher":{"@id":"https:\/\/www.carideal.com\/blog\/#organization"},"keywords":["pr\u00e9vention routi\u00e8re"],"articleSection":["Radar et s\u00e9curit\u00e9 routi\u00e8re"],"inLanguage":"fr-FR","potentialAction":[{"@type":"CommentAction","name":"Comment","target":["https:\/\/www.carideal.com\/blog\/2013\/10\/30\/reductions-des-vitesses-repression-routiere\/#respond"]}]},{"@type":"WebPage","@id":"https:\/\/www.carideal.com\/blog\/2013\/10\/30\/reductions-des-vitesses-repression-routiere\/","url":"https:\/\/www.carideal.com\/blog\/2013\/10\/30\/reductions-des-vitesses-repression-routiere\/","name":"Reductions des vitesses & r\u00e9pression routi\u00e8re - Blog auto Carid\u00e9al","isPartOf":{"@id":"https:\/\/www.carideal.com\/blog\/#website"},"datePublished":"2013-10-30T15:04:00+00:00","dateModified":"2020-03-08T06:33:06+00:00","breadcrumb":{"@id":"https:\/\/www.carideal.com\/blog\/2013\/10\/30\/reductions-des-vitesses-repression-routiere\/#breadcrumb"},"inLanguage":"fr-FR","potentialAction":[{"@type":"ReadAction","target":["https:\/\/www.carideal.com\/blog\/2013\/10\/30\/reductions-des-vitesses-repression-routiere\/"]}]},{"@type":"BreadcrumbList","@id":"https:\/\/www.carideal.com\/blog\/2013\/10\/30\/reductions-des-vitesses-repression-routiere\/#breadcrumb","itemListElement":[{"@type":"ListItem","position":1,"name":"Blog Carid\u00e9al","item":"https:\/\/www.carideal.com\/blog\/"},{"@type":"ListItem","position":2,"name":"Radar et s\u00e9curit\u00e9 routi\u00e8re","item":"https:\/\/www.carideal.com\/blog\/radar-et-securite-routiere\/"},{"@type":"ListItem","position":3,"name":"Reductions des vitesses &#038; r\u00e9pression routi\u00e8re"}]},{"@type":"WebSite","@id":"https:\/\/www.carideal.com\/blog\/#website","url":"https:\/\/www.carideal.com\/blog\/","name":"Blog auto Carid\u00e9al","description":"Actualit\u00e9 auto par des passionn\u00e9s","publisher":{"@id":"https:\/\/www.carideal.com\/blog\/#organization"},"potentialAction":[{"@type":"SearchAction","target":{"@type":"EntryPoint","urlTemplate":"https:\/\/www.carideal.com\/blog\/?s={search_term_string}"},"query-input":{"@type":"PropertyValueSpecification","valueRequired":true,"valueName":"search_term_string"}}],"inLanguage":"fr-FR"},{"@type":"Organization","@id":"https:\/\/www.carideal.com\/blog\/#organization","name":"Carideal","url":"https:\/\/www.carideal.com\/blog\/","logo":{"@type":"ImageObject","inLanguage":"fr-FR","@id":"https:\/\/www.carideal.com\/blog\/#\/schema\/logo\/image\/","url":"http:\/\/www.carideal.com\/blog\/wp-content\/uploads\/2016\/03\/logo-carideal-mandataire-automobile.png","contentUrl":"http:\/\/www.carideal.com\/blog\/wp-content\/uploads\/2016\/03\/logo-carideal-mandataire-automobile.png","width":300,"height":300,"caption":"Carideal"},"image":{"@id":"https:\/\/www.carideal.com\/blog\/#\/schema\/logo\/image\/"},"sameAs":["https:\/\/www.facebook.com\/Carideal.mandataire.automobile","https:\/\/x.com\/caridealauto","https:\/\/www.instagram.com\/carideal1\/","https:\/\/www.linkedin.com\/company\/carideal.com","https:\/\/fr.pinterest.com\/schiavonsas\/","https:\/\/www.youtube.com\/user\/caridealsas"]},{"@type":"Person","@id":"https:\/\/www.carideal.com\/blog\/#\/schema\/person\/985c7e757d1042d647f21bfaf8d41ebc","name":"N.S Carideal","image":{"@type":"ImageObject","inLanguage":"fr-FR","@id":"https:\/\/www.carideal.com\/blog\/#\/schema\/person\/image\/","url":"https:\/\/secure.gravatar.com\/avatar\/edb7ccdf1a4e3d14aef967760d354d0e?s=96&r=g","contentUrl":"https:\/\/secure.gravatar.com\/avatar\/edb7ccdf1a4e3d14aef967760d354d0e?s=96&r=g","caption":"N.S Carideal"},"description":"Depuis tout petit fan d'automobile. Il est question d'essayer et de comparer toutes ces voitures qui nous ont fait r\u00e9ver, avant que celles-ci ne devient uniquement des voitures de collection.","sameAs":["http:\/\/www.carideal.com\/blog","https:\/\/www.facebook.com\/Carideal.mandataire.automobile\/","https:\/\/www.linkedin.com\/in\/nschiavon\/","https:\/\/www.youtube.com\/user\/caridealsas\/"],"url":"https:\/\/www.carideal.com\/blog\/author\/admin_carideal\/"}]}},"uagb_featured_image_src":{"full":false,"thumbnail":false,"medium":false,"medium_large":false,"large":false,"1536x1536":false,"2048x2048":false,"wppr-widget":false},"uagb_author_info":{"display_name":"N.S Carideal","author_link":"https:\/\/www.carideal.com\/blog\/author\/admin_carideal\/"},"uagb_comment_info":0,"uagb_excerpt":"Securit\u00e9 &amp; repression routi\u00e8re Quand Monsieur Manuel Valls, notre Ministre de l'int\u00e9rieur, veut r\u00e9duire la vitesse sur les routes en France, ce qui est selon lui une priorit\u00e9 en France... en ce Moment... Abaisser le nombre de mort sur route et autoroute \u00e0 l'objectif de 2000 par an, ce qui est pour lui une relation\u2026","_links":{"self":[{"href":"https:\/\/www.carideal.com\/blog\/wp-json\/wp\/v2\/posts\/1653"}],"collection":[{"href":"https:\/\/www.carideal.com\/blog\/wp-json\/wp\/v2\/posts"}],"about":[{"href":"https:\/\/www.carideal.com\/blog\/wp-json\/wp\/v2\/types\/post"}],"author":[{"embeddable":true,"href":"https:\/\/www.carideal.com\/blog\/wp-json\/wp\/v2\/users\/1"}],"replies":[{"embeddable":true,"href":"https:\/\/www.carideal.com\/blog\/wp-json\/wp\/v2\/comments?post=1653"}],"version-history":[{"count":0,"href":"https:\/\/www.carideal.com\/blog\/wp-json\/wp\/v2\/posts\/1653\/revisions"}],"wp:attachment":[{"href":"https:\/\/www.carideal.com\/blog\/wp-json\/wp\/v2\/media?parent=1653"}],"wp:term":[{"taxonomy":"category","embeddable":true,"href":"https:\/\/www.carideal.com\/blog\/wp-json\/wp\/v2\/categories?post=1653"},{"taxonomy":"post_tag","embeddable":true,"href":"https:\/\/www.carideal.com\/blog\/wp-json\/wp\/v2\/tags?post=1653"}],"curies":[{"name":"wp","href":"https:\/\/api.w.org\/{rel}","templated":true}]}}