{"id":1648,"date":"2013-01-21T15:27:00","date_gmt":"2013-01-21T15:27:00","guid":{"rendered":"http:\/\/carideal.com\/blog\/?p=1648"},"modified":"2013-01-21T15:27:00","modified_gmt":"2013-01-21T15:27:00","slug":"remonter-les-files-bientot-legal-pour-les-deux-roues","status":"publish","type":"post","link":"https:\/\/www.carideal.com\/blog\/2013\/01\/21\/remonter-les-files-bientot-legal-pour-les-deux-roues\/","title":{"rendered":"Remonter les files, bient\u00f4t l\u00e9gal pour les deux-roues"},"content":{"rendered":"<p><img decoding=\"async\" src=\"\/blog\/public\/.deux-roues-remontent-peripherique-Paris_m.jpg\" alt=\"101026\" title=\"101026, janv. 2013\" \/><br \/>\nCommand\u00e9 par le pr\u00e9c\u00e9dent gouvernement, ce rapport est fort attendu par les <a href=\"\/blog\/index.php?tag\/motards\">motards<\/a> et leur principale organisation&nbsp;: la F\u00e9d\u00e9ration fran\u00e7aise des motards en col\u00e8re ( <a href=\"\/blog\/index.php?tag\/FFMC\">FFMC<\/a> ). Celle-ci r\u00e9clame \"depuis 15 ans\" la l\u00e9gislation de cette pratique, d\u00e9j\u00e0 officieuse dans les faits en Ile-de-France. Mais avant de remettre son rapport, le pr\u00e9fet <a href=\"\/blog\/index.php?tag\/Guyot\">Guyot<\/a> a fait plancher toutes les parties prenantes sur le sujet&nbsp;: forces de l'ordre, FFMC, scientifiques de la s\u00e9curit\u00e9 routi\u00e8re (<a href=\"\/blog\/index.php?tag\/IFSTTAR\">IFSTTAR<\/a> )se sont assis plusieurs fois autour d'une table pour d\u00e9battre<br \/>\nD'apr\u00e8s <a href=\"\/blog\/index.php?tag\/Marc%20Bertrand\">Marc Bertrand<\/a>, charg\u00e9 de mission <a href=\"\/blog\/index.php?tag\/s%C3%A9curit%C3%A9%20routi%C3%A8re\">s\u00e9curit\u00e9 routi\u00e8re<\/a> pour la FFMC, trois points majeurs auraient fait consensus au sein des participants: circuler entre les files ne serait possible que sur les voies express. Deuxi\u00e8mement, en cas de \u00ab&nbsp;trafic arr\u00eat\u00e9 \u00e0 red\u00e9\u00admarrant \u00bb, la vitesse maximale pour un <a href=\"\/blog\/index.php?tag\/deux-roues\">deux-roues<\/a> serait fix\u00e9e \u00e0 50 km\/h. Un crit\u00e8re qui sera laiss\u00e9 \u00e0 la libre appr\u00e9ciation des forces de l'ordre. Enfin, la circu\u00adlation ne pourrait s'effectuer qu'entre les deux voies les plus \u00e0 gauche de la chauss\u00e9e, et non sur la bande d'arr\u00eat d'urgence. Le pr\u00e9fet a-t-il effectivement retenu ces propositions dans son rap\u00adport&nbsp;? Myst\u00e8re. Mais de l'aveu de Marc Bertrand, \u00ab&nbsp;si la circulation interfiles n'\u00e9tait pas envisageable, nous n'en aurions pas discut\u00e9 pen\u00addant six mois.&nbsp;\u00bb L'IFSTTAR avait \u00e9tudi\u00e9 cette possibilit\u00e9 durant un an, de 2010 \u00e0 2011. L'institut avait notam\u00adment relev\u00e9 le fait que \u00ab&nbsp;72 % du temps de conduite et 77% du trajet&nbsp;\u00bb d'un motard qui se rend \u00e0 son travail s'effectuent entre les files...<\/p>\n<p>\/<a href=\"\/blog\/index.php?post\/2013\/01\/09\/PARIS-SANS-VIEILLES-VOITURES\"> Paris, l\u00e9gislation pour les vieilles voitures<\/a><\/p>\n","protected":false},"excerpt":{"rendered":"<p>Command\u00e9 par le pr\u00e9c\u00e9dent gouvernement, ce rapport est fort attendu par les motards et leur principale organisation&nbsp;: la F\u00e9d\u00e9ration fran\u00e7aise des motards en col\u00e8re ( FFMC ). Celle-ci r\u00e9clame \u00ab\u00a0depuis 15 ans\u00a0\u00bb la l\u00e9gislation de cette pratique, d\u00e9j\u00e0 officieuse dans les faits en Ile-de-France. Mais avant de remettre son rapport, le pr\u00e9fet Guyot a fait &#8230; <a title=\"Remonter les files, bient\u00f4t l\u00e9gal pour les deux-roues\" class=\"read-more\" href=\"https:\/\/www.carideal.com\/blog\/2013\/01\/21\/remonter-les-files-bientot-legal-pour-les-deux-roues\/\" aria-label=\"En savoir plus sur Remonter les files, bient\u00f4t l\u00e9gal pour les deux-roues\">Lire plus<\/a><\/p>\n","protected":false},"author":1,"featured_media":0,"comment_status":"open","ping_status":"open","sticky":false,"template":"","format":"standard","meta":{"_uag_custom_page_level_css":"","_themeisle_gutenberg_block_has_review":false,"footnotes":""},"categories":[15],"tags":[],"class_list":["post-1648","post","type-post","status-publish","format-standard","hentry","category-radar-et-securite-routiere"],"wppr_data":[],"yoast_head":"<!-- This site is optimized with the Yoast SEO plugin v24.8.1 - https:\/\/yoast.com\/wordpress\/plugins\/seo\/ -->\n<title>Remonter les files, bient\u00f4t l\u00e9gal pour les deux-roues - Blog auto Carid\u00e9al<\/title>\n<meta name=\"robots\" content=\"index, follow, max-snippet:-1, max-image-preview:large, max-video-preview:-1\" \/>\n<link rel=\"canonical\" href=\"https:\/\/www.carideal.com\/blog\/2013\/01\/21\/remonter-les-files-bientot-legal-pour-les-deux-roues\/\" \/>\n<meta property=\"og:locale\" content=\"fr_FR\" \/>\n<meta property=\"og:type\" content=\"article\" \/>\n<meta property=\"og:title\" content=\"Remonter les files, bient\u00f4t l\u00e9gal pour les deux-roues - Blog auto Carid\u00e9al\" \/>\n<meta property=\"og:description\" content=\"Command\u00e9 par le pr\u00e9c\u00e9dent gouvernement, ce rapport est fort attendu par les motards et leur principale organisation&nbsp;: la F\u00e9d\u00e9ration fran\u00e7aise des motards en col\u00e8re ( FFMC ). Celle-ci r\u00e9clame &quot;depuis 15 ans&quot; la l\u00e9gislation de cette pratique, d\u00e9j\u00e0 officieuse dans les faits en Ile-de-France. Mais avant de remettre son rapport, le pr\u00e9fet Guyot a fait ... Lire plus\" \/>\n<meta property=\"og:url\" content=\"https:\/\/www.carideal.com\/blog\/2013\/01\/21\/remonter-les-files-bientot-legal-pour-les-deux-roues\/\" \/>\n<meta property=\"og:site_name\" content=\"Blog auto Carid\u00e9al\" \/>\n<meta property=\"article:publisher\" content=\"https:\/\/www.facebook.com\/Carideal.mandataire.automobile\" \/>\n<meta property=\"article:author\" content=\"https:\/\/www.facebook.com\/Carideal.mandataire.automobile\/\" \/>\n<meta property=\"article:published_time\" content=\"2013-01-21T15:27:00+00:00\" \/>\n<meta property=\"og:image\" content=\"https:\/\/www.carideal.com\/blog\/wp-content\/uploads\/2016\/03\/logo-carideal-mandataire-automobile.png\" \/>\n\t<meta property=\"og:image:width\" content=\"300\" \/>\n\t<meta property=\"og:image:height\" content=\"300\" \/>\n\t<meta property=\"og:image:type\" content=\"image\/png\" \/>\n<meta name=\"author\" content=\"N.S Carideal\" \/>\n<meta name=\"twitter:card\" content=\"summary_large_image\" \/>\n<meta name=\"twitter:creator\" content=\"@caridealauto\" \/>\n<meta name=\"twitter:site\" content=\"@caridealauto\" \/>\n<meta name=\"twitter:label1\" content=\"\u00c9crit par\" \/>\n\t<meta name=\"twitter:data1\" content=\"N.S Carideal\" \/>\n\t<meta name=\"twitter:label2\" content=\"Dur\u00e9e de lecture estim\u00e9e\" \/>\n\t<meta name=\"twitter:data2\" content=\"1 minute\" \/>\n<script type=\"application\/ld+json\" class=\"yoast-schema-graph\">{\"@context\":\"https:\/\/schema.org\",\"@graph\":[{\"@type\":\"Article\",\"@id\":\"https:\/\/www.carideal.com\/blog\/2013\/01\/21\/remonter-les-files-bientot-legal-pour-les-deux-roues\/#article\",\"isPartOf\":{\"@id\":\"https:\/\/www.carideal.com\/blog\/2013\/01\/21\/remonter-les-files-bientot-legal-pour-les-deux-roues\/\"},\"author\":{\"name\":\"N.S Carideal\",\"@id\":\"https:\/\/www.carideal.com\/blog\/#\/schema\/person\/985c7e757d1042d647f21bfaf8d41ebc\"},\"headline\":\"Remonter les files, bient\u00f4t l\u00e9gal pour les deux-roues\",\"datePublished\":\"2013-01-21T15:27:00+00:00\",\"mainEntityOfPage\":{\"@id\":\"https:\/\/www.carideal.com\/blog\/2013\/01\/21\/remonter-les-files-bientot-legal-pour-les-deux-roues\/\"},\"wordCount\":287,\"commentCount\":0,\"publisher\":{\"@id\":\"https:\/\/www.carideal.com\/blog\/#organization\"},\"articleSection\":[\"Radar et s\u00e9curit\u00e9 routi\u00e8re\"],\"inLanguage\":\"fr-FR\",\"potentialAction\":[{\"@type\":\"CommentAction\",\"name\":\"Comment\",\"target\":[\"https:\/\/www.carideal.com\/blog\/2013\/01\/21\/remonter-les-files-bientot-legal-pour-les-deux-roues\/#respond\"]}]},{\"@type\":\"WebPage\",\"@id\":\"https:\/\/www.carideal.com\/blog\/2013\/01\/21\/remonter-les-files-bientot-legal-pour-les-deux-roues\/\",\"url\":\"https:\/\/www.carideal.com\/blog\/2013\/01\/21\/remonter-les-files-bientot-legal-pour-les-deux-roues\/\",\"name\":\"Remonter les files, bient\u00f4t l\u00e9gal pour les deux-roues - Blog auto Carid\u00e9al\",\"isPartOf\":{\"@id\":\"https:\/\/www.carideal.com\/blog\/#website\"},\"datePublished\":\"2013-01-21T15:27:00+00:00\",\"breadcrumb\":{\"@id\":\"https:\/\/www.carideal.com\/blog\/2013\/01\/21\/remonter-les-files-bientot-legal-pour-les-deux-roues\/#breadcrumb\"},\"inLanguage\":\"fr-FR\",\"potentialAction\":[{\"@type\":\"ReadAction\",\"target\":[\"https:\/\/www.carideal.com\/blog\/2013\/01\/21\/remonter-les-files-bientot-legal-pour-les-deux-roues\/\"]}]},{\"@type\":\"BreadcrumbList\",\"@id\":\"https:\/\/www.carideal.com\/blog\/2013\/01\/21\/remonter-les-files-bientot-legal-pour-les-deux-roues\/#breadcrumb\",\"itemListElement\":[{\"@type\":\"ListItem\",\"position\":1,\"name\":\"Blog Carid\u00e9al\",\"item\":\"https:\/\/www.carideal.com\/blog\/\"},{\"@type\":\"ListItem\",\"position\":2,\"name\":\"Radar et s\u00e9curit\u00e9 routi\u00e8re\",\"item\":\"https:\/\/www.carideal.com\/blog\/radar-et-securite-routiere\/\"},{\"@type\":\"ListItem\",\"position\":3,\"name\":\"Remonter les files, bient\u00f4t l\u00e9gal pour les deux-roues\"}]},{\"@type\":\"WebSite\",\"@id\":\"https:\/\/www.carideal.com\/blog\/#website\",\"url\":\"https:\/\/www.carideal.com\/blog\/\",\"name\":\"Blog auto Carid\u00e9al\",\"description\":\"Actualit\u00e9 auto par des passionn\u00e9s\",\"publisher\":{\"@id\":\"https:\/\/www.carideal.com\/blog\/#organization\"},\"potentialAction\":[{\"@type\":\"SearchAction\",\"target\":{\"@type\":\"EntryPoint\",\"urlTemplate\":\"https:\/\/www.carideal.com\/blog\/?s={search_term_string}\"},\"query-input\":{\"@type\":\"PropertyValueSpecification\",\"valueRequired\":true,\"valueName\":\"search_term_string\"}}],\"inLanguage\":\"fr-FR\"},{\"@type\":\"Organization\",\"@id\":\"https:\/\/www.carideal.com\/blog\/#organization\",\"name\":\"Carideal\",\"url\":\"https:\/\/www.carideal.com\/blog\/\",\"logo\":{\"@type\":\"ImageObject\",\"inLanguage\":\"fr-FR\",\"@id\":\"https:\/\/www.carideal.com\/blog\/#\/schema\/logo\/image\/\",\"url\":\"http:\/\/www.carideal.com\/blog\/wp-content\/uploads\/2016\/03\/logo-carideal-mandataire-automobile.png\",\"contentUrl\":\"http:\/\/www.carideal.com\/blog\/wp-content\/uploads\/2016\/03\/logo-carideal-mandataire-automobile.png\",\"width\":300,\"height\":300,\"caption\":\"Carideal\"},\"image\":{\"@id\":\"https:\/\/www.carideal.com\/blog\/#\/schema\/logo\/image\/\"},\"sameAs\":[\"https:\/\/www.facebook.com\/Carideal.mandataire.automobile\",\"https:\/\/x.com\/caridealauto\",\"https:\/\/www.instagram.com\/carideal1\/\",\"https:\/\/www.linkedin.com\/company\/carideal.com\",\"https:\/\/fr.pinterest.com\/schiavonsas\/\",\"https:\/\/www.youtube.com\/user\/caridealsas\"]},{\"@type\":\"Person\",\"@id\":\"https:\/\/www.carideal.com\/blog\/#\/schema\/person\/985c7e757d1042d647f21bfaf8d41ebc\",\"name\":\"N.S Carideal\",\"image\":{\"@type\":\"ImageObject\",\"inLanguage\":\"fr-FR\",\"@id\":\"https:\/\/www.carideal.com\/blog\/#\/schema\/person\/image\/\",\"url\":\"https:\/\/secure.gravatar.com\/avatar\/edb7ccdf1a4e3d14aef967760d354d0e?s=96&r=g\",\"contentUrl\":\"https:\/\/secure.gravatar.com\/avatar\/edb7ccdf1a4e3d14aef967760d354d0e?s=96&r=g\",\"caption\":\"N.S Carideal\"},\"description\":\"Depuis tout petit fan d'automobile. Il est question d'essayer et de comparer toutes ces voitures qui nous ont fait r\u00e9ver, avant que celles-ci ne devient uniquement des voitures de collection.\",\"sameAs\":[\"http:\/\/www.carideal.com\/blog\",\"https:\/\/www.facebook.com\/Carideal.mandataire.automobile\/\",\"https:\/\/www.linkedin.com\/in\/nschiavon\/\",\"https:\/\/www.youtube.com\/user\/caridealsas\/\"],\"url\":\"https:\/\/www.carideal.com\/blog\/author\/admin_carideal\/\"}]}<\/script>\n<!-- \/ Yoast SEO plugin. -->","yoast_head_json":{"title":"Remonter les files, bient\u00f4t l\u00e9gal pour les deux-roues - Blog auto Carid\u00e9al","robots":{"index":"index","follow":"follow","max-snippet":"max-snippet:-1","max-image-preview":"max-image-preview:large","max-video-preview":"max-video-preview:-1"},"canonical":"https:\/\/www.carideal.com\/blog\/2013\/01\/21\/remonter-les-files-bientot-legal-pour-les-deux-roues\/","og_locale":"fr_FR","og_type":"article","og_title":"Remonter les files, bient\u00f4t l\u00e9gal pour les deux-roues - Blog auto Carid\u00e9al","og_description":"Command\u00e9 par le pr\u00e9c\u00e9dent gouvernement, ce rapport est fort attendu par les motards et leur principale organisation&nbsp;: la F\u00e9d\u00e9ration fran\u00e7aise des motards en col\u00e8re ( FFMC ). Celle-ci r\u00e9clame \"depuis 15 ans\" la l\u00e9gislation de cette pratique, d\u00e9j\u00e0 officieuse dans les faits en Ile-de-France. Mais avant de remettre son rapport, le pr\u00e9fet Guyot a fait ... Lire plus","og_url":"https:\/\/www.carideal.com\/blog\/2013\/01\/21\/remonter-les-files-bientot-legal-pour-les-deux-roues\/","og_site_name":"Blog auto Carid\u00e9al","article_publisher":"https:\/\/www.facebook.com\/Carideal.mandataire.automobile","article_author":"https:\/\/www.facebook.com\/Carideal.mandataire.automobile\/","article_published_time":"2013-01-21T15:27:00+00:00","og_image":[{"width":300,"height":300,"url":"https:\/\/www.carideal.com\/blog\/wp-content\/uploads\/2016\/03\/logo-carideal-mandataire-automobile.png","type":"image\/png"}],"author":"N.S Carideal","twitter_card":"summary_large_image","twitter_creator":"@caridealauto","twitter_site":"@caridealauto","twitter_misc":{"\u00c9crit par":"N.S Carideal","Dur\u00e9e de lecture estim\u00e9e":"1 minute"},"schema":{"@context":"https:\/\/schema.org","@graph":[{"@type":"Article","@id":"https:\/\/www.carideal.com\/blog\/2013\/01\/21\/remonter-les-files-bientot-legal-pour-les-deux-roues\/#article","isPartOf":{"@id":"https:\/\/www.carideal.com\/blog\/2013\/01\/21\/remonter-les-files-bientot-legal-pour-les-deux-roues\/"},"author":{"name":"N.S Carideal","@id":"https:\/\/www.carideal.com\/blog\/#\/schema\/person\/985c7e757d1042d647f21bfaf8d41ebc"},"headline":"Remonter les files, bient\u00f4t l\u00e9gal pour les deux-roues","datePublished":"2013-01-21T15:27:00+00:00","mainEntityOfPage":{"@id":"https:\/\/www.carideal.com\/blog\/2013\/01\/21\/remonter-les-files-bientot-legal-pour-les-deux-roues\/"},"wordCount":287,"commentCount":0,"publisher":{"@id":"https:\/\/www.carideal.com\/blog\/#organization"},"articleSection":["Radar et s\u00e9curit\u00e9 routi\u00e8re"],"inLanguage":"fr-FR","potentialAction":[{"@type":"CommentAction","name":"Comment","target":["https:\/\/www.carideal.com\/blog\/2013\/01\/21\/remonter-les-files-bientot-legal-pour-les-deux-roues\/#respond"]}]},{"@type":"WebPage","@id":"https:\/\/www.carideal.com\/blog\/2013\/01\/21\/remonter-les-files-bientot-legal-pour-les-deux-roues\/","url":"https:\/\/www.carideal.com\/blog\/2013\/01\/21\/remonter-les-files-bientot-legal-pour-les-deux-roues\/","name":"Remonter les files, bient\u00f4t l\u00e9gal pour les deux-roues - Blog auto Carid\u00e9al","isPartOf":{"@id":"https:\/\/www.carideal.com\/blog\/#website"},"datePublished":"2013-01-21T15:27:00+00:00","breadcrumb":{"@id":"https:\/\/www.carideal.com\/blog\/2013\/01\/21\/remonter-les-files-bientot-legal-pour-les-deux-roues\/#breadcrumb"},"inLanguage":"fr-FR","potentialAction":[{"@type":"ReadAction","target":["https:\/\/www.carideal.com\/blog\/2013\/01\/21\/remonter-les-files-bientot-legal-pour-les-deux-roues\/"]}]},{"@type":"BreadcrumbList","@id":"https:\/\/www.carideal.com\/blog\/2013\/01\/21\/remonter-les-files-bientot-legal-pour-les-deux-roues\/#breadcrumb","itemListElement":[{"@type":"ListItem","position":1,"name":"Blog Carid\u00e9al","item":"https:\/\/www.carideal.com\/blog\/"},{"@type":"ListItem","position":2,"name":"Radar et s\u00e9curit\u00e9 routi\u00e8re","item":"https:\/\/www.carideal.com\/blog\/radar-et-securite-routiere\/"},{"@type":"ListItem","position":3,"name":"Remonter les files, bient\u00f4t l\u00e9gal pour les deux-roues"}]},{"@type":"WebSite","@id":"https:\/\/www.carideal.com\/blog\/#website","url":"https:\/\/www.carideal.com\/blog\/","name":"Blog auto Carid\u00e9al","description":"Actualit\u00e9 auto par des passionn\u00e9s","publisher":{"@id":"https:\/\/www.carideal.com\/blog\/#organization"},"potentialAction":[{"@type":"SearchAction","target":{"@type":"EntryPoint","urlTemplate":"https:\/\/www.carideal.com\/blog\/?s={search_term_string}"},"query-input":{"@type":"PropertyValueSpecification","valueRequired":true,"valueName":"search_term_string"}}],"inLanguage":"fr-FR"},{"@type":"Organization","@id":"https:\/\/www.carideal.com\/blog\/#organization","name":"Carideal","url":"https:\/\/www.carideal.com\/blog\/","logo":{"@type":"ImageObject","inLanguage":"fr-FR","@id":"https:\/\/www.carideal.com\/blog\/#\/schema\/logo\/image\/","url":"http:\/\/www.carideal.com\/blog\/wp-content\/uploads\/2016\/03\/logo-carideal-mandataire-automobile.png","contentUrl":"http:\/\/www.carideal.com\/blog\/wp-content\/uploads\/2016\/03\/logo-carideal-mandataire-automobile.png","width":300,"height":300,"caption":"Carideal"},"image":{"@id":"https:\/\/www.carideal.com\/blog\/#\/schema\/logo\/image\/"},"sameAs":["https:\/\/www.facebook.com\/Carideal.mandataire.automobile","https:\/\/x.com\/caridealauto","https:\/\/www.instagram.com\/carideal1\/","https:\/\/www.linkedin.com\/company\/carideal.com","https:\/\/fr.pinterest.com\/schiavonsas\/","https:\/\/www.youtube.com\/user\/caridealsas"]},{"@type":"Person","@id":"https:\/\/www.carideal.com\/blog\/#\/schema\/person\/985c7e757d1042d647f21bfaf8d41ebc","name":"N.S Carideal","image":{"@type":"ImageObject","inLanguage":"fr-FR","@id":"https:\/\/www.carideal.com\/blog\/#\/schema\/person\/image\/","url":"https:\/\/secure.gravatar.com\/avatar\/edb7ccdf1a4e3d14aef967760d354d0e?s=96&r=g","contentUrl":"https:\/\/secure.gravatar.com\/avatar\/edb7ccdf1a4e3d14aef967760d354d0e?s=96&r=g","caption":"N.S Carideal"},"description":"Depuis tout petit fan d'automobile. Il est question d'essayer et de comparer toutes ces voitures qui nous ont fait r\u00e9ver, avant que celles-ci ne devient uniquement des voitures de collection.","sameAs":["http:\/\/www.carideal.com\/blog","https:\/\/www.facebook.com\/Carideal.mandataire.automobile\/","https:\/\/www.linkedin.com\/in\/nschiavon\/","https:\/\/www.youtube.com\/user\/caridealsas\/"],"url":"https:\/\/www.carideal.com\/blog\/author\/admin_carideal\/"}]}},"uagb_featured_image_src":{"full":false,"thumbnail":false,"medium":false,"medium_large":false,"large":false,"1536x1536":false,"2048x2048":false,"wppr-widget":false},"uagb_author_info":{"display_name":"N.S Carideal","author_link":"https:\/\/www.carideal.com\/blog\/author\/admin_carideal\/"},"uagb_comment_info":0,"uagb_excerpt":"Command\u00e9 par le pr\u00e9c\u00e9dent gouvernement, ce rapport est fort attendu par les motards et leur principale organisation&nbsp;: la F\u00e9d\u00e9ration fran\u00e7aise des motards en col\u00e8re ( FFMC ). Celle-ci r\u00e9clame \"depuis 15 ans\" la l\u00e9gislation de cette pratique, d\u00e9j\u00e0 officieuse dans les faits en Ile-de-France. Mais avant de remettre son rapport, le pr\u00e9fet Guyot a fait\u2026","_links":{"self":[{"href":"https:\/\/www.carideal.com\/blog\/wp-json\/wp\/v2\/posts\/1648"}],"collection":[{"href":"https:\/\/www.carideal.com\/blog\/wp-json\/wp\/v2\/posts"}],"about":[{"href":"https:\/\/www.carideal.com\/blog\/wp-json\/wp\/v2\/types\/post"}],"author":[{"embeddable":true,"href":"https:\/\/www.carideal.com\/blog\/wp-json\/wp\/v2\/users\/1"}],"replies":[{"embeddable":true,"href":"https:\/\/www.carideal.com\/blog\/wp-json\/wp\/v2\/comments?post=1648"}],"version-history":[{"count":0,"href":"https:\/\/www.carideal.com\/blog\/wp-json\/wp\/v2\/posts\/1648\/revisions"}],"wp:attachment":[{"href":"https:\/\/www.carideal.com\/blog\/wp-json\/wp\/v2\/media?parent=1648"}],"wp:term":[{"taxonomy":"category","embeddable":true,"href":"https:\/\/www.carideal.com\/blog\/wp-json\/wp\/v2\/categories?post=1648"},{"taxonomy":"post_tag","embeddable":true,"href":"https:\/\/www.carideal.com\/blog\/wp-json\/wp\/v2\/tags?post=1648"}],"curies":[{"name":"wp","href":"https:\/\/api.w.org\/{rel}","templated":true}]}}