{"id":1646,"date":"2013-01-09T08:55:00","date_gmt":"2013-01-09T08:55:00","guid":{"rendered":"http:\/\/carideal.com\/blog\/?p=1646"},"modified":"2013-01-09T08:55:00","modified_gmt":"2013-01-09T08:55:00","slug":"securite-routiere-lobby-ethylotest","status":"publish","type":"post","link":"https:\/\/www.carideal.com\/blog\/2013\/01\/09\/securite-routiere-lobby-ethylotest\/","title":{"rendered":"Securit\u00e9 routi\u00e8re &#038; lobby = \u00e9thylotest"},"content":{"rendered":"<p><img decoding=\"async\" src=\"\/blog\/public\/.ethylotest-obligatoire-carideal-mandataire-automobile_m.jpg\" alt=\"ethylotest-obligatoire-carideal-mandataire-automobile.jpg\" title=\"ethylotest-obligatoire-carideal-mandataire-automobile.jpg, janv. 2013\" \/><\/p>\n<blockquote>\n<p>S\u00e9curit\u00e9 routi\u00e8re &amp; <a href=\"\/blog\/index.php?tag\/Ethylotest\">Ethylotest<\/a><\/p>\n<\/blockquote>\n<p>En f\u00e9vrier dernier, un d\u00e9cret rendait les \u00e9thylotests obligatoires dans nos voitures. Un projet port\u00e9 \u00e0 bout de bras par une association pr\u00e9sid\u00e9e par quelqu'un qui travaille pour une entreprise qui vend... des \u00e9thylotests. Aujourd'hui, la <a href=\"\/blog\/index.php?tag\/commission%20europ%C3%A9enne\">commission europ\u00e9enne<\/a> propose d'augmenter la fr\u00e9quence du contr\u00f4le technique pour les v\u00e9hicules \u00e2g\u00e9s de 6 ans et plus. Les rapports qui l\u00e9gitimes cette r\u00e9forme ont essentiellement \u00e9t\u00e9 livr\u00e9s par une soci\u00e9t\u00e9 qui vend .... du contr\u00f4le technique. Nos technocrates seraient ils tellement \u00e0 court d'id\u00e9es qu'ils se laisseraient dicter leur politique de s\u00e9curit\u00e9 routi\u00e8re par des lobbyistes ?<br \/>\nA ce rythme, on peut imaginer qu'un groupement d'\u00e9quipementiers pondra bient\u00f4t un rapport d\u00e9montrant que si toutes les voitures \u00e9taient \u00e9quip\u00e9es de 19 airbags on pourrait sauver 2000 vies tous les ans... Plus s\u00e9rieusement, il appara\u00eet que les grands b\u00e9n\u00e9ficiaires de ces mesurettes sont aujourd'hui les industriels qui , l'\u00e9t\u00e9 prochain, boiront des cocktails sur leurs bateaux \u00e0 la sant\u00e9 des millions de consommateurs qui auront pay\u00e9s deux euros pour s'\u00e9quiper d'une paire d'\u00e9thylotests r\u00e9glementaire.<br \/>\nEt si l'impact sur le commerce est \u00e9vident, on ne conna\u00eet pas encore les effets de cette mesure sur les chiffres de la mortalit\u00e9 routi\u00e8re. Si la cause est juste et les intentions louables, il ne faut pas oublier que les victimes collat\u00e9rales de ces nouvelles r\u00e9glementations farfelues sont les automobilistes qui doivent \u00e0 chaque fois mettre la main \u00e0 la poche.<\/p>\n<p>\/ <a href=\"\/blog\/index.php?post\/2012\/03\/10\/Ethylotest-Obligatoire-calculateur-alccolemie\">Ethylotests obligatoire<\/a><\/p>\n","protected":false},"excerpt":{"rendered":"<p>S\u00e9curit\u00e9 routi\u00e8re &amp; Ethylotest En f\u00e9vrier dernier, un d\u00e9cret rendait les \u00e9thylotests obligatoires dans nos voitures. Un projet port\u00e9 \u00e0 bout de bras par une association pr\u00e9sid\u00e9e par quelqu&rsquo;un qui travaille pour une entreprise qui vend&#8230; des \u00e9thylotests. Aujourd&rsquo;hui, la commission europ\u00e9enne propose d&rsquo;augmenter la fr\u00e9quence du contr\u00f4le technique pour les v\u00e9hicules \u00e2g\u00e9s de 6 &#8230; <a title=\"Securit\u00e9 routi\u00e8re &#038; lobby = \u00e9thylotest\" class=\"read-more\" href=\"https:\/\/www.carideal.com\/blog\/2013\/01\/09\/securite-routiere-lobby-ethylotest\/\" aria-label=\"En savoir plus sur Securit\u00e9 routi\u00e8re &#038; lobby = \u00e9thylotest\">Lire plus<\/a><\/p>\n","protected":false},"author":1,"featured_media":0,"comment_status":"open","ping_status":"open","sticky":false,"template":"","format":"standard","meta":{"_uag_custom_page_level_css":"","_themeisle_gutenberg_block_has_review":false,"footnotes":""},"categories":[15],"tags":[656],"class_list":["post-1646","post","type-post","status-publish","format-standard","hentry","category-radar-et-securite-routiere","tag-commission-europeenne"],"wppr_data":[],"yoast_head":"<!-- This site is optimized with the Yoast SEO plugin v24.8.1 - https:\/\/yoast.com\/wordpress\/plugins\/seo\/ -->\n<title>Securit\u00e9 routi\u00e8re &amp; lobby = \u00e9thylotest - Blog auto Carid\u00e9al<\/title>\n<meta name=\"robots\" content=\"index, follow, max-snippet:-1, max-image-preview:large, max-video-preview:-1\" \/>\n<link rel=\"canonical\" href=\"https:\/\/www.carideal.com\/blog\/2013\/01\/09\/securite-routiere-lobby-ethylotest\/\" \/>\n<meta property=\"og:locale\" content=\"fr_FR\" \/>\n<meta property=\"og:type\" content=\"article\" \/>\n<meta property=\"og:title\" content=\"Securit\u00e9 routi\u00e8re &amp; lobby = \u00e9thylotest - Blog auto Carid\u00e9al\" \/>\n<meta property=\"og:description\" content=\"S\u00e9curit\u00e9 routi\u00e8re &amp; Ethylotest En f\u00e9vrier dernier, un d\u00e9cret rendait les \u00e9thylotests obligatoires dans nos voitures. Un projet port\u00e9 \u00e0 bout de bras par une association pr\u00e9sid\u00e9e par quelqu&#039;un qui travaille pour une entreprise qui vend... des \u00e9thylotests. Aujourd&#039;hui, la commission europ\u00e9enne propose d&#039;augmenter la fr\u00e9quence du contr\u00f4le technique pour les v\u00e9hicules \u00e2g\u00e9s de 6 ... Lire plus\" \/>\n<meta property=\"og:url\" content=\"https:\/\/www.carideal.com\/blog\/2013\/01\/09\/securite-routiere-lobby-ethylotest\/\" \/>\n<meta property=\"og:site_name\" content=\"Blog auto Carid\u00e9al\" \/>\n<meta property=\"article:publisher\" content=\"https:\/\/www.facebook.com\/Carideal.mandataire.automobile\" \/>\n<meta property=\"article:author\" content=\"https:\/\/www.facebook.com\/Carideal.mandataire.automobile\/\" \/>\n<meta property=\"article:published_time\" content=\"2013-01-09T08:55:00+00:00\" \/>\n<meta property=\"og:image\" content=\"https:\/\/www.carideal.com\/blog\/wp-content\/uploads\/2016\/03\/logo-carideal-mandataire-automobile.png\" \/>\n\t<meta property=\"og:image:width\" content=\"300\" \/>\n\t<meta property=\"og:image:height\" content=\"300\" \/>\n\t<meta property=\"og:image:type\" content=\"image\/png\" \/>\n<meta name=\"author\" content=\"N.S Carideal\" \/>\n<meta name=\"twitter:card\" content=\"summary_large_image\" \/>\n<meta name=\"twitter:creator\" content=\"@caridealauto\" \/>\n<meta name=\"twitter:site\" content=\"@caridealauto\" \/>\n<meta name=\"twitter:label1\" content=\"\u00c9crit par\" \/>\n\t<meta name=\"twitter:data1\" content=\"N.S Carideal\" \/>\n\t<meta name=\"twitter:label2\" content=\"Dur\u00e9e de lecture estim\u00e9e\" \/>\n\t<meta name=\"twitter:data2\" content=\"1 minute\" \/>\n<script type=\"application\/ld+json\" class=\"yoast-schema-graph\">{\"@context\":\"https:\/\/schema.org\",\"@graph\":[{\"@type\":\"Article\",\"@id\":\"https:\/\/www.carideal.com\/blog\/2013\/01\/09\/securite-routiere-lobby-ethylotest\/#article\",\"isPartOf\":{\"@id\":\"https:\/\/www.carideal.com\/blog\/2013\/01\/09\/securite-routiere-lobby-ethylotest\/\"},\"author\":{\"name\":\"N.S Carideal\",\"@id\":\"https:\/\/www.carideal.com\/blog\/#\/schema\/person\/985c7e757d1042d647f21bfaf8d41ebc\"},\"headline\":\"Securit\u00e9 routi\u00e8re &#038; lobby = \u00e9thylotest\",\"datePublished\":\"2013-01-09T08:55:00+00:00\",\"mainEntityOfPage\":{\"@id\":\"https:\/\/www.carideal.com\/blog\/2013\/01\/09\/securite-routiere-lobby-ethylotest\/\"},\"wordCount\":267,\"commentCount\":0,\"publisher\":{\"@id\":\"https:\/\/www.carideal.com\/blog\/#organization\"},\"keywords\":[\"commission europ\u00e9enne\"],\"articleSection\":[\"Radar et s\u00e9curit\u00e9 routi\u00e8re\"],\"inLanguage\":\"fr-FR\",\"potentialAction\":[{\"@type\":\"CommentAction\",\"name\":\"Comment\",\"target\":[\"https:\/\/www.carideal.com\/blog\/2013\/01\/09\/securite-routiere-lobby-ethylotest\/#respond\"]}]},{\"@type\":\"WebPage\",\"@id\":\"https:\/\/www.carideal.com\/blog\/2013\/01\/09\/securite-routiere-lobby-ethylotest\/\",\"url\":\"https:\/\/www.carideal.com\/blog\/2013\/01\/09\/securite-routiere-lobby-ethylotest\/\",\"name\":\"Securit\u00e9 routi\u00e8re & lobby = \u00e9thylotest - Blog auto Carid\u00e9al\",\"isPartOf\":{\"@id\":\"https:\/\/www.carideal.com\/blog\/#website\"},\"datePublished\":\"2013-01-09T08:55:00+00:00\",\"breadcrumb\":{\"@id\":\"https:\/\/www.carideal.com\/blog\/2013\/01\/09\/securite-routiere-lobby-ethylotest\/#breadcrumb\"},\"inLanguage\":\"fr-FR\",\"potentialAction\":[{\"@type\":\"ReadAction\",\"target\":[\"https:\/\/www.carideal.com\/blog\/2013\/01\/09\/securite-routiere-lobby-ethylotest\/\"]}]},{\"@type\":\"BreadcrumbList\",\"@id\":\"https:\/\/www.carideal.com\/blog\/2013\/01\/09\/securite-routiere-lobby-ethylotest\/#breadcrumb\",\"itemListElement\":[{\"@type\":\"ListItem\",\"position\":1,\"name\":\"Blog Carid\u00e9al\",\"item\":\"https:\/\/www.carideal.com\/blog\/\"},{\"@type\":\"ListItem\",\"position\":2,\"name\":\"Radar et s\u00e9curit\u00e9 routi\u00e8re\",\"item\":\"https:\/\/www.carideal.com\/blog\/radar-et-securite-routiere\/\"},{\"@type\":\"ListItem\",\"position\":3,\"name\":\"Securit\u00e9 routi\u00e8re &#038; lobby = \u00e9thylotest\"}]},{\"@type\":\"WebSite\",\"@id\":\"https:\/\/www.carideal.com\/blog\/#website\",\"url\":\"https:\/\/www.carideal.com\/blog\/\",\"name\":\"Blog auto Carid\u00e9al\",\"description\":\"Actualit\u00e9 auto par des passionn\u00e9s\",\"publisher\":{\"@id\":\"https:\/\/www.carideal.com\/blog\/#organization\"},\"potentialAction\":[{\"@type\":\"SearchAction\",\"target\":{\"@type\":\"EntryPoint\",\"urlTemplate\":\"https:\/\/www.carideal.com\/blog\/?s={search_term_string}\"},\"query-input\":{\"@type\":\"PropertyValueSpecification\",\"valueRequired\":true,\"valueName\":\"search_term_string\"}}],\"inLanguage\":\"fr-FR\"},{\"@type\":\"Organization\",\"@id\":\"https:\/\/www.carideal.com\/blog\/#organization\",\"name\":\"Carideal\",\"url\":\"https:\/\/www.carideal.com\/blog\/\",\"logo\":{\"@type\":\"ImageObject\",\"inLanguage\":\"fr-FR\",\"@id\":\"https:\/\/www.carideal.com\/blog\/#\/schema\/logo\/image\/\",\"url\":\"http:\/\/www.carideal.com\/blog\/wp-content\/uploads\/2016\/03\/logo-carideal-mandataire-automobile.png\",\"contentUrl\":\"http:\/\/www.carideal.com\/blog\/wp-content\/uploads\/2016\/03\/logo-carideal-mandataire-automobile.png\",\"width\":300,\"height\":300,\"caption\":\"Carideal\"},\"image\":{\"@id\":\"https:\/\/www.carideal.com\/blog\/#\/schema\/logo\/image\/\"},\"sameAs\":[\"https:\/\/www.facebook.com\/Carideal.mandataire.automobile\",\"https:\/\/x.com\/caridealauto\",\"https:\/\/www.instagram.com\/carideal1\/\",\"https:\/\/www.linkedin.com\/company\/carideal.com\",\"https:\/\/fr.pinterest.com\/schiavonsas\/\",\"https:\/\/www.youtube.com\/user\/caridealsas\"]},{\"@type\":\"Person\",\"@id\":\"https:\/\/www.carideal.com\/blog\/#\/schema\/person\/985c7e757d1042d647f21bfaf8d41ebc\",\"name\":\"N.S Carideal\",\"image\":{\"@type\":\"ImageObject\",\"inLanguage\":\"fr-FR\",\"@id\":\"https:\/\/www.carideal.com\/blog\/#\/schema\/person\/image\/\",\"url\":\"https:\/\/secure.gravatar.com\/avatar\/edb7ccdf1a4e3d14aef967760d354d0e?s=96&r=g\",\"contentUrl\":\"https:\/\/secure.gravatar.com\/avatar\/edb7ccdf1a4e3d14aef967760d354d0e?s=96&r=g\",\"caption\":\"N.S Carideal\"},\"description\":\"Depuis tout petit fan d'automobile. Il est question d'essayer et de comparer toutes ces voitures qui nous ont fait r\u00e9ver, avant que celles-ci ne devient uniquement des voitures de collection.\",\"sameAs\":[\"http:\/\/www.carideal.com\/blog\",\"https:\/\/www.facebook.com\/Carideal.mandataire.automobile\/\",\"https:\/\/www.linkedin.com\/in\/nschiavon\/\",\"https:\/\/www.youtube.com\/user\/caridealsas\/\"],\"url\":\"https:\/\/www.carideal.com\/blog\/author\/admin_carideal\/\"}]}<\/script>\n<!-- \/ Yoast SEO plugin. -->","yoast_head_json":{"title":"Securit\u00e9 routi\u00e8re & lobby = \u00e9thylotest - Blog auto Carid\u00e9al","robots":{"index":"index","follow":"follow","max-snippet":"max-snippet:-1","max-image-preview":"max-image-preview:large","max-video-preview":"max-video-preview:-1"},"canonical":"https:\/\/www.carideal.com\/blog\/2013\/01\/09\/securite-routiere-lobby-ethylotest\/","og_locale":"fr_FR","og_type":"article","og_title":"Securit\u00e9 routi\u00e8re & lobby = \u00e9thylotest - Blog auto Carid\u00e9al","og_description":"S\u00e9curit\u00e9 routi\u00e8re &amp; Ethylotest En f\u00e9vrier dernier, un d\u00e9cret rendait les \u00e9thylotests obligatoires dans nos voitures. Un projet port\u00e9 \u00e0 bout de bras par une association pr\u00e9sid\u00e9e par quelqu'un qui travaille pour une entreprise qui vend... des \u00e9thylotests. Aujourd'hui, la commission europ\u00e9enne propose d'augmenter la fr\u00e9quence du contr\u00f4le technique pour les v\u00e9hicules \u00e2g\u00e9s de 6 ... Lire plus","og_url":"https:\/\/www.carideal.com\/blog\/2013\/01\/09\/securite-routiere-lobby-ethylotest\/","og_site_name":"Blog auto Carid\u00e9al","article_publisher":"https:\/\/www.facebook.com\/Carideal.mandataire.automobile","article_author":"https:\/\/www.facebook.com\/Carideal.mandataire.automobile\/","article_published_time":"2013-01-09T08:55:00+00:00","og_image":[{"width":300,"height":300,"url":"https:\/\/www.carideal.com\/blog\/wp-content\/uploads\/2016\/03\/logo-carideal-mandataire-automobile.png","type":"image\/png"}],"author":"N.S Carideal","twitter_card":"summary_large_image","twitter_creator":"@caridealauto","twitter_site":"@caridealauto","twitter_misc":{"\u00c9crit par":"N.S Carideal","Dur\u00e9e de lecture estim\u00e9e":"1 minute"},"schema":{"@context":"https:\/\/schema.org","@graph":[{"@type":"Article","@id":"https:\/\/www.carideal.com\/blog\/2013\/01\/09\/securite-routiere-lobby-ethylotest\/#article","isPartOf":{"@id":"https:\/\/www.carideal.com\/blog\/2013\/01\/09\/securite-routiere-lobby-ethylotest\/"},"author":{"name":"N.S Carideal","@id":"https:\/\/www.carideal.com\/blog\/#\/schema\/person\/985c7e757d1042d647f21bfaf8d41ebc"},"headline":"Securit\u00e9 routi\u00e8re &#038; lobby = \u00e9thylotest","datePublished":"2013-01-09T08:55:00+00:00","mainEntityOfPage":{"@id":"https:\/\/www.carideal.com\/blog\/2013\/01\/09\/securite-routiere-lobby-ethylotest\/"},"wordCount":267,"commentCount":0,"publisher":{"@id":"https:\/\/www.carideal.com\/blog\/#organization"},"keywords":["commission europ\u00e9enne"],"articleSection":["Radar et s\u00e9curit\u00e9 routi\u00e8re"],"inLanguage":"fr-FR","potentialAction":[{"@type":"CommentAction","name":"Comment","target":["https:\/\/www.carideal.com\/blog\/2013\/01\/09\/securite-routiere-lobby-ethylotest\/#respond"]}]},{"@type":"WebPage","@id":"https:\/\/www.carideal.com\/blog\/2013\/01\/09\/securite-routiere-lobby-ethylotest\/","url":"https:\/\/www.carideal.com\/blog\/2013\/01\/09\/securite-routiere-lobby-ethylotest\/","name":"Securit\u00e9 routi\u00e8re & lobby = \u00e9thylotest - Blog auto Carid\u00e9al","isPartOf":{"@id":"https:\/\/www.carideal.com\/blog\/#website"},"datePublished":"2013-01-09T08:55:00+00:00","breadcrumb":{"@id":"https:\/\/www.carideal.com\/blog\/2013\/01\/09\/securite-routiere-lobby-ethylotest\/#breadcrumb"},"inLanguage":"fr-FR","potentialAction":[{"@type":"ReadAction","target":["https:\/\/www.carideal.com\/blog\/2013\/01\/09\/securite-routiere-lobby-ethylotest\/"]}]},{"@type":"BreadcrumbList","@id":"https:\/\/www.carideal.com\/blog\/2013\/01\/09\/securite-routiere-lobby-ethylotest\/#breadcrumb","itemListElement":[{"@type":"ListItem","position":1,"name":"Blog Carid\u00e9al","item":"https:\/\/www.carideal.com\/blog\/"},{"@type":"ListItem","position":2,"name":"Radar et s\u00e9curit\u00e9 routi\u00e8re","item":"https:\/\/www.carideal.com\/blog\/radar-et-securite-routiere\/"},{"@type":"ListItem","position":3,"name":"Securit\u00e9 routi\u00e8re &#038; lobby = \u00e9thylotest"}]},{"@type":"WebSite","@id":"https:\/\/www.carideal.com\/blog\/#website","url":"https:\/\/www.carideal.com\/blog\/","name":"Blog auto Carid\u00e9al","description":"Actualit\u00e9 auto par des passionn\u00e9s","publisher":{"@id":"https:\/\/www.carideal.com\/blog\/#organization"},"potentialAction":[{"@type":"SearchAction","target":{"@type":"EntryPoint","urlTemplate":"https:\/\/www.carideal.com\/blog\/?s={search_term_string}"},"query-input":{"@type":"PropertyValueSpecification","valueRequired":true,"valueName":"search_term_string"}}],"inLanguage":"fr-FR"},{"@type":"Organization","@id":"https:\/\/www.carideal.com\/blog\/#organization","name":"Carideal","url":"https:\/\/www.carideal.com\/blog\/","logo":{"@type":"ImageObject","inLanguage":"fr-FR","@id":"https:\/\/www.carideal.com\/blog\/#\/schema\/logo\/image\/","url":"http:\/\/www.carideal.com\/blog\/wp-content\/uploads\/2016\/03\/logo-carideal-mandataire-automobile.png","contentUrl":"http:\/\/www.carideal.com\/blog\/wp-content\/uploads\/2016\/03\/logo-carideal-mandataire-automobile.png","width":300,"height":300,"caption":"Carideal"},"image":{"@id":"https:\/\/www.carideal.com\/blog\/#\/schema\/logo\/image\/"},"sameAs":["https:\/\/www.facebook.com\/Carideal.mandataire.automobile","https:\/\/x.com\/caridealauto","https:\/\/www.instagram.com\/carideal1\/","https:\/\/www.linkedin.com\/company\/carideal.com","https:\/\/fr.pinterest.com\/schiavonsas\/","https:\/\/www.youtube.com\/user\/caridealsas"]},{"@type":"Person","@id":"https:\/\/www.carideal.com\/blog\/#\/schema\/person\/985c7e757d1042d647f21bfaf8d41ebc","name":"N.S Carideal","image":{"@type":"ImageObject","inLanguage":"fr-FR","@id":"https:\/\/www.carideal.com\/blog\/#\/schema\/person\/image\/","url":"https:\/\/secure.gravatar.com\/avatar\/edb7ccdf1a4e3d14aef967760d354d0e?s=96&r=g","contentUrl":"https:\/\/secure.gravatar.com\/avatar\/edb7ccdf1a4e3d14aef967760d354d0e?s=96&r=g","caption":"N.S Carideal"},"description":"Depuis tout petit fan d'automobile. Il est question d'essayer et de comparer toutes ces voitures qui nous ont fait r\u00e9ver, avant que celles-ci ne devient uniquement des voitures de collection.","sameAs":["http:\/\/www.carideal.com\/blog","https:\/\/www.facebook.com\/Carideal.mandataire.automobile\/","https:\/\/www.linkedin.com\/in\/nschiavon\/","https:\/\/www.youtube.com\/user\/caridealsas\/"],"url":"https:\/\/www.carideal.com\/blog\/author\/admin_carideal\/"}]}},"uagb_featured_image_src":{"full":false,"thumbnail":false,"medium":false,"medium_large":false,"large":false,"1536x1536":false,"2048x2048":false,"wppr-widget":false},"uagb_author_info":{"display_name":"N.S Carideal","author_link":"https:\/\/www.carideal.com\/blog\/author\/admin_carideal\/"},"uagb_comment_info":0,"uagb_excerpt":"S\u00e9curit\u00e9 routi\u00e8re &amp; Ethylotest En f\u00e9vrier dernier, un d\u00e9cret rendait les \u00e9thylotests obligatoires dans nos voitures. Un projet port\u00e9 \u00e0 bout de bras par une association pr\u00e9sid\u00e9e par quelqu'un qui travaille pour une entreprise qui vend... des \u00e9thylotests. Aujourd'hui, la commission europ\u00e9enne propose d'augmenter la fr\u00e9quence du contr\u00f4le technique pour les v\u00e9hicules \u00e2g\u00e9s de 6\u2026","_links":{"self":[{"href":"https:\/\/www.carideal.com\/blog\/wp-json\/wp\/v2\/posts\/1646"}],"collection":[{"href":"https:\/\/www.carideal.com\/blog\/wp-json\/wp\/v2\/posts"}],"about":[{"href":"https:\/\/www.carideal.com\/blog\/wp-json\/wp\/v2\/types\/post"}],"author":[{"embeddable":true,"href":"https:\/\/www.carideal.com\/blog\/wp-json\/wp\/v2\/users\/1"}],"replies":[{"embeddable":true,"href":"https:\/\/www.carideal.com\/blog\/wp-json\/wp\/v2\/comments?post=1646"}],"version-history":[{"count":0,"href":"https:\/\/www.carideal.com\/blog\/wp-json\/wp\/v2\/posts\/1646\/revisions"}],"wp:attachment":[{"href":"https:\/\/www.carideal.com\/blog\/wp-json\/wp\/v2\/media?parent=1646"}],"wp:term":[{"taxonomy":"category","embeddable":true,"href":"https:\/\/www.carideal.com\/blog\/wp-json\/wp\/v2\/categories?post=1646"},{"taxonomy":"post_tag","embeddable":true,"href":"https:\/\/www.carideal.com\/blog\/wp-json\/wp\/v2\/tags?post=1646"}],"curies":[{"name":"wp","href":"https:\/\/api.w.org\/{rel}","templated":true}]}}