{"id":1643,"date":"2012-12-27T11:26:00","date_gmt":"2012-12-27T11:26:00","guid":{"rendered":"http:\/\/carideal.com\/blog\/?p=1643"},"modified":"2021-03-09T09:23:50","modified_gmt":"2021-03-09T08:23:50","slug":"securite-routiere-depense-utile","status":"publish","type":"post","link":"https:\/\/www.carideal.com\/blog\/2012\/12\/27\/securite-routiere-depense-utile\/","title":{"rendered":"Securit\u00e9 routi\u00e8re d\u00e9pense utile ?"},"content":{"rendered":"<p><img decoding=\"async\" src=\"\/blog\/public\/.Euro-NCAP-logo-carideal_m.jpg\" alt=\"Euro-NCAP-logo-carideal.jpg\" title=\"Euro-NCAP-logo-carideal.jpg, d\u00e9c. 2012\" \/><\/p>\n<blockquote><p>Plus de s\u00e9curit\u00e9 routi\u00e8re gr\u00e2ce \u00e0 l'EURO NCAP<\/p>\n<\/blockquote>\n<p>Dans le discours de la s\u00e9curit\u00e9 routi\u00e8re, tout du moins en ce qui concerne le nombre de morts sur nos routes, on assiste le plus souvent \u00e0 une lecture simpliste des chiffres bruts, ne tenant compte ni de la m\u00e9t\u00e9o ou du nombre de kilom\u00e8tres parcouru au total par l'ensemble des v\u00e9hicules ayant circul\u00e9 sur notre r\u00e9seau routier. Cette donn\u00e9e, qui reste tout de m\u00eame la plus r\u00e9v\u00e9latrice de la bienfaisance des mesures en place, mais qui n'est pas exploitable sans \u00eatre pond\u00e9r\u00e9e, donne n\u00e9anmoins lieu \u00e0 toutes les analyses, plus ou moins justes. Et si la tendance baissi\u00e8re de ces derni\u00e8res ann\u00e9es est palpable, il est exacte que la route n'a jamais si peu tu\u00e9 dans l'hexagone, certains diront peut \u00eatre un peu vite que c'est gr\u00e2ce \u00e0 la mise en place de nombreux radars automatiques, d'autres parleront d'une prise  de conscience collective, mais peu mettront en avant la qualit\u00e9 de notre ing\u00e9nierie automobile, qui d\u00e9ploie toutes ses forces \u00e0 d\u00e9velopper des \u00e9quipements de s\u00e9curit\u00e9 active comme passive. <br \/>\nPar ailleurs, peu-\u00eatre que sans les crit\u00e8res EURO NCAP, il en aurait \u00e9t\u00e9 autrement. Car si la s\u00e9curit\u00e9 routi\u00e8re est l'affaire de tous, aucun constructeur de renom, ne peut par ailleurs se permettre de mettre \u00e0 la route autre chose que des v\u00e9hicules ayant re\u00e7u 4 ou 5 \u00e9toiles au <a href=\"\/blog\/index.php?tag\/crash-test\">crash-test<\/a>. Il convient alors de reconna\u00eetre que les r\u00e8gles de cet organisme belge, qui vont encore se durcir, ont contribu\u00e9 \u00e0 l'am\u00e9lioration de notre s\u00e9curit\u00e9, en incitant les constructeurs et \u00e9quipementiers \u00e0 d\u00e9velopper des technologies d'absorption d'\u00e9nergie et de protection des passagers comme des pi\u00e9tons afin d'obtenir les meilleurs notes. Bien s\u00fbr, au final, c'est toujours le consommateur qui paye la facture, mais pour une fois c'est pour la bonne cause !<\/p>\n<p><iframe loading=\"lazy\" width=\"640\" height=\"360\" src=\"http:\/\/www.youtube.com\/embed\/BETEKfJIKWs?list=PL036AEDDC06C5C84B\" frameborder=\"0\" allowfullscreen><\/iframe><\/p>\n<p><\/p>\n<p><iframe loading=\"lazy\" width=\"480\" height=\"360\" src=\"http:\/\/www.youtube.com\/embed\/eX8kqvUNnJ4\" frameborder=\"0\" allowfullscreen><\/iframe><\/p>\n<blockquote><p>La Toyota Aygo de 2012 qui n'a que 3*...<\/p>\n<\/blockquote>\n<p><\/p>\n<p><iframe loading=\"lazy\" width=\"480\" height=\"360\" src=\"http:\/\/www.youtube.com\/embed\/yIEjWifBwo8\" frameborder=\"0\" allowfullscreen><\/iframe><\/p>\n<blockquote><p>Le Dacia Lodgy ne fait gu\u00e8re mieux&nbsp;!<\/p>\n<\/blockquote>\n<p><iframe loading=\"lazy\" width=\"480\" height=\"360\" src=\"http:\/\/www.youtube.com\/embed\/5XHQNjeIi2w\" frameborder=\"0\" allowfullscreen><\/iframe><\/p>\n<blockquote>\n<p>Le Range Rover 2012 avec ses 5* on remarque de suite la diff\u00e9rence de protection des passagers&nbsp;!<\/p>\n<\/blockquote>\n<p><a href=\"https:\/\/www.euroncap.com\/fr\" hreflang=\"fr\">http:\/\/fr.euroncap.com\/home_fr.aspx<\/a><\/p>\n","protected":false},"excerpt":{"rendered":"<p>Plus de s\u00e9curit\u00e9 routi\u00e8re gr\u00e2ce \u00e0 l&rsquo;EURO NCAP Dans le discours de la s\u00e9curit\u00e9 routi\u00e8re, tout du moins en ce qui concerne le nombre de morts sur nos routes, on assiste le plus souvent \u00e0 une lecture simpliste des chiffres bruts, ne tenant compte ni de la m\u00e9t\u00e9o ou du nombre de kilom\u00e8tres parcouru au &#8230; <a title=\"Securit\u00e9 routi\u00e8re d\u00e9pense utile ?\" class=\"read-more\" href=\"https:\/\/www.carideal.com\/blog\/2012\/12\/27\/securite-routiere-depense-utile\/\" aria-label=\"En savoir plus sur Securit\u00e9 routi\u00e8re d\u00e9pense utile ?\">Lire plus<\/a><\/p>\n","protected":false},"author":1,"featured_media":0,"comment_status":"open","ping_status":"open","sticky":false,"template":"","format":"standard","meta":{"_uag_custom_page_level_css":"","_themeisle_gutenberg_block_has_review":false,"footnotes":""},"categories":[15],"tags":[3585],"class_list":["post-1643","post","type-post","status-publish","format-standard","hentry","category-radar-et-securite-routiere","tag-euro-ncap"],"wppr_data":[],"yoast_head":"<!-- This site is optimized with the Yoast SEO plugin v24.8.1 - https:\/\/yoast.com\/wordpress\/plugins\/seo\/ -->\n<title>Securit\u00e9 routi\u00e8re d\u00e9pense utile ? - Blog auto Carid\u00e9al<\/title>\n<meta name=\"robots\" content=\"index, follow, max-snippet:-1, max-image-preview:large, max-video-preview:-1\" \/>\n<link rel=\"canonical\" href=\"https:\/\/www.carideal.com\/blog\/2012\/12\/27\/securite-routiere-depense-utile\/\" \/>\n<meta property=\"og:locale\" content=\"fr_FR\" \/>\n<meta property=\"og:type\" content=\"article\" \/>\n<meta property=\"og:title\" content=\"Securit\u00e9 routi\u00e8re d\u00e9pense utile ? - Blog auto Carid\u00e9al\" \/>\n<meta property=\"og:description\" content=\"Plus de s\u00e9curit\u00e9 routi\u00e8re gr\u00e2ce \u00e0 l&#039;EURO NCAP Dans le discours de la s\u00e9curit\u00e9 routi\u00e8re, tout du moins en ce qui concerne le nombre de morts sur nos routes, on assiste le plus souvent \u00e0 une lecture simpliste des chiffres bruts, ne tenant compte ni de la m\u00e9t\u00e9o ou du nombre de kilom\u00e8tres parcouru au ... Lire plus\" \/>\n<meta property=\"og:url\" content=\"https:\/\/www.carideal.com\/blog\/2012\/12\/27\/securite-routiere-depense-utile\/\" \/>\n<meta property=\"og:site_name\" content=\"Blog auto Carid\u00e9al\" \/>\n<meta property=\"article:publisher\" content=\"https:\/\/www.facebook.com\/Carideal.mandataire.automobile\" \/>\n<meta property=\"article:author\" content=\"https:\/\/www.facebook.com\/Carideal.mandataire.automobile\/\" \/>\n<meta property=\"article:published_time\" content=\"2012-12-27T11:26:00+00:00\" \/>\n<meta property=\"article:modified_time\" content=\"2021-03-09T08:23:50+00:00\" \/>\n<meta property=\"og:image\" content=\"https:\/\/www.carideal.com\/blog\/wp-content\/uploads\/2016\/03\/logo-carideal-mandataire-automobile.png\" \/>\n\t<meta property=\"og:image:width\" content=\"300\" \/>\n\t<meta property=\"og:image:height\" content=\"300\" \/>\n\t<meta property=\"og:image:type\" content=\"image\/png\" \/>\n<meta name=\"author\" content=\"N.S Carideal\" \/>\n<meta name=\"twitter:card\" content=\"summary_large_image\" \/>\n<meta name=\"twitter:creator\" content=\"@caridealauto\" \/>\n<meta name=\"twitter:site\" content=\"@caridealauto\" \/>\n<meta name=\"twitter:label1\" content=\"\u00c9crit par\" \/>\n\t<meta name=\"twitter:data1\" content=\"N.S Carideal\" \/>\n\t<meta name=\"twitter:label2\" content=\"Dur\u00e9e de lecture estim\u00e9e\" \/>\n\t<meta name=\"twitter:data2\" content=\"2 minutes\" \/>\n<script type=\"application\/ld+json\" class=\"yoast-schema-graph\">{\"@context\":\"https:\/\/schema.org\",\"@graph\":[{\"@type\":\"Article\",\"@id\":\"https:\/\/www.carideal.com\/blog\/2012\/12\/27\/securite-routiere-depense-utile\/#article\",\"isPartOf\":{\"@id\":\"https:\/\/www.carideal.com\/blog\/2012\/12\/27\/securite-routiere-depense-utile\/\"},\"author\":{\"name\":\"N.S Carideal\",\"@id\":\"https:\/\/www.carideal.com\/blog\/#\/schema\/person\/985c7e757d1042d647f21bfaf8d41ebc\"},\"headline\":\"Securit\u00e9 routi\u00e8re d\u00e9pense utile ?\",\"datePublished\":\"2012-12-27T11:26:00+00:00\",\"dateModified\":\"2021-03-09T08:23:50+00:00\",\"mainEntityOfPage\":{\"@id\":\"https:\/\/www.carideal.com\/blog\/2012\/12\/27\/securite-routiere-depense-utile\/\"},\"wordCount\":373,\"commentCount\":0,\"publisher\":{\"@id\":\"https:\/\/www.carideal.com\/blog\/#organization\"},\"keywords\":[\"Euro-NCAP\"],\"articleSection\":[\"Radar et s\u00e9curit\u00e9 routi\u00e8re\"],\"inLanguage\":\"fr-FR\",\"potentialAction\":[{\"@type\":\"CommentAction\",\"name\":\"Comment\",\"target\":[\"https:\/\/www.carideal.com\/blog\/2012\/12\/27\/securite-routiere-depense-utile\/#respond\"]}]},{\"@type\":\"WebPage\",\"@id\":\"https:\/\/www.carideal.com\/blog\/2012\/12\/27\/securite-routiere-depense-utile\/\",\"url\":\"https:\/\/www.carideal.com\/blog\/2012\/12\/27\/securite-routiere-depense-utile\/\",\"name\":\"Securit\u00e9 routi\u00e8re d\u00e9pense utile ? - Blog auto Carid\u00e9al\",\"isPartOf\":{\"@id\":\"https:\/\/www.carideal.com\/blog\/#website\"},\"datePublished\":\"2012-12-27T11:26:00+00:00\",\"dateModified\":\"2021-03-09T08:23:50+00:00\",\"breadcrumb\":{\"@id\":\"https:\/\/www.carideal.com\/blog\/2012\/12\/27\/securite-routiere-depense-utile\/#breadcrumb\"},\"inLanguage\":\"fr-FR\",\"potentialAction\":[{\"@type\":\"ReadAction\",\"target\":[\"https:\/\/www.carideal.com\/blog\/2012\/12\/27\/securite-routiere-depense-utile\/\"]}]},{\"@type\":\"BreadcrumbList\",\"@id\":\"https:\/\/www.carideal.com\/blog\/2012\/12\/27\/securite-routiere-depense-utile\/#breadcrumb\",\"itemListElement\":[{\"@type\":\"ListItem\",\"position\":1,\"name\":\"Blog Carid\u00e9al\",\"item\":\"https:\/\/www.carideal.com\/blog\/\"},{\"@type\":\"ListItem\",\"position\":2,\"name\":\"Radar et s\u00e9curit\u00e9 routi\u00e8re\",\"item\":\"https:\/\/www.carideal.com\/blog\/radar-et-securite-routiere\/\"},{\"@type\":\"ListItem\",\"position\":3,\"name\":\"Securit\u00e9 routi\u00e8re d\u00e9pense utile ?\"}]},{\"@type\":\"WebSite\",\"@id\":\"https:\/\/www.carideal.com\/blog\/#website\",\"url\":\"https:\/\/www.carideal.com\/blog\/\",\"name\":\"Blog auto Carid\u00e9al\",\"description\":\"Actualit\u00e9 auto par des passionn\u00e9s\",\"publisher\":{\"@id\":\"https:\/\/www.carideal.com\/blog\/#organization\"},\"potentialAction\":[{\"@type\":\"SearchAction\",\"target\":{\"@type\":\"EntryPoint\",\"urlTemplate\":\"https:\/\/www.carideal.com\/blog\/?s={search_term_string}\"},\"query-input\":{\"@type\":\"PropertyValueSpecification\",\"valueRequired\":true,\"valueName\":\"search_term_string\"}}],\"inLanguage\":\"fr-FR\"},{\"@type\":\"Organization\",\"@id\":\"https:\/\/www.carideal.com\/blog\/#organization\",\"name\":\"Carideal\",\"url\":\"https:\/\/www.carideal.com\/blog\/\",\"logo\":{\"@type\":\"ImageObject\",\"inLanguage\":\"fr-FR\",\"@id\":\"https:\/\/www.carideal.com\/blog\/#\/schema\/logo\/image\/\",\"url\":\"http:\/\/www.carideal.com\/blog\/wp-content\/uploads\/2016\/03\/logo-carideal-mandataire-automobile.png\",\"contentUrl\":\"http:\/\/www.carideal.com\/blog\/wp-content\/uploads\/2016\/03\/logo-carideal-mandataire-automobile.png\",\"width\":300,\"height\":300,\"caption\":\"Carideal\"},\"image\":{\"@id\":\"https:\/\/www.carideal.com\/blog\/#\/schema\/logo\/image\/\"},\"sameAs\":[\"https:\/\/www.facebook.com\/Carideal.mandataire.automobile\",\"https:\/\/x.com\/caridealauto\",\"https:\/\/www.instagram.com\/carideal1\/\",\"https:\/\/www.linkedin.com\/company\/carideal.com\",\"https:\/\/fr.pinterest.com\/schiavonsas\/\",\"https:\/\/www.youtube.com\/user\/caridealsas\"]},{\"@type\":\"Person\",\"@id\":\"https:\/\/www.carideal.com\/blog\/#\/schema\/person\/985c7e757d1042d647f21bfaf8d41ebc\",\"name\":\"N.S Carideal\",\"image\":{\"@type\":\"ImageObject\",\"inLanguage\":\"fr-FR\",\"@id\":\"https:\/\/www.carideal.com\/blog\/#\/schema\/person\/image\/\",\"url\":\"https:\/\/secure.gravatar.com\/avatar\/edb7ccdf1a4e3d14aef967760d354d0e?s=96&r=g\",\"contentUrl\":\"https:\/\/secure.gravatar.com\/avatar\/edb7ccdf1a4e3d14aef967760d354d0e?s=96&r=g\",\"caption\":\"N.S Carideal\"},\"description\":\"Depuis tout petit fan d'automobile. Il est question d'essayer et de comparer toutes ces voitures qui nous ont fait r\u00e9ver, avant que celles-ci ne devient uniquement des voitures de collection.\",\"sameAs\":[\"http:\/\/www.carideal.com\/blog\",\"https:\/\/www.facebook.com\/Carideal.mandataire.automobile\/\",\"https:\/\/www.linkedin.com\/in\/nschiavon\/\",\"https:\/\/www.youtube.com\/user\/caridealsas\/\"],\"url\":\"https:\/\/www.carideal.com\/blog\/author\/admin_carideal\/\"}]}<\/script>\n<!-- \/ Yoast SEO plugin. -->","yoast_head_json":{"title":"Securit\u00e9 routi\u00e8re d\u00e9pense utile ? - Blog auto Carid\u00e9al","robots":{"index":"index","follow":"follow","max-snippet":"max-snippet:-1","max-image-preview":"max-image-preview:large","max-video-preview":"max-video-preview:-1"},"canonical":"https:\/\/www.carideal.com\/blog\/2012\/12\/27\/securite-routiere-depense-utile\/","og_locale":"fr_FR","og_type":"article","og_title":"Securit\u00e9 routi\u00e8re d\u00e9pense utile ? - Blog auto Carid\u00e9al","og_description":"Plus de s\u00e9curit\u00e9 routi\u00e8re gr\u00e2ce \u00e0 l'EURO NCAP Dans le discours de la s\u00e9curit\u00e9 routi\u00e8re, tout du moins en ce qui concerne le nombre de morts sur nos routes, on assiste le plus souvent \u00e0 une lecture simpliste des chiffres bruts, ne tenant compte ni de la m\u00e9t\u00e9o ou du nombre de kilom\u00e8tres parcouru au ... Lire plus","og_url":"https:\/\/www.carideal.com\/blog\/2012\/12\/27\/securite-routiere-depense-utile\/","og_site_name":"Blog auto Carid\u00e9al","article_publisher":"https:\/\/www.facebook.com\/Carideal.mandataire.automobile","article_author":"https:\/\/www.facebook.com\/Carideal.mandataire.automobile\/","article_published_time":"2012-12-27T11:26:00+00:00","article_modified_time":"2021-03-09T08:23:50+00:00","og_image":[{"width":300,"height":300,"url":"https:\/\/www.carideal.com\/blog\/wp-content\/uploads\/2016\/03\/logo-carideal-mandataire-automobile.png","type":"image\/png"}],"author":"N.S Carideal","twitter_card":"summary_large_image","twitter_creator":"@caridealauto","twitter_site":"@caridealauto","twitter_misc":{"\u00c9crit par":"N.S Carideal","Dur\u00e9e de lecture estim\u00e9e":"2 minutes"},"schema":{"@context":"https:\/\/schema.org","@graph":[{"@type":"Article","@id":"https:\/\/www.carideal.com\/blog\/2012\/12\/27\/securite-routiere-depense-utile\/#article","isPartOf":{"@id":"https:\/\/www.carideal.com\/blog\/2012\/12\/27\/securite-routiere-depense-utile\/"},"author":{"name":"N.S Carideal","@id":"https:\/\/www.carideal.com\/blog\/#\/schema\/person\/985c7e757d1042d647f21bfaf8d41ebc"},"headline":"Securit\u00e9 routi\u00e8re d\u00e9pense utile ?","datePublished":"2012-12-27T11:26:00+00:00","dateModified":"2021-03-09T08:23:50+00:00","mainEntityOfPage":{"@id":"https:\/\/www.carideal.com\/blog\/2012\/12\/27\/securite-routiere-depense-utile\/"},"wordCount":373,"commentCount":0,"publisher":{"@id":"https:\/\/www.carideal.com\/blog\/#organization"},"keywords":["Euro-NCAP"],"articleSection":["Radar et s\u00e9curit\u00e9 routi\u00e8re"],"inLanguage":"fr-FR","potentialAction":[{"@type":"CommentAction","name":"Comment","target":["https:\/\/www.carideal.com\/blog\/2012\/12\/27\/securite-routiere-depense-utile\/#respond"]}]},{"@type":"WebPage","@id":"https:\/\/www.carideal.com\/blog\/2012\/12\/27\/securite-routiere-depense-utile\/","url":"https:\/\/www.carideal.com\/blog\/2012\/12\/27\/securite-routiere-depense-utile\/","name":"Securit\u00e9 routi\u00e8re d\u00e9pense utile ? - Blog auto Carid\u00e9al","isPartOf":{"@id":"https:\/\/www.carideal.com\/blog\/#website"},"datePublished":"2012-12-27T11:26:00+00:00","dateModified":"2021-03-09T08:23:50+00:00","breadcrumb":{"@id":"https:\/\/www.carideal.com\/blog\/2012\/12\/27\/securite-routiere-depense-utile\/#breadcrumb"},"inLanguage":"fr-FR","potentialAction":[{"@type":"ReadAction","target":["https:\/\/www.carideal.com\/blog\/2012\/12\/27\/securite-routiere-depense-utile\/"]}]},{"@type":"BreadcrumbList","@id":"https:\/\/www.carideal.com\/blog\/2012\/12\/27\/securite-routiere-depense-utile\/#breadcrumb","itemListElement":[{"@type":"ListItem","position":1,"name":"Blog Carid\u00e9al","item":"https:\/\/www.carideal.com\/blog\/"},{"@type":"ListItem","position":2,"name":"Radar et s\u00e9curit\u00e9 routi\u00e8re","item":"https:\/\/www.carideal.com\/blog\/radar-et-securite-routiere\/"},{"@type":"ListItem","position":3,"name":"Securit\u00e9 routi\u00e8re d\u00e9pense utile ?"}]},{"@type":"WebSite","@id":"https:\/\/www.carideal.com\/blog\/#website","url":"https:\/\/www.carideal.com\/blog\/","name":"Blog auto Carid\u00e9al","description":"Actualit\u00e9 auto par des passionn\u00e9s","publisher":{"@id":"https:\/\/www.carideal.com\/blog\/#organization"},"potentialAction":[{"@type":"SearchAction","target":{"@type":"EntryPoint","urlTemplate":"https:\/\/www.carideal.com\/blog\/?s={search_term_string}"},"query-input":{"@type":"PropertyValueSpecification","valueRequired":true,"valueName":"search_term_string"}}],"inLanguage":"fr-FR"},{"@type":"Organization","@id":"https:\/\/www.carideal.com\/blog\/#organization","name":"Carideal","url":"https:\/\/www.carideal.com\/blog\/","logo":{"@type":"ImageObject","inLanguage":"fr-FR","@id":"https:\/\/www.carideal.com\/blog\/#\/schema\/logo\/image\/","url":"http:\/\/www.carideal.com\/blog\/wp-content\/uploads\/2016\/03\/logo-carideal-mandataire-automobile.png","contentUrl":"http:\/\/www.carideal.com\/blog\/wp-content\/uploads\/2016\/03\/logo-carideal-mandataire-automobile.png","width":300,"height":300,"caption":"Carideal"},"image":{"@id":"https:\/\/www.carideal.com\/blog\/#\/schema\/logo\/image\/"},"sameAs":["https:\/\/www.facebook.com\/Carideal.mandataire.automobile","https:\/\/x.com\/caridealauto","https:\/\/www.instagram.com\/carideal1\/","https:\/\/www.linkedin.com\/company\/carideal.com","https:\/\/fr.pinterest.com\/schiavonsas\/","https:\/\/www.youtube.com\/user\/caridealsas"]},{"@type":"Person","@id":"https:\/\/www.carideal.com\/blog\/#\/schema\/person\/985c7e757d1042d647f21bfaf8d41ebc","name":"N.S Carideal","image":{"@type":"ImageObject","inLanguage":"fr-FR","@id":"https:\/\/www.carideal.com\/blog\/#\/schema\/person\/image\/","url":"https:\/\/secure.gravatar.com\/avatar\/edb7ccdf1a4e3d14aef967760d354d0e?s=96&r=g","contentUrl":"https:\/\/secure.gravatar.com\/avatar\/edb7ccdf1a4e3d14aef967760d354d0e?s=96&r=g","caption":"N.S Carideal"},"description":"Depuis tout petit fan d'automobile. Il est question d'essayer et de comparer toutes ces voitures qui nous ont fait r\u00e9ver, avant que celles-ci ne devient uniquement des voitures de collection.","sameAs":["http:\/\/www.carideal.com\/blog","https:\/\/www.facebook.com\/Carideal.mandataire.automobile\/","https:\/\/www.linkedin.com\/in\/nschiavon\/","https:\/\/www.youtube.com\/user\/caridealsas\/"],"url":"https:\/\/www.carideal.com\/blog\/author\/admin_carideal\/"}]}},"uagb_featured_image_src":{"full":false,"thumbnail":false,"medium":false,"medium_large":false,"large":false,"1536x1536":false,"2048x2048":false,"wppr-widget":false},"uagb_author_info":{"display_name":"N.S Carideal","author_link":"https:\/\/www.carideal.com\/blog\/author\/admin_carideal\/"},"uagb_comment_info":0,"uagb_excerpt":"Plus de s\u00e9curit\u00e9 routi\u00e8re gr\u00e2ce \u00e0 l'EURO NCAP Dans le discours de la s\u00e9curit\u00e9 routi\u00e8re, tout du moins en ce qui concerne le nombre de morts sur nos routes, on assiste le plus souvent \u00e0 une lecture simpliste des chiffres bruts, ne tenant compte ni de la m\u00e9t\u00e9o ou du nombre de kilom\u00e8tres parcouru au\u2026","_links":{"self":[{"href":"https:\/\/www.carideal.com\/blog\/wp-json\/wp\/v2\/posts\/1643"}],"collection":[{"href":"https:\/\/www.carideal.com\/blog\/wp-json\/wp\/v2\/posts"}],"about":[{"href":"https:\/\/www.carideal.com\/blog\/wp-json\/wp\/v2\/types\/post"}],"author":[{"embeddable":true,"href":"https:\/\/www.carideal.com\/blog\/wp-json\/wp\/v2\/users\/1"}],"replies":[{"embeddable":true,"href":"https:\/\/www.carideal.com\/blog\/wp-json\/wp\/v2\/comments?post=1643"}],"version-history":[{"count":0,"href":"https:\/\/www.carideal.com\/blog\/wp-json\/wp\/v2\/posts\/1643\/revisions"}],"wp:attachment":[{"href":"https:\/\/www.carideal.com\/blog\/wp-json\/wp\/v2\/media?parent=1643"}],"wp:term":[{"taxonomy":"category","embeddable":true,"href":"https:\/\/www.carideal.com\/blog\/wp-json\/wp\/v2\/categories?post=1643"},{"taxonomy":"post_tag","embeddable":true,"href":"https:\/\/www.carideal.com\/blog\/wp-json\/wp\/v2\/tags?post=1643"}],"curies":[{"name":"wp","href":"https:\/\/api.w.org\/{rel}","templated":true}]}}