{"id":1641,"date":"2012-12-11T08:58:00","date_gmt":"2012-12-11T08:58:00","guid":{"rendered":"http:\/\/carideal.com\/blog\/?p=1641"},"modified":"2012-12-11T08:58:00","modified_gmt":"2012-12-11T08:58:00","slug":"infraction-sur-la-route-en-hausse","status":"publish","type":"post","link":"https:\/\/www.carideal.com\/blog\/2012\/12\/11\/infraction-sur-la-route-en-hausse\/","title":{"rendered":"Infraction sur la route en hausse"},"content":{"rendered":"<p><img decoding=\"async\" src=\"\/blog\/public\/.infractions-routiere_m.jpg\" alt=\"infractions-routiere.jpg\" title=\"infractions-routiere.jpg, d\u00e9c. 2012\" \/><\/p>\n<p>Plus de contraventions, plus de d\u00e9lits, plus de points retir\u00e9s. En 2011 les forces de l'ordre ont en fait plus: +4.5 % infractions relev\u00e9es par la gendarmerie et la police nationale par rapport \u00e0 2010, avec un volume de 23 435 884 proc\u00e8s verbaux. La grande majorit\u00e9 de ces<a href=\"\/blog\/index.php?tag\/infractions\"> infractions<\/a> est le fait de <a href=\"\/blog\/index.php?tag\/contravention\">contravention<\/a> ( 22 863 068, +4.5%), mais les d\u00e9lits \u00e9voluent eux aussi, de 3.7%. La source majeur de l'inqui\u00e9tude provient de l'<a href=\"\/blog\/index.php?tag\/alcool%C3%A9mie%20d%C3%A9lictuelle\">alcool\u00e9mie d\u00e9lictuelle<\/a> c'est \u00e0 dire celle sup\u00e9rieur \u00e0 celle de 0.8 g d'alcool par litre de sang. Elle augmente de 2.6% en 2011 alors qu'elle avait baiss\u00e9 l'an dernier: 171 672 personnes ont \u00e9t\u00e9 prise sur le fait l'an dernier, tandis que l'infraction contraventionnelle \u00e0 l'alcool\u00e9mie a elle progress\u00e9 de 14.3% avec 118 622 cas recens\u00e9s. Afin d'expliquer en partie cette augmentation de conducteurs ivres, le rapport du <a href=\"\/blog\/index.php?tag\/minist%C3%A8re%20de%20l%20Int%C3%A9rieur\">minist\u00e8re de l'Int\u00e9rieur<\/a> fait \u00e9tat d'une hausse de 2,4% du nombre de d\u00e9pistages. L'alcool repr\u00e9sente d\u00e9sormais 30% des d\u00e9lits routiers. La vitesse demeure bien s\u00fbr l'autre infraction qui se \"porte bien\"&nbsp;: +5% d'<a href=\"\/blog\/index.php?tag\/exc%C3%A8s%20de%20vitesse\">exc\u00e8s de vitesse<\/a> hors radars automatiques, +7% pour ceux qui ont \u00e9t\u00e9 immortalis\u00e9s par un radar. Parmi les fortes progressions, \u00e0 signaler aussi la <a href=\"\/blog\/index.php?tag\/conduite%20sans%20permis\">conduite sans permis<\/a>(+5%), le <a href=\"\/blog\/index.php?tag\/d%C3%A9faut%20d%20assurance\">d\u00e9faut d'assurance<\/a> (+8%) et le d\u00e9lit d'<a href=\"\/blog\/index.php?tag\/usage%20de%20fausses%20plaques%20d%20immatriculation\">usage de fausses plaques d'immatriculation<\/a>, qui grimpe de 49,5%&nbsp;!<\/p>\n<p>Le nombre de points retir\u00e9s en 2011 a \u00e9t\u00e9 de 12 096 911, soit une hausse de 19,3%. Le nombre de permis au solde nul (85067) est quasiment stable par rapport \u00e0 2010 (-0,7%).<\/p>\n","protected":false},"excerpt":{"rendered":"<p>Plus de contraventions, plus de d\u00e9lits, plus de points retir\u00e9s. En 2011 les forces de l&rsquo;ordre ont en fait plus: +4.5 % infractions relev\u00e9es par la gendarmerie et la police nationale par rapport \u00e0 2010, avec un volume de 23 435 884 proc\u00e8s verbaux. La grande majorit\u00e9 de ces infractions est le fait de contravention &#8230; <a title=\"Infraction sur la route en hausse\" class=\"read-more\" href=\"https:\/\/www.carideal.com\/blog\/2012\/12\/11\/infraction-sur-la-route-en-hausse\/\" aria-label=\"En savoir plus sur Infraction sur la route en hausse\">Lire plus<\/a><\/p>\n","protected":false},"author":1,"featured_media":0,"comment_status":"open","ping_status":"open","sticky":false,"template":"","format":"standard","meta":{"_uag_custom_page_level_css":"","_themeisle_gutenberg_block_has_review":false,"footnotes":""},"categories":[15],"tags":[],"class_list":["post-1641","post","type-post","status-publish","format-standard","hentry","category-radar-et-securite-routiere"],"wppr_data":[],"yoast_head":"<!-- This site is optimized with the Yoast SEO plugin v24.8.1 - https:\/\/yoast.com\/wordpress\/plugins\/seo\/ -->\n<title>Infraction sur la route en hausse - Blog auto Carid\u00e9al<\/title>\n<meta name=\"robots\" content=\"index, follow, max-snippet:-1, max-image-preview:large, max-video-preview:-1\" \/>\n<link rel=\"canonical\" href=\"https:\/\/www.carideal.com\/blog\/2012\/12\/11\/infraction-sur-la-route-en-hausse\/\" \/>\n<meta property=\"og:locale\" content=\"fr_FR\" \/>\n<meta property=\"og:type\" content=\"article\" \/>\n<meta property=\"og:title\" content=\"Infraction sur la route en hausse - Blog auto Carid\u00e9al\" \/>\n<meta property=\"og:description\" content=\"Plus de contraventions, plus de d\u00e9lits, plus de points retir\u00e9s. En 2011 les forces de l&#039;ordre ont en fait plus: +4.5 % infractions relev\u00e9es par la gendarmerie et la police nationale par rapport \u00e0 2010, avec un volume de 23 435 884 proc\u00e8s verbaux. La grande majorit\u00e9 de ces infractions est le fait de contravention ... Lire plus\" \/>\n<meta property=\"og:url\" content=\"https:\/\/www.carideal.com\/blog\/2012\/12\/11\/infraction-sur-la-route-en-hausse\/\" \/>\n<meta property=\"og:site_name\" content=\"Blog auto Carid\u00e9al\" \/>\n<meta property=\"article:publisher\" content=\"https:\/\/www.facebook.com\/Carideal.mandataire.automobile\" \/>\n<meta property=\"article:author\" content=\"https:\/\/www.facebook.com\/Carideal.mandataire.automobile\/\" \/>\n<meta property=\"article:published_time\" content=\"2012-12-11T08:58:00+00:00\" \/>\n<meta property=\"og:image\" content=\"https:\/\/www.carideal.com\/blog\/wp-content\/uploads\/2016\/03\/logo-carideal-mandataire-automobile.png\" \/>\n\t<meta property=\"og:image:width\" content=\"300\" \/>\n\t<meta property=\"og:image:height\" content=\"300\" \/>\n\t<meta property=\"og:image:type\" content=\"image\/png\" \/>\n<meta name=\"author\" content=\"N.S Carideal\" \/>\n<meta name=\"twitter:card\" content=\"summary_large_image\" \/>\n<meta name=\"twitter:creator\" content=\"@caridealauto\" \/>\n<meta name=\"twitter:site\" content=\"@caridealauto\" \/>\n<meta name=\"twitter:label1\" content=\"\u00c9crit par\" \/>\n\t<meta name=\"twitter:data1\" content=\"N.S Carideal\" \/>\n\t<meta name=\"twitter:label2\" content=\"Dur\u00e9e de lecture estim\u00e9e\" \/>\n\t<meta name=\"twitter:data2\" content=\"1 minute\" \/>\n<script type=\"application\/ld+json\" class=\"yoast-schema-graph\">{\"@context\":\"https:\/\/schema.org\",\"@graph\":[{\"@type\":\"Article\",\"@id\":\"https:\/\/www.carideal.com\/blog\/2012\/12\/11\/infraction-sur-la-route-en-hausse\/#article\",\"isPartOf\":{\"@id\":\"https:\/\/www.carideal.com\/blog\/2012\/12\/11\/infraction-sur-la-route-en-hausse\/\"},\"author\":{\"name\":\"N.S Carideal\",\"@id\":\"https:\/\/www.carideal.com\/blog\/#\/schema\/person\/985c7e757d1042d647f21bfaf8d41ebc\"},\"headline\":\"Infraction sur la route en hausse\",\"datePublished\":\"2012-12-11T08:58:00+00:00\",\"mainEntityOfPage\":{\"@id\":\"https:\/\/www.carideal.com\/blog\/2012\/12\/11\/infraction-sur-la-route-en-hausse\/\"},\"wordCount\":243,\"commentCount\":0,\"publisher\":{\"@id\":\"https:\/\/www.carideal.com\/blog\/#organization\"},\"articleSection\":[\"Radar et s\u00e9curit\u00e9 routi\u00e8re\"],\"inLanguage\":\"fr-FR\",\"potentialAction\":[{\"@type\":\"CommentAction\",\"name\":\"Comment\",\"target\":[\"https:\/\/www.carideal.com\/blog\/2012\/12\/11\/infraction-sur-la-route-en-hausse\/#respond\"]}]},{\"@type\":\"WebPage\",\"@id\":\"https:\/\/www.carideal.com\/blog\/2012\/12\/11\/infraction-sur-la-route-en-hausse\/\",\"url\":\"https:\/\/www.carideal.com\/blog\/2012\/12\/11\/infraction-sur-la-route-en-hausse\/\",\"name\":\"Infraction sur la route en hausse - Blog auto Carid\u00e9al\",\"isPartOf\":{\"@id\":\"https:\/\/www.carideal.com\/blog\/#website\"},\"datePublished\":\"2012-12-11T08:58:00+00:00\",\"breadcrumb\":{\"@id\":\"https:\/\/www.carideal.com\/blog\/2012\/12\/11\/infraction-sur-la-route-en-hausse\/#breadcrumb\"},\"inLanguage\":\"fr-FR\",\"potentialAction\":[{\"@type\":\"ReadAction\",\"target\":[\"https:\/\/www.carideal.com\/blog\/2012\/12\/11\/infraction-sur-la-route-en-hausse\/\"]}]},{\"@type\":\"BreadcrumbList\",\"@id\":\"https:\/\/www.carideal.com\/blog\/2012\/12\/11\/infraction-sur-la-route-en-hausse\/#breadcrumb\",\"itemListElement\":[{\"@type\":\"ListItem\",\"position\":1,\"name\":\"Blog Carid\u00e9al\",\"item\":\"https:\/\/www.carideal.com\/blog\/\"},{\"@type\":\"ListItem\",\"position\":2,\"name\":\"Radar et s\u00e9curit\u00e9 routi\u00e8re\",\"item\":\"https:\/\/www.carideal.com\/blog\/radar-et-securite-routiere\/\"},{\"@type\":\"ListItem\",\"position\":3,\"name\":\"Infraction sur la route en hausse\"}]},{\"@type\":\"WebSite\",\"@id\":\"https:\/\/www.carideal.com\/blog\/#website\",\"url\":\"https:\/\/www.carideal.com\/blog\/\",\"name\":\"Blog auto Carid\u00e9al\",\"description\":\"Actualit\u00e9 auto par des passionn\u00e9s\",\"publisher\":{\"@id\":\"https:\/\/www.carideal.com\/blog\/#organization\"},\"potentialAction\":[{\"@type\":\"SearchAction\",\"target\":{\"@type\":\"EntryPoint\",\"urlTemplate\":\"https:\/\/www.carideal.com\/blog\/?s={search_term_string}\"},\"query-input\":{\"@type\":\"PropertyValueSpecification\",\"valueRequired\":true,\"valueName\":\"search_term_string\"}}],\"inLanguage\":\"fr-FR\"},{\"@type\":\"Organization\",\"@id\":\"https:\/\/www.carideal.com\/blog\/#organization\",\"name\":\"Carideal\",\"url\":\"https:\/\/www.carideal.com\/blog\/\",\"logo\":{\"@type\":\"ImageObject\",\"inLanguage\":\"fr-FR\",\"@id\":\"https:\/\/www.carideal.com\/blog\/#\/schema\/logo\/image\/\",\"url\":\"http:\/\/www.carideal.com\/blog\/wp-content\/uploads\/2016\/03\/logo-carideal-mandataire-automobile.png\",\"contentUrl\":\"http:\/\/www.carideal.com\/blog\/wp-content\/uploads\/2016\/03\/logo-carideal-mandataire-automobile.png\",\"width\":300,\"height\":300,\"caption\":\"Carideal\"},\"image\":{\"@id\":\"https:\/\/www.carideal.com\/blog\/#\/schema\/logo\/image\/\"},\"sameAs\":[\"https:\/\/www.facebook.com\/Carideal.mandataire.automobile\",\"https:\/\/x.com\/caridealauto\",\"https:\/\/www.instagram.com\/carideal1\/\",\"https:\/\/www.linkedin.com\/company\/carideal.com\",\"https:\/\/fr.pinterest.com\/schiavonsas\/\",\"https:\/\/www.youtube.com\/user\/caridealsas\"]},{\"@type\":\"Person\",\"@id\":\"https:\/\/www.carideal.com\/blog\/#\/schema\/person\/985c7e757d1042d647f21bfaf8d41ebc\",\"name\":\"N.S Carideal\",\"image\":{\"@type\":\"ImageObject\",\"inLanguage\":\"fr-FR\",\"@id\":\"https:\/\/www.carideal.com\/blog\/#\/schema\/person\/image\/\",\"url\":\"https:\/\/secure.gravatar.com\/avatar\/edb7ccdf1a4e3d14aef967760d354d0e?s=96&r=g\",\"contentUrl\":\"https:\/\/secure.gravatar.com\/avatar\/edb7ccdf1a4e3d14aef967760d354d0e?s=96&r=g\",\"caption\":\"N.S Carideal\"},\"description\":\"Depuis tout petit fan d'automobile. Il est question d'essayer et de comparer toutes ces voitures qui nous ont fait r\u00e9ver, avant que celles-ci ne devient uniquement des voitures de collection.\",\"sameAs\":[\"http:\/\/www.carideal.com\/blog\",\"https:\/\/www.facebook.com\/Carideal.mandataire.automobile\/\",\"https:\/\/www.linkedin.com\/in\/nschiavon\/\",\"https:\/\/www.youtube.com\/user\/caridealsas\/\"],\"url\":\"https:\/\/www.carideal.com\/blog\/author\/admin_carideal\/\"}]}<\/script>\n<!-- \/ Yoast SEO plugin. -->","yoast_head_json":{"title":"Infraction sur la route en hausse - Blog auto Carid\u00e9al","robots":{"index":"index","follow":"follow","max-snippet":"max-snippet:-1","max-image-preview":"max-image-preview:large","max-video-preview":"max-video-preview:-1"},"canonical":"https:\/\/www.carideal.com\/blog\/2012\/12\/11\/infraction-sur-la-route-en-hausse\/","og_locale":"fr_FR","og_type":"article","og_title":"Infraction sur la route en hausse - Blog auto Carid\u00e9al","og_description":"Plus de contraventions, plus de d\u00e9lits, plus de points retir\u00e9s. En 2011 les forces de l'ordre ont en fait plus: +4.5 % infractions relev\u00e9es par la gendarmerie et la police nationale par rapport \u00e0 2010, avec un volume de 23 435 884 proc\u00e8s verbaux. La grande majorit\u00e9 de ces infractions est le fait de contravention ... Lire plus","og_url":"https:\/\/www.carideal.com\/blog\/2012\/12\/11\/infraction-sur-la-route-en-hausse\/","og_site_name":"Blog auto Carid\u00e9al","article_publisher":"https:\/\/www.facebook.com\/Carideal.mandataire.automobile","article_author":"https:\/\/www.facebook.com\/Carideal.mandataire.automobile\/","article_published_time":"2012-12-11T08:58:00+00:00","og_image":[{"width":300,"height":300,"url":"https:\/\/www.carideal.com\/blog\/wp-content\/uploads\/2016\/03\/logo-carideal-mandataire-automobile.png","type":"image\/png"}],"author":"N.S Carideal","twitter_card":"summary_large_image","twitter_creator":"@caridealauto","twitter_site":"@caridealauto","twitter_misc":{"\u00c9crit par":"N.S Carideal","Dur\u00e9e de lecture estim\u00e9e":"1 minute"},"schema":{"@context":"https:\/\/schema.org","@graph":[{"@type":"Article","@id":"https:\/\/www.carideal.com\/blog\/2012\/12\/11\/infraction-sur-la-route-en-hausse\/#article","isPartOf":{"@id":"https:\/\/www.carideal.com\/blog\/2012\/12\/11\/infraction-sur-la-route-en-hausse\/"},"author":{"name":"N.S Carideal","@id":"https:\/\/www.carideal.com\/blog\/#\/schema\/person\/985c7e757d1042d647f21bfaf8d41ebc"},"headline":"Infraction sur la route en hausse","datePublished":"2012-12-11T08:58:00+00:00","mainEntityOfPage":{"@id":"https:\/\/www.carideal.com\/blog\/2012\/12\/11\/infraction-sur-la-route-en-hausse\/"},"wordCount":243,"commentCount":0,"publisher":{"@id":"https:\/\/www.carideal.com\/blog\/#organization"},"articleSection":["Radar et s\u00e9curit\u00e9 routi\u00e8re"],"inLanguage":"fr-FR","potentialAction":[{"@type":"CommentAction","name":"Comment","target":["https:\/\/www.carideal.com\/blog\/2012\/12\/11\/infraction-sur-la-route-en-hausse\/#respond"]}]},{"@type":"WebPage","@id":"https:\/\/www.carideal.com\/blog\/2012\/12\/11\/infraction-sur-la-route-en-hausse\/","url":"https:\/\/www.carideal.com\/blog\/2012\/12\/11\/infraction-sur-la-route-en-hausse\/","name":"Infraction sur la route en hausse - Blog auto Carid\u00e9al","isPartOf":{"@id":"https:\/\/www.carideal.com\/blog\/#website"},"datePublished":"2012-12-11T08:58:00+00:00","breadcrumb":{"@id":"https:\/\/www.carideal.com\/blog\/2012\/12\/11\/infraction-sur-la-route-en-hausse\/#breadcrumb"},"inLanguage":"fr-FR","potentialAction":[{"@type":"ReadAction","target":["https:\/\/www.carideal.com\/blog\/2012\/12\/11\/infraction-sur-la-route-en-hausse\/"]}]},{"@type":"BreadcrumbList","@id":"https:\/\/www.carideal.com\/blog\/2012\/12\/11\/infraction-sur-la-route-en-hausse\/#breadcrumb","itemListElement":[{"@type":"ListItem","position":1,"name":"Blog Carid\u00e9al","item":"https:\/\/www.carideal.com\/blog\/"},{"@type":"ListItem","position":2,"name":"Radar et s\u00e9curit\u00e9 routi\u00e8re","item":"https:\/\/www.carideal.com\/blog\/radar-et-securite-routiere\/"},{"@type":"ListItem","position":3,"name":"Infraction sur la route en hausse"}]},{"@type":"WebSite","@id":"https:\/\/www.carideal.com\/blog\/#website","url":"https:\/\/www.carideal.com\/blog\/","name":"Blog auto Carid\u00e9al","description":"Actualit\u00e9 auto par des passionn\u00e9s","publisher":{"@id":"https:\/\/www.carideal.com\/blog\/#organization"},"potentialAction":[{"@type":"SearchAction","target":{"@type":"EntryPoint","urlTemplate":"https:\/\/www.carideal.com\/blog\/?s={search_term_string}"},"query-input":{"@type":"PropertyValueSpecification","valueRequired":true,"valueName":"search_term_string"}}],"inLanguage":"fr-FR"},{"@type":"Organization","@id":"https:\/\/www.carideal.com\/blog\/#organization","name":"Carideal","url":"https:\/\/www.carideal.com\/blog\/","logo":{"@type":"ImageObject","inLanguage":"fr-FR","@id":"https:\/\/www.carideal.com\/blog\/#\/schema\/logo\/image\/","url":"http:\/\/www.carideal.com\/blog\/wp-content\/uploads\/2016\/03\/logo-carideal-mandataire-automobile.png","contentUrl":"http:\/\/www.carideal.com\/blog\/wp-content\/uploads\/2016\/03\/logo-carideal-mandataire-automobile.png","width":300,"height":300,"caption":"Carideal"},"image":{"@id":"https:\/\/www.carideal.com\/blog\/#\/schema\/logo\/image\/"},"sameAs":["https:\/\/www.facebook.com\/Carideal.mandataire.automobile","https:\/\/x.com\/caridealauto","https:\/\/www.instagram.com\/carideal1\/","https:\/\/www.linkedin.com\/company\/carideal.com","https:\/\/fr.pinterest.com\/schiavonsas\/","https:\/\/www.youtube.com\/user\/caridealsas"]},{"@type":"Person","@id":"https:\/\/www.carideal.com\/blog\/#\/schema\/person\/985c7e757d1042d647f21bfaf8d41ebc","name":"N.S Carideal","image":{"@type":"ImageObject","inLanguage":"fr-FR","@id":"https:\/\/www.carideal.com\/blog\/#\/schema\/person\/image\/","url":"https:\/\/secure.gravatar.com\/avatar\/edb7ccdf1a4e3d14aef967760d354d0e?s=96&r=g","contentUrl":"https:\/\/secure.gravatar.com\/avatar\/edb7ccdf1a4e3d14aef967760d354d0e?s=96&r=g","caption":"N.S Carideal"},"description":"Depuis tout petit fan d'automobile. Il est question d'essayer et de comparer toutes ces voitures qui nous ont fait r\u00e9ver, avant que celles-ci ne devient uniquement des voitures de collection.","sameAs":["http:\/\/www.carideal.com\/blog","https:\/\/www.facebook.com\/Carideal.mandataire.automobile\/","https:\/\/www.linkedin.com\/in\/nschiavon\/","https:\/\/www.youtube.com\/user\/caridealsas\/"],"url":"https:\/\/www.carideal.com\/blog\/author\/admin_carideal\/"}]}},"uagb_featured_image_src":{"full":false,"thumbnail":false,"medium":false,"medium_large":false,"large":false,"1536x1536":false,"2048x2048":false,"wppr-widget":false},"uagb_author_info":{"display_name":"N.S Carideal","author_link":"https:\/\/www.carideal.com\/blog\/author\/admin_carideal\/"},"uagb_comment_info":0,"uagb_excerpt":"Plus de contraventions, plus de d\u00e9lits, plus de points retir\u00e9s. En 2011 les forces de l'ordre ont en fait plus: +4.5 % infractions relev\u00e9es par la gendarmerie et la police nationale par rapport \u00e0 2010, avec un volume de 23 435 884 proc\u00e8s verbaux. La grande majorit\u00e9 de ces infractions est le fait de contravention\u2026","_links":{"self":[{"href":"https:\/\/www.carideal.com\/blog\/wp-json\/wp\/v2\/posts\/1641"}],"collection":[{"href":"https:\/\/www.carideal.com\/blog\/wp-json\/wp\/v2\/posts"}],"about":[{"href":"https:\/\/www.carideal.com\/blog\/wp-json\/wp\/v2\/types\/post"}],"author":[{"embeddable":true,"href":"https:\/\/www.carideal.com\/blog\/wp-json\/wp\/v2\/users\/1"}],"replies":[{"embeddable":true,"href":"https:\/\/www.carideal.com\/blog\/wp-json\/wp\/v2\/comments?post=1641"}],"version-history":[{"count":0,"href":"https:\/\/www.carideal.com\/blog\/wp-json\/wp\/v2\/posts\/1641\/revisions"}],"wp:attachment":[{"href":"https:\/\/www.carideal.com\/blog\/wp-json\/wp\/v2\/media?parent=1641"}],"wp:term":[{"taxonomy":"category","embeddable":true,"href":"https:\/\/www.carideal.com\/blog\/wp-json\/wp\/v2\/categories?post=1641"},{"taxonomy":"post_tag","embeddable":true,"href":"https:\/\/www.carideal.com\/blog\/wp-json\/wp\/v2\/tags?post=1641"}],"curies":[{"name":"wp","href":"https:\/\/api.w.org\/{rel}","templated":true}]}}