{"id":164,"date":"2010-03-24T20:43:00","date_gmt":"2010-03-24T20:43:00","guid":{"rendered":"http:\/\/carideal.com\/blog\/?p=164"},"modified":"2020-03-07T16:41:35","modified_gmt":"2020-03-07T15:41:35","slug":"subaru-concept","status":"publish","type":"post","link":"https:\/\/www.carideal.com\/blog\/2010\/03\/24\/subaru-concept\/","title":{"rendered":"Subaru Concept hybride 4&#215;4"},"content":{"rendered":"<p>&nbsp;<\/p>\n<h1><strong>Subaru Concept Hybride 4X4<\/strong><\/h1>\n<p>La Subaru Concept hybrid e 4x4 est une vrai Hybride et un vrai 4X4 en m\u00eame temps. Elle est anim\u00e9e par deux sources d'\u00e9nergie, L'\u00e9lectricit\u00e9 et le p\u00e9trole. La transmission \u00e0 quatres roues motrices \u00e9tant ch\u00e8res \u00e0 la marque, Subaru pr\u00e9sente une architecture originale. Il s'agit de deux moteurs \u00e9lectriques classiques. L'un est situ\u00e9 entre le moteur et la boite de vitesse, l'autre se situe dans le pont arri\u00e8re. La transmission int\u00e9grale est donc toujours m\u00e9canique. En millieu Urbain le moteur arri\u00e8re peut d\u00e9placer seul l'auto, le moteur avant servant de g\u00e9n\u00e9rateur afin de recharger les batteries. Il peut \u00e9galement propulser la voiture lorsque beaucoup de puissance est demand\u00e9e. Le bloc thermique est un 2.0 turbo \u00e0 injection directe. Ce v\u00e9hicule pr\u00e9figure donc un \u00e9ventuel mod\u00e8le hybride. La pr\u00e9sentation des mod\u00e8les hybrides est \u00e0 la mode, et elles s'enchainent :\u00a0<span style=\"text-decoration: underline;\"><a href=\"http:\/\/www.carideal.com\/blog\/2010\/03\/20\/bmw-serie-5-hybride\/\">BMW s\u00e9rie 5 Hybride<\/a><\/span>\u00a0<span style=\"text-decoration: underline;\"><a href=\"http:\/\/www.carideal.com\/blog\/2010\/03\/21\/byd-e6\/\">BYD E6<\/a><\/span>\u00a0<span style=\"text-decoration: underline;\">Mitsubishi PX MIEV<\/span>\u00a0<span style=\"text-decoration: underline;\"><a href=\"http:\/\/www.carideal.com\/blog\/2010\/03\/21\/subaru-stella-plug-in\/\">Subaru Stella Plug-IN<\/a><\/span><\/p>\n","protected":false},"excerpt":{"rendered":"<p>&nbsp; Subaru Concept Hybride 4X4 La Subaru Concept hybrid e 4&#215;4 est une vrai Hybride et un vrai 4X4 en m\u00eame temps. Elle est anim\u00e9e par deux sources d&rsquo;\u00e9nergie, L&rsquo;\u00e9lectricit\u00e9 et le p\u00e9trole. La transmission \u00e0 quatres roues motrices \u00e9tant ch\u00e8res \u00e0 la marque, Subaru pr\u00e9sente une architecture originale. Il s&rsquo;agit de deux moteurs \u00e9lectriques &#8230; <a title=\"Subaru Concept hybride 4&#215;4\" class=\"read-more\" href=\"https:\/\/www.carideal.com\/blog\/2010\/03\/24\/subaru-concept\/\" aria-label=\"En savoir plus sur Subaru Concept hybride 4&#215;4\">Lire plus<\/a><\/p>\n","protected":false},"author":1,"featured_media":0,"comment_status":"open","ping_status":"open","sticky":false,"template":"","format":"standard","meta":{"_uag_custom_page_level_css":"","_themeisle_gutenberg_block_has_review":false,"footnotes":""},"categories":[6],"tags":[],"class_list":["post-164","post","type-post","status-publish","format-standard","hentry","category-ecologie"],"wppr_data":[],"yoast_head":"<!-- This site is optimized with the Yoast SEO plugin v24.8.1 - https:\/\/yoast.com\/wordpress\/plugins\/seo\/ -->\n<title>Subaru Concept hybride 4x4 - Blog auto Carid\u00e9al<\/title>\n<meta name=\"robots\" content=\"index, follow, max-snippet:-1, max-image-preview:large, max-video-preview:-1\" \/>\n<link rel=\"canonical\" href=\"https:\/\/www.carideal.com\/blog\/2010\/03\/24\/subaru-concept\/\" \/>\n<meta property=\"og:locale\" content=\"fr_FR\" \/>\n<meta property=\"og:type\" content=\"article\" \/>\n<meta property=\"og:title\" content=\"Subaru Concept hybride 4x4 - Blog auto Carid\u00e9al\" \/>\n<meta property=\"og:description\" content=\"&nbsp; Subaru Concept Hybride 4X4 La Subaru Concept hybrid e 4x4 est une vrai Hybride et un vrai 4X4 en m\u00eame temps. Elle est anim\u00e9e par deux sources d&#039;\u00e9nergie, L&#039;\u00e9lectricit\u00e9 et le p\u00e9trole. La transmission \u00e0 quatres roues motrices \u00e9tant ch\u00e8res \u00e0 la marque, Subaru pr\u00e9sente une architecture originale. Il s&#039;agit de deux moteurs \u00e9lectriques ... Lire plus\" \/>\n<meta property=\"og:url\" content=\"https:\/\/www.carideal.com\/blog\/2010\/03\/24\/subaru-concept\/\" \/>\n<meta property=\"og:site_name\" content=\"Blog auto Carid\u00e9al\" \/>\n<meta property=\"article:publisher\" content=\"https:\/\/www.facebook.com\/Carideal.mandataire.automobile\" \/>\n<meta property=\"article:author\" content=\"https:\/\/www.facebook.com\/Carideal.mandataire.automobile\/\" \/>\n<meta property=\"article:published_time\" content=\"2010-03-24T20:43:00+00:00\" \/>\n<meta property=\"article:modified_time\" content=\"2020-03-07T15:41:35+00:00\" \/>\n<meta property=\"og:image\" content=\"https:\/\/www.carideal.com\/blog\/wp-content\/uploads\/2016\/03\/logo-carideal-mandataire-automobile.png\" \/>\n\t<meta property=\"og:image:width\" content=\"300\" \/>\n\t<meta property=\"og:image:height\" content=\"300\" \/>\n\t<meta property=\"og:image:type\" content=\"image\/png\" \/>\n<meta name=\"author\" content=\"N.S Carideal\" \/>\n<meta name=\"twitter:card\" content=\"summary_large_image\" \/>\n<meta name=\"twitter:creator\" content=\"@caridealauto\" \/>\n<meta name=\"twitter:site\" content=\"@caridealauto\" \/>\n<meta name=\"twitter:label1\" content=\"\u00c9crit par\" \/>\n\t<meta name=\"twitter:data1\" content=\"N.S Carideal\" \/>\n\t<meta name=\"twitter:label2\" content=\"Dur\u00e9e de lecture estim\u00e9e\" \/>\n\t<meta name=\"twitter:data2\" content=\"1 minute\" \/>\n<script type=\"application\/ld+json\" class=\"yoast-schema-graph\">{\"@context\":\"https:\/\/schema.org\",\"@graph\":[{\"@type\":\"Article\",\"@id\":\"https:\/\/www.carideal.com\/blog\/2010\/03\/24\/subaru-concept\/#article\",\"isPartOf\":{\"@id\":\"https:\/\/www.carideal.com\/blog\/2010\/03\/24\/subaru-concept\/\"},\"author\":{\"name\":\"N.S Carideal\",\"@id\":\"https:\/\/www.carideal.com\/blog\/#\/schema\/person\/985c7e757d1042d647f21bfaf8d41ebc\"},\"headline\":\"Subaru Concept hybride 4&#215;4\",\"datePublished\":\"2010-03-24T20:43:00+00:00\",\"dateModified\":\"2020-03-07T15:41:35+00:00\",\"mainEntityOfPage\":{\"@id\":\"https:\/\/www.carideal.com\/blog\/2010\/03\/24\/subaru-concept\/\"},\"wordCount\":175,\"commentCount\":0,\"publisher\":{\"@id\":\"https:\/\/www.carideal.com\/blog\/#organization\"},\"articleSection\":[\"Ecologie\"],\"inLanguage\":\"fr-FR\",\"potentialAction\":[{\"@type\":\"CommentAction\",\"name\":\"Comment\",\"target\":[\"https:\/\/www.carideal.com\/blog\/2010\/03\/24\/subaru-concept\/#respond\"]}]},{\"@type\":\"WebPage\",\"@id\":\"https:\/\/www.carideal.com\/blog\/2010\/03\/24\/subaru-concept\/\",\"url\":\"https:\/\/www.carideal.com\/blog\/2010\/03\/24\/subaru-concept\/\",\"name\":\"Subaru Concept hybride 4x4 - Blog auto Carid\u00e9al\",\"isPartOf\":{\"@id\":\"https:\/\/www.carideal.com\/blog\/#website\"},\"datePublished\":\"2010-03-24T20:43:00+00:00\",\"dateModified\":\"2020-03-07T15:41:35+00:00\",\"breadcrumb\":{\"@id\":\"https:\/\/www.carideal.com\/blog\/2010\/03\/24\/subaru-concept\/#breadcrumb\"},\"inLanguage\":\"fr-FR\",\"potentialAction\":[{\"@type\":\"ReadAction\",\"target\":[\"https:\/\/www.carideal.com\/blog\/2010\/03\/24\/subaru-concept\/\"]}]},{\"@type\":\"BreadcrumbList\",\"@id\":\"https:\/\/www.carideal.com\/blog\/2010\/03\/24\/subaru-concept\/#breadcrumb\",\"itemListElement\":[{\"@type\":\"ListItem\",\"position\":1,\"name\":\"Blog Carid\u00e9al\",\"item\":\"https:\/\/www.carideal.com\/blog\/\"},{\"@type\":\"ListItem\",\"position\":2,\"name\":\"Ecologie\",\"item\":\"https:\/\/www.carideal.com\/blog\/ecologie\/\"},{\"@type\":\"ListItem\",\"position\":3,\"name\":\"Subaru Concept hybride 4&#215;4\"}]},{\"@type\":\"WebSite\",\"@id\":\"https:\/\/www.carideal.com\/blog\/#website\",\"url\":\"https:\/\/www.carideal.com\/blog\/\",\"name\":\"Blog auto Carid\u00e9al\",\"description\":\"Actualit\u00e9 auto par des passionn\u00e9s\",\"publisher\":{\"@id\":\"https:\/\/www.carideal.com\/blog\/#organization\"},\"potentialAction\":[{\"@type\":\"SearchAction\",\"target\":{\"@type\":\"EntryPoint\",\"urlTemplate\":\"https:\/\/www.carideal.com\/blog\/?s={search_term_string}\"},\"query-input\":{\"@type\":\"PropertyValueSpecification\",\"valueRequired\":true,\"valueName\":\"search_term_string\"}}],\"inLanguage\":\"fr-FR\"},{\"@type\":\"Organization\",\"@id\":\"https:\/\/www.carideal.com\/blog\/#organization\",\"name\":\"Carideal\",\"url\":\"https:\/\/www.carideal.com\/blog\/\",\"logo\":{\"@type\":\"ImageObject\",\"inLanguage\":\"fr-FR\",\"@id\":\"https:\/\/www.carideal.com\/blog\/#\/schema\/logo\/image\/\",\"url\":\"http:\/\/www.carideal.com\/blog\/wp-content\/uploads\/2016\/03\/logo-carideal-mandataire-automobile.png\",\"contentUrl\":\"http:\/\/www.carideal.com\/blog\/wp-content\/uploads\/2016\/03\/logo-carideal-mandataire-automobile.png\",\"width\":300,\"height\":300,\"caption\":\"Carideal\"},\"image\":{\"@id\":\"https:\/\/www.carideal.com\/blog\/#\/schema\/logo\/image\/\"},\"sameAs\":[\"https:\/\/www.facebook.com\/Carideal.mandataire.automobile\",\"https:\/\/x.com\/caridealauto\",\"https:\/\/www.instagram.com\/carideal1\/\",\"https:\/\/www.linkedin.com\/company\/carideal.com\",\"https:\/\/fr.pinterest.com\/schiavonsas\/\",\"https:\/\/www.youtube.com\/user\/caridealsas\"]},{\"@type\":\"Person\",\"@id\":\"https:\/\/www.carideal.com\/blog\/#\/schema\/person\/985c7e757d1042d647f21bfaf8d41ebc\",\"name\":\"N.S Carideal\",\"image\":{\"@type\":\"ImageObject\",\"inLanguage\":\"fr-FR\",\"@id\":\"https:\/\/www.carideal.com\/blog\/#\/schema\/person\/image\/\",\"url\":\"https:\/\/secure.gravatar.com\/avatar\/edb7ccdf1a4e3d14aef967760d354d0e?s=96&r=g\",\"contentUrl\":\"https:\/\/secure.gravatar.com\/avatar\/edb7ccdf1a4e3d14aef967760d354d0e?s=96&r=g\",\"caption\":\"N.S Carideal\"},\"description\":\"Depuis tout petit fan d'automobile. Il est question d'essayer et de comparer toutes ces voitures qui nous ont fait r\u00e9ver, avant que celles-ci ne devient uniquement des voitures de collection.\",\"sameAs\":[\"http:\/\/www.carideal.com\/blog\",\"https:\/\/www.facebook.com\/Carideal.mandataire.automobile\/\",\"https:\/\/www.linkedin.com\/in\/nschiavon\/\",\"https:\/\/www.youtube.com\/user\/caridealsas\/\"],\"url\":\"https:\/\/www.carideal.com\/blog\/author\/admin_carideal\/\"}]}<\/script>\n<!-- \/ Yoast SEO plugin. -->","yoast_head_json":{"title":"Subaru Concept hybride 4x4 - Blog auto Carid\u00e9al","robots":{"index":"index","follow":"follow","max-snippet":"max-snippet:-1","max-image-preview":"max-image-preview:large","max-video-preview":"max-video-preview:-1"},"canonical":"https:\/\/www.carideal.com\/blog\/2010\/03\/24\/subaru-concept\/","og_locale":"fr_FR","og_type":"article","og_title":"Subaru Concept hybride 4x4 - Blog auto Carid\u00e9al","og_description":"&nbsp; Subaru Concept Hybride 4X4 La Subaru Concept hybrid e 4x4 est une vrai Hybride et un vrai 4X4 en m\u00eame temps. Elle est anim\u00e9e par deux sources d'\u00e9nergie, L'\u00e9lectricit\u00e9 et le p\u00e9trole. La transmission \u00e0 quatres roues motrices \u00e9tant ch\u00e8res \u00e0 la marque, Subaru pr\u00e9sente une architecture originale. Il s'agit de deux moteurs \u00e9lectriques ... Lire plus","og_url":"https:\/\/www.carideal.com\/blog\/2010\/03\/24\/subaru-concept\/","og_site_name":"Blog auto Carid\u00e9al","article_publisher":"https:\/\/www.facebook.com\/Carideal.mandataire.automobile","article_author":"https:\/\/www.facebook.com\/Carideal.mandataire.automobile\/","article_published_time":"2010-03-24T20:43:00+00:00","article_modified_time":"2020-03-07T15:41:35+00:00","og_image":[{"width":300,"height":300,"url":"https:\/\/www.carideal.com\/blog\/wp-content\/uploads\/2016\/03\/logo-carideal-mandataire-automobile.png","type":"image\/png"}],"author":"N.S Carideal","twitter_card":"summary_large_image","twitter_creator":"@caridealauto","twitter_site":"@caridealauto","twitter_misc":{"\u00c9crit par":"N.S Carideal","Dur\u00e9e de lecture estim\u00e9e":"1 minute"},"schema":{"@context":"https:\/\/schema.org","@graph":[{"@type":"Article","@id":"https:\/\/www.carideal.com\/blog\/2010\/03\/24\/subaru-concept\/#article","isPartOf":{"@id":"https:\/\/www.carideal.com\/blog\/2010\/03\/24\/subaru-concept\/"},"author":{"name":"N.S Carideal","@id":"https:\/\/www.carideal.com\/blog\/#\/schema\/person\/985c7e757d1042d647f21bfaf8d41ebc"},"headline":"Subaru Concept hybride 4&#215;4","datePublished":"2010-03-24T20:43:00+00:00","dateModified":"2020-03-07T15:41:35+00:00","mainEntityOfPage":{"@id":"https:\/\/www.carideal.com\/blog\/2010\/03\/24\/subaru-concept\/"},"wordCount":175,"commentCount":0,"publisher":{"@id":"https:\/\/www.carideal.com\/blog\/#organization"},"articleSection":["Ecologie"],"inLanguage":"fr-FR","potentialAction":[{"@type":"CommentAction","name":"Comment","target":["https:\/\/www.carideal.com\/blog\/2010\/03\/24\/subaru-concept\/#respond"]}]},{"@type":"WebPage","@id":"https:\/\/www.carideal.com\/blog\/2010\/03\/24\/subaru-concept\/","url":"https:\/\/www.carideal.com\/blog\/2010\/03\/24\/subaru-concept\/","name":"Subaru Concept hybride 4x4 - Blog auto Carid\u00e9al","isPartOf":{"@id":"https:\/\/www.carideal.com\/blog\/#website"},"datePublished":"2010-03-24T20:43:00+00:00","dateModified":"2020-03-07T15:41:35+00:00","breadcrumb":{"@id":"https:\/\/www.carideal.com\/blog\/2010\/03\/24\/subaru-concept\/#breadcrumb"},"inLanguage":"fr-FR","potentialAction":[{"@type":"ReadAction","target":["https:\/\/www.carideal.com\/blog\/2010\/03\/24\/subaru-concept\/"]}]},{"@type":"BreadcrumbList","@id":"https:\/\/www.carideal.com\/blog\/2010\/03\/24\/subaru-concept\/#breadcrumb","itemListElement":[{"@type":"ListItem","position":1,"name":"Blog Carid\u00e9al","item":"https:\/\/www.carideal.com\/blog\/"},{"@type":"ListItem","position":2,"name":"Ecologie","item":"https:\/\/www.carideal.com\/blog\/ecologie\/"},{"@type":"ListItem","position":3,"name":"Subaru Concept hybride 4&#215;4"}]},{"@type":"WebSite","@id":"https:\/\/www.carideal.com\/blog\/#website","url":"https:\/\/www.carideal.com\/blog\/","name":"Blog auto Carid\u00e9al","description":"Actualit\u00e9 auto par des passionn\u00e9s","publisher":{"@id":"https:\/\/www.carideal.com\/blog\/#organization"},"potentialAction":[{"@type":"SearchAction","target":{"@type":"EntryPoint","urlTemplate":"https:\/\/www.carideal.com\/blog\/?s={search_term_string}"},"query-input":{"@type":"PropertyValueSpecification","valueRequired":true,"valueName":"search_term_string"}}],"inLanguage":"fr-FR"},{"@type":"Organization","@id":"https:\/\/www.carideal.com\/blog\/#organization","name":"Carideal","url":"https:\/\/www.carideal.com\/blog\/","logo":{"@type":"ImageObject","inLanguage":"fr-FR","@id":"https:\/\/www.carideal.com\/blog\/#\/schema\/logo\/image\/","url":"http:\/\/www.carideal.com\/blog\/wp-content\/uploads\/2016\/03\/logo-carideal-mandataire-automobile.png","contentUrl":"http:\/\/www.carideal.com\/blog\/wp-content\/uploads\/2016\/03\/logo-carideal-mandataire-automobile.png","width":300,"height":300,"caption":"Carideal"},"image":{"@id":"https:\/\/www.carideal.com\/blog\/#\/schema\/logo\/image\/"},"sameAs":["https:\/\/www.facebook.com\/Carideal.mandataire.automobile","https:\/\/x.com\/caridealauto","https:\/\/www.instagram.com\/carideal1\/","https:\/\/www.linkedin.com\/company\/carideal.com","https:\/\/fr.pinterest.com\/schiavonsas\/","https:\/\/www.youtube.com\/user\/caridealsas"]},{"@type":"Person","@id":"https:\/\/www.carideal.com\/blog\/#\/schema\/person\/985c7e757d1042d647f21bfaf8d41ebc","name":"N.S Carideal","image":{"@type":"ImageObject","inLanguage":"fr-FR","@id":"https:\/\/www.carideal.com\/blog\/#\/schema\/person\/image\/","url":"https:\/\/secure.gravatar.com\/avatar\/edb7ccdf1a4e3d14aef967760d354d0e?s=96&r=g","contentUrl":"https:\/\/secure.gravatar.com\/avatar\/edb7ccdf1a4e3d14aef967760d354d0e?s=96&r=g","caption":"N.S Carideal"},"description":"Depuis tout petit fan d'automobile. Il est question d'essayer et de comparer toutes ces voitures qui nous ont fait r\u00e9ver, avant que celles-ci ne devient uniquement des voitures de collection.","sameAs":["http:\/\/www.carideal.com\/blog","https:\/\/www.facebook.com\/Carideal.mandataire.automobile\/","https:\/\/www.linkedin.com\/in\/nschiavon\/","https:\/\/www.youtube.com\/user\/caridealsas\/"],"url":"https:\/\/www.carideal.com\/blog\/author\/admin_carideal\/"}]}},"uagb_featured_image_src":{"full":false,"thumbnail":false,"medium":false,"medium_large":false,"large":false,"1536x1536":false,"2048x2048":false,"wppr-widget":false},"uagb_author_info":{"display_name":"N.S Carideal","author_link":"https:\/\/www.carideal.com\/blog\/author\/admin_carideal\/"},"uagb_comment_info":0,"uagb_excerpt":"&nbsp; Subaru Concept Hybride 4X4 La Subaru Concept hybrid e 4x4 est une vrai Hybride et un vrai 4X4 en m\u00eame temps. Elle est anim\u00e9e par deux sources d'\u00e9nergie, L'\u00e9lectricit\u00e9 et le p\u00e9trole. La transmission \u00e0 quatres roues motrices \u00e9tant ch\u00e8res \u00e0 la marque, Subaru pr\u00e9sente une architecture originale. Il s'agit de deux moteurs \u00e9lectriques\u2026","_links":{"self":[{"href":"https:\/\/www.carideal.com\/blog\/wp-json\/wp\/v2\/posts\/164"}],"collection":[{"href":"https:\/\/www.carideal.com\/blog\/wp-json\/wp\/v2\/posts"}],"about":[{"href":"https:\/\/www.carideal.com\/blog\/wp-json\/wp\/v2\/types\/post"}],"author":[{"embeddable":true,"href":"https:\/\/www.carideal.com\/blog\/wp-json\/wp\/v2\/users\/1"}],"replies":[{"embeddable":true,"href":"https:\/\/www.carideal.com\/blog\/wp-json\/wp\/v2\/comments?post=164"}],"version-history":[{"count":0,"href":"https:\/\/www.carideal.com\/blog\/wp-json\/wp\/v2\/posts\/164\/revisions"}],"wp:attachment":[{"href":"https:\/\/www.carideal.com\/blog\/wp-json\/wp\/v2\/media?parent=164"}],"wp:term":[{"taxonomy":"category","embeddable":true,"href":"https:\/\/www.carideal.com\/blog\/wp-json\/wp\/v2\/categories?post=164"},{"taxonomy":"post_tag","embeddable":true,"href":"https:\/\/www.carideal.com\/blog\/wp-json\/wp\/v2\/tags?post=164"}],"curies":[{"name":"wp","href":"https:\/\/api.w.org\/{rel}","templated":true}]}}