{"id":1638,"date":"2012-06-21T16:10:00","date_gmt":"2012-06-21T16:10:00","guid":{"rendered":"http:\/\/carideal.com\/blog\/?p=1638"},"modified":"2020-03-08T07:32:59","modified_gmt":"2020-03-08T06:32:59","slug":"des-nouveaux-radars","status":"publish","type":"post","link":"https:\/\/www.carideal.com\/blog\/2012\/06\/21\/des-nouveaux-radars\/","title":{"rendered":"Des nouveaux radars"},"content":{"rendered":"<\/p>\n<blockquote>\n<p>Les<a href=\"\/blog\/index.php?tag\/radars%20tron%C3%A7ons\"> radars tron\u00e7ons<\/a> aussi appel\u00e9s <a href=\"\/blog\/index.php?tag\/radar%20%C3%A0%20vitesse%20moyenne\">radar \u00e0 vitesse moyenne<\/a> sont en cour d'am\u00e9nagement.<\/p>\n<\/blockquote>\n<p>Ces radars ne calculeront plus la vitesse instantan\u00e9e en un point donn\u00e9 comme les radars automatiques classiques mais la vitesse moyenne sur un tron\u00e7ons de plusieurs kilom\u00e8tre.Le fonctionnement est simple puisque un radar enregistre tout les v\u00e9hicules qui passent \u00e0 un endroit d\u00e9fini, et un second radar fait pareil quelques kilom\u00e8tres plus ( entre 2 et 5 km pour le moment). Les informations sont ensuite envoy\u00e9es \u00e0 un automate qui calcule la vitesse moyenne, et se charge de verbaliser si celle-ci est sup\u00e9rieure \u00e0 la vitesse maximale autoris\u00e9e. Ces radars vitesse moyenne seront pour le moment \" annonc\u00e9s \" par des radars p\u00e9dagogiques (qui indiquent la vitesse sans verbaliser) et commenceront vraiment \u00e0 sanctionner les automobilistes qui ne respectent pas le code de la route d\u00e9s le moi d'ao\u00fbt, apr\u00e8s une p\u00e9riode finale de test. D'apr\u00e8s la <a href=\"\/blog\/index.php?tag\/S%C3%A9curit%C3%A9%20Routi%C3%A8re\">S\u00e9curit\u00e9 Routi\u00e8re<\/a>, il s'agit de \"lutter contre le comportement dangereux de certains conducteurs qui freinent \u00e0 proximit\u00e9 d'un radar et qui r\u00e9 acc\u00e9l\u00e8re apr\u00e8s l'avoir pass\u00e9.\"De plus ces radars ne flasheront plus car ils sont \u00e9quip\u00e9 d'un syst\u00e8me infrarouge utilisable dans toutes les conditions de luminosit\u00e9. Le premier de ces radars a \u00e9t\u00e9 install\u00e9 le mercredi 20 juin sur la commune de Beure (25) pour \"s\u00e9curiser\" les deux kilom\u00e8tres de la descente et du tunnel de la RN57 contournant Besan\u00e7on dans le sens nord\/sud. Les deux autres machines pr\u00e9vues seront ensuite install\u00e9es respectivement en Loire-Atlantique le 26 juin prochain pour couvrir 3.5 kilom\u00e8tres de la D213 puis dans le Lot-et-Garonne, sur 4.9km de la N51.Ces deux radars couvriront  les deux sens de circulation.Les pouvoirs publics promettent en outre \"une quarantaine d'\u00e9quipements suppl\u00e9mentaires d'ici \u00e0 la fin de l'ann\u00e9e.<\/p>\n","protected":false},"excerpt":{"rendered":"<p>Les radars tron\u00e7ons aussi appel\u00e9s radar \u00e0 vitesse moyenne sont en cour d&rsquo;am\u00e9nagement. Ces radars ne calculeront plus la vitesse instantan\u00e9e en un point donn\u00e9 comme les radars automatiques classiques mais la vitesse moyenne sur un tron\u00e7ons de plusieurs kilom\u00e8tre.Le fonctionnement est simple puisque un radar enregistre tout les v\u00e9hicules qui passent \u00e0 un endroit &#8230; <a title=\"Des nouveaux radars\" class=\"read-more\" href=\"https:\/\/www.carideal.com\/blog\/2012\/06\/21\/des-nouveaux-radars\/\" aria-label=\"En savoir plus sur Des nouveaux radars\">Lire plus<\/a><\/p>\n","protected":false},"author":1,"featured_media":0,"comment_status":"open","ping_status":"open","sticky":false,"template":"","format":"standard","meta":{"_uag_custom_page_level_css":"","_themeisle_gutenberg_block_has_review":false,"footnotes":""},"categories":[15],"tags":[],"class_list":["post-1638","post","type-post","status-publish","format-standard","hentry","category-radar-et-securite-routiere"],"wppr_data":[],"yoast_head":"<!-- This site is optimized with the Yoast SEO plugin v24.8.1 - https:\/\/yoast.com\/wordpress\/plugins\/seo\/ -->\n<title>Des nouveaux radars - Blog auto Carid\u00e9al<\/title>\n<meta name=\"robots\" content=\"index, follow, max-snippet:-1, max-image-preview:large, max-video-preview:-1\" \/>\n<link rel=\"canonical\" href=\"https:\/\/www.carideal.com\/blog\/2012\/06\/21\/des-nouveaux-radars\/\" \/>\n<meta property=\"og:locale\" content=\"fr_FR\" \/>\n<meta property=\"og:type\" content=\"article\" \/>\n<meta property=\"og:title\" content=\"Des nouveaux radars - Blog auto Carid\u00e9al\" \/>\n<meta property=\"og:description\" content=\"Les radars tron\u00e7ons aussi appel\u00e9s radar \u00e0 vitesse moyenne sont en cour d&#039;am\u00e9nagement. Ces radars ne calculeront plus la vitesse instantan\u00e9e en un point donn\u00e9 comme les radars automatiques classiques mais la vitesse moyenne sur un tron\u00e7ons de plusieurs kilom\u00e8tre.Le fonctionnement est simple puisque un radar enregistre tout les v\u00e9hicules qui passent \u00e0 un endroit ... Lire plus\" \/>\n<meta property=\"og:url\" content=\"https:\/\/www.carideal.com\/blog\/2012\/06\/21\/des-nouveaux-radars\/\" \/>\n<meta property=\"og:site_name\" content=\"Blog auto Carid\u00e9al\" \/>\n<meta property=\"article:publisher\" content=\"https:\/\/www.facebook.com\/Carideal.mandataire.automobile\" \/>\n<meta property=\"article:author\" content=\"https:\/\/www.facebook.com\/Carideal.mandataire.automobile\/\" \/>\n<meta property=\"article:published_time\" content=\"2012-06-21T16:10:00+00:00\" \/>\n<meta property=\"article:modified_time\" content=\"2020-03-08T06:32:59+00:00\" \/>\n<meta property=\"og:image\" content=\"https:\/\/www.carideal.com\/blog\/wp-content\/uploads\/2016\/03\/logo-carideal-mandataire-automobile.png\" \/>\n\t<meta property=\"og:image:width\" content=\"300\" \/>\n\t<meta property=\"og:image:height\" content=\"300\" \/>\n\t<meta property=\"og:image:type\" content=\"image\/png\" \/>\n<meta name=\"author\" content=\"N.S Carideal\" \/>\n<meta name=\"twitter:card\" content=\"summary_large_image\" \/>\n<meta name=\"twitter:creator\" content=\"@caridealauto\" \/>\n<meta name=\"twitter:site\" content=\"@caridealauto\" \/>\n<meta name=\"twitter:label1\" content=\"\u00c9crit par\" \/>\n\t<meta name=\"twitter:data1\" content=\"N.S Carideal\" \/>\n\t<meta name=\"twitter:label2\" content=\"Dur\u00e9e de lecture estim\u00e9e\" \/>\n\t<meta name=\"twitter:data2\" content=\"2 minutes\" \/>\n<script type=\"application\/ld+json\" class=\"yoast-schema-graph\">{\"@context\":\"https:\/\/schema.org\",\"@graph\":[{\"@type\":\"Article\",\"@id\":\"https:\/\/www.carideal.com\/blog\/2012\/06\/21\/des-nouveaux-radars\/#article\",\"isPartOf\":{\"@id\":\"https:\/\/www.carideal.com\/blog\/2012\/06\/21\/des-nouveaux-radars\/\"},\"author\":{\"name\":\"N.S Carideal\",\"@id\":\"https:\/\/www.carideal.com\/blog\/#\/schema\/person\/985c7e757d1042d647f21bfaf8d41ebc\"},\"headline\":\"Des nouveaux radars\",\"datePublished\":\"2012-06-21T16:10:00+00:00\",\"dateModified\":\"2020-03-08T06:32:59+00:00\",\"mainEntityOfPage\":{\"@id\":\"https:\/\/www.carideal.com\/blog\/2012\/06\/21\/des-nouveaux-radars\/\"},\"wordCount\":314,\"commentCount\":0,\"publisher\":{\"@id\":\"https:\/\/www.carideal.com\/blog\/#organization\"},\"articleSection\":[\"Radar et s\u00e9curit\u00e9 routi\u00e8re\"],\"inLanguage\":\"fr-FR\",\"potentialAction\":[{\"@type\":\"CommentAction\",\"name\":\"Comment\",\"target\":[\"https:\/\/www.carideal.com\/blog\/2012\/06\/21\/des-nouveaux-radars\/#respond\"]}]},{\"@type\":\"WebPage\",\"@id\":\"https:\/\/www.carideal.com\/blog\/2012\/06\/21\/des-nouveaux-radars\/\",\"url\":\"https:\/\/www.carideal.com\/blog\/2012\/06\/21\/des-nouveaux-radars\/\",\"name\":\"Des nouveaux radars - Blog auto Carid\u00e9al\",\"isPartOf\":{\"@id\":\"https:\/\/www.carideal.com\/blog\/#website\"},\"datePublished\":\"2012-06-21T16:10:00+00:00\",\"dateModified\":\"2020-03-08T06:32:59+00:00\",\"breadcrumb\":{\"@id\":\"https:\/\/www.carideal.com\/blog\/2012\/06\/21\/des-nouveaux-radars\/#breadcrumb\"},\"inLanguage\":\"fr-FR\",\"potentialAction\":[{\"@type\":\"ReadAction\",\"target\":[\"https:\/\/www.carideal.com\/blog\/2012\/06\/21\/des-nouveaux-radars\/\"]}]},{\"@type\":\"BreadcrumbList\",\"@id\":\"https:\/\/www.carideal.com\/blog\/2012\/06\/21\/des-nouveaux-radars\/#breadcrumb\",\"itemListElement\":[{\"@type\":\"ListItem\",\"position\":1,\"name\":\"Blog Carid\u00e9al\",\"item\":\"https:\/\/www.carideal.com\/blog\/\"},{\"@type\":\"ListItem\",\"position\":2,\"name\":\"Radar et s\u00e9curit\u00e9 routi\u00e8re\",\"item\":\"https:\/\/www.carideal.com\/blog\/radar-et-securite-routiere\/\"},{\"@type\":\"ListItem\",\"position\":3,\"name\":\"Des nouveaux radars\"}]},{\"@type\":\"WebSite\",\"@id\":\"https:\/\/www.carideal.com\/blog\/#website\",\"url\":\"https:\/\/www.carideal.com\/blog\/\",\"name\":\"Blog auto Carid\u00e9al\",\"description\":\"Actualit\u00e9 auto par des passionn\u00e9s\",\"publisher\":{\"@id\":\"https:\/\/www.carideal.com\/blog\/#organization\"},\"potentialAction\":[{\"@type\":\"SearchAction\",\"target\":{\"@type\":\"EntryPoint\",\"urlTemplate\":\"https:\/\/www.carideal.com\/blog\/?s={search_term_string}\"},\"query-input\":{\"@type\":\"PropertyValueSpecification\",\"valueRequired\":true,\"valueName\":\"search_term_string\"}}],\"inLanguage\":\"fr-FR\"},{\"@type\":\"Organization\",\"@id\":\"https:\/\/www.carideal.com\/blog\/#organization\",\"name\":\"Carideal\",\"url\":\"https:\/\/www.carideal.com\/blog\/\",\"logo\":{\"@type\":\"ImageObject\",\"inLanguage\":\"fr-FR\",\"@id\":\"https:\/\/www.carideal.com\/blog\/#\/schema\/logo\/image\/\",\"url\":\"http:\/\/www.carideal.com\/blog\/wp-content\/uploads\/2016\/03\/logo-carideal-mandataire-automobile.png\",\"contentUrl\":\"http:\/\/www.carideal.com\/blog\/wp-content\/uploads\/2016\/03\/logo-carideal-mandataire-automobile.png\",\"width\":300,\"height\":300,\"caption\":\"Carideal\"},\"image\":{\"@id\":\"https:\/\/www.carideal.com\/blog\/#\/schema\/logo\/image\/\"},\"sameAs\":[\"https:\/\/www.facebook.com\/Carideal.mandataire.automobile\",\"https:\/\/x.com\/caridealauto\",\"https:\/\/www.instagram.com\/carideal1\/\",\"https:\/\/www.linkedin.com\/company\/carideal.com\",\"https:\/\/fr.pinterest.com\/schiavonsas\/\",\"https:\/\/www.youtube.com\/user\/caridealsas\"]},{\"@type\":\"Person\",\"@id\":\"https:\/\/www.carideal.com\/blog\/#\/schema\/person\/985c7e757d1042d647f21bfaf8d41ebc\",\"name\":\"N.S Carideal\",\"image\":{\"@type\":\"ImageObject\",\"inLanguage\":\"fr-FR\",\"@id\":\"https:\/\/www.carideal.com\/blog\/#\/schema\/person\/image\/\",\"url\":\"https:\/\/secure.gravatar.com\/avatar\/edb7ccdf1a4e3d14aef967760d354d0e?s=96&r=g\",\"contentUrl\":\"https:\/\/secure.gravatar.com\/avatar\/edb7ccdf1a4e3d14aef967760d354d0e?s=96&r=g\",\"caption\":\"N.S Carideal\"},\"description\":\"Depuis tout petit fan d'automobile. Il est question d'essayer et de comparer toutes ces voitures qui nous ont fait r\u00e9ver, avant que celles-ci ne devient uniquement des voitures de collection.\",\"sameAs\":[\"http:\/\/www.carideal.com\/blog\",\"https:\/\/www.facebook.com\/Carideal.mandataire.automobile\/\",\"https:\/\/www.linkedin.com\/in\/nschiavon\/\",\"https:\/\/www.youtube.com\/user\/caridealsas\/\"],\"url\":\"https:\/\/www.carideal.com\/blog\/author\/admin_carideal\/\"}]}<\/script>\n<!-- \/ Yoast SEO plugin. -->","yoast_head_json":{"title":"Des nouveaux radars - Blog auto Carid\u00e9al","robots":{"index":"index","follow":"follow","max-snippet":"max-snippet:-1","max-image-preview":"max-image-preview:large","max-video-preview":"max-video-preview:-1"},"canonical":"https:\/\/www.carideal.com\/blog\/2012\/06\/21\/des-nouveaux-radars\/","og_locale":"fr_FR","og_type":"article","og_title":"Des nouveaux radars - Blog auto Carid\u00e9al","og_description":"Les radars tron\u00e7ons aussi appel\u00e9s radar \u00e0 vitesse moyenne sont en cour d'am\u00e9nagement. Ces radars ne calculeront plus la vitesse instantan\u00e9e en un point donn\u00e9 comme les radars automatiques classiques mais la vitesse moyenne sur un tron\u00e7ons de plusieurs kilom\u00e8tre.Le fonctionnement est simple puisque un radar enregistre tout les v\u00e9hicules qui passent \u00e0 un endroit ... Lire plus","og_url":"https:\/\/www.carideal.com\/blog\/2012\/06\/21\/des-nouveaux-radars\/","og_site_name":"Blog auto Carid\u00e9al","article_publisher":"https:\/\/www.facebook.com\/Carideal.mandataire.automobile","article_author":"https:\/\/www.facebook.com\/Carideal.mandataire.automobile\/","article_published_time":"2012-06-21T16:10:00+00:00","article_modified_time":"2020-03-08T06:32:59+00:00","og_image":[{"width":300,"height":300,"url":"https:\/\/www.carideal.com\/blog\/wp-content\/uploads\/2016\/03\/logo-carideal-mandataire-automobile.png","type":"image\/png"}],"author":"N.S Carideal","twitter_card":"summary_large_image","twitter_creator":"@caridealauto","twitter_site":"@caridealauto","twitter_misc":{"\u00c9crit par":"N.S Carideal","Dur\u00e9e de lecture estim\u00e9e":"2 minutes"},"schema":{"@context":"https:\/\/schema.org","@graph":[{"@type":"Article","@id":"https:\/\/www.carideal.com\/blog\/2012\/06\/21\/des-nouveaux-radars\/#article","isPartOf":{"@id":"https:\/\/www.carideal.com\/blog\/2012\/06\/21\/des-nouveaux-radars\/"},"author":{"name":"N.S Carideal","@id":"https:\/\/www.carideal.com\/blog\/#\/schema\/person\/985c7e757d1042d647f21bfaf8d41ebc"},"headline":"Des nouveaux radars","datePublished":"2012-06-21T16:10:00+00:00","dateModified":"2020-03-08T06:32:59+00:00","mainEntityOfPage":{"@id":"https:\/\/www.carideal.com\/blog\/2012\/06\/21\/des-nouveaux-radars\/"},"wordCount":314,"commentCount":0,"publisher":{"@id":"https:\/\/www.carideal.com\/blog\/#organization"},"articleSection":["Radar et s\u00e9curit\u00e9 routi\u00e8re"],"inLanguage":"fr-FR","potentialAction":[{"@type":"CommentAction","name":"Comment","target":["https:\/\/www.carideal.com\/blog\/2012\/06\/21\/des-nouveaux-radars\/#respond"]}]},{"@type":"WebPage","@id":"https:\/\/www.carideal.com\/blog\/2012\/06\/21\/des-nouveaux-radars\/","url":"https:\/\/www.carideal.com\/blog\/2012\/06\/21\/des-nouveaux-radars\/","name":"Des nouveaux radars - Blog auto Carid\u00e9al","isPartOf":{"@id":"https:\/\/www.carideal.com\/blog\/#website"},"datePublished":"2012-06-21T16:10:00+00:00","dateModified":"2020-03-08T06:32:59+00:00","breadcrumb":{"@id":"https:\/\/www.carideal.com\/blog\/2012\/06\/21\/des-nouveaux-radars\/#breadcrumb"},"inLanguage":"fr-FR","potentialAction":[{"@type":"ReadAction","target":["https:\/\/www.carideal.com\/blog\/2012\/06\/21\/des-nouveaux-radars\/"]}]},{"@type":"BreadcrumbList","@id":"https:\/\/www.carideal.com\/blog\/2012\/06\/21\/des-nouveaux-radars\/#breadcrumb","itemListElement":[{"@type":"ListItem","position":1,"name":"Blog Carid\u00e9al","item":"https:\/\/www.carideal.com\/blog\/"},{"@type":"ListItem","position":2,"name":"Radar et s\u00e9curit\u00e9 routi\u00e8re","item":"https:\/\/www.carideal.com\/blog\/radar-et-securite-routiere\/"},{"@type":"ListItem","position":3,"name":"Des nouveaux radars"}]},{"@type":"WebSite","@id":"https:\/\/www.carideal.com\/blog\/#website","url":"https:\/\/www.carideal.com\/blog\/","name":"Blog auto Carid\u00e9al","description":"Actualit\u00e9 auto par des passionn\u00e9s","publisher":{"@id":"https:\/\/www.carideal.com\/blog\/#organization"},"potentialAction":[{"@type":"SearchAction","target":{"@type":"EntryPoint","urlTemplate":"https:\/\/www.carideal.com\/blog\/?s={search_term_string}"},"query-input":{"@type":"PropertyValueSpecification","valueRequired":true,"valueName":"search_term_string"}}],"inLanguage":"fr-FR"},{"@type":"Organization","@id":"https:\/\/www.carideal.com\/blog\/#organization","name":"Carideal","url":"https:\/\/www.carideal.com\/blog\/","logo":{"@type":"ImageObject","inLanguage":"fr-FR","@id":"https:\/\/www.carideal.com\/blog\/#\/schema\/logo\/image\/","url":"http:\/\/www.carideal.com\/blog\/wp-content\/uploads\/2016\/03\/logo-carideal-mandataire-automobile.png","contentUrl":"http:\/\/www.carideal.com\/blog\/wp-content\/uploads\/2016\/03\/logo-carideal-mandataire-automobile.png","width":300,"height":300,"caption":"Carideal"},"image":{"@id":"https:\/\/www.carideal.com\/blog\/#\/schema\/logo\/image\/"},"sameAs":["https:\/\/www.facebook.com\/Carideal.mandataire.automobile","https:\/\/x.com\/caridealauto","https:\/\/www.instagram.com\/carideal1\/","https:\/\/www.linkedin.com\/company\/carideal.com","https:\/\/fr.pinterest.com\/schiavonsas\/","https:\/\/www.youtube.com\/user\/caridealsas"]},{"@type":"Person","@id":"https:\/\/www.carideal.com\/blog\/#\/schema\/person\/985c7e757d1042d647f21bfaf8d41ebc","name":"N.S Carideal","image":{"@type":"ImageObject","inLanguage":"fr-FR","@id":"https:\/\/www.carideal.com\/blog\/#\/schema\/person\/image\/","url":"https:\/\/secure.gravatar.com\/avatar\/edb7ccdf1a4e3d14aef967760d354d0e?s=96&r=g","contentUrl":"https:\/\/secure.gravatar.com\/avatar\/edb7ccdf1a4e3d14aef967760d354d0e?s=96&r=g","caption":"N.S Carideal"},"description":"Depuis tout petit fan d'automobile. Il est question d'essayer et de comparer toutes ces voitures qui nous ont fait r\u00e9ver, avant que celles-ci ne devient uniquement des voitures de collection.","sameAs":["http:\/\/www.carideal.com\/blog","https:\/\/www.facebook.com\/Carideal.mandataire.automobile\/","https:\/\/www.linkedin.com\/in\/nschiavon\/","https:\/\/www.youtube.com\/user\/caridealsas\/"],"url":"https:\/\/www.carideal.com\/blog\/author\/admin_carideal\/"}]}},"uagb_featured_image_src":{"full":false,"thumbnail":false,"medium":false,"medium_large":false,"large":false,"1536x1536":false,"2048x2048":false,"wppr-widget":false},"uagb_author_info":{"display_name":"N.S Carideal","author_link":"https:\/\/www.carideal.com\/blog\/author\/admin_carideal\/"},"uagb_comment_info":0,"uagb_excerpt":"Les radars tron\u00e7ons aussi appel\u00e9s radar \u00e0 vitesse moyenne sont en cour d'am\u00e9nagement. Ces radars ne calculeront plus la vitesse instantan\u00e9e en un point donn\u00e9 comme les radars automatiques classiques mais la vitesse moyenne sur un tron\u00e7ons de plusieurs kilom\u00e8tre.Le fonctionnement est simple puisque un radar enregistre tout les v\u00e9hicules qui passent \u00e0 un endroit\u2026","_links":{"self":[{"href":"https:\/\/www.carideal.com\/blog\/wp-json\/wp\/v2\/posts\/1638"}],"collection":[{"href":"https:\/\/www.carideal.com\/blog\/wp-json\/wp\/v2\/posts"}],"about":[{"href":"https:\/\/www.carideal.com\/blog\/wp-json\/wp\/v2\/types\/post"}],"author":[{"embeddable":true,"href":"https:\/\/www.carideal.com\/blog\/wp-json\/wp\/v2\/users\/1"}],"replies":[{"embeddable":true,"href":"https:\/\/www.carideal.com\/blog\/wp-json\/wp\/v2\/comments?post=1638"}],"version-history":[{"count":0,"href":"https:\/\/www.carideal.com\/blog\/wp-json\/wp\/v2\/posts\/1638\/revisions"}],"wp:attachment":[{"href":"https:\/\/www.carideal.com\/blog\/wp-json\/wp\/v2\/media?parent=1638"}],"wp:term":[{"taxonomy":"category","embeddable":true,"href":"https:\/\/www.carideal.com\/blog\/wp-json\/wp\/v2\/categories?post=1638"},{"taxonomy":"post_tag","embeddable":true,"href":"https:\/\/www.carideal.com\/blog\/wp-json\/wp\/v2\/tags?post=1638"}],"curies":[{"name":"wp","href":"https:\/\/api.w.org\/{rel}","templated":true}]}}