{"id":1634,"date":"2012-02-23T12:39:00","date_gmt":"2012-02-23T12:39:00","guid":{"rendered":"http:\/\/carideal.com\/blog\/?p=1634"},"modified":"2018-05-01T19:15:57","modified_gmt":"2018-05-01T17:15:57","slug":"crash-audi-r8-chrome","status":"publish","type":"post","link":"https:\/\/www.carideal.com\/blog\/2012\/02\/23\/crash-audi-r8-chrome\/","title":{"rendered":"Accident de voiture Audi R8 Chrome \u00e0 Londres"},"content":{"rendered":"<h1>Accident de voiture : une Audi R8 Chrome se crash \u00e0 Londres<\/h1>\n<p>De gros d\u00e9g\u00e2ts m\u00e9caniques sur cette Audi R8 Chrome<\/p>\n<p>Une Audi R8 s'est scratch\u00e9e A londres, sans doute le conducteur n'\u00e9tait pas habitu\u00e9 \u00e0 la conduite \u00e0 gauche, rouait-il un peu trop vite.<\/p>\n<p>Cette Audi R8 Chrome\u00a0s'est r\u00e9cemment\u00a0scratch\u00e9e \u00e0 Londres \u00e0 ce que je peux voir, c'est que la roue avant est cass\u00e9e alors je suppose qu'il a\u00a0tap\u00e9 un trottoir ou quelque chose du genre. Vous pouvez regarder la vid\u00e9o de\u00a0l'Audi en bon \u00e9tat et ensuite apr\u00e8s l'accident.\u00a0L'Audi est belle elle a subi un rev\u00eatement total covering\u00a0chrome et est \u00e9quip\u00e9 d'un \u00e9chappement sport pour une bande son boost\u00e9e gr\u00e2ce \u00e0 l'\u00e9chappement modifi\u00e9 (\u00e9coutez bien) ...<\/p>\n<p>Voir les vid\u00e9os ...<\/p>\n<p>Nous venons de recevoir cette vid\u00e9o d'une Audi R8 de Bonn, en Allemagne, qui\u00a0a eu un accident \u00e0 Londres. L'Audi R8 chrom\u00e9e a \u00e9t\u00e9 rep\u00e9r\u00e9e en meilleur \u00e9tat \u00e0 Londres la semaine derni\u00e8re. Ce qui a caus\u00e9 l'accident n'est pas clair pour l'instant, mais la roue avant est cass\u00e9e.<\/p>\n<p>Le total covering\u00a0n'est pas la seule modification apport\u00e9e \u00e0 cette R8 allemande. Un \u00e9chappement\u00a0plus gracieux a \u00e9t\u00e9 mont\u00e9 pour donner \u00e0 la R8 une bande sonore am\u00e9lior\u00e9e comme le prouve la deuxi\u00e8me vid\u00e9o ci-dessous.<\/p>\n<p><iframe loading=\"lazy\" src=\"http:\/\/www.youtube.com\/embed\/ajmBDKJHgWM\" width=\"640\" height=\"360\" frameborder=\"0\" allowfullscreen=\"allowfullscreen\"><\/iframe><\/p>\n","protected":false},"excerpt":{"rendered":"<p>Accident de voiture : une Audi R8 Chrome se crash \u00e0 Londres De gros d\u00e9g\u00e2ts m\u00e9caniques sur cette Audi R8 Chrome Une Audi R8 s&rsquo;est scratch\u00e9e A londres, sans doute le conducteur n&rsquo;\u00e9tait pas habitu\u00e9 \u00e0 la conduite \u00e0 gauche, rouait-il un peu trop vite. Cette Audi R8 Chrome\u00a0s&rsquo;est r\u00e9cemment\u00a0scratch\u00e9e \u00e0 Londres \u00e0 ce que &#8230; <a title=\"Accident de voiture Audi R8 Chrome \u00e0 Londres\" class=\"read-more\" href=\"https:\/\/www.carideal.com\/blog\/2012\/02\/23\/crash-audi-r8-chrome\/\" aria-label=\"En savoir plus sur Accident de voiture Audi R8 Chrome \u00e0 Londres\">Lire plus<\/a><\/p>\n","protected":false},"author":1,"featured_media":17203,"comment_status":"open","ping_status":"open","sticky":false,"template":"","format":"standard","meta":{"_uag_custom_page_level_css":"","_themeisle_gutenberg_block_has_review":false,"footnotes":""},"categories":[5994,15,18],"tags":[1233],"class_list":["post-1634","post","type-post","status-publish","format-standard","has-post-thumbnail","hentry","category-fun","category-radar-et-securite-routiere","category-videos","tag-accident"],"wppr_data":{"cwp_meta_box_check":"No"},"yoast_head":"<!-- This site is optimized with the Yoast SEO plugin v24.8.1 - https:\/\/yoast.com\/wordpress\/plugins\/seo\/ -->\n<title>Accident de voiture Audi R8 Chrome \u00e0 Londres - Blog auto Carid\u00e9al<\/title>\n<meta name=\"description\" content=\"De gros d\u00e9g\u00e2ts m\u00e9caniques sur cette Audi R8 Chrome. Une Audi R8 s&#039;est scratch\u00e9e A londres, sans doute le conducteur n&#039;\u00e9tait pas habitu\u00e9 \u00e0 la conduite \u00e0 gauche, rouait-il un peu trop vite.\" \/>\n<meta name=\"robots\" content=\"index, follow, max-snippet:-1, max-image-preview:large, max-video-preview:-1\" \/>\n<link rel=\"canonical\" href=\"https:\/\/www.carideal.com\/blog\/2012\/02\/23\/crash-audi-r8-chrome\/\" \/>\n<meta property=\"og:locale\" content=\"fr_FR\" \/>\n<meta property=\"og:type\" content=\"article\" \/>\n<meta property=\"og:title\" content=\"Accident de voiture Audi R8 Chrome \u00e0 Londres - Blog auto Carid\u00e9al\" \/>\n<meta property=\"og:description\" content=\"De gros d\u00e9g\u00e2ts m\u00e9caniques sur cette Audi R8 Chrome. Une Audi R8 s&#039;est scratch\u00e9e A londres, sans doute le conducteur n&#039;\u00e9tait pas habitu\u00e9 \u00e0 la conduite \u00e0 gauche, rouait-il un peu trop vite.\" \/>\n<meta property=\"og:url\" content=\"https:\/\/www.carideal.com\/blog\/2012\/02\/23\/crash-audi-r8-chrome\/\" \/>\n<meta property=\"og:site_name\" content=\"Blog auto Carid\u00e9al\" \/>\n<meta property=\"article:publisher\" content=\"https:\/\/www.facebook.com\/Carideal.mandataire.automobile\" \/>\n<meta property=\"article:author\" content=\"https:\/\/www.facebook.com\/Carideal.mandataire.automobile\/\" \/>\n<meta property=\"article:published_time\" content=\"2012-02-23T12:39:00+00:00\" \/>\n<meta property=\"article:modified_time\" content=\"2018-05-01T17:15:57+00:00\" \/>\n<meta property=\"og:image\" content=\"https:\/\/www.carideal.com\/blog\/wp-content\/uploads\/2012\/02\/audi-r8-chromee-crash-londres-carideal_m.jpg\" \/>\n\t<meta property=\"og:image:width\" content=\"448\" \/>\n\t<meta property=\"og:image:height\" content=\"261\" \/>\n\t<meta property=\"og:image:type\" content=\"image\/jpeg\" \/>\n<meta name=\"author\" content=\"N.S Carideal\" \/>\n<meta name=\"twitter:card\" content=\"summary_large_image\" \/>\n<meta name=\"twitter:creator\" content=\"@caridealauto\" \/>\n<meta name=\"twitter:site\" content=\"@caridealauto\" \/>\n<meta name=\"twitter:label1\" content=\"\u00c9crit par\" \/>\n\t<meta name=\"twitter:data1\" content=\"N.S Carideal\" \/>\n\t<meta name=\"twitter:label2\" content=\"Dur\u00e9e de lecture estim\u00e9e\" \/>\n\t<meta name=\"twitter:data2\" content=\"1 minute\" \/>\n<script type=\"application\/ld+json\" class=\"yoast-schema-graph\">{\"@context\":\"https:\/\/schema.org\",\"@graph\":[{\"@type\":\"Article\",\"@id\":\"https:\/\/www.carideal.com\/blog\/2012\/02\/23\/crash-audi-r8-chrome\/#article\",\"isPartOf\":{\"@id\":\"https:\/\/www.carideal.com\/blog\/2012\/02\/23\/crash-audi-r8-chrome\/\"},\"author\":{\"name\":\"N.S Carideal\",\"@id\":\"https:\/\/www.carideal.com\/blog\/#\/schema\/person\/985c7e757d1042d647f21bfaf8d41ebc\"},\"headline\":\"Accident de voiture Audi R8 Chrome \u00e0 Londres\",\"datePublished\":\"2012-02-23T12:39:00+00:00\",\"dateModified\":\"2018-05-01T17:15:57+00:00\",\"mainEntityOfPage\":{\"@id\":\"https:\/\/www.carideal.com\/blog\/2012\/02\/23\/crash-audi-r8-chrome\/\"},\"wordCount\":233,\"commentCount\":0,\"publisher\":{\"@id\":\"https:\/\/www.carideal.com\/blog\/#organization\"},\"image\":{\"@id\":\"https:\/\/www.carideal.com\/blog\/2012\/02\/23\/crash-audi-r8-chrome\/#primaryimage\"},\"thumbnailUrl\":\"https:\/\/www.carideal.com\/blog\/wp-content\/uploads\/2012\/02\/audi-r8-chromee-crash-londres-carideal_m.jpg\",\"keywords\":[\"Accident de Voiture\"],\"articleSection\":[\"Fun\",\"Radar et s\u00e9curit\u00e9 routi\u00e8re\",\"Vid\u00e9o voiture : vid\u00e9o automobile\"],\"inLanguage\":\"fr-FR\",\"potentialAction\":[{\"@type\":\"CommentAction\",\"name\":\"Comment\",\"target\":[\"https:\/\/www.carideal.com\/blog\/2012\/02\/23\/crash-audi-r8-chrome\/#respond\"]}]},{\"@type\":\"WebPage\",\"@id\":\"https:\/\/www.carideal.com\/blog\/2012\/02\/23\/crash-audi-r8-chrome\/\",\"url\":\"https:\/\/www.carideal.com\/blog\/2012\/02\/23\/crash-audi-r8-chrome\/\",\"name\":\"Accident de voiture Audi R8 Chrome \u00e0 Londres - Blog auto Carid\u00e9al\",\"isPartOf\":{\"@id\":\"https:\/\/www.carideal.com\/blog\/#website\"},\"primaryImageOfPage\":{\"@id\":\"https:\/\/www.carideal.com\/blog\/2012\/02\/23\/crash-audi-r8-chrome\/#primaryimage\"},\"image\":{\"@id\":\"https:\/\/www.carideal.com\/blog\/2012\/02\/23\/crash-audi-r8-chrome\/#primaryimage\"},\"thumbnailUrl\":\"https:\/\/www.carideal.com\/blog\/wp-content\/uploads\/2012\/02\/audi-r8-chromee-crash-londres-carideal_m.jpg\",\"datePublished\":\"2012-02-23T12:39:00+00:00\",\"dateModified\":\"2018-05-01T17:15:57+00:00\",\"description\":\"De gros d\u00e9g\u00e2ts m\u00e9caniques sur cette Audi R8 Chrome. Une Audi R8 s'est scratch\u00e9e A londres, sans doute le conducteur n'\u00e9tait pas habitu\u00e9 \u00e0 la conduite \u00e0 gauche, rouait-il un peu trop vite.\",\"breadcrumb\":{\"@id\":\"https:\/\/www.carideal.com\/blog\/2012\/02\/23\/crash-audi-r8-chrome\/#breadcrumb\"},\"inLanguage\":\"fr-FR\",\"potentialAction\":[{\"@type\":\"ReadAction\",\"target\":[\"https:\/\/www.carideal.com\/blog\/2012\/02\/23\/crash-audi-r8-chrome\/\"]}]},{\"@type\":\"ImageObject\",\"inLanguage\":\"fr-FR\",\"@id\":\"https:\/\/www.carideal.com\/blog\/2012\/02\/23\/crash-audi-r8-chrome\/#primaryimage\",\"url\":\"https:\/\/www.carideal.com\/blog\/wp-content\/uploads\/2012\/02\/audi-r8-chromee-crash-londres-carideal_m.jpg\",\"contentUrl\":\"https:\/\/www.carideal.com\/blog\/wp-content\/uploads\/2012\/02\/audi-r8-chromee-crash-londres-carideal_m.jpg\",\"width\":448,\"height\":261,\"caption\":\"Accident de voiture Audi R8 Chrome \u00e0 Londre\"},{\"@type\":\"BreadcrumbList\",\"@id\":\"https:\/\/www.carideal.com\/blog\/2012\/02\/23\/crash-audi-r8-chrome\/#breadcrumb\",\"itemListElement\":[{\"@type\":\"ListItem\",\"position\":1,\"name\":\"Blog Carid\u00e9al\",\"item\":\"https:\/\/www.carideal.com\/blog\/\"},{\"@type\":\"ListItem\",\"position\":2,\"name\":\"Radar et s\u00e9curit\u00e9 routi\u00e8re\",\"item\":\"https:\/\/www.carideal.com\/blog\/radar-et-securite-routiere\/\"},{\"@type\":\"ListItem\",\"position\":3,\"name\":\"Accident de voiture Audi R8 Chrome \u00e0 Londres\"}]},{\"@type\":\"WebSite\",\"@id\":\"https:\/\/www.carideal.com\/blog\/#website\",\"url\":\"https:\/\/www.carideal.com\/blog\/\",\"name\":\"Blog auto Carid\u00e9al\",\"description\":\"Actualit\u00e9 auto par des passionn\u00e9s\",\"publisher\":{\"@id\":\"https:\/\/www.carideal.com\/blog\/#organization\"},\"potentialAction\":[{\"@type\":\"SearchAction\",\"target\":{\"@type\":\"EntryPoint\",\"urlTemplate\":\"https:\/\/www.carideal.com\/blog\/?s={search_term_string}\"},\"query-input\":{\"@type\":\"PropertyValueSpecification\",\"valueRequired\":true,\"valueName\":\"search_term_string\"}}],\"inLanguage\":\"fr-FR\"},{\"@type\":\"Organization\",\"@id\":\"https:\/\/www.carideal.com\/blog\/#organization\",\"name\":\"Carideal\",\"url\":\"https:\/\/www.carideal.com\/blog\/\",\"logo\":{\"@type\":\"ImageObject\",\"inLanguage\":\"fr-FR\",\"@id\":\"https:\/\/www.carideal.com\/blog\/#\/schema\/logo\/image\/\",\"url\":\"http:\/\/www.carideal.com\/blog\/wp-content\/uploads\/2016\/03\/logo-carideal-mandataire-automobile.png\",\"contentUrl\":\"http:\/\/www.carideal.com\/blog\/wp-content\/uploads\/2016\/03\/logo-carideal-mandataire-automobile.png\",\"width\":300,\"height\":300,\"caption\":\"Carideal\"},\"image\":{\"@id\":\"https:\/\/www.carideal.com\/blog\/#\/schema\/logo\/image\/\"},\"sameAs\":[\"https:\/\/www.facebook.com\/Carideal.mandataire.automobile\",\"https:\/\/x.com\/caridealauto\",\"https:\/\/www.instagram.com\/carideal1\/\",\"https:\/\/www.linkedin.com\/company\/carideal.com\",\"https:\/\/fr.pinterest.com\/schiavonsas\/\",\"https:\/\/www.youtube.com\/user\/caridealsas\"]},{\"@type\":\"Person\",\"@id\":\"https:\/\/www.carideal.com\/blog\/#\/schema\/person\/985c7e757d1042d647f21bfaf8d41ebc\",\"name\":\"N.S Carideal\",\"image\":{\"@type\":\"ImageObject\",\"inLanguage\":\"fr-FR\",\"@id\":\"https:\/\/www.carideal.com\/blog\/#\/schema\/person\/image\/\",\"url\":\"https:\/\/secure.gravatar.com\/avatar\/edb7ccdf1a4e3d14aef967760d354d0e?s=96&r=g\",\"contentUrl\":\"https:\/\/secure.gravatar.com\/avatar\/edb7ccdf1a4e3d14aef967760d354d0e?s=96&r=g\",\"caption\":\"N.S Carideal\"},\"description\":\"Depuis tout petit fan d'automobile. Il est question d'essayer et de comparer toutes ces voitures qui nous ont fait r\u00e9ver, avant que celles-ci ne devient uniquement des voitures de collection.\",\"sameAs\":[\"http:\/\/www.carideal.com\/blog\",\"https:\/\/www.facebook.com\/Carideal.mandataire.automobile\/\",\"https:\/\/www.linkedin.com\/in\/nschiavon\/\",\"https:\/\/www.youtube.com\/user\/caridealsas\/\"],\"url\":\"https:\/\/www.carideal.com\/blog\/author\/admin_carideal\/\"}]}<\/script>\n<!-- \/ Yoast SEO plugin. -->","yoast_head_json":{"title":"Accident de voiture Audi R8 Chrome \u00e0 Londres - Blog auto Carid\u00e9al","description":"De gros d\u00e9g\u00e2ts m\u00e9caniques sur cette Audi R8 Chrome. Une Audi R8 s'est scratch\u00e9e A londres, sans doute le conducteur n'\u00e9tait pas habitu\u00e9 \u00e0 la conduite \u00e0 gauche, rouait-il un peu trop vite.","robots":{"index":"index","follow":"follow","max-snippet":"max-snippet:-1","max-image-preview":"max-image-preview:large","max-video-preview":"max-video-preview:-1"},"canonical":"https:\/\/www.carideal.com\/blog\/2012\/02\/23\/crash-audi-r8-chrome\/","og_locale":"fr_FR","og_type":"article","og_title":"Accident de voiture Audi R8 Chrome \u00e0 Londres - Blog auto Carid\u00e9al","og_description":"De gros d\u00e9g\u00e2ts m\u00e9caniques sur cette Audi R8 Chrome. Une Audi R8 s'est scratch\u00e9e A londres, sans doute le conducteur n'\u00e9tait pas habitu\u00e9 \u00e0 la conduite \u00e0 gauche, rouait-il un peu trop vite.","og_url":"https:\/\/www.carideal.com\/blog\/2012\/02\/23\/crash-audi-r8-chrome\/","og_site_name":"Blog auto Carid\u00e9al","article_publisher":"https:\/\/www.facebook.com\/Carideal.mandataire.automobile","article_author":"https:\/\/www.facebook.com\/Carideal.mandataire.automobile\/","article_published_time":"2012-02-23T12:39:00+00:00","article_modified_time":"2018-05-01T17:15:57+00:00","og_image":[{"width":448,"height":261,"url":"https:\/\/www.carideal.com\/blog\/wp-content\/uploads\/2012\/02\/audi-r8-chromee-crash-londres-carideal_m.jpg","type":"image\/jpeg"}],"author":"N.S Carideal","twitter_card":"summary_large_image","twitter_creator":"@caridealauto","twitter_site":"@caridealauto","twitter_misc":{"\u00c9crit par":"N.S Carideal","Dur\u00e9e de lecture estim\u00e9e":"1 minute"},"schema":{"@context":"https:\/\/schema.org","@graph":[{"@type":"Article","@id":"https:\/\/www.carideal.com\/blog\/2012\/02\/23\/crash-audi-r8-chrome\/#article","isPartOf":{"@id":"https:\/\/www.carideal.com\/blog\/2012\/02\/23\/crash-audi-r8-chrome\/"},"author":{"name":"N.S Carideal","@id":"https:\/\/www.carideal.com\/blog\/#\/schema\/person\/985c7e757d1042d647f21bfaf8d41ebc"},"headline":"Accident de voiture Audi R8 Chrome \u00e0 Londres","datePublished":"2012-02-23T12:39:00+00:00","dateModified":"2018-05-01T17:15:57+00:00","mainEntityOfPage":{"@id":"https:\/\/www.carideal.com\/blog\/2012\/02\/23\/crash-audi-r8-chrome\/"},"wordCount":233,"commentCount":0,"publisher":{"@id":"https:\/\/www.carideal.com\/blog\/#organization"},"image":{"@id":"https:\/\/www.carideal.com\/blog\/2012\/02\/23\/crash-audi-r8-chrome\/#primaryimage"},"thumbnailUrl":"https:\/\/www.carideal.com\/blog\/wp-content\/uploads\/2012\/02\/audi-r8-chromee-crash-londres-carideal_m.jpg","keywords":["Accident de Voiture"],"articleSection":["Fun","Radar et s\u00e9curit\u00e9 routi\u00e8re","Vid\u00e9o voiture : vid\u00e9o automobile"],"inLanguage":"fr-FR","potentialAction":[{"@type":"CommentAction","name":"Comment","target":["https:\/\/www.carideal.com\/blog\/2012\/02\/23\/crash-audi-r8-chrome\/#respond"]}]},{"@type":"WebPage","@id":"https:\/\/www.carideal.com\/blog\/2012\/02\/23\/crash-audi-r8-chrome\/","url":"https:\/\/www.carideal.com\/blog\/2012\/02\/23\/crash-audi-r8-chrome\/","name":"Accident de voiture Audi R8 Chrome \u00e0 Londres - Blog auto Carid\u00e9al","isPartOf":{"@id":"https:\/\/www.carideal.com\/blog\/#website"},"primaryImageOfPage":{"@id":"https:\/\/www.carideal.com\/blog\/2012\/02\/23\/crash-audi-r8-chrome\/#primaryimage"},"image":{"@id":"https:\/\/www.carideal.com\/blog\/2012\/02\/23\/crash-audi-r8-chrome\/#primaryimage"},"thumbnailUrl":"https:\/\/www.carideal.com\/blog\/wp-content\/uploads\/2012\/02\/audi-r8-chromee-crash-londres-carideal_m.jpg","datePublished":"2012-02-23T12:39:00+00:00","dateModified":"2018-05-01T17:15:57+00:00","description":"De gros d\u00e9g\u00e2ts m\u00e9caniques sur cette Audi R8 Chrome. Une Audi R8 s'est scratch\u00e9e A londres, sans doute le conducteur n'\u00e9tait pas habitu\u00e9 \u00e0 la conduite \u00e0 gauche, rouait-il un peu trop vite.","breadcrumb":{"@id":"https:\/\/www.carideal.com\/blog\/2012\/02\/23\/crash-audi-r8-chrome\/#breadcrumb"},"inLanguage":"fr-FR","potentialAction":[{"@type":"ReadAction","target":["https:\/\/www.carideal.com\/blog\/2012\/02\/23\/crash-audi-r8-chrome\/"]}]},{"@type":"ImageObject","inLanguage":"fr-FR","@id":"https:\/\/www.carideal.com\/blog\/2012\/02\/23\/crash-audi-r8-chrome\/#primaryimage","url":"https:\/\/www.carideal.com\/blog\/wp-content\/uploads\/2012\/02\/audi-r8-chromee-crash-londres-carideal_m.jpg","contentUrl":"https:\/\/www.carideal.com\/blog\/wp-content\/uploads\/2012\/02\/audi-r8-chromee-crash-londres-carideal_m.jpg","width":448,"height":261,"caption":"Accident de voiture Audi R8 Chrome \u00e0 Londre"},{"@type":"BreadcrumbList","@id":"https:\/\/www.carideal.com\/blog\/2012\/02\/23\/crash-audi-r8-chrome\/#breadcrumb","itemListElement":[{"@type":"ListItem","position":1,"name":"Blog Carid\u00e9al","item":"https:\/\/www.carideal.com\/blog\/"},{"@type":"ListItem","position":2,"name":"Radar et s\u00e9curit\u00e9 routi\u00e8re","item":"https:\/\/www.carideal.com\/blog\/radar-et-securite-routiere\/"},{"@type":"ListItem","position":3,"name":"Accident de voiture Audi R8 Chrome \u00e0 Londres"}]},{"@type":"WebSite","@id":"https:\/\/www.carideal.com\/blog\/#website","url":"https:\/\/www.carideal.com\/blog\/","name":"Blog auto Carid\u00e9al","description":"Actualit\u00e9 auto par des passionn\u00e9s","publisher":{"@id":"https:\/\/www.carideal.com\/blog\/#organization"},"potentialAction":[{"@type":"SearchAction","target":{"@type":"EntryPoint","urlTemplate":"https:\/\/www.carideal.com\/blog\/?s={search_term_string}"},"query-input":{"@type":"PropertyValueSpecification","valueRequired":true,"valueName":"search_term_string"}}],"inLanguage":"fr-FR"},{"@type":"Organization","@id":"https:\/\/www.carideal.com\/blog\/#organization","name":"Carideal","url":"https:\/\/www.carideal.com\/blog\/","logo":{"@type":"ImageObject","inLanguage":"fr-FR","@id":"https:\/\/www.carideal.com\/blog\/#\/schema\/logo\/image\/","url":"http:\/\/www.carideal.com\/blog\/wp-content\/uploads\/2016\/03\/logo-carideal-mandataire-automobile.png","contentUrl":"http:\/\/www.carideal.com\/blog\/wp-content\/uploads\/2016\/03\/logo-carideal-mandataire-automobile.png","width":300,"height":300,"caption":"Carideal"},"image":{"@id":"https:\/\/www.carideal.com\/blog\/#\/schema\/logo\/image\/"},"sameAs":["https:\/\/www.facebook.com\/Carideal.mandataire.automobile","https:\/\/x.com\/caridealauto","https:\/\/www.instagram.com\/carideal1\/","https:\/\/www.linkedin.com\/company\/carideal.com","https:\/\/fr.pinterest.com\/schiavonsas\/","https:\/\/www.youtube.com\/user\/caridealsas"]},{"@type":"Person","@id":"https:\/\/www.carideal.com\/blog\/#\/schema\/person\/985c7e757d1042d647f21bfaf8d41ebc","name":"N.S Carideal","image":{"@type":"ImageObject","inLanguage":"fr-FR","@id":"https:\/\/www.carideal.com\/blog\/#\/schema\/person\/image\/","url":"https:\/\/secure.gravatar.com\/avatar\/edb7ccdf1a4e3d14aef967760d354d0e?s=96&r=g","contentUrl":"https:\/\/secure.gravatar.com\/avatar\/edb7ccdf1a4e3d14aef967760d354d0e?s=96&r=g","caption":"N.S Carideal"},"description":"Depuis tout petit fan d'automobile. Il est question d'essayer et de comparer toutes ces voitures qui nous ont fait r\u00e9ver, avant que celles-ci ne devient uniquement des voitures de collection.","sameAs":["http:\/\/www.carideal.com\/blog","https:\/\/www.facebook.com\/Carideal.mandataire.automobile\/","https:\/\/www.linkedin.com\/in\/nschiavon\/","https:\/\/www.youtube.com\/user\/caridealsas\/"],"url":"https:\/\/www.carideal.com\/blog\/author\/admin_carideal\/"}]}},"uagb_featured_image_src":{"full":["https:\/\/www.carideal.com\/blog\/wp-content\/uploads\/2012\/02\/audi-r8-chromee-crash-londres-carideal_m.jpg",448,261,false],"thumbnail":["https:\/\/www.carideal.com\/blog\/wp-content\/uploads\/2012\/02\/audi-r8-chromee-crash-londres-carideal_m-150x150.jpg",150,150,true],"medium":["https:\/\/www.carideal.com\/blog\/wp-content\/uploads\/2012\/02\/audi-r8-chromee-crash-londres-carideal_m-300x175.jpg",300,175,true],"medium_large":["https:\/\/www.carideal.com\/blog\/wp-content\/uploads\/2012\/02\/audi-r8-chromee-crash-londres-carideal_m.jpg",448,261,false],"large":["https:\/\/www.carideal.com\/blog\/wp-content\/uploads\/2012\/02\/audi-r8-chromee-crash-londres-carideal_m.jpg",448,261,false],"1536x1536":["https:\/\/www.carideal.com\/blog\/wp-content\/uploads\/2012\/02\/audi-r8-chromee-crash-londres-carideal_m.jpg",448,261,false],"2048x2048":["https:\/\/www.carideal.com\/blog\/wp-content\/uploads\/2012\/02\/audi-r8-chromee-crash-londres-carideal_m.jpg",448,261,false],"wppr-widget":["https:\/\/www.carideal.com\/blog\/wp-content\/uploads\/2012\/02\/audi-r8-chromee-crash-londres-carideal_m.jpg",50,29,false]},"uagb_author_info":{"display_name":"N.S Carideal","author_link":"https:\/\/www.carideal.com\/blog\/author\/admin_carideal\/"},"uagb_comment_info":0,"uagb_excerpt":"Accident de voiture : une Audi R8 Chrome se crash \u00e0 Londres De gros d\u00e9g\u00e2ts m\u00e9caniques sur cette Audi R8 Chrome Une Audi R8 s'est scratch\u00e9e A londres, sans doute le conducteur n'\u00e9tait pas habitu\u00e9 \u00e0 la conduite \u00e0 gauche, rouait-il un peu trop vite. Cette Audi R8 Chrome\u00a0s'est r\u00e9cemment\u00a0scratch\u00e9e \u00e0 Londres \u00e0 ce que\u2026","_links":{"self":[{"href":"https:\/\/www.carideal.com\/blog\/wp-json\/wp\/v2\/posts\/1634"}],"collection":[{"href":"https:\/\/www.carideal.com\/blog\/wp-json\/wp\/v2\/posts"}],"about":[{"href":"https:\/\/www.carideal.com\/blog\/wp-json\/wp\/v2\/types\/post"}],"author":[{"embeddable":true,"href":"https:\/\/www.carideal.com\/blog\/wp-json\/wp\/v2\/users\/1"}],"replies":[{"embeddable":true,"href":"https:\/\/www.carideal.com\/blog\/wp-json\/wp\/v2\/comments?post=1634"}],"version-history":[{"count":0,"href":"https:\/\/www.carideal.com\/blog\/wp-json\/wp\/v2\/posts\/1634\/revisions"}],"wp:featuredmedia":[{"embeddable":true,"href":"https:\/\/www.carideal.com\/blog\/wp-json\/wp\/v2\/media\/17203"}],"wp:attachment":[{"href":"https:\/\/www.carideal.com\/blog\/wp-json\/wp\/v2\/media?parent=1634"}],"wp:term":[{"taxonomy":"category","embeddable":true,"href":"https:\/\/www.carideal.com\/blog\/wp-json\/wp\/v2\/categories?post=1634"},{"taxonomy":"post_tag","embeddable":true,"href":"https:\/\/www.carideal.com\/blog\/wp-json\/wp\/v2\/tags?post=1634"}],"curies":[{"name":"wp","href":"https:\/\/api.w.org\/{rel}","templated":true}]}}