{"id":1632,"date":"2012-01-10T12:19:00","date_gmt":"2012-01-10T12:19:00","guid":{"rendered":"http:\/\/carideal.com\/blog\/?p=1632"},"modified":"2020-03-08T07:32:08","modified_gmt":"2020-03-08T06:32:08","slug":"decret-interdiction-avertisseur-de-radar-au-jo","status":"publish","type":"post","link":"https:\/\/www.carideal.com\/blog\/2012\/01\/10\/decret-interdiction-avertisseur-de-radar-au-jo\/","title":{"rendered":"Decret interdiction avertisseur de radar au JO"},"content":{"rendered":"<\/p>\n<blockquote>\n<p>Il est interdit de se servir d'un <a href=\"\/blog\/index.php?tag\/avertisseur\">avertisseur<\/a> de radar en France<\/p>\n<\/blockquote>\n<p>\nPour les possesseur de <a href=\"\/blog\/index.php?tag\/GPS\">GPS<\/a> pour mettre votre appareil en conformit\u00e9, vous devez d\u00e9sactiver les alertes radars pour la France sur votre appareil, puis supprimer la base de donn\u00e9es des radars pour la France. Si vous utilisez une application GPS pour <a href=\"\/blog\/index.php?tag\/iPhone\">iPhone<\/a>, <a href=\"\/blog\/index.php?tag\/iPad\">iPad<\/a> ou <a href=\"\/blog\/index.php?tag\/iPod%20touch\">iPod touch<\/a>, les fabricants feront en sorte que les <a href=\"\/blog\/index.php?tag\/alertes%20radars\">alertes radars<\/a> soient supprim\u00e9es lors de la prochaine mise \u00e0 jour du logiciel.<br \/>\nTom Tom par exemple travaille actuellement au d\u00e9veloppement d'un nouveau service pour la France qui vous avertira des zones de danger et en informera ses clients.<\/p>\n<p>Les <a href=\"\/blog\/index.php?tag\/avertisseur%20radars\">avertisseur radars<\/a> sur portable ne fonctionnent plus si on ne fait pas la mise \u00e0 jour, les avertisseurs normaux font la mise \u00e0 jour automatiquement \u00e0 la mise en route, et les gps avec carte de radars embarqu\u00e9s doivent avoir cette fonction d\u00e9sactiv\u00e9...... d\u00e9cret du 04-01-2012 publi\u00e9 au JO.<\/p>\n","protected":false},"excerpt":{"rendered":"<p>Il est interdit de se servir d&rsquo;un avertisseur de radar en France Pour les possesseur de GPS pour mettre votre appareil en conformit\u00e9, vous devez d\u00e9sactiver les alertes radars pour la France sur votre appareil, puis supprimer la base de donn\u00e9es des radars pour la France. Si vous utilisez une application GPS pour iPhone, iPad &#8230; <a title=\"Decret interdiction avertisseur de radar au JO\" class=\"read-more\" href=\"https:\/\/www.carideal.com\/blog\/2012\/01\/10\/decret-interdiction-avertisseur-de-radar-au-jo\/\" aria-label=\"En savoir plus sur Decret interdiction avertisseur de radar au JO\">Lire plus<\/a><\/p>\n","protected":false},"author":1,"featured_media":0,"comment_status":"open","ping_status":"open","sticky":false,"template":"","format":"standard","meta":{"_uag_custom_page_level_css":"","_themeisle_gutenberg_block_has_review":false,"footnotes":""},"categories":[15],"tags":[],"class_list":["post-1632","post","type-post","status-publish","format-standard","hentry","category-radar-et-securite-routiere"],"wppr_data":[],"yoast_head":"<!-- This site is optimized with the Yoast SEO plugin v24.8.1 - https:\/\/yoast.com\/wordpress\/plugins\/seo\/ -->\n<title>Decret interdiction avertisseur de radar au JO - Blog auto Carid\u00e9al<\/title>\n<meta name=\"robots\" content=\"index, follow, max-snippet:-1, max-image-preview:large, max-video-preview:-1\" \/>\n<link rel=\"canonical\" href=\"https:\/\/www.carideal.com\/blog\/2012\/01\/10\/decret-interdiction-avertisseur-de-radar-au-jo\/\" \/>\n<meta property=\"og:locale\" content=\"fr_FR\" \/>\n<meta property=\"og:type\" content=\"article\" \/>\n<meta property=\"og:title\" content=\"Decret interdiction avertisseur de radar au JO - Blog auto Carid\u00e9al\" \/>\n<meta property=\"og:description\" content=\"Il est interdit de se servir d&#039;un avertisseur de radar en France Pour les possesseur de GPS pour mettre votre appareil en conformit\u00e9, vous devez d\u00e9sactiver les alertes radars pour la France sur votre appareil, puis supprimer la base de donn\u00e9es des radars pour la France. Si vous utilisez une application GPS pour iPhone, iPad ... Lire plus\" \/>\n<meta property=\"og:url\" content=\"https:\/\/www.carideal.com\/blog\/2012\/01\/10\/decret-interdiction-avertisseur-de-radar-au-jo\/\" \/>\n<meta property=\"og:site_name\" content=\"Blog auto Carid\u00e9al\" \/>\n<meta property=\"article:publisher\" content=\"https:\/\/www.facebook.com\/Carideal.mandataire.automobile\" \/>\n<meta property=\"article:author\" content=\"https:\/\/www.facebook.com\/Carideal.mandataire.automobile\/\" \/>\n<meta property=\"article:published_time\" content=\"2012-01-10T12:19:00+00:00\" \/>\n<meta property=\"article:modified_time\" content=\"2020-03-08T06:32:08+00:00\" \/>\n<meta property=\"og:image\" content=\"https:\/\/www.carideal.com\/blog\/wp-content\/uploads\/2016\/03\/logo-carideal-mandataire-automobile.png\" \/>\n\t<meta property=\"og:image:width\" content=\"300\" \/>\n\t<meta property=\"og:image:height\" content=\"300\" \/>\n\t<meta property=\"og:image:type\" content=\"image\/png\" \/>\n<meta name=\"author\" content=\"N.S Carideal\" \/>\n<meta name=\"twitter:card\" content=\"summary_large_image\" \/>\n<meta name=\"twitter:creator\" content=\"@caridealauto\" \/>\n<meta name=\"twitter:site\" content=\"@caridealauto\" \/>\n<meta name=\"twitter:label1\" content=\"\u00c9crit par\" \/>\n\t<meta name=\"twitter:data1\" content=\"N.S Carideal\" \/>\n\t<meta name=\"twitter:label2\" content=\"Dur\u00e9e de lecture estim\u00e9e\" \/>\n\t<meta name=\"twitter:data2\" content=\"1 minute\" \/>\n<script type=\"application\/ld+json\" class=\"yoast-schema-graph\">{\"@context\":\"https:\/\/schema.org\",\"@graph\":[{\"@type\":\"Article\",\"@id\":\"https:\/\/www.carideal.com\/blog\/2012\/01\/10\/decret-interdiction-avertisseur-de-radar-au-jo\/#article\",\"isPartOf\":{\"@id\":\"https:\/\/www.carideal.com\/blog\/2012\/01\/10\/decret-interdiction-avertisseur-de-radar-au-jo\/\"},\"author\":{\"name\":\"N.S Carideal\",\"@id\":\"https:\/\/www.carideal.com\/blog\/#\/schema\/person\/985c7e757d1042d647f21bfaf8d41ebc\"},\"headline\":\"Decret interdiction avertisseur de radar au JO\",\"datePublished\":\"2012-01-10T12:19:00+00:00\",\"dateModified\":\"2020-03-08T06:32:08+00:00\",\"mainEntityOfPage\":{\"@id\":\"https:\/\/www.carideal.com\/blog\/2012\/01\/10\/decret-interdiction-avertisseur-de-radar-au-jo\/\"},\"wordCount\":165,\"commentCount\":1,\"publisher\":{\"@id\":\"https:\/\/www.carideal.com\/blog\/#organization\"},\"articleSection\":[\"Radar et s\u00e9curit\u00e9 routi\u00e8re\"],\"inLanguage\":\"fr-FR\",\"potentialAction\":[{\"@type\":\"CommentAction\",\"name\":\"Comment\",\"target\":[\"https:\/\/www.carideal.com\/blog\/2012\/01\/10\/decret-interdiction-avertisseur-de-radar-au-jo\/#respond\"]}]},{\"@type\":\"WebPage\",\"@id\":\"https:\/\/www.carideal.com\/blog\/2012\/01\/10\/decret-interdiction-avertisseur-de-radar-au-jo\/\",\"url\":\"https:\/\/www.carideal.com\/blog\/2012\/01\/10\/decret-interdiction-avertisseur-de-radar-au-jo\/\",\"name\":\"Decret interdiction avertisseur de radar au JO - Blog auto Carid\u00e9al\",\"isPartOf\":{\"@id\":\"https:\/\/www.carideal.com\/blog\/#website\"},\"datePublished\":\"2012-01-10T12:19:00+00:00\",\"dateModified\":\"2020-03-08T06:32:08+00:00\",\"breadcrumb\":{\"@id\":\"https:\/\/www.carideal.com\/blog\/2012\/01\/10\/decret-interdiction-avertisseur-de-radar-au-jo\/#breadcrumb\"},\"inLanguage\":\"fr-FR\",\"potentialAction\":[{\"@type\":\"ReadAction\",\"target\":[\"https:\/\/www.carideal.com\/blog\/2012\/01\/10\/decret-interdiction-avertisseur-de-radar-au-jo\/\"]}]},{\"@type\":\"BreadcrumbList\",\"@id\":\"https:\/\/www.carideal.com\/blog\/2012\/01\/10\/decret-interdiction-avertisseur-de-radar-au-jo\/#breadcrumb\",\"itemListElement\":[{\"@type\":\"ListItem\",\"position\":1,\"name\":\"Blog Carid\u00e9al\",\"item\":\"https:\/\/www.carideal.com\/blog\/\"},{\"@type\":\"ListItem\",\"position\":2,\"name\":\"Radar et s\u00e9curit\u00e9 routi\u00e8re\",\"item\":\"https:\/\/www.carideal.com\/blog\/radar-et-securite-routiere\/\"},{\"@type\":\"ListItem\",\"position\":3,\"name\":\"Decret interdiction avertisseur de radar au JO\"}]},{\"@type\":\"WebSite\",\"@id\":\"https:\/\/www.carideal.com\/blog\/#website\",\"url\":\"https:\/\/www.carideal.com\/blog\/\",\"name\":\"Blog auto Carid\u00e9al\",\"description\":\"Actualit\u00e9 auto par des passionn\u00e9s\",\"publisher\":{\"@id\":\"https:\/\/www.carideal.com\/blog\/#organization\"},\"potentialAction\":[{\"@type\":\"SearchAction\",\"target\":{\"@type\":\"EntryPoint\",\"urlTemplate\":\"https:\/\/www.carideal.com\/blog\/?s={search_term_string}\"},\"query-input\":{\"@type\":\"PropertyValueSpecification\",\"valueRequired\":true,\"valueName\":\"search_term_string\"}}],\"inLanguage\":\"fr-FR\"},{\"@type\":\"Organization\",\"@id\":\"https:\/\/www.carideal.com\/blog\/#organization\",\"name\":\"Carideal\",\"url\":\"https:\/\/www.carideal.com\/blog\/\",\"logo\":{\"@type\":\"ImageObject\",\"inLanguage\":\"fr-FR\",\"@id\":\"https:\/\/www.carideal.com\/blog\/#\/schema\/logo\/image\/\",\"url\":\"http:\/\/www.carideal.com\/blog\/wp-content\/uploads\/2016\/03\/logo-carideal-mandataire-automobile.png\",\"contentUrl\":\"http:\/\/www.carideal.com\/blog\/wp-content\/uploads\/2016\/03\/logo-carideal-mandataire-automobile.png\",\"width\":300,\"height\":300,\"caption\":\"Carideal\"},\"image\":{\"@id\":\"https:\/\/www.carideal.com\/blog\/#\/schema\/logo\/image\/\"},\"sameAs\":[\"https:\/\/www.facebook.com\/Carideal.mandataire.automobile\",\"https:\/\/x.com\/caridealauto\",\"https:\/\/www.instagram.com\/carideal1\/\",\"https:\/\/www.linkedin.com\/company\/carideal.com\",\"https:\/\/fr.pinterest.com\/schiavonsas\/\",\"https:\/\/www.youtube.com\/user\/caridealsas\"]},{\"@type\":\"Person\",\"@id\":\"https:\/\/www.carideal.com\/blog\/#\/schema\/person\/985c7e757d1042d647f21bfaf8d41ebc\",\"name\":\"N.S Carideal\",\"image\":{\"@type\":\"ImageObject\",\"inLanguage\":\"fr-FR\",\"@id\":\"https:\/\/www.carideal.com\/blog\/#\/schema\/person\/image\/\",\"url\":\"https:\/\/secure.gravatar.com\/avatar\/edb7ccdf1a4e3d14aef967760d354d0e?s=96&r=g\",\"contentUrl\":\"https:\/\/secure.gravatar.com\/avatar\/edb7ccdf1a4e3d14aef967760d354d0e?s=96&r=g\",\"caption\":\"N.S Carideal\"},\"description\":\"Depuis tout petit fan d'automobile. Il est question d'essayer et de comparer toutes ces voitures qui nous ont fait r\u00e9ver, avant que celles-ci ne devient uniquement des voitures de collection.\",\"sameAs\":[\"http:\/\/www.carideal.com\/blog\",\"https:\/\/www.facebook.com\/Carideal.mandataire.automobile\/\",\"https:\/\/www.linkedin.com\/in\/nschiavon\/\",\"https:\/\/www.youtube.com\/user\/caridealsas\/\"],\"url\":\"https:\/\/www.carideal.com\/blog\/author\/admin_carideal\/\"}]}<\/script>\n<!-- \/ Yoast SEO plugin. -->","yoast_head_json":{"title":"Decret interdiction avertisseur de radar au JO - Blog auto Carid\u00e9al","robots":{"index":"index","follow":"follow","max-snippet":"max-snippet:-1","max-image-preview":"max-image-preview:large","max-video-preview":"max-video-preview:-1"},"canonical":"https:\/\/www.carideal.com\/blog\/2012\/01\/10\/decret-interdiction-avertisseur-de-radar-au-jo\/","og_locale":"fr_FR","og_type":"article","og_title":"Decret interdiction avertisseur de radar au JO - Blog auto Carid\u00e9al","og_description":"Il est interdit de se servir d'un avertisseur de radar en France Pour les possesseur de GPS pour mettre votre appareil en conformit\u00e9, vous devez d\u00e9sactiver les alertes radars pour la France sur votre appareil, puis supprimer la base de donn\u00e9es des radars pour la France. Si vous utilisez une application GPS pour iPhone, iPad ... Lire plus","og_url":"https:\/\/www.carideal.com\/blog\/2012\/01\/10\/decret-interdiction-avertisseur-de-radar-au-jo\/","og_site_name":"Blog auto Carid\u00e9al","article_publisher":"https:\/\/www.facebook.com\/Carideal.mandataire.automobile","article_author":"https:\/\/www.facebook.com\/Carideal.mandataire.automobile\/","article_published_time":"2012-01-10T12:19:00+00:00","article_modified_time":"2020-03-08T06:32:08+00:00","og_image":[{"width":300,"height":300,"url":"https:\/\/www.carideal.com\/blog\/wp-content\/uploads\/2016\/03\/logo-carideal-mandataire-automobile.png","type":"image\/png"}],"author":"N.S Carideal","twitter_card":"summary_large_image","twitter_creator":"@caridealauto","twitter_site":"@caridealauto","twitter_misc":{"\u00c9crit par":"N.S Carideal","Dur\u00e9e de lecture estim\u00e9e":"1 minute"},"schema":{"@context":"https:\/\/schema.org","@graph":[{"@type":"Article","@id":"https:\/\/www.carideal.com\/blog\/2012\/01\/10\/decret-interdiction-avertisseur-de-radar-au-jo\/#article","isPartOf":{"@id":"https:\/\/www.carideal.com\/blog\/2012\/01\/10\/decret-interdiction-avertisseur-de-radar-au-jo\/"},"author":{"name":"N.S Carideal","@id":"https:\/\/www.carideal.com\/blog\/#\/schema\/person\/985c7e757d1042d647f21bfaf8d41ebc"},"headline":"Decret interdiction avertisseur de radar au JO","datePublished":"2012-01-10T12:19:00+00:00","dateModified":"2020-03-08T06:32:08+00:00","mainEntityOfPage":{"@id":"https:\/\/www.carideal.com\/blog\/2012\/01\/10\/decret-interdiction-avertisseur-de-radar-au-jo\/"},"wordCount":165,"commentCount":1,"publisher":{"@id":"https:\/\/www.carideal.com\/blog\/#organization"},"articleSection":["Radar et s\u00e9curit\u00e9 routi\u00e8re"],"inLanguage":"fr-FR","potentialAction":[{"@type":"CommentAction","name":"Comment","target":["https:\/\/www.carideal.com\/blog\/2012\/01\/10\/decret-interdiction-avertisseur-de-radar-au-jo\/#respond"]}]},{"@type":"WebPage","@id":"https:\/\/www.carideal.com\/blog\/2012\/01\/10\/decret-interdiction-avertisseur-de-radar-au-jo\/","url":"https:\/\/www.carideal.com\/blog\/2012\/01\/10\/decret-interdiction-avertisseur-de-radar-au-jo\/","name":"Decret interdiction avertisseur de radar au JO - Blog auto Carid\u00e9al","isPartOf":{"@id":"https:\/\/www.carideal.com\/blog\/#website"},"datePublished":"2012-01-10T12:19:00+00:00","dateModified":"2020-03-08T06:32:08+00:00","breadcrumb":{"@id":"https:\/\/www.carideal.com\/blog\/2012\/01\/10\/decret-interdiction-avertisseur-de-radar-au-jo\/#breadcrumb"},"inLanguage":"fr-FR","potentialAction":[{"@type":"ReadAction","target":["https:\/\/www.carideal.com\/blog\/2012\/01\/10\/decret-interdiction-avertisseur-de-radar-au-jo\/"]}]},{"@type":"BreadcrumbList","@id":"https:\/\/www.carideal.com\/blog\/2012\/01\/10\/decret-interdiction-avertisseur-de-radar-au-jo\/#breadcrumb","itemListElement":[{"@type":"ListItem","position":1,"name":"Blog Carid\u00e9al","item":"https:\/\/www.carideal.com\/blog\/"},{"@type":"ListItem","position":2,"name":"Radar et s\u00e9curit\u00e9 routi\u00e8re","item":"https:\/\/www.carideal.com\/blog\/radar-et-securite-routiere\/"},{"@type":"ListItem","position":3,"name":"Decret interdiction avertisseur de radar au JO"}]},{"@type":"WebSite","@id":"https:\/\/www.carideal.com\/blog\/#website","url":"https:\/\/www.carideal.com\/blog\/","name":"Blog auto Carid\u00e9al","description":"Actualit\u00e9 auto par des passionn\u00e9s","publisher":{"@id":"https:\/\/www.carideal.com\/blog\/#organization"},"potentialAction":[{"@type":"SearchAction","target":{"@type":"EntryPoint","urlTemplate":"https:\/\/www.carideal.com\/blog\/?s={search_term_string}"},"query-input":{"@type":"PropertyValueSpecification","valueRequired":true,"valueName":"search_term_string"}}],"inLanguage":"fr-FR"},{"@type":"Organization","@id":"https:\/\/www.carideal.com\/blog\/#organization","name":"Carideal","url":"https:\/\/www.carideal.com\/blog\/","logo":{"@type":"ImageObject","inLanguage":"fr-FR","@id":"https:\/\/www.carideal.com\/blog\/#\/schema\/logo\/image\/","url":"http:\/\/www.carideal.com\/blog\/wp-content\/uploads\/2016\/03\/logo-carideal-mandataire-automobile.png","contentUrl":"http:\/\/www.carideal.com\/blog\/wp-content\/uploads\/2016\/03\/logo-carideal-mandataire-automobile.png","width":300,"height":300,"caption":"Carideal"},"image":{"@id":"https:\/\/www.carideal.com\/blog\/#\/schema\/logo\/image\/"},"sameAs":["https:\/\/www.facebook.com\/Carideal.mandataire.automobile","https:\/\/x.com\/caridealauto","https:\/\/www.instagram.com\/carideal1\/","https:\/\/www.linkedin.com\/company\/carideal.com","https:\/\/fr.pinterest.com\/schiavonsas\/","https:\/\/www.youtube.com\/user\/caridealsas"]},{"@type":"Person","@id":"https:\/\/www.carideal.com\/blog\/#\/schema\/person\/985c7e757d1042d647f21bfaf8d41ebc","name":"N.S Carideal","image":{"@type":"ImageObject","inLanguage":"fr-FR","@id":"https:\/\/www.carideal.com\/blog\/#\/schema\/person\/image\/","url":"https:\/\/secure.gravatar.com\/avatar\/edb7ccdf1a4e3d14aef967760d354d0e?s=96&r=g","contentUrl":"https:\/\/secure.gravatar.com\/avatar\/edb7ccdf1a4e3d14aef967760d354d0e?s=96&r=g","caption":"N.S Carideal"},"description":"Depuis tout petit fan d'automobile. Il est question d'essayer et de comparer toutes ces voitures qui nous ont fait r\u00e9ver, avant que celles-ci ne devient uniquement des voitures de collection.","sameAs":["http:\/\/www.carideal.com\/blog","https:\/\/www.facebook.com\/Carideal.mandataire.automobile\/","https:\/\/www.linkedin.com\/in\/nschiavon\/","https:\/\/www.youtube.com\/user\/caridealsas\/"],"url":"https:\/\/www.carideal.com\/blog\/author\/admin_carideal\/"}]}},"uagb_featured_image_src":{"full":false,"thumbnail":false,"medium":false,"medium_large":false,"large":false,"1536x1536":false,"2048x2048":false,"wppr-widget":false},"uagb_author_info":{"display_name":"N.S Carideal","author_link":"https:\/\/www.carideal.com\/blog\/author\/admin_carideal\/"},"uagb_comment_info":1,"uagb_excerpt":"Il est interdit de se servir d'un avertisseur de radar en France Pour les possesseur de GPS pour mettre votre appareil en conformit\u00e9, vous devez d\u00e9sactiver les alertes radars pour la France sur votre appareil, puis supprimer la base de donn\u00e9es des radars pour la France. Si vous utilisez une application GPS pour iPhone, iPad\u2026","_links":{"self":[{"href":"https:\/\/www.carideal.com\/blog\/wp-json\/wp\/v2\/posts\/1632"}],"collection":[{"href":"https:\/\/www.carideal.com\/blog\/wp-json\/wp\/v2\/posts"}],"about":[{"href":"https:\/\/www.carideal.com\/blog\/wp-json\/wp\/v2\/types\/post"}],"author":[{"embeddable":true,"href":"https:\/\/www.carideal.com\/blog\/wp-json\/wp\/v2\/users\/1"}],"replies":[{"embeddable":true,"href":"https:\/\/www.carideal.com\/blog\/wp-json\/wp\/v2\/comments?post=1632"}],"version-history":[{"count":0,"href":"https:\/\/www.carideal.com\/blog\/wp-json\/wp\/v2\/posts\/1632\/revisions"}],"wp:attachment":[{"href":"https:\/\/www.carideal.com\/blog\/wp-json\/wp\/v2\/media?parent=1632"}],"wp:term":[{"taxonomy":"category","embeddable":true,"href":"https:\/\/www.carideal.com\/blog\/wp-json\/wp\/v2\/categories?post=1632"},{"taxonomy":"post_tag","embeddable":true,"href":"https:\/\/www.carideal.com\/blog\/wp-json\/wp\/v2\/tags?post=1632"}],"curies":[{"name":"wp","href":"https:\/\/api.w.org\/{rel}","templated":true}]}}