{"id":1631,"date":"2012-01-04T17:36:00","date_gmt":"2012-01-04T17:36:00","guid":{"rendered":"http:\/\/carideal.com\/blog\/?p=1631"},"modified":"2020-03-08T07:32:08","modified_gmt":"2020-03-08T06:32:08","slug":"le-senat-dit-non-aux-radars-pedagogiques","status":"publish","type":"post","link":"https:\/\/www.carideal.com\/blog\/2012\/01\/04\/le-senat-dit-non-aux-radars-pedagogiques\/","title":{"rendered":"le Senat dit non aux radars pedagogiques"},"content":{"rendered":"<\/p>\n<blockquote>\n<p>Le radar p\u00e9dagogique ne fait pas recette.<\/p>\n<\/blockquote>\n<p>Le radar p\u00e9dagogique ne flash pas et donc ne rapporte rien \u00e0 l'\u00e9tat mais lui co\u00fbte. Donc les s\u00e9nateurs lui trouve d'un coup une certaine redondance avec les panneaux signalisant les radars d\u00e9j\u00e0 instal\u00e9s...sic.<br \/>\nUn radar p\u00e9dagogique coute 6650 e plus 1350 \u20ac de maintenance environ soit 8000 \u20ac. Le gouvernement avait pr\u00e9vu dans un premier temps d'en installer 200 d'ici \u00e0 la fin de l'ann\u00e9e 2011,et 4000 d'ici \u00e0 fin 2012 pour un budget de 40 0000 0000 \u20ac.<br \/>\nLa rapporteure g\u00e9n\u00e9rale dit vouloir pr\u00e9f\u00e9rer utiliser cette somme \u00e0 d\u00e9sendetter l'\u00e9tat.<br \/>\nL'association 40 millions d'automobilistes est d'accord avec cette vision, mais soutien l'utilisation utile de cet \u00e9quipement.<\/p>\n<p>\/ <a href=\"\/blog\/index.php?post\/2011\/12\/17\/Nouveaux-radars-automatiques-embarques\">Nouveaux Radars automatiques embarqu\u00e9s<\/a><\/p>\n","protected":false},"excerpt":{"rendered":"<p>Le radar p\u00e9dagogique ne fait pas recette. Le radar p\u00e9dagogique ne flash pas et donc ne rapporte rien \u00e0 l&rsquo;\u00e9tat mais lui co\u00fbte. Donc les s\u00e9nateurs lui trouve d&rsquo;un coup une certaine redondance avec les panneaux signalisant les radars d\u00e9j\u00e0 instal\u00e9s&#8230;sic. Un radar p\u00e9dagogique coute 6650 e plus 1350 \u20ac de maintenance environ soit 8000 &#8230; <a title=\"le Senat dit non aux radars pedagogiques\" class=\"read-more\" href=\"https:\/\/www.carideal.com\/blog\/2012\/01\/04\/le-senat-dit-non-aux-radars-pedagogiques\/\" aria-label=\"En savoir plus sur le Senat dit non aux radars pedagogiques\">Lire plus<\/a><\/p>\n","protected":false},"author":1,"featured_media":0,"comment_status":"open","ping_status":"open","sticky":false,"template":"","format":"standard","meta":{"_uag_custom_page_level_css":"","_themeisle_gutenberg_block_has_review":false,"footnotes":""},"categories":[15],"tags":[4375],"class_list":["post-1631","post","type-post","status-publish","format-standard","hentry","category-radar-et-securite-routiere","tag-finance"],"wppr_data":[],"yoast_head":"<!-- This site is optimized with the Yoast SEO plugin v24.8.1 - https:\/\/yoast.com\/wordpress\/plugins\/seo\/ -->\n<title>le Senat dit non aux radars pedagogiques - Blog auto Carid\u00e9al<\/title>\n<meta name=\"robots\" content=\"index, follow, max-snippet:-1, max-image-preview:large, max-video-preview:-1\" \/>\n<link rel=\"canonical\" href=\"https:\/\/www.carideal.com\/blog\/2012\/01\/04\/le-senat-dit-non-aux-radars-pedagogiques\/\" \/>\n<meta property=\"og:locale\" content=\"fr_FR\" \/>\n<meta property=\"og:type\" content=\"article\" \/>\n<meta property=\"og:title\" content=\"le Senat dit non aux radars pedagogiques - Blog auto Carid\u00e9al\" \/>\n<meta property=\"og:description\" content=\"Le radar p\u00e9dagogique ne fait pas recette. Le radar p\u00e9dagogique ne flash pas et donc ne rapporte rien \u00e0 l&#039;\u00e9tat mais lui co\u00fbte. Donc les s\u00e9nateurs lui trouve d&#039;un coup une certaine redondance avec les panneaux signalisant les radars d\u00e9j\u00e0 instal\u00e9s...sic. Un radar p\u00e9dagogique coute 6650 e plus 1350 \u20ac de maintenance environ soit 8000 ... Lire plus\" \/>\n<meta property=\"og:url\" content=\"https:\/\/www.carideal.com\/blog\/2012\/01\/04\/le-senat-dit-non-aux-radars-pedagogiques\/\" \/>\n<meta property=\"og:site_name\" content=\"Blog auto Carid\u00e9al\" \/>\n<meta property=\"article:publisher\" content=\"https:\/\/www.facebook.com\/Carideal.mandataire.automobile\" \/>\n<meta property=\"article:author\" content=\"https:\/\/www.facebook.com\/Carideal.mandataire.automobile\/\" \/>\n<meta property=\"article:published_time\" content=\"2012-01-04T17:36:00+00:00\" \/>\n<meta property=\"article:modified_time\" content=\"2020-03-08T06:32:08+00:00\" \/>\n<meta property=\"og:image\" content=\"https:\/\/www.carideal.com\/blog\/wp-content\/uploads\/2016\/03\/logo-carideal-mandataire-automobile.png\" \/>\n\t<meta property=\"og:image:width\" content=\"300\" \/>\n\t<meta property=\"og:image:height\" content=\"300\" \/>\n\t<meta property=\"og:image:type\" content=\"image\/png\" \/>\n<meta name=\"author\" content=\"N.S Carideal\" \/>\n<meta name=\"twitter:card\" content=\"summary_large_image\" \/>\n<meta name=\"twitter:creator\" content=\"@caridealauto\" \/>\n<meta name=\"twitter:site\" content=\"@caridealauto\" \/>\n<meta name=\"twitter:label1\" content=\"\u00c9crit par\" \/>\n\t<meta name=\"twitter:data1\" content=\"N.S Carideal\" \/>\n\t<meta name=\"twitter:label2\" content=\"Dur\u00e9e de lecture estim\u00e9e\" \/>\n\t<meta name=\"twitter:data2\" content=\"1 minute\" \/>\n<script type=\"application\/ld+json\" class=\"yoast-schema-graph\">{\"@context\":\"https:\/\/schema.org\",\"@graph\":[{\"@type\":\"Article\",\"@id\":\"https:\/\/www.carideal.com\/blog\/2012\/01\/04\/le-senat-dit-non-aux-radars-pedagogiques\/#article\",\"isPartOf\":{\"@id\":\"https:\/\/www.carideal.com\/blog\/2012\/01\/04\/le-senat-dit-non-aux-radars-pedagogiques\/\"},\"author\":{\"name\":\"N.S Carideal\",\"@id\":\"https:\/\/www.carideal.com\/blog\/#\/schema\/person\/985c7e757d1042d647f21bfaf8d41ebc\"},\"headline\":\"le Senat dit non aux radars pedagogiques\",\"datePublished\":\"2012-01-04T17:36:00+00:00\",\"dateModified\":\"2020-03-08T06:32:08+00:00\",\"mainEntityOfPage\":{\"@id\":\"https:\/\/www.carideal.com\/blog\/2012\/01\/04\/le-senat-dit-non-aux-radars-pedagogiques\/\"},\"wordCount\":127,\"commentCount\":0,\"publisher\":{\"@id\":\"https:\/\/www.carideal.com\/blog\/#organization\"},\"keywords\":[\"Financement auto achat voiture par cr\u00e9dit\"],\"articleSection\":[\"Radar et s\u00e9curit\u00e9 routi\u00e8re\"],\"inLanguage\":\"fr-FR\",\"potentialAction\":[{\"@type\":\"CommentAction\",\"name\":\"Comment\",\"target\":[\"https:\/\/www.carideal.com\/blog\/2012\/01\/04\/le-senat-dit-non-aux-radars-pedagogiques\/#respond\"]}]},{\"@type\":\"WebPage\",\"@id\":\"https:\/\/www.carideal.com\/blog\/2012\/01\/04\/le-senat-dit-non-aux-radars-pedagogiques\/\",\"url\":\"https:\/\/www.carideal.com\/blog\/2012\/01\/04\/le-senat-dit-non-aux-radars-pedagogiques\/\",\"name\":\"le Senat dit non aux radars pedagogiques - Blog auto Carid\u00e9al\",\"isPartOf\":{\"@id\":\"https:\/\/www.carideal.com\/blog\/#website\"},\"datePublished\":\"2012-01-04T17:36:00+00:00\",\"dateModified\":\"2020-03-08T06:32:08+00:00\",\"breadcrumb\":{\"@id\":\"https:\/\/www.carideal.com\/blog\/2012\/01\/04\/le-senat-dit-non-aux-radars-pedagogiques\/#breadcrumb\"},\"inLanguage\":\"fr-FR\",\"potentialAction\":[{\"@type\":\"ReadAction\",\"target\":[\"https:\/\/www.carideal.com\/blog\/2012\/01\/04\/le-senat-dit-non-aux-radars-pedagogiques\/\"]}]},{\"@type\":\"BreadcrumbList\",\"@id\":\"https:\/\/www.carideal.com\/blog\/2012\/01\/04\/le-senat-dit-non-aux-radars-pedagogiques\/#breadcrumb\",\"itemListElement\":[{\"@type\":\"ListItem\",\"position\":1,\"name\":\"Blog Carid\u00e9al\",\"item\":\"https:\/\/www.carideal.com\/blog\/\"},{\"@type\":\"ListItem\",\"position\":2,\"name\":\"Radar et s\u00e9curit\u00e9 routi\u00e8re\",\"item\":\"https:\/\/www.carideal.com\/blog\/radar-et-securite-routiere\/\"},{\"@type\":\"ListItem\",\"position\":3,\"name\":\"le Senat dit non aux radars pedagogiques\"}]},{\"@type\":\"WebSite\",\"@id\":\"https:\/\/www.carideal.com\/blog\/#website\",\"url\":\"https:\/\/www.carideal.com\/blog\/\",\"name\":\"Blog auto Carid\u00e9al\",\"description\":\"Actualit\u00e9 auto par des passionn\u00e9s\",\"publisher\":{\"@id\":\"https:\/\/www.carideal.com\/blog\/#organization\"},\"potentialAction\":[{\"@type\":\"SearchAction\",\"target\":{\"@type\":\"EntryPoint\",\"urlTemplate\":\"https:\/\/www.carideal.com\/blog\/?s={search_term_string}\"},\"query-input\":{\"@type\":\"PropertyValueSpecification\",\"valueRequired\":true,\"valueName\":\"search_term_string\"}}],\"inLanguage\":\"fr-FR\"},{\"@type\":\"Organization\",\"@id\":\"https:\/\/www.carideal.com\/blog\/#organization\",\"name\":\"Carideal\",\"url\":\"https:\/\/www.carideal.com\/blog\/\",\"logo\":{\"@type\":\"ImageObject\",\"inLanguage\":\"fr-FR\",\"@id\":\"https:\/\/www.carideal.com\/blog\/#\/schema\/logo\/image\/\",\"url\":\"http:\/\/www.carideal.com\/blog\/wp-content\/uploads\/2016\/03\/logo-carideal-mandataire-automobile.png\",\"contentUrl\":\"http:\/\/www.carideal.com\/blog\/wp-content\/uploads\/2016\/03\/logo-carideal-mandataire-automobile.png\",\"width\":300,\"height\":300,\"caption\":\"Carideal\"},\"image\":{\"@id\":\"https:\/\/www.carideal.com\/blog\/#\/schema\/logo\/image\/\"},\"sameAs\":[\"https:\/\/www.facebook.com\/Carideal.mandataire.automobile\",\"https:\/\/x.com\/caridealauto\",\"https:\/\/www.instagram.com\/carideal1\/\",\"https:\/\/www.linkedin.com\/company\/carideal.com\",\"https:\/\/fr.pinterest.com\/schiavonsas\/\",\"https:\/\/www.youtube.com\/user\/caridealsas\"]},{\"@type\":\"Person\",\"@id\":\"https:\/\/www.carideal.com\/blog\/#\/schema\/person\/985c7e757d1042d647f21bfaf8d41ebc\",\"name\":\"N.S Carideal\",\"image\":{\"@type\":\"ImageObject\",\"inLanguage\":\"fr-FR\",\"@id\":\"https:\/\/www.carideal.com\/blog\/#\/schema\/person\/image\/\",\"url\":\"https:\/\/secure.gravatar.com\/avatar\/edb7ccdf1a4e3d14aef967760d354d0e?s=96&r=g\",\"contentUrl\":\"https:\/\/secure.gravatar.com\/avatar\/edb7ccdf1a4e3d14aef967760d354d0e?s=96&r=g\",\"caption\":\"N.S Carideal\"},\"description\":\"Depuis tout petit fan d'automobile. Il est question d'essayer et de comparer toutes ces voitures qui nous ont fait r\u00e9ver, avant que celles-ci ne devient uniquement des voitures de collection.\",\"sameAs\":[\"http:\/\/www.carideal.com\/blog\",\"https:\/\/www.facebook.com\/Carideal.mandataire.automobile\/\",\"https:\/\/www.linkedin.com\/in\/nschiavon\/\",\"https:\/\/www.youtube.com\/user\/caridealsas\/\"],\"url\":\"https:\/\/www.carideal.com\/blog\/author\/admin_carideal\/\"}]}<\/script>\n<!-- \/ Yoast SEO plugin. -->","yoast_head_json":{"title":"le Senat dit non aux radars pedagogiques - Blog auto Carid\u00e9al","robots":{"index":"index","follow":"follow","max-snippet":"max-snippet:-1","max-image-preview":"max-image-preview:large","max-video-preview":"max-video-preview:-1"},"canonical":"https:\/\/www.carideal.com\/blog\/2012\/01\/04\/le-senat-dit-non-aux-radars-pedagogiques\/","og_locale":"fr_FR","og_type":"article","og_title":"le Senat dit non aux radars pedagogiques - Blog auto Carid\u00e9al","og_description":"Le radar p\u00e9dagogique ne fait pas recette. Le radar p\u00e9dagogique ne flash pas et donc ne rapporte rien \u00e0 l'\u00e9tat mais lui co\u00fbte. Donc les s\u00e9nateurs lui trouve d'un coup une certaine redondance avec les panneaux signalisant les radars d\u00e9j\u00e0 instal\u00e9s...sic. Un radar p\u00e9dagogique coute 6650 e plus 1350 \u20ac de maintenance environ soit 8000 ... Lire plus","og_url":"https:\/\/www.carideal.com\/blog\/2012\/01\/04\/le-senat-dit-non-aux-radars-pedagogiques\/","og_site_name":"Blog auto Carid\u00e9al","article_publisher":"https:\/\/www.facebook.com\/Carideal.mandataire.automobile","article_author":"https:\/\/www.facebook.com\/Carideal.mandataire.automobile\/","article_published_time":"2012-01-04T17:36:00+00:00","article_modified_time":"2020-03-08T06:32:08+00:00","og_image":[{"width":300,"height":300,"url":"https:\/\/www.carideal.com\/blog\/wp-content\/uploads\/2016\/03\/logo-carideal-mandataire-automobile.png","type":"image\/png"}],"author":"N.S Carideal","twitter_card":"summary_large_image","twitter_creator":"@caridealauto","twitter_site":"@caridealauto","twitter_misc":{"\u00c9crit par":"N.S Carideal","Dur\u00e9e de lecture estim\u00e9e":"1 minute"},"schema":{"@context":"https:\/\/schema.org","@graph":[{"@type":"Article","@id":"https:\/\/www.carideal.com\/blog\/2012\/01\/04\/le-senat-dit-non-aux-radars-pedagogiques\/#article","isPartOf":{"@id":"https:\/\/www.carideal.com\/blog\/2012\/01\/04\/le-senat-dit-non-aux-radars-pedagogiques\/"},"author":{"name":"N.S Carideal","@id":"https:\/\/www.carideal.com\/blog\/#\/schema\/person\/985c7e757d1042d647f21bfaf8d41ebc"},"headline":"le Senat dit non aux radars pedagogiques","datePublished":"2012-01-04T17:36:00+00:00","dateModified":"2020-03-08T06:32:08+00:00","mainEntityOfPage":{"@id":"https:\/\/www.carideal.com\/blog\/2012\/01\/04\/le-senat-dit-non-aux-radars-pedagogiques\/"},"wordCount":127,"commentCount":0,"publisher":{"@id":"https:\/\/www.carideal.com\/blog\/#organization"},"keywords":["Financement auto achat voiture par cr\u00e9dit"],"articleSection":["Radar et s\u00e9curit\u00e9 routi\u00e8re"],"inLanguage":"fr-FR","potentialAction":[{"@type":"CommentAction","name":"Comment","target":["https:\/\/www.carideal.com\/blog\/2012\/01\/04\/le-senat-dit-non-aux-radars-pedagogiques\/#respond"]}]},{"@type":"WebPage","@id":"https:\/\/www.carideal.com\/blog\/2012\/01\/04\/le-senat-dit-non-aux-radars-pedagogiques\/","url":"https:\/\/www.carideal.com\/blog\/2012\/01\/04\/le-senat-dit-non-aux-radars-pedagogiques\/","name":"le Senat dit non aux radars pedagogiques - Blog auto Carid\u00e9al","isPartOf":{"@id":"https:\/\/www.carideal.com\/blog\/#website"},"datePublished":"2012-01-04T17:36:00+00:00","dateModified":"2020-03-08T06:32:08+00:00","breadcrumb":{"@id":"https:\/\/www.carideal.com\/blog\/2012\/01\/04\/le-senat-dit-non-aux-radars-pedagogiques\/#breadcrumb"},"inLanguage":"fr-FR","potentialAction":[{"@type":"ReadAction","target":["https:\/\/www.carideal.com\/blog\/2012\/01\/04\/le-senat-dit-non-aux-radars-pedagogiques\/"]}]},{"@type":"BreadcrumbList","@id":"https:\/\/www.carideal.com\/blog\/2012\/01\/04\/le-senat-dit-non-aux-radars-pedagogiques\/#breadcrumb","itemListElement":[{"@type":"ListItem","position":1,"name":"Blog Carid\u00e9al","item":"https:\/\/www.carideal.com\/blog\/"},{"@type":"ListItem","position":2,"name":"Radar et s\u00e9curit\u00e9 routi\u00e8re","item":"https:\/\/www.carideal.com\/blog\/radar-et-securite-routiere\/"},{"@type":"ListItem","position":3,"name":"le Senat dit non aux radars pedagogiques"}]},{"@type":"WebSite","@id":"https:\/\/www.carideal.com\/blog\/#website","url":"https:\/\/www.carideal.com\/blog\/","name":"Blog auto Carid\u00e9al","description":"Actualit\u00e9 auto par des passionn\u00e9s","publisher":{"@id":"https:\/\/www.carideal.com\/blog\/#organization"},"potentialAction":[{"@type":"SearchAction","target":{"@type":"EntryPoint","urlTemplate":"https:\/\/www.carideal.com\/blog\/?s={search_term_string}"},"query-input":{"@type":"PropertyValueSpecification","valueRequired":true,"valueName":"search_term_string"}}],"inLanguage":"fr-FR"},{"@type":"Organization","@id":"https:\/\/www.carideal.com\/blog\/#organization","name":"Carideal","url":"https:\/\/www.carideal.com\/blog\/","logo":{"@type":"ImageObject","inLanguage":"fr-FR","@id":"https:\/\/www.carideal.com\/blog\/#\/schema\/logo\/image\/","url":"http:\/\/www.carideal.com\/blog\/wp-content\/uploads\/2016\/03\/logo-carideal-mandataire-automobile.png","contentUrl":"http:\/\/www.carideal.com\/blog\/wp-content\/uploads\/2016\/03\/logo-carideal-mandataire-automobile.png","width":300,"height":300,"caption":"Carideal"},"image":{"@id":"https:\/\/www.carideal.com\/blog\/#\/schema\/logo\/image\/"},"sameAs":["https:\/\/www.facebook.com\/Carideal.mandataire.automobile","https:\/\/x.com\/caridealauto","https:\/\/www.instagram.com\/carideal1\/","https:\/\/www.linkedin.com\/company\/carideal.com","https:\/\/fr.pinterest.com\/schiavonsas\/","https:\/\/www.youtube.com\/user\/caridealsas"]},{"@type":"Person","@id":"https:\/\/www.carideal.com\/blog\/#\/schema\/person\/985c7e757d1042d647f21bfaf8d41ebc","name":"N.S Carideal","image":{"@type":"ImageObject","inLanguage":"fr-FR","@id":"https:\/\/www.carideal.com\/blog\/#\/schema\/person\/image\/","url":"https:\/\/secure.gravatar.com\/avatar\/edb7ccdf1a4e3d14aef967760d354d0e?s=96&r=g","contentUrl":"https:\/\/secure.gravatar.com\/avatar\/edb7ccdf1a4e3d14aef967760d354d0e?s=96&r=g","caption":"N.S Carideal"},"description":"Depuis tout petit fan d'automobile. Il est question d'essayer et de comparer toutes ces voitures qui nous ont fait r\u00e9ver, avant que celles-ci ne devient uniquement des voitures de collection.","sameAs":["http:\/\/www.carideal.com\/blog","https:\/\/www.facebook.com\/Carideal.mandataire.automobile\/","https:\/\/www.linkedin.com\/in\/nschiavon\/","https:\/\/www.youtube.com\/user\/caridealsas\/"],"url":"https:\/\/www.carideal.com\/blog\/author\/admin_carideal\/"}]}},"uagb_featured_image_src":{"full":false,"thumbnail":false,"medium":false,"medium_large":false,"large":false,"1536x1536":false,"2048x2048":false,"wppr-widget":false},"uagb_author_info":{"display_name":"N.S Carideal","author_link":"https:\/\/www.carideal.com\/blog\/author\/admin_carideal\/"},"uagb_comment_info":0,"uagb_excerpt":"Le radar p\u00e9dagogique ne fait pas recette. Le radar p\u00e9dagogique ne flash pas et donc ne rapporte rien \u00e0 l'\u00e9tat mais lui co\u00fbte. Donc les s\u00e9nateurs lui trouve d'un coup une certaine redondance avec les panneaux signalisant les radars d\u00e9j\u00e0 instal\u00e9s...sic. Un radar p\u00e9dagogique coute 6650 e plus 1350 \u20ac de maintenance environ soit 8000\u2026","_links":{"self":[{"href":"https:\/\/www.carideal.com\/blog\/wp-json\/wp\/v2\/posts\/1631"}],"collection":[{"href":"https:\/\/www.carideal.com\/blog\/wp-json\/wp\/v2\/posts"}],"about":[{"href":"https:\/\/www.carideal.com\/blog\/wp-json\/wp\/v2\/types\/post"}],"author":[{"embeddable":true,"href":"https:\/\/www.carideal.com\/blog\/wp-json\/wp\/v2\/users\/1"}],"replies":[{"embeddable":true,"href":"https:\/\/www.carideal.com\/blog\/wp-json\/wp\/v2\/comments?post=1631"}],"version-history":[{"count":0,"href":"https:\/\/www.carideal.com\/blog\/wp-json\/wp\/v2\/posts\/1631\/revisions"}],"wp:attachment":[{"href":"https:\/\/www.carideal.com\/blog\/wp-json\/wp\/v2\/media?parent=1631"}],"wp:term":[{"taxonomy":"category","embeddable":true,"href":"https:\/\/www.carideal.com\/blog\/wp-json\/wp\/v2\/categories?post=1631"},{"taxonomy":"post_tag","embeddable":true,"href":"https:\/\/www.carideal.com\/blog\/wp-json\/wp\/v2\/tags?post=1631"}],"curies":[{"name":"wp","href":"https:\/\/api.w.org\/{rel}","templated":true}]}}