{"id":1630,"date":"2011-12-17T08:19:00","date_gmt":"2011-12-17T08:19:00","guid":{"rendered":"http:\/\/carideal.com\/blog\/?p=1630"},"modified":"2020-03-08T07:32:08","modified_gmt":"2020-03-08T06:32:08","slug":"nouveaux-radars-automatiques-embarques","status":"publish","type":"post","link":"https:\/\/www.carideal.com\/blog\/2011\/12\/17\/nouveaux-radars-automatiques-embarques\/","title":{"rendered":"Radars Mobiles nouveaux radars automatiques"},"content":{"rendered":"<h1><strong>Radars Mobiles de nouveaux radars automatiques embarqu\u00e9s<\/strong><\/h1>\n<p><strong>300 nouveaux radars mobiles automatiques embarqu\u00e9s vont \u00eatre mis en service<\/strong>.<\/p>\n Radar Feux Rouge\n<p>De nouveaux radars fixes et de feux rouges continuent \u00e0 \u00eatre install\u00e9s. Pendant ce temps le Quatri\u00e8me trimestre 2011 a vu son nouveau lot de radars fixe de vitesse install\u00e9s ainsi que les radars de feux rouge qui vont se d\u00e9ployer de plus en plus.<\/p>\n<figure id=\"attachment_11775\" aria-describedby=\"caption-attachment-11775\" style=\"width: 290px\" class=\"wp-caption alignleft\"><a href=\"http:\/\/www.carideal.com\/blog\/wp-content\/uploads\/2011\/12\/radar-automatique-embarqu\u00e9.jpg\"><img loading=\"lazy\" decoding=\"async\" class=\"wp-image-11775 size-medium\" title=\"Radar automatique embarqu\u00e9. Des gendarmes \u00e0 l'int\u00e9rieur d'une voiture banalis\u00e9e \u00e9quip\u00e9e de radars mobiles de nouvelle g\u00e9n\u00e9ration\" src=\"http:\/\/www.carideal.com\/blog\/wp-content\/uploads\/2011\/12\/radar-automatique-embarqu\u00e9-300x192.jpg\" alt=\"Radar automatique embarqu\u00e9. Des gendarmes \u00e0 l'int\u00e9rieur d'une voiture banalis\u00e9e \u00e9quip\u00e9e de radars mobiles de nouvelle g\u00e9n\u00e9ration\" width=\"300\" height=\"192\" srcset=\"https:\/\/www.carideal.com\/blog\/wp-content\/uploads\/2011\/12\/radar-automatique-embarqu\u00e9-300x192.jpg 300w, https:\/\/www.carideal.com\/blog\/wp-content\/uploads\/2011\/12\/radar-automatique-embarqu\u00e9-624x400.jpg 624w, https:\/\/www.carideal.com\/blog\/wp-content\/uploads\/2011\/12\/radar-automatique-embarqu\u00e9.jpg 648w\" sizes=\"(max-width: 300px) 100vw, 300px\" \/><\/a><figcaption id=\"caption-attachment-11775\" class=\"wp-caption-text\">Radar automatique embarqu\u00e9. Des gendarmes \u00e0 l'int\u00e9rieur d'une voiture banalis\u00e9e \u00e9quip\u00e9e de radars mobiles de nouvelle g\u00e9n\u00e9ration<\/figcaption><\/figure>\n<p>Autre information r\u00e9v\u00e9l\u00e9e cet \u00e9t\u00e9, une nouvelle g\u00e9n\u00e9ration de <strong>radars mont\u00e9s dans une voiture banalis\u00e9e<\/strong> et install\u00e9s sur le tableau de bord...( on n'arr\u00eate d\u00e9cid\u00e9ment plus le vice !) qui \u00e9tait en test jusque maintenant et qui aurait \u00e9t\u00e9 vu en fonctionnement sur la voie rapide (VRU) de l'agglom\u00e9ration de Chamb\u00e9ry hier.<\/p>\n<p>Les nouveaux <strong>radars mobiles embarqu\u00e9s<\/strong> sont\u00a0cens\u00e9s lutter contre les grands exc\u00e8s de vitesse. Il vont d\u00e9barquer ce vendredi 15 mars.<\/p>\n<p>Selon la s\u00e9curit\u00e9 routi\u00e8re, les <span style=\"text-decoration: underline;\">exc\u00e8s de vitesses<\/span> ont \u00e9t\u00e9 responsables de 26 % des accidents mortels en 2012, ce qui repr\u00e9sente\u00a0pr\u00e8s de 1 000 d\u00e9c\u00e8s.<\/p>\n<h2>Les radars mobiles embarqu\u00e9s sont cens\u00e9 lutter contre les grands exces de vitesse<\/h2>\n<p>Le gouvernement a mis en place des <strong>radars mobiles embarqu\u00e9s<\/strong> de nouvelle g\u00e9n\u00e9ration, cens\u00e9s lutter contre les <strong>grands exc\u00e8s de vitesse<\/strong>. Ceux-ci, entreront en vigueur ce vendredi 15 mars, dans plusieurs\u00a0d\u00e9partements.<br \/>\nCes radars mobiles s\u2019ajoutent aux milliers de radars automatiques, <span style=\"text-decoration: underline;\">radars tron\u00e7ons<\/span> et autres <span style=\"text-decoration: underline;\"><a href=\"http:\/\/www.carideal.com\/blog\/2012\/12\/13\/radars-aux-feux-rouges\/\">radars de feux rouges<\/a><\/span> install\u00e9s en\u00a0France aussi bien sur les routes nationales que les autoroutes. Vous trouverez la <a href=\"http:\/\/www.linternaute.com\/auto\/permis\/radar\/carte-radar.shtml\" hreflang=\"fr\">Carte des radars<\/a>.\u00a0La S\u00e9curit\u00e9 routi\u00e8re justifie ces d\u00e9penses argant que selon elle, 75% des vies \u00e9pargn\u00e9es sur la route depuis dix ans l\u2019ont \u00e9t\u00e9 gr\u00e2ce au d\u00e9ploiement des radars. Ce qui est faux. Reliser l'<span style=\"text-decoration: underline;\"><a href=\"http:\/\/www.carideal.com\/blog\/2011\/07\/09\/interpretation-des-chiffres-de-la-securite-routiere\/\">interpr\u00e9tation des chiffres de la s\u00e9curit\u00e9 routi\u00e8re<\/a><\/span><\/p>\n<h2>La r\u00e9pression passe par les radars mobiles embarqu\u00e9s<\/h2>\n<p>Ce qui est vrai, c'est que depuis 2003, les radars automatiques ont contribu\u00e9 \u00e0 la\u00a0<strong>baisse des vitesses moyennes<\/strong> de plus de 10 km\/h. La s\u00e9curit\u00e9 routi\u00e8re avoue qu'il reste une minorit\u00e9 de gens qui roulent trop vite et qui ne respectent les limitations que l\u00e0 o\u00f9 il y a un radar fixe. C'est pour cela que le gouvernement veut \u00e9tendre la r\u00e9pression \u00e0 des points mobiles. Ils veulent surprendre les chauffard l\u00e0 o\u00f9 ils commettent leur exces de vitesse et plus seulement l\u00e0 o\u00f9 c'est signal\u00e9.<\/p>\n<figure id=\"attachment_11776\" aria-describedby=\"caption-attachment-11776\" style=\"width: 290px\" class=\"wp-caption alignleft\"><a href=\"http:\/\/www.carideal.com\/blog\/wp-content\/uploads\/2011\/12\/radar-mobile-embarqu\u00e9.jpg\"><img loading=\"lazy\" decoding=\"async\" class=\"wp-image-11776 size-medium\" title=\"Radar mobile embarqu\u00e9\" src=\"http:\/\/www.carideal.com\/blog\/wp-content\/uploads\/2011\/12\/radar-mobile-embarqu\u00e9-300x200.jpg\" alt=\"Radar mobile embarqu\u00e9\" width=\"300\" height=\"200\" srcset=\"https:\/\/www.carideal.com\/blog\/wp-content\/uploads\/2011\/12\/radar-mobile-embarqu\u00e9-300x200.jpg 300w, https:\/\/www.carideal.com\/blog\/wp-content\/uploads\/2011\/12\/radar-mobile-embarqu\u00e9.jpg 499w\" sizes=\"(max-width: 300px) 100vw, 300px\" \/><\/a><figcaption id=\"caption-attachment-11776\" class=\"wp-caption-text\">Radar mobile embarqu\u00e9<\/figcaption><\/figure>\n<p>Le gouvernement va d\u00e9ployer 300 v\u00e9hicules \u00e9quip\u00e9s de ces nouveaux radars mobiles embarqu\u00e9s sur trois ans, soit 100 par an.<br \/>\nCes radars mobiles embraqu\u00e9s \u00e9quiperont des voitures banalis\u00e9es, qui circuleront au milieu du trafic sur l'autoroute.<br \/>\nCes nouveaux radars mobiles vont b\u00e9n\u00e9ficier des derni\u00e8res technologies. Ils seront fix\u00e9s dans une voiture banalis\u00e9e et seront capable de photographier, sans flash, en roulant, tous les v\u00e9hicules en exc\u00e8s de vitesse.. (voir l'image plus haut et la vid\u00e9o plus bas).<\/p>\n<p>Depuis 2003, les <span style=\"text-decoration: underline;\"><a href=\"http:\/\/www.carideal.com\/blog\/2008\/01\/08\/radars-automatiques\/\">radars automatiques<\/a><\/span> ont contribu\u00e9 \u00e0 une baisse des vitesses moyennes de plus de 10 km\/h, selon la s\u00e9curit\u00e9 routi\u00e8re.\u00a0Il reste quand m\u00eame une certaine quantit\u00e9 de conducteur qui ne respectent les limitations de vitesse qu'en pr\u00e9sence d'un radar fixe. Les Radars mobiles embraqu\u00e9s vont servire \u00e0 d\u00e9busquer le chauffard sur le lieu de son infraction.<br \/>\nAu total, 300 v\u00e9hicules \u00e9quip\u00e9s de ces nouveaux radars devraient \u00eatre d\u00e9ploy\u00e9s d\u2019ici \u00e0 trois ans, sur un rythme de 100 par an.<br \/>\nEmbarqu\u00e9s dans des voitures banalis\u00e9es, qui circuleront au milieu du trafic<br \/>\nCes nouveaux radars seront ins\u00e9r\u00e9s dans une voiture banalis\u00e9e et capable de photographier, sans flash, en roulant, tous les v\u00e9hicules en grand exc\u00e8s de vitesse.<\/p>\n<h2>Vid\u00e9o nouveaux radars mobiles embarqu\u00e9s s\u00e9curit\u00e9 routi\u00e8re<\/h2>\n<p><iframe loading=\"lazy\" src=\"http:\/\/www.youtube.com\/embed\/lbBwoIJ8vxA\" width=\"640\" height=\"360\" frameborder=\"0\" allowfullscreen=\"allowfullscreen\"><\/iframe><\/p>\n<p>... On devrait faire comme le frelon vert....avoir une voiture \u00e9quip\u00e9 de missile anti radar.....LOL (voir la fin de la bande annonce !<\/p>\n<p><iframe loading=\"lazy\" src=\"http:\/\/www.youtube.com\/embed\/Hvr-uMTxRWI\" width=\"640\" height=\"360\" frameborder=\"0\" allowfullscreen=\"allowfullscreen\"><\/iframe><\/p>\n<p>LOL<\/p>\n","protected":false},"excerpt":{"rendered":"<p>Radars Mobiles de nouveaux radars automatiques embarqu\u00e9s 300 nouveaux radars mobiles automatiques embarqu\u00e9s vont \u00eatre mis en service. De nouveaux radars fixes et de feux rouges continuent \u00e0 \u00eatre install\u00e9s. Pendant ce temps le Quatri\u00e8me trimestre 2011 a vu son nouveau lot de radars fixe de vitesse install\u00e9s ainsi que les radars de feux rouge &#8230; <a title=\"Radars Mobiles nouveaux radars automatiques\" class=\"read-more\" href=\"https:\/\/www.carideal.com\/blog\/2011\/12\/17\/nouveaux-radars-automatiques-embarques\/\" aria-label=\"En savoir plus sur Radars Mobiles nouveaux radars automatiques\">Lire plus<\/a><\/p>\n","protected":false},"author":1,"featured_media":0,"comment_status":"open","ping_status":"open","sticky":false,"template":"","format":"standard","meta":{"_uag_custom_page_level_css":"","_themeisle_gutenberg_block_has_review":false,"footnotes":""},"categories":[15],"tags":[],"class_list":["post-1630","post","type-post","status-publish","format-standard","hentry","category-radar-et-securite-routiere"],"wppr_data":[],"yoast_head":"<!-- This site is optimized with the Yoast SEO plugin v24.8.1 - https:\/\/yoast.com\/wordpress\/plugins\/seo\/ -->\n<title>Radars Mobiles nouveaux radars automatiques - Blog auto Carid\u00e9al<\/title>\n<meta name=\"description\" content=\"300 nouveaux radars mobiles automatiques embarqu\u00e9s vont \u00eatre mis en service. De nouveaux radars fixes et de feux rouges continuent \u00e0 \u00eatre install\u00e9s\" \/>\n<meta name=\"robots\" content=\"index, follow, max-snippet:-1, max-image-preview:large, max-video-preview:-1\" \/>\n<link rel=\"canonical\" href=\"https:\/\/www.carideal.com\/blog\/2011\/12\/17\/nouveaux-radars-automatiques-embarques\/\" \/>\n<meta property=\"og:locale\" content=\"fr_FR\" \/>\n<meta property=\"og:type\" content=\"article\" \/>\n<meta property=\"og:title\" content=\"Radars Mobiles nouveaux radars automatiques - Blog auto Carid\u00e9al\" \/>\n<meta property=\"og:description\" content=\"300 nouveaux radars mobiles automatiques embarqu\u00e9s vont \u00eatre mis en service. De nouveaux radars fixes et de feux rouges continuent \u00e0 \u00eatre install\u00e9s\" \/>\n<meta property=\"og:url\" content=\"https:\/\/www.carideal.com\/blog\/2011\/12\/17\/nouveaux-radars-automatiques-embarques\/\" \/>\n<meta property=\"og:site_name\" content=\"Blog auto Carid\u00e9al\" \/>\n<meta property=\"article:publisher\" content=\"https:\/\/www.facebook.com\/Carideal.mandataire.automobile\" \/>\n<meta property=\"article:author\" content=\"https:\/\/www.facebook.com\/Carideal.mandataire.automobile\/\" \/>\n<meta property=\"article:published_time\" content=\"2011-12-17T08:19:00+00:00\" \/>\n<meta property=\"article:modified_time\" content=\"2020-03-08T06:32:08+00:00\" \/>\n<meta property=\"og:image\" content=\"https:\/\/www.carideal.com\/blog\/wp-content\/uploads\/2016\/03\/logo-carideal-mandataire-automobile.png\" \/>\n\t<meta property=\"og:image:width\" content=\"300\" \/>\n\t<meta property=\"og:image:height\" content=\"300\" \/>\n\t<meta property=\"og:image:type\" content=\"image\/png\" \/>\n<meta name=\"author\" content=\"N.S Carideal\" \/>\n<meta name=\"twitter:card\" content=\"summary_large_image\" \/>\n<meta name=\"twitter:creator\" content=\"@caridealauto\" \/>\n<meta name=\"twitter:site\" content=\"@caridealauto\" \/>\n<meta name=\"twitter:label1\" content=\"\u00c9crit par\" \/>\n\t<meta name=\"twitter:data1\" content=\"N.S Carideal\" \/>\n\t<meta name=\"twitter:label2\" content=\"Dur\u00e9e de lecture estim\u00e9e\" \/>\n\t<meta name=\"twitter:data2\" content=\"4 minutes\" \/>\n<script type=\"application\/ld+json\" class=\"yoast-schema-graph\">{\"@context\":\"https:\/\/schema.org\",\"@graph\":[{\"@type\":\"Article\",\"@id\":\"https:\/\/www.carideal.com\/blog\/2011\/12\/17\/nouveaux-radars-automatiques-embarques\/#article\",\"isPartOf\":{\"@id\":\"https:\/\/www.carideal.com\/blog\/2011\/12\/17\/nouveaux-radars-automatiques-embarques\/\"},\"author\":{\"name\":\"N.S Carideal\",\"@id\":\"https:\/\/www.carideal.com\/blog\/#\/schema\/person\/985c7e757d1042d647f21bfaf8d41ebc\"},\"headline\":\"Radars Mobiles nouveaux radars automatiques\",\"datePublished\":\"2011-12-17T08:19:00+00:00\",\"dateModified\":\"2020-03-08T06:32:08+00:00\",\"mainEntityOfPage\":{\"@id\":\"https:\/\/www.carideal.com\/blog\/2011\/12\/17\/nouveaux-radars-automatiques-embarques\/\"},\"wordCount\":724,\"commentCount\":0,\"publisher\":{\"@id\":\"https:\/\/www.carideal.com\/blog\/#organization\"},\"articleSection\":[\"Radar et s\u00e9curit\u00e9 routi\u00e8re\"],\"inLanguage\":\"fr-FR\",\"potentialAction\":[{\"@type\":\"CommentAction\",\"name\":\"Comment\",\"target\":[\"https:\/\/www.carideal.com\/blog\/2011\/12\/17\/nouveaux-radars-automatiques-embarques\/#respond\"]}]},{\"@type\":\"WebPage\",\"@id\":\"https:\/\/www.carideal.com\/blog\/2011\/12\/17\/nouveaux-radars-automatiques-embarques\/\",\"url\":\"https:\/\/www.carideal.com\/blog\/2011\/12\/17\/nouveaux-radars-automatiques-embarques\/\",\"name\":\"Radars Mobiles nouveaux radars automatiques - Blog auto Carid\u00e9al\",\"isPartOf\":{\"@id\":\"https:\/\/www.carideal.com\/blog\/#website\"},\"datePublished\":\"2011-12-17T08:19:00+00:00\",\"dateModified\":\"2020-03-08T06:32:08+00:00\",\"description\":\"300 nouveaux radars mobiles automatiques embarqu\u00e9s vont \u00eatre mis en service. De nouveaux radars fixes et de feux rouges continuent \u00e0 \u00eatre install\u00e9s\",\"breadcrumb\":{\"@id\":\"https:\/\/www.carideal.com\/blog\/2011\/12\/17\/nouveaux-radars-automatiques-embarques\/#breadcrumb\"},\"inLanguage\":\"fr-FR\",\"potentialAction\":[{\"@type\":\"ReadAction\",\"target\":[\"https:\/\/www.carideal.com\/blog\/2011\/12\/17\/nouveaux-radars-automatiques-embarques\/\"]}]},{\"@type\":\"BreadcrumbList\",\"@id\":\"https:\/\/www.carideal.com\/blog\/2011\/12\/17\/nouveaux-radars-automatiques-embarques\/#breadcrumb\",\"itemListElement\":[{\"@type\":\"ListItem\",\"position\":1,\"name\":\"Blog Carid\u00e9al\",\"item\":\"https:\/\/www.carideal.com\/blog\/\"},{\"@type\":\"ListItem\",\"position\":2,\"name\":\"Radar et s\u00e9curit\u00e9 routi\u00e8re\",\"item\":\"https:\/\/www.carideal.com\/blog\/radar-et-securite-routiere\/\"},{\"@type\":\"ListItem\",\"position\":3,\"name\":\"Radars Mobiles nouveaux radars automatiques\"}]},{\"@type\":\"WebSite\",\"@id\":\"https:\/\/www.carideal.com\/blog\/#website\",\"url\":\"https:\/\/www.carideal.com\/blog\/\",\"name\":\"Blog auto Carid\u00e9al\",\"description\":\"Actualit\u00e9 auto par des passionn\u00e9s\",\"publisher\":{\"@id\":\"https:\/\/www.carideal.com\/blog\/#organization\"},\"potentialAction\":[{\"@type\":\"SearchAction\",\"target\":{\"@type\":\"EntryPoint\",\"urlTemplate\":\"https:\/\/www.carideal.com\/blog\/?s={search_term_string}\"},\"query-input\":{\"@type\":\"PropertyValueSpecification\",\"valueRequired\":true,\"valueName\":\"search_term_string\"}}],\"inLanguage\":\"fr-FR\"},{\"@type\":\"Organization\",\"@id\":\"https:\/\/www.carideal.com\/blog\/#organization\",\"name\":\"Carideal\",\"url\":\"https:\/\/www.carideal.com\/blog\/\",\"logo\":{\"@type\":\"ImageObject\",\"inLanguage\":\"fr-FR\",\"@id\":\"https:\/\/www.carideal.com\/blog\/#\/schema\/logo\/image\/\",\"url\":\"http:\/\/www.carideal.com\/blog\/wp-content\/uploads\/2016\/03\/logo-carideal-mandataire-automobile.png\",\"contentUrl\":\"http:\/\/www.carideal.com\/blog\/wp-content\/uploads\/2016\/03\/logo-carideal-mandataire-automobile.png\",\"width\":300,\"height\":300,\"caption\":\"Carideal\"},\"image\":{\"@id\":\"https:\/\/www.carideal.com\/blog\/#\/schema\/logo\/image\/\"},\"sameAs\":[\"https:\/\/www.facebook.com\/Carideal.mandataire.automobile\",\"https:\/\/x.com\/caridealauto\",\"https:\/\/www.instagram.com\/carideal1\/\",\"https:\/\/www.linkedin.com\/company\/carideal.com\",\"https:\/\/fr.pinterest.com\/schiavonsas\/\",\"https:\/\/www.youtube.com\/user\/caridealsas\"]},{\"@type\":\"Person\",\"@id\":\"https:\/\/www.carideal.com\/blog\/#\/schema\/person\/985c7e757d1042d647f21bfaf8d41ebc\",\"name\":\"N.S Carideal\",\"image\":{\"@type\":\"ImageObject\",\"inLanguage\":\"fr-FR\",\"@id\":\"https:\/\/www.carideal.com\/blog\/#\/schema\/person\/image\/\",\"url\":\"https:\/\/secure.gravatar.com\/avatar\/edb7ccdf1a4e3d14aef967760d354d0e?s=96&r=g\",\"contentUrl\":\"https:\/\/secure.gravatar.com\/avatar\/edb7ccdf1a4e3d14aef967760d354d0e?s=96&r=g\",\"caption\":\"N.S Carideal\"},\"description\":\"Depuis tout petit fan d'automobile. Il est question d'essayer et de comparer toutes ces voitures qui nous ont fait r\u00e9ver, avant que celles-ci ne devient uniquement des voitures de collection.\",\"sameAs\":[\"http:\/\/www.carideal.com\/blog\",\"https:\/\/www.facebook.com\/Carideal.mandataire.automobile\/\",\"https:\/\/www.linkedin.com\/in\/nschiavon\/\",\"https:\/\/www.youtube.com\/user\/caridealsas\/\"],\"url\":\"https:\/\/www.carideal.com\/blog\/author\/admin_carideal\/\"}]}<\/script>\n<!-- \/ Yoast SEO plugin. -->","yoast_head_json":{"title":"Radars Mobiles nouveaux radars automatiques - Blog auto Carid\u00e9al","description":"300 nouveaux radars mobiles automatiques embarqu\u00e9s vont \u00eatre mis en service. De nouveaux radars fixes et de feux rouges continuent \u00e0 \u00eatre install\u00e9s","robots":{"index":"index","follow":"follow","max-snippet":"max-snippet:-1","max-image-preview":"max-image-preview:large","max-video-preview":"max-video-preview:-1"},"canonical":"https:\/\/www.carideal.com\/blog\/2011\/12\/17\/nouveaux-radars-automatiques-embarques\/","og_locale":"fr_FR","og_type":"article","og_title":"Radars Mobiles nouveaux radars automatiques - Blog auto Carid\u00e9al","og_description":"300 nouveaux radars mobiles automatiques embarqu\u00e9s vont \u00eatre mis en service. De nouveaux radars fixes et de feux rouges continuent \u00e0 \u00eatre install\u00e9s","og_url":"https:\/\/www.carideal.com\/blog\/2011\/12\/17\/nouveaux-radars-automatiques-embarques\/","og_site_name":"Blog auto Carid\u00e9al","article_publisher":"https:\/\/www.facebook.com\/Carideal.mandataire.automobile","article_author":"https:\/\/www.facebook.com\/Carideal.mandataire.automobile\/","article_published_time":"2011-12-17T08:19:00+00:00","article_modified_time":"2020-03-08T06:32:08+00:00","og_image":[{"width":300,"height":300,"url":"https:\/\/www.carideal.com\/blog\/wp-content\/uploads\/2016\/03\/logo-carideal-mandataire-automobile.png","type":"image\/png"}],"author":"N.S Carideal","twitter_card":"summary_large_image","twitter_creator":"@caridealauto","twitter_site":"@caridealauto","twitter_misc":{"\u00c9crit par":"N.S Carideal","Dur\u00e9e de lecture estim\u00e9e":"4 minutes"},"schema":{"@context":"https:\/\/schema.org","@graph":[{"@type":"Article","@id":"https:\/\/www.carideal.com\/blog\/2011\/12\/17\/nouveaux-radars-automatiques-embarques\/#article","isPartOf":{"@id":"https:\/\/www.carideal.com\/blog\/2011\/12\/17\/nouveaux-radars-automatiques-embarques\/"},"author":{"name":"N.S Carideal","@id":"https:\/\/www.carideal.com\/blog\/#\/schema\/person\/985c7e757d1042d647f21bfaf8d41ebc"},"headline":"Radars Mobiles nouveaux radars automatiques","datePublished":"2011-12-17T08:19:00+00:00","dateModified":"2020-03-08T06:32:08+00:00","mainEntityOfPage":{"@id":"https:\/\/www.carideal.com\/blog\/2011\/12\/17\/nouveaux-radars-automatiques-embarques\/"},"wordCount":724,"commentCount":0,"publisher":{"@id":"https:\/\/www.carideal.com\/blog\/#organization"},"articleSection":["Radar et s\u00e9curit\u00e9 routi\u00e8re"],"inLanguage":"fr-FR","potentialAction":[{"@type":"CommentAction","name":"Comment","target":["https:\/\/www.carideal.com\/blog\/2011\/12\/17\/nouveaux-radars-automatiques-embarques\/#respond"]}]},{"@type":"WebPage","@id":"https:\/\/www.carideal.com\/blog\/2011\/12\/17\/nouveaux-radars-automatiques-embarques\/","url":"https:\/\/www.carideal.com\/blog\/2011\/12\/17\/nouveaux-radars-automatiques-embarques\/","name":"Radars Mobiles nouveaux radars automatiques - Blog auto Carid\u00e9al","isPartOf":{"@id":"https:\/\/www.carideal.com\/blog\/#website"},"datePublished":"2011-12-17T08:19:00+00:00","dateModified":"2020-03-08T06:32:08+00:00","description":"300 nouveaux radars mobiles automatiques embarqu\u00e9s vont \u00eatre mis en service. De nouveaux radars fixes et de feux rouges continuent \u00e0 \u00eatre install\u00e9s","breadcrumb":{"@id":"https:\/\/www.carideal.com\/blog\/2011\/12\/17\/nouveaux-radars-automatiques-embarques\/#breadcrumb"},"inLanguage":"fr-FR","potentialAction":[{"@type":"ReadAction","target":["https:\/\/www.carideal.com\/blog\/2011\/12\/17\/nouveaux-radars-automatiques-embarques\/"]}]},{"@type":"BreadcrumbList","@id":"https:\/\/www.carideal.com\/blog\/2011\/12\/17\/nouveaux-radars-automatiques-embarques\/#breadcrumb","itemListElement":[{"@type":"ListItem","position":1,"name":"Blog Carid\u00e9al","item":"https:\/\/www.carideal.com\/blog\/"},{"@type":"ListItem","position":2,"name":"Radar et s\u00e9curit\u00e9 routi\u00e8re","item":"https:\/\/www.carideal.com\/blog\/radar-et-securite-routiere\/"},{"@type":"ListItem","position":3,"name":"Radars Mobiles nouveaux radars automatiques"}]},{"@type":"WebSite","@id":"https:\/\/www.carideal.com\/blog\/#website","url":"https:\/\/www.carideal.com\/blog\/","name":"Blog auto Carid\u00e9al","description":"Actualit\u00e9 auto par des passionn\u00e9s","publisher":{"@id":"https:\/\/www.carideal.com\/blog\/#organization"},"potentialAction":[{"@type":"SearchAction","target":{"@type":"EntryPoint","urlTemplate":"https:\/\/www.carideal.com\/blog\/?s={search_term_string}"},"query-input":{"@type":"PropertyValueSpecification","valueRequired":true,"valueName":"search_term_string"}}],"inLanguage":"fr-FR"},{"@type":"Organization","@id":"https:\/\/www.carideal.com\/blog\/#organization","name":"Carideal","url":"https:\/\/www.carideal.com\/blog\/","logo":{"@type":"ImageObject","inLanguage":"fr-FR","@id":"https:\/\/www.carideal.com\/blog\/#\/schema\/logo\/image\/","url":"http:\/\/www.carideal.com\/blog\/wp-content\/uploads\/2016\/03\/logo-carideal-mandataire-automobile.png","contentUrl":"http:\/\/www.carideal.com\/blog\/wp-content\/uploads\/2016\/03\/logo-carideal-mandataire-automobile.png","width":300,"height":300,"caption":"Carideal"},"image":{"@id":"https:\/\/www.carideal.com\/blog\/#\/schema\/logo\/image\/"},"sameAs":["https:\/\/www.facebook.com\/Carideal.mandataire.automobile","https:\/\/x.com\/caridealauto","https:\/\/www.instagram.com\/carideal1\/","https:\/\/www.linkedin.com\/company\/carideal.com","https:\/\/fr.pinterest.com\/schiavonsas\/","https:\/\/www.youtube.com\/user\/caridealsas"]},{"@type":"Person","@id":"https:\/\/www.carideal.com\/blog\/#\/schema\/person\/985c7e757d1042d647f21bfaf8d41ebc","name":"N.S Carideal","image":{"@type":"ImageObject","inLanguage":"fr-FR","@id":"https:\/\/www.carideal.com\/blog\/#\/schema\/person\/image\/","url":"https:\/\/secure.gravatar.com\/avatar\/edb7ccdf1a4e3d14aef967760d354d0e?s=96&r=g","contentUrl":"https:\/\/secure.gravatar.com\/avatar\/edb7ccdf1a4e3d14aef967760d354d0e?s=96&r=g","caption":"N.S Carideal"},"description":"Depuis tout petit fan d'automobile. Il est question d'essayer et de comparer toutes ces voitures qui nous ont fait r\u00e9ver, avant que celles-ci ne devient uniquement des voitures de collection.","sameAs":["http:\/\/www.carideal.com\/blog","https:\/\/www.facebook.com\/Carideal.mandataire.automobile\/","https:\/\/www.linkedin.com\/in\/nschiavon\/","https:\/\/www.youtube.com\/user\/caridealsas\/"],"url":"https:\/\/www.carideal.com\/blog\/author\/admin_carideal\/"}]}},"uagb_featured_image_src":{"full":false,"thumbnail":false,"medium":false,"medium_large":false,"large":false,"1536x1536":false,"2048x2048":false,"wppr-widget":false},"uagb_author_info":{"display_name":"N.S Carideal","author_link":"https:\/\/www.carideal.com\/blog\/author\/admin_carideal\/"},"uagb_comment_info":0,"uagb_excerpt":"Radars Mobiles de nouveaux radars automatiques embarqu\u00e9s 300 nouveaux radars mobiles automatiques embarqu\u00e9s vont \u00eatre mis en service. De nouveaux radars fixes et de feux rouges continuent \u00e0 \u00eatre install\u00e9s. Pendant ce temps le Quatri\u00e8me trimestre 2011 a vu son nouveau lot de radars fixe de vitesse install\u00e9s ainsi que les radars de feux rouge\u2026","_links":{"self":[{"href":"https:\/\/www.carideal.com\/blog\/wp-json\/wp\/v2\/posts\/1630"}],"collection":[{"href":"https:\/\/www.carideal.com\/blog\/wp-json\/wp\/v2\/posts"}],"about":[{"href":"https:\/\/www.carideal.com\/blog\/wp-json\/wp\/v2\/types\/post"}],"author":[{"embeddable":true,"href":"https:\/\/www.carideal.com\/blog\/wp-json\/wp\/v2\/users\/1"}],"replies":[{"embeddable":true,"href":"https:\/\/www.carideal.com\/blog\/wp-json\/wp\/v2\/comments?post=1630"}],"version-history":[{"count":0,"href":"https:\/\/www.carideal.com\/blog\/wp-json\/wp\/v2\/posts\/1630\/revisions"}],"wp:attachment":[{"href":"https:\/\/www.carideal.com\/blog\/wp-json\/wp\/v2\/media?parent=1630"}],"wp:term":[{"taxonomy":"category","embeddable":true,"href":"https:\/\/www.carideal.com\/blog\/wp-json\/wp\/v2\/categories?post=1630"},{"taxonomy":"post_tag","embeddable":true,"href":"https:\/\/www.carideal.com\/blog\/wp-json\/wp\/v2\/tags?post=1630"}],"curies":[{"name":"wp","href":"https:\/\/api.w.org\/{rel}","templated":true}]}}