{"id":1623,"date":"2011-06-20T09:02:00","date_gmt":"2011-06-20T09:02:00","guid":{"rendered":"http:\/\/carideal.com\/blog\/?p=1623"},"modified":"2022-10-05T12:24:43","modified_gmt":"2022-10-05T10:24:43","slug":"plus-de-camions-sur-les-routes-nationales","status":"publish","type":"post","link":"https:\/\/www.carideal.com\/blog\/2011\/06\/20\/plus-de-camions-sur-les-routes-nationales\/","title":{"rendered":"Plus de Camions sur les routes nationales"},"content":{"rendered":"\n<h2 class=\"wp-block-heading\">Plus de Camions sur les routes nationales<\/h2>\n\n\n\n<figure class=\"wp-block-image\"><img decoding=\"async\" src=\"\/blog\/public\/.camion-60-tonnes-carideal_m.jpg\" alt=\"camion-60-tonnes-carideal.jpg\" title=\"camion-60-tonnes-carideal.jpg, juin 2011\"\/><\/figure>\n\n\n\n<blockquote class=\"wp-block-quote is-layout-flow wp-block-quote-is-layout-flow\"><p>Ce n'est pas folichon de rencontrer ou de croiser un monstre pareil sur une route nationale ou d\u00e9partementale.<\/p><\/blockquote>\n\n\n\n<p>Les p\u00e9ages augmentent et ce n'est pas rien pour un camion, le carburant aussi, et selon le CNR, le choix de l'autoroute pour nos amis professionnels devient moins syst\u00e9matique. Selon son enqu\u00eate aupr\u00e8s de 220 <a href=\"https:\/\/www.transports-vincent.fr\/transport\/entreprise-de-transport-routier-comment-ca-marche\/\">entreprises de transport routier<\/a>, les routiers d\u00e9clare prendre de moins en moins syst\u00e9matiquement l'autoroute afin d'all\u00e9ger leurs charges.<br>Pourtant les soci\u00e9t\u00e9s d'autoroute d\u00e9clarent de leur cot\u00e9 que le traffic poids lourd est en augmentation entre 3 et 7.5% m\u00eame pour Paris Rhin Rh\u00f4ne. Reste \u00e0 conna\u00eetre la part des camions \u00e9trangers dans le trafic pour affiner la statistique.<br>Le retour des camions sur nos routes secondaires est un v\u00e9ritable probl\u00e8me de s\u00e9curit\u00e9 routi\u00e8re auquel il faut palier rapidement.<\/p>\n","protected":false},"excerpt":{"rendered":"<p>Plus de Camions sur les routes nationales Ce n&rsquo;est pas folichon de rencontrer ou de croiser un monstre pareil sur une route nationale ou d\u00e9partementale. Les p\u00e9ages augmentent et ce n&rsquo;est pas rien pour un camion, le carburant aussi, et selon le CNR, le choix de l&rsquo;autoroute pour nos amis professionnels devient moins syst\u00e9matique. Selon &#8230; <a title=\"Plus de Camions sur les routes nationales\" class=\"read-more\" href=\"https:\/\/www.carideal.com\/blog\/2011\/06\/20\/plus-de-camions-sur-les-routes-nationales\/\" aria-label=\"En savoir plus sur Plus de Camions sur les routes nationales\">Lire plus<\/a><\/p>\n","protected":false},"author":1,"featured_media":26616,"comment_status":"open","ping_status":"open","sticky":false,"template":"","format":"standard","meta":{"_uag_custom_page_level_css":"","_themeisle_gutenberg_block_has_review":false,"footnotes":""},"categories":[15],"tags":[],"class_list":["post-1623","post","type-post","status-publish","format-standard","has-post-thumbnail","hentry","category-radar-et-securite-routiere"],"wppr_data":{"cwp_meta_box_check":"No"},"yoast_head":"<!-- This site is optimized with the Yoast SEO plugin v24.8.1 - https:\/\/yoast.com\/wordpress\/plugins\/seo\/ -->\n<title>Plus de Camions sur les routes nationales - Blog auto Carid\u00e9al<\/title>\n<meta name=\"robots\" content=\"index, follow, max-snippet:-1, max-image-preview:large, max-video-preview:-1\" \/>\n<link rel=\"canonical\" href=\"https:\/\/www.carideal.com\/blog\/2011\/06\/20\/plus-de-camions-sur-les-routes-nationales\/\" \/>\n<meta property=\"og:locale\" content=\"fr_FR\" \/>\n<meta property=\"og:type\" content=\"article\" \/>\n<meta property=\"og:title\" content=\"Plus de Camions sur les routes nationales - Blog auto Carid\u00e9al\" \/>\n<meta property=\"og:description\" content=\"Plus de Camions sur les routes nationales Ce n&#039;est pas folichon de rencontrer ou de croiser un monstre pareil sur une route nationale ou d\u00e9partementale. Les p\u00e9ages augmentent et ce n&#039;est pas rien pour un camion, le carburant aussi, et selon le CNR, le choix de l&#039;autoroute pour nos amis professionnels devient moins syst\u00e9matique. Selon ... Lire plus\" \/>\n<meta property=\"og:url\" content=\"https:\/\/www.carideal.com\/blog\/2011\/06\/20\/plus-de-camions-sur-les-routes-nationales\/\" \/>\n<meta property=\"og:site_name\" content=\"Blog auto Carid\u00e9al\" \/>\n<meta property=\"article:publisher\" content=\"https:\/\/www.facebook.com\/Carideal.mandataire.automobile\" \/>\n<meta property=\"article:author\" content=\"https:\/\/www.facebook.com\/Carideal.mandataire.automobile\/\" \/>\n<meta property=\"article:published_time\" content=\"2011-06-20T09:02:00+00:00\" \/>\n<meta property=\"article:modified_time\" content=\"2022-10-05T10:24:43+00:00\" \/>\n<meta property=\"og:image\" content=\"https:\/\/www.carideal.com\/blog\/wp-content\/uploads\/2011\/06\/camion-60-tonnes-scaled.jpg\" \/>\n\t<meta property=\"og:image:width\" content=\"1024\" \/>\n\t<meta property=\"og:image:height\" content=\"576\" \/>\n\t<meta property=\"og:image:type\" content=\"image\/jpeg\" \/>\n<meta name=\"author\" content=\"N.S Carideal\" \/>\n<meta name=\"twitter:card\" content=\"summary_large_image\" \/>\n<meta name=\"twitter:creator\" content=\"@caridealauto\" \/>\n<meta name=\"twitter:site\" content=\"@caridealauto\" \/>\n<meta name=\"twitter:label1\" content=\"\u00c9crit par\" \/>\n\t<meta name=\"twitter:data1\" content=\"N.S Carideal\" \/>\n\t<meta name=\"twitter:label2\" content=\"Dur\u00e9e de lecture estim\u00e9e\" \/>\n\t<meta name=\"twitter:data2\" content=\"1 minute\" \/>\n<script type=\"application\/ld+json\" class=\"yoast-schema-graph\">{\"@context\":\"https:\/\/schema.org\",\"@graph\":[{\"@type\":\"Article\",\"@id\":\"https:\/\/www.carideal.com\/blog\/2011\/06\/20\/plus-de-camions-sur-les-routes-nationales\/#article\",\"isPartOf\":{\"@id\":\"https:\/\/www.carideal.com\/blog\/2011\/06\/20\/plus-de-camions-sur-les-routes-nationales\/\"},\"author\":{\"name\":\"N.S Carideal\",\"@id\":\"https:\/\/www.carideal.com\/blog\/#\/schema\/person\/985c7e757d1042d647f21bfaf8d41ebc\"},\"headline\":\"Plus de Camions sur les routes nationales\",\"datePublished\":\"2011-06-20T09:02:00+00:00\",\"dateModified\":\"2022-10-05T10:24:43+00:00\",\"mainEntityOfPage\":{\"@id\":\"https:\/\/www.carideal.com\/blog\/2011\/06\/20\/plus-de-camions-sur-les-routes-nationales\/\"},\"wordCount\":159,\"commentCount\":0,\"publisher\":{\"@id\":\"https:\/\/www.carideal.com\/blog\/#organization\"},\"image\":{\"@id\":\"https:\/\/www.carideal.com\/blog\/2011\/06\/20\/plus-de-camions-sur-les-routes-nationales\/#primaryimage\"},\"thumbnailUrl\":\"https:\/\/www.carideal.com\/blog\/wp-content\/uploads\/2011\/06\/camion-60-tonnes-scaled.jpg\",\"articleSection\":[\"Radar et s\u00e9curit\u00e9 routi\u00e8re\"],\"inLanguage\":\"fr-FR\",\"potentialAction\":[{\"@type\":\"CommentAction\",\"name\":\"Comment\",\"target\":[\"https:\/\/www.carideal.com\/blog\/2011\/06\/20\/plus-de-camions-sur-les-routes-nationales\/#respond\"]}]},{\"@type\":\"WebPage\",\"@id\":\"https:\/\/www.carideal.com\/blog\/2011\/06\/20\/plus-de-camions-sur-les-routes-nationales\/\",\"url\":\"https:\/\/www.carideal.com\/blog\/2011\/06\/20\/plus-de-camions-sur-les-routes-nationales\/\",\"name\":\"Plus de Camions sur les routes nationales - Blog auto Carid\u00e9al\",\"isPartOf\":{\"@id\":\"https:\/\/www.carideal.com\/blog\/#website\"},\"primaryImageOfPage\":{\"@id\":\"https:\/\/www.carideal.com\/blog\/2011\/06\/20\/plus-de-camions-sur-les-routes-nationales\/#primaryimage\"},\"image\":{\"@id\":\"https:\/\/www.carideal.com\/blog\/2011\/06\/20\/plus-de-camions-sur-les-routes-nationales\/#primaryimage\"},\"thumbnailUrl\":\"https:\/\/www.carideal.com\/blog\/wp-content\/uploads\/2011\/06\/camion-60-tonnes-scaled.jpg\",\"datePublished\":\"2011-06-20T09:02:00+00:00\",\"dateModified\":\"2022-10-05T10:24:43+00:00\",\"breadcrumb\":{\"@id\":\"https:\/\/www.carideal.com\/blog\/2011\/06\/20\/plus-de-camions-sur-les-routes-nationales\/#breadcrumb\"},\"inLanguage\":\"fr-FR\",\"potentialAction\":[{\"@type\":\"ReadAction\",\"target\":[\"https:\/\/www.carideal.com\/blog\/2011\/06\/20\/plus-de-camions-sur-les-routes-nationales\/\"]}]},{\"@type\":\"ImageObject\",\"inLanguage\":\"fr-FR\",\"@id\":\"https:\/\/www.carideal.com\/blog\/2011\/06\/20\/plus-de-camions-sur-les-routes-nationales\/#primaryimage\",\"url\":\"https:\/\/www.carideal.com\/blog\/wp-content\/uploads\/2011\/06\/camion-60-tonnes-scaled.jpg\",\"contentUrl\":\"https:\/\/www.carideal.com\/blog\/wp-content\/uploads\/2011\/06\/camion-60-tonnes-scaled.jpg\",\"width\":1024,\"height\":576,\"caption\":\"Plus de Camions sur les routes nationales\"},{\"@type\":\"BreadcrumbList\",\"@id\":\"https:\/\/www.carideal.com\/blog\/2011\/06\/20\/plus-de-camions-sur-les-routes-nationales\/#breadcrumb\",\"itemListElement\":[{\"@type\":\"ListItem\",\"position\":1,\"name\":\"Blog Carid\u00e9al\",\"item\":\"https:\/\/www.carideal.com\/blog\/\"},{\"@type\":\"ListItem\",\"position\":2,\"name\":\"Radar et s\u00e9curit\u00e9 routi\u00e8re\",\"item\":\"https:\/\/www.carideal.com\/blog\/radar-et-securite-routiere\/\"},{\"@type\":\"ListItem\",\"position\":3,\"name\":\"Plus de Camions sur les routes nationales\"}]},{\"@type\":\"WebSite\",\"@id\":\"https:\/\/www.carideal.com\/blog\/#website\",\"url\":\"https:\/\/www.carideal.com\/blog\/\",\"name\":\"Blog auto Carid\u00e9al\",\"description\":\"Actualit\u00e9 auto par des passionn\u00e9s\",\"publisher\":{\"@id\":\"https:\/\/www.carideal.com\/blog\/#organization\"},\"potentialAction\":[{\"@type\":\"SearchAction\",\"target\":{\"@type\":\"EntryPoint\",\"urlTemplate\":\"https:\/\/www.carideal.com\/blog\/?s={search_term_string}\"},\"query-input\":{\"@type\":\"PropertyValueSpecification\",\"valueRequired\":true,\"valueName\":\"search_term_string\"}}],\"inLanguage\":\"fr-FR\"},{\"@type\":\"Organization\",\"@id\":\"https:\/\/www.carideal.com\/blog\/#organization\",\"name\":\"Carideal\",\"url\":\"https:\/\/www.carideal.com\/blog\/\",\"logo\":{\"@type\":\"ImageObject\",\"inLanguage\":\"fr-FR\",\"@id\":\"https:\/\/www.carideal.com\/blog\/#\/schema\/logo\/image\/\",\"url\":\"http:\/\/www.carideal.com\/blog\/wp-content\/uploads\/2016\/03\/logo-carideal-mandataire-automobile.png\",\"contentUrl\":\"http:\/\/www.carideal.com\/blog\/wp-content\/uploads\/2016\/03\/logo-carideal-mandataire-automobile.png\",\"width\":300,\"height\":300,\"caption\":\"Carideal\"},\"image\":{\"@id\":\"https:\/\/www.carideal.com\/blog\/#\/schema\/logo\/image\/\"},\"sameAs\":[\"https:\/\/www.facebook.com\/Carideal.mandataire.automobile\",\"https:\/\/x.com\/caridealauto\",\"https:\/\/www.instagram.com\/carideal1\/\",\"https:\/\/www.linkedin.com\/company\/carideal.com\",\"https:\/\/fr.pinterest.com\/schiavonsas\/\",\"https:\/\/www.youtube.com\/user\/caridealsas\"]},{\"@type\":\"Person\",\"@id\":\"https:\/\/www.carideal.com\/blog\/#\/schema\/person\/985c7e757d1042d647f21bfaf8d41ebc\",\"name\":\"N.S Carideal\",\"image\":{\"@type\":\"ImageObject\",\"inLanguage\":\"fr-FR\",\"@id\":\"https:\/\/www.carideal.com\/blog\/#\/schema\/person\/image\/\",\"url\":\"https:\/\/secure.gravatar.com\/avatar\/edb7ccdf1a4e3d14aef967760d354d0e?s=96&r=g\",\"contentUrl\":\"https:\/\/secure.gravatar.com\/avatar\/edb7ccdf1a4e3d14aef967760d354d0e?s=96&r=g\",\"caption\":\"N.S Carideal\"},\"description\":\"Depuis tout petit fan d'automobile. Il est question d'essayer et de comparer toutes ces voitures qui nous ont fait r\u00e9ver, avant que celles-ci ne devient uniquement des voitures de collection.\",\"sameAs\":[\"http:\/\/www.carideal.com\/blog\",\"https:\/\/www.facebook.com\/Carideal.mandataire.automobile\/\",\"https:\/\/www.linkedin.com\/in\/nschiavon\/\",\"https:\/\/www.youtube.com\/user\/caridealsas\/\"],\"url\":\"https:\/\/www.carideal.com\/blog\/author\/admin_carideal\/\"}]}<\/script>\n<!-- \/ Yoast SEO plugin. -->","yoast_head_json":{"title":"Plus de Camions sur les routes nationales - Blog auto Carid\u00e9al","robots":{"index":"index","follow":"follow","max-snippet":"max-snippet:-1","max-image-preview":"max-image-preview:large","max-video-preview":"max-video-preview:-1"},"canonical":"https:\/\/www.carideal.com\/blog\/2011\/06\/20\/plus-de-camions-sur-les-routes-nationales\/","og_locale":"fr_FR","og_type":"article","og_title":"Plus de Camions sur les routes nationales - Blog auto Carid\u00e9al","og_description":"Plus de Camions sur les routes nationales Ce n'est pas folichon de rencontrer ou de croiser un monstre pareil sur une route nationale ou d\u00e9partementale. Les p\u00e9ages augmentent et ce n'est pas rien pour un camion, le carburant aussi, et selon le CNR, le choix de l'autoroute pour nos amis professionnels devient moins syst\u00e9matique. Selon ... Lire plus","og_url":"https:\/\/www.carideal.com\/blog\/2011\/06\/20\/plus-de-camions-sur-les-routes-nationales\/","og_site_name":"Blog auto Carid\u00e9al","article_publisher":"https:\/\/www.facebook.com\/Carideal.mandataire.automobile","article_author":"https:\/\/www.facebook.com\/Carideal.mandataire.automobile\/","article_published_time":"2011-06-20T09:02:00+00:00","article_modified_time":"2022-10-05T10:24:43+00:00","og_image":[{"width":1024,"height":576,"url":"https:\/\/www.carideal.com\/blog\/wp-content\/uploads\/2011\/06\/camion-60-tonnes-scaled.jpg","type":"image\/jpeg"}],"author":"N.S Carideal","twitter_card":"summary_large_image","twitter_creator":"@caridealauto","twitter_site":"@caridealauto","twitter_misc":{"\u00c9crit par":"N.S Carideal","Dur\u00e9e de lecture estim\u00e9e":"1 minute"},"schema":{"@context":"https:\/\/schema.org","@graph":[{"@type":"Article","@id":"https:\/\/www.carideal.com\/blog\/2011\/06\/20\/plus-de-camions-sur-les-routes-nationales\/#article","isPartOf":{"@id":"https:\/\/www.carideal.com\/blog\/2011\/06\/20\/plus-de-camions-sur-les-routes-nationales\/"},"author":{"name":"N.S Carideal","@id":"https:\/\/www.carideal.com\/blog\/#\/schema\/person\/985c7e757d1042d647f21bfaf8d41ebc"},"headline":"Plus de Camions sur les routes nationales","datePublished":"2011-06-20T09:02:00+00:00","dateModified":"2022-10-05T10:24:43+00:00","mainEntityOfPage":{"@id":"https:\/\/www.carideal.com\/blog\/2011\/06\/20\/plus-de-camions-sur-les-routes-nationales\/"},"wordCount":159,"commentCount":0,"publisher":{"@id":"https:\/\/www.carideal.com\/blog\/#organization"},"image":{"@id":"https:\/\/www.carideal.com\/blog\/2011\/06\/20\/plus-de-camions-sur-les-routes-nationales\/#primaryimage"},"thumbnailUrl":"https:\/\/www.carideal.com\/blog\/wp-content\/uploads\/2011\/06\/camion-60-tonnes-scaled.jpg","articleSection":["Radar et s\u00e9curit\u00e9 routi\u00e8re"],"inLanguage":"fr-FR","potentialAction":[{"@type":"CommentAction","name":"Comment","target":["https:\/\/www.carideal.com\/blog\/2011\/06\/20\/plus-de-camions-sur-les-routes-nationales\/#respond"]}]},{"@type":"WebPage","@id":"https:\/\/www.carideal.com\/blog\/2011\/06\/20\/plus-de-camions-sur-les-routes-nationales\/","url":"https:\/\/www.carideal.com\/blog\/2011\/06\/20\/plus-de-camions-sur-les-routes-nationales\/","name":"Plus de Camions sur les routes nationales - Blog auto Carid\u00e9al","isPartOf":{"@id":"https:\/\/www.carideal.com\/blog\/#website"},"primaryImageOfPage":{"@id":"https:\/\/www.carideal.com\/blog\/2011\/06\/20\/plus-de-camions-sur-les-routes-nationales\/#primaryimage"},"image":{"@id":"https:\/\/www.carideal.com\/blog\/2011\/06\/20\/plus-de-camions-sur-les-routes-nationales\/#primaryimage"},"thumbnailUrl":"https:\/\/www.carideal.com\/blog\/wp-content\/uploads\/2011\/06\/camion-60-tonnes-scaled.jpg","datePublished":"2011-06-20T09:02:00+00:00","dateModified":"2022-10-05T10:24:43+00:00","breadcrumb":{"@id":"https:\/\/www.carideal.com\/blog\/2011\/06\/20\/plus-de-camions-sur-les-routes-nationales\/#breadcrumb"},"inLanguage":"fr-FR","potentialAction":[{"@type":"ReadAction","target":["https:\/\/www.carideal.com\/blog\/2011\/06\/20\/plus-de-camions-sur-les-routes-nationales\/"]}]},{"@type":"ImageObject","inLanguage":"fr-FR","@id":"https:\/\/www.carideal.com\/blog\/2011\/06\/20\/plus-de-camions-sur-les-routes-nationales\/#primaryimage","url":"https:\/\/www.carideal.com\/blog\/wp-content\/uploads\/2011\/06\/camion-60-tonnes-scaled.jpg","contentUrl":"https:\/\/www.carideal.com\/blog\/wp-content\/uploads\/2011\/06\/camion-60-tonnes-scaled.jpg","width":1024,"height":576,"caption":"Plus de Camions sur les routes nationales"},{"@type":"BreadcrumbList","@id":"https:\/\/www.carideal.com\/blog\/2011\/06\/20\/plus-de-camions-sur-les-routes-nationales\/#breadcrumb","itemListElement":[{"@type":"ListItem","position":1,"name":"Blog Carid\u00e9al","item":"https:\/\/www.carideal.com\/blog\/"},{"@type":"ListItem","position":2,"name":"Radar et s\u00e9curit\u00e9 routi\u00e8re","item":"https:\/\/www.carideal.com\/blog\/radar-et-securite-routiere\/"},{"@type":"ListItem","position":3,"name":"Plus de Camions sur les routes nationales"}]},{"@type":"WebSite","@id":"https:\/\/www.carideal.com\/blog\/#website","url":"https:\/\/www.carideal.com\/blog\/","name":"Blog auto Carid\u00e9al","description":"Actualit\u00e9 auto par des passionn\u00e9s","publisher":{"@id":"https:\/\/www.carideal.com\/blog\/#organization"},"potentialAction":[{"@type":"SearchAction","target":{"@type":"EntryPoint","urlTemplate":"https:\/\/www.carideal.com\/blog\/?s={search_term_string}"},"query-input":{"@type":"PropertyValueSpecification","valueRequired":true,"valueName":"search_term_string"}}],"inLanguage":"fr-FR"},{"@type":"Organization","@id":"https:\/\/www.carideal.com\/blog\/#organization","name":"Carideal","url":"https:\/\/www.carideal.com\/blog\/","logo":{"@type":"ImageObject","inLanguage":"fr-FR","@id":"https:\/\/www.carideal.com\/blog\/#\/schema\/logo\/image\/","url":"http:\/\/www.carideal.com\/blog\/wp-content\/uploads\/2016\/03\/logo-carideal-mandataire-automobile.png","contentUrl":"http:\/\/www.carideal.com\/blog\/wp-content\/uploads\/2016\/03\/logo-carideal-mandataire-automobile.png","width":300,"height":300,"caption":"Carideal"},"image":{"@id":"https:\/\/www.carideal.com\/blog\/#\/schema\/logo\/image\/"},"sameAs":["https:\/\/www.facebook.com\/Carideal.mandataire.automobile","https:\/\/x.com\/caridealauto","https:\/\/www.instagram.com\/carideal1\/","https:\/\/www.linkedin.com\/company\/carideal.com","https:\/\/fr.pinterest.com\/schiavonsas\/","https:\/\/www.youtube.com\/user\/caridealsas"]},{"@type":"Person","@id":"https:\/\/www.carideal.com\/blog\/#\/schema\/person\/985c7e757d1042d647f21bfaf8d41ebc","name":"N.S Carideal","image":{"@type":"ImageObject","inLanguage":"fr-FR","@id":"https:\/\/www.carideal.com\/blog\/#\/schema\/person\/image\/","url":"https:\/\/secure.gravatar.com\/avatar\/edb7ccdf1a4e3d14aef967760d354d0e?s=96&r=g","contentUrl":"https:\/\/secure.gravatar.com\/avatar\/edb7ccdf1a4e3d14aef967760d354d0e?s=96&r=g","caption":"N.S Carideal"},"description":"Depuis tout petit fan d'automobile. Il est question d'essayer et de comparer toutes ces voitures qui nous ont fait r\u00e9ver, avant que celles-ci ne devient uniquement des voitures de collection.","sameAs":["http:\/\/www.carideal.com\/blog","https:\/\/www.facebook.com\/Carideal.mandataire.automobile\/","https:\/\/www.linkedin.com\/in\/nschiavon\/","https:\/\/www.youtube.com\/user\/caridealsas\/"],"url":"https:\/\/www.carideal.com\/blog\/author\/admin_carideal\/"}]}},"uagb_featured_image_src":{"full":["https:\/\/www.carideal.com\/blog\/wp-content\/uploads\/2011\/06\/camion-60-tonnes-scaled.jpg",1024,576,false],"thumbnail":["https:\/\/www.carideal.com\/blog\/wp-content\/uploads\/2011\/06\/camion-60-tonnes-150x150.jpg",150,150,true],"medium":["https:\/\/www.carideal.com\/blog\/wp-content\/uploads\/2011\/06\/camion-60-tonnes-300x169.jpg",300,169,true],"medium_large":["https:\/\/www.carideal.com\/blog\/wp-content\/uploads\/2011\/06\/camion-60-tonnes-768x432.jpg",768,432,true],"large":["https:\/\/www.carideal.com\/blog\/wp-content\/uploads\/2011\/06\/camion-60-tonnes-1024x576.jpg",1024,576,true],"1536x1536":["https:\/\/www.carideal.com\/blog\/wp-content\/uploads\/2011\/06\/camion-60-tonnes-scaled.jpg",1024,576,false],"2048x2048":["https:\/\/www.carideal.com\/blog\/wp-content\/uploads\/2011\/06\/camion-60-tonnes-scaled.jpg",1024,576,false],"wppr-widget":["https:\/\/www.carideal.com\/blog\/wp-content\/uploads\/2011\/06\/camion-60-tonnes-50x28.jpg",50,28,true]},"uagb_author_info":{"display_name":"N.S Carideal","author_link":"https:\/\/www.carideal.com\/blog\/author\/admin_carideal\/"},"uagb_comment_info":0,"uagb_excerpt":"Plus de Camions sur les routes nationales Ce n'est pas folichon de rencontrer ou de croiser un monstre pareil sur une route nationale ou d\u00e9partementale. Les p\u00e9ages augmentent et ce n'est pas rien pour un camion, le carburant aussi, et selon le CNR, le choix de l'autoroute pour nos amis professionnels devient moins syst\u00e9matique. Selon\u2026","_links":{"self":[{"href":"https:\/\/www.carideal.com\/blog\/wp-json\/wp\/v2\/posts\/1623"}],"collection":[{"href":"https:\/\/www.carideal.com\/blog\/wp-json\/wp\/v2\/posts"}],"about":[{"href":"https:\/\/www.carideal.com\/blog\/wp-json\/wp\/v2\/types\/post"}],"author":[{"embeddable":true,"href":"https:\/\/www.carideal.com\/blog\/wp-json\/wp\/v2\/users\/1"}],"replies":[{"embeddable":true,"href":"https:\/\/www.carideal.com\/blog\/wp-json\/wp\/v2\/comments?post=1623"}],"version-history":[{"count":0,"href":"https:\/\/www.carideal.com\/blog\/wp-json\/wp\/v2\/posts\/1623\/revisions"}],"wp:featuredmedia":[{"embeddable":true,"href":"https:\/\/www.carideal.com\/blog\/wp-json\/wp\/v2\/media\/26616"}],"wp:attachment":[{"href":"https:\/\/www.carideal.com\/blog\/wp-json\/wp\/v2\/media?parent=1623"}],"wp:term":[{"taxonomy":"category","embeddable":true,"href":"https:\/\/www.carideal.com\/blog\/wp-json\/wp\/v2\/categories?post=1623"},{"taxonomy":"post_tag","embeddable":true,"href":"https:\/\/www.carideal.com\/blog\/wp-json\/wp\/v2\/tags?post=1623"}],"curies":[{"name":"wp","href":"https:\/\/api.w.org\/{rel}","templated":true}]}}