{"id":1619,"date":"2011-05-18T10:33:00","date_gmt":"2011-05-18T10:33:00","guid":{"rendered":"http:\/\/carideal.com\/blog\/?p=1619"},"modified":"2018-05-14T23:05:50","modified_gmt":"2018-05-14T21:05:50","slug":"securite-routiere-140-kmh-en-espagne","status":"publish","type":"post","link":"https:\/\/www.carideal.com\/blog\/2011\/05\/18\/securite-routiere-140-kmh-en-espagne\/","title":{"rendered":"S\u00e9curite routiere : 140 kmh en Espagne ?"},"content":{"rendered":"<p><img decoding=\"async\" title=\"140_kmh_espagne_carideal_mandataire_automobile.jpg, mai 2011\" src=\"\/blog\/public\/.140_kmh_espagne_carideal_mandataire_automobile_m.jpg\" alt=\"140_kmh_espagne_carideal_mandataire_automobile.jpg\" \/><\/p>\n<h1>Bient\u00f4t 140 km\/h sur autoroute en Espagne\u00a0?<\/h1>\n<p>La limitation de vitesse sur les autoroutes en Espagne vient de passer \u00e0 110 km\/h, et une des raisons serait de faire des \u00e9conomies de carburant entre autre. D\u00e9j\u00e0 en 2009 le gouvernement espagnol r\u00e9fl\u00e9chissait sur la possibilit\u00e9 de monter la vitesse \u00e0 140 km\/h sur les autoroutes. L'un des responsables du r\u00e9seau Albertis espagnol estime qu'il serait possible sans probl\u00e8me de rouler \u00e0 140 km\/h.<\/p>\n<p>Lorsque la limite de vitesse de 110 km \/ h a \u00e9t\u00e9 instaur\u00e9 pour des raisons \u00e9nerg\u00e9tiques (la plupart du temps de crise libyenne), on a beaucoup parl\u00e9 qu'il\u00a0s'agissait\u00a0d'une mesure pour\u00a0g\u00e9n\u00e9rer des recettes pour gonfler des amendes aux conducteurs et obtenir plus d'argent pour gonfler les caisses de\u00a0 l'Etat. Les chiffres ont montr\u00e9 que cela n'a pas \u00e9t\u00e9 le cas jusqu'\u00e0 la derni\u00e8re semaine de mai.<br \/>\nPour la premi\u00e8re fois, on parle d'un rebond des amendes de radars fixes, 8% de plus que dans la m\u00eame semaine en 2010. Les autorit\u00e9s reprochent\u00a0un\u00a0effet de relachement \u00bb. Le 24 juin, il sera d\u00e9cid\u00e9 si la limitation de vitesse \u00e0 110 km\/h est maintenue le 1er juillet ou si le retour \u00e0\u00a0la vitesse normale de 120 km \/ h sera d\u00e9cid\u00e9.<\/p>\n<ul>\n<li><a href=\"http:\/\/www.carideal.com\/blog\/2011\/03\/11\/la-hollande-souhaiterait-remonter-sa-vitesse-sur-autoroute-a-130-kmh\/\">La hollande souhaiterait remonter sa vitesse sur autoroute \u00e0 130 km\/h<\/a><\/li>\n<\/ul>\n<p>La consommation de carburant en Espagne a certes diminu\u00e9, mais elle n'est pas directement attribuable \u00e0 cette mesure, en raison de la r\u00e9duction des d\u00e9placements et des prix tr\u00e8s \u00e9lev\u00e9s du carburant. La v\u00e9rit\u00e9 est triste, mais maintenant 1,30 euros \/ litre d'essence,\u00a0c'est du vol \u00e0 main arm\u00e9e.<\/p>\n<p>Et les victimes de la circulation? Apparemment, nous n'avons pas dormi plus ni la s\u00e9curit\u00e9 routi\u00e8re a augment\u00e9 plus lentement circuler, parce que les victimes n'ont pas augment\u00e9 par rapport \u00e0 2010, mais ont suivi \u00e0 la suite de la descente qui prend du temps et la tendance lin\u00e9aire. Les gens se \u00abtuent\u00bb \u00e0 la m\u00eame vitesse ou moins que la limite \u00e0 110 km \/ h.<\/p>\n<p>A partir de cette p\u00e9riode, nous pouvons apprendre de cette le\u00e7on. Nous avons \u00e9galement constat\u00e9 que conduire \u00e0 110 km \/ h produit la m\u00eame \"somnolence\" que conduire \u00e0 120 km \/ h, ou peut-\u00eatre moins. Et ce consid\u00e9rant que la majorit\u00e9 des d\u00e9c\u00e8s\u00a0ont lieu sur des routes secondaires et les villes, o\u00f9 le 110 ne s'appliquent pas.<\/p>\n<p>Il y en aura, qui, le 1er juillet, quoi qu'il arrive sur la d\u00e9cision d'imposer une nouvelle limitation de vitesse, qui continueront \u00e0 circuler \u00e0 110 km \/ h pour appr\u00e9cier les \u00e9conomies de carburant et ne pas percevoir une augmentation significative du temps dans leurs d\u00e9placements. D'autres reviendront \u00e0 120 km \/ h et d'autres continueront \u00e0 faire de m\u00eame avec 110, 120 ou une autre vitesse.<\/p>\n<p>Ce qui est strictement vrai, c'est que si l'on consid\u00e8re les\u00a0carburants qui ont augment\u00e9, les \u00e9conomies qui peuvent \u00eatre attribu\u00e9es \u00e0 une baisse de la consommation ont \u00e9t\u00e9 g\u00e2ch\u00e9es, les\u00a0carburants\u00a0ont augment\u00e9 plus que l'\u00e9conomie. Mais bon, mieux vaut \u00e9pargner que de ne rien sauvegarder directement.<\/p>\n","protected":false},"excerpt":{"rendered":"<p>Bient\u00f4t 140 km\/h sur autoroute en Espagne\u00a0? La limitation de vitesse sur les autoroutes en Espagne vient de passer \u00e0 110 km\/h, et une des raisons serait de faire des \u00e9conomies de carburant entre autre. D\u00e9j\u00e0 en 2009 le gouvernement espagnol r\u00e9fl\u00e9chissait sur la possibilit\u00e9 de monter la vitesse \u00e0 140 km\/h sur les autoroutes. &#8230; <a title=\"S\u00e9curite routiere : 140 kmh en Espagne ?\" class=\"read-more\" href=\"https:\/\/www.carideal.com\/blog\/2011\/05\/18\/securite-routiere-140-kmh-en-espagne\/\" aria-label=\"En savoir plus sur S\u00e9curite routiere : 140 kmh en Espagne ?\">Lire plus<\/a><\/p>\n","protected":false},"author":1,"featured_media":17237,"comment_status":"open","ping_status":"open","sticky":false,"template":"","format":"standard","meta":{"_uag_custom_page_level_css":"","_themeisle_gutenberg_block_has_review":false,"footnotes":""},"categories":[15],"tags":[],"class_list":["post-1619","post","type-post","status-publish","format-standard","has-post-thumbnail","hentry","category-radar-et-securite-routiere"],"wppr_data":{"cwp_meta_box_check":"No"},"yoast_head":"<!-- This site is optimized with the Yoast SEO plugin v24.8.1 - https:\/\/yoast.com\/wordpress\/plugins\/seo\/ -->\n<title>S\u00e9curite routiere : 140 kmh en Espagne ? - Blog auto Carid\u00e9al<\/title>\n<meta name=\"description\" content=\"L&#039;Espagne vient d&#039;instaurer provisoirement la limitation de vitesse sur autoroute \u00e0 110 km\/h. La raison officielle serait de faire des \u00e9conomies au vu des hausses de prix de carburant cette ann\u00e9e.\" \/>\n<meta name=\"robots\" content=\"index, follow, max-snippet:-1, max-image-preview:large, max-video-preview:-1\" \/>\n<link rel=\"canonical\" href=\"https:\/\/www.carideal.com\/blog\/2011\/05\/18\/securite-routiere-140-kmh-en-espagne\/\" \/>\n<meta property=\"og:locale\" content=\"fr_FR\" \/>\n<meta property=\"og:type\" content=\"article\" \/>\n<meta property=\"og:title\" content=\"S\u00e9curite routiere : 140 kmh en Espagne ? - Blog auto Carid\u00e9al\" \/>\n<meta property=\"og:description\" content=\"L&#039;Espagne vient d&#039;instaurer provisoirement la limitation de vitesse sur autoroute \u00e0 110 km\/h. La raison officielle serait de faire des \u00e9conomies au vu des hausses de prix de carburant cette ann\u00e9e.\" \/>\n<meta property=\"og:url\" content=\"https:\/\/www.carideal.com\/blog\/2011\/05\/18\/securite-routiere-140-kmh-en-espagne\/\" \/>\n<meta property=\"og:site_name\" content=\"Blog auto Carid\u00e9al\" \/>\n<meta property=\"article:publisher\" content=\"https:\/\/www.facebook.com\/Carideal.mandataire.automobile\" \/>\n<meta property=\"article:author\" content=\"https:\/\/www.facebook.com\/Carideal.mandataire.automobile\/\" \/>\n<meta property=\"article:published_time\" content=\"2011-05-18T10:33:00+00:00\" \/>\n<meta property=\"article:modified_time\" content=\"2018-05-14T21:05:50+00:00\" \/>\n<meta property=\"og:image\" content=\"https:\/\/www.carideal.com\/blog\/wp-content\/uploads\/2011\/05\/vitesse-110-espagne.jpg\" \/>\n\t<meta property=\"og:image:width\" content=\"640\" \/>\n\t<meta property=\"og:image:height\" content=\"360\" \/>\n\t<meta property=\"og:image:type\" content=\"image\/jpeg\" \/>\n<meta name=\"author\" content=\"N.S Carideal\" \/>\n<meta name=\"twitter:card\" content=\"summary_large_image\" \/>\n<meta name=\"twitter:creator\" content=\"@caridealauto\" \/>\n<meta name=\"twitter:site\" content=\"@caridealauto\" \/>\n<meta name=\"twitter:label1\" content=\"\u00c9crit par\" \/>\n\t<meta name=\"twitter:data1\" content=\"N.S Carideal\" \/>\n\t<meta name=\"twitter:label2\" content=\"Dur\u00e9e de lecture estim\u00e9e\" \/>\n\t<meta name=\"twitter:data2\" content=\"3 minutes\" \/>\n<script type=\"application\/ld+json\" class=\"yoast-schema-graph\">{\"@context\":\"https:\/\/schema.org\",\"@graph\":[{\"@type\":\"Article\",\"@id\":\"https:\/\/www.carideal.com\/blog\/2011\/05\/18\/securite-routiere-140-kmh-en-espagne\/#article\",\"isPartOf\":{\"@id\":\"https:\/\/www.carideal.com\/blog\/2011\/05\/18\/securite-routiere-140-kmh-en-espagne\/\"},\"author\":{\"name\":\"N.S Carideal\",\"@id\":\"https:\/\/www.carideal.com\/blog\/#\/schema\/person\/985c7e757d1042d647f21bfaf8d41ebc\"},\"headline\":\"S\u00e9curite routiere : 140 kmh en Espagne ?\",\"datePublished\":\"2011-05-18T10:33:00+00:00\",\"dateModified\":\"2018-05-14T21:05:50+00:00\",\"mainEntityOfPage\":{\"@id\":\"https:\/\/www.carideal.com\/blog\/2011\/05\/18\/securite-routiere-140-kmh-en-espagne\/\"},\"wordCount\":512,\"commentCount\":0,\"publisher\":{\"@id\":\"https:\/\/www.carideal.com\/blog\/#organization\"},\"image\":{\"@id\":\"https:\/\/www.carideal.com\/blog\/2011\/05\/18\/securite-routiere-140-kmh-en-espagne\/#primaryimage\"},\"thumbnailUrl\":\"https:\/\/www.carideal.com\/blog\/wp-content\/uploads\/2011\/05\/vitesse-110-espagne.jpg\",\"articleSection\":[\"Radar et s\u00e9curit\u00e9 routi\u00e8re\"],\"inLanguage\":\"fr-FR\",\"potentialAction\":[{\"@type\":\"CommentAction\",\"name\":\"Comment\",\"target\":[\"https:\/\/www.carideal.com\/blog\/2011\/05\/18\/securite-routiere-140-kmh-en-espagne\/#respond\"]}]},{\"@type\":\"WebPage\",\"@id\":\"https:\/\/www.carideal.com\/blog\/2011\/05\/18\/securite-routiere-140-kmh-en-espagne\/\",\"url\":\"https:\/\/www.carideal.com\/blog\/2011\/05\/18\/securite-routiere-140-kmh-en-espagne\/\",\"name\":\"S\u00e9curite routiere : 140 kmh en Espagne ? - Blog auto Carid\u00e9al\",\"isPartOf\":{\"@id\":\"https:\/\/www.carideal.com\/blog\/#website\"},\"primaryImageOfPage\":{\"@id\":\"https:\/\/www.carideal.com\/blog\/2011\/05\/18\/securite-routiere-140-kmh-en-espagne\/#primaryimage\"},\"image\":{\"@id\":\"https:\/\/www.carideal.com\/blog\/2011\/05\/18\/securite-routiere-140-kmh-en-espagne\/#primaryimage\"},\"thumbnailUrl\":\"https:\/\/www.carideal.com\/blog\/wp-content\/uploads\/2011\/05\/vitesse-110-espagne.jpg\",\"datePublished\":\"2011-05-18T10:33:00+00:00\",\"dateModified\":\"2018-05-14T21:05:50+00:00\",\"description\":\"L'Espagne vient d'instaurer provisoirement la limitation de vitesse sur autoroute \u00e0 110 km\/h. La raison officielle serait de faire des \u00e9conomies au vu des hausses de prix de carburant cette ann\u00e9e.\",\"breadcrumb\":{\"@id\":\"https:\/\/www.carideal.com\/blog\/2011\/05\/18\/securite-routiere-140-kmh-en-espagne\/#breadcrumb\"},\"inLanguage\":\"fr-FR\",\"potentialAction\":[{\"@type\":\"ReadAction\",\"target\":[\"https:\/\/www.carideal.com\/blog\/2011\/05\/18\/securite-routiere-140-kmh-en-espagne\/\"]}]},{\"@type\":\"ImageObject\",\"inLanguage\":\"fr-FR\",\"@id\":\"https:\/\/www.carideal.com\/blog\/2011\/05\/18\/securite-routiere-140-kmh-en-espagne\/#primaryimage\",\"url\":\"https:\/\/www.carideal.com\/blog\/wp-content\/uploads\/2011\/05\/vitesse-110-espagne.jpg\",\"contentUrl\":\"https:\/\/www.carideal.com\/blog\/wp-content\/uploads\/2011\/05\/vitesse-110-espagne.jpg\",\"width\":640,\"height\":360,\"caption\":\"Vitesse \u00e0 110 km\/h en Espagne\"},{\"@type\":\"BreadcrumbList\",\"@id\":\"https:\/\/www.carideal.com\/blog\/2011\/05\/18\/securite-routiere-140-kmh-en-espagne\/#breadcrumb\",\"itemListElement\":[{\"@type\":\"ListItem\",\"position\":1,\"name\":\"Blog Carid\u00e9al\",\"item\":\"https:\/\/www.carideal.com\/blog\/\"},{\"@type\":\"ListItem\",\"position\":2,\"name\":\"Radar et s\u00e9curit\u00e9 routi\u00e8re\",\"item\":\"https:\/\/www.carideal.com\/blog\/radar-et-securite-routiere\/\"},{\"@type\":\"ListItem\",\"position\":3,\"name\":\"S\u00e9curite routiere : 140 kmh en Espagne ?\"}]},{\"@type\":\"WebSite\",\"@id\":\"https:\/\/www.carideal.com\/blog\/#website\",\"url\":\"https:\/\/www.carideal.com\/blog\/\",\"name\":\"Blog auto Carid\u00e9al\",\"description\":\"Actualit\u00e9 auto par des passionn\u00e9s\",\"publisher\":{\"@id\":\"https:\/\/www.carideal.com\/blog\/#organization\"},\"potentialAction\":[{\"@type\":\"SearchAction\",\"target\":{\"@type\":\"EntryPoint\",\"urlTemplate\":\"https:\/\/www.carideal.com\/blog\/?s={search_term_string}\"},\"query-input\":{\"@type\":\"PropertyValueSpecification\",\"valueRequired\":true,\"valueName\":\"search_term_string\"}}],\"inLanguage\":\"fr-FR\"},{\"@type\":\"Organization\",\"@id\":\"https:\/\/www.carideal.com\/blog\/#organization\",\"name\":\"Carideal\",\"url\":\"https:\/\/www.carideal.com\/blog\/\",\"logo\":{\"@type\":\"ImageObject\",\"inLanguage\":\"fr-FR\",\"@id\":\"https:\/\/www.carideal.com\/blog\/#\/schema\/logo\/image\/\",\"url\":\"http:\/\/www.carideal.com\/blog\/wp-content\/uploads\/2016\/03\/logo-carideal-mandataire-automobile.png\",\"contentUrl\":\"http:\/\/www.carideal.com\/blog\/wp-content\/uploads\/2016\/03\/logo-carideal-mandataire-automobile.png\",\"width\":300,\"height\":300,\"caption\":\"Carideal\"},\"image\":{\"@id\":\"https:\/\/www.carideal.com\/blog\/#\/schema\/logo\/image\/\"},\"sameAs\":[\"https:\/\/www.facebook.com\/Carideal.mandataire.automobile\",\"https:\/\/x.com\/caridealauto\",\"https:\/\/www.instagram.com\/carideal1\/\",\"https:\/\/www.linkedin.com\/company\/carideal.com\",\"https:\/\/fr.pinterest.com\/schiavonsas\/\",\"https:\/\/www.youtube.com\/user\/caridealsas\"]},{\"@type\":\"Person\",\"@id\":\"https:\/\/www.carideal.com\/blog\/#\/schema\/person\/985c7e757d1042d647f21bfaf8d41ebc\",\"name\":\"N.S Carideal\",\"image\":{\"@type\":\"ImageObject\",\"inLanguage\":\"fr-FR\",\"@id\":\"https:\/\/www.carideal.com\/blog\/#\/schema\/person\/image\/\",\"url\":\"https:\/\/secure.gravatar.com\/avatar\/edb7ccdf1a4e3d14aef967760d354d0e?s=96&r=g\",\"contentUrl\":\"https:\/\/secure.gravatar.com\/avatar\/edb7ccdf1a4e3d14aef967760d354d0e?s=96&r=g\",\"caption\":\"N.S Carideal\"},\"description\":\"Depuis tout petit fan d'automobile. Il est question d'essayer et de comparer toutes ces voitures qui nous ont fait r\u00e9ver, avant que celles-ci ne devient uniquement des voitures de collection.\",\"sameAs\":[\"http:\/\/www.carideal.com\/blog\",\"https:\/\/www.facebook.com\/Carideal.mandataire.automobile\/\",\"https:\/\/www.linkedin.com\/in\/nschiavon\/\",\"https:\/\/www.youtube.com\/user\/caridealsas\/\"],\"url\":\"https:\/\/www.carideal.com\/blog\/author\/admin_carideal\/\"}]}<\/script>\n<!-- \/ Yoast SEO plugin. -->","yoast_head_json":{"title":"S\u00e9curite routiere : 140 kmh en Espagne ? - Blog auto Carid\u00e9al","description":"L'Espagne vient d'instaurer provisoirement la limitation de vitesse sur autoroute \u00e0 110 km\/h. La raison officielle serait de faire des \u00e9conomies au vu des hausses de prix de carburant cette ann\u00e9e.","robots":{"index":"index","follow":"follow","max-snippet":"max-snippet:-1","max-image-preview":"max-image-preview:large","max-video-preview":"max-video-preview:-1"},"canonical":"https:\/\/www.carideal.com\/blog\/2011\/05\/18\/securite-routiere-140-kmh-en-espagne\/","og_locale":"fr_FR","og_type":"article","og_title":"S\u00e9curite routiere : 140 kmh en Espagne ? - Blog auto Carid\u00e9al","og_description":"L'Espagne vient d'instaurer provisoirement la limitation de vitesse sur autoroute \u00e0 110 km\/h. La raison officielle serait de faire des \u00e9conomies au vu des hausses de prix de carburant cette ann\u00e9e.","og_url":"https:\/\/www.carideal.com\/blog\/2011\/05\/18\/securite-routiere-140-kmh-en-espagne\/","og_site_name":"Blog auto Carid\u00e9al","article_publisher":"https:\/\/www.facebook.com\/Carideal.mandataire.automobile","article_author":"https:\/\/www.facebook.com\/Carideal.mandataire.automobile\/","article_published_time":"2011-05-18T10:33:00+00:00","article_modified_time":"2018-05-14T21:05:50+00:00","og_image":[{"width":640,"height":360,"url":"https:\/\/www.carideal.com\/blog\/wp-content\/uploads\/2011\/05\/vitesse-110-espagne.jpg","type":"image\/jpeg"}],"author":"N.S Carideal","twitter_card":"summary_large_image","twitter_creator":"@caridealauto","twitter_site":"@caridealauto","twitter_misc":{"\u00c9crit par":"N.S Carideal","Dur\u00e9e de lecture estim\u00e9e":"3 minutes"},"schema":{"@context":"https:\/\/schema.org","@graph":[{"@type":"Article","@id":"https:\/\/www.carideal.com\/blog\/2011\/05\/18\/securite-routiere-140-kmh-en-espagne\/#article","isPartOf":{"@id":"https:\/\/www.carideal.com\/blog\/2011\/05\/18\/securite-routiere-140-kmh-en-espagne\/"},"author":{"name":"N.S Carideal","@id":"https:\/\/www.carideal.com\/blog\/#\/schema\/person\/985c7e757d1042d647f21bfaf8d41ebc"},"headline":"S\u00e9curite routiere : 140 kmh en Espagne ?","datePublished":"2011-05-18T10:33:00+00:00","dateModified":"2018-05-14T21:05:50+00:00","mainEntityOfPage":{"@id":"https:\/\/www.carideal.com\/blog\/2011\/05\/18\/securite-routiere-140-kmh-en-espagne\/"},"wordCount":512,"commentCount":0,"publisher":{"@id":"https:\/\/www.carideal.com\/blog\/#organization"},"image":{"@id":"https:\/\/www.carideal.com\/blog\/2011\/05\/18\/securite-routiere-140-kmh-en-espagne\/#primaryimage"},"thumbnailUrl":"https:\/\/www.carideal.com\/blog\/wp-content\/uploads\/2011\/05\/vitesse-110-espagne.jpg","articleSection":["Radar et s\u00e9curit\u00e9 routi\u00e8re"],"inLanguage":"fr-FR","potentialAction":[{"@type":"CommentAction","name":"Comment","target":["https:\/\/www.carideal.com\/blog\/2011\/05\/18\/securite-routiere-140-kmh-en-espagne\/#respond"]}]},{"@type":"WebPage","@id":"https:\/\/www.carideal.com\/blog\/2011\/05\/18\/securite-routiere-140-kmh-en-espagne\/","url":"https:\/\/www.carideal.com\/blog\/2011\/05\/18\/securite-routiere-140-kmh-en-espagne\/","name":"S\u00e9curite routiere : 140 kmh en Espagne ? - Blog auto Carid\u00e9al","isPartOf":{"@id":"https:\/\/www.carideal.com\/blog\/#website"},"primaryImageOfPage":{"@id":"https:\/\/www.carideal.com\/blog\/2011\/05\/18\/securite-routiere-140-kmh-en-espagne\/#primaryimage"},"image":{"@id":"https:\/\/www.carideal.com\/blog\/2011\/05\/18\/securite-routiere-140-kmh-en-espagne\/#primaryimage"},"thumbnailUrl":"https:\/\/www.carideal.com\/blog\/wp-content\/uploads\/2011\/05\/vitesse-110-espagne.jpg","datePublished":"2011-05-18T10:33:00+00:00","dateModified":"2018-05-14T21:05:50+00:00","description":"L'Espagne vient d'instaurer provisoirement la limitation de vitesse sur autoroute \u00e0 110 km\/h. La raison officielle serait de faire des \u00e9conomies au vu des hausses de prix de carburant cette ann\u00e9e.","breadcrumb":{"@id":"https:\/\/www.carideal.com\/blog\/2011\/05\/18\/securite-routiere-140-kmh-en-espagne\/#breadcrumb"},"inLanguage":"fr-FR","potentialAction":[{"@type":"ReadAction","target":["https:\/\/www.carideal.com\/blog\/2011\/05\/18\/securite-routiere-140-kmh-en-espagne\/"]}]},{"@type":"ImageObject","inLanguage":"fr-FR","@id":"https:\/\/www.carideal.com\/blog\/2011\/05\/18\/securite-routiere-140-kmh-en-espagne\/#primaryimage","url":"https:\/\/www.carideal.com\/blog\/wp-content\/uploads\/2011\/05\/vitesse-110-espagne.jpg","contentUrl":"https:\/\/www.carideal.com\/blog\/wp-content\/uploads\/2011\/05\/vitesse-110-espagne.jpg","width":640,"height":360,"caption":"Vitesse \u00e0 110 km\/h en Espagne"},{"@type":"BreadcrumbList","@id":"https:\/\/www.carideal.com\/blog\/2011\/05\/18\/securite-routiere-140-kmh-en-espagne\/#breadcrumb","itemListElement":[{"@type":"ListItem","position":1,"name":"Blog Carid\u00e9al","item":"https:\/\/www.carideal.com\/blog\/"},{"@type":"ListItem","position":2,"name":"Radar et s\u00e9curit\u00e9 routi\u00e8re","item":"https:\/\/www.carideal.com\/blog\/radar-et-securite-routiere\/"},{"@type":"ListItem","position":3,"name":"S\u00e9curite routiere : 140 kmh en Espagne ?"}]},{"@type":"WebSite","@id":"https:\/\/www.carideal.com\/blog\/#website","url":"https:\/\/www.carideal.com\/blog\/","name":"Blog auto Carid\u00e9al","description":"Actualit\u00e9 auto par des passionn\u00e9s","publisher":{"@id":"https:\/\/www.carideal.com\/blog\/#organization"},"potentialAction":[{"@type":"SearchAction","target":{"@type":"EntryPoint","urlTemplate":"https:\/\/www.carideal.com\/blog\/?s={search_term_string}"},"query-input":{"@type":"PropertyValueSpecification","valueRequired":true,"valueName":"search_term_string"}}],"inLanguage":"fr-FR"},{"@type":"Organization","@id":"https:\/\/www.carideal.com\/blog\/#organization","name":"Carideal","url":"https:\/\/www.carideal.com\/blog\/","logo":{"@type":"ImageObject","inLanguage":"fr-FR","@id":"https:\/\/www.carideal.com\/blog\/#\/schema\/logo\/image\/","url":"http:\/\/www.carideal.com\/blog\/wp-content\/uploads\/2016\/03\/logo-carideal-mandataire-automobile.png","contentUrl":"http:\/\/www.carideal.com\/blog\/wp-content\/uploads\/2016\/03\/logo-carideal-mandataire-automobile.png","width":300,"height":300,"caption":"Carideal"},"image":{"@id":"https:\/\/www.carideal.com\/blog\/#\/schema\/logo\/image\/"},"sameAs":["https:\/\/www.facebook.com\/Carideal.mandataire.automobile","https:\/\/x.com\/caridealauto","https:\/\/www.instagram.com\/carideal1\/","https:\/\/www.linkedin.com\/company\/carideal.com","https:\/\/fr.pinterest.com\/schiavonsas\/","https:\/\/www.youtube.com\/user\/caridealsas"]},{"@type":"Person","@id":"https:\/\/www.carideal.com\/blog\/#\/schema\/person\/985c7e757d1042d647f21bfaf8d41ebc","name":"N.S Carideal","image":{"@type":"ImageObject","inLanguage":"fr-FR","@id":"https:\/\/www.carideal.com\/blog\/#\/schema\/person\/image\/","url":"https:\/\/secure.gravatar.com\/avatar\/edb7ccdf1a4e3d14aef967760d354d0e?s=96&r=g","contentUrl":"https:\/\/secure.gravatar.com\/avatar\/edb7ccdf1a4e3d14aef967760d354d0e?s=96&r=g","caption":"N.S Carideal"},"description":"Depuis tout petit fan d'automobile. Il est question d'essayer et de comparer toutes ces voitures qui nous ont fait r\u00e9ver, avant que celles-ci ne devient uniquement des voitures de collection.","sameAs":["http:\/\/www.carideal.com\/blog","https:\/\/www.facebook.com\/Carideal.mandataire.automobile\/","https:\/\/www.linkedin.com\/in\/nschiavon\/","https:\/\/www.youtube.com\/user\/caridealsas\/"],"url":"https:\/\/www.carideal.com\/blog\/author\/admin_carideal\/"}]}},"uagb_featured_image_src":{"full":["https:\/\/www.carideal.com\/blog\/wp-content\/uploads\/2011\/05\/vitesse-110-espagne.jpg",640,360,false],"thumbnail":["https:\/\/www.carideal.com\/blog\/wp-content\/uploads\/2011\/05\/vitesse-110-espagne-150x150.jpg",150,150,true],"medium":["https:\/\/www.carideal.com\/blog\/wp-content\/uploads\/2011\/05\/vitesse-110-espagne-300x169.jpg",300,169,true],"medium_large":["https:\/\/www.carideal.com\/blog\/wp-content\/uploads\/2011\/05\/vitesse-110-espagne.jpg",640,360,false],"large":["https:\/\/www.carideal.com\/blog\/wp-content\/uploads\/2011\/05\/vitesse-110-espagne.jpg",640,360,false],"1536x1536":["https:\/\/www.carideal.com\/blog\/wp-content\/uploads\/2011\/05\/vitesse-110-espagne.jpg",640,360,false],"2048x2048":["https:\/\/www.carideal.com\/blog\/wp-content\/uploads\/2011\/05\/vitesse-110-espagne.jpg",640,360,false],"wppr-widget":["https:\/\/www.carideal.com\/blog\/wp-content\/uploads\/2011\/05\/vitesse-110-espagne.jpg",50,28,false]},"uagb_author_info":{"display_name":"N.S Carideal","author_link":"https:\/\/www.carideal.com\/blog\/author\/admin_carideal\/"},"uagb_comment_info":0,"uagb_excerpt":"Bient\u00f4t 140 km\/h sur autoroute en Espagne\u00a0? La limitation de vitesse sur les autoroutes en Espagne vient de passer \u00e0 110 km\/h, et une des raisons serait de faire des \u00e9conomies de carburant entre autre. D\u00e9j\u00e0 en 2009 le gouvernement espagnol r\u00e9fl\u00e9chissait sur la possibilit\u00e9 de monter la vitesse \u00e0 140 km\/h sur les autoroutes.\u2026","_links":{"self":[{"href":"https:\/\/www.carideal.com\/blog\/wp-json\/wp\/v2\/posts\/1619"}],"collection":[{"href":"https:\/\/www.carideal.com\/blog\/wp-json\/wp\/v2\/posts"}],"about":[{"href":"https:\/\/www.carideal.com\/blog\/wp-json\/wp\/v2\/types\/post"}],"author":[{"embeddable":true,"href":"https:\/\/www.carideal.com\/blog\/wp-json\/wp\/v2\/users\/1"}],"replies":[{"embeddable":true,"href":"https:\/\/www.carideal.com\/blog\/wp-json\/wp\/v2\/comments?post=1619"}],"version-history":[{"count":0,"href":"https:\/\/www.carideal.com\/blog\/wp-json\/wp\/v2\/posts\/1619\/revisions"}],"wp:featuredmedia":[{"embeddable":true,"href":"https:\/\/www.carideal.com\/blog\/wp-json\/wp\/v2\/media\/17237"}],"wp:attachment":[{"href":"https:\/\/www.carideal.com\/blog\/wp-json\/wp\/v2\/media?parent=1619"}],"wp:term":[{"taxonomy":"category","embeddable":true,"href":"https:\/\/www.carideal.com\/blog\/wp-json\/wp\/v2\/categories?post=1619"},{"taxonomy":"post_tag","embeddable":true,"href":"https:\/\/www.carideal.com\/blog\/wp-json\/wp\/v2\/tags?post=1619"}],"curies":[{"name":"wp","href":"https:\/\/api.w.org\/{rel}","templated":true}]}}