{"id":16178,"date":"2016-05-24T17:57:19","date_gmt":"2016-05-24T15:57:19","guid":{"rendered":"http:\/\/www.carideal.com\/blog\/?p=16178"},"modified":"2017-08-07T18:20:24","modified_gmt":"2017-08-07T16:20:24","slug":"citroen-e-mehari-plage-bastille","status":"publish","type":"post","link":"https:\/\/www.carideal.com\/blog\/2016\/05\/24\/citroen-e-mehari-plage-bastille\/","title":{"rendered":"Citroen E-Mehari \u00e0 la plage de la Bastille"},"content":{"rendered":"<h1><strong>Citroen E-Mehari \u00e0 la plage de la Bastille<\/strong><\/h1>\n<p>Un mois avant l\u2019\u00e9t\u00e9, d'ailleurs, tiens puisqu'on en parle, on voudrait bien savoir ou il est pass\u00e9 celui-l\u00e0 ! Citroen prend la direction de la plage \u00e9rig\u00e9e en plein Paris \u00e0 la Bastille, avec le rendez-vous donn\u00e9 par Citro\u00ebn :\u00a0#PlageDeLaBastille<br \/>\nLa c\u00e9l\u00e8bre place de notre belle capitale Paris, s'est transform\u00e9e en plage le week-end des 21 et 22 mai.<\/p>\n<p>Citroen a r\u00e9pandu l\u2019esprit \u2018Feel Good\u2019 de sa E-M\u00e9hari \u00e0 la plage et a propos\u00e9 des animations in\u00e9dites pour les parisiens : surf m\u00e9canique, beach volley, p\u00e9tanque, sans oublier des essais de son cabriolet de plage \u00e9lectrique, E-MEHARI. Avec le port de l\u2019Arsenal pour horizon, dans une ambiance festive et pleine de surprises, inutile d\u2019attendre l\u2019\u00e9t\u00e9 pour s\u2019amuser !<\/p>\n<figure id=\"attachment_16180\" aria-describedby=\"caption-attachment-16180\" style=\"width: 590px\" class=\"wp-caption alignnone\"><a href=\"http:\/\/www.carideal.com\/blog\/wp-content\/uploads\/2017\/08\/citroen-e-mehari-cabriolet-\u00e9lectrique-e1502122467393.jpg\"><img loading=\"lazy\" decoding=\"async\" class=\"size-full wp-image-16180\" src=\"http:\/\/www.carideal.com\/blog\/wp-content\/uploads\/2017\/08\/citroen-e-mehari-cabriolet-\u00e9lectrique-e1502122467393.jpg\" alt=\"Citroen E-mehari cabriolet \u00e9lectrique\" width=\"600\" height=\"400\" \/><\/a><figcaption id=\"caption-attachment-16180\" class=\"wp-caption-text\">Citroen E-mehari cabriolet \u00e9lectrique<\/figcaption><\/figure>\n<h2>Citroen e-Mehari \u00e0 la plage : le cabriolet \u00e9lectrique<\/h2>\n<p>Citroen d\u00e9tourne ici l'ancien slogan de mai 68 de \"sous les pav\u00e9s la plage\" en \"sur les pav\u00e9s la plage.\"<\/p>\n<p>Citroen e-Mehari \u00e0 la plage, c'est le cabriolet des vacances, sans prise de t\u00eate, qui vous emm\u00e8ne partout et surtout \u00e0 la plage, mais pas que.<br \/>\n<iframe loading=\"lazy\" src=\"https:\/\/www.youtube.com\/embed\/qUK93jIK7hA\" width=\"560\" height=\"315\" frameborder=\"0\"><\/iframe><\/p>\n<p>Citroen a mis \u00e0 la disposition de AutoLib plusieurs <a href=\"http:\/\/www.carideal.com\/blog\/2015\/12\/07\/nouvelle-citroen-e-mehari-electrique\/\">E-M\u00e9hari<\/a> , la voiture \u00e9lectrique de plage de <a href=\"http:\/\/www.carideal.com\/blog\/marque-de-voiture-actualites-essais\/citroen\/\">Citroen<\/a>. Les parisiens ont \u00e9t\u00e9 agr\u00e9ablement surpris. Cela a \u00e9t\u00e9 un bon banc d'essai pour citroen et tester ainsi les r\u00e9action du public. La nouvelle Citroen e-Mehari saura-t-elle retrouver le suc\u00e8s de sa devanci\u00e8re la Mehari originale qui avait sur conqu\u00e9rir les plages de Saint Tropez, et le coeur de la jeunesse en g\u00e9n\u00e9ral. Citroen croit dans l'\u00e9nergie \u00e9lectrique, voir le plan des futures\u00a0voitures \u00e9lectriques de PSA, et a m\u00eame d\u00e9j\u00e0 sortie uen s\u00e9rie sp\u00e9ciale <a href=\"http:\/\/www.carideal.com\/blog\/2016\/02\/25\/concept-citroen-e-mehari-courreges\/\">e-Mehari Courr\u00e8ges<\/a>.<br \/>\n<iframe loading=\"lazy\" src=\"https:\/\/www.youtube.com\/embed\/YrxNJnFN13E\" width=\"560\" height=\"315\" frameborder=\"0\"><\/iframe><\/p>\n<p>Alors cet \u00e9t\u00e9 seriez vous pr\u00eat \u00e0 louer une Citroen e-Mehari pour aller \u00e0 la plage et laisser votre grosse berline au parking ?<\/p>\n","protected":false},"excerpt":{"rendered":"<p>Citroen E-Mehari \u00e0 la plage de la Bastille Un mois avant l\u2019\u00e9t\u00e9, d&rsquo;ailleurs, tiens puisqu&rsquo;on en parle, on voudrait bien savoir ou il est pass\u00e9 celui-l\u00e0 ! Citroen prend la direction de la plage \u00e9rig\u00e9e en plein Paris \u00e0 la Bastille, avec le rendez-vous donn\u00e9 par Citro\u00ebn :\u00a0#PlageDeLaBastille La c\u00e9l\u00e8bre place de notre belle capitale &#8230; <a title=\"Citroen E-Mehari \u00e0 la plage de la Bastille\" class=\"read-more\" href=\"https:\/\/www.carideal.com\/blog\/2016\/05\/24\/citroen-e-mehari-plage-bastille\/\" aria-label=\"En savoir plus sur Citroen E-Mehari \u00e0 la plage de la Bastille\">Lire plus<\/a><\/p>\n","protected":false},"author":3,"featured_media":16179,"comment_status":"open","ping_status":"open","sticky":false,"template":"","format":"standard","meta":{"_uag_custom_page_level_css":"","_themeisle_gutenberg_block_has_review":false,"footnotes":""},"categories":[21,5,5080,5970],"tags":[],"class_list":["post-16178","post","type-post","status-publish","format-standard","has-post-thumbnail","hentry","category-actualites-auto","category-citroen","category-technologie-2","category-electrique-technologie-2"],"wppr_data":{"cwp_meta_box_check":"No"},"yoast_head":"<!-- This site is optimized with the Yoast SEO plugin v24.8.1 - https:\/\/yoast.com\/wordpress\/plugins\/seo\/ -->\n<title>Citroen E-Mehari \u00e0 la plage de la Bastille - Blog auto Carid\u00e9al<\/title>\n<meta name=\"description\" content=\"Citroen E-Mehari \u00e0 la plage de la Bastille Un mois avant l\u2019\u00e9t\u00e9, on voudrait bien savoir ou il est pass\u00e9 celui-l\u00e0 ! Citroen prend la direction de la plage\" \/>\n<meta name=\"robots\" content=\"index, follow, max-snippet:-1, max-image-preview:large, max-video-preview:-1\" \/>\n<link rel=\"canonical\" href=\"https:\/\/www.carideal.com\/blog\/2016\/05\/24\/citroen-e-mehari-plage-bastille\/\" \/>\n<meta property=\"og:locale\" content=\"fr_FR\" \/>\n<meta property=\"og:type\" content=\"article\" \/>\n<meta property=\"og:title\" content=\"Citroen E-Mehari \u00e0 la plage de la Bastille - Blog auto Carid\u00e9al\" \/>\n<meta property=\"og:description\" content=\"Citroen E-Mehari \u00e0 la plage de la Bastille Un mois avant l\u2019\u00e9t\u00e9, on voudrait bien savoir ou il est pass\u00e9 celui-l\u00e0 ! Citroen prend la direction de la plage\" \/>\n<meta property=\"og:url\" content=\"https:\/\/www.carideal.com\/blog\/2016\/05\/24\/citroen-e-mehari-plage-bastille\/\" \/>\n<meta property=\"og:site_name\" content=\"Blog auto Carid\u00e9al\" \/>\n<meta property=\"article:publisher\" content=\"https:\/\/www.facebook.com\/Carideal.mandataire.automobile\" \/>\n<meta property=\"article:author\" content=\"https:\/\/www.facebook.com\/nicolas.schiavon.39\" \/>\n<meta property=\"article:published_time\" content=\"2016-05-24T15:57:19+00:00\" \/>\n<meta property=\"article:modified_time\" content=\"2017-08-07T16:20:24+00:00\" \/>\n<meta property=\"og:image\" content=\"https:\/\/www.carideal.com\/blog\/wp-content\/uploads\/2017\/08\/citroen-e-mehari-plage-bastille.jpg\" \/>\n\t<meta property=\"og:image:width\" content=\"750\" \/>\n\t<meta property=\"og:image:height\" content=\"503\" \/>\n\t<meta property=\"og:image:type\" content=\"image\/jpeg\" \/>\n<meta name=\"author\" content=\"Nicolas SCHIAVON\" \/>\n<meta name=\"twitter:card\" content=\"summary_large_image\" \/>\n<meta name=\"twitter:creator\" content=\"@caridealauto\" \/>\n<meta name=\"twitter:site\" content=\"@caridealauto\" \/>\n<meta name=\"twitter:label1\" content=\"\u00c9crit par\" \/>\n\t<meta name=\"twitter:data1\" content=\"Nicolas SCHIAVON\" \/>\n\t<meta name=\"twitter:label2\" content=\"Dur\u00e9e de lecture estim\u00e9e\" \/>\n\t<meta name=\"twitter:data2\" content=\"2 minutes\" \/>\n<script type=\"application\/ld+json\" class=\"yoast-schema-graph\">{\"@context\":\"https:\/\/schema.org\",\"@graph\":[{\"@type\":\"Article\",\"@id\":\"https:\/\/www.carideal.com\/blog\/2016\/05\/24\/citroen-e-mehari-plage-bastille\/#article\",\"isPartOf\":{\"@id\":\"https:\/\/www.carideal.com\/blog\/2016\/05\/24\/citroen-e-mehari-plage-bastille\/\"},\"author\":{\"name\":\"Nicolas SCHIAVON\",\"@id\":\"https:\/\/www.carideal.com\/blog\/#\/schema\/person\/cd95dc7919660de90d31b366f85be1ec\"},\"headline\":\"Citroen E-Mehari \u00e0 la plage de la Bastille\",\"datePublished\":\"2016-05-24T15:57:19+00:00\",\"dateModified\":\"2017-08-07T16:20:24+00:00\",\"mainEntityOfPage\":{\"@id\":\"https:\/\/www.carideal.com\/blog\/2016\/05\/24\/citroen-e-mehari-plage-bastille\/\"},\"wordCount\":336,\"commentCount\":0,\"publisher\":{\"@id\":\"https:\/\/www.carideal.com\/blog\/#organization\"},\"image\":{\"@id\":\"https:\/\/www.carideal.com\/blog\/2016\/05\/24\/citroen-e-mehari-plage-bastille\/#primaryimage\"},\"thumbnailUrl\":\"https:\/\/www.carideal.com\/blog\/wp-content\/uploads\/2017\/08\/citroen-e-mehari-plage-bastille.jpg\",\"articleSection\":[\"Actualit\u00e9 automobile\",\"Actualit\u00e9 Citroen\",\"Technologie Automobile\",\"Voiture \u00e9lectrique\"],\"inLanguage\":\"fr-FR\",\"potentialAction\":[{\"@type\":\"CommentAction\",\"name\":\"Comment\",\"target\":[\"https:\/\/www.carideal.com\/blog\/2016\/05\/24\/citroen-e-mehari-plage-bastille\/#respond\"]}]},{\"@type\":\"WebPage\",\"@id\":\"https:\/\/www.carideal.com\/blog\/2016\/05\/24\/citroen-e-mehari-plage-bastille\/\",\"url\":\"https:\/\/www.carideal.com\/blog\/2016\/05\/24\/citroen-e-mehari-plage-bastille\/\",\"name\":\"Citroen E-Mehari \u00e0 la plage de la Bastille - Blog auto Carid\u00e9al\",\"isPartOf\":{\"@id\":\"https:\/\/www.carideal.com\/blog\/#website\"},\"primaryImageOfPage\":{\"@id\":\"https:\/\/www.carideal.com\/blog\/2016\/05\/24\/citroen-e-mehari-plage-bastille\/#primaryimage\"},\"image\":{\"@id\":\"https:\/\/www.carideal.com\/blog\/2016\/05\/24\/citroen-e-mehari-plage-bastille\/#primaryimage\"},\"thumbnailUrl\":\"https:\/\/www.carideal.com\/blog\/wp-content\/uploads\/2017\/08\/citroen-e-mehari-plage-bastille.jpg\",\"datePublished\":\"2016-05-24T15:57:19+00:00\",\"dateModified\":\"2017-08-07T16:20:24+00:00\",\"description\":\"Citroen E-Mehari \u00e0 la plage de la Bastille Un mois avant l\u2019\u00e9t\u00e9, on voudrait bien savoir ou il est pass\u00e9 celui-l\u00e0 ! Citroen prend la direction de la plage\",\"breadcrumb\":{\"@id\":\"https:\/\/www.carideal.com\/blog\/2016\/05\/24\/citroen-e-mehari-plage-bastille\/#breadcrumb\"},\"inLanguage\":\"fr-FR\",\"potentialAction\":[{\"@type\":\"ReadAction\",\"target\":[\"https:\/\/www.carideal.com\/blog\/2016\/05\/24\/citroen-e-mehari-plage-bastille\/\"]}]},{\"@type\":\"ImageObject\",\"inLanguage\":\"fr-FR\",\"@id\":\"https:\/\/www.carideal.com\/blog\/2016\/05\/24\/citroen-e-mehari-plage-bastille\/#primaryimage\",\"url\":\"https:\/\/www.carideal.com\/blog\/wp-content\/uploads\/2017\/08\/citroen-e-mehari-plage-bastille.jpg\",\"contentUrl\":\"https:\/\/www.carideal.com\/blog\/wp-content\/uploads\/2017\/08\/citroen-e-mehari-plage-bastille.jpg\",\"width\":750,\"height\":503,\"caption\":\"Citroen E-Mehari \u00e0 La plage\"},{\"@type\":\"BreadcrumbList\",\"@id\":\"https:\/\/www.carideal.com\/blog\/2016\/05\/24\/citroen-e-mehari-plage-bastille\/#breadcrumb\",\"itemListElement\":[{\"@type\":\"ListItem\",\"position\":1,\"name\":\"Blog Carid\u00e9al\",\"item\":\"https:\/\/www.carideal.com\/blog\/\"},{\"@type\":\"ListItem\",\"position\":2,\"name\":\"Actualit\u00e9 automobile\",\"item\":\"https:\/\/www.carideal.com\/blog\/actualites-auto\/\"},{\"@type\":\"ListItem\",\"position\":3,\"name\":\"Citroen E-Mehari \u00e0 la plage de la Bastille\"}]},{\"@type\":\"WebSite\",\"@id\":\"https:\/\/www.carideal.com\/blog\/#website\",\"url\":\"https:\/\/www.carideal.com\/blog\/\",\"name\":\"Blog auto Carid\u00e9al\",\"description\":\"Actualit\u00e9 auto par des passionn\u00e9s\",\"publisher\":{\"@id\":\"https:\/\/www.carideal.com\/blog\/#organization\"},\"potentialAction\":[{\"@type\":\"SearchAction\",\"target\":{\"@type\":\"EntryPoint\",\"urlTemplate\":\"https:\/\/www.carideal.com\/blog\/?s={search_term_string}\"},\"query-input\":{\"@type\":\"PropertyValueSpecification\",\"valueRequired\":true,\"valueName\":\"search_term_string\"}}],\"inLanguage\":\"fr-FR\"},{\"@type\":\"Organization\",\"@id\":\"https:\/\/www.carideal.com\/blog\/#organization\",\"name\":\"Carideal\",\"url\":\"https:\/\/www.carideal.com\/blog\/\",\"logo\":{\"@type\":\"ImageObject\",\"inLanguage\":\"fr-FR\",\"@id\":\"https:\/\/www.carideal.com\/blog\/#\/schema\/logo\/image\/\",\"url\":\"http:\/\/www.carideal.com\/blog\/wp-content\/uploads\/2016\/03\/logo-carideal-mandataire-automobile.png\",\"contentUrl\":\"http:\/\/www.carideal.com\/blog\/wp-content\/uploads\/2016\/03\/logo-carideal-mandataire-automobile.png\",\"width\":300,\"height\":300,\"caption\":\"Carideal\"},\"image\":{\"@id\":\"https:\/\/www.carideal.com\/blog\/#\/schema\/logo\/image\/\"},\"sameAs\":[\"https:\/\/www.facebook.com\/Carideal.mandataire.automobile\",\"https:\/\/x.com\/caridealauto\",\"https:\/\/www.instagram.com\/carideal1\/\",\"https:\/\/www.linkedin.com\/company\/carideal.com\",\"https:\/\/fr.pinterest.com\/schiavonsas\/\",\"https:\/\/www.youtube.com\/user\/caridealsas\"]},{\"@type\":\"Person\",\"@id\":\"https:\/\/www.carideal.com\/blog\/#\/schema\/person\/cd95dc7919660de90d31b366f85be1ec\",\"name\":\"Nicolas SCHIAVON\",\"image\":{\"@type\":\"ImageObject\",\"inLanguage\":\"fr-FR\",\"@id\":\"https:\/\/www.carideal.com\/blog\/#\/schema\/person\/image\/\",\"url\":\"https:\/\/secure.gravatar.com\/avatar\/c17e55009e671d92cc7f5dc837dc418a?s=96&r=g\",\"contentUrl\":\"https:\/\/secure.gravatar.com\/avatar\/c17e55009e671d92cc7f5dc837dc418a?s=96&r=g\",\"caption\":\"Nicolas SCHIAVON\"},\"description\":\"Nicolas Schiavon est tomb\u00e9 tout petit dans la marmite automobile. Ayant eu un garage de marque automobile, mandataire automobile de la premi\u00e8re heure d\u00e8s 1999. Nicolas a cr\u00e9\u00e9 ces premiers sites de vente de voiture et blog automobile d\u00e8s 1994. Carideal est n\u00e9 le 15 d\u00e9cembre 2000 de la volont\u00e9 de vendre des voitures d'occasions en ligne puis des voitures neuves. Il a pu essayer beaucoup de voitures tr\u00e8s diff\u00e9rentes et ayant eu personnellement quelques belles autos, Subaru Impreza, Mitsubishi Lancer Evo 7, Porsche 911, Ferrari Testarrossa, Audi RS3, RS4 et j'en passe...\",\"sameAs\":[\"http:\/\/www.carideal.com\",\"https:\/\/www.facebook.com\/nicolas.schiavon.39\",\"https:\/\/www.instagram.com\/carideal1\/\",\"https:\/\/www.linkedin.com\/in\/nschiavon\/\",\"https:\/\/x.com\/caridealauto\",\"https:\/\/www.youtube.com\/user\/caridealsas\/\"],\"url\":\"https:\/\/www.carideal.com\/blog\/author\/nschiavon\/\"}]}<\/script>\n<!-- \/ Yoast SEO plugin. -->","yoast_head_json":{"title":"Citroen E-Mehari \u00e0 la plage de la Bastille - Blog auto Carid\u00e9al","description":"Citroen E-Mehari \u00e0 la plage de la Bastille Un mois avant l\u2019\u00e9t\u00e9, on voudrait bien savoir ou il est pass\u00e9 celui-l\u00e0 ! Citroen prend la direction de la plage","robots":{"index":"index","follow":"follow","max-snippet":"max-snippet:-1","max-image-preview":"max-image-preview:large","max-video-preview":"max-video-preview:-1"},"canonical":"https:\/\/www.carideal.com\/blog\/2016\/05\/24\/citroen-e-mehari-plage-bastille\/","og_locale":"fr_FR","og_type":"article","og_title":"Citroen E-Mehari \u00e0 la plage de la Bastille - Blog auto Carid\u00e9al","og_description":"Citroen E-Mehari \u00e0 la plage de la Bastille Un mois avant l\u2019\u00e9t\u00e9, on voudrait bien savoir ou il est pass\u00e9 celui-l\u00e0 ! Citroen prend la direction de la plage","og_url":"https:\/\/www.carideal.com\/blog\/2016\/05\/24\/citroen-e-mehari-plage-bastille\/","og_site_name":"Blog auto Carid\u00e9al","article_publisher":"https:\/\/www.facebook.com\/Carideal.mandataire.automobile","article_author":"https:\/\/www.facebook.com\/nicolas.schiavon.39","article_published_time":"2016-05-24T15:57:19+00:00","article_modified_time":"2017-08-07T16:20:24+00:00","og_image":[{"width":750,"height":503,"url":"https:\/\/www.carideal.com\/blog\/wp-content\/uploads\/2017\/08\/citroen-e-mehari-plage-bastille.jpg","type":"image\/jpeg"}],"author":"Nicolas SCHIAVON","twitter_card":"summary_large_image","twitter_creator":"@caridealauto","twitter_site":"@caridealauto","twitter_misc":{"\u00c9crit par":"Nicolas SCHIAVON","Dur\u00e9e de lecture estim\u00e9e":"2 minutes"},"schema":{"@context":"https:\/\/schema.org","@graph":[{"@type":"Article","@id":"https:\/\/www.carideal.com\/blog\/2016\/05\/24\/citroen-e-mehari-plage-bastille\/#article","isPartOf":{"@id":"https:\/\/www.carideal.com\/blog\/2016\/05\/24\/citroen-e-mehari-plage-bastille\/"},"author":{"name":"Nicolas SCHIAVON","@id":"https:\/\/www.carideal.com\/blog\/#\/schema\/person\/cd95dc7919660de90d31b366f85be1ec"},"headline":"Citroen E-Mehari \u00e0 la plage de la Bastille","datePublished":"2016-05-24T15:57:19+00:00","dateModified":"2017-08-07T16:20:24+00:00","mainEntityOfPage":{"@id":"https:\/\/www.carideal.com\/blog\/2016\/05\/24\/citroen-e-mehari-plage-bastille\/"},"wordCount":336,"commentCount":0,"publisher":{"@id":"https:\/\/www.carideal.com\/blog\/#organization"},"image":{"@id":"https:\/\/www.carideal.com\/blog\/2016\/05\/24\/citroen-e-mehari-plage-bastille\/#primaryimage"},"thumbnailUrl":"https:\/\/www.carideal.com\/blog\/wp-content\/uploads\/2017\/08\/citroen-e-mehari-plage-bastille.jpg","articleSection":["Actualit\u00e9 automobile","Actualit\u00e9 Citroen","Technologie Automobile","Voiture \u00e9lectrique"],"inLanguage":"fr-FR","potentialAction":[{"@type":"CommentAction","name":"Comment","target":["https:\/\/www.carideal.com\/blog\/2016\/05\/24\/citroen-e-mehari-plage-bastille\/#respond"]}]},{"@type":"WebPage","@id":"https:\/\/www.carideal.com\/blog\/2016\/05\/24\/citroen-e-mehari-plage-bastille\/","url":"https:\/\/www.carideal.com\/blog\/2016\/05\/24\/citroen-e-mehari-plage-bastille\/","name":"Citroen E-Mehari \u00e0 la plage de la Bastille - Blog auto Carid\u00e9al","isPartOf":{"@id":"https:\/\/www.carideal.com\/blog\/#website"},"primaryImageOfPage":{"@id":"https:\/\/www.carideal.com\/blog\/2016\/05\/24\/citroen-e-mehari-plage-bastille\/#primaryimage"},"image":{"@id":"https:\/\/www.carideal.com\/blog\/2016\/05\/24\/citroen-e-mehari-plage-bastille\/#primaryimage"},"thumbnailUrl":"https:\/\/www.carideal.com\/blog\/wp-content\/uploads\/2017\/08\/citroen-e-mehari-plage-bastille.jpg","datePublished":"2016-05-24T15:57:19+00:00","dateModified":"2017-08-07T16:20:24+00:00","description":"Citroen E-Mehari \u00e0 la plage de la Bastille Un mois avant l\u2019\u00e9t\u00e9, on voudrait bien savoir ou il est pass\u00e9 celui-l\u00e0 ! Citroen prend la direction de la plage","breadcrumb":{"@id":"https:\/\/www.carideal.com\/blog\/2016\/05\/24\/citroen-e-mehari-plage-bastille\/#breadcrumb"},"inLanguage":"fr-FR","potentialAction":[{"@type":"ReadAction","target":["https:\/\/www.carideal.com\/blog\/2016\/05\/24\/citroen-e-mehari-plage-bastille\/"]}]},{"@type":"ImageObject","inLanguage":"fr-FR","@id":"https:\/\/www.carideal.com\/blog\/2016\/05\/24\/citroen-e-mehari-plage-bastille\/#primaryimage","url":"https:\/\/www.carideal.com\/blog\/wp-content\/uploads\/2017\/08\/citroen-e-mehari-plage-bastille.jpg","contentUrl":"https:\/\/www.carideal.com\/blog\/wp-content\/uploads\/2017\/08\/citroen-e-mehari-plage-bastille.jpg","width":750,"height":503,"caption":"Citroen E-Mehari \u00e0 La plage"},{"@type":"BreadcrumbList","@id":"https:\/\/www.carideal.com\/blog\/2016\/05\/24\/citroen-e-mehari-plage-bastille\/#breadcrumb","itemListElement":[{"@type":"ListItem","position":1,"name":"Blog Carid\u00e9al","item":"https:\/\/www.carideal.com\/blog\/"},{"@type":"ListItem","position":2,"name":"Actualit\u00e9 automobile","item":"https:\/\/www.carideal.com\/blog\/actualites-auto\/"},{"@type":"ListItem","position":3,"name":"Citroen E-Mehari \u00e0 la plage de la Bastille"}]},{"@type":"WebSite","@id":"https:\/\/www.carideal.com\/blog\/#website","url":"https:\/\/www.carideal.com\/blog\/","name":"Blog auto Carid\u00e9al","description":"Actualit\u00e9 auto par des passionn\u00e9s","publisher":{"@id":"https:\/\/www.carideal.com\/blog\/#organization"},"potentialAction":[{"@type":"SearchAction","target":{"@type":"EntryPoint","urlTemplate":"https:\/\/www.carideal.com\/blog\/?s={search_term_string}"},"query-input":{"@type":"PropertyValueSpecification","valueRequired":true,"valueName":"search_term_string"}}],"inLanguage":"fr-FR"},{"@type":"Organization","@id":"https:\/\/www.carideal.com\/blog\/#organization","name":"Carideal","url":"https:\/\/www.carideal.com\/blog\/","logo":{"@type":"ImageObject","inLanguage":"fr-FR","@id":"https:\/\/www.carideal.com\/blog\/#\/schema\/logo\/image\/","url":"http:\/\/www.carideal.com\/blog\/wp-content\/uploads\/2016\/03\/logo-carideal-mandataire-automobile.png","contentUrl":"http:\/\/www.carideal.com\/blog\/wp-content\/uploads\/2016\/03\/logo-carideal-mandataire-automobile.png","width":300,"height":300,"caption":"Carideal"},"image":{"@id":"https:\/\/www.carideal.com\/blog\/#\/schema\/logo\/image\/"},"sameAs":["https:\/\/www.facebook.com\/Carideal.mandataire.automobile","https:\/\/x.com\/caridealauto","https:\/\/www.instagram.com\/carideal1\/","https:\/\/www.linkedin.com\/company\/carideal.com","https:\/\/fr.pinterest.com\/schiavonsas\/","https:\/\/www.youtube.com\/user\/caridealsas"]},{"@type":"Person","@id":"https:\/\/www.carideal.com\/blog\/#\/schema\/person\/cd95dc7919660de90d31b366f85be1ec","name":"Nicolas SCHIAVON","image":{"@type":"ImageObject","inLanguage":"fr-FR","@id":"https:\/\/www.carideal.com\/blog\/#\/schema\/person\/image\/","url":"https:\/\/secure.gravatar.com\/avatar\/c17e55009e671d92cc7f5dc837dc418a?s=96&r=g","contentUrl":"https:\/\/secure.gravatar.com\/avatar\/c17e55009e671d92cc7f5dc837dc418a?s=96&r=g","caption":"Nicolas SCHIAVON"},"description":"Nicolas Schiavon est tomb\u00e9 tout petit dans la marmite automobile. Ayant eu un garage de marque automobile, mandataire automobile de la premi\u00e8re heure d\u00e8s 1999. Nicolas a cr\u00e9\u00e9 ces premiers sites de vente de voiture et blog automobile d\u00e8s 1994. Carideal est n\u00e9 le 15 d\u00e9cembre 2000 de la volont\u00e9 de vendre des voitures d'occasions en ligne puis des voitures neuves. Il a pu essayer beaucoup de voitures tr\u00e8s diff\u00e9rentes et ayant eu personnellement quelques belles autos, Subaru Impreza, Mitsubishi Lancer Evo 7, Porsche 911, Ferrari Testarrossa, Audi RS3, RS4 et j'en passe...","sameAs":["http:\/\/www.carideal.com","https:\/\/www.facebook.com\/nicolas.schiavon.39","https:\/\/www.instagram.com\/carideal1\/","https:\/\/www.linkedin.com\/in\/nschiavon\/","https:\/\/x.com\/caridealauto","https:\/\/www.youtube.com\/user\/caridealsas\/"],"url":"https:\/\/www.carideal.com\/blog\/author\/nschiavon\/"}]}},"uagb_featured_image_src":{"full":["https:\/\/www.carideal.com\/blog\/wp-content\/uploads\/2017\/08\/citroen-e-mehari-plage-bastille.jpg",750,503,false],"thumbnail":["https:\/\/www.carideal.com\/blog\/wp-content\/uploads\/2017\/08\/citroen-e-mehari-plage-bastille-150x150.jpg",150,150,true],"medium":["https:\/\/www.carideal.com\/blog\/wp-content\/uploads\/2017\/08\/citroen-e-mehari-plage-bastille-300x201.jpg",300,201,true],"medium_large":["https:\/\/www.carideal.com\/blog\/wp-content\/uploads\/2017\/08\/citroen-e-mehari-plage-bastille.jpg",750,503,false],"large":["https:\/\/www.carideal.com\/blog\/wp-content\/uploads\/2017\/08\/citroen-e-mehari-plage-bastille.jpg",750,503,false],"1536x1536":["https:\/\/www.carideal.com\/blog\/wp-content\/uploads\/2017\/08\/citroen-e-mehari-plage-bastille.jpg",750,503,false],"2048x2048":["https:\/\/www.carideal.com\/blog\/wp-content\/uploads\/2017\/08\/citroen-e-mehari-plage-bastille.jpg",750,503,false],"wppr-widget":["https:\/\/www.carideal.com\/blog\/wp-content\/uploads\/2017\/08\/citroen-e-mehari-plage-bastille.jpg",50,34,false]},"uagb_author_info":{"display_name":"Nicolas SCHIAVON","author_link":"https:\/\/www.carideal.com\/blog\/author\/nschiavon\/"},"uagb_comment_info":0,"uagb_excerpt":"Citroen E-Mehari \u00e0 la plage de la Bastille Un mois avant l\u2019\u00e9t\u00e9, d'ailleurs, tiens puisqu'on en parle, on voudrait bien savoir ou il est pass\u00e9 celui-l\u00e0 ! Citroen prend la direction de la plage \u00e9rig\u00e9e en plein Paris \u00e0 la Bastille, avec le rendez-vous donn\u00e9 par Citro\u00ebn :\u00a0#PlageDeLaBastille La c\u00e9l\u00e8bre place de notre belle capitale\u2026","_links":{"self":[{"href":"https:\/\/www.carideal.com\/blog\/wp-json\/wp\/v2\/posts\/16178"}],"collection":[{"href":"https:\/\/www.carideal.com\/blog\/wp-json\/wp\/v2\/posts"}],"about":[{"href":"https:\/\/www.carideal.com\/blog\/wp-json\/wp\/v2\/types\/post"}],"author":[{"embeddable":true,"href":"https:\/\/www.carideal.com\/blog\/wp-json\/wp\/v2\/users\/3"}],"replies":[{"embeddable":true,"href":"https:\/\/www.carideal.com\/blog\/wp-json\/wp\/v2\/comments?post=16178"}],"version-history":[{"count":0,"href":"https:\/\/www.carideal.com\/blog\/wp-json\/wp\/v2\/posts\/16178\/revisions"}],"wp:featuredmedia":[{"embeddable":true,"href":"https:\/\/www.carideal.com\/blog\/wp-json\/wp\/v2\/media\/16179"}],"wp:attachment":[{"href":"https:\/\/www.carideal.com\/blog\/wp-json\/wp\/v2\/media?parent=16178"}],"wp:term":[{"taxonomy":"category","embeddable":true,"href":"https:\/\/www.carideal.com\/blog\/wp-json\/wp\/v2\/categories?post=16178"},{"taxonomy":"post_tag","embeddable":true,"href":"https:\/\/www.carideal.com\/blog\/wp-json\/wp\/v2\/tags?post=16178"}],"curies":[{"name":"wp","href":"https:\/\/api.w.org\/{rel}","templated":true}]}}