{"id":1617,"date":"2011-05-14T09:00:00","date_gmt":"2011-05-14T09:00:00","guid":{"rendered":"http:\/\/carideal.com\/blog\/?p=1617"},"modified":"2016-06-19T12:07:22","modified_gmt":"2016-06-19T10:07:22","slug":"mesures-du-cisr-trop-cest-trop-mobilisons-nous-pour-nos-avertisseurs","status":"publish","type":"post","link":"https:\/\/www.carideal.com\/blog\/2011\/05\/14\/mesures-du-cisr-trop-cest-trop-mobilisons-nous-pour-nos-avertisseurs\/","title":{"rendered":"Mesures du CISR contre nos avertisseurs"},"content":{"rendered":"<figure style=\"width: 438px\" class=\"wp-caption alignnone\"><img loading=\"lazy\" decoding=\"async\" title=\"Mesures du CISR : MOBILISONS nous pour nos avertisseurs\" src=\"\/blog\/public\/.avertisseur_radar_mini_coyotte_achat_schiavon_garage_citroen_chambery_m.jpg\" alt=\"Mesures du CISR : MOBILISONS nous pour nos avertisseurs\" width=\"448\" height=\"298\" \/><figcaption class=\"wp-caption-text\">Mesures du CISR : MOBILISONS nous pour nos avertisseurs<\/figcaption><\/figure>\n<h1><strong>Mobilisons nous contre l'interdiction des avertisseurs de radars Coyotte, Wikango, inforad etc<\/strong><\/h1>\n<p>Je vous invite \u00e0 prendre connaissance de l\u2019action de l\u2019association \u00ab\u00a0<span style=\"text-decoration: underline;\"><a href=\"http:\/\/www.40millionsdautomobilistes.com\/\">40 millions d'automobilistes<\/a><\/span>\u00a0\u00bb vers les d\u00e9put\u00e9s suite aux mesures annonc\u00e9es lors du Comit\u00e9 Interminist\u00e9riel sur la S\u00e9curit\u00e9 Routi\u00e8re du 11 mai 2011 qui montrent bien que le gouvernement r\u00e9pond \u00e0 l\u2019\u00e9motion et non aux probl\u00e8mes de fond que sont la pr\u00e9vention, la formation, l\u2019entretien du r\u00e9seau secondaire.<\/p>\n<p>Pourquoi Le<strong> CISR s'en\u00a0prend \u00e0 nos avertisseurs de radars<\/strong> alors qu'ils ont un r\u00f4le p\u00e9dagogique.<\/p>\n<p>Pour faire r\u00e9agir le d\u00e9put\u00e9 de votre circonscription, \u00ab\u00a040 millions d'automobilistes\u00a0\u00bb vous propose de lui envoyer par courriel une lettre personnalis\u00e9e, en moins de 10 secondes http:\/\/www.40millionsdautomobilistes.com\/Data\/Dossiers\/securite-routiere\/179\/828.asp.<\/p>\n<p>Je vous invite \u00e9galement \u00e0 signer leur p\u00e9tition en ligne en cliquant ici\u00a0! http:\/\/www.40millionsdautomobilistes.com\/Data\/Dossiers\/securite-routiere\/179\/829.asp<\/p>\n<p>MOBILISONS-NOUS tous ensemble pour une politique socialement acceptable et orient\u00e9e vers les r\u00e9elles causes de l\u2019accidentologie\u00a0! A propos de \u00ab\u00a040 millions d\u2019automobilistes\u00a0\u00bb<\/p>\n","protected":false},"excerpt":{"rendered":"<p>Mobilisons nous contre l&rsquo;interdiction des avertisseurs de radars Coyotte, Wikango, inforad etc Je vous invite \u00e0 prendre connaissance de l\u2019action de l\u2019association \u00ab\u00a040 millions d&rsquo;automobilistes\u00a0\u00bb vers les d\u00e9put\u00e9s suite aux mesures annonc\u00e9es lors du Comit\u00e9 Interminist\u00e9riel sur la S\u00e9curit\u00e9 Routi\u00e8re du 11 mai 2011 qui montrent bien que le gouvernement r\u00e9pond \u00e0 l\u2019\u00e9motion et non &#8230; <a title=\"Mesures du CISR contre nos avertisseurs\" class=\"read-more\" href=\"https:\/\/www.carideal.com\/blog\/2011\/05\/14\/mesures-du-cisr-trop-cest-trop-mobilisons-nous-pour-nos-avertisseurs\/\" aria-label=\"En savoir plus sur Mesures du CISR contre nos avertisseurs\">Lire plus<\/a><\/p>\n","protected":false},"author":1,"featured_media":0,"comment_status":"open","ping_status":"open","sticky":false,"template":"","format":"standard","meta":{"_uag_custom_page_level_css":"","_themeisle_gutenberg_block_has_review":false,"footnotes":""},"categories":[15],"tags":[],"class_list":["post-1617","post","type-post","status-publish","format-standard","hentry","category-radar-et-securite-routiere"],"wppr_data":[],"yoast_head":"<!-- This site is optimized with the Yoast SEO plugin v24.8.1 - https:\/\/yoast.com\/wordpress\/plugins\/seo\/ -->\n<title>Mesures du CISR contre nos avertisseurs - Blog auto Carid\u00e9al<\/title>\n<meta name=\"robots\" content=\"index, follow, max-snippet:-1, max-image-preview:large, max-video-preview:-1\" \/>\n<link rel=\"canonical\" href=\"https:\/\/www.carideal.com\/blog\/2011\/05\/14\/mesures-du-cisr-trop-cest-trop-mobilisons-nous-pour-nos-avertisseurs\/\" \/>\n<meta property=\"og:locale\" content=\"fr_FR\" \/>\n<meta property=\"og:type\" content=\"article\" \/>\n<meta property=\"og:title\" content=\"Mesures du CISR contre nos avertisseurs - Blog auto Carid\u00e9al\" \/>\n<meta property=\"og:description\" content=\"Mobilisons nous contre l&#039;interdiction des avertisseurs de radars Coyotte, Wikango, inforad etc Je vous invite \u00e0 prendre connaissance de l\u2019action de l\u2019association \u00ab\u00a040 millions d&#039;automobilistes\u00a0\u00bb vers les d\u00e9put\u00e9s suite aux mesures annonc\u00e9es lors du Comit\u00e9 Interminist\u00e9riel sur la S\u00e9curit\u00e9 Routi\u00e8re du 11 mai 2011 qui montrent bien que le gouvernement r\u00e9pond \u00e0 l\u2019\u00e9motion et non ... Lire plus\" \/>\n<meta property=\"og:url\" content=\"https:\/\/www.carideal.com\/blog\/2011\/05\/14\/mesures-du-cisr-trop-cest-trop-mobilisons-nous-pour-nos-avertisseurs\/\" \/>\n<meta property=\"og:site_name\" content=\"Blog auto Carid\u00e9al\" \/>\n<meta property=\"article:publisher\" content=\"https:\/\/www.facebook.com\/Carideal.mandataire.automobile\" \/>\n<meta property=\"article:author\" content=\"https:\/\/www.facebook.com\/Carideal.mandataire.automobile\/\" \/>\n<meta property=\"article:published_time\" content=\"2011-05-14T09:00:00+00:00\" \/>\n<meta property=\"article:modified_time\" content=\"2016-06-19T10:07:22+00:00\" \/>\n<meta property=\"og:image\" content=\"https:\/\/www.carideal.com\/blog\/wp-content\/uploads\/2016\/03\/logo-carideal-mandataire-automobile.png\" \/>\n\t<meta property=\"og:image:width\" content=\"300\" \/>\n\t<meta property=\"og:image:height\" content=\"300\" \/>\n\t<meta property=\"og:image:type\" content=\"image\/png\" \/>\n<meta name=\"author\" content=\"N.S Carideal\" \/>\n<meta name=\"twitter:card\" content=\"summary_large_image\" \/>\n<meta name=\"twitter:creator\" content=\"@caridealauto\" \/>\n<meta name=\"twitter:site\" content=\"@caridealauto\" \/>\n<meta name=\"twitter:label1\" content=\"\u00c9crit par\" \/>\n\t<meta name=\"twitter:data1\" content=\"N.S Carideal\" \/>\n\t<meta name=\"twitter:label2\" content=\"Dur\u00e9e de lecture estim\u00e9e\" \/>\n\t<meta name=\"twitter:data2\" content=\"1 minute\" \/>\n<script type=\"application\/ld+json\" class=\"yoast-schema-graph\">{\"@context\":\"https:\/\/schema.org\",\"@graph\":[{\"@type\":\"Article\",\"@id\":\"https:\/\/www.carideal.com\/blog\/2011\/05\/14\/mesures-du-cisr-trop-cest-trop-mobilisons-nous-pour-nos-avertisseurs\/#article\",\"isPartOf\":{\"@id\":\"https:\/\/www.carideal.com\/blog\/2011\/05\/14\/mesures-du-cisr-trop-cest-trop-mobilisons-nous-pour-nos-avertisseurs\/\"},\"author\":{\"name\":\"N.S Carideal\",\"@id\":\"https:\/\/www.carideal.com\/blog\/#\/schema\/person\/985c7e757d1042d647f21bfaf8d41ebc\"},\"headline\":\"Mesures du CISR contre nos avertisseurs\",\"datePublished\":\"2011-05-14T09:00:00+00:00\",\"dateModified\":\"2016-06-19T10:07:22+00:00\",\"mainEntityOfPage\":{\"@id\":\"https:\/\/www.carideal.com\/blog\/2011\/05\/14\/mesures-du-cisr-trop-cest-trop-mobilisons-nous-pour-nos-avertisseurs\/\"},\"wordCount\":196,\"commentCount\":0,\"publisher\":{\"@id\":\"https:\/\/www.carideal.com\/blog\/#organization\"},\"articleSection\":[\"Radar et s\u00e9curit\u00e9 routi\u00e8re\"],\"inLanguage\":\"fr-FR\",\"potentialAction\":[{\"@type\":\"CommentAction\",\"name\":\"Comment\",\"target\":[\"https:\/\/www.carideal.com\/blog\/2011\/05\/14\/mesures-du-cisr-trop-cest-trop-mobilisons-nous-pour-nos-avertisseurs\/#respond\"]}]},{\"@type\":\"WebPage\",\"@id\":\"https:\/\/www.carideal.com\/blog\/2011\/05\/14\/mesures-du-cisr-trop-cest-trop-mobilisons-nous-pour-nos-avertisseurs\/\",\"url\":\"https:\/\/www.carideal.com\/blog\/2011\/05\/14\/mesures-du-cisr-trop-cest-trop-mobilisons-nous-pour-nos-avertisseurs\/\",\"name\":\"Mesures du CISR contre nos avertisseurs - Blog auto Carid\u00e9al\",\"isPartOf\":{\"@id\":\"https:\/\/www.carideal.com\/blog\/#website\"},\"datePublished\":\"2011-05-14T09:00:00+00:00\",\"dateModified\":\"2016-06-19T10:07:22+00:00\",\"breadcrumb\":{\"@id\":\"https:\/\/www.carideal.com\/blog\/2011\/05\/14\/mesures-du-cisr-trop-cest-trop-mobilisons-nous-pour-nos-avertisseurs\/#breadcrumb\"},\"inLanguage\":\"fr-FR\",\"potentialAction\":[{\"@type\":\"ReadAction\",\"target\":[\"https:\/\/www.carideal.com\/blog\/2011\/05\/14\/mesures-du-cisr-trop-cest-trop-mobilisons-nous-pour-nos-avertisseurs\/\"]}]},{\"@type\":\"BreadcrumbList\",\"@id\":\"https:\/\/www.carideal.com\/blog\/2011\/05\/14\/mesures-du-cisr-trop-cest-trop-mobilisons-nous-pour-nos-avertisseurs\/#breadcrumb\",\"itemListElement\":[{\"@type\":\"ListItem\",\"position\":1,\"name\":\"Blog Carid\u00e9al\",\"item\":\"https:\/\/www.carideal.com\/blog\/\"},{\"@type\":\"ListItem\",\"position\":2,\"name\":\"Radar et s\u00e9curit\u00e9 routi\u00e8re\",\"item\":\"https:\/\/www.carideal.com\/blog\/radar-et-securite-routiere\/\"},{\"@type\":\"ListItem\",\"position\":3,\"name\":\"Mesures du CISR contre nos avertisseurs\"}]},{\"@type\":\"WebSite\",\"@id\":\"https:\/\/www.carideal.com\/blog\/#website\",\"url\":\"https:\/\/www.carideal.com\/blog\/\",\"name\":\"Blog auto Carid\u00e9al\",\"description\":\"Actualit\u00e9 auto par des passionn\u00e9s\",\"publisher\":{\"@id\":\"https:\/\/www.carideal.com\/blog\/#organization\"},\"potentialAction\":[{\"@type\":\"SearchAction\",\"target\":{\"@type\":\"EntryPoint\",\"urlTemplate\":\"https:\/\/www.carideal.com\/blog\/?s={search_term_string}\"},\"query-input\":{\"@type\":\"PropertyValueSpecification\",\"valueRequired\":true,\"valueName\":\"search_term_string\"}}],\"inLanguage\":\"fr-FR\"},{\"@type\":\"Organization\",\"@id\":\"https:\/\/www.carideal.com\/blog\/#organization\",\"name\":\"Carideal\",\"url\":\"https:\/\/www.carideal.com\/blog\/\",\"logo\":{\"@type\":\"ImageObject\",\"inLanguage\":\"fr-FR\",\"@id\":\"https:\/\/www.carideal.com\/blog\/#\/schema\/logo\/image\/\",\"url\":\"http:\/\/www.carideal.com\/blog\/wp-content\/uploads\/2016\/03\/logo-carideal-mandataire-automobile.png\",\"contentUrl\":\"http:\/\/www.carideal.com\/blog\/wp-content\/uploads\/2016\/03\/logo-carideal-mandataire-automobile.png\",\"width\":300,\"height\":300,\"caption\":\"Carideal\"},\"image\":{\"@id\":\"https:\/\/www.carideal.com\/blog\/#\/schema\/logo\/image\/\"},\"sameAs\":[\"https:\/\/www.facebook.com\/Carideal.mandataire.automobile\",\"https:\/\/x.com\/caridealauto\",\"https:\/\/www.instagram.com\/carideal1\/\",\"https:\/\/www.linkedin.com\/company\/carideal.com\",\"https:\/\/fr.pinterest.com\/schiavonsas\/\",\"https:\/\/www.youtube.com\/user\/caridealsas\"]},{\"@type\":\"Person\",\"@id\":\"https:\/\/www.carideal.com\/blog\/#\/schema\/person\/985c7e757d1042d647f21bfaf8d41ebc\",\"name\":\"N.S Carideal\",\"image\":{\"@type\":\"ImageObject\",\"inLanguage\":\"fr-FR\",\"@id\":\"https:\/\/www.carideal.com\/blog\/#\/schema\/person\/image\/\",\"url\":\"https:\/\/secure.gravatar.com\/avatar\/edb7ccdf1a4e3d14aef967760d354d0e?s=96&r=g\",\"contentUrl\":\"https:\/\/secure.gravatar.com\/avatar\/edb7ccdf1a4e3d14aef967760d354d0e?s=96&r=g\",\"caption\":\"N.S Carideal\"},\"description\":\"Depuis tout petit fan d'automobile. Il est question d'essayer et de comparer toutes ces voitures qui nous ont fait r\u00e9ver, avant que celles-ci ne devient uniquement des voitures de collection.\",\"sameAs\":[\"http:\/\/www.carideal.com\/blog\",\"https:\/\/www.facebook.com\/Carideal.mandataire.automobile\/\",\"https:\/\/www.linkedin.com\/in\/nschiavon\/\",\"https:\/\/www.youtube.com\/user\/caridealsas\/\"],\"url\":\"https:\/\/www.carideal.com\/blog\/author\/admin_carideal\/\"}]}<\/script>\n<!-- \/ Yoast SEO plugin. -->","yoast_head_json":{"title":"Mesures du CISR contre nos avertisseurs - Blog auto Carid\u00e9al","robots":{"index":"index","follow":"follow","max-snippet":"max-snippet:-1","max-image-preview":"max-image-preview:large","max-video-preview":"max-video-preview:-1"},"canonical":"https:\/\/www.carideal.com\/blog\/2011\/05\/14\/mesures-du-cisr-trop-cest-trop-mobilisons-nous-pour-nos-avertisseurs\/","og_locale":"fr_FR","og_type":"article","og_title":"Mesures du CISR contre nos avertisseurs - Blog auto Carid\u00e9al","og_description":"Mobilisons nous contre l'interdiction des avertisseurs de radars Coyotte, Wikango, inforad etc Je vous invite \u00e0 prendre connaissance de l\u2019action de l\u2019association \u00ab\u00a040 millions d'automobilistes\u00a0\u00bb vers les d\u00e9put\u00e9s suite aux mesures annonc\u00e9es lors du Comit\u00e9 Interminist\u00e9riel sur la S\u00e9curit\u00e9 Routi\u00e8re du 11 mai 2011 qui montrent bien que le gouvernement r\u00e9pond \u00e0 l\u2019\u00e9motion et non ... Lire plus","og_url":"https:\/\/www.carideal.com\/blog\/2011\/05\/14\/mesures-du-cisr-trop-cest-trop-mobilisons-nous-pour-nos-avertisseurs\/","og_site_name":"Blog auto Carid\u00e9al","article_publisher":"https:\/\/www.facebook.com\/Carideal.mandataire.automobile","article_author":"https:\/\/www.facebook.com\/Carideal.mandataire.automobile\/","article_published_time":"2011-05-14T09:00:00+00:00","article_modified_time":"2016-06-19T10:07:22+00:00","og_image":[{"width":300,"height":300,"url":"https:\/\/www.carideal.com\/blog\/wp-content\/uploads\/2016\/03\/logo-carideal-mandataire-automobile.png","type":"image\/png"}],"author":"N.S Carideal","twitter_card":"summary_large_image","twitter_creator":"@caridealauto","twitter_site":"@caridealauto","twitter_misc":{"\u00c9crit par":"N.S Carideal","Dur\u00e9e de lecture estim\u00e9e":"1 minute"},"schema":{"@context":"https:\/\/schema.org","@graph":[{"@type":"Article","@id":"https:\/\/www.carideal.com\/blog\/2011\/05\/14\/mesures-du-cisr-trop-cest-trop-mobilisons-nous-pour-nos-avertisseurs\/#article","isPartOf":{"@id":"https:\/\/www.carideal.com\/blog\/2011\/05\/14\/mesures-du-cisr-trop-cest-trop-mobilisons-nous-pour-nos-avertisseurs\/"},"author":{"name":"N.S Carideal","@id":"https:\/\/www.carideal.com\/blog\/#\/schema\/person\/985c7e757d1042d647f21bfaf8d41ebc"},"headline":"Mesures du CISR contre nos avertisseurs","datePublished":"2011-05-14T09:00:00+00:00","dateModified":"2016-06-19T10:07:22+00:00","mainEntityOfPage":{"@id":"https:\/\/www.carideal.com\/blog\/2011\/05\/14\/mesures-du-cisr-trop-cest-trop-mobilisons-nous-pour-nos-avertisseurs\/"},"wordCount":196,"commentCount":0,"publisher":{"@id":"https:\/\/www.carideal.com\/blog\/#organization"},"articleSection":["Radar et s\u00e9curit\u00e9 routi\u00e8re"],"inLanguage":"fr-FR","potentialAction":[{"@type":"CommentAction","name":"Comment","target":["https:\/\/www.carideal.com\/blog\/2011\/05\/14\/mesures-du-cisr-trop-cest-trop-mobilisons-nous-pour-nos-avertisseurs\/#respond"]}]},{"@type":"WebPage","@id":"https:\/\/www.carideal.com\/blog\/2011\/05\/14\/mesures-du-cisr-trop-cest-trop-mobilisons-nous-pour-nos-avertisseurs\/","url":"https:\/\/www.carideal.com\/blog\/2011\/05\/14\/mesures-du-cisr-trop-cest-trop-mobilisons-nous-pour-nos-avertisseurs\/","name":"Mesures du CISR contre nos avertisseurs - Blog auto Carid\u00e9al","isPartOf":{"@id":"https:\/\/www.carideal.com\/blog\/#website"},"datePublished":"2011-05-14T09:00:00+00:00","dateModified":"2016-06-19T10:07:22+00:00","breadcrumb":{"@id":"https:\/\/www.carideal.com\/blog\/2011\/05\/14\/mesures-du-cisr-trop-cest-trop-mobilisons-nous-pour-nos-avertisseurs\/#breadcrumb"},"inLanguage":"fr-FR","potentialAction":[{"@type":"ReadAction","target":["https:\/\/www.carideal.com\/blog\/2011\/05\/14\/mesures-du-cisr-trop-cest-trop-mobilisons-nous-pour-nos-avertisseurs\/"]}]},{"@type":"BreadcrumbList","@id":"https:\/\/www.carideal.com\/blog\/2011\/05\/14\/mesures-du-cisr-trop-cest-trop-mobilisons-nous-pour-nos-avertisseurs\/#breadcrumb","itemListElement":[{"@type":"ListItem","position":1,"name":"Blog Carid\u00e9al","item":"https:\/\/www.carideal.com\/blog\/"},{"@type":"ListItem","position":2,"name":"Radar et s\u00e9curit\u00e9 routi\u00e8re","item":"https:\/\/www.carideal.com\/blog\/radar-et-securite-routiere\/"},{"@type":"ListItem","position":3,"name":"Mesures du CISR contre nos avertisseurs"}]},{"@type":"WebSite","@id":"https:\/\/www.carideal.com\/blog\/#website","url":"https:\/\/www.carideal.com\/blog\/","name":"Blog auto Carid\u00e9al","description":"Actualit\u00e9 auto par des passionn\u00e9s","publisher":{"@id":"https:\/\/www.carideal.com\/blog\/#organization"},"potentialAction":[{"@type":"SearchAction","target":{"@type":"EntryPoint","urlTemplate":"https:\/\/www.carideal.com\/blog\/?s={search_term_string}"},"query-input":{"@type":"PropertyValueSpecification","valueRequired":true,"valueName":"search_term_string"}}],"inLanguage":"fr-FR"},{"@type":"Organization","@id":"https:\/\/www.carideal.com\/blog\/#organization","name":"Carideal","url":"https:\/\/www.carideal.com\/blog\/","logo":{"@type":"ImageObject","inLanguage":"fr-FR","@id":"https:\/\/www.carideal.com\/blog\/#\/schema\/logo\/image\/","url":"http:\/\/www.carideal.com\/blog\/wp-content\/uploads\/2016\/03\/logo-carideal-mandataire-automobile.png","contentUrl":"http:\/\/www.carideal.com\/blog\/wp-content\/uploads\/2016\/03\/logo-carideal-mandataire-automobile.png","width":300,"height":300,"caption":"Carideal"},"image":{"@id":"https:\/\/www.carideal.com\/blog\/#\/schema\/logo\/image\/"},"sameAs":["https:\/\/www.facebook.com\/Carideal.mandataire.automobile","https:\/\/x.com\/caridealauto","https:\/\/www.instagram.com\/carideal1\/","https:\/\/www.linkedin.com\/company\/carideal.com","https:\/\/fr.pinterest.com\/schiavonsas\/","https:\/\/www.youtube.com\/user\/caridealsas"]},{"@type":"Person","@id":"https:\/\/www.carideal.com\/blog\/#\/schema\/person\/985c7e757d1042d647f21bfaf8d41ebc","name":"N.S Carideal","image":{"@type":"ImageObject","inLanguage":"fr-FR","@id":"https:\/\/www.carideal.com\/blog\/#\/schema\/person\/image\/","url":"https:\/\/secure.gravatar.com\/avatar\/edb7ccdf1a4e3d14aef967760d354d0e?s=96&r=g","contentUrl":"https:\/\/secure.gravatar.com\/avatar\/edb7ccdf1a4e3d14aef967760d354d0e?s=96&r=g","caption":"N.S Carideal"},"description":"Depuis tout petit fan d'automobile. Il est question d'essayer et de comparer toutes ces voitures qui nous ont fait r\u00e9ver, avant que celles-ci ne devient uniquement des voitures de collection.","sameAs":["http:\/\/www.carideal.com\/blog","https:\/\/www.facebook.com\/Carideal.mandataire.automobile\/","https:\/\/www.linkedin.com\/in\/nschiavon\/","https:\/\/www.youtube.com\/user\/caridealsas\/"],"url":"https:\/\/www.carideal.com\/blog\/author\/admin_carideal\/"}]}},"uagb_featured_image_src":{"full":false,"thumbnail":false,"medium":false,"medium_large":false,"large":false,"1536x1536":false,"2048x2048":false,"wppr-widget":false},"uagb_author_info":{"display_name":"N.S Carideal","author_link":"https:\/\/www.carideal.com\/blog\/author\/admin_carideal\/"},"uagb_comment_info":0,"uagb_excerpt":"Mobilisons nous contre l'interdiction des avertisseurs de radars Coyotte, Wikango, inforad etc Je vous invite \u00e0 prendre connaissance de l\u2019action de l\u2019association \u00ab\u00a040 millions d'automobilistes\u00a0\u00bb vers les d\u00e9put\u00e9s suite aux mesures annonc\u00e9es lors du Comit\u00e9 Interminist\u00e9riel sur la S\u00e9curit\u00e9 Routi\u00e8re du 11 mai 2011 qui montrent bien que le gouvernement r\u00e9pond \u00e0 l\u2019\u00e9motion et non\u2026","_links":{"self":[{"href":"https:\/\/www.carideal.com\/blog\/wp-json\/wp\/v2\/posts\/1617"}],"collection":[{"href":"https:\/\/www.carideal.com\/blog\/wp-json\/wp\/v2\/posts"}],"about":[{"href":"https:\/\/www.carideal.com\/blog\/wp-json\/wp\/v2\/types\/post"}],"author":[{"embeddable":true,"href":"https:\/\/www.carideal.com\/blog\/wp-json\/wp\/v2\/users\/1"}],"replies":[{"embeddable":true,"href":"https:\/\/www.carideal.com\/blog\/wp-json\/wp\/v2\/comments?post=1617"}],"version-history":[{"count":0,"href":"https:\/\/www.carideal.com\/blog\/wp-json\/wp\/v2\/posts\/1617\/revisions"}],"wp:attachment":[{"href":"https:\/\/www.carideal.com\/blog\/wp-json\/wp\/v2\/media?parent=1617"}],"wp:term":[{"taxonomy":"category","embeddable":true,"href":"https:\/\/www.carideal.com\/blog\/wp-json\/wp\/v2\/categories?post=1617"},{"taxonomy":"post_tag","embeddable":true,"href":"https:\/\/www.carideal.com\/blog\/wp-json\/wp\/v2\/tags?post=1617"}],"curies":[{"name":"wp","href":"https:\/\/api.w.org\/{rel}","templated":true}]}}