{"id":1616,"date":"2011-05-12T20:20:00","date_gmt":"2011-05-12T20:20:00","guid":{"rendered":"http:\/\/carideal.com\/blog\/?p=1616"},"modified":"2016-06-19T19:26:58","modified_gmt":"2016-06-19T17:26:58","slug":"coyotte-winkango-et-inforad-reponse-au-gouvernement","status":"publish","type":"post","link":"https:\/\/www.carideal.com\/blog\/2011\/05\/12\/coyotte-winkango-et-inforad-reponse-au-gouvernement\/","title":{"rendered":"R\u00e9action des avertisseurs de radars !"},"content":{"rendered":"<h1>Coyotte Winkango et Inforad repondent au gouvernement suite \u00e0 l'interdiction des avertisseurs de radars<\/h1>\n<figure id=\"attachment_10096\" aria-describedby=\"caption-attachment-10096\" style=\"width: 290px\" class=\"wp-caption alignleft\"><a href=\"http:\/\/www.carideal.com\/blog\/wp-content\/uploads\/2011\/05\/logo-afftac.jpg\"><img loading=\"lazy\" decoding=\"async\" class=\"wp-image-10096 size-medium\" title=\"Coyotte Wikango et Inforad cr\u00e9\u00e9 l'AFFTAC pour lutter contre l'interdiction des avertisseurs de radars.\" src=\"http:\/\/www.carideal.com\/blog\/wp-content\/uploads\/2011\/05\/logo-afftac-300x169.jpg\" alt=\"Coyotte Wikango et Inforad cr\u00e9\u00e9 l'AFFTAC pour lutter contre l'interdiction des avertisseurs de radars.\" width=\"300\" height=\"169\" srcset=\"https:\/\/www.carideal.com\/blog\/wp-content\/uploads\/2011\/05\/logo-afftac-300x169.jpg 300w, https:\/\/www.carideal.com\/blog\/wp-content\/uploads\/2011\/05\/logo-afftac.jpg 338w\" sizes=\"(max-width: 300px) 100vw, 300px\" \/><\/a><figcaption id=\"caption-attachment-10096\" class=\"wp-caption-text\">Coyotte Wikango et Inforad cr\u00e9\u00e9 l'AFFTAC pour lutter contre l'interdiction des avertisseurs de radars.<\/figcaption><\/figure>\n<p>La soci\u00e9t\u00e9 Coyotte s'est\u00a0unis aujourd\u2019hui aux soci\u00e9t\u00e9s Inforad et Wikango, pour r\u00e9agir \u00e0 l\u2019annonce du gouvernement visant \u00e0 interdire les avertisseurs de <a href=\"http:\/\/www.carideal.com\/blog\/2011\/05\/17\/liste-des-radars-les-plus-rentables\/\">radars<\/a> et appeler \u00e0 la mobilisation.<\/p>\n<p>Ensemble, Elles\u00a0d\u00e9non\u00e7ent cette annonce faite dans la pr\u00e9cipitation, sans concertation et qui concerne aujourd\u2019hui 4,7 millions de conducteurs qui utilisent des avertisseurs de radars, stigmatis\u00e9s par le Gouvernement.<\/p>\n<p>Notre position vis-\u00e0-vis de nos utilisateurs d'avertisseurs de <a href=\"http:\/\/www.carideal.com\/blog\/2012\/06\/21\/des-nouveaux-radars\/\">radars<\/a> est claire et solidaire :<br \/>\n\u00ab Nous sommes 4,7 millions \u00e0 dire non ! Nous soutenons aujourd\u2019hui une communaut\u00e9 de conducteurs qui d\u00e9fend une route plus s\u00fbre et le droit de partager des informations pour plus de s\u00e9curit\u00e9.<br \/>\nIl s\u2019agit de d\u00e9noncer une d\u00e9cision injuste, injustifi\u00e9e et aveugle. Les 4,7 millions d'utilisateurs d\u2019avertisseurs de radars ne sont pas des d\u00e9linquants \u00bb.<\/p>\n<p>Afin de ne pas subir la d\u00e9cision du gouvernement d\u2019interdire vos Coyote, nous appelons \u00e0 une mobilisation, pour vous et avec vous, le mercredi 18 mai \u00e0 13h, dans les grandes villes, \u00e0 Lille, \u00e0 Bordeaux, \u00e0 Lyon, \u00e0 Marseille et \u00e0 Paris.<\/p>\n<p>Les d\u00e9tails vous seront communiqu\u00e9s prochainement sur le site <span style=\"text-decoration: underline;\"><a href=\"https:\/\/www.facebook.com\/afftac\/\">www.afftac.fr<\/a><\/span>.<\/p>\n<p>Cette campagne sera \u00e9galement relay\u00e9e par une annonce dans toute la presse quotidienne nationale.<\/p>\n<p>Enfin, Ils ont\u00a0cr\u00e9\u00e9 l\u2019A.F.F.T.A.C, Association Fran\u00e7aise des Fournisseurs et utilisateurs de Technologies d\u2019Aide \u00e0 la Conduite (entre autre avertisseurs de radars) dont l\u2019objet sera de promouvoir et d\u00e9fendre l\u2019ensemble des technologies embarqu\u00e9es permettant l\u2019aide \u00e0 la conduite et un usage serein et s\u00e9curis\u00e9 de la route.<\/p>\n<p>Les trois fabricants d'avertisseurs de radars se mobilisent ainsi pour d\u00e9ffendre leur bifteck, et cette communaut\u00e9 d'automobilistes, qu'ils\u00a0repr\u00e9sentons depuis maintenant 5 ans. il est vrai que l'automobile est trop consid\u00e9r\u00e9 comme une vache \u00e0 lait tr\u00e8s grasse et quand on parle gros sous, le gouvernement ferme les yeux tr\u00e8s facilement si sa d\u00e9cision coute les dizaines ou centaines d'emplois des soci\u00e9t\u00e9s Coyotte, Inforad et Wikango.<\/p>\n<p>Merci pour votre confiance et votre participation \u00e0 la Communaut\u00e9<\/p>\n<p>source : L\u2019Equipe Coyote<\/p>\n<p>&nbsp;<\/p>\n","protected":false},"excerpt":{"rendered":"<p>Coyotte Winkango et Inforad repondent au gouvernement suite \u00e0 l&rsquo;interdiction des avertisseurs de radars La soci\u00e9t\u00e9 Coyotte s&rsquo;est\u00a0unis aujourd\u2019hui aux soci\u00e9t\u00e9s Inforad et Wikango, pour r\u00e9agir \u00e0 l\u2019annonce du gouvernement visant \u00e0 interdire les avertisseurs de radars et appeler \u00e0 la mobilisation. Ensemble, Elles\u00a0d\u00e9non\u00e7ent cette annonce faite dans la pr\u00e9cipitation, sans concertation et qui concerne &#8230; <a title=\"R\u00e9action des avertisseurs de radars !\" class=\"read-more\" href=\"https:\/\/www.carideal.com\/blog\/2011\/05\/12\/coyotte-winkango-et-inforad-reponse-au-gouvernement\/\" aria-label=\"En savoir plus sur R\u00e9action des avertisseurs de radars !\">Lire plus<\/a><\/p>\n","protected":false},"author":1,"featured_media":0,"comment_status":"open","ping_status":"open","sticky":false,"template":"","format":"standard","meta":{"_uag_custom_page_level_css":"","_themeisle_gutenberg_block_has_review":false,"footnotes":""},"categories":[15],"tags":[],"class_list":["post-1616","post","type-post","status-publish","format-standard","hentry","category-radar-et-securite-routiere"],"wppr_data":[],"yoast_head":"<!-- This site is optimized with the Yoast SEO plugin v24.8.1 - https:\/\/yoast.com\/wordpress\/plugins\/seo\/ -->\n<title>R\u00e9action des avertisseurs de radars ! - Blog auto Carid\u00e9al<\/title>\n<meta name=\"description\" content=\"Coyotte Wikango et Inforad cr\u00e9\u00e9 l&#039;AFFTAC pour lutter contre l&#039;interdiction des avertisseurs de radars ils repondent ainsi au gouvernement.\" \/>\n<meta name=\"robots\" content=\"index, follow, max-snippet:-1, max-image-preview:large, max-video-preview:-1\" \/>\n<link rel=\"canonical\" href=\"https:\/\/www.carideal.com\/blog\/2011\/05\/12\/coyotte-winkango-et-inforad-reponse-au-gouvernement\/\" \/>\n<meta property=\"og:locale\" content=\"fr_FR\" \/>\n<meta property=\"og:type\" content=\"article\" \/>\n<meta property=\"og:title\" content=\"R\u00e9action des avertisseurs de radars ! - Blog auto Carid\u00e9al\" \/>\n<meta property=\"og:description\" content=\"Coyotte Wikango et Inforad cr\u00e9\u00e9 l&#039;AFFTAC pour lutter contre l&#039;interdiction des avertisseurs de radars ils repondent ainsi au gouvernement.\" \/>\n<meta property=\"og:url\" content=\"https:\/\/www.carideal.com\/blog\/2011\/05\/12\/coyotte-winkango-et-inforad-reponse-au-gouvernement\/\" \/>\n<meta property=\"og:site_name\" content=\"Blog auto Carid\u00e9al\" \/>\n<meta property=\"article:publisher\" content=\"https:\/\/www.facebook.com\/Carideal.mandataire.automobile\" \/>\n<meta property=\"article:author\" content=\"https:\/\/www.facebook.com\/Carideal.mandataire.automobile\/\" \/>\n<meta property=\"article:published_time\" content=\"2011-05-12T20:20:00+00:00\" \/>\n<meta property=\"article:modified_time\" content=\"2016-06-19T17:26:58+00:00\" \/>\n<meta property=\"og:image\" content=\"http:\/\/www.carideal.com\/blog\/wp-content\/uploads\/2011\/05\/logo-afftac-300x169.jpg\" \/>\n<meta name=\"author\" content=\"N.S Carideal\" \/>\n<meta name=\"twitter:card\" content=\"summary_large_image\" \/>\n<meta name=\"twitter:creator\" content=\"@caridealauto\" \/>\n<meta name=\"twitter:site\" content=\"@caridealauto\" \/>\n<meta name=\"twitter:label1\" content=\"\u00c9crit par\" \/>\n\t<meta name=\"twitter:data1\" content=\"N.S Carideal\" \/>\n\t<meta name=\"twitter:label2\" content=\"Dur\u00e9e de lecture estim\u00e9e\" \/>\n\t<meta name=\"twitter:data2\" content=\"2 minutes\" \/>\n<script type=\"application\/ld+json\" class=\"yoast-schema-graph\">{\"@context\":\"https:\/\/schema.org\",\"@graph\":[{\"@type\":\"Article\",\"@id\":\"https:\/\/www.carideal.com\/blog\/2011\/05\/12\/coyotte-winkango-et-inforad-reponse-au-gouvernement\/#article\",\"isPartOf\":{\"@id\":\"https:\/\/www.carideal.com\/blog\/2011\/05\/12\/coyotte-winkango-et-inforad-reponse-au-gouvernement\/\"},\"author\":{\"name\":\"N.S Carideal\",\"@id\":\"https:\/\/www.carideal.com\/blog\/#\/schema\/person\/985c7e757d1042d647f21bfaf8d41ebc\"},\"headline\":\"R\u00e9action des avertisseurs de radars !\",\"datePublished\":\"2011-05-12T20:20:00+00:00\",\"dateModified\":\"2016-06-19T17:26:58+00:00\",\"mainEntityOfPage\":{\"@id\":\"https:\/\/www.carideal.com\/blog\/2011\/05\/12\/coyotte-winkango-et-inforad-reponse-au-gouvernement\/\"},\"wordCount\":390,\"commentCount\":0,\"publisher\":{\"@id\":\"https:\/\/www.carideal.com\/blog\/#organization\"},\"image\":{\"@id\":\"https:\/\/www.carideal.com\/blog\/2011\/05\/12\/coyotte-winkango-et-inforad-reponse-au-gouvernement\/#primaryimage\"},\"thumbnailUrl\":\"http:\/\/www.carideal.com\/blog\/wp-content\/uploads\/2011\/05\/logo-afftac-300x169.jpg\",\"articleSection\":[\"Radar et s\u00e9curit\u00e9 routi\u00e8re\"],\"inLanguage\":\"fr-FR\",\"potentialAction\":[{\"@type\":\"CommentAction\",\"name\":\"Comment\",\"target\":[\"https:\/\/www.carideal.com\/blog\/2011\/05\/12\/coyotte-winkango-et-inforad-reponse-au-gouvernement\/#respond\"]}]},{\"@type\":\"WebPage\",\"@id\":\"https:\/\/www.carideal.com\/blog\/2011\/05\/12\/coyotte-winkango-et-inforad-reponse-au-gouvernement\/\",\"url\":\"https:\/\/www.carideal.com\/blog\/2011\/05\/12\/coyotte-winkango-et-inforad-reponse-au-gouvernement\/\",\"name\":\"R\u00e9action des avertisseurs de radars ! - Blog auto Carid\u00e9al\",\"isPartOf\":{\"@id\":\"https:\/\/www.carideal.com\/blog\/#website\"},\"primaryImageOfPage\":{\"@id\":\"https:\/\/www.carideal.com\/blog\/2011\/05\/12\/coyotte-winkango-et-inforad-reponse-au-gouvernement\/#primaryimage\"},\"image\":{\"@id\":\"https:\/\/www.carideal.com\/blog\/2011\/05\/12\/coyotte-winkango-et-inforad-reponse-au-gouvernement\/#primaryimage\"},\"thumbnailUrl\":\"http:\/\/www.carideal.com\/blog\/wp-content\/uploads\/2011\/05\/logo-afftac-300x169.jpg\",\"datePublished\":\"2011-05-12T20:20:00+00:00\",\"dateModified\":\"2016-06-19T17:26:58+00:00\",\"description\":\"Coyotte Wikango et Inforad cr\u00e9\u00e9 l'AFFTAC pour lutter contre l'interdiction des avertisseurs de radars ils repondent ainsi au gouvernement.\",\"breadcrumb\":{\"@id\":\"https:\/\/www.carideal.com\/blog\/2011\/05\/12\/coyotte-winkango-et-inforad-reponse-au-gouvernement\/#breadcrumb\"},\"inLanguage\":\"fr-FR\",\"potentialAction\":[{\"@type\":\"ReadAction\",\"target\":[\"https:\/\/www.carideal.com\/blog\/2011\/05\/12\/coyotte-winkango-et-inforad-reponse-au-gouvernement\/\"]}]},{\"@type\":\"ImageObject\",\"inLanguage\":\"fr-FR\",\"@id\":\"https:\/\/www.carideal.com\/blog\/2011\/05\/12\/coyotte-winkango-et-inforad-reponse-au-gouvernement\/#primaryimage\",\"url\":\"http:\/\/www.carideal.com\/blog\/wp-content\/uploads\/2011\/05\/logo-afftac-300x169.jpg\",\"contentUrl\":\"http:\/\/www.carideal.com\/blog\/wp-content\/uploads\/2011\/05\/logo-afftac-300x169.jpg\"},{\"@type\":\"BreadcrumbList\",\"@id\":\"https:\/\/www.carideal.com\/blog\/2011\/05\/12\/coyotte-winkango-et-inforad-reponse-au-gouvernement\/#breadcrumb\",\"itemListElement\":[{\"@type\":\"ListItem\",\"position\":1,\"name\":\"Blog Carid\u00e9al\",\"item\":\"https:\/\/www.carideal.com\/blog\/\"},{\"@type\":\"ListItem\",\"position\":2,\"name\":\"Radar et s\u00e9curit\u00e9 routi\u00e8re\",\"item\":\"https:\/\/www.carideal.com\/blog\/radar-et-securite-routiere\/\"},{\"@type\":\"ListItem\",\"position\":3,\"name\":\"R\u00e9action des avertisseurs de radars !\"}]},{\"@type\":\"WebSite\",\"@id\":\"https:\/\/www.carideal.com\/blog\/#website\",\"url\":\"https:\/\/www.carideal.com\/blog\/\",\"name\":\"Blog auto Carid\u00e9al\",\"description\":\"Actualit\u00e9 auto par des passionn\u00e9s\",\"publisher\":{\"@id\":\"https:\/\/www.carideal.com\/blog\/#organization\"},\"potentialAction\":[{\"@type\":\"SearchAction\",\"target\":{\"@type\":\"EntryPoint\",\"urlTemplate\":\"https:\/\/www.carideal.com\/blog\/?s={search_term_string}\"},\"query-input\":{\"@type\":\"PropertyValueSpecification\",\"valueRequired\":true,\"valueName\":\"search_term_string\"}}],\"inLanguage\":\"fr-FR\"},{\"@type\":\"Organization\",\"@id\":\"https:\/\/www.carideal.com\/blog\/#organization\",\"name\":\"Carideal\",\"url\":\"https:\/\/www.carideal.com\/blog\/\",\"logo\":{\"@type\":\"ImageObject\",\"inLanguage\":\"fr-FR\",\"@id\":\"https:\/\/www.carideal.com\/blog\/#\/schema\/logo\/image\/\",\"url\":\"http:\/\/www.carideal.com\/blog\/wp-content\/uploads\/2016\/03\/logo-carideal-mandataire-automobile.png\",\"contentUrl\":\"http:\/\/www.carideal.com\/blog\/wp-content\/uploads\/2016\/03\/logo-carideal-mandataire-automobile.png\",\"width\":300,\"height\":300,\"caption\":\"Carideal\"},\"image\":{\"@id\":\"https:\/\/www.carideal.com\/blog\/#\/schema\/logo\/image\/\"},\"sameAs\":[\"https:\/\/www.facebook.com\/Carideal.mandataire.automobile\",\"https:\/\/x.com\/caridealauto\",\"https:\/\/www.instagram.com\/carideal1\/\",\"https:\/\/www.linkedin.com\/company\/carideal.com\",\"https:\/\/fr.pinterest.com\/schiavonsas\/\",\"https:\/\/www.youtube.com\/user\/caridealsas\"]},{\"@type\":\"Person\",\"@id\":\"https:\/\/www.carideal.com\/blog\/#\/schema\/person\/985c7e757d1042d647f21bfaf8d41ebc\",\"name\":\"N.S Carideal\",\"image\":{\"@type\":\"ImageObject\",\"inLanguage\":\"fr-FR\",\"@id\":\"https:\/\/www.carideal.com\/blog\/#\/schema\/person\/image\/\",\"url\":\"https:\/\/secure.gravatar.com\/avatar\/edb7ccdf1a4e3d14aef967760d354d0e?s=96&r=g\",\"contentUrl\":\"https:\/\/secure.gravatar.com\/avatar\/edb7ccdf1a4e3d14aef967760d354d0e?s=96&r=g\",\"caption\":\"N.S Carideal\"},\"description\":\"Depuis tout petit fan d'automobile. Il est question d'essayer et de comparer toutes ces voitures qui nous ont fait r\u00e9ver, avant que celles-ci ne devient uniquement des voitures de collection.\",\"sameAs\":[\"http:\/\/www.carideal.com\/blog\",\"https:\/\/www.facebook.com\/Carideal.mandataire.automobile\/\",\"https:\/\/www.linkedin.com\/in\/nschiavon\/\",\"https:\/\/www.youtube.com\/user\/caridealsas\/\"],\"url\":\"https:\/\/www.carideal.com\/blog\/author\/admin_carideal\/\"}]}<\/script>\n<!-- \/ Yoast SEO plugin. -->","yoast_head_json":{"title":"R\u00e9action des avertisseurs de radars ! - Blog auto Carid\u00e9al","description":"Coyotte Wikango et Inforad cr\u00e9\u00e9 l'AFFTAC pour lutter contre l'interdiction des avertisseurs de radars ils repondent ainsi au gouvernement.","robots":{"index":"index","follow":"follow","max-snippet":"max-snippet:-1","max-image-preview":"max-image-preview:large","max-video-preview":"max-video-preview:-1"},"canonical":"https:\/\/www.carideal.com\/blog\/2011\/05\/12\/coyotte-winkango-et-inforad-reponse-au-gouvernement\/","og_locale":"fr_FR","og_type":"article","og_title":"R\u00e9action des avertisseurs de radars ! - Blog auto Carid\u00e9al","og_description":"Coyotte Wikango et Inforad cr\u00e9\u00e9 l'AFFTAC pour lutter contre l'interdiction des avertisseurs de radars ils repondent ainsi au gouvernement.","og_url":"https:\/\/www.carideal.com\/blog\/2011\/05\/12\/coyotte-winkango-et-inforad-reponse-au-gouvernement\/","og_site_name":"Blog auto Carid\u00e9al","article_publisher":"https:\/\/www.facebook.com\/Carideal.mandataire.automobile","article_author":"https:\/\/www.facebook.com\/Carideal.mandataire.automobile\/","article_published_time":"2011-05-12T20:20:00+00:00","article_modified_time":"2016-06-19T17:26:58+00:00","og_image":[{"url":"http:\/\/www.carideal.com\/blog\/wp-content\/uploads\/2011\/05\/logo-afftac-300x169.jpg","type":"","width":"","height":""}],"author":"N.S Carideal","twitter_card":"summary_large_image","twitter_creator":"@caridealauto","twitter_site":"@caridealauto","twitter_misc":{"\u00c9crit par":"N.S Carideal","Dur\u00e9e de lecture estim\u00e9e":"2 minutes"},"schema":{"@context":"https:\/\/schema.org","@graph":[{"@type":"Article","@id":"https:\/\/www.carideal.com\/blog\/2011\/05\/12\/coyotte-winkango-et-inforad-reponse-au-gouvernement\/#article","isPartOf":{"@id":"https:\/\/www.carideal.com\/blog\/2011\/05\/12\/coyotte-winkango-et-inforad-reponse-au-gouvernement\/"},"author":{"name":"N.S Carideal","@id":"https:\/\/www.carideal.com\/blog\/#\/schema\/person\/985c7e757d1042d647f21bfaf8d41ebc"},"headline":"R\u00e9action des avertisseurs de radars !","datePublished":"2011-05-12T20:20:00+00:00","dateModified":"2016-06-19T17:26:58+00:00","mainEntityOfPage":{"@id":"https:\/\/www.carideal.com\/blog\/2011\/05\/12\/coyotte-winkango-et-inforad-reponse-au-gouvernement\/"},"wordCount":390,"commentCount":0,"publisher":{"@id":"https:\/\/www.carideal.com\/blog\/#organization"},"image":{"@id":"https:\/\/www.carideal.com\/blog\/2011\/05\/12\/coyotte-winkango-et-inforad-reponse-au-gouvernement\/#primaryimage"},"thumbnailUrl":"http:\/\/www.carideal.com\/blog\/wp-content\/uploads\/2011\/05\/logo-afftac-300x169.jpg","articleSection":["Radar et s\u00e9curit\u00e9 routi\u00e8re"],"inLanguage":"fr-FR","potentialAction":[{"@type":"CommentAction","name":"Comment","target":["https:\/\/www.carideal.com\/blog\/2011\/05\/12\/coyotte-winkango-et-inforad-reponse-au-gouvernement\/#respond"]}]},{"@type":"WebPage","@id":"https:\/\/www.carideal.com\/blog\/2011\/05\/12\/coyotte-winkango-et-inforad-reponse-au-gouvernement\/","url":"https:\/\/www.carideal.com\/blog\/2011\/05\/12\/coyotte-winkango-et-inforad-reponse-au-gouvernement\/","name":"R\u00e9action des avertisseurs de radars ! - Blog auto Carid\u00e9al","isPartOf":{"@id":"https:\/\/www.carideal.com\/blog\/#website"},"primaryImageOfPage":{"@id":"https:\/\/www.carideal.com\/blog\/2011\/05\/12\/coyotte-winkango-et-inforad-reponse-au-gouvernement\/#primaryimage"},"image":{"@id":"https:\/\/www.carideal.com\/blog\/2011\/05\/12\/coyotte-winkango-et-inforad-reponse-au-gouvernement\/#primaryimage"},"thumbnailUrl":"http:\/\/www.carideal.com\/blog\/wp-content\/uploads\/2011\/05\/logo-afftac-300x169.jpg","datePublished":"2011-05-12T20:20:00+00:00","dateModified":"2016-06-19T17:26:58+00:00","description":"Coyotte Wikango et Inforad cr\u00e9\u00e9 l'AFFTAC pour lutter contre l'interdiction des avertisseurs de radars ils repondent ainsi au gouvernement.","breadcrumb":{"@id":"https:\/\/www.carideal.com\/blog\/2011\/05\/12\/coyotte-winkango-et-inforad-reponse-au-gouvernement\/#breadcrumb"},"inLanguage":"fr-FR","potentialAction":[{"@type":"ReadAction","target":["https:\/\/www.carideal.com\/blog\/2011\/05\/12\/coyotte-winkango-et-inforad-reponse-au-gouvernement\/"]}]},{"@type":"ImageObject","inLanguage":"fr-FR","@id":"https:\/\/www.carideal.com\/blog\/2011\/05\/12\/coyotte-winkango-et-inforad-reponse-au-gouvernement\/#primaryimage","url":"http:\/\/www.carideal.com\/blog\/wp-content\/uploads\/2011\/05\/logo-afftac-300x169.jpg","contentUrl":"http:\/\/www.carideal.com\/blog\/wp-content\/uploads\/2011\/05\/logo-afftac-300x169.jpg"},{"@type":"BreadcrumbList","@id":"https:\/\/www.carideal.com\/blog\/2011\/05\/12\/coyotte-winkango-et-inforad-reponse-au-gouvernement\/#breadcrumb","itemListElement":[{"@type":"ListItem","position":1,"name":"Blog Carid\u00e9al","item":"https:\/\/www.carideal.com\/blog\/"},{"@type":"ListItem","position":2,"name":"Radar et s\u00e9curit\u00e9 routi\u00e8re","item":"https:\/\/www.carideal.com\/blog\/radar-et-securite-routiere\/"},{"@type":"ListItem","position":3,"name":"R\u00e9action des avertisseurs de radars !"}]},{"@type":"WebSite","@id":"https:\/\/www.carideal.com\/blog\/#website","url":"https:\/\/www.carideal.com\/blog\/","name":"Blog auto Carid\u00e9al","description":"Actualit\u00e9 auto par des passionn\u00e9s","publisher":{"@id":"https:\/\/www.carideal.com\/blog\/#organization"},"potentialAction":[{"@type":"SearchAction","target":{"@type":"EntryPoint","urlTemplate":"https:\/\/www.carideal.com\/blog\/?s={search_term_string}"},"query-input":{"@type":"PropertyValueSpecification","valueRequired":true,"valueName":"search_term_string"}}],"inLanguage":"fr-FR"},{"@type":"Organization","@id":"https:\/\/www.carideal.com\/blog\/#organization","name":"Carideal","url":"https:\/\/www.carideal.com\/blog\/","logo":{"@type":"ImageObject","inLanguage":"fr-FR","@id":"https:\/\/www.carideal.com\/blog\/#\/schema\/logo\/image\/","url":"http:\/\/www.carideal.com\/blog\/wp-content\/uploads\/2016\/03\/logo-carideal-mandataire-automobile.png","contentUrl":"http:\/\/www.carideal.com\/blog\/wp-content\/uploads\/2016\/03\/logo-carideal-mandataire-automobile.png","width":300,"height":300,"caption":"Carideal"},"image":{"@id":"https:\/\/www.carideal.com\/blog\/#\/schema\/logo\/image\/"},"sameAs":["https:\/\/www.facebook.com\/Carideal.mandataire.automobile","https:\/\/x.com\/caridealauto","https:\/\/www.instagram.com\/carideal1\/","https:\/\/www.linkedin.com\/company\/carideal.com","https:\/\/fr.pinterest.com\/schiavonsas\/","https:\/\/www.youtube.com\/user\/caridealsas"]},{"@type":"Person","@id":"https:\/\/www.carideal.com\/blog\/#\/schema\/person\/985c7e757d1042d647f21bfaf8d41ebc","name":"N.S Carideal","image":{"@type":"ImageObject","inLanguage":"fr-FR","@id":"https:\/\/www.carideal.com\/blog\/#\/schema\/person\/image\/","url":"https:\/\/secure.gravatar.com\/avatar\/edb7ccdf1a4e3d14aef967760d354d0e?s=96&r=g","contentUrl":"https:\/\/secure.gravatar.com\/avatar\/edb7ccdf1a4e3d14aef967760d354d0e?s=96&r=g","caption":"N.S Carideal"},"description":"Depuis tout petit fan d'automobile. Il est question d'essayer et de comparer toutes ces voitures qui nous ont fait r\u00e9ver, avant que celles-ci ne devient uniquement des voitures de collection.","sameAs":["http:\/\/www.carideal.com\/blog","https:\/\/www.facebook.com\/Carideal.mandataire.automobile\/","https:\/\/www.linkedin.com\/in\/nschiavon\/","https:\/\/www.youtube.com\/user\/caridealsas\/"],"url":"https:\/\/www.carideal.com\/blog\/author\/admin_carideal\/"}]}},"uagb_featured_image_src":{"full":false,"thumbnail":false,"medium":false,"medium_large":false,"large":false,"1536x1536":false,"2048x2048":false,"wppr-widget":false},"uagb_author_info":{"display_name":"N.S Carideal","author_link":"https:\/\/www.carideal.com\/blog\/author\/admin_carideal\/"},"uagb_comment_info":0,"uagb_excerpt":"Coyotte Winkango et Inforad repondent au gouvernement suite \u00e0 l'interdiction des avertisseurs de radars La soci\u00e9t\u00e9 Coyotte s'est\u00a0unis aujourd\u2019hui aux soci\u00e9t\u00e9s Inforad et Wikango, pour r\u00e9agir \u00e0 l\u2019annonce du gouvernement visant \u00e0 interdire les avertisseurs de radars et appeler \u00e0 la mobilisation. Ensemble, Elles\u00a0d\u00e9non\u00e7ent cette annonce faite dans la pr\u00e9cipitation, sans concertation et qui concerne\u2026","_links":{"self":[{"href":"https:\/\/www.carideal.com\/blog\/wp-json\/wp\/v2\/posts\/1616"}],"collection":[{"href":"https:\/\/www.carideal.com\/blog\/wp-json\/wp\/v2\/posts"}],"about":[{"href":"https:\/\/www.carideal.com\/blog\/wp-json\/wp\/v2\/types\/post"}],"author":[{"embeddable":true,"href":"https:\/\/www.carideal.com\/blog\/wp-json\/wp\/v2\/users\/1"}],"replies":[{"embeddable":true,"href":"https:\/\/www.carideal.com\/blog\/wp-json\/wp\/v2\/comments?post=1616"}],"version-history":[{"count":0,"href":"https:\/\/www.carideal.com\/blog\/wp-json\/wp\/v2\/posts\/1616\/revisions"}],"wp:attachment":[{"href":"https:\/\/www.carideal.com\/blog\/wp-json\/wp\/v2\/media?parent=1616"}],"wp:term":[{"taxonomy":"category","embeddable":true,"href":"https:\/\/www.carideal.com\/blog\/wp-json\/wp\/v2\/categories?post=1616"},{"taxonomy":"post_tag","embeddable":true,"href":"https:\/\/www.carideal.com\/blog\/wp-json\/wp\/v2\/tags?post=1616"}],"curies":[{"name":"wp","href":"https:\/\/api.w.org\/{rel}","templated":true}]}}