{"id":1615,"date":"2011-04-08T15:41:00","date_gmt":"2011-04-08T15:41:00","guid":{"rendered":"http:\/\/carideal.com\/blog\/?p=1615"},"modified":"2020-03-08T07:32:03","modified_gmt":"2020-03-08T06:32:03","slug":"3-radars-a-bourg-les-valences-sur-autoroute-marseille-lyon","status":"publish","type":"post","link":"https:\/\/www.carideal.com\/blog\/2011\/04\/08\/3-radars-a-bourg-les-valences-sur-autoroute-marseille-lyon\/","title":{"rendered":"Radars Bourg les Valences autoroute Marseille Lyon"},"content":{"rendered":" Radars Bourg les Valences sur l'autoroute dans le sens Marseille Lyon\n<h1><strong>3 radars Fixes \u00e0\u00a0Bourg les Valences sur l'autoroute de Marseille Lyon\u00a0<\/strong><\/h1>\n<p><strong>Radars Bourg les Valences : 3 Radars fixes install\u00e9s sur l'autoroute.<\/strong> Voil\u00e0 j'ai re\u00e7us ce matin ce faire part de naissance \" J'ai le privil\u00e8ge de vous faire-part de la naissance de tripl\u00e9s. Eh oui, sur l'autoroute \u00e0 Bourg-l\u00e8s-Valence, dans le sens Marseille-Lyon. Je vous envoie la photo des \"Nouveaux n\u00e9s\" (ils aiment d\u00e9j\u00e0 les voitures !)\u00a0: Et en plus, \u00e0 part le fait qu'ils ne sont pas annonc\u00e9s, on ne les voit pas car ils sont fix\u00e9s apr\u00e8s un pont\u2026.Ils prennent la photo, par l'arri\u00e8re, sur les 3 voies\u00a0! C'est nouveau, \u00e7a vient de sortir, et je pense qu'il y en aura beaucoup d'autres !!!<br \/>\nPerso je ne m'en \u00e9tais jamais rendu compte !! c'est dire\u00a0! Pourtant la plaisanterie a l'air d'\u00eatre install\u00e9e depuis 2006.<\/p>\n<p>Dans la travers\u00e9e de Valence, dans le sens Marseille Lyon, en remontant du sud, 3 <span style=\"text-decoration: underline;\"><a href=\"http:\/\/www.carideal.com\/blog\/2008\/01\/08\/radars-automatiques\/\" target=\"_blank\" rel=\"noopener noreferrer\">radars fixes automatiques<\/a><\/span> (un pour chaque voie) sont situ\u00e9s sur un portique. Ce portique est cach\u00e9 \u00e0 l'arri\u00e8re d'un pont qui traverse l'autoroute. Les radars sont invisibles car situ\u00e9s au dessus de la route au niveau du tableau du pont, derri\u00e8re la barri\u00e8re du pont o\u00f9 marchent les pi\u00e9tons qui traversent l'autoroute.<\/p>\n<h2>Vid\u00e9o Radar Bourg les Valences mont\u00e9s sur le portique<\/h2>\n<p><iframe loading=\"lazy\" src=\"https:\/\/www.youtube.com\/embed\/uJJVLBRKBLk\" width=\"560\" height=\"315\" frameborder=\"0\" allowfullscreen=\"allowfullscreen\"><\/iframe><br \/>\n<span style=\"text-decoration: underline;\"><a href=\"http:\/\/blogautomobile.fr\/3-voies-3-radars-49055\" target=\"_blank\" rel=\"noopener noreferrer\">source 3 radars \u00e0 Bourg les Valences<\/a><\/span><\/p>\n<p>3 Radars sur l'autoroute \u00e0 Bourg les Valences dans le sens Marseille Lyon<\/p>\n","protected":false},"excerpt":{"rendered":"<p>3 radars Fixes \u00e0\u00a0Bourg les Valences sur l&rsquo;autoroute de Marseille Lyon\u00a0 Radars Bourg les Valences : 3 Radars fixes install\u00e9s sur l&rsquo;autoroute. Voil\u00e0 j&rsquo;ai re\u00e7us ce matin ce faire part de naissance \u00a0\u00bb J&rsquo;ai le privil\u00e8ge de vous faire-part de la naissance de tripl\u00e9s. Eh oui, sur l&rsquo;autoroute \u00e0 Bourg-l\u00e8s-Valence, dans le sens Marseille-Lyon. Je &#8230; <a title=\"Radars Bourg les Valences autoroute Marseille Lyon\" class=\"read-more\" href=\"https:\/\/www.carideal.com\/blog\/2011\/04\/08\/3-radars-a-bourg-les-valences-sur-autoroute-marseille-lyon\/\" aria-label=\"En savoir plus sur Radars Bourg les Valences autoroute Marseille Lyon\">Lire plus<\/a><\/p>\n","protected":false},"author":1,"featured_media":0,"comment_status":"open","ping_status":"open","sticky":false,"template":"","format":"standard","meta":{"_uag_custom_page_level_css":"","_themeisle_gutenberg_block_has_review":false,"footnotes":""},"categories":[15],"tags":[],"class_list":["post-1615","post","type-post","status-publish","format-standard","hentry","category-radar-et-securite-routiere"],"wppr_data":[],"yoast_head":"<!-- This site is optimized with the Yoast SEO plugin v24.8.1 - https:\/\/yoast.com\/wordpress\/plugins\/seo\/ -->\n<title>Radars Bourg les Valences autoroute Marseille Lyon - Blog auto Carid\u00e9al<\/title>\n<meta name=\"description\" content=\"Radars Bourg les Valences : 3 Radars fixes install\u00e9s sur l&#039;autoroute. Voil\u00e0 j&#039;ai re\u00e7us ce matin ce faire part de naissance\" \/>\n<meta name=\"robots\" content=\"index, follow, max-snippet:-1, max-image-preview:large, max-video-preview:-1\" \/>\n<link rel=\"canonical\" href=\"https:\/\/www.carideal.com\/blog\/2011\/04\/08\/3-radars-a-bourg-les-valences-sur-autoroute-marseille-lyon\/\" \/>\n<meta property=\"og:locale\" content=\"fr_FR\" \/>\n<meta property=\"og:type\" content=\"article\" \/>\n<meta property=\"og:title\" content=\"Radars Bourg les Valences autoroute Marseille Lyon - Blog auto Carid\u00e9al\" \/>\n<meta property=\"og:description\" content=\"Radars Bourg les Valences : 3 Radars fixes install\u00e9s sur l&#039;autoroute. Voil\u00e0 j&#039;ai re\u00e7us ce matin ce faire part de naissance\" \/>\n<meta property=\"og:url\" content=\"https:\/\/www.carideal.com\/blog\/2011\/04\/08\/3-radars-a-bourg-les-valences-sur-autoroute-marseille-lyon\/\" \/>\n<meta property=\"og:site_name\" content=\"Blog auto Carid\u00e9al\" \/>\n<meta property=\"article:publisher\" content=\"https:\/\/www.facebook.com\/Carideal.mandataire.automobile\" \/>\n<meta property=\"article:author\" content=\"https:\/\/www.facebook.com\/Carideal.mandataire.automobile\/\" \/>\n<meta property=\"article:published_time\" content=\"2011-04-08T15:41:00+00:00\" \/>\n<meta property=\"article:modified_time\" content=\"2020-03-08T06:32:03+00:00\" \/>\n<meta property=\"og:image\" content=\"https:\/\/www.carideal.com\/blog\/wp-content\/uploads\/2016\/03\/logo-carideal-mandataire-automobile.png\" \/>\n\t<meta property=\"og:image:width\" content=\"300\" \/>\n\t<meta property=\"og:image:height\" content=\"300\" \/>\n\t<meta property=\"og:image:type\" content=\"image\/png\" \/>\n<meta name=\"author\" content=\"N.S Carideal\" \/>\n<meta name=\"twitter:card\" content=\"summary_large_image\" \/>\n<meta name=\"twitter:creator\" content=\"@caridealauto\" \/>\n<meta name=\"twitter:site\" content=\"@caridealauto\" \/>\n<meta name=\"twitter:label1\" content=\"\u00c9crit par\" \/>\n\t<meta name=\"twitter:data1\" content=\"N.S Carideal\" \/>\n\t<meta name=\"twitter:label2\" content=\"Dur\u00e9e de lecture estim\u00e9e\" \/>\n\t<meta name=\"twitter:data2\" content=\"1 minute\" \/>\n<script type=\"application\/ld+json\" class=\"yoast-schema-graph\">{\"@context\":\"https:\/\/schema.org\",\"@graph\":[{\"@type\":\"Article\",\"@id\":\"https:\/\/www.carideal.com\/blog\/2011\/04\/08\/3-radars-a-bourg-les-valences-sur-autoroute-marseille-lyon\/#article\",\"isPartOf\":{\"@id\":\"https:\/\/www.carideal.com\/blog\/2011\/04\/08\/3-radars-a-bourg-les-valences-sur-autoroute-marseille-lyon\/\"},\"author\":{\"name\":\"N.S Carideal\",\"@id\":\"https:\/\/www.carideal.com\/blog\/#\/schema\/person\/985c7e757d1042d647f21bfaf8d41ebc\"},\"headline\":\"Radars Bourg les Valences autoroute Marseille Lyon\",\"datePublished\":\"2011-04-08T15:41:00+00:00\",\"dateModified\":\"2020-03-08T06:32:03+00:00\",\"mainEntityOfPage\":{\"@id\":\"https:\/\/www.carideal.com\/blog\/2011\/04\/08\/3-radars-a-bourg-les-valences-sur-autoroute-marseille-lyon\/\"},\"wordCount\":263,\"commentCount\":0,\"publisher\":{\"@id\":\"https:\/\/www.carideal.com\/blog\/#organization\"},\"articleSection\":[\"Radar et s\u00e9curit\u00e9 routi\u00e8re\"],\"inLanguage\":\"fr-FR\",\"potentialAction\":[{\"@type\":\"CommentAction\",\"name\":\"Comment\",\"target\":[\"https:\/\/www.carideal.com\/blog\/2011\/04\/08\/3-radars-a-bourg-les-valences-sur-autoroute-marseille-lyon\/#respond\"]}]},{\"@type\":\"WebPage\",\"@id\":\"https:\/\/www.carideal.com\/blog\/2011\/04\/08\/3-radars-a-bourg-les-valences-sur-autoroute-marseille-lyon\/\",\"url\":\"https:\/\/www.carideal.com\/blog\/2011\/04\/08\/3-radars-a-bourg-les-valences-sur-autoroute-marseille-lyon\/\",\"name\":\"Radars Bourg les Valences autoroute Marseille Lyon - Blog auto Carid\u00e9al\",\"isPartOf\":{\"@id\":\"https:\/\/www.carideal.com\/blog\/#website\"},\"datePublished\":\"2011-04-08T15:41:00+00:00\",\"dateModified\":\"2020-03-08T06:32:03+00:00\",\"description\":\"Radars Bourg les Valences : 3 Radars fixes install\u00e9s sur l'autoroute. Voil\u00e0 j'ai re\u00e7us ce matin ce faire part de naissance\",\"breadcrumb\":{\"@id\":\"https:\/\/www.carideal.com\/blog\/2011\/04\/08\/3-radars-a-bourg-les-valences-sur-autoroute-marseille-lyon\/#breadcrumb\"},\"inLanguage\":\"fr-FR\",\"potentialAction\":[{\"@type\":\"ReadAction\",\"target\":[\"https:\/\/www.carideal.com\/blog\/2011\/04\/08\/3-radars-a-bourg-les-valences-sur-autoroute-marseille-lyon\/\"]}]},{\"@type\":\"BreadcrumbList\",\"@id\":\"https:\/\/www.carideal.com\/blog\/2011\/04\/08\/3-radars-a-bourg-les-valences-sur-autoroute-marseille-lyon\/#breadcrumb\",\"itemListElement\":[{\"@type\":\"ListItem\",\"position\":1,\"name\":\"Blog Carid\u00e9al\",\"item\":\"https:\/\/www.carideal.com\/blog\/\"},{\"@type\":\"ListItem\",\"position\":2,\"name\":\"Radar et s\u00e9curit\u00e9 routi\u00e8re\",\"item\":\"https:\/\/www.carideal.com\/blog\/radar-et-securite-routiere\/\"},{\"@type\":\"ListItem\",\"position\":3,\"name\":\"Radars Bourg les Valences autoroute Marseille Lyon\"}]},{\"@type\":\"WebSite\",\"@id\":\"https:\/\/www.carideal.com\/blog\/#website\",\"url\":\"https:\/\/www.carideal.com\/blog\/\",\"name\":\"Blog auto Carid\u00e9al\",\"description\":\"Actualit\u00e9 auto par des passionn\u00e9s\",\"publisher\":{\"@id\":\"https:\/\/www.carideal.com\/blog\/#organization\"},\"potentialAction\":[{\"@type\":\"SearchAction\",\"target\":{\"@type\":\"EntryPoint\",\"urlTemplate\":\"https:\/\/www.carideal.com\/blog\/?s={search_term_string}\"},\"query-input\":{\"@type\":\"PropertyValueSpecification\",\"valueRequired\":true,\"valueName\":\"search_term_string\"}}],\"inLanguage\":\"fr-FR\"},{\"@type\":\"Organization\",\"@id\":\"https:\/\/www.carideal.com\/blog\/#organization\",\"name\":\"Carideal\",\"url\":\"https:\/\/www.carideal.com\/blog\/\",\"logo\":{\"@type\":\"ImageObject\",\"inLanguage\":\"fr-FR\",\"@id\":\"https:\/\/www.carideal.com\/blog\/#\/schema\/logo\/image\/\",\"url\":\"http:\/\/www.carideal.com\/blog\/wp-content\/uploads\/2016\/03\/logo-carideal-mandataire-automobile.png\",\"contentUrl\":\"http:\/\/www.carideal.com\/blog\/wp-content\/uploads\/2016\/03\/logo-carideal-mandataire-automobile.png\",\"width\":300,\"height\":300,\"caption\":\"Carideal\"},\"image\":{\"@id\":\"https:\/\/www.carideal.com\/blog\/#\/schema\/logo\/image\/\"},\"sameAs\":[\"https:\/\/www.facebook.com\/Carideal.mandataire.automobile\",\"https:\/\/x.com\/caridealauto\",\"https:\/\/www.instagram.com\/carideal1\/\",\"https:\/\/www.linkedin.com\/company\/carideal.com\",\"https:\/\/fr.pinterest.com\/schiavonsas\/\",\"https:\/\/www.youtube.com\/user\/caridealsas\"]},{\"@type\":\"Person\",\"@id\":\"https:\/\/www.carideal.com\/blog\/#\/schema\/person\/985c7e757d1042d647f21bfaf8d41ebc\",\"name\":\"N.S Carideal\",\"image\":{\"@type\":\"ImageObject\",\"inLanguage\":\"fr-FR\",\"@id\":\"https:\/\/www.carideal.com\/blog\/#\/schema\/person\/image\/\",\"url\":\"https:\/\/secure.gravatar.com\/avatar\/edb7ccdf1a4e3d14aef967760d354d0e?s=96&r=g\",\"contentUrl\":\"https:\/\/secure.gravatar.com\/avatar\/edb7ccdf1a4e3d14aef967760d354d0e?s=96&r=g\",\"caption\":\"N.S Carideal\"},\"description\":\"Depuis tout petit fan d'automobile. Il est question d'essayer et de comparer toutes ces voitures qui nous ont fait r\u00e9ver, avant que celles-ci ne devient uniquement des voitures de collection.\",\"sameAs\":[\"http:\/\/www.carideal.com\/blog\",\"https:\/\/www.facebook.com\/Carideal.mandataire.automobile\/\",\"https:\/\/www.linkedin.com\/in\/nschiavon\/\",\"https:\/\/www.youtube.com\/user\/caridealsas\/\"],\"url\":\"https:\/\/www.carideal.com\/blog\/author\/admin_carideal\/\"}]}<\/script>\n<!-- \/ Yoast SEO plugin. -->","yoast_head_json":{"title":"Radars Bourg les Valences autoroute Marseille Lyon - Blog auto Carid\u00e9al","description":"Radars Bourg les Valences : 3 Radars fixes install\u00e9s sur l'autoroute. Voil\u00e0 j'ai re\u00e7us ce matin ce faire part de naissance","robots":{"index":"index","follow":"follow","max-snippet":"max-snippet:-1","max-image-preview":"max-image-preview:large","max-video-preview":"max-video-preview:-1"},"canonical":"https:\/\/www.carideal.com\/blog\/2011\/04\/08\/3-radars-a-bourg-les-valences-sur-autoroute-marseille-lyon\/","og_locale":"fr_FR","og_type":"article","og_title":"Radars Bourg les Valences autoroute Marseille Lyon - Blog auto Carid\u00e9al","og_description":"Radars Bourg les Valences : 3 Radars fixes install\u00e9s sur l'autoroute. Voil\u00e0 j'ai re\u00e7us ce matin ce faire part de naissance","og_url":"https:\/\/www.carideal.com\/blog\/2011\/04\/08\/3-radars-a-bourg-les-valences-sur-autoroute-marseille-lyon\/","og_site_name":"Blog auto Carid\u00e9al","article_publisher":"https:\/\/www.facebook.com\/Carideal.mandataire.automobile","article_author":"https:\/\/www.facebook.com\/Carideal.mandataire.automobile\/","article_published_time":"2011-04-08T15:41:00+00:00","article_modified_time":"2020-03-08T06:32:03+00:00","og_image":[{"width":300,"height":300,"url":"https:\/\/www.carideal.com\/blog\/wp-content\/uploads\/2016\/03\/logo-carideal-mandataire-automobile.png","type":"image\/png"}],"author":"N.S Carideal","twitter_card":"summary_large_image","twitter_creator":"@caridealauto","twitter_site":"@caridealauto","twitter_misc":{"\u00c9crit par":"N.S Carideal","Dur\u00e9e de lecture estim\u00e9e":"1 minute"},"schema":{"@context":"https:\/\/schema.org","@graph":[{"@type":"Article","@id":"https:\/\/www.carideal.com\/blog\/2011\/04\/08\/3-radars-a-bourg-les-valences-sur-autoroute-marseille-lyon\/#article","isPartOf":{"@id":"https:\/\/www.carideal.com\/blog\/2011\/04\/08\/3-radars-a-bourg-les-valences-sur-autoroute-marseille-lyon\/"},"author":{"name":"N.S Carideal","@id":"https:\/\/www.carideal.com\/blog\/#\/schema\/person\/985c7e757d1042d647f21bfaf8d41ebc"},"headline":"Radars Bourg les Valences autoroute Marseille Lyon","datePublished":"2011-04-08T15:41:00+00:00","dateModified":"2020-03-08T06:32:03+00:00","mainEntityOfPage":{"@id":"https:\/\/www.carideal.com\/blog\/2011\/04\/08\/3-radars-a-bourg-les-valences-sur-autoroute-marseille-lyon\/"},"wordCount":263,"commentCount":0,"publisher":{"@id":"https:\/\/www.carideal.com\/blog\/#organization"},"articleSection":["Radar et s\u00e9curit\u00e9 routi\u00e8re"],"inLanguage":"fr-FR","potentialAction":[{"@type":"CommentAction","name":"Comment","target":["https:\/\/www.carideal.com\/blog\/2011\/04\/08\/3-radars-a-bourg-les-valences-sur-autoroute-marseille-lyon\/#respond"]}]},{"@type":"WebPage","@id":"https:\/\/www.carideal.com\/blog\/2011\/04\/08\/3-radars-a-bourg-les-valences-sur-autoroute-marseille-lyon\/","url":"https:\/\/www.carideal.com\/blog\/2011\/04\/08\/3-radars-a-bourg-les-valences-sur-autoroute-marseille-lyon\/","name":"Radars Bourg les Valences autoroute Marseille Lyon - Blog auto Carid\u00e9al","isPartOf":{"@id":"https:\/\/www.carideal.com\/blog\/#website"},"datePublished":"2011-04-08T15:41:00+00:00","dateModified":"2020-03-08T06:32:03+00:00","description":"Radars Bourg les Valences : 3 Radars fixes install\u00e9s sur l'autoroute. Voil\u00e0 j'ai re\u00e7us ce matin ce faire part de naissance","breadcrumb":{"@id":"https:\/\/www.carideal.com\/blog\/2011\/04\/08\/3-radars-a-bourg-les-valences-sur-autoroute-marseille-lyon\/#breadcrumb"},"inLanguage":"fr-FR","potentialAction":[{"@type":"ReadAction","target":["https:\/\/www.carideal.com\/blog\/2011\/04\/08\/3-radars-a-bourg-les-valences-sur-autoroute-marseille-lyon\/"]}]},{"@type":"BreadcrumbList","@id":"https:\/\/www.carideal.com\/blog\/2011\/04\/08\/3-radars-a-bourg-les-valences-sur-autoroute-marseille-lyon\/#breadcrumb","itemListElement":[{"@type":"ListItem","position":1,"name":"Blog Carid\u00e9al","item":"https:\/\/www.carideal.com\/blog\/"},{"@type":"ListItem","position":2,"name":"Radar et s\u00e9curit\u00e9 routi\u00e8re","item":"https:\/\/www.carideal.com\/blog\/radar-et-securite-routiere\/"},{"@type":"ListItem","position":3,"name":"Radars Bourg les Valences autoroute Marseille Lyon"}]},{"@type":"WebSite","@id":"https:\/\/www.carideal.com\/blog\/#website","url":"https:\/\/www.carideal.com\/blog\/","name":"Blog auto Carid\u00e9al","description":"Actualit\u00e9 auto par des passionn\u00e9s","publisher":{"@id":"https:\/\/www.carideal.com\/blog\/#organization"},"potentialAction":[{"@type":"SearchAction","target":{"@type":"EntryPoint","urlTemplate":"https:\/\/www.carideal.com\/blog\/?s={search_term_string}"},"query-input":{"@type":"PropertyValueSpecification","valueRequired":true,"valueName":"search_term_string"}}],"inLanguage":"fr-FR"},{"@type":"Organization","@id":"https:\/\/www.carideal.com\/blog\/#organization","name":"Carideal","url":"https:\/\/www.carideal.com\/blog\/","logo":{"@type":"ImageObject","inLanguage":"fr-FR","@id":"https:\/\/www.carideal.com\/blog\/#\/schema\/logo\/image\/","url":"http:\/\/www.carideal.com\/blog\/wp-content\/uploads\/2016\/03\/logo-carideal-mandataire-automobile.png","contentUrl":"http:\/\/www.carideal.com\/blog\/wp-content\/uploads\/2016\/03\/logo-carideal-mandataire-automobile.png","width":300,"height":300,"caption":"Carideal"},"image":{"@id":"https:\/\/www.carideal.com\/blog\/#\/schema\/logo\/image\/"},"sameAs":["https:\/\/www.facebook.com\/Carideal.mandataire.automobile","https:\/\/x.com\/caridealauto","https:\/\/www.instagram.com\/carideal1\/","https:\/\/www.linkedin.com\/company\/carideal.com","https:\/\/fr.pinterest.com\/schiavonsas\/","https:\/\/www.youtube.com\/user\/caridealsas"]},{"@type":"Person","@id":"https:\/\/www.carideal.com\/blog\/#\/schema\/person\/985c7e757d1042d647f21bfaf8d41ebc","name":"N.S Carideal","image":{"@type":"ImageObject","inLanguage":"fr-FR","@id":"https:\/\/www.carideal.com\/blog\/#\/schema\/person\/image\/","url":"https:\/\/secure.gravatar.com\/avatar\/edb7ccdf1a4e3d14aef967760d354d0e?s=96&r=g","contentUrl":"https:\/\/secure.gravatar.com\/avatar\/edb7ccdf1a4e3d14aef967760d354d0e?s=96&r=g","caption":"N.S Carideal"},"description":"Depuis tout petit fan d'automobile. Il est question d'essayer et de comparer toutes ces voitures qui nous ont fait r\u00e9ver, avant que celles-ci ne devient uniquement des voitures de collection.","sameAs":["http:\/\/www.carideal.com\/blog","https:\/\/www.facebook.com\/Carideal.mandataire.automobile\/","https:\/\/www.linkedin.com\/in\/nschiavon\/","https:\/\/www.youtube.com\/user\/caridealsas\/"],"url":"https:\/\/www.carideal.com\/blog\/author\/admin_carideal\/"}]}},"uagb_featured_image_src":{"full":false,"thumbnail":false,"medium":false,"medium_large":false,"large":false,"1536x1536":false,"2048x2048":false,"wppr-widget":false},"uagb_author_info":{"display_name":"N.S Carideal","author_link":"https:\/\/www.carideal.com\/blog\/author\/admin_carideal\/"},"uagb_comment_info":0,"uagb_excerpt":"3 radars Fixes \u00e0\u00a0Bourg les Valences sur l'autoroute de Marseille Lyon\u00a0 Radars Bourg les Valences : 3 Radars fixes install\u00e9s sur l'autoroute. Voil\u00e0 j'ai re\u00e7us ce matin ce faire part de naissance \" J'ai le privil\u00e8ge de vous faire-part de la naissance de tripl\u00e9s. Eh oui, sur l'autoroute \u00e0 Bourg-l\u00e8s-Valence, dans le sens Marseille-Lyon. Je\u2026","_links":{"self":[{"href":"https:\/\/www.carideal.com\/blog\/wp-json\/wp\/v2\/posts\/1615"}],"collection":[{"href":"https:\/\/www.carideal.com\/blog\/wp-json\/wp\/v2\/posts"}],"about":[{"href":"https:\/\/www.carideal.com\/blog\/wp-json\/wp\/v2\/types\/post"}],"author":[{"embeddable":true,"href":"https:\/\/www.carideal.com\/blog\/wp-json\/wp\/v2\/users\/1"}],"replies":[{"embeddable":true,"href":"https:\/\/www.carideal.com\/blog\/wp-json\/wp\/v2\/comments?post=1615"}],"version-history":[{"count":0,"href":"https:\/\/www.carideal.com\/blog\/wp-json\/wp\/v2\/posts\/1615\/revisions"}],"wp:attachment":[{"href":"https:\/\/www.carideal.com\/blog\/wp-json\/wp\/v2\/media?parent=1615"}],"wp:term":[{"taxonomy":"category","embeddable":true,"href":"https:\/\/www.carideal.com\/blog\/wp-json\/wp\/v2\/categories?post=1615"},{"taxonomy":"post_tag","embeddable":true,"href":"https:\/\/www.carideal.com\/blog\/wp-json\/wp\/v2\/tags?post=1615"}],"curies":[{"name":"wp","href":"https:\/\/api.w.org\/{rel}","templated":true}]}}