{"id":1612,"date":"2011-03-11T17:47:00","date_gmt":"2011-03-11T17:47:00","guid":{"rendered":"http:\/\/carideal.com\/blog\/?p=1612"},"modified":"2020-03-12T08:27:00","modified_gmt":"2020-03-12T07:27:00","slug":"la-hollande-souhaiterait-remonter-sa-vitesse-sur-autoroute-a-130-kmh","status":"publish","type":"post","link":"https:\/\/www.carideal.com\/blog\/2011\/03\/11\/la-hollande-souhaiterait-remonter-sa-vitesse-sur-autoroute-a-130-kmh\/","title":{"rendered":"Vitesse sur autoroute en Hollande : bient\u00f4t 130 km\/h ?"},"content":{"rendered":"<figure id=\"attachment_12322\" aria-describedby=\"caption-attachment-12322\" style=\"width: 290px\" class=\"wp-caption alignleft\"><a href=\"http:\/\/www.carideal.com\/blog\/wp-content\/uploads\/2011\/03\/Vitesse-sur-autoroute-en-Hollande.jpg\"><img loading=\"lazy\" decoding=\"async\" class=\"size-medium wp-image-12322\" src=\"http:\/\/www.carideal.com\/blog\/wp-content\/uploads\/2011\/03\/Vitesse-sur-autoroute-en-Hollande-300x297.jpg\" alt=\"Vitesse sur autoroute en Hollande\" width=\"300\" height=\"297\" srcset=\"https:\/\/www.carideal.com\/blog\/wp-content\/uploads\/2011\/03\/Vitesse-sur-autoroute-en-Hollande-300x297.jpg 300w, https:\/\/www.carideal.com\/blog\/wp-content\/uploads\/2011\/03\/Vitesse-sur-autoroute-en-Hollande-150x150.jpg 150w, https:\/\/www.carideal.com\/blog\/wp-content\/uploads\/2011\/03\/Vitesse-sur-autoroute-en-Hollande.jpg 448w\" sizes=\"(max-width: 300px) 100vw, 300px\" \/><\/a><figcaption id=\"caption-attachment-12322\" class=\"wp-caption-text\">Vitesse sur autoroute en Hollande<\/figcaption><\/figure>\n<h1>La Hollande souhaite remonter sa limitation de vitesse sur autoroute \u00e0 130 km\/h<\/h1>\n<p><strong>Vitesse sur autoroute en Hollande :<\/strong> La <span style=\"text-decoration: underline;\">pr\u00e9vention routi\u00e8re<\/span> et certaines associations en France souhaiterait <span style=\"text-decoration: underline;\">abaisser la vitesse maxi<\/span>, l'Espagne vient de le faire afin de limiter la consommation de carburant et de faire des \u00e9conomies, la Hollande, elle veut la remonter de 10 km\/h ! Voir de 30 !<\/p>\n<p>Le ministre des Transports Melanie Schultz van Haegen est en train d'\u00e9laborer une l\u00e9gislation permettant aux automobilistes de conduire \u00e0 130 km\/h sur une partie de l'autoroute A2 en Hollande, pendant\u00a0la nuit, a-t-elle dit \u00e0 Radio 1 ce vendredi. Cette semaine, le journal Telegraaf a lanc\u00e9 une campagne pour que la <span style=\"text-decoration: underline;\">limitation de vitesse<\/span> sur autoroute en Hollande soit\u00a0augment\u00e9e, apr\u00e8s que la police ai d\u00e9voil\u00e9e sont intention d'effectuer\u00a0des contr\u00f4les de vitesse sur une partie de l'<span style=\"text-decoration: underline;\">autoroute<\/span> d'une largeur de cinq voies dans les deux sens. L'autoroute est\u00a0limit\u00e9e\u00a0\u00e0 100 km\/h, actuellement m\u00eame la nuit. La ministre a d\u00e9clar\u00e9 \u00e0 la radio qu'elle comprenait la frustration des gens : \u00abIls voient une route large d\u00e9serte, et alors la limitation \u00e0 seulement 100 km\/h est difficilement comprenable et acceptable.<\/p>\n<h2>La plus route la plus large de Hollande.<\/h2>\n<p>L'augmentation de la limite de vitesse sur autoroute en Hollande entre 19.00h et\u00a006,00 heures ne sera valable que sur un troncon de l'autoroute A2 entre Vinkeveen et Maarssen. Cette partie de\u00a0l'autoroute\u00a0A2 est l'autoroute la plus large en Hollande. La limite de 100 km\/h\u00a0a \u00e9t\u00e9 convenu avec les conseils locaux afin de r\u00e9duire et controller le bruit et la pollution de l'environnement. La ministre a dit que les nouveaux murs \"barri\u00e8re de son\" et d'autres mesures encore, permettront aux automobilistes de conduire plus rapidement tout en respectant ces accords. Le Parlement se prononcera sur le plan propos\u00e9 apr\u00e8s les vacances d'\u00e9t\u00e9 en Septembre. \u00cates-vous d'accord avec les limites de vitesse plus \u00e9lev\u00e9es sur les routes tranquilles ? Exprimez-vous en utilisant le formulaire de commentaire ci-dessous.<\/p>\n<p>Mise \u00e0 jour 10-02-2016<\/p>\n<p>Du vendredi 5 F\u00e9vrier 19 routes verront leur\u00a0limitation de vitesse augmenter \u00e0\u00a0130 kilom\u00e8tres par heure, y compris les parties de l'A1, A27, A28 et A58. En mai les automobilistes seront autoris\u00e9s \u00e0 conduire \u00e0 130 kilom\u00e8tres par heure au cours de la soir\u00e9e sur l'ensemble du parcours de A2, entre Amsterdam et Utrecht.<\/p>\n<p>La limite de vitesse pour les heures de nuit\u00a0sur l'A2 entre Holendrecht et Vinkeveen sera port\u00e9e \u00e0 130 km \/ h a annonc\u00e9 Jeudi lea ministre du transport M\u00e9lanie\u00a0Schultz van Haegen. Cette d\u00e9cision sera inspect\u00e9 le 18 F\u00e9vrier et, si tout va bien, sera mis en \u0153uvre \u00e0 la mi-mai.<\/p>\n<p>Le fait que la portion d'autoroute\u00a0de l'A2 entre Holendrecht et Vinkeveen a encore une limite de vitesse de 100 km \/ h, et ce, m\u00eame dans la soir\u00e9e, provoque beaucoup de confusion et repr\u00e9sente des dizaines de millions d'euros d'amende\u00a0par an. Une fois cette limitation de vitesse relev\u00e9e, la limite de vitesse en soir\u00e9e, de\u00a019h00 \u00e0 06:00 pour l'ensemble de l'A2, entre Amsterdam et Utrecht sera de 130 km \/ h.<\/p>\n","protected":false},"excerpt":{"rendered":"<p>La Hollande souhaite remonter sa limitation de vitesse sur autoroute \u00e0 130 km\/h Vitesse sur autoroute en Hollande : La pr\u00e9vention routi\u00e8re et certaines associations en France souhaiterait abaisser la vitesse maxi, l&rsquo;Espagne vient de le faire afin de limiter la consommation de carburant et de faire des \u00e9conomies, la Hollande, elle veut la remonter &#8230; <a title=\"Vitesse sur autoroute en Hollande : bient\u00f4t 130 km\/h ?\" class=\"read-more\" href=\"https:\/\/www.carideal.com\/blog\/2011\/03\/11\/la-hollande-souhaiterait-remonter-sa-vitesse-sur-autoroute-a-130-kmh\/\" aria-label=\"En savoir plus sur Vitesse sur autoroute en Hollande : bient\u00f4t 130 km\/h ?\">Lire plus<\/a><\/p>\n","protected":false},"author":1,"featured_media":0,"comment_status":"open","ping_status":"open","sticky":false,"template":"","format":"standard","meta":{"_uag_custom_page_level_css":"","_themeisle_gutenberg_block_has_review":false,"footnotes":""},"categories":[3,9,5962,15],"tags":[4315],"class_list":["post-1612","post","type-post","status-publish","format-standard","hentry","category-actualites-financieres","category-divers","category-legislation","category-radar-et-securite-routiere","tag-prevention-routiere"],"wppr_data":[],"yoast_head":"<!-- This site is optimized with the Yoast SEO plugin v24.8.1 - https:\/\/yoast.com\/wordpress\/plugins\/seo\/ -->\n<title>Vitesse sur autoroute en Hollande : bient\u00f4t 130 km\/h ? - Blog auto Carid\u00e9al<\/title>\n<meta name=\"description\" content=\"Vitesse sur autoroute en Hollande : La pr\u00e9vention routi\u00e8re et certaines associations souhaiterait l&#039;abaisser la Hollande veut la remonter de 30 km\/h !\" \/>\n<meta name=\"robots\" content=\"index, follow, max-snippet:-1, max-image-preview:large, max-video-preview:-1\" \/>\n<link rel=\"canonical\" href=\"https:\/\/www.carideal.com\/blog\/2011\/03\/11\/la-hollande-souhaiterait-remonter-sa-vitesse-sur-autoroute-a-130-kmh\/\" \/>\n<meta property=\"og:locale\" content=\"fr_FR\" \/>\n<meta property=\"og:type\" content=\"article\" \/>\n<meta property=\"og:title\" content=\"Vitesse sur autoroute en Hollande : bient\u00f4t 130 km\/h ? - Blog auto Carid\u00e9al\" \/>\n<meta property=\"og:description\" content=\"Vitesse sur autoroute en Hollande : La pr\u00e9vention routi\u00e8re et certaines associations souhaiterait l&#039;abaisser la Hollande veut la remonter de 30 km\/h !\" \/>\n<meta property=\"og:url\" content=\"https:\/\/www.carideal.com\/blog\/2011\/03\/11\/la-hollande-souhaiterait-remonter-sa-vitesse-sur-autoroute-a-130-kmh\/\" \/>\n<meta property=\"og:site_name\" content=\"Blog auto Carid\u00e9al\" \/>\n<meta property=\"article:publisher\" content=\"https:\/\/www.facebook.com\/Carideal.mandataire.automobile\" \/>\n<meta property=\"article:author\" content=\"https:\/\/www.facebook.com\/Carideal.mandataire.automobile\/\" \/>\n<meta property=\"article:published_time\" content=\"2011-03-11T17:47:00+00:00\" \/>\n<meta property=\"article:modified_time\" content=\"2020-03-12T07:27:00+00:00\" \/>\n<meta property=\"og:image\" content=\"http:\/\/www.carideal.com\/blog\/wp-content\/uploads\/2011\/03\/Vitesse-sur-autoroute-en-Hollande-300x297.jpg\" \/>\n<meta name=\"author\" content=\"N.S Carideal\" \/>\n<meta name=\"twitter:card\" content=\"summary_large_image\" \/>\n<meta name=\"twitter:creator\" content=\"@caridealauto\" \/>\n<meta name=\"twitter:site\" content=\"@caridealauto\" \/>\n<meta name=\"twitter:label1\" content=\"\u00c9crit par\" \/>\n\t<meta name=\"twitter:data1\" content=\"N.S Carideal\" \/>\n\t<meta name=\"twitter:label2\" content=\"Dur\u00e9e de lecture estim\u00e9e\" \/>\n\t<meta name=\"twitter:data2\" content=\"3 minutes\" \/>\n<script type=\"application\/ld+json\" class=\"yoast-schema-graph\">{\"@context\":\"https:\/\/schema.org\",\"@graph\":[{\"@type\":\"Article\",\"@id\":\"https:\/\/www.carideal.com\/blog\/2011\/03\/11\/la-hollande-souhaiterait-remonter-sa-vitesse-sur-autoroute-a-130-kmh\/#article\",\"isPartOf\":{\"@id\":\"https:\/\/www.carideal.com\/blog\/2011\/03\/11\/la-hollande-souhaiterait-remonter-sa-vitesse-sur-autoroute-a-130-kmh\/\"},\"author\":{\"name\":\"N.S Carideal\",\"@id\":\"https:\/\/www.carideal.com\/blog\/#\/schema\/person\/985c7e757d1042d647f21bfaf8d41ebc\"},\"headline\":\"Vitesse sur autoroute en Hollande : bient\u00f4t 130 km\/h ?\",\"datePublished\":\"2011-03-11T17:47:00+00:00\",\"dateModified\":\"2020-03-12T07:27:00+00:00\",\"mainEntityOfPage\":{\"@id\":\"https:\/\/www.carideal.com\/blog\/2011\/03\/11\/la-hollande-souhaiterait-remonter-sa-vitesse-sur-autoroute-a-130-kmh\/\"},\"wordCount\":536,\"commentCount\":0,\"publisher\":{\"@id\":\"https:\/\/www.carideal.com\/blog\/#organization\"},\"image\":{\"@id\":\"https:\/\/www.carideal.com\/blog\/2011\/03\/11\/la-hollande-souhaiterait-remonter-sa-vitesse-sur-autoroute-a-130-kmh\/#primaryimage\"},\"thumbnailUrl\":\"http:\/\/www.carideal.com\/blog\/wp-content\/uploads\/2011\/03\/Vitesse-sur-autoroute-en-Hollande-300x297.jpg\",\"keywords\":[\"pr\u00e9vention routi\u00e8re\"],\"articleSection\":[\"Actualit\u00e9 Financi\u00e8re\",\"Divers\",\"L\u00e9gislation Automobile\",\"Radar et s\u00e9curit\u00e9 routi\u00e8re\"],\"inLanguage\":\"fr-FR\",\"potentialAction\":[{\"@type\":\"CommentAction\",\"name\":\"Comment\",\"target\":[\"https:\/\/www.carideal.com\/blog\/2011\/03\/11\/la-hollande-souhaiterait-remonter-sa-vitesse-sur-autoroute-a-130-kmh\/#respond\"]}]},{\"@type\":\"WebPage\",\"@id\":\"https:\/\/www.carideal.com\/blog\/2011\/03\/11\/la-hollande-souhaiterait-remonter-sa-vitesse-sur-autoroute-a-130-kmh\/\",\"url\":\"https:\/\/www.carideal.com\/blog\/2011\/03\/11\/la-hollande-souhaiterait-remonter-sa-vitesse-sur-autoroute-a-130-kmh\/\",\"name\":\"Vitesse sur autoroute en Hollande : bient\u00f4t 130 km\/h ? - Blog auto Carid\u00e9al\",\"isPartOf\":{\"@id\":\"https:\/\/www.carideal.com\/blog\/#website\"},\"primaryImageOfPage\":{\"@id\":\"https:\/\/www.carideal.com\/blog\/2011\/03\/11\/la-hollande-souhaiterait-remonter-sa-vitesse-sur-autoroute-a-130-kmh\/#primaryimage\"},\"image\":{\"@id\":\"https:\/\/www.carideal.com\/blog\/2011\/03\/11\/la-hollande-souhaiterait-remonter-sa-vitesse-sur-autoroute-a-130-kmh\/#primaryimage\"},\"thumbnailUrl\":\"http:\/\/www.carideal.com\/blog\/wp-content\/uploads\/2011\/03\/Vitesse-sur-autoroute-en-Hollande-300x297.jpg\",\"datePublished\":\"2011-03-11T17:47:00+00:00\",\"dateModified\":\"2020-03-12T07:27:00+00:00\",\"description\":\"Vitesse sur autoroute en Hollande : La pr\u00e9vention routi\u00e8re et certaines associations souhaiterait l'abaisser la Hollande veut la remonter de 30 km\/h !\",\"breadcrumb\":{\"@id\":\"https:\/\/www.carideal.com\/blog\/2011\/03\/11\/la-hollande-souhaiterait-remonter-sa-vitesse-sur-autoroute-a-130-kmh\/#breadcrumb\"},\"inLanguage\":\"fr-FR\",\"potentialAction\":[{\"@type\":\"ReadAction\",\"target\":[\"https:\/\/www.carideal.com\/blog\/2011\/03\/11\/la-hollande-souhaiterait-remonter-sa-vitesse-sur-autoroute-a-130-kmh\/\"]}]},{\"@type\":\"ImageObject\",\"inLanguage\":\"fr-FR\",\"@id\":\"https:\/\/www.carideal.com\/blog\/2011\/03\/11\/la-hollande-souhaiterait-remonter-sa-vitesse-sur-autoroute-a-130-kmh\/#primaryimage\",\"url\":\"http:\/\/www.carideal.com\/blog\/wp-content\/uploads\/2011\/03\/Vitesse-sur-autoroute-en-Hollande-300x297.jpg\",\"contentUrl\":\"http:\/\/www.carideal.com\/blog\/wp-content\/uploads\/2011\/03\/Vitesse-sur-autoroute-en-Hollande-300x297.jpg\"},{\"@type\":\"BreadcrumbList\",\"@id\":\"https:\/\/www.carideal.com\/blog\/2011\/03\/11\/la-hollande-souhaiterait-remonter-sa-vitesse-sur-autoroute-a-130-kmh\/#breadcrumb\",\"itemListElement\":[{\"@type\":\"ListItem\",\"position\":1,\"name\":\"Blog Carid\u00e9al\",\"item\":\"https:\/\/www.carideal.com\/blog\/\"},{\"@type\":\"ListItem\",\"position\":2,\"name\":\"Radar et s\u00e9curit\u00e9 routi\u00e8re\",\"item\":\"https:\/\/www.carideal.com\/blog\/radar-et-securite-routiere\/\"},{\"@type\":\"ListItem\",\"position\":3,\"name\":\"Vitesse sur autoroute en Hollande : bient\u00f4t 130 km\/h ?\"}]},{\"@type\":\"WebSite\",\"@id\":\"https:\/\/www.carideal.com\/blog\/#website\",\"url\":\"https:\/\/www.carideal.com\/blog\/\",\"name\":\"Blog auto Carid\u00e9al\",\"description\":\"Actualit\u00e9 auto par des passionn\u00e9s\",\"publisher\":{\"@id\":\"https:\/\/www.carideal.com\/blog\/#organization\"},\"potentialAction\":[{\"@type\":\"SearchAction\",\"target\":{\"@type\":\"EntryPoint\",\"urlTemplate\":\"https:\/\/www.carideal.com\/blog\/?s={search_term_string}\"},\"query-input\":{\"@type\":\"PropertyValueSpecification\",\"valueRequired\":true,\"valueName\":\"search_term_string\"}}],\"inLanguage\":\"fr-FR\"},{\"@type\":\"Organization\",\"@id\":\"https:\/\/www.carideal.com\/blog\/#organization\",\"name\":\"Carideal\",\"url\":\"https:\/\/www.carideal.com\/blog\/\",\"logo\":{\"@type\":\"ImageObject\",\"inLanguage\":\"fr-FR\",\"@id\":\"https:\/\/www.carideal.com\/blog\/#\/schema\/logo\/image\/\",\"url\":\"http:\/\/www.carideal.com\/blog\/wp-content\/uploads\/2016\/03\/logo-carideal-mandataire-automobile.png\",\"contentUrl\":\"http:\/\/www.carideal.com\/blog\/wp-content\/uploads\/2016\/03\/logo-carideal-mandataire-automobile.png\",\"width\":300,\"height\":300,\"caption\":\"Carideal\"},\"image\":{\"@id\":\"https:\/\/www.carideal.com\/blog\/#\/schema\/logo\/image\/\"},\"sameAs\":[\"https:\/\/www.facebook.com\/Carideal.mandataire.automobile\",\"https:\/\/x.com\/caridealauto\",\"https:\/\/www.instagram.com\/carideal1\/\",\"https:\/\/www.linkedin.com\/company\/carideal.com\",\"https:\/\/fr.pinterest.com\/schiavonsas\/\",\"https:\/\/www.youtube.com\/user\/caridealsas\"]},{\"@type\":\"Person\",\"@id\":\"https:\/\/www.carideal.com\/blog\/#\/schema\/person\/985c7e757d1042d647f21bfaf8d41ebc\",\"name\":\"N.S Carideal\",\"image\":{\"@type\":\"ImageObject\",\"inLanguage\":\"fr-FR\",\"@id\":\"https:\/\/www.carideal.com\/blog\/#\/schema\/person\/image\/\",\"url\":\"https:\/\/secure.gravatar.com\/avatar\/edb7ccdf1a4e3d14aef967760d354d0e?s=96&r=g\",\"contentUrl\":\"https:\/\/secure.gravatar.com\/avatar\/edb7ccdf1a4e3d14aef967760d354d0e?s=96&r=g\",\"caption\":\"N.S Carideal\"},\"description\":\"Depuis tout petit fan d'automobile. Il est question d'essayer et de comparer toutes ces voitures qui nous ont fait r\u00e9ver, avant que celles-ci ne devient uniquement des voitures de collection.\",\"sameAs\":[\"http:\/\/www.carideal.com\/blog\",\"https:\/\/www.facebook.com\/Carideal.mandataire.automobile\/\",\"https:\/\/www.linkedin.com\/in\/nschiavon\/\",\"https:\/\/www.youtube.com\/user\/caridealsas\/\"],\"url\":\"https:\/\/www.carideal.com\/blog\/author\/admin_carideal\/\"}]}<\/script>\n<!-- \/ Yoast SEO plugin. -->","yoast_head_json":{"title":"Vitesse sur autoroute en Hollande : bient\u00f4t 130 km\/h ? - Blog auto Carid\u00e9al","description":"Vitesse sur autoroute en Hollande : La pr\u00e9vention routi\u00e8re et certaines associations souhaiterait l'abaisser la Hollande veut la remonter de 30 km\/h !","robots":{"index":"index","follow":"follow","max-snippet":"max-snippet:-1","max-image-preview":"max-image-preview:large","max-video-preview":"max-video-preview:-1"},"canonical":"https:\/\/www.carideal.com\/blog\/2011\/03\/11\/la-hollande-souhaiterait-remonter-sa-vitesse-sur-autoroute-a-130-kmh\/","og_locale":"fr_FR","og_type":"article","og_title":"Vitesse sur autoroute en Hollande : bient\u00f4t 130 km\/h ? - Blog auto Carid\u00e9al","og_description":"Vitesse sur autoroute en Hollande : La pr\u00e9vention routi\u00e8re et certaines associations souhaiterait l'abaisser la Hollande veut la remonter de 30 km\/h !","og_url":"https:\/\/www.carideal.com\/blog\/2011\/03\/11\/la-hollande-souhaiterait-remonter-sa-vitesse-sur-autoroute-a-130-kmh\/","og_site_name":"Blog auto Carid\u00e9al","article_publisher":"https:\/\/www.facebook.com\/Carideal.mandataire.automobile","article_author":"https:\/\/www.facebook.com\/Carideal.mandataire.automobile\/","article_published_time":"2011-03-11T17:47:00+00:00","article_modified_time":"2020-03-12T07:27:00+00:00","og_image":[{"url":"http:\/\/www.carideal.com\/blog\/wp-content\/uploads\/2011\/03\/Vitesse-sur-autoroute-en-Hollande-300x297.jpg","type":"","width":"","height":""}],"author":"N.S Carideal","twitter_card":"summary_large_image","twitter_creator":"@caridealauto","twitter_site":"@caridealauto","twitter_misc":{"\u00c9crit par":"N.S Carideal","Dur\u00e9e de lecture estim\u00e9e":"3 minutes"},"schema":{"@context":"https:\/\/schema.org","@graph":[{"@type":"Article","@id":"https:\/\/www.carideal.com\/blog\/2011\/03\/11\/la-hollande-souhaiterait-remonter-sa-vitesse-sur-autoroute-a-130-kmh\/#article","isPartOf":{"@id":"https:\/\/www.carideal.com\/blog\/2011\/03\/11\/la-hollande-souhaiterait-remonter-sa-vitesse-sur-autoroute-a-130-kmh\/"},"author":{"name":"N.S Carideal","@id":"https:\/\/www.carideal.com\/blog\/#\/schema\/person\/985c7e757d1042d647f21bfaf8d41ebc"},"headline":"Vitesse sur autoroute en Hollande : bient\u00f4t 130 km\/h ?","datePublished":"2011-03-11T17:47:00+00:00","dateModified":"2020-03-12T07:27:00+00:00","mainEntityOfPage":{"@id":"https:\/\/www.carideal.com\/blog\/2011\/03\/11\/la-hollande-souhaiterait-remonter-sa-vitesse-sur-autoroute-a-130-kmh\/"},"wordCount":536,"commentCount":0,"publisher":{"@id":"https:\/\/www.carideal.com\/blog\/#organization"},"image":{"@id":"https:\/\/www.carideal.com\/blog\/2011\/03\/11\/la-hollande-souhaiterait-remonter-sa-vitesse-sur-autoroute-a-130-kmh\/#primaryimage"},"thumbnailUrl":"http:\/\/www.carideal.com\/blog\/wp-content\/uploads\/2011\/03\/Vitesse-sur-autoroute-en-Hollande-300x297.jpg","keywords":["pr\u00e9vention routi\u00e8re"],"articleSection":["Actualit\u00e9 Financi\u00e8re","Divers","L\u00e9gislation Automobile","Radar et s\u00e9curit\u00e9 routi\u00e8re"],"inLanguage":"fr-FR","potentialAction":[{"@type":"CommentAction","name":"Comment","target":["https:\/\/www.carideal.com\/blog\/2011\/03\/11\/la-hollande-souhaiterait-remonter-sa-vitesse-sur-autoroute-a-130-kmh\/#respond"]}]},{"@type":"WebPage","@id":"https:\/\/www.carideal.com\/blog\/2011\/03\/11\/la-hollande-souhaiterait-remonter-sa-vitesse-sur-autoroute-a-130-kmh\/","url":"https:\/\/www.carideal.com\/blog\/2011\/03\/11\/la-hollande-souhaiterait-remonter-sa-vitesse-sur-autoroute-a-130-kmh\/","name":"Vitesse sur autoroute en Hollande : bient\u00f4t 130 km\/h ? - Blog auto Carid\u00e9al","isPartOf":{"@id":"https:\/\/www.carideal.com\/blog\/#website"},"primaryImageOfPage":{"@id":"https:\/\/www.carideal.com\/blog\/2011\/03\/11\/la-hollande-souhaiterait-remonter-sa-vitesse-sur-autoroute-a-130-kmh\/#primaryimage"},"image":{"@id":"https:\/\/www.carideal.com\/blog\/2011\/03\/11\/la-hollande-souhaiterait-remonter-sa-vitesse-sur-autoroute-a-130-kmh\/#primaryimage"},"thumbnailUrl":"http:\/\/www.carideal.com\/blog\/wp-content\/uploads\/2011\/03\/Vitesse-sur-autoroute-en-Hollande-300x297.jpg","datePublished":"2011-03-11T17:47:00+00:00","dateModified":"2020-03-12T07:27:00+00:00","description":"Vitesse sur autoroute en Hollande : La pr\u00e9vention routi\u00e8re et certaines associations souhaiterait l'abaisser la Hollande veut la remonter de 30 km\/h !","breadcrumb":{"@id":"https:\/\/www.carideal.com\/blog\/2011\/03\/11\/la-hollande-souhaiterait-remonter-sa-vitesse-sur-autoroute-a-130-kmh\/#breadcrumb"},"inLanguage":"fr-FR","potentialAction":[{"@type":"ReadAction","target":["https:\/\/www.carideal.com\/blog\/2011\/03\/11\/la-hollande-souhaiterait-remonter-sa-vitesse-sur-autoroute-a-130-kmh\/"]}]},{"@type":"ImageObject","inLanguage":"fr-FR","@id":"https:\/\/www.carideal.com\/blog\/2011\/03\/11\/la-hollande-souhaiterait-remonter-sa-vitesse-sur-autoroute-a-130-kmh\/#primaryimage","url":"http:\/\/www.carideal.com\/blog\/wp-content\/uploads\/2011\/03\/Vitesse-sur-autoroute-en-Hollande-300x297.jpg","contentUrl":"http:\/\/www.carideal.com\/blog\/wp-content\/uploads\/2011\/03\/Vitesse-sur-autoroute-en-Hollande-300x297.jpg"},{"@type":"BreadcrumbList","@id":"https:\/\/www.carideal.com\/blog\/2011\/03\/11\/la-hollande-souhaiterait-remonter-sa-vitesse-sur-autoroute-a-130-kmh\/#breadcrumb","itemListElement":[{"@type":"ListItem","position":1,"name":"Blog Carid\u00e9al","item":"https:\/\/www.carideal.com\/blog\/"},{"@type":"ListItem","position":2,"name":"Radar et s\u00e9curit\u00e9 routi\u00e8re","item":"https:\/\/www.carideal.com\/blog\/radar-et-securite-routiere\/"},{"@type":"ListItem","position":3,"name":"Vitesse sur autoroute en Hollande : bient\u00f4t 130 km\/h ?"}]},{"@type":"WebSite","@id":"https:\/\/www.carideal.com\/blog\/#website","url":"https:\/\/www.carideal.com\/blog\/","name":"Blog auto Carid\u00e9al","description":"Actualit\u00e9 auto par des passionn\u00e9s","publisher":{"@id":"https:\/\/www.carideal.com\/blog\/#organization"},"potentialAction":[{"@type":"SearchAction","target":{"@type":"EntryPoint","urlTemplate":"https:\/\/www.carideal.com\/blog\/?s={search_term_string}"},"query-input":{"@type":"PropertyValueSpecification","valueRequired":true,"valueName":"search_term_string"}}],"inLanguage":"fr-FR"},{"@type":"Organization","@id":"https:\/\/www.carideal.com\/blog\/#organization","name":"Carideal","url":"https:\/\/www.carideal.com\/blog\/","logo":{"@type":"ImageObject","inLanguage":"fr-FR","@id":"https:\/\/www.carideal.com\/blog\/#\/schema\/logo\/image\/","url":"http:\/\/www.carideal.com\/blog\/wp-content\/uploads\/2016\/03\/logo-carideal-mandataire-automobile.png","contentUrl":"http:\/\/www.carideal.com\/blog\/wp-content\/uploads\/2016\/03\/logo-carideal-mandataire-automobile.png","width":300,"height":300,"caption":"Carideal"},"image":{"@id":"https:\/\/www.carideal.com\/blog\/#\/schema\/logo\/image\/"},"sameAs":["https:\/\/www.facebook.com\/Carideal.mandataire.automobile","https:\/\/x.com\/caridealauto","https:\/\/www.instagram.com\/carideal1\/","https:\/\/www.linkedin.com\/company\/carideal.com","https:\/\/fr.pinterest.com\/schiavonsas\/","https:\/\/www.youtube.com\/user\/caridealsas"]},{"@type":"Person","@id":"https:\/\/www.carideal.com\/blog\/#\/schema\/person\/985c7e757d1042d647f21bfaf8d41ebc","name":"N.S Carideal","image":{"@type":"ImageObject","inLanguage":"fr-FR","@id":"https:\/\/www.carideal.com\/blog\/#\/schema\/person\/image\/","url":"https:\/\/secure.gravatar.com\/avatar\/edb7ccdf1a4e3d14aef967760d354d0e?s=96&r=g","contentUrl":"https:\/\/secure.gravatar.com\/avatar\/edb7ccdf1a4e3d14aef967760d354d0e?s=96&r=g","caption":"N.S Carideal"},"description":"Depuis tout petit fan d'automobile. Il est question d'essayer et de comparer toutes ces voitures qui nous ont fait r\u00e9ver, avant que celles-ci ne devient uniquement des voitures de collection.","sameAs":["http:\/\/www.carideal.com\/blog","https:\/\/www.facebook.com\/Carideal.mandataire.automobile\/","https:\/\/www.linkedin.com\/in\/nschiavon\/","https:\/\/www.youtube.com\/user\/caridealsas\/"],"url":"https:\/\/www.carideal.com\/blog\/author\/admin_carideal\/"}]}},"uagb_featured_image_src":{"full":false,"thumbnail":false,"medium":false,"medium_large":false,"large":false,"1536x1536":false,"2048x2048":false,"wppr-widget":false},"uagb_author_info":{"display_name":"N.S Carideal","author_link":"https:\/\/www.carideal.com\/blog\/author\/admin_carideal\/"},"uagb_comment_info":0,"uagb_excerpt":"La Hollande souhaite remonter sa limitation de vitesse sur autoroute \u00e0 130 km\/h Vitesse sur autoroute en Hollande : La pr\u00e9vention routi\u00e8re et certaines associations en France souhaiterait abaisser la vitesse maxi, l'Espagne vient de le faire afin de limiter la consommation de carburant et de faire des \u00e9conomies, la Hollande, elle veut la remonter\u2026","_links":{"self":[{"href":"https:\/\/www.carideal.com\/blog\/wp-json\/wp\/v2\/posts\/1612"}],"collection":[{"href":"https:\/\/www.carideal.com\/blog\/wp-json\/wp\/v2\/posts"}],"about":[{"href":"https:\/\/www.carideal.com\/blog\/wp-json\/wp\/v2\/types\/post"}],"author":[{"embeddable":true,"href":"https:\/\/www.carideal.com\/blog\/wp-json\/wp\/v2\/users\/1"}],"replies":[{"embeddable":true,"href":"https:\/\/www.carideal.com\/blog\/wp-json\/wp\/v2\/comments?post=1612"}],"version-history":[{"count":0,"href":"https:\/\/www.carideal.com\/blog\/wp-json\/wp\/v2\/posts\/1612\/revisions"}],"wp:attachment":[{"href":"https:\/\/www.carideal.com\/blog\/wp-json\/wp\/v2\/media?parent=1612"}],"wp:term":[{"taxonomy":"category","embeddable":true,"href":"https:\/\/www.carideal.com\/blog\/wp-json\/wp\/v2\/categories?post=1612"},{"taxonomy":"post_tag","embeddable":true,"href":"https:\/\/www.carideal.com\/blog\/wp-json\/wp\/v2\/tags?post=1612"}],"curies":[{"name":"wp","href":"https:\/\/api.w.org\/{rel}","templated":true}]}}