{"id":1610,"date":"2011-02-06T17:38:00","date_gmt":"2011-02-06T17:38:00","guid":{"rendered":"http:\/\/carideal.com\/blog\/?p=1610"},"modified":"2017-02-06T18:11:35","modified_gmt":"2017-02-06T17:11:35","slug":"future-permis-des-poursuites-dans-tous-les-pays-d-europe","status":"publish","type":"post","link":"https:\/\/www.carideal.com\/blog\/2011\/02\/06\/future-permis-des-poursuites-dans-tous-les-pays-d-europe\/","title":{"rendered":"Future permis : Des poursuites dans tous les pays d europe"},"content":{"rendered":"<p><img decoding=\"async\" title=\"permis de conduire \u00e0 points 2 ans, d\u00e9c. 2010\" src=\"\/blog\/public\/.permis-a-points-carideal_m.jpg\" alt=\"permis de conduire \u00e0 points 2 ans\" \/><\/p>\n<h1><strong>Avec le future permis, des poursuites dans tous les pays d'europe.<\/strong><\/h1>\n<p>Un projet de directive est en effet en gestation au sein de la commission europ\u00e9enne, avec une application pr\u00e9vue pour 2013. Siim Kallas, vice pr\u00e9sident de la commission europ\u00e9enne en charge des transports, a fait savoir qu'il ne voulait plus d'impunit\u00e9 pour les infractions commises \u00e0 l'\u00e9tranger.<br \/>\n8 infractions seront passibles de poursuites quel que soit le pays o\u00f9 elles elles ont \u00e9t\u00e9 commises\u00a0: exc\u00e8s de vitesse, non port de la ceinture, feu grill\u00e9, conduite en \u00e9tat d'ivresse, t\u00e9l\u00e9phone au volant, circulation sur la bande d'arr\u00eat d'urgence, conduite sous l'emprise de stup\u00e9fiants, conduite sans casque. On va donc pouvoir perdre les points de son permis partout en Europe.<br \/>\n<strong>Pourtant il va se poser quelques probl\u00e8mes de droit...et le premier\u00a0: <em>\"on ne peut pas \u00eatre condamn\u00e9 sur la fois d'un document qui n'est pas r\u00e9dig\u00e9 en fran\u00e7ais\"<\/em>.<\/strong><\/p>\n<p>\/ on r\u00e9cup\u00e8re ses points en deux ans<br \/>\n\/ Permis assoupli<\/p>\n","protected":false},"excerpt":{"rendered":"<p>Avec le future permis, des poursuites dans tous les pays d&rsquo;europe. Un projet de directive est en effet en gestation au sein de la commission europ\u00e9enne, avec une application pr\u00e9vue pour 2013. Siim Kallas, vice pr\u00e9sident de la commission europ\u00e9enne en charge des transports, a fait savoir qu&rsquo;il ne voulait plus d&rsquo;impunit\u00e9 pour les infractions &#8230; <a title=\"Future permis : Des poursuites dans tous les pays d europe\" class=\"read-more\" href=\"https:\/\/www.carideal.com\/blog\/2011\/02\/06\/future-permis-des-poursuites-dans-tous-les-pays-d-europe\/\" aria-label=\"En savoir plus sur Future permis : Des poursuites dans tous les pays d europe\">Lire plus<\/a><\/p>\n","protected":false},"author":1,"featured_media":0,"comment_status":"open","ping_status":"open","sticky":false,"template":"","format":"standard","meta":{"_uag_custom_page_level_css":"","_themeisle_gutenberg_block_has_review":false,"footnotes":""},"categories":[15],"tags":[4300,2500],"class_list":["post-1610","post","type-post","status-publish","format-standard","hentry","category-radar-et-securite-routiere","tag-permis-a-point","tag-permis-de-conduire"],"wppr_data":{"cwp_meta_box_check":"No"},"yoast_head":"<!-- This site is optimized with the Yoast SEO plugin v24.8.1 - https:\/\/yoast.com\/wordpress\/plugins\/seo\/ -->\n<title>Future permis : Des poursuites dans tous les pays d europe - Blog auto Carid\u00e9al<\/title>\n<meta name=\"robots\" content=\"index, follow, max-snippet:-1, max-image-preview:large, max-video-preview:-1\" \/>\n<link rel=\"canonical\" href=\"https:\/\/www.carideal.com\/blog\/2011\/02\/06\/future-permis-des-poursuites-dans-tous-les-pays-d-europe\/\" \/>\n<meta property=\"og:locale\" content=\"fr_FR\" \/>\n<meta property=\"og:type\" content=\"article\" \/>\n<meta property=\"og:title\" content=\"Future permis : Des poursuites dans tous les pays d europe - Blog auto Carid\u00e9al\" \/>\n<meta property=\"og:description\" content=\"Avec le future permis, des poursuites dans tous les pays d&#039;europe. Un projet de directive est en effet en gestation au sein de la commission europ\u00e9enne, avec une application pr\u00e9vue pour 2013. Siim Kallas, vice pr\u00e9sident de la commission europ\u00e9enne en charge des transports, a fait savoir qu&#039;il ne voulait plus d&#039;impunit\u00e9 pour les infractions ... Lire plus\" \/>\n<meta property=\"og:url\" content=\"https:\/\/www.carideal.com\/blog\/2011\/02\/06\/future-permis-des-poursuites-dans-tous-les-pays-d-europe\/\" \/>\n<meta property=\"og:site_name\" content=\"Blog auto Carid\u00e9al\" \/>\n<meta property=\"article:publisher\" content=\"https:\/\/www.facebook.com\/Carideal.mandataire.automobile\" \/>\n<meta property=\"article:author\" content=\"https:\/\/www.facebook.com\/Carideal.mandataire.automobile\/\" \/>\n<meta property=\"article:published_time\" content=\"2011-02-06T17:38:00+00:00\" \/>\n<meta property=\"article:modified_time\" content=\"2017-02-06T17:11:35+00:00\" \/>\n<meta property=\"og:image\" content=\"https:\/\/www.carideal.com\/blog\/wp-content\/uploads\/2016\/03\/logo-carideal-mandataire-automobile.png\" \/>\n\t<meta property=\"og:image:width\" content=\"300\" \/>\n\t<meta property=\"og:image:height\" content=\"300\" \/>\n\t<meta property=\"og:image:type\" content=\"image\/png\" \/>\n<meta name=\"author\" content=\"N.S Carideal\" \/>\n<meta name=\"twitter:card\" content=\"summary_large_image\" \/>\n<meta name=\"twitter:creator\" content=\"@caridealauto\" \/>\n<meta name=\"twitter:site\" content=\"@caridealauto\" \/>\n<meta name=\"twitter:label1\" content=\"\u00c9crit par\" \/>\n\t<meta name=\"twitter:data1\" content=\"N.S Carideal\" \/>\n\t<meta name=\"twitter:label2\" content=\"Dur\u00e9e de lecture estim\u00e9e\" \/>\n\t<meta name=\"twitter:data2\" content=\"1 minute\" \/>\n<script type=\"application\/ld+json\" class=\"yoast-schema-graph\">{\"@context\":\"https:\/\/schema.org\",\"@graph\":[{\"@type\":\"Article\",\"@id\":\"https:\/\/www.carideal.com\/blog\/2011\/02\/06\/future-permis-des-poursuites-dans-tous-les-pays-d-europe\/#article\",\"isPartOf\":{\"@id\":\"https:\/\/www.carideal.com\/blog\/2011\/02\/06\/future-permis-des-poursuites-dans-tous-les-pays-d-europe\/\"},\"author\":{\"name\":\"N.S Carideal\",\"@id\":\"https:\/\/www.carideal.com\/blog\/#\/schema\/person\/985c7e757d1042d647f21bfaf8d41ebc\"},\"headline\":\"Future permis : Des poursuites dans tous les pays d europe\",\"datePublished\":\"2011-02-06T17:38:00+00:00\",\"dateModified\":\"2017-02-06T17:11:35+00:00\",\"mainEntityOfPage\":{\"@id\":\"https:\/\/www.carideal.com\/blog\/2011\/02\/06\/future-permis-des-poursuites-dans-tous-les-pays-d-europe\/\"},\"wordCount\":179,\"commentCount\":0,\"publisher\":{\"@id\":\"https:\/\/www.carideal.com\/blog\/#organization\"},\"keywords\":[\"Permis \u00e0 points\",\"Permis de conduire\"],\"articleSection\":[\"Radar et s\u00e9curit\u00e9 routi\u00e8re\"],\"inLanguage\":\"fr-FR\",\"potentialAction\":[{\"@type\":\"CommentAction\",\"name\":\"Comment\",\"target\":[\"https:\/\/www.carideal.com\/blog\/2011\/02\/06\/future-permis-des-poursuites-dans-tous-les-pays-d-europe\/#respond\"]}]},{\"@type\":\"WebPage\",\"@id\":\"https:\/\/www.carideal.com\/blog\/2011\/02\/06\/future-permis-des-poursuites-dans-tous-les-pays-d-europe\/\",\"url\":\"https:\/\/www.carideal.com\/blog\/2011\/02\/06\/future-permis-des-poursuites-dans-tous-les-pays-d-europe\/\",\"name\":\"Future permis : Des poursuites dans tous les pays d europe - Blog auto Carid\u00e9al\",\"isPartOf\":{\"@id\":\"https:\/\/www.carideal.com\/blog\/#website\"},\"datePublished\":\"2011-02-06T17:38:00+00:00\",\"dateModified\":\"2017-02-06T17:11:35+00:00\",\"breadcrumb\":{\"@id\":\"https:\/\/www.carideal.com\/blog\/2011\/02\/06\/future-permis-des-poursuites-dans-tous-les-pays-d-europe\/#breadcrumb\"},\"inLanguage\":\"fr-FR\",\"potentialAction\":[{\"@type\":\"ReadAction\",\"target\":[\"https:\/\/www.carideal.com\/blog\/2011\/02\/06\/future-permis-des-poursuites-dans-tous-les-pays-d-europe\/\"]}]},{\"@type\":\"BreadcrumbList\",\"@id\":\"https:\/\/www.carideal.com\/blog\/2011\/02\/06\/future-permis-des-poursuites-dans-tous-les-pays-d-europe\/#breadcrumb\",\"itemListElement\":[{\"@type\":\"ListItem\",\"position\":1,\"name\":\"Blog Carid\u00e9al\",\"item\":\"https:\/\/www.carideal.com\/blog\/\"},{\"@type\":\"ListItem\",\"position\":2,\"name\":\"Radar et s\u00e9curit\u00e9 routi\u00e8re\",\"item\":\"https:\/\/www.carideal.com\/blog\/radar-et-securite-routiere\/\"},{\"@type\":\"ListItem\",\"position\":3,\"name\":\"Future permis : Des poursuites dans tous les pays d europe\"}]},{\"@type\":\"WebSite\",\"@id\":\"https:\/\/www.carideal.com\/blog\/#website\",\"url\":\"https:\/\/www.carideal.com\/blog\/\",\"name\":\"Blog auto Carid\u00e9al\",\"description\":\"Actualit\u00e9 auto par des passionn\u00e9s\",\"publisher\":{\"@id\":\"https:\/\/www.carideal.com\/blog\/#organization\"},\"potentialAction\":[{\"@type\":\"SearchAction\",\"target\":{\"@type\":\"EntryPoint\",\"urlTemplate\":\"https:\/\/www.carideal.com\/blog\/?s={search_term_string}\"},\"query-input\":{\"@type\":\"PropertyValueSpecification\",\"valueRequired\":true,\"valueName\":\"search_term_string\"}}],\"inLanguage\":\"fr-FR\"},{\"@type\":\"Organization\",\"@id\":\"https:\/\/www.carideal.com\/blog\/#organization\",\"name\":\"Carideal\",\"url\":\"https:\/\/www.carideal.com\/blog\/\",\"logo\":{\"@type\":\"ImageObject\",\"inLanguage\":\"fr-FR\",\"@id\":\"https:\/\/www.carideal.com\/blog\/#\/schema\/logo\/image\/\",\"url\":\"http:\/\/www.carideal.com\/blog\/wp-content\/uploads\/2016\/03\/logo-carideal-mandataire-automobile.png\",\"contentUrl\":\"http:\/\/www.carideal.com\/blog\/wp-content\/uploads\/2016\/03\/logo-carideal-mandataire-automobile.png\",\"width\":300,\"height\":300,\"caption\":\"Carideal\"},\"image\":{\"@id\":\"https:\/\/www.carideal.com\/blog\/#\/schema\/logo\/image\/\"},\"sameAs\":[\"https:\/\/www.facebook.com\/Carideal.mandataire.automobile\",\"https:\/\/x.com\/caridealauto\",\"https:\/\/www.instagram.com\/carideal1\/\",\"https:\/\/www.linkedin.com\/company\/carideal.com\",\"https:\/\/fr.pinterest.com\/schiavonsas\/\",\"https:\/\/www.youtube.com\/user\/caridealsas\"]},{\"@type\":\"Person\",\"@id\":\"https:\/\/www.carideal.com\/blog\/#\/schema\/person\/985c7e757d1042d647f21bfaf8d41ebc\",\"name\":\"N.S Carideal\",\"image\":{\"@type\":\"ImageObject\",\"inLanguage\":\"fr-FR\",\"@id\":\"https:\/\/www.carideal.com\/blog\/#\/schema\/person\/image\/\",\"url\":\"https:\/\/secure.gravatar.com\/avatar\/edb7ccdf1a4e3d14aef967760d354d0e?s=96&r=g\",\"contentUrl\":\"https:\/\/secure.gravatar.com\/avatar\/edb7ccdf1a4e3d14aef967760d354d0e?s=96&r=g\",\"caption\":\"N.S Carideal\"},\"description\":\"Depuis tout petit fan d'automobile. Il est question d'essayer et de comparer toutes ces voitures qui nous ont fait r\u00e9ver, avant que celles-ci ne devient uniquement des voitures de collection.\",\"sameAs\":[\"http:\/\/www.carideal.com\/blog\",\"https:\/\/www.facebook.com\/Carideal.mandataire.automobile\/\",\"https:\/\/www.linkedin.com\/in\/nschiavon\/\",\"https:\/\/www.youtube.com\/user\/caridealsas\/\"],\"url\":\"https:\/\/www.carideal.com\/blog\/author\/admin_carideal\/\"}]}<\/script>\n<!-- \/ Yoast SEO plugin. -->","yoast_head_json":{"title":"Future permis : Des poursuites dans tous les pays d europe - Blog auto Carid\u00e9al","robots":{"index":"index","follow":"follow","max-snippet":"max-snippet:-1","max-image-preview":"max-image-preview:large","max-video-preview":"max-video-preview:-1"},"canonical":"https:\/\/www.carideal.com\/blog\/2011\/02\/06\/future-permis-des-poursuites-dans-tous-les-pays-d-europe\/","og_locale":"fr_FR","og_type":"article","og_title":"Future permis : Des poursuites dans tous les pays d europe - Blog auto Carid\u00e9al","og_description":"Avec le future permis, des poursuites dans tous les pays d'europe. Un projet de directive est en effet en gestation au sein de la commission europ\u00e9enne, avec une application pr\u00e9vue pour 2013. Siim Kallas, vice pr\u00e9sident de la commission europ\u00e9enne en charge des transports, a fait savoir qu'il ne voulait plus d'impunit\u00e9 pour les infractions ... Lire plus","og_url":"https:\/\/www.carideal.com\/blog\/2011\/02\/06\/future-permis-des-poursuites-dans-tous-les-pays-d-europe\/","og_site_name":"Blog auto Carid\u00e9al","article_publisher":"https:\/\/www.facebook.com\/Carideal.mandataire.automobile","article_author":"https:\/\/www.facebook.com\/Carideal.mandataire.automobile\/","article_published_time":"2011-02-06T17:38:00+00:00","article_modified_time":"2017-02-06T17:11:35+00:00","og_image":[{"width":300,"height":300,"url":"https:\/\/www.carideal.com\/blog\/wp-content\/uploads\/2016\/03\/logo-carideal-mandataire-automobile.png","type":"image\/png"}],"author":"N.S Carideal","twitter_card":"summary_large_image","twitter_creator":"@caridealauto","twitter_site":"@caridealauto","twitter_misc":{"\u00c9crit par":"N.S Carideal","Dur\u00e9e de lecture estim\u00e9e":"1 minute"},"schema":{"@context":"https:\/\/schema.org","@graph":[{"@type":"Article","@id":"https:\/\/www.carideal.com\/blog\/2011\/02\/06\/future-permis-des-poursuites-dans-tous-les-pays-d-europe\/#article","isPartOf":{"@id":"https:\/\/www.carideal.com\/blog\/2011\/02\/06\/future-permis-des-poursuites-dans-tous-les-pays-d-europe\/"},"author":{"name":"N.S Carideal","@id":"https:\/\/www.carideal.com\/blog\/#\/schema\/person\/985c7e757d1042d647f21bfaf8d41ebc"},"headline":"Future permis : Des poursuites dans tous les pays d europe","datePublished":"2011-02-06T17:38:00+00:00","dateModified":"2017-02-06T17:11:35+00:00","mainEntityOfPage":{"@id":"https:\/\/www.carideal.com\/blog\/2011\/02\/06\/future-permis-des-poursuites-dans-tous-les-pays-d-europe\/"},"wordCount":179,"commentCount":0,"publisher":{"@id":"https:\/\/www.carideal.com\/blog\/#organization"},"keywords":["Permis \u00e0 points","Permis de conduire"],"articleSection":["Radar et s\u00e9curit\u00e9 routi\u00e8re"],"inLanguage":"fr-FR","potentialAction":[{"@type":"CommentAction","name":"Comment","target":["https:\/\/www.carideal.com\/blog\/2011\/02\/06\/future-permis-des-poursuites-dans-tous-les-pays-d-europe\/#respond"]}]},{"@type":"WebPage","@id":"https:\/\/www.carideal.com\/blog\/2011\/02\/06\/future-permis-des-poursuites-dans-tous-les-pays-d-europe\/","url":"https:\/\/www.carideal.com\/blog\/2011\/02\/06\/future-permis-des-poursuites-dans-tous-les-pays-d-europe\/","name":"Future permis : Des poursuites dans tous les pays d europe - Blog auto Carid\u00e9al","isPartOf":{"@id":"https:\/\/www.carideal.com\/blog\/#website"},"datePublished":"2011-02-06T17:38:00+00:00","dateModified":"2017-02-06T17:11:35+00:00","breadcrumb":{"@id":"https:\/\/www.carideal.com\/blog\/2011\/02\/06\/future-permis-des-poursuites-dans-tous-les-pays-d-europe\/#breadcrumb"},"inLanguage":"fr-FR","potentialAction":[{"@type":"ReadAction","target":["https:\/\/www.carideal.com\/blog\/2011\/02\/06\/future-permis-des-poursuites-dans-tous-les-pays-d-europe\/"]}]},{"@type":"BreadcrumbList","@id":"https:\/\/www.carideal.com\/blog\/2011\/02\/06\/future-permis-des-poursuites-dans-tous-les-pays-d-europe\/#breadcrumb","itemListElement":[{"@type":"ListItem","position":1,"name":"Blog Carid\u00e9al","item":"https:\/\/www.carideal.com\/blog\/"},{"@type":"ListItem","position":2,"name":"Radar et s\u00e9curit\u00e9 routi\u00e8re","item":"https:\/\/www.carideal.com\/blog\/radar-et-securite-routiere\/"},{"@type":"ListItem","position":3,"name":"Future permis : Des poursuites dans tous les pays d europe"}]},{"@type":"WebSite","@id":"https:\/\/www.carideal.com\/blog\/#website","url":"https:\/\/www.carideal.com\/blog\/","name":"Blog auto Carid\u00e9al","description":"Actualit\u00e9 auto par des passionn\u00e9s","publisher":{"@id":"https:\/\/www.carideal.com\/blog\/#organization"},"potentialAction":[{"@type":"SearchAction","target":{"@type":"EntryPoint","urlTemplate":"https:\/\/www.carideal.com\/blog\/?s={search_term_string}"},"query-input":{"@type":"PropertyValueSpecification","valueRequired":true,"valueName":"search_term_string"}}],"inLanguage":"fr-FR"},{"@type":"Organization","@id":"https:\/\/www.carideal.com\/blog\/#organization","name":"Carideal","url":"https:\/\/www.carideal.com\/blog\/","logo":{"@type":"ImageObject","inLanguage":"fr-FR","@id":"https:\/\/www.carideal.com\/blog\/#\/schema\/logo\/image\/","url":"http:\/\/www.carideal.com\/blog\/wp-content\/uploads\/2016\/03\/logo-carideal-mandataire-automobile.png","contentUrl":"http:\/\/www.carideal.com\/blog\/wp-content\/uploads\/2016\/03\/logo-carideal-mandataire-automobile.png","width":300,"height":300,"caption":"Carideal"},"image":{"@id":"https:\/\/www.carideal.com\/blog\/#\/schema\/logo\/image\/"},"sameAs":["https:\/\/www.facebook.com\/Carideal.mandataire.automobile","https:\/\/x.com\/caridealauto","https:\/\/www.instagram.com\/carideal1\/","https:\/\/www.linkedin.com\/company\/carideal.com","https:\/\/fr.pinterest.com\/schiavonsas\/","https:\/\/www.youtube.com\/user\/caridealsas"]},{"@type":"Person","@id":"https:\/\/www.carideal.com\/blog\/#\/schema\/person\/985c7e757d1042d647f21bfaf8d41ebc","name":"N.S Carideal","image":{"@type":"ImageObject","inLanguage":"fr-FR","@id":"https:\/\/www.carideal.com\/blog\/#\/schema\/person\/image\/","url":"https:\/\/secure.gravatar.com\/avatar\/edb7ccdf1a4e3d14aef967760d354d0e?s=96&r=g","contentUrl":"https:\/\/secure.gravatar.com\/avatar\/edb7ccdf1a4e3d14aef967760d354d0e?s=96&r=g","caption":"N.S Carideal"},"description":"Depuis tout petit fan d'automobile. Il est question d'essayer et de comparer toutes ces voitures qui nous ont fait r\u00e9ver, avant que celles-ci ne devient uniquement des voitures de collection.","sameAs":["http:\/\/www.carideal.com\/blog","https:\/\/www.facebook.com\/Carideal.mandataire.automobile\/","https:\/\/www.linkedin.com\/in\/nschiavon\/","https:\/\/www.youtube.com\/user\/caridealsas\/"],"url":"https:\/\/www.carideal.com\/blog\/author\/admin_carideal\/"}]}},"uagb_featured_image_src":{"full":false,"thumbnail":false,"medium":false,"medium_large":false,"large":false,"1536x1536":false,"2048x2048":false,"wppr-widget":false},"uagb_author_info":{"display_name":"N.S Carideal","author_link":"https:\/\/www.carideal.com\/blog\/author\/admin_carideal\/"},"uagb_comment_info":0,"uagb_excerpt":"Avec le future permis, des poursuites dans tous les pays d'europe. Un projet de directive est en effet en gestation au sein de la commission europ\u00e9enne, avec une application pr\u00e9vue pour 2013. Siim Kallas, vice pr\u00e9sident de la commission europ\u00e9enne en charge des transports, a fait savoir qu'il ne voulait plus d'impunit\u00e9 pour les infractions\u2026","_links":{"self":[{"href":"https:\/\/www.carideal.com\/blog\/wp-json\/wp\/v2\/posts\/1610"}],"collection":[{"href":"https:\/\/www.carideal.com\/blog\/wp-json\/wp\/v2\/posts"}],"about":[{"href":"https:\/\/www.carideal.com\/blog\/wp-json\/wp\/v2\/types\/post"}],"author":[{"embeddable":true,"href":"https:\/\/www.carideal.com\/blog\/wp-json\/wp\/v2\/users\/1"}],"replies":[{"embeddable":true,"href":"https:\/\/www.carideal.com\/blog\/wp-json\/wp\/v2\/comments?post=1610"}],"version-history":[{"count":0,"href":"https:\/\/www.carideal.com\/blog\/wp-json\/wp\/v2\/posts\/1610\/revisions"}],"wp:attachment":[{"href":"https:\/\/www.carideal.com\/blog\/wp-json\/wp\/v2\/media?parent=1610"}],"wp:term":[{"taxonomy":"category","embeddable":true,"href":"https:\/\/www.carideal.com\/blog\/wp-json\/wp\/v2\/categories?post=1610"},{"taxonomy":"post_tag","embeddable":true,"href":"https:\/\/www.carideal.com\/blog\/wp-json\/wp\/v2\/tags?post=1610"}],"curies":[{"name":"wp","href":"https:\/\/api.w.org\/{rel}","templated":true}]}}