{"id":1608,"date":"2010-12-23T16:46:00","date_gmt":"2010-12-23T16:46:00","guid":{"rendered":"http:\/\/carideal.com\/blog\/?p=1608"},"modified":"2010-12-23T16:46:00","modified_gmt":"2010-12-23T16:46:00","slug":"on-va-recuperer-ses-points-en-deux-ans","status":"publish","type":"post","link":"https:\/\/www.carideal.com\/blog\/2010\/12\/23\/on-va-recuperer-ses-points-en-deux-ans\/","title":{"rendered":"On va recuperer ses points en deux ans"},"content":{"rendered":"<p><img decoding=\"async\" src=\"\/blog\/public\/.permis-a-points-carideal_m.jpg\" alt=\"permis de conduire \u00e0 points 2 ans\" title=\"permis de conduire \u00e0 points 2 ans, d\u00e9c. 2010\" \/><\/p>\n<blockquote>\n<p>On r\u00e9cup\u00e8re les points tout les deux ans<\/p>\n<\/blockquote>\n<p>Le d\u00e9put\u00e9 UMP des Bouches-du-Rh\u00f4ne <a href=\"\/blog\/index.php?tag\/Bernard%20Reyn%C3%A8s\">Bernard Reyn\u00e8s<\/a> a r\u00e9ussi \u00e0 faire voter, un amendement \u00e0 l'article 28 de la loi de <a href=\"\/blog\/index.php?tag\/s%C3%A9curit%C3%A9%20int%C3%A9rieure\">s\u00e9curit\u00e9 int\u00e9rieure<\/a> dite <a href=\"\/blog\/index.php?tag\/Loppsi%202\">Loppsi 2<\/a>, qui assouplit les r\u00e8gles du <a href=\"\/blog\/index.php?tag\/permis%20%C3%A0%20points\">permis \u00e0 points<\/a>. Ainsi, pour r\u00e9cup\u00e9rer l'int\u00e9gralit\u00e9 de ses 12 points, le conducteur devra rouler deux ans sans commettre d'infraction. Actuellement, ce d\u00e9lai est de trois ans.<br \/>\nToutefois, le d\u00e9lai de r\u00e9cup\u00e9ration des points restera inchang\u00e9 pour les infractions les plus graves&nbsp;: <a href=\"\/blog\/index.php?tag\/conduite%20en%20%C3%A9tat%20d%20ivresse\">conduite en \u00e9tat d'ivresse<\/a>, sous l'emprise de stup\u00e9fiants, ou <a href=\"\/blog\/index.php?tag\/grand%20exc%C3%A8s%20de%20vitesse\">grand exc\u00e8s de vitesse<\/a>. <br \/>\nLe gouvernement a tout tent\u00e9 pour emp\u00e8cher cet amendement tout comme le parti socialiste.<\/p>\n<p>L'association <a href=\"\/blog\/index.php?tag\/40%20Millions%20d%20automobilistes\">40 Millions d'automobilistes<\/a> a d\u00e9clar\u00e9e \" \u00eatre particuli\u00e8rement fi\u00e8re de constater que les parlementaires, emmen\u00e9s par le d\u00e9put\u00e9 Bernard Reyn\u00e8s, se sont montr\u00e8s sensibles au m\u00e9contentement des conducteurs fran\u00e7ais\" mais \"que les conducteurs ne doivent pas interpr\u00e9ter cette mesure comme une possibilit\u00e9 de rel\u00e2chement vis \u00e0 vis des r\u00e8gles de s\u00e9curit\u00e9\". Dixit<\/p>\n","protected":false},"excerpt":{"rendered":"<p>On r\u00e9cup\u00e8re les points tout les deux ans Le d\u00e9put\u00e9 UMP des Bouches-du-Rh\u00f4ne Bernard Reyn\u00e8s a r\u00e9ussi \u00e0 faire voter, un amendement \u00e0 l&rsquo;article 28 de la loi de s\u00e9curit\u00e9 int\u00e9rieure dite Loppsi 2, qui assouplit les r\u00e8gles du permis \u00e0 points. Ainsi, pour r\u00e9cup\u00e9rer l&rsquo;int\u00e9gralit\u00e9 de ses 12 points, le conducteur devra rouler deux &#8230; <a title=\"On va recuperer ses points en deux ans\" class=\"read-more\" href=\"https:\/\/www.carideal.com\/blog\/2010\/12\/23\/on-va-recuperer-ses-points-en-deux-ans\/\" aria-label=\"En savoir plus sur On va recuperer ses points en deux ans\">Lire plus<\/a><\/p>\n","protected":false},"author":1,"featured_media":0,"comment_status":"open","ping_status":"open","sticky":false,"template":"","format":"standard","meta":{"_uag_custom_page_level_css":"","_themeisle_gutenberg_block_has_review":false,"footnotes":""},"categories":[15],"tags":[],"class_list":["post-1608","post","type-post","status-publish","format-standard","hentry","category-radar-et-securite-routiere"],"wppr_data":[],"yoast_head":"<!-- This site is optimized with the Yoast SEO plugin v24.8.1 - https:\/\/yoast.com\/wordpress\/plugins\/seo\/ -->\n<title>On va recuperer ses points en deux ans - Blog auto Carid\u00e9al<\/title>\n<meta name=\"robots\" content=\"index, follow, max-snippet:-1, max-image-preview:large, max-video-preview:-1\" \/>\n<link rel=\"canonical\" href=\"https:\/\/www.carideal.com\/blog\/2010\/12\/23\/on-va-recuperer-ses-points-en-deux-ans\/\" \/>\n<meta property=\"og:locale\" content=\"fr_FR\" \/>\n<meta property=\"og:type\" content=\"article\" \/>\n<meta property=\"og:title\" content=\"On va recuperer ses points en deux ans - Blog auto Carid\u00e9al\" \/>\n<meta property=\"og:description\" content=\"On r\u00e9cup\u00e8re les points tout les deux ans Le d\u00e9put\u00e9 UMP des Bouches-du-Rh\u00f4ne Bernard Reyn\u00e8s a r\u00e9ussi \u00e0 faire voter, un amendement \u00e0 l&#039;article 28 de la loi de s\u00e9curit\u00e9 int\u00e9rieure dite Loppsi 2, qui assouplit les r\u00e8gles du permis \u00e0 points. Ainsi, pour r\u00e9cup\u00e9rer l&#039;int\u00e9gralit\u00e9 de ses 12 points, le conducteur devra rouler deux ... Lire plus\" \/>\n<meta property=\"og:url\" content=\"https:\/\/www.carideal.com\/blog\/2010\/12\/23\/on-va-recuperer-ses-points-en-deux-ans\/\" \/>\n<meta property=\"og:site_name\" content=\"Blog auto Carid\u00e9al\" \/>\n<meta property=\"article:publisher\" content=\"https:\/\/www.facebook.com\/Carideal.mandataire.automobile\" \/>\n<meta property=\"article:author\" content=\"https:\/\/www.facebook.com\/Carideal.mandataire.automobile\/\" \/>\n<meta property=\"article:published_time\" content=\"2010-12-23T16:46:00+00:00\" \/>\n<meta property=\"og:image\" content=\"https:\/\/www.carideal.com\/blog\/wp-content\/uploads\/2016\/03\/logo-carideal-mandataire-automobile.png\" \/>\n\t<meta property=\"og:image:width\" content=\"300\" \/>\n\t<meta property=\"og:image:height\" content=\"300\" \/>\n\t<meta property=\"og:image:type\" content=\"image\/png\" \/>\n<meta name=\"author\" content=\"N.S Carideal\" \/>\n<meta name=\"twitter:card\" content=\"summary_large_image\" \/>\n<meta name=\"twitter:creator\" content=\"@caridealauto\" \/>\n<meta name=\"twitter:site\" content=\"@caridealauto\" \/>\n<meta name=\"twitter:label1\" content=\"\u00c9crit par\" \/>\n\t<meta name=\"twitter:data1\" content=\"N.S Carideal\" \/>\n\t<meta name=\"twitter:label2\" content=\"Dur\u00e9e de lecture estim\u00e9e\" \/>\n\t<meta name=\"twitter:data2\" content=\"1 minute\" \/>\n<script type=\"application\/ld+json\" class=\"yoast-schema-graph\">{\"@context\":\"https:\/\/schema.org\",\"@graph\":[{\"@type\":\"Article\",\"@id\":\"https:\/\/www.carideal.com\/blog\/2010\/12\/23\/on-va-recuperer-ses-points-en-deux-ans\/#article\",\"isPartOf\":{\"@id\":\"https:\/\/www.carideal.com\/blog\/2010\/12\/23\/on-va-recuperer-ses-points-en-deux-ans\/\"},\"author\":{\"name\":\"N.S Carideal\",\"@id\":\"https:\/\/www.carideal.com\/blog\/#\/schema\/person\/985c7e757d1042d647f21bfaf8d41ebc\"},\"headline\":\"On va recuperer ses points en deux ans\",\"datePublished\":\"2010-12-23T16:46:00+00:00\",\"mainEntityOfPage\":{\"@id\":\"https:\/\/www.carideal.com\/blog\/2010\/12\/23\/on-va-recuperer-ses-points-en-deux-ans\/\"},\"wordCount\":194,\"commentCount\":0,\"publisher\":{\"@id\":\"https:\/\/www.carideal.com\/blog\/#organization\"},\"articleSection\":[\"Radar et s\u00e9curit\u00e9 routi\u00e8re\"],\"inLanguage\":\"fr-FR\",\"potentialAction\":[{\"@type\":\"CommentAction\",\"name\":\"Comment\",\"target\":[\"https:\/\/www.carideal.com\/blog\/2010\/12\/23\/on-va-recuperer-ses-points-en-deux-ans\/#respond\"]}]},{\"@type\":\"WebPage\",\"@id\":\"https:\/\/www.carideal.com\/blog\/2010\/12\/23\/on-va-recuperer-ses-points-en-deux-ans\/\",\"url\":\"https:\/\/www.carideal.com\/blog\/2010\/12\/23\/on-va-recuperer-ses-points-en-deux-ans\/\",\"name\":\"On va recuperer ses points en deux ans - Blog auto Carid\u00e9al\",\"isPartOf\":{\"@id\":\"https:\/\/www.carideal.com\/blog\/#website\"},\"datePublished\":\"2010-12-23T16:46:00+00:00\",\"breadcrumb\":{\"@id\":\"https:\/\/www.carideal.com\/blog\/2010\/12\/23\/on-va-recuperer-ses-points-en-deux-ans\/#breadcrumb\"},\"inLanguage\":\"fr-FR\",\"potentialAction\":[{\"@type\":\"ReadAction\",\"target\":[\"https:\/\/www.carideal.com\/blog\/2010\/12\/23\/on-va-recuperer-ses-points-en-deux-ans\/\"]}]},{\"@type\":\"BreadcrumbList\",\"@id\":\"https:\/\/www.carideal.com\/blog\/2010\/12\/23\/on-va-recuperer-ses-points-en-deux-ans\/#breadcrumb\",\"itemListElement\":[{\"@type\":\"ListItem\",\"position\":1,\"name\":\"Blog Carid\u00e9al\",\"item\":\"https:\/\/www.carideal.com\/blog\/\"},{\"@type\":\"ListItem\",\"position\":2,\"name\":\"Radar et s\u00e9curit\u00e9 routi\u00e8re\",\"item\":\"https:\/\/www.carideal.com\/blog\/radar-et-securite-routiere\/\"},{\"@type\":\"ListItem\",\"position\":3,\"name\":\"On va recuperer ses points en deux ans\"}]},{\"@type\":\"WebSite\",\"@id\":\"https:\/\/www.carideal.com\/blog\/#website\",\"url\":\"https:\/\/www.carideal.com\/blog\/\",\"name\":\"Blog auto Carid\u00e9al\",\"description\":\"Actualit\u00e9 auto par des passionn\u00e9s\",\"publisher\":{\"@id\":\"https:\/\/www.carideal.com\/blog\/#organization\"},\"potentialAction\":[{\"@type\":\"SearchAction\",\"target\":{\"@type\":\"EntryPoint\",\"urlTemplate\":\"https:\/\/www.carideal.com\/blog\/?s={search_term_string}\"},\"query-input\":{\"@type\":\"PropertyValueSpecification\",\"valueRequired\":true,\"valueName\":\"search_term_string\"}}],\"inLanguage\":\"fr-FR\"},{\"@type\":\"Organization\",\"@id\":\"https:\/\/www.carideal.com\/blog\/#organization\",\"name\":\"Carideal\",\"url\":\"https:\/\/www.carideal.com\/blog\/\",\"logo\":{\"@type\":\"ImageObject\",\"inLanguage\":\"fr-FR\",\"@id\":\"https:\/\/www.carideal.com\/blog\/#\/schema\/logo\/image\/\",\"url\":\"http:\/\/www.carideal.com\/blog\/wp-content\/uploads\/2016\/03\/logo-carideal-mandataire-automobile.png\",\"contentUrl\":\"http:\/\/www.carideal.com\/blog\/wp-content\/uploads\/2016\/03\/logo-carideal-mandataire-automobile.png\",\"width\":300,\"height\":300,\"caption\":\"Carideal\"},\"image\":{\"@id\":\"https:\/\/www.carideal.com\/blog\/#\/schema\/logo\/image\/\"},\"sameAs\":[\"https:\/\/www.facebook.com\/Carideal.mandataire.automobile\",\"https:\/\/x.com\/caridealauto\",\"https:\/\/www.instagram.com\/carideal1\/\",\"https:\/\/www.linkedin.com\/company\/carideal.com\",\"https:\/\/fr.pinterest.com\/schiavonsas\/\",\"https:\/\/www.youtube.com\/user\/caridealsas\"]},{\"@type\":\"Person\",\"@id\":\"https:\/\/www.carideal.com\/blog\/#\/schema\/person\/985c7e757d1042d647f21bfaf8d41ebc\",\"name\":\"N.S Carideal\",\"image\":{\"@type\":\"ImageObject\",\"inLanguage\":\"fr-FR\",\"@id\":\"https:\/\/www.carideal.com\/blog\/#\/schema\/person\/image\/\",\"url\":\"https:\/\/secure.gravatar.com\/avatar\/edb7ccdf1a4e3d14aef967760d354d0e?s=96&r=g\",\"contentUrl\":\"https:\/\/secure.gravatar.com\/avatar\/edb7ccdf1a4e3d14aef967760d354d0e?s=96&r=g\",\"caption\":\"N.S Carideal\"},\"description\":\"Depuis tout petit fan d'automobile. Il est question d'essayer et de comparer toutes ces voitures qui nous ont fait r\u00e9ver, avant que celles-ci ne devient uniquement des voitures de collection.\",\"sameAs\":[\"http:\/\/www.carideal.com\/blog\",\"https:\/\/www.facebook.com\/Carideal.mandataire.automobile\/\",\"https:\/\/www.linkedin.com\/in\/nschiavon\/\",\"https:\/\/www.youtube.com\/user\/caridealsas\/\"],\"url\":\"https:\/\/www.carideal.com\/blog\/author\/admin_carideal\/\"}]}<\/script>\n<!-- \/ Yoast SEO plugin. -->","yoast_head_json":{"title":"On va recuperer ses points en deux ans - Blog auto Carid\u00e9al","robots":{"index":"index","follow":"follow","max-snippet":"max-snippet:-1","max-image-preview":"max-image-preview:large","max-video-preview":"max-video-preview:-1"},"canonical":"https:\/\/www.carideal.com\/blog\/2010\/12\/23\/on-va-recuperer-ses-points-en-deux-ans\/","og_locale":"fr_FR","og_type":"article","og_title":"On va recuperer ses points en deux ans - Blog auto Carid\u00e9al","og_description":"On r\u00e9cup\u00e8re les points tout les deux ans Le d\u00e9put\u00e9 UMP des Bouches-du-Rh\u00f4ne Bernard Reyn\u00e8s a r\u00e9ussi \u00e0 faire voter, un amendement \u00e0 l'article 28 de la loi de s\u00e9curit\u00e9 int\u00e9rieure dite Loppsi 2, qui assouplit les r\u00e8gles du permis \u00e0 points. Ainsi, pour r\u00e9cup\u00e9rer l'int\u00e9gralit\u00e9 de ses 12 points, le conducteur devra rouler deux ... Lire plus","og_url":"https:\/\/www.carideal.com\/blog\/2010\/12\/23\/on-va-recuperer-ses-points-en-deux-ans\/","og_site_name":"Blog auto Carid\u00e9al","article_publisher":"https:\/\/www.facebook.com\/Carideal.mandataire.automobile","article_author":"https:\/\/www.facebook.com\/Carideal.mandataire.automobile\/","article_published_time":"2010-12-23T16:46:00+00:00","og_image":[{"width":300,"height":300,"url":"https:\/\/www.carideal.com\/blog\/wp-content\/uploads\/2016\/03\/logo-carideal-mandataire-automobile.png","type":"image\/png"}],"author":"N.S Carideal","twitter_card":"summary_large_image","twitter_creator":"@caridealauto","twitter_site":"@caridealauto","twitter_misc":{"\u00c9crit par":"N.S Carideal","Dur\u00e9e de lecture estim\u00e9e":"1 minute"},"schema":{"@context":"https:\/\/schema.org","@graph":[{"@type":"Article","@id":"https:\/\/www.carideal.com\/blog\/2010\/12\/23\/on-va-recuperer-ses-points-en-deux-ans\/#article","isPartOf":{"@id":"https:\/\/www.carideal.com\/blog\/2010\/12\/23\/on-va-recuperer-ses-points-en-deux-ans\/"},"author":{"name":"N.S Carideal","@id":"https:\/\/www.carideal.com\/blog\/#\/schema\/person\/985c7e757d1042d647f21bfaf8d41ebc"},"headline":"On va recuperer ses points en deux ans","datePublished":"2010-12-23T16:46:00+00:00","mainEntityOfPage":{"@id":"https:\/\/www.carideal.com\/blog\/2010\/12\/23\/on-va-recuperer-ses-points-en-deux-ans\/"},"wordCount":194,"commentCount":0,"publisher":{"@id":"https:\/\/www.carideal.com\/blog\/#organization"},"articleSection":["Radar et s\u00e9curit\u00e9 routi\u00e8re"],"inLanguage":"fr-FR","potentialAction":[{"@type":"CommentAction","name":"Comment","target":["https:\/\/www.carideal.com\/blog\/2010\/12\/23\/on-va-recuperer-ses-points-en-deux-ans\/#respond"]}]},{"@type":"WebPage","@id":"https:\/\/www.carideal.com\/blog\/2010\/12\/23\/on-va-recuperer-ses-points-en-deux-ans\/","url":"https:\/\/www.carideal.com\/blog\/2010\/12\/23\/on-va-recuperer-ses-points-en-deux-ans\/","name":"On va recuperer ses points en deux ans - Blog auto Carid\u00e9al","isPartOf":{"@id":"https:\/\/www.carideal.com\/blog\/#website"},"datePublished":"2010-12-23T16:46:00+00:00","breadcrumb":{"@id":"https:\/\/www.carideal.com\/blog\/2010\/12\/23\/on-va-recuperer-ses-points-en-deux-ans\/#breadcrumb"},"inLanguage":"fr-FR","potentialAction":[{"@type":"ReadAction","target":["https:\/\/www.carideal.com\/blog\/2010\/12\/23\/on-va-recuperer-ses-points-en-deux-ans\/"]}]},{"@type":"BreadcrumbList","@id":"https:\/\/www.carideal.com\/blog\/2010\/12\/23\/on-va-recuperer-ses-points-en-deux-ans\/#breadcrumb","itemListElement":[{"@type":"ListItem","position":1,"name":"Blog Carid\u00e9al","item":"https:\/\/www.carideal.com\/blog\/"},{"@type":"ListItem","position":2,"name":"Radar et s\u00e9curit\u00e9 routi\u00e8re","item":"https:\/\/www.carideal.com\/blog\/radar-et-securite-routiere\/"},{"@type":"ListItem","position":3,"name":"On va recuperer ses points en deux ans"}]},{"@type":"WebSite","@id":"https:\/\/www.carideal.com\/blog\/#website","url":"https:\/\/www.carideal.com\/blog\/","name":"Blog auto Carid\u00e9al","description":"Actualit\u00e9 auto par des passionn\u00e9s","publisher":{"@id":"https:\/\/www.carideal.com\/blog\/#organization"},"potentialAction":[{"@type":"SearchAction","target":{"@type":"EntryPoint","urlTemplate":"https:\/\/www.carideal.com\/blog\/?s={search_term_string}"},"query-input":{"@type":"PropertyValueSpecification","valueRequired":true,"valueName":"search_term_string"}}],"inLanguage":"fr-FR"},{"@type":"Organization","@id":"https:\/\/www.carideal.com\/blog\/#organization","name":"Carideal","url":"https:\/\/www.carideal.com\/blog\/","logo":{"@type":"ImageObject","inLanguage":"fr-FR","@id":"https:\/\/www.carideal.com\/blog\/#\/schema\/logo\/image\/","url":"http:\/\/www.carideal.com\/blog\/wp-content\/uploads\/2016\/03\/logo-carideal-mandataire-automobile.png","contentUrl":"http:\/\/www.carideal.com\/blog\/wp-content\/uploads\/2016\/03\/logo-carideal-mandataire-automobile.png","width":300,"height":300,"caption":"Carideal"},"image":{"@id":"https:\/\/www.carideal.com\/blog\/#\/schema\/logo\/image\/"},"sameAs":["https:\/\/www.facebook.com\/Carideal.mandataire.automobile","https:\/\/x.com\/caridealauto","https:\/\/www.instagram.com\/carideal1\/","https:\/\/www.linkedin.com\/company\/carideal.com","https:\/\/fr.pinterest.com\/schiavonsas\/","https:\/\/www.youtube.com\/user\/caridealsas"]},{"@type":"Person","@id":"https:\/\/www.carideal.com\/blog\/#\/schema\/person\/985c7e757d1042d647f21bfaf8d41ebc","name":"N.S Carideal","image":{"@type":"ImageObject","inLanguage":"fr-FR","@id":"https:\/\/www.carideal.com\/blog\/#\/schema\/person\/image\/","url":"https:\/\/secure.gravatar.com\/avatar\/edb7ccdf1a4e3d14aef967760d354d0e?s=96&r=g","contentUrl":"https:\/\/secure.gravatar.com\/avatar\/edb7ccdf1a4e3d14aef967760d354d0e?s=96&r=g","caption":"N.S Carideal"},"description":"Depuis tout petit fan d'automobile. Il est question d'essayer et de comparer toutes ces voitures qui nous ont fait r\u00e9ver, avant que celles-ci ne devient uniquement des voitures de collection.","sameAs":["http:\/\/www.carideal.com\/blog","https:\/\/www.facebook.com\/Carideal.mandataire.automobile\/","https:\/\/www.linkedin.com\/in\/nschiavon\/","https:\/\/www.youtube.com\/user\/caridealsas\/"],"url":"https:\/\/www.carideal.com\/blog\/author\/admin_carideal\/"}]}},"uagb_featured_image_src":{"full":false,"thumbnail":false,"medium":false,"medium_large":false,"large":false,"1536x1536":false,"2048x2048":false,"wppr-widget":false},"uagb_author_info":{"display_name":"N.S Carideal","author_link":"https:\/\/www.carideal.com\/blog\/author\/admin_carideal\/"},"uagb_comment_info":0,"uagb_excerpt":"On r\u00e9cup\u00e8re les points tout les deux ans Le d\u00e9put\u00e9 UMP des Bouches-du-Rh\u00f4ne Bernard Reyn\u00e8s a r\u00e9ussi \u00e0 faire voter, un amendement \u00e0 l'article 28 de la loi de s\u00e9curit\u00e9 int\u00e9rieure dite Loppsi 2, qui assouplit les r\u00e8gles du permis \u00e0 points. Ainsi, pour r\u00e9cup\u00e9rer l'int\u00e9gralit\u00e9 de ses 12 points, le conducteur devra rouler deux\u2026","_links":{"self":[{"href":"https:\/\/www.carideal.com\/blog\/wp-json\/wp\/v2\/posts\/1608"}],"collection":[{"href":"https:\/\/www.carideal.com\/blog\/wp-json\/wp\/v2\/posts"}],"about":[{"href":"https:\/\/www.carideal.com\/blog\/wp-json\/wp\/v2\/types\/post"}],"author":[{"embeddable":true,"href":"https:\/\/www.carideal.com\/blog\/wp-json\/wp\/v2\/users\/1"}],"replies":[{"embeddable":true,"href":"https:\/\/www.carideal.com\/blog\/wp-json\/wp\/v2\/comments?post=1608"}],"version-history":[{"count":0,"href":"https:\/\/www.carideal.com\/blog\/wp-json\/wp\/v2\/posts\/1608\/revisions"}],"wp:attachment":[{"href":"https:\/\/www.carideal.com\/blog\/wp-json\/wp\/v2\/media?parent=1608"}],"wp:term":[{"taxonomy":"category","embeddable":true,"href":"https:\/\/www.carideal.com\/blog\/wp-json\/wp\/v2\/categories?post=1608"},{"taxonomy":"post_tag","embeddable":true,"href":"https:\/\/www.carideal.com\/blog\/wp-json\/wp\/v2\/tags?post=1608"}],"curies":[{"name":"wp","href":"https:\/\/api.w.org\/{rel}","templated":true}]}}