{"id":1607,"date":"2010-10-07T16:34:00","date_gmt":"2010-10-07T16:34:00","guid":{"rendered":"http:\/\/carideal.com\/blog\/?p=1607"},"modified":"2020-03-08T07:31:57","modified_gmt":"2020-03-08T06:31:57","slug":"permis-a-points-l-assouplissement","status":"publish","type":"post","link":"https:\/\/www.carideal.com\/blog\/2010\/10\/07\/permis-a-points-l-assouplissement\/","title":{"rendered":"Permis a points l assouplissement"},"content":{"rendered":"<h1><strong>Le permis \u00e0 point va \u00e9voluer<\/strong><\/h1>\n<p>Contre toute attente les r\u00eagles du permis \u00e0 points devraient \u00eatre l\u00e9g\u00e8rement revues. L'amendement vot\u00e9 \u00e0 l'origine par les s\u00e9nateurs au sein de la loi loppsi 2 pourrait \u00eatre soutenu par leur coll\u00e8gues d\u00e9put\u00e9s. Cons\u00e9quence\u00a0: r\u00e9cup\u00e9rer ses points prendra moins de temps...<br \/>\nLa multiplication des contr\u00f4les radar (en d\u00e9pit du bon sens jamais dans les endroits dangereux mais l\u00e0 o\u00f9 \u00e7a rapporte !!) et l'explosion de la conduite sans permis, estim\u00e9e \u00e0 environ 700000 personnes, justifierait la nouvelle donne. L'association 40 Millions d'automobilistes ne dit pas autre chose , \"il faut assouplir un syst\u00e8me qui s'est emball\u00e9... c'est l'administration qui s'emballe en annon\u00e7ant toujours plus r\u00e9pressifs. Si on all\u00e8ge les syst\u00e8me, il y aura moins de points perdus et moins de permis invalid\u00e9s.<br \/>\nradar de passage \u00e0 niveaux<\/p>\n","protected":false},"excerpt":{"rendered":"<p>Le permis \u00e0 point va \u00e9voluer Contre toute attente les r\u00eagles du permis \u00e0 points devraient \u00eatre l\u00e9g\u00e8rement revues. L&rsquo;amendement vot\u00e9 \u00e0 l&rsquo;origine par les s\u00e9nateurs au sein de la loi loppsi 2 pourrait \u00eatre soutenu par leur coll\u00e8gues d\u00e9put\u00e9s. Cons\u00e9quence\u00a0: r\u00e9cup\u00e9rer ses points prendra moins de temps&#8230; La multiplication des contr\u00f4les radar (en d\u00e9pit &#8230; <a title=\"Permis a points l assouplissement\" class=\"read-more\" href=\"https:\/\/www.carideal.com\/blog\/2010\/10\/07\/permis-a-points-l-assouplissement\/\" aria-label=\"En savoir plus sur Permis a points l assouplissement\">Lire plus<\/a><\/p>\n","protected":false},"author":1,"featured_media":0,"comment_status":"open","ping_status":"open","sticky":false,"template":"","format":"standard","meta":{"_uag_custom_page_level_css":"","_themeisle_gutenberg_block_has_review":false,"footnotes":""},"categories":[15],"tags":[4300,2500],"class_list":["post-1607","post","type-post","status-publish","format-standard","hentry","category-radar-et-securite-routiere","tag-permis-a-point","tag-permis-de-conduire"],"wppr_data":{"cwp_meta_box_check":"No"},"yoast_head":"<!-- This site is optimized with the Yoast SEO plugin v24.8.1 - https:\/\/yoast.com\/wordpress\/plugins\/seo\/ -->\n<title>Permis a points l assouplissement - Blog auto Carid\u00e9al<\/title>\n<meta name=\"robots\" content=\"index, follow, max-snippet:-1, max-image-preview:large, max-video-preview:-1\" \/>\n<link rel=\"canonical\" href=\"https:\/\/www.carideal.com\/blog\/2010\/10\/07\/permis-a-points-l-assouplissement\/\" \/>\n<meta property=\"og:locale\" content=\"fr_FR\" \/>\n<meta property=\"og:type\" content=\"article\" \/>\n<meta property=\"og:title\" content=\"Permis a points l assouplissement - Blog auto Carid\u00e9al\" \/>\n<meta property=\"og:description\" content=\"Le permis \u00e0 point va \u00e9voluer Contre toute attente les r\u00eagles du permis \u00e0 points devraient \u00eatre l\u00e9g\u00e8rement revues. L&#039;amendement vot\u00e9 \u00e0 l&#039;origine par les s\u00e9nateurs au sein de la loi loppsi 2 pourrait \u00eatre soutenu par leur coll\u00e8gues d\u00e9put\u00e9s. Cons\u00e9quence\u00a0: r\u00e9cup\u00e9rer ses points prendra moins de temps... La multiplication des contr\u00f4les radar (en d\u00e9pit ... Lire plus\" \/>\n<meta property=\"og:url\" content=\"https:\/\/www.carideal.com\/blog\/2010\/10\/07\/permis-a-points-l-assouplissement\/\" \/>\n<meta property=\"og:site_name\" content=\"Blog auto Carid\u00e9al\" \/>\n<meta property=\"article:publisher\" content=\"https:\/\/www.facebook.com\/Carideal.mandataire.automobile\" \/>\n<meta property=\"article:author\" content=\"https:\/\/www.facebook.com\/Carideal.mandataire.automobile\/\" \/>\n<meta property=\"article:published_time\" content=\"2010-10-07T16:34:00+00:00\" \/>\n<meta property=\"article:modified_time\" content=\"2020-03-08T06:31:57+00:00\" \/>\n<meta property=\"og:image\" content=\"https:\/\/www.carideal.com\/blog\/wp-content\/uploads\/2016\/03\/logo-carideal-mandataire-automobile.png\" \/>\n\t<meta property=\"og:image:width\" content=\"300\" \/>\n\t<meta property=\"og:image:height\" content=\"300\" \/>\n\t<meta property=\"og:image:type\" content=\"image\/png\" \/>\n<meta name=\"author\" content=\"N.S Carideal\" \/>\n<meta name=\"twitter:card\" content=\"summary_large_image\" \/>\n<meta name=\"twitter:creator\" content=\"@caridealauto\" \/>\n<meta name=\"twitter:site\" content=\"@caridealauto\" \/>\n<meta name=\"twitter:label1\" content=\"\u00c9crit par\" \/>\n\t<meta name=\"twitter:data1\" content=\"N.S Carideal\" \/>\n\t<meta name=\"twitter:label2\" content=\"Dur\u00e9e de lecture estim\u00e9e\" \/>\n\t<meta name=\"twitter:data2\" content=\"1 minute\" \/>\n<script type=\"application\/ld+json\" class=\"yoast-schema-graph\">{\"@context\":\"https:\/\/schema.org\",\"@graph\":[{\"@type\":\"Article\",\"@id\":\"https:\/\/www.carideal.com\/blog\/2010\/10\/07\/permis-a-points-l-assouplissement\/#article\",\"isPartOf\":{\"@id\":\"https:\/\/www.carideal.com\/blog\/2010\/10\/07\/permis-a-points-l-assouplissement\/\"},\"author\":{\"name\":\"N.S Carideal\",\"@id\":\"https:\/\/www.carideal.com\/blog\/#\/schema\/person\/985c7e757d1042d647f21bfaf8d41ebc\"},\"headline\":\"Permis a points l assouplissement\",\"datePublished\":\"2010-10-07T16:34:00+00:00\",\"dateModified\":\"2020-03-08T06:31:57+00:00\",\"mainEntityOfPage\":{\"@id\":\"https:\/\/www.carideal.com\/blog\/2010\/10\/07\/permis-a-points-l-assouplissement\/\"},\"wordCount\":148,\"commentCount\":0,\"publisher\":{\"@id\":\"https:\/\/www.carideal.com\/blog\/#organization\"},\"keywords\":[\"Permis \u00e0 points\",\"Permis de conduire\"],\"articleSection\":[\"Radar et s\u00e9curit\u00e9 routi\u00e8re\"],\"inLanguage\":\"fr-FR\",\"potentialAction\":[{\"@type\":\"CommentAction\",\"name\":\"Comment\",\"target\":[\"https:\/\/www.carideal.com\/blog\/2010\/10\/07\/permis-a-points-l-assouplissement\/#respond\"]}]},{\"@type\":\"WebPage\",\"@id\":\"https:\/\/www.carideal.com\/blog\/2010\/10\/07\/permis-a-points-l-assouplissement\/\",\"url\":\"https:\/\/www.carideal.com\/blog\/2010\/10\/07\/permis-a-points-l-assouplissement\/\",\"name\":\"Permis a points l assouplissement - Blog auto Carid\u00e9al\",\"isPartOf\":{\"@id\":\"https:\/\/www.carideal.com\/blog\/#website\"},\"datePublished\":\"2010-10-07T16:34:00+00:00\",\"dateModified\":\"2020-03-08T06:31:57+00:00\",\"breadcrumb\":{\"@id\":\"https:\/\/www.carideal.com\/blog\/2010\/10\/07\/permis-a-points-l-assouplissement\/#breadcrumb\"},\"inLanguage\":\"fr-FR\",\"potentialAction\":[{\"@type\":\"ReadAction\",\"target\":[\"https:\/\/www.carideal.com\/blog\/2010\/10\/07\/permis-a-points-l-assouplissement\/\"]}]},{\"@type\":\"BreadcrumbList\",\"@id\":\"https:\/\/www.carideal.com\/blog\/2010\/10\/07\/permis-a-points-l-assouplissement\/#breadcrumb\",\"itemListElement\":[{\"@type\":\"ListItem\",\"position\":1,\"name\":\"Blog Carid\u00e9al\",\"item\":\"https:\/\/www.carideal.com\/blog\/\"},{\"@type\":\"ListItem\",\"position\":2,\"name\":\"Radar et s\u00e9curit\u00e9 routi\u00e8re\",\"item\":\"https:\/\/www.carideal.com\/blog\/radar-et-securite-routiere\/\"},{\"@type\":\"ListItem\",\"position\":3,\"name\":\"Permis a points l assouplissement\"}]},{\"@type\":\"WebSite\",\"@id\":\"https:\/\/www.carideal.com\/blog\/#website\",\"url\":\"https:\/\/www.carideal.com\/blog\/\",\"name\":\"Blog auto Carid\u00e9al\",\"description\":\"Actualit\u00e9 auto par des passionn\u00e9s\",\"publisher\":{\"@id\":\"https:\/\/www.carideal.com\/blog\/#organization\"},\"potentialAction\":[{\"@type\":\"SearchAction\",\"target\":{\"@type\":\"EntryPoint\",\"urlTemplate\":\"https:\/\/www.carideal.com\/blog\/?s={search_term_string}\"},\"query-input\":{\"@type\":\"PropertyValueSpecification\",\"valueRequired\":true,\"valueName\":\"search_term_string\"}}],\"inLanguage\":\"fr-FR\"},{\"@type\":\"Organization\",\"@id\":\"https:\/\/www.carideal.com\/blog\/#organization\",\"name\":\"Carideal\",\"url\":\"https:\/\/www.carideal.com\/blog\/\",\"logo\":{\"@type\":\"ImageObject\",\"inLanguage\":\"fr-FR\",\"@id\":\"https:\/\/www.carideal.com\/blog\/#\/schema\/logo\/image\/\",\"url\":\"http:\/\/www.carideal.com\/blog\/wp-content\/uploads\/2016\/03\/logo-carideal-mandataire-automobile.png\",\"contentUrl\":\"http:\/\/www.carideal.com\/blog\/wp-content\/uploads\/2016\/03\/logo-carideal-mandataire-automobile.png\",\"width\":300,\"height\":300,\"caption\":\"Carideal\"},\"image\":{\"@id\":\"https:\/\/www.carideal.com\/blog\/#\/schema\/logo\/image\/\"},\"sameAs\":[\"https:\/\/www.facebook.com\/Carideal.mandataire.automobile\",\"https:\/\/x.com\/caridealauto\",\"https:\/\/www.instagram.com\/carideal1\/\",\"https:\/\/www.linkedin.com\/company\/carideal.com\",\"https:\/\/fr.pinterest.com\/schiavonsas\/\",\"https:\/\/www.youtube.com\/user\/caridealsas\"]},{\"@type\":\"Person\",\"@id\":\"https:\/\/www.carideal.com\/blog\/#\/schema\/person\/985c7e757d1042d647f21bfaf8d41ebc\",\"name\":\"N.S Carideal\",\"image\":{\"@type\":\"ImageObject\",\"inLanguage\":\"fr-FR\",\"@id\":\"https:\/\/www.carideal.com\/blog\/#\/schema\/person\/image\/\",\"url\":\"https:\/\/secure.gravatar.com\/avatar\/edb7ccdf1a4e3d14aef967760d354d0e?s=96&r=g\",\"contentUrl\":\"https:\/\/secure.gravatar.com\/avatar\/edb7ccdf1a4e3d14aef967760d354d0e?s=96&r=g\",\"caption\":\"N.S Carideal\"},\"description\":\"Depuis tout petit fan d'automobile. Il est question d'essayer et de comparer toutes ces voitures qui nous ont fait r\u00e9ver, avant que celles-ci ne devient uniquement des voitures de collection.\",\"sameAs\":[\"http:\/\/www.carideal.com\/blog\",\"https:\/\/www.facebook.com\/Carideal.mandataire.automobile\/\",\"https:\/\/www.linkedin.com\/in\/nschiavon\/\",\"https:\/\/www.youtube.com\/user\/caridealsas\/\"],\"url\":\"https:\/\/www.carideal.com\/blog\/author\/admin_carideal\/\"}]}<\/script>\n<!-- \/ Yoast SEO plugin. -->","yoast_head_json":{"title":"Permis a points l assouplissement - Blog auto Carid\u00e9al","robots":{"index":"index","follow":"follow","max-snippet":"max-snippet:-1","max-image-preview":"max-image-preview:large","max-video-preview":"max-video-preview:-1"},"canonical":"https:\/\/www.carideal.com\/blog\/2010\/10\/07\/permis-a-points-l-assouplissement\/","og_locale":"fr_FR","og_type":"article","og_title":"Permis a points l assouplissement - Blog auto Carid\u00e9al","og_description":"Le permis \u00e0 point va \u00e9voluer Contre toute attente les r\u00eagles du permis \u00e0 points devraient \u00eatre l\u00e9g\u00e8rement revues. L'amendement vot\u00e9 \u00e0 l'origine par les s\u00e9nateurs au sein de la loi loppsi 2 pourrait \u00eatre soutenu par leur coll\u00e8gues d\u00e9put\u00e9s. Cons\u00e9quence\u00a0: r\u00e9cup\u00e9rer ses points prendra moins de temps... La multiplication des contr\u00f4les radar (en d\u00e9pit ... Lire plus","og_url":"https:\/\/www.carideal.com\/blog\/2010\/10\/07\/permis-a-points-l-assouplissement\/","og_site_name":"Blog auto Carid\u00e9al","article_publisher":"https:\/\/www.facebook.com\/Carideal.mandataire.automobile","article_author":"https:\/\/www.facebook.com\/Carideal.mandataire.automobile\/","article_published_time":"2010-10-07T16:34:00+00:00","article_modified_time":"2020-03-08T06:31:57+00:00","og_image":[{"width":300,"height":300,"url":"https:\/\/www.carideal.com\/blog\/wp-content\/uploads\/2016\/03\/logo-carideal-mandataire-automobile.png","type":"image\/png"}],"author":"N.S Carideal","twitter_card":"summary_large_image","twitter_creator":"@caridealauto","twitter_site":"@caridealauto","twitter_misc":{"\u00c9crit par":"N.S Carideal","Dur\u00e9e de lecture estim\u00e9e":"1 minute"},"schema":{"@context":"https:\/\/schema.org","@graph":[{"@type":"Article","@id":"https:\/\/www.carideal.com\/blog\/2010\/10\/07\/permis-a-points-l-assouplissement\/#article","isPartOf":{"@id":"https:\/\/www.carideal.com\/blog\/2010\/10\/07\/permis-a-points-l-assouplissement\/"},"author":{"name":"N.S Carideal","@id":"https:\/\/www.carideal.com\/blog\/#\/schema\/person\/985c7e757d1042d647f21bfaf8d41ebc"},"headline":"Permis a points l assouplissement","datePublished":"2010-10-07T16:34:00+00:00","dateModified":"2020-03-08T06:31:57+00:00","mainEntityOfPage":{"@id":"https:\/\/www.carideal.com\/blog\/2010\/10\/07\/permis-a-points-l-assouplissement\/"},"wordCount":148,"commentCount":0,"publisher":{"@id":"https:\/\/www.carideal.com\/blog\/#organization"},"keywords":["Permis \u00e0 points","Permis de conduire"],"articleSection":["Radar et s\u00e9curit\u00e9 routi\u00e8re"],"inLanguage":"fr-FR","potentialAction":[{"@type":"CommentAction","name":"Comment","target":["https:\/\/www.carideal.com\/blog\/2010\/10\/07\/permis-a-points-l-assouplissement\/#respond"]}]},{"@type":"WebPage","@id":"https:\/\/www.carideal.com\/blog\/2010\/10\/07\/permis-a-points-l-assouplissement\/","url":"https:\/\/www.carideal.com\/blog\/2010\/10\/07\/permis-a-points-l-assouplissement\/","name":"Permis a points l assouplissement - Blog auto Carid\u00e9al","isPartOf":{"@id":"https:\/\/www.carideal.com\/blog\/#website"},"datePublished":"2010-10-07T16:34:00+00:00","dateModified":"2020-03-08T06:31:57+00:00","breadcrumb":{"@id":"https:\/\/www.carideal.com\/blog\/2010\/10\/07\/permis-a-points-l-assouplissement\/#breadcrumb"},"inLanguage":"fr-FR","potentialAction":[{"@type":"ReadAction","target":["https:\/\/www.carideal.com\/blog\/2010\/10\/07\/permis-a-points-l-assouplissement\/"]}]},{"@type":"BreadcrumbList","@id":"https:\/\/www.carideal.com\/blog\/2010\/10\/07\/permis-a-points-l-assouplissement\/#breadcrumb","itemListElement":[{"@type":"ListItem","position":1,"name":"Blog Carid\u00e9al","item":"https:\/\/www.carideal.com\/blog\/"},{"@type":"ListItem","position":2,"name":"Radar et s\u00e9curit\u00e9 routi\u00e8re","item":"https:\/\/www.carideal.com\/blog\/radar-et-securite-routiere\/"},{"@type":"ListItem","position":3,"name":"Permis a points l assouplissement"}]},{"@type":"WebSite","@id":"https:\/\/www.carideal.com\/blog\/#website","url":"https:\/\/www.carideal.com\/blog\/","name":"Blog auto Carid\u00e9al","description":"Actualit\u00e9 auto par des passionn\u00e9s","publisher":{"@id":"https:\/\/www.carideal.com\/blog\/#organization"},"potentialAction":[{"@type":"SearchAction","target":{"@type":"EntryPoint","urlTemplate":"https:\/\/www.carideal.com\/blog\/?s={search_term_string}"},"query-input":{"@type":"PropertyValueSpecification","valueRequired":true,"valueName":"search_term_string"}}],"inLanguage":"fr-FR"},{"@type":"Organization","@id":"https:\/\/www.carideal.com\/blog\/#organization","name":"Carideal","url":"https:\/\/www.carideal.com\/blog\/","logo":{"@type":"ImageObject","inLanguage":"fr-FR","@id":"https:\/\/www.carideal.com\/blog\/#\/schema\/logo\/image\/","url":"http:\/\/www.carideal.com\/blog\/wp-content\/uploads\/2016\/03\/logo-carideal-mandataire-automobile.png","contentUrl":"http:\/\/www.carideal.com\/blog\/wp-content\/uploads\/2016\/03\/logo-carideal-mandataire-automobile.png","width":300,"height":300,"caption":"Carideal"},"image":{"@id":"https:\/\/www.carideal.com\/blog\/#\/schema\/logo\/image\/"},"sameAs":["https:\/\/www.facebook.com\/Carideal.mandataire.automobile","https:\/\/x.com\/caridealauto","https:\/\/www.instagram.com\/carideal1\/","https:\/\/www.linkedin.com\/company\/carideal.com","https:\/\/fr.pinterest.com\/schiavonsas\/","https:\/\/www.youtube.com\/user\/caridealsas"]},{"@type":"Person","@id":"https:\/\/www.carideal.com\/blog\/#\/schema\/person\/985c7e757d1042d647f21bfaf8d41ebc","name":"N.S Carideal","image":{"@type":"ImageObject","inLanguage":"fr-FR","@id":"https:\/\/www.carideal.com\/blog\/#\/schema\/person\/image\/","url":"https:\/\/secure.gravatar.com\/avatar\/edb7ccdf1a4e3d14aef967760d354d0e?s=96&r=g","contentUrl":"https:\/\/secure.gravatar.com\/avatar\/edb7ccdf1a4e3d14aef967760d354d0e?s=96&r=g","caption":"N.S Carideal"},"description":"Depuis tout petit fan d'automobile. Il est question d'essayer et de comparer toutes ces voitures qui nous ont fait r\u00e9ver, avant que celles-ci ne devient uniquement des voitures de collection.","sameAs":["http:\/\/www.carideal.com\/blog","https:\/\/www.facebook.com\/Carideal.mandataire.automobile\/","https:\/\/www.linkedin.com\/in\/nschiavon\/","https:\/\/www.youtube.com\/user\/caridealsas\/"],"url":"https:\/\/www.carideal.com\/blog\/author\/admin_carideal\/"}]}},"uagb_featured_image_src":{"full":false,"thumbnail":false,"medium":false,"medium_large":false,"large":false,"1536x1536":false,"2048x2048":false,"wppr-widget":false},"uagb_author_info":{"display_name":"N.S Carideal","author_link":"https:\/\/www.carideal.com\/blog\/author\/admin_carideal\/"},"uagb_comment_info":0,"uagb_excerpt":"Le permis \u00e0 point va \u00e9voluer Contre toute attente les r\u00eagles du permis \u00e0 points devraient \u00eatre l\u00e9g\u00e8rement revues. L'amendement vot\u00e9 \u00e0 l'origine par les s\u00e9nateurs au sein de la loi loppsi 2 pourrait \u00eatre soutenu par leur coll\u00e8gues d\u00e9put\u00e9s. Cons\u00e9quence\u00a0: r\u00e9cup\u00e9rer ses points prendra moins de temps... La multiplication des contr\u00f4les radar (en d\u00e9pit\u2026","_links":{"self":[{"href":"https:\/\/www.carideal.com\/blog\/wp-json\/wp\/v2\/posts\/1607"}],"collection":[{"href":"https:\/\/www.carideal.com\/blog\/wp-json\/wp\/v2\/posts"}],"about":[{"href":"https:\/\/www.carideal.com\/blog\/wp-json\/wp\/v2\/types\/post"}],"author":[{"embeddable":true,"href":"https:\/\/www.carideal.com\/blog\/wp-json\/wp\/v2\/users\/1"}],"replies":[{"embeddable":true,"href":"https:\/\/www.carideal.com\/blog\/wp-json\/wp\/v2\/comments?post=1607"}],"version-history":[{"count":0,"href":"https:\/\/www.carideal.com\/blog\/wp-json\/wp\/v2\/posts\/1607\/revisions"}],"wp:attachment":[{"href":"https:\/\/www.carideal.com\/blog\/wp-json\/wp\/v2\/media?parent=1607"}],"wp:term":[{"taxonomy":"category","embeddable":true,"href":"https:\/\/www.carideal.com\/blog\/wp-json\/wp\/v2\/categories?post=1607"},{"taxonomy":"post_tag","embeddable":true,"href":"https:\/\/www.carideal.com\/blog\/wp-json\/wp\/v2\/tags?post=1607"}],"curies":[{"name":"wp","href":"https:\/\/api.w.org\/{rel}","templated":true}]}}