{"id":16023,"date":"2015-11-10T14:41:04","date_gmt":"2015-11-10T13:41:04","guid":{"rendered":"http:\/\/www.carideal.com\/blog\/?p=16023"},"modified":"2020-02-08T15:10:31","modified_gmt":"2020-02-08T14:10:31","slug":"top-gear-aime-le-citroen-c4-cactus","status":"publish","type":"post","link":"https:\/\/www.carideal.com\/blog\/2015\/11\/10\/top-gear-aime-le-citroen-c4-cactus\/","title":{"rendered":"Top Gear aime le Citroen C4 Cactus"},"content":{"rendered":"<h2>Top Gear aime le Citroen C4 Cactus, \u00e7a on le sait le magazine en avait d\u00e9j\u00e0 parl\u00e9.<\/h2>\n<p>Un essai des <a href=\"http:\/\/www.carideal.com\/blog\/2019\/12\/26\/meilleurs-petits-suv-et-crossovers-en-vente\/\">SUV urbains<\/a>, un march\u00e9 en augmentation qui repr\u00e9sente 25 % du march\u00e9 fran\u00e7ais.<br \/>\nCette fois-ci c'est la version fran\u00e7aise du magazine papier de TOP GEAR qui en parle. En effet ils ont publi\u00e9 dans la parution de Novembre 2015 un essai comparatif du <a href=\"http:\/\/www.carideal.com\/blog\/marque-de-voiture-actualites-essais\/citroen\/c4-cactus\/\">Citro\u00ebn C4 Cactus<\/a> versus le <a href=\"http:\/\/www.carideal.com\/blog\/2015\/03\/29\/mazda-cx-3\/\">Mazda CX-3<\/a> et du <a href=\"http:\/\/www.carideal.com\/blog\/2016\/02\/14\/le-peugeot-2008-2-arrive-en-juin-2016\/\">Peugeot 2008<\/a>.<\/p>\n<p>Personne ne le sait vraiment. Le C4 Cactus est mi-berline \u00e0 hayon, mi-vaisseau spatial, moiti\u00e9 pseudo crossover. Le Cactus est dans une petite niche merveilleuse \u00e9trange et seul. Elle est en fait bas\u00e9e sur une plate-forme de <a href=\"http:\/\/www.carideal.com\/blog\/marque-de-voiture-actualites-essais\/citroen\/c3\/\">Citroen C3<\/a> \/ Peugeot 208 , avec des jambes de force MacPherson \u00e0 l'avant et une barre de torsion simple pour la suspension arri\u00e8re, mais il est plus grand que la concurrence, avec beaucoup d'espace.<\/p>\n<p>Il est \u00e9galement d'une simplicit\u00e9 rafra\u00eechissante\u202f; <a href=\"http:\/\/www.carideal.com\/blog\/marque-de-voiture-actualites-essais\/citroen\/\">Citro\u00ebn<\/a> a d\u00e9cid\u00e9 de r\u00e9duire la complexit\u00e9 que l'on retrouve sur les grandes-voitures et offre une exp\u00e9rience de conduite simple, plus apaisante. Moins cher, mais non moins satisfaisant.<\/p>\n<p>Les parties en caoutchoucs mous sur les c\u00f4t\u00e9s de la Cactus sont appel\u00e9s Airbumps, et ils sont con\u00e7us pour arr\u00eater les petites tonches sur les portes g\u00eanantes. Citro\u00ebn a fait sont propre choix dans son coin en ignorant les conventions de style, mais en fondant la m\u00e9canique dans le monde r\u00e9el. Et il n'y a rien de mal \u00e0 cela.<\/p>\n<h2>Top Gear aime le Citro\u00ebn C4 Cactus et en a fait plusieurs articles \"Le Cactus est le plus atypique et au final le plus Homog\u00e8ne...et le plus attachant\"<\/h2>\n<p>Top Gear aime le Citroen C4 Cactus mais pas que ! Car le C4 Catus a re\u00e7u le prix du design automobile. \u00a0joint des copies des pages de l'article.<\/p>\n<div id='gallery-1' class='gallery galleryid-16023 gallery-columns-3 gallery-size-medium'><figure class='gallery-item'>\n\t\t\t<div class='gallery-icon portrait'>\n\t\t\t\t<a href='https:\/\/www.carideal.com\/blog\/2015\/11\/10\/top-gear-aime-le-citroen-c4-cactus\/citroen-c4-cactus-top-guear-11-2015-schiavon-actualites-3\/#main'><img loading=\"lazy\" decoding=\"async\" width=\"226\" height=\"300\" src=\"https:\/\/www.carideal.com\/blog\/wp-content\/uploads\/2017\/04\/citroen-c4-cactus-top-guear-11-2015-schiavon-actualit\u00e9s-1-226x300.jpg\" class=\"attachment-medium size-medium\" alt=\"SUV Citroen C4 Cactus dans le magazine Top Gear\" aria-describedby=\"gallery-1-16027\" srcset=\"https:\/\/www.carideal.com\/blog\/wp-content\/uploads\/2017\/04\/citroen-c4-cactus-top-guear-11-2015-schiavon-actualit\u00e9s-1-226x300.jpg 226w, https:\/\/www.carideal.com\/blog\/wp-content\/uploads\/2017\/04\/citroen-c4-cactus-top-guear-11-2015-schiavon-actualit\u00e9s-1-768x1018.jpg 768w, https:\/\/www.carideal.com\/blog\/wp-content\/uploads\/2017\/04\/citroen-c4-cactus-top-guear-11-2015-schiavon-actualit\u00e9s-1-773x1024.jpg 773w, https:\/\/www.carideal.com\/blog\/wp-content\/uploads\/2017\/04\/citroen-c4-cactus-top-guear-11-2015-schiavon-actualit\u00e9s-1-83x110.jpg 83w, https:\/\/www.carideal.com\/blog\/wp-content\/uploads\/2017\/04\/citroen-c4-cactus-top-guear-11-2015-schiavon-actualit\u00e9s-1-317x420.jpg 317w, https:\/\/www.carideal.com\/blog\/wp-content\/uploads\/2017\/04\/citroen-c4-cactus-top-guear-11-2015-schiavon-actualit\u00e9s-1-324x430.jpg 324w, https:\/\/www.carideal.com\/blog\/wp-content\/uploads\/2017\/04\/citroen-c4-cactus-top-guear-11-2015-schiavon-actualit\u00e9s-1-38x50.jpg 38w, https:\/\/www.carideal.com\/blog\/wp-content\/uploads\/2017\/04\/citroen-c4-cactus-top-guear-11-2015-schiavon-actualit\u00e9s-1-e1491914254795.jpg 453w\" sizes=\"(max-width: 226px) 100vw, 226px\" \/><\/a>\n\t\t\t<\/div>\n\t\t\t\t<figcaption class='wp-caption-text gallery-caption' id='gallery-1-16027'>\n\t\t\t\tSUV Citroen C4 Cactus dans le magazine Top Gear\n\t\t\t\t<\/figcaption><\/figure><figure class='gallery-item'>\n\t\t\t<div class='gallery-icon portrait'>\n\t\t\t\t<a href='https:\/\/www.carideal.com\/blog\/2015\/11\/10\/top-gear-aime-le-citroen-c4-cactus\/citroen-c4-cactus-top-guear-11-2015-schiavon-actualites-8\/#main'><img loading=\"lazy\" decoding=\"async\" width=\"241\" height=\"300\" src=\"https:\/\/www.carideal.com\/blog\/wp-content\/uploads\/2017\/04\/citroen-c4-cactus-top-guear-11-2015-schiavon-actualit\u00e9s-8-241x300.jpg\" class=\"attachment-medium size-medium\" alt=\"\" aria-describedby=\"gallery-1-16035\" srcset=\"https:\/\/www.carideal.com\/blog\/wp-content\/uploads\/2017\/04\/citroen-c4-cactus-top-guear-11-2015-schiavon-actualit\u00e9s-8-241x300.jpg 241w, https:\/\/www.carideal.com\/blog\/wp-content\/uploads\/2017\/04\/citroen-c4-cactus-top-guear-11-2015-schiavon-actualit\u00e9s-8-768x957.jpg 768w, https:\/\/www.carideal.com\/blog\/wp-content\/uploads\/2017\/04\/citroen-c4-cactus-top-guear-11-2015-schiavon-actualit\u00e9s-8-822x1024.jpg 822w, https:\/\/www.carideal.com\/blog\/wp-content\/uploads\/2017\/04\/citroen-c4-cactus-top-guear-11-2015-schiavon-actualit\u00e9s-8-88x110.jpg 88w, https:\/\/www.carideal.com\/blog\/wp-content\/uploads\/2017\/04\/citroen-c4-cactus-top-guear-11-2015-schiavon-actualit\u00e9s-8-337x420.jpg 337w, https:\/\/www.carideal.com\/blog\/wp-content\/uploads\/2017\/04\/citroen-c4-cactus-top-guear-11-2015-schiavon-actualit\u00e9s-8-345x430.jpg 345w, https:\/\/www.carideal.com\/blog\/wp-content\/uploads\/2017\/04\/citroen-c4-cactus-top-guear-11-2015-schiavon-actualit\u00e9s-8-40x50.jpg 40w, https:\/\/www.carideal.com\/blog\/wp-content\/uploads\/2017\/04\/citroen-c4-cactus-top-guear-11-2015-schiavon-actualit\u00e9s-8-e1491913903119.jpg 482w\" sizes=\"(max-width: 241px) 100vw, 241px\" \/><\/a>\n\t\t\t<\/div>\n\t\t\t\t<figcaption class='wp-caption-text gallery-caption' id='gallery-1-16035'>\n\t\t\t\tSUV Citroen C4 Cactus dans le magazine Top Gear\n\t\t\t\t<\/figcaption><\/figure><figure class='gallery-item'>\n\t\t\t<div class='gallery-icon portrait'>\n\t\t\t\t<a href='https:\/\/www.carideal.com\/blog\/2015\/11\/10\/top-gear-aime-le-citroen-c4-cactus\/citroen-c4-cactus-top-guear-11-2015-schiavon-actualites-7\/#main'><img loading=\"lazy\" decoding=\"async\" width=\"242\" height=\"300\" src=\"https:\/\/www.carideal.com\/blog\/wp-content\/uploads\/2017\/04\/citroen-c4-cactus-top-guear-11-2015-schiavon-actualit\u00e9s-7-242x300.jpg\" class=\"attachment-medium size-medium\" alt=\"SUV Citroen C4 Cactus dans le magazine Top Gear\" aria-describedby=\"gallery-1-16034\" srcset=\"https:\/\/www.carideal.com\/blog\/wp-content\/uploads\/2017\/04\/citroen-c4-cactus-top-guear-11-2015-schiavon-actualit\u00e9s-7-242x300.jpg 242w, https:\/\/www.carideal.com\/blog\/wp-content\/uploads\/2017\/04\/citroen-c4-cactus-top-guear-11-2015-schiavon-actualit\u00e9s-7-768x953.jpg 768w, https:\/\/www.carideal.com\/blog\/wp-content\/uploads\/2017\/04\/citroen-c4-cactus-top-guear-11-2015-schiavon-actualit\u00e9s-7-825x1024.jpg 825w, https:\/\/www.carideal.com\/blog\/wp-content\/uploads\/2017\/04\/citroen-c4-cactus-top-guear-11-2015-schiavon-actualit\u00e9s-7-89x110.jpg 89w, https:\/\/www.carideal.com\/blog\/wp-content\/uploads\/2017\/04\/citroen-c4-cactus-top-guear-11-2015-schiavon-actualit\u00e9s-7-338x420.jpg 338w, https:\/\/www.carideal.com\/blog\/wp-content\/uploads\/2017\/04\/citroen-c4-cactus-top-guear-11-2015-schiavon-actualit\u00e9s-7-346x430.jpg 346w, https:\/\/www.carideal.com\/blog\/wp-content\/uploads\/2017\/04\/citroen-c4-cactus-top-guear-11-2015-schiavon-actualit\u00e9s-7-40x50.jpg 40w, https:\/\/www.carideal.com\/blog\/wp-content\/uploads\/2017\/04\/citroen-c4-cactus-top-guear-11-2015-schiavon-actualit\u00e9s-7-e1491913938132.jpg 483w\" sizes=\"(max-width: 242px) 100vw, 242px\" \/><\/a>\n\t\t\t<\/div>\n\t\t\t\t<figcaption class='wp-caption-text gallery-caption' id='gallery-1-16034'>\n\t\t\t\tSUV Citroen C4 Cactus dans le magazine Top Gear\n\t\t\t\t<\/figcaption><\/figure><figure class='gallery-item'>\n\t\t\t<div class='gallery-icon portrait'>\n\t\t\t\t<a href='https:\/\/www.carideal.com\/blog\/2015\/11\/10\/top-gear-aime-le-citroen-c4-cactus\/citroen-c4-cactus-top-guear-11-2015-schiavon-actualites-6\/#main'><img loading=\"lazy\" decoding=\"async\" width=\"226\" height=\"300\" src=\"https:\/\/www.carideal.com\/blog\/wp-content\/uploads\/2017\/04\/citroen-c4-cactus-top-guear-11-2015-schiavon-actualit\u00e9s-6-226x300.jpg\" class=\"attachment-medium size-medium\" alt=\"SUV Citroen C4 Cactus dans le magazine Top Gear\" aria-describedby=\"gallery-1-16033\" srcset=\"https:\/\/www.carideal.com\/blog\/wp-content\/uploads\/2017\/04\/citroen-c4-cactus-top-guear-11-2015-schiavon-actualit\u00e9s-6-226x300.jpg 226w, https:\/\/www.carideal.com\/blog\/wp-content\/uploads\/2017\/04\/citroen-c4-cactus-top-guear-11-2015-schiavon-actualit\u00e9s-6-768x1021.jpg 768w, https:\/\/www.carideal.com\/blog\/wp-content\/uploads\/2017\/04\/citroen-c4-cactus-top-guear-11-2015-schiavon-actualit\u00e9s-6-770x1024.jpg 770w, https:\/\/www.carideal.com\/blog\/wp-content\/uploads\/2017\/04\/citroen-c4-cactus-top-guear-11-2015-schiavon-actualit\u00e9s-6-83x110.jpg 83w, https:\/\/www.carideal.com\/blog\/wp-content\/uploads\/2017\/04\/citroen-c4-cactus-top-guear-11-2015-schiavon-actualit\u00e9s-6-316x420.jpg 316w, https:\/\/www.carideal.com\/blog\/wp-content\/uploads\/2017\/04\/citroen-c4-cactus-top-guear-11-2015-schiavon-actualit\u00e9s-6-323x430.jpg 323w, https:\/\/www.carideal.com\/blog\/wp-content\/uploads\/2017\/04\/citroen-c4-cactus-top-guear-11-2015-schiavon-actualit\u00e9s-6-38x50.jpg 38w, https:\/\/www.carideal.com\/blog\/wp-content\/uploads\/2017\/04\/citroen-c4-cactus-top-guear-11-2015-schiavon-actualit\u00e9s-6-e1491913972176.jpg 451w\" sizes=\"(max-width: 226px) 100vw, 226px\" \/><\/a>\n\t\t\t<\/div>\n\t\t\t\t<figcaption class='wp-caption-text gallery-caption' id='gallery-1-16033'>\n\t\t\t\tSUV Citroen C4 Cactus dans le magazine Top Gear\n\t\t\t\t<\/figcaption><\/figure><figure class='gallery-item'>\n\t\t\t<div class='gallery-icon portrait'>\n\t\t\t\t<a href='https:\/\/www.carideal.com\/blog\/2015\/11\/10\/top-gear-aime-le-citroen-c4-cactus\/citroen-c4-cactus-top-guear-11-2015-schiavon-actualites-5\/#main'><img loading=\"lazy\" decoding=\"async\" width=\"221\" height=\"300\" src=\"https:\/\/www.carideal.com\/blog\/wp-content\/uploads\/2017\/04\/citroen-c4-cactus-top-guear-11-2015-schiavon-actualit\u00e9s-5-221x300.jpg\" class=\"attachment-medium size-medium\" alt=\"SUV Citroen C4 Cactus dans le magazine Top Gear\" aria-describedby=\"gallery-1-16032\" srcset=\"https:\/\/www.carideal.com\/blog\/wp-content\/uploads\/2017\/04\/citroen-c4-cactus-top-guear-11-2015-schiavon-actualit\u00e9s-5-221x300.jpg 221w, https:\/\/www.carideal.com\/blog\/wp-content\/uploads\/2017\/04\/citroen-c4-cactus-top-guear-11-2015-schiavon-actualit\u00e9s-5-768x1043.jpg 768w, https:\/\/www.carideal.com\/blog\/wp-content\/uploads\/2017\/04\/citroen-c4-cactus-top-guear-11-2015-schiavon-actualit\u00e9s-5-754x1024.jpg 754w, https:\/\/www.carideal.com\/blog\/wp-content\/uploads\/2017\/04\/citroen-c4-cactus-top-guear-11-2015-schiavon-actualit\u00e9s-5-81x110.jpg 81w, https:\/\/www.carideal.com\/blog\/wp-content\/uploads\/2017\/04\/citroen-c4-cactus-top-guear-11-2015-schiavon-actualit\u00e9s-5-309x420.jpg 309w, https:\/\/www.carideal.com\/blog\/wp-content\/uploads\/2017\/04\/citroen-c4-cactus-top-guear-11-2015-schiavon-actualit\u00e9s-5-317x430.jpg 317w, https:\/\/www.carideal.com\/blog\/wp-content\/uploads\/2017\/04\/citroen-c4-cactus-top-guear-11-2015-schiavon-actualit\u00e9s-5-37x50.jpg 37w, https:\/\/www.carideal.com\/blog\/wp-content\/uploads\/2017\/04\/citroen-c4-cactus-top-guear-11-2015-schiavon-actualit\u00e9s-5-e1491914012592.jpg 442w\" sizes=\"(max-width: 221px) 100vw, 221px\" \/><\/a>\n\t\t\t<\/div>\n\t\t\t\t<figcaption class='wp-caption-text gallery-caption' id='gallery-1-16032'>\n\t\t\t\tSUV Citroen C4 Cactus dans le magazine Top Gear\n\t\t\t\t<\/figcaption><\/figure><figure class='gallery-item'>\n\t\t\t<div class='gallery-icon portrait'>\n\t\t\t\t<a href='https:\/\/www.carideal.com\/blog\/2015\/11\/10\/top-gear-aime-le-citroen-c4-cactus\/citroen-c4-cactus-top-guear-11-2015-schiavon-actualites-4\/#main'><img loading=\"lazy\" decoding=\"async\" width=\"223\" height=\"300\" src=\"https:\/\/www.carideal.com\/blog\/wp-content\/uploads\/2017\/04\/citroen-c4-cactus-top-guear-11-2015-schiavon-actualit\u00e9s-4-223x300.jpg\" class=\"attachment-medium size-medium\" alt=\"SUV Citroen C4 Cactus dans le magazine Top Gear\" aria-describedby=\"gallery-1-16031\" srcset=\"https:\/\/www.carideal.com\/blog\/wp-content\/uploads\/2017\/04\/citroen-c4-cactus-top-guear-11-2015-schiavon-actualit\u00e9s-4-223x300.jpg 223w, https:\/\/www.carideal.com\/blog\/wp-content\/uploads\/2017\/04\/citroen-c4-cactus-top-guear-11-2015-schiavon-actualit\u00e9s-4-768x1033.jpg 768w, https:\/\/www.carideal.com\/blog\/wp-content\/uploads\/2017\/04\/citroen-c4-cactus-top-guear-11-2015-schiavon-actualit\u00e9s-4-761x1024.jpg 761w, https:\/\/www.carideal.com\/blog\/wp-content\/uploads\/2017\/04\/citroen-c4-cactus-top-guear-11-2015-schiavon-actualit\u00e9s-4-82x110.jpg 82w, https:\/\/www.carideal.com\/blog\/wp-content\/uploads\/2017\/04\/citroen-c4-cactus-top-guear-11-2015-schiavon-actualit\u00e9s-4-312x420.jpg 312w, https:\/\/www.carideal.com\/blog\/wp-content\/uploads\/2017\/04\/citroen-c4-cactus-top-guear-11-2015-schiavon-actualit\u00e9s-4-320x430.jpg 320w, https:\/\/www.carideal.com\/blog\/wp-content\/uploads\/2017\/04\/citroen-c4-cactus-top-guear-11-2015-schiavon-actualit\u00e9s-4-37x50.jpg 37w, https:\/\/www.carideal.com\/blog\/wp-content\/uploads\/2017\/04\/citroen-c4-cactus-top-guear-11-2015-schiavon-actualit\u00e9s-4-e1491914055587.jpg 446w\" sizes=\"(max-width: 223px) 100vw, 223px\" \/><\/a>\n\t\t\t<\/div>\n\t\t\t\t<figcaption class='wp-caption-text gallery-caption' id='gallery-1-16031'>\n\t\t\t\tSUV Citroen C4 Cactus dans le magazine Top Gear\n\t\t\t\t<\/figcaption><\/figure><figure class='gallery-item'>\n\t\t\t<div class='gallery-icon portrait'>\n\t\t\t\t<a href='https:\/\/www.carideal.com\/blog\/2015\/11\/10\/top-gear-aime-le-citroen-c4-cactus\/citroen-c4-cactus-top-guear-11-2015-schiavon-actualites-3-2\/#main'><img loading=\"lazy\" decoding=\"async\" width=\"232\" height=\"300\" src=\"https:\/\/www.carideal.com\/blog\/wp-content\/uploads\/2017\/04\/citroen-c4-cactus-top-guear-11-2015-schiavon-actualit\u00e9s-3-232x300.jpg\" class=\"attachment-medium size-medium\" alt=\"SUV Citroen C4 Cactus dans le magazine Top Gear\" aria-describedby=\"gallery-1-16030\" srcset=\"https:\/\/www.carideal.com\/blog\/wp-content\/uploads\/2017\/04\/citroen-c4-cactus-top-guear-11-2015-schiavon-actualit\u00e9s-3-232x300.jpg 232w, https:\/\/www.carideal.com\/blog\/wp-content\/uploads\/2017\/04\/citroen-c4-cactus-top-guear-11-2015-schiavon-actualit\u00e9s-3-768x991.jpg 768w, https:\/\/www.carideal.com\/blog\/wp-content\/uploads\/2017\/04\/citroen-c4-cactus-top-guear-11-2015-schiavon-actualit\u00e9s-3-793x1024.jpg 793w, https:\/\/www.carideal.com\/blog\/wp-content\/uploads\/2017\/04\/citroen-c4-cactus-top-guear-11-2015-schiavon-actualit\u00e9s-3-85x110.jpg 85w, https:\/\/www.carideal.com\/blog\/wp-content\/uploads\/2017\/04\/citroen-c4-cactus-top-guear-11-2015-schiavon-actualit\u00e9s-3-325x420.jpg 325w, https:\/\/www.carideal.com\/blog\/wp-content\/uploads\/2017\/04\/citroen-c4-cactus-top-guear-11-2015-schiavon-actualit\u00e9s-3-333x430.jpg 333w, https:\/\/www.carideal.com\/blog\/wp-content\/uploads\/2017\/04\/citroen-c4-cactus-top-guear-11-2015-schiavon-actualit\u00e9s-3-39x50.jpg 39w, https:\/\/www.carideal.com\/blog\/wp-content\/uploads\/2017\/04\/citroen-c4-cactus-top-guear-11-2015-schiavon-actualit\u00e9s-3-e1491914097487.jpg 465w\" sizes=\"(max-width: 232px) 100vw, 232px\" \/><\/a>\n\t\t\t<\/div>\n\t\t\t\t<figcaption class='wp-caption-text gallery-caption' id='gallery-1-16030'>\n\t\t\t\tSUV Citroen C4 Cactus dans le magazine Top Gear\n\t\t\t\t<\/figcaption><\/figure><figure class='gallery-item'>\n\t\t\t<div class='gallery-icon portrait'>\n\t\t\t\t<a href='https:\/\/www.carideal.com\/blog\/2015\/11\/10\/top-gear-aime-le-citroen-c4-cactus\/citroen-c4-cactus-top-guear-11-2015-schiavon-actualites-3-1-2\/#main'><img loading=\"lazy\" decoding=\"async\" width=\"232\" height=\"300\" src=\"https:\/\/www.carideal.com\/blog\/wp-content\/uploads\/2017\/04\/citroen-c4-cactus-top-guear-11-2015-schiavon-actualit\u00e9s-3-1-1-232x300.jpg\" class=\"attachment-medium size-medium\" alt=\"SUV Citroen C4 Cactus dans le magazine Top Gear\" aria-describedby=\"gallery-1-16029\" srcset=\"https:\/\/www.carideal.com\/blog\/wp-content\/uploads\/2017\/04\/citroen-c4-cactus-top-guear-11-2015-schiavon-actualit\u00e9s-3-1-1-232x300.jpg 232w, https:\/\/www.carideal.com\/blog\/wp-content\/uploads\/2017\/04\/citroen-c4-cactus-top-guear-11-2015-schiavon-actualit\u00e9s-3-1-1-768x991.jpg 768w, https:\/\/www.carideal.com\/blog\/wp-content\/uploads\/2017\/04\/citroen-c4-cactus-top-guear-11-2015-schiavon-actualit\u00e9s-3-1-1-793x1024.jpg 793w, https:\/\/www.carideal.com\/blog\/wp-content\/uploads\/2017\/04\/citroen-c4-cactus-top-guear-11-2015-schiavon-actualit\u00e9s-3-1-1-85x110.jpg 85w, https:\/\/www.carideal.com\/blog\/wp-content\/uploads\/2017\/04\/citroen-c4-cactus-top-guear-11-2015-schiavon-actualit\u00e9s-3-1-1-325x420.jpg 325w, https:\/\/www.carideal.com\/blog\/wp-content\/uploads\/2017\/04\/citroen-c4-cactus-top-guear-11-2015-schiavon-actualit\u00e9s-3-1-1-333x430.jpg 333w, https:\/\/www.carideal.com\/blog\/wp-content\/uploads\/2017\/04\/citroen-c4-cactus-top-guear-11-2015-schiavon-actualit\u00e9s-3-1-1-39x50.jpg 39w, https:\/\/www.carideal.com\/blog\/wp-content\/uploads\/2017\/04\/citroen-c4-cactus-top-guear-11-2015-schiavon-actualit\u00e9s-3-1-1-e1491914143156.jpg 465w\" sizes=\"(max-width: 232px) 100vw, 232px\" \/><\/a>\n\t\t\t<\/div>\n\t\t\t\t<figcaption class='wp-caption-text gallery-caption' id='gallery-1-16029'>\n\t\t\t\tSUV Citroen C4 Cactus dans le magazine Top Gear\n\t\t\t\t<\/figcaption><\/figure><figure class='gallery-item'>\n\t\t\t<div class='gallery-icon portrait'>\n\t\t\t\t<a href='https:\/\/www.carideal.com\/blog\/2015\/11\/10\/top-gear-aime-le-citroen-c4-cactus\/citroen-c4-cactus-top-guear-11-2015-schiavon-actualites-2-2\/#main'><img loading=\"lazy\" decoding=\"async\" width=\"224\" height=\"300\" src=\"https:\/\/www.carideal.com\/blog\/wp-content\/uploads\/2017\/04\/citroen-c4-cactus-top-guear-11-2015-schiavon-actualit\u00e9s-2-1-224x300.jpg\" class=\"attachment-medium size-medium\" alt=\"SUV Citroen C4 Cactus dans le magazine Top Gear\" aria-describedby=\"gallery-1-16028\" srcset=\"https:\/\/www.carideal.com\/blog\/wp-content\/uploads\/2017\/04\/citroen-c4-cactus-top-guear-11-2015-schiavon-actualit\u00e9s-2-1-224x300.jpg 224w, https:\/\/www.carideal.com\/blog\/wp-content\/uploads\/2017\/04\/citroen-c4-cactus-top-guear-11-2015-schiavon-actualit\u00e9s-2-1-768x1030.jpg 768w, https:\/\/www.carideal.com\/blog\/wp-content\/uploads\/2017\/04\/citroen-c4-cactus-top-guear-11-2015-schiavon-actualit\u00e9s-2-1-764x1024.jpg 764w, https:\/\/www.carideal.com\/blog\/wp-content\/uploads\/2017\/04\/citroen-c4-cactus-top-guear-11-2015-schiavon-actualit\u00e9s-2-1-82x110.jpg 82w, https:\/\/www.carideal.com\/blog\/wp-content\/uploads\/2017\/04\/citroen-c4-cactus-top-guear-11-2015-schiavon-actualit\u00e9s-2-1-313x420.jpg 313w, https:\/\/www.carideal.com\/blog\/wp-content\/uploads\/2017\/04\/citroen-c4-cactus-top-guear-11-2015-schiavon-actualit\u00e9s-2-1-321x430.jpg 321w, https:\/\/www.carideal.com\/blog\/wp-content\/uploads\/2017\/04\/citroen-c4-cactus-top-guear-11-2015-schiavon-actualit\u00e9s-2-1-37x50.jpg 37w, https:\/\/www.carideal.com\/blog\/wp-content\/uploads\/2017\/04\/citroen-c4-cactus-top-guear-11-2015-schiavon-actualit\u00e9s-2-1-e1491914199386.jpg 448w\" sizes=\"(max-width: 224px) 100vw, 224px\" \/><\/a>\n\t\t\t<\/div>\n\t\t\t\t<figcaption class='wp-caption-text gallery-caption' id='gallery-1-16028'>\n\t\t\t\tSUV Citroen C4 Cactus dans le magazine Top Gear\n\t\t\t\t<\/figcaption><\/figure>\n\t\t<\/div>\n\n","protected":false},"excerpt":{"rendered":"<p>Top Gear aime le Citroen C4 Cactus, \u00e7a on le sait le magazine en avait d\u00e9j\u00e0 parl\u00e9. Un essai des SUV urbains, un march\u00e9 en augmentation qui repr\u00e9sente 25 % du march\u00e9 fran\u00e7ais. Cette fois-ci c&rsquo;est la version fran\u00e7aise du magazine papier de TOP GEAR qui en parle. En effet ils ont publi\u00e9 dans la &#8230; <a title=\"Top Gear aime le Citroen C4 Cactus\" class=\"read-more\" href=\"https:\/\/www.carideal.com\/blog\/2015\/11\/10\/top-gear-aime-le-citroen-c4-cactus\/\" aria-label=\"En savoir plus sur Top Gear aime le Citroen C4 Cactus\">Lire plus<\/a><\/p>\n","protected":false},"author":3,"featured_media":16024,"comment_status":"open","ping_status":"open","sticky":false,"template":"","format":"standard","meta":{"_uag_custom_page_level_css":"","_themeisle_gutenberg_block_has_review":false,"footnotes":""},"categories":[5944,6021,5950,17198,5974],"tags":[],"class_list":["post-16023","post","type-post","status-publish","format-standard","has-post-thumbnail","hentry","category-constructeur","category-crossovers","category-citroen-essai","category-essais-citroen-c4-cactus","category-type-de-vehicule"],"wppr_data":{"cwp_meta_box_check":"No"},"yoast_head":"<!-- This site is optimized with the Yoast SEO plugin v24.8.1 - https:\/\/yoast.com\/wordpress\/plugins\/seo\/ -->\n<title>Top Gear aime le Citroen C4 Cactus - Blog auto Carid\u00e9al<\/title>\n<meta name=\"description\" content=\"Top Gear aime le Citroen C4 Cactus, \u00e7a on le sait le magazine en avait d\u00e9j\u00e0 parl\u00e9. Un essai des SUV urbains, un march\u00e9 en augmentation qui repr\u00e9sente 25 %\" \/>\n<meta name=\"robots\" content=\"index, follow, max-snippet:-1, max-image-preview:large, max-video-preview:-1\" \/>\n<link rel=\"canonical\" href=\"https:\/\/www.carideal.com\/blog\/2015\/11\/10\/top-gear-aime-le-citroen-c4-cactus\/\" \/>\n<meta property=\"og:locale\" content=\"fr_FR\" \/>\n<meta property=\"og:type\" content=\"article\" \/>\n<meta property=\"og:title\" content=\"Top Gear aime le Citroen C4 Cactus - Blog auto Carid\u00e9al\" \/>\n<meta property=\"og:description\" content=\"Top Gear aime le Citroen C4 Cactus, \u00e7a on le sait le magazine en avait d\u00e9j\u00e0 parl\u00e9. Un essai des SUV urbains, un march\u00e9 en augmentation qui repr\u00e9sente 25 %\" \/>\n<meta property=\"og:url\" content=\"https:\/\/www.carideal.com\/blog\/2015\/11\/10\/top-gear-aime-le-citroen-c4-cactus\/\" \/>\n<meta property=\"og:site_name\" content=\"Blog auto Carid\u00e9al\" \/>\n<meta property=\"article:publisher\" content=\"https:\/\/www.facebook.com\/Carideal.mandataire.automobile\" \/>\n<meta property=\"article:author\" content=\"https:\/\/www.facebook.com\/nicolas.schiavon.39\" \/>\n<meta property=\"article:published_time\" content=\"2015-11-10T13:41:04+00:00\" \/>\n<meta property=\"article:modified_time\" content=\"2020-02-08T14:10:31+00:00\" \/>\n<meta property=\"og:image\" content=\"https:\/\/www.carideal.com\/blog\/wp-content\/uploads\/2017\/04\/citroen-c4-cactus-top-guear-11-2015-schiavon-actualit\u00e9s-3-1-e1491912956219.jpg\" \/>\n\t<meta property=\"og:image:width\" content=\"387\" \/>\n\t<meta property=\"og:image:height\" content=\"500\" \/>\n\t<meta property=\"og:image:type\" content=\"image\/jpeg\" \/>\n<meta name=\"author\" content=\"Nicolas SCHIAVON\" \/>\n<meta name=\"twitter:card\" content=\"summary_large_image\" \/>\n<meta name=\"twitter:creator\" content=\"@caridealauto\" \/>\n<meta name=\"twitter:site\" content=\"@caridealauto\" \/>\n<meta name=\"twitter:label1\" content=\"\u00c9crit par\" \/>\n\t<meta name=\"twitter:data1\" content=\"Nicolas SCHIAVON\" \/>\n\t<meta name=\"twitter:label2\" content=\"Dur\u00e9e de lecture estim\u00e9e\" \/>\n\t<meta name=\"twitter:data2\" content=\"2 minutes\" \/>\n<script type=\"application\/ld+json\" class=\"yoast-schema-graph\">{\"@context\":\"https:\/\/schema.org\",\"@graph\":[{\"@type\":\"Article\",\"@id\":\"https:\/\/www.carideal.com\/blog\/2015\/11\/10\/top-gear-aime-le-citroen-c4-cactus\/#article\",\"isPartOf\":{\"@id\":\"https:\/\/www.carideal.com\/blog\/2015\/11\/10\/top-gear-aime-le-citroen-c4-cactus\/\"},\"author\":{\"name\":\"Nicolas SCHIAVON\",\"@id\":\"https:\/\/www.carideal.com\/blog\/#\/schema\/person\/cd95dc7919660de90d31b366f85be1ec\"},\"headline\":\"Top Gear aime le Citroen C4 Cactus\",\"datePublished\":\"2015-11-10T13:41:04+00:00\",\"dateModified\":\"2020-02-08T14:10:31+00:00\",\"mainEntityOfPage\":{\"@id\":\"https:\/\/www.carideal.com\/blog\/2015\/11\/10\/top-gear-aime-le-citroen-c4-cactus\/\"},\"wordCount\":324,\"commentCount\":1,\"publisher\":{\"@id\":\"https:\/\/www.carideal.com\/blog\/#organization\"},\"image\":{\"@id\":\"https:\/\/www.carideal.com\/blog\/2015\/11\/10\/top-gear-aime-le-citroen-c4-cactus\/#primaryimage\"},\"thumbnailUrl\":\"https:\/\/www.carideal.com\/blog\/wp-content\/uploads\/2017\/04\/citroen-c4-cactus-top-guear-11-2015-schiavon-actualit\u00e9s-3-1-e1491912956219.jpg\",\"articleSection\":[\"Actualit\u00e9 Constructeur automobile\",\"Crossover\",\"Essais Citroen\",\"Essais Citro\u00ebn C4 Cactus\",\"Type de v\u00e9hicule\"],\"inLanguage\":\"fr-FR\",\"potentialAction\":[{\"@type\":\"CommentAction\",\"name\":\"Comment\",\"target\":[\"https:\/\/www.carideal.com\/blog\/2015\/11\/10\/top-gear-aime-le-citroen-c4-cactus\/#respond\"]}]},{\"@type\":\"WebPage\",\"@id\":\"https:\/\/www.carideal.com\/blog\/2015\/11\/10\/top-gear-aime-le-citroen-c4-cactus\/\",\"url\":\"https:\/\/www.carideal.com\/blog\/2015\/11\/10\/top-gear-aime-le-citroen-c4-cactus\/\",\"name\":\"Top Gear aime le Citroen C4 Cactus - Blog auto Carid\u00e9al\",\"isPartOf\":{\"@id\":\"https:\/\/www.carideal.com\/blog\/#website\"},\"primaryImageOfPage\":{\"@id\":\"https:\/\/www.carideal.com\/blog\/2015\/11\/10\/top-gear-aime-le-citroen-c4-cactus\/#primaryimage\"},\"image\":{\"@id\":\"https:\/\/www.carideal.com\/blog\/2015\/11\/10\/top-gear-aime-le-citroen-c4-cactus\/#primaryimage\"},\"thumbnailUrl\":\"https:\/\/www.carideal.com\/blog\/wp-content\/uploads\/2017\/04\/citroen-c4-cactus-top-guear-11-2015-schiavon-actualit\u00e9s-3-1-e1491912956219.jpg\",\"datePublished\":\"2015-11-10T13:41:04+00:00\",\"dateModified\":\"2020-02-08T14:10:31+00:00\",\"description\":\"Top Gear aime le Citroen C4 Cactus, \u00e7a on le sait le magazine en avait d\u00e9j\u00e0 parl\u00e9. Un essai des SUV urbains, un march\u00e9 en augmentation qui repr\u00e9sente 25 %\",\"breadcrumb\":{\"@id\":\"https:\/\/www.carideal.com\/blog\/2015\/11\/10\/top-gear-aime-le-citroen-c4-cactus\/#breadcrumb\"},\"inLanguage\":\"fr-FR\",\"potentialAction\":[{\"@type\":\"ReadAction\",\"target\":[\"https:\/\/www.carideal.com\/blog\/2015\/11\/10\/top-gear-aime-le-citroen-c4-cactus\/\"]}]},{\"@type\":\"ImageObject\",\"inLanguage\":\"fr-FR\",\"@id\":\"https:\/\/www.carideal.com\/blog\/2015\/11\/10\/top-gear-aime-le-citroen-c4-cactus\/#primaryimage\",\"url\":\"https:\/\/www.carideal.com\/blog\/wp-content\/uploads\/2017\/04\/citroen-c4-cactus-top-guear-11-2015-schiavon-actualit\u00e9s-3-1-e1491912956219.jpg\",\"contentUrl\":\"https:\/\/www.carideal.com\/blog\/wp-content\/uploads\/2017\/04\/citroen-c4-cactus-top-guear-11-2015-schiavon-actualit\u00e9s-3-1-e1491912956219.jpg\",\"width\":387,\"height\":500,\"caption\":\"Top Gear aime le Citroen C4 Cactus\"},{\"@type\":\"BreadcrumbList\",\"@id\":\"https:\/\/www.carideal.com\/blog\/2015\/11\/10\/top-gear-aime-le-citroen-c4-cactus\/#breadcrumb\",\"itemListElement\":[{\"@type\":\"ListItem\",\"position\":1,\"name\":\"Blog Carid\u00e9al\",\"item\":\"https:\/\/www.carideal.com\/blog\/\"},{\"@type\":\"ListItem\",\"position\":2,\"name\":\"Essais automobile\",\"item\":\"https:\/\/www.carideal.com\/blog\/essai\/\"},{\"@type\":\"ListItem\",\"position\":3,\"name\":\"Essais Citroen\",\"item\":\"https:\/\/www.carideal.com\/blog\/essai\/citroen-essai\/\"},{\"@type\":\"ListItem\",\"position\":4,\"name\":\"Essais Citro\u00ebn C4 Cactus\",\"item\":\"https:\/\/www.carideal.com\/blog\/essai\/citroen-essai\/essais-citroen-c4-cactus\/\"},{\"@type\":\"ListItem\",\"position\":5,\"name\":\"Top Gear aime le Citroen C4 Cactus\"}]},{\"@type\":\"WebSite\",\"@id\":\"https:\/\/www.carideal.com\/blog\/#website\",\"url\":\"https:\/\/www.carideal.com\/blog\/\",\"name\":\"Blog auto Carid\u00e9al\",\"description\":\"Actualit\u00e9 auto par des passionn\u00e9s\",\"publisher\":{\"@id\":\"https:\/\/www.carideal.com\/blog\/#organization\"},\"potentialAction\":[{\"@type\":\"SearchAction\",\"target\":{\"@type\":\"EntryPoint\",\"urlTemplate\":\"https:\/\/www.carideal.com\/blog\/?s={search_term_string}\"},\"query-input\":{\"@type\":\"PropertyValueSpecification\",\"valueRequired\":true,\"valueName\":\"search_term_string\"}}],\"inLanguage\":\"fr-FR\"},{\"@type\":\"Organization\",\"@id\":\"https:\/\/www.carideal.com\/blog\/#organization\",\"name\":\"Carideal\",\"url\":\"https:\/\/www.carideal.com\/blog\/\",\"logo\":{\"@type\":\"ImageObject\",\"inLanguage\":\"fr-FR\",\"@id\":\"https:\/\/www.carideal.com\/blog\/#\/schema\/logo\/image\/\",\"url\":\"http:\/\/www.carideal.com\/blog\/wp-content\/uploads\/2016\/03\/logo-carideal-mandataire-automobile.png\",\"contentUrl\":\"http:\/\/www.carideal.com\/blog\/wp-content\/uploads\/2016\/03\/logo-carideal-mandataire-automobile.png\",\"width\":300,\"height\":300,\"caption\":\"Carideal\"},\"image\":{\"@id\":\"https:\/\/www.carideal.com\/blog\/#\/schema\/logo\/image\/\"},\"sameAs\":[\"https:\/\/www.facebook.com\/Carideal.mandataire.automobile\",\"https:\/\/x.com\/caridealauto\",\"https:\/\/www.instagram.com\/carideal1\/\",\"https:\/\/www.linkedin.com\/company\/carideal.com\",\"https:\/\/fr.pinterest.com\/schiavonsas\/\",\"https:\/\/www.youtube.com\/user\/caridealsas\"]},{\"@type\":\"Person\",\"@id\":\"https:\/\/www.carideal.com\/blog\/#\/schema\/person\/cd95dc7919660de90d31b366f85be1ec\",\"name\":\"Nicolas SCHIAVON\",\"image\":{\"@type\":\"ImageObject\",\"inLanguage\":\"fr-FR\",\"@id\":\"https:\/\/www.carideal.com\/blog\/#\/schema\/person\/image\/\",\"url\":\"https:\/\/secure.gravatar.com\/avatar\/c17e55009e671d92cc7f5dc837dc418a?s=96&r=g\",\"contentUrl\":\"https:\/\/secure.gravatar.com\/avatar\/c17e55009e671d92cc7f5dc837dc418a?s=96&r=g\",\"caption\":\"Nicolas SCHIAVON\"},\"description\":\"Nicolas Schiavon est tomb\u00e9 tout petit dans la marmite automobile. Ayant eu un garage de marque automobile, mandataire automobile de la premi\u00e8re heure d\u00e8s 1999. Nicolas a cr\u00e9\u00e9 ces premiers sites de vente de voiture et blog automobile d\u00e8s 1994. Carideal est n\u00e9 le 15 d\u00e9cembre 2000 de la volont\u00e9 de vendre des voitures d'occasions en ligne puis des voitures neuves. Il a pu essayer beaucoup de voitures tr\u00e8s diff\u00e9rentes et ayant eu personnellement quelques belles autos, Subaru Impreza, Mitsubishi Lancer Evo 7, Porsche 911, Ferrari Testarrossa, Audi RS3, RS4 et j'en passe...\",\"sameAs\":[\"http:\/\/www.carideal.com\",\"https:\/\/www.facebook.com\/nicolas.schiavon.39\",\"https:\/\/www.instagram.com\/carideal1\/\",\"https:\/\/www.linkedin.com\/in\/nschiavon\/\",\"https:\/\/x.com\/caridealauto\",\"https:\/\/www.youtube.com\/user\/caridealsas\/\"],\"url\":\"https:\/\/www.carideal.com\/blog\/author\/nschiavon\/\"}]}<\/script>\n<!-- \/ Yoast SEO plugin. -->","yoast_head_json":{"title":"Top Gear aime le Citroen C4 Cactus - Blog auto Carid\u00e9al","description":"Top Gear aime le Citroen C4 Cactus, \u00e7a on le sait le magazine en avait d\u00e9j\u00e0 parl\u00e9. Un essai des SUV urbains, un march\u00e9 en augmentation qui repr\u00e9sente 25 %","robots":{"index":"index","follow":"follow","max-snippet":"max-snippet:-1","max-image-preview":"max-image-preview:large","max-video-preview":"max-video-preview:-1"},"canonical":"https:\/\/www.carideal.com\/blog\/2015\/11\/10\/top-gear-aime-le-citroen-c4-cactus\/","og_locale":"fr_FR","og_type":"article","og_title":"Top Gear aime le Citroen C4 Cactus - Blog auto Carid\u00e9al","og_description":"Top Gear aime le Citroen C4 Cactus, \u00e7a on le sait le magazine en avait d\u00e9j\u00e0 parl\u00e9. Un essai des SUV urbains, un march\u00e9 en augmentation qui repr\u00e9sente 25 %","og_url":"https:\/\/www.carideal.com\/blog\/2015\/11\/10\/top-gear-aime-le-citroen-c4-cactus\/","og_site_name":"Blog auto Carid\u00e9al","article_publisher":"https:\/\/www.facebook.com\/Carideal.mandataire.automobile","article_author":"https:\/\/www.facebook.com\/nicolas.schiavon.39","article_published_time":"2015-11-10T13:41:04+00:00","article_modified_time":"2020-02-08T14:10:31+00:00","og_image":[{"width":387,"height":500,"url":"https:\/\/www.carideal.com\/blog\/wp-content\/uploads\/2017\/04\/citroen-c4-cactus-top-guear-11-2015-schiavon-actualit\u00e9s-3-1-e1491912956219.jpg","type":"image\/jpeg"}],"author":"Nicolas SCHIAVON","twitter_card":"summary_large_image","twitter_creator":"@caridealauto","twitter_site":"@caridealauto","twitter_misc":{"\u00c9crit par":"Nicolas SCHIAVON","Dur\u00e9e de lecture estim\u00e9e":"2 minutes"},"schema":{"@context":"https:\/\/schema.org","@graph":[{"@type":"Article","@id":"https:\/\/www.carideal.com\/blog\/2015\/11\/10\/top-gear-aime-le-citroen-c4-cactus\/#article","isPartOf":{"@id":"https:\/\/www.carideal.com\/blog\/2015\/11\/10\/top-gear-aime-le-citroen-c4-cactus\/"},"author":{"name":"Nicolas SCHIAVON","@id":"https:\/\/www.carideal.com\/blog\/#\/schema\/person\/cd95dc7919660de90d31b366f85be1ec"},"headline":"Top Gear aime le Citroen C4 Cactus","datePublished":"2015-11-10T13:41:04+00:00","dateModified":"2020-02-08T14:10:31+00:00","mainEntityOfPage":{"@id":"https:\/\/www.carideal.com\/blog\/2015\/11\/10\/top-gear-aime-le-citroen-c4-cactus\/"},"wordCount":324,"commentCount":1,"publisher":{"@id":"https:\/\/www.carideal.com\/blog\/#organization"},"image":{"@id":"https:\/\/www.carideal.com\/blog\/2015\/11\/10\/top-gear-aime-le-citroen-c4-cactus\/#primaryimage"},"thumbnailUrl":"https:\/\/www.carideal.com\/blog\/wp-content\/uploads\/2017\/04\/citroen-c4-cactus-top-guear-11-2015-schiavon-actualit\u00e9s-3-1-e1491912956219.jpg","articleSection":["Actualit\u00e9 Constructeur automobile","Crossover","Essais Citroen","Essais Citro\u00ebn C4 Cactus","Type de v\u00e9hicule"],"inLanguage":"fr-FR","potentialAction":[{"@type":"CommentAction","name":"Comment","target":["https:\/\/www.carideal.com\/blog\/2015\/11\/10\/top-gear-aime-le-citroen-c4-cactus\/#respond"]}]},{"@type":"WebPage","@id":"https:\/\/www.carideal.com\/blog\/2015\/11\/10\/top-gear-aime-le-citroen-c4-cactus\/","url":"https:\/\/www.carideal.com\/blog\/2015\/11\/10\/top-gear-aime-le-citroen-c4-cactus\/","name":"Top Gear aime le Citroen C4 Cactus - Blog auto Carid\u00e9al","isPartOf":{"@id":"https:\/\/www.carideal.com\/blog\/#website"},"primaryImageOfPage":{"@id":"https:\/\/www.carideal.com\/blog\/2015\/11\/10\/top-gear-aime-le-citroen-c4-cactus\/#primaryimage"},"image":{"@id":"https:\/\/www.carideal.com\/blog\/2015\/11\/10\/top-gear-aime-le-citroen-c4-cactus\/#primaryimage"},"thumbnailUrl":"https:\/\/www.carideal.com\/blog\/wp-content\/uploads\/2017\/04\/citroen-c4-cactus-top-guear-11-2015-schiavon-actualit\u00e9s-3-1-e1491912956219.jpg","datePublished":"2015-11-10T13:41:04+00:00","dateModified":"2020-02-08T14:10:31+00:00","description":"Top Gear aime le Citroen C4 Cactus, \u00e7a on le sait le magazine en avait d\u00e9j\u00e0 parl\u00e9. Un essai des SUV urbains, un march\u00e9 en augmentation qui repr\u00e9sente 25 %","breadcrumb":{"@id":"https:\/\/www.carideal.com\/blog\/2015\/11\/10\/top-gear-aime-le-citroen-c4-cactus\/#breadcrumb"},"inLanguage":"fr-FR","potentialAction":[{"@type":"ReadAction","target":["https:\/\/www.carideal.com\/blog\/2015\/11\/10\/top-gear-aime-le-citroen-c4-cactus\/"]}]},{"@type":"ImageObject","inLanguage":"fr-FR","@id":"https:\/\/www.carideal.com\/blog\/2015\/11\/10\/top-gear-aime-le-citroen-c4-cactus\/#primaryimage","url":"https:\/\/www.carideal.com\/blog\/wp-content\/uploads\/2017\/04\/citroen-c4-cactus-top-guear-11-2015-schiavon-actualit\u00e9s-3-1-e1491912956219.jpg","contentUrl":"https:\/\/www.carideal.com\/blog\/wp-content\/uploads\/2017\/04\/citroen-c4-cactus-top-guear-11-2015-schiavon-actualit\u00e9s-3-1-e1491912956219.jpg","width":387,"height":500,"caption":"Top Gear aime le Citroen C4 Cactus"},{"@type":"BreadcrumbList","@id":"https:\/\/www.carideal.com\/blog\/2015\/11\/10\/top-gear-aime-le-citroen-c4-cactus\/#breadcrumb","itemListElement":[{"@type":"ListItem","position":1,"name":"Blog Carid\u00e9al","item":"https:\/\/www.carideal.com\/blog\/"},{"@type":"ListItem","position":2,"name":"Essais automobile","item":"https:\/\/www.carideal.com\/blog\/essai\/"},{"@type":"ListItem","position":3,"name":"Essais Citroen","item":"https:\/\/www.carideal.com\/blog\/essai\/citroen-essai\/"},{"@type":"ListItem","position":4,"name":"Essais Citro\u00ebn C4 Cactus","item":"https:\/\/www.carideal.com\/blog\/essai\/citroen-essai\/essais-citroen-c4-cactus\/"},{"@type":"ListItem","position":5,"name":"Top Gear aime le Citroen C4 Cactus"}]},{"@type":"WebSite","@id":"https:\/\/www.carideal.com\/blog\/#website","url":"https:\/\/www.carideal.com\/blog\/","name":"Blog auto Carid\u00e9al","description":"Actualit\u00e9 auto par des passionn\u00e9s","publisher":{"@id":"https:\/\/www.carideal.com\/blog\/#organization"},"potentialAction":[{"@type":"SearchAction","target":{"@type":"EntryPoint","urlTemplate":"https:\/\/www.carideal.com\/blog\/?s={search_term_string}"},"query-input":{"@type":"PropertyValueSpecification","valueRequired":true,"valueName":"search_term_string"}}],"inLanguage":"fr-FR"},{"@type":"Organization","@id":"https:\/\/www.carideal.com\/blog\/#organization","name":"Carideal","url":"https:\/\/www.carideal.com\/blog\/","logo":{"@type":"ImageObject","inLanguage":"fr-FR","@id":"https:\/\/www.carideal.com\/blog\/#\/schema\/logo\/image\/","url":"http:\/\/www.carideal.com\/blog\/wp-content\/uploads\/2016\/03\/logo-carideal-mandataire-automobile.png","contentUrl":"http:\/\/www.carideal.com\/blog\/wp-content\/uploads\/2016\/03\/logo-carideal-mandataire-automobile.png","width":300,"height":300,"caption":"Carideal"},"image":{"@id":"https:\/\/www.carideal.com\/blog\/#\/schema\/logo\/image\/"},"sameAs":["https:\/\/www.facebook.com\/Carideal.mandataire.automobile","https:\/\/x.com\/caridealauto","https:\/\/www.instagram.com\/carideal1\/","https:\/\/www.linkedin.com\/company\/carideal.com","https:\/\/fr.pinterest.com\/schiavonsas\/","https:\/\/www.youtube.com\/user\/caridealsas"]},{"@type":"Person","@id":"https:\/\/www.carideal.com\/blog\/#\/schema\/person\/cd95dc7919660de90d31b366f85be1ec","name":"Nicolas SCHIAVON","image":{"@type":"ImageObject","inLanguage":"fr-FR","@id":"https:\/\/www.carideal.com\/blog\/#\/schema\/person\/image\/","url":"https:\/\/secure.gravatar.com\/avatar\/c17e55009e671d92cc7f5dc837dc418a?s=96&r=g","contentUrl":"https:\/\/secure.gravatar.com\/avatar\/c17e55009e671d92cc7f5dc837dc418a?s=96&r=g","caption":"Nicolas SCHIAVON"},"description":"Nicolas Schiavon est tomb\u00e9 tout petit dans la marmite automobile. Ayant eu un garage de marque automobile, mandataire automobile de la premi\u00e8re heure d\u00e8s 1999. Nicolas a cr\u00e9\u00e9 ces premiers sites de vente de voiture et blog automobile d\u00e8s 1994. Carideal est n\u00e9 le 15 d\u00e9cembre 2000 de la volont\u00e9 de vendre des voitures d'occasions en ligne puis des voitures neuves. Il a pu essayer beaucoup de voitures tr\u00e8s diff\u00e9rentes et ayant eu personnellement quelques belles autos, Subaru Impreza, Mitsubishi Lancer Evo 7, Porsche 911, Ferrari Testarrossa, Audi RS3, RS4 et j'en passe...","sameAs":["http:\/\/www.carideal.com","https:\/\/www.facebook.com\/nicolas.schiavon.39","https:\/\/www.instagram.com\/carideal1\/","https:\/\/www.linkedin.com\/in\/nschiavon\/","https:\/\/x.com\/caridealauto","https:\/\/www.youtube.com\/user\/caridealsas\/"],"url":"https:\/\/www.carideal.com\/blog\/author\/nschiavon\/"}]}},"uagb_featured_image_src":{"full":["https:\/\/www.carideal.com\/blog\/wp-content\/uploads\/2017\/04\/citroen-c4-cactus-top-guear-11-2015-schiavon-actualit\u00e9s-3-1-e1491912956219.jpg",387,500,false],"thumbnail":["https:\/\/www.carideal.com\/blog\/wp-content\/uploads\/2017\/04\/citroen-c4-cactus-top-guear-11-2015-schiavon-actualit\u00e9s-3-1-150x150.jpg",150,150,true],"medium":["https:\/\/www.carideal.com\/blog\/wp-content\/uploads\/2017\/04\/citroen-c4-cactus-top-guear-11-2015-schiavon-actualit\u00e9s-3-1-232x300.jpg",232,300,true],"medium_large":["https:\/\/www.carideal.com\/blog\/wp-content\/uploads\/2017\/04\/citroen-c4-cactus-top-guear-11-2015-schiavon-actualit\u00e9s-3-1-768x991.jpg",768,991,true],"large":["https:\/\/www.carideal.com\/blog\/wp-content\/uploads\/2017\/04\/citroen-c4-cactus-top-guear-11-2015-schiavon-actualit\u00e9s-3-1-793x1024.jpg",793,1024,true],"1536x1536":["https:\/\/www.carideal.com\/blog\/wp-content\/uploads\/2017\/04\/citroen-c4-cactus-top-guear-11-2015-schiavon-actualit\u00e9s-3-1-e1491912956219.jpg",387,500,false],"2048x2048":["https:\/\/www.carideal.com\/blog\/wp-content\/uploads\/2017\/04\/citroen-c4-cactus-top-guear-11-2015-schiavon-actualit\u00e9s-3-1-e1491912956219.jpg",387,500,false],"wppr-widget":["https:\/\/www.carideal.com\/blog\/wp-content\/uploads\/2017\/04\/citroen-c4-cactus-top-guear-11-2015-schiavon-actualit\u00e9s-3-1-e1491912956219.jpg",39,50,false]},"uagb_author_info":{"display_name":"Nicolas SCHIAVON","author_link":"https:\/\/www.carideal.com\/blog\/author\/nschiavon\/"},"uagb_comment_info":1,"uagb_excerpt":"Top Gear aime le Citroen C4 Cactus, \u00e7a on le sait le magazine en avait d\u00e9j\u00e0 parl\u00e9. Un essai des SUV urbains, un march\u00e9 en augmentation qui repr\u00e9sente 25 % du march\u00e9 fran\u00e7ais. Cette fois-ci c'est la version fran\u00e7aise du magazine papier de TOP GEAR qui en parle. En effet ils ont publi\u00e9 dans la\u2026","_links":{"self":[{"href":"https:\/\/www.carideal.com\/blog\/wp-json\/wp\/v2\/posts\/16023"}],"collection":[{"href":"https:\/\/www.carideal.com\/blog\/wp-json\/wp\/v2\/posts"}],"about":[{"href":"https:\/\/www.carideal.com\/blog\/wp-json\/wp\/v2\/types\/post"}],"author":[{"embeddable":true,"href":"https:\/\/www.carideal.com\/blog\/wp-json\/wp\/v2\/users\/3"}],"replies":[{"embeddable":true,"href":"https:\/\/www.carideal.com\/blog\/wp-json\/wp\/v2\/comments?post=16023"}],"version-history":[{"count":0,"href":"https:\/\/www.carideal.com\/blog\/wp-json\/wp\/v2\/posts\/16023\/revisions"}],"wp:featuredmedia":[{"embeddable":true,"href":"https:\/\/www.carideal.com\/blog\/wp-json\/wp\/v2\/media\/16024"}],"wp:attachment":[{"href":"https:\/\/www.carideal.com\/blog\/wp-json\/wp\/v2\/media?parent=16023"}],"wp:term":[{"taxonomy":"category","embeddable":true,"href":"https:\/\/www.carideal.com\/blog\/wp-json\/wp\/v2\/categories?post=16023"},{"taxonomy":"post_tag","embeddable":true,"href":"https:\/\/www.carideal.com\/blog\/wp-json\/wp\/v2\/tags?post=16023"}],"curies":[{"name":"wp","href":"https:\/\/api.w.org\/{rel}","templated":true}]}}