{"id":1601,"date":"2010-02-13T21:31:00","date_gmt":"2010-02-13T21:31:00","guid":{"rendered":"http:\/\/carideal.com\/blog\/?p=1601"},"modified":"2020-03-08T07:31:57","modified_gmt":"2020-03-08T06:31:57","slug":"des-aston-martin-pour-la-gendarmerie","status":"publish","type":"post","link":"https:\/\/www.carideal.com\/blog\/2010\/02\/13\/des-aston-martin-pour-la-gendarmerie\/","title":{"rendered":"Des Aston Martin de Gendarmerie"},"content":{"rendered":"<figure style=\"width: 438px\" class=\"wp-caption alignnone\"><img loading=\"lazy\" decoding=\"async\" style=\"display: block; margin: 0 auto;\" title=\"Aston Martin de Gendarmerie DBRS9\" src=\"\/blog\/public\/.Aston-martin-gendarmerie-carideal_m.jpg\" alt=\"Aston Martin de Gendarmerie DBRS9\" width=\"448\" height=\"336\" \/><figcaption class=\"wp-caption-text\">Aston Martin de Gendarmerie DBRS9<\/figcaption><\/figure>\n<h1><strong>Des Aston Martin de\u00a0Gendarmerie<\/strong><\/h1>\n<p>Les PV sont rentables on le sait, la preuve le gouvernement vient de commander quelques exemplaires de cette magnifique <strong>Aston Martin de Gendarmerie<\/strong>, quel g\u00e2chis !! Quand on sait ce qu'ils ont fait des <strong>Subaru de Gendarmerie<\/strong> ! LOL<\/p>\n<p>Quelqu'un s'est amus\u00e9 sur le web \u00e0 nous pr\u00e9parer ce <strong>photoshop d'une Aston Martin DBRS9<\/strong> de gendarmerie.\u00a0Pas demain la veille qu'on financerait une telle voiture en France. D'ailleurs nous n'avons pas de Frabriquant de supercar de ce calibre.<\/p>\n<h2>Performance hors du commun pour cette Aston Martin de Gendarmerie<\/h2>\n<p>Virtuellement, si l'on compare les chiffres, nous sommes tr\u00e8s loin des performances de la <span style=\"text-decoration: underline;\"><a href=\"http:\/\/www.carideal.com\/blog\/2009\/11\/26\/subaru-impreza-wrx-sti-special-edition\/\">Subaru Impreza WRX<\/a><\/span> de notre Gendarmerie nationale. L'Aston Martin DBRS9 d\u00e9veloppe 550 ch et 620 Nm de couple gr\u00e2ce \u00e0\u00a0son V12 de 6.0 l de cylindr\u00e9e !<br \/>\nIl est sur que dans ces cas l\u00e0, les performances de l'Aston Martin de Gendramerie permettraient d'arr\u00eater n'importe quel m\u00e9chant en Go Fast squattant la ligne de gauche de nos autoroutes en <span style=\"text-decoration: underline;\"><a href=\"http:\/\/www.carideal.com\/blog\/2015\/10\/23\/audi-rs-6-rs-7-sportback-de-605-ch\/\">RS6<\/a><\/span>, ou autres <span style=\"text-decoration: underline;\"><a href=\"http:\/\/www.carideal.com\/blog\/2010\/06\/22\/porsche-cayenne-2-plus-ecolo-mais-toujours-porsche\/\">Porsche Cayenne<\/a><\/span>, avec de la came plein le coffre et les si\u00e8ges arri\u00e8res. La <span style=\"text-decoration: underline;\"><a href=\"http:\/\/www.carideal.com\/blog\/2012\/11\/06\/gendarmerie-du-var-sur-facebook\/\">Gendarmerie a beau \u00eatre sur Facebook<\/a><\/span>... FB n'est pas aussi rapide que l'<span style=\"text-decoration: underline;\">Aston Martin<\/span>. \ud83d\ude09<\/p>\n<p>Pensez donc, cette Aston Martin DBRS9 ne p\u00e8se que 1 280 kg, les gendarmes n'auraient alors aucun mal \u00e0 atteindre les 100 km\/h en moins de 4 secondes, les 160 km\/h en moins de 9 secondes et une vitesse maxi de plus de 350 km\/h avec des rapports longs ! De quoi stoper n'importe qu'elle chauffard suisse faisant de grand exc\u00e8s de vitesse chez nous, alors que chez eux ils te bloquent \u00e0 100 km\/h sur la voie de gauche, et te \"d\u00e9lationnent \" en plus.<\/p>\n<p>Bref reste plus qu'\u00e0 demander aux english qu'ils nous fassent une petite ristourne, car \u00e0\u00a0260 000 euros... va fallaoir casser la tirelire. Sinon on peut \u00e9ventuellement \u00e9conomiser sur un rond point ou deux ?<\/p>\n<h2>Vid\u00e9o Aston Martin de Gendarmerie<\/h2>\n<p><iframe loading=\"lazy\" src=\"https:\/\/www.youtube.com\/embed\/EXVTss_PEBw\" width=\"560\" height=\"315\" frameborder=\"0\" allowfullscreen=\"allowfullscreen\"><\/iframe><\/p>\n<p>&nbsp;<\/p>\n","protected":false},"excerpt":{"rendered":"<p>Des Aston Martin de\u00a0Gendarmerie Les PV sont rentables on le sait, la preuve le gouvernement vient de commander quelques exemplaires de cette magnifique Aston Martin de Gendarmerie, quel g\u00e2chis !! Quand on sait ce qu&rsquo;ils ont fait des Subaru de Gendarmerie ! LOL Quelqu&rsquo;un s&rsquo;est amus\u00e9 sur le web \u00e0 nous pr\u00e9parer ce photoshop d&rsquo;une &#8230; <a title=\"Des Aston Martin de Gendarmerie\" class=\"read-more\" href=\"https:\/\/www.carideal.com\/blog\/2010\/02\/13\/des-aston-martin-pour-la-gendarmerie\/\" aria-label=\"En savoir plus sur Des Aston Martin de Gendarmerie\">Lire plus<\/a><\/p>\n","protected":false},"author":1,"featured_media":0,"comment_status":"open","ping_status":"open","sticky":false,"template":"","format":"standard","meta":{"_uag_custom_page_level_css":"","_themeisle_gutenberg_block_has_review":false,"footnotes":""},"categories":[6116,21,5944,9,5994,6026,15,6000,5974],"tags":[],"class_list":["post-1601","post","type-post","status-publish","format-standard","hentry","category-aston-martin","category-actualites-auto","category-constructeur","category-divers","category-fun","category-photoshop","category-radar-et-securite-routiere","category-supercar","category-type-de-vehicule"],"wppr_data":[],"yoast_head":"<!-- This site is optimized with the Yoast SEO plugin v24.8.1 - https:\/\/yoast.com\/wordpress\/plugins\/seo\/ -->\n<title>Des Aston Martin de Gendarmerie - Blog auto Carid\u00e9al<\/title>\n<meta name=\"description\" content=\"Les PV sont rentables on le sait, la preuve le gouvernement vient de commander quelques exemplaires de cette magnifique Aston Martin de Gendarmerie\" \/>\n<meta name=\"robots\" content=\"index, follow, max-snippet:-1, max-image-preview:large, max-video-preview:-1\" \/>\n<link rel=\"canonical\" href=\"https:\/\/www.carideal.com\/blog\/2010\/02\/13\/des-aston-martin-pour-la-gendarmerie\/\" \/>\n<meta property=\"og:locale\" content=\"fr_FR\" \/>\n<meta property=\"og:type\" content=\"article\" \/>\n<meta property=\"og:title\" content=\"Des Aston Martin de Gendarmerie - Blog auto Carid\u00e9al\" \/>\n<meta property=\"og:description\" content=\"Les PV sont rentables on le sait, la preuve le gouvernement vient de commander quelques exemplaires de cette magnifique Aston Martin de Gendarmerie\" \/>\n<meta property=\"og:url\" content=\"https:\/\/www.carideal.com\/blog\/2010\/02\/13\/des-aston-martin-pour-la-gendarmerie\/\" \/>\n<meta property=\"og:site_name\" content=\"Blog auto Carid\u00e9al\" \/>\n<meta property=\"article:publisher\" content=\"https:\/\/www.facebook.com\/Carideal.mandataire.automobile\" \/>\n<meta property=\"article:author\" content=\"https:\/\/www.facebook.com\/Carideal.mandataire.automobile\/\" \/>\n<meta property=\"article:published_time\" content=\"2010-02-13T21:31:00+00:00\" \/>\n<meta property=\"article:modified_time\" content=\"2020-03-08T06:31:57+00:00\" \/>\n<meta property=\"og:image\" content=\"https:\/\/www.carideal.com\/blog\/wp-content\/uploads\/2016\/03\/logo-carideal-mandataire-automobile.png\" \/>\n\t<meta property=\"og:image:width\" content=\"300\" \/>\n\t<meta property=\"og:image:height\" content=\"300\" \/>\n\t<meta property=\"og:image:type\" content=\"image\/png\" \/>\n<meta name=\"author\" content=\"N.S Carideal\" \/>\n<meta name=\"twitter:card\" content=\"summary_large_image\" \/>\n<meta name=\"twitter:creator\" content=\"@caridealauto\" \/>\n<meta name=\"twitter:site\" content=\"@caridealauto\" \/>\n<meta name=\"twitter:label1\" content=\"\u00c9crit par\" \/>\n\t<meta name=\"twitter:data1\" content=\"N.S Carideal\" \/>\n\t<meta name=\"twitter:label2\" content=\"Dur\u00e9e de lecture estim\u00e9e\" \/>\n\t<meta name=\"twitter:data2\" content=\"2 minutes\" \/>\n<script type=\"application\/ld+json\" class=\"yoast-schema-graph\">{\"@context\":\"https:\/\/schema.org\",\"@graph\":[{\"@type\":\"Article\",\"@id\":\"https:\/\/www.carideal.com\/blog\/2010\/02\/13\/des-aston-martin-pour-la-gendarmerie\/#article\",\"isPartOf\":{\"@id\":\"https:\/\/www.carideal.com\/blog\/2010\/02\/13\/des-aston-martin-pour-la-gendarmerie\/\"},\"author\":{\"name\":\"N.S Carideal\",\"@id\":\"https:\/\/www.carideal.com\/blog\/#\/schema\/person\/985c7e757d1042d647f21bfaf8d41ebc\"},\"headline\":\"Des Aston Martin de Gendarmerie\",\"datePublished\":\"2010-02-13T21:31:00+00:00\",\"dateModified\":\"2020-03-08T06:31:57+00:00\",\"mainEntityOfPage\":{\"@id\":\"https:\/\/www.carideal.com\/blog\/2010\/02\/13\/des-aston-martin-pour-la-gendarmerie\/\"},\"wordCount\":336,\"commentCount\":0,\"publisher\":{\"@id\":\"https:\/\/www.carideal.com\/blog\/#organization\"},\"articleSection\":[\"Actualit\u00e9 Aston Martin\",\"Actualit\u00e9 automobile\",\"Actualit\u00e9 Constructeur automobile\",\"Divers\",\"Fun\",\"Photoshop\",\"Radar et s\u00e9curit\u00e9 routi\u00e8re\",\"Supercar\",\"Type de v\u00e9hicule\"],\"inLanguage\":\"fr-FR\",\"potentialAction\":[{\"@type\":\"CommentAction\",\"name\":\"Comment\",\"target\":[\"https:\/\/www.carideal.com\/blog\/2010\/02\/13\/des-aston-martin-pour-la-gendarmerie\/#respond\"]}]},{\"@type\":\"WebPage\",\"@id\":\"https:\/\/www.carideal.com\/blog\/2010\/02\/13\/des-aston-martin-pour-la-gendarmerie\/\",\"url\":\"https:\/\/www.carideal.com\/blog\/2010\/02\/13\/des-aston-martin-pour-la-gendarmerie\/\",\"name\":\"Des Aston Martin de Gendarmerie - Blog auto Carid\u00e9al\",\"isPartOf\":{\"@id\":\"https:\/\/www.carideal.com\/blog\/#website\"},\"datePublished\":\"2010-02-13T21:31:00+00:00\",\"dateModified\":\"2020-03-08T06:31:57+00:00\",\"description\":\"Les PV sont rentables on le sait, la preuve le gouvernement vient de commander quelques exemplaires de cette magnifique Aston Martin de Gendarmerie\",\"breadcrumb\":{\"@id\":\"https:\/\/www.carideal.com\/blog\/2010\/02\/13\/des-aston-martin-pour-la-gendarmerie\/#breadcrumb\"},\"inLanguage\":\"fr-FR\",\"potentialAction\":[{\"@type\":\"ReadAction\",\"target\":[\"https:\/\/www.carideal.com\/blog\/2010\/02\/13\/des-aston-martin-pour-la-gendarmerie\/\"]}]},{\"@type\":\"BreadcrumbList\",\"@id\":\"https:\/\/www.carideal.com\/blog\/2010\/02\/13\/des-aston-martin-pour-la-gendarmerie\/#breadcrumb\",\"itemListElement\":[{\"@type\":\"ListItem\",\"position\":1,\"name\":\"Blog Carid\u00e9al\",\"item\":\"https:\/\/www.carideal.com\/blog\/\"},{\"@type\":\"ListItem\",\"position\":2,\"name\":\"Radar et s\u00e9curit\u00e9 routi\u00e8re\",\"item\":\"https:\/\/www.carideal.com\/blog\/radar-et-securite-routiere\/\"},{\"@type\":\"ListItem\",\"position\":3,\"name\":\"Des Aston Martin de Gendarmerie\"}]},{\"@type\":\"WebSite\",\"@id\":\"https:\/\/www.carideal.com\/blog\/#website\",\"url\":\"https:\/\/www.carideal.com\/blog\/\",\"name\":\"Blog auto Carid\u00e9al\",\"description\":\"Actualit\u00e9 auto par des passionn\u00e9s\",\"publisher\":{\"@id\":\"https:\/\/www.carideal.com\/blog\/#organization\"},\"potentialAction\":[{\"@type\":\"SearchAction\",\"target\":{\"@type\":\"EntryPoint\",\"urlTemplate\":\"https:\/\/www.carideal.com\/blog\/?s={search_term_string}\"},\"query-input\":{\"@type\":\"PropertyValueSpecification\",\"valueRequired\":true,\"valueName\":\"search_term_string\"}}],\"inLanguage\":\"fr-FR\"},{\"@type\":\"Organization\",\"@id\":\"https:\/\/www.carideal.com\/blog\/#organization\",\"name\":\"Carideal\",\"url\":\"https:\/\/www.carideal.com\/blog\/\",\"logo\":{\"@type\":\"ImageObject\",\"inLanguage\":\"fr-FR\",\"@id\":\"https:\/\/www.carideal.com\/blog\/#\/schema\/logo\/image\/\",\"url\":\"http:\/\/www.carideal.com\/blog\/wp-content\/uploads\/2016\/03\/logo-carideal-mandataire-automobile.png\",\"contentUrl\":\"http:\/\/www.carideal.com\/blog\/wp-content\/uploads\/2016\/03\/logo-carideal-mandataire-automobile.png\",\"width\":300,\"height\":300,\"caption\":\"Carideal\"},\"image\":{\"@id\":\"https:\/\/www.carideal.com\/blog\/#\/schema\/logo\/image\/\"},\"sameAs\":[\"https:\/\/www.facebook.com\/Carideal.mandataire.automobile\",\"https:\/\/x.com\/caridealauto\",\"https:\/\/www.instagram.com\/carideal1\/\",\"https:\/\/www.linkedin.com\/company\/carideal.com\",\"https:\/\/fr.pinterest.com\/schiavonsas\/\",\"https:\/\/www.youtube.com\/user\/caridealsas\"]},{\"@type\":\"Person\",\"@id\":\"https:\/\/www.carideal.com\/blog\/#\/schema\/person\/985c7e757d1042d647f21bfaf8d41ebc\",\"name\":\"N.S Carideal\",\"image\":{\"@type\":\"ImageObject\",\"inLanguage\":\"fr-FR\",\"@id\":\"https:\/\/www.carideal.com\/blog\/#\/schema\/person\/image\/\",\"url\":\"https:\/\/secure.gravatar.com\/avatar\/edb7ccdf1a4e3d14aef967760d354d0e?s=96&r=g\",\"contentUrl\":\"https:\/\/secure.gravatar.com\/avatar\/edb7ccdf1a4e3d14aef967760d354d0e?s=96&r=g\",\"caption\":\"N.S Carideal\"},\"description\":\"Depuis tout petit fan d'automobile. Il est question d'essayer et de comparer toutes ces voitures qui nous ont fait r\u00e9ver, avant que celles-ci ne devient uniquement des voitures de collection.\",\"sameAs\":[\"http:\/\/www.carideal.com\/blog\",\"https:\/\/www.facebook.com\/Carideal.mandataire.automobile\/\",\"https:\/\/www.linkedin.com\/in\/nschiavon\/\",\"https:\/\/www.youtube.com\/user\/caridealsas\/\"],\"url\":\"https:\/\/www.carideal.com\/blog\/author\/admin_carideal\/\"}]}<\/script>\n<!-- \/ Yoast SEO plugin. -->","yoast_head_json":{"title":"Des Aston Martin de Gendarmerie - Blog auto Carid\u00e9al","description":"Les PV sont rentables on le sait, la preuve le gouvernement vient de commander quelques exemplaires de cette magnifique Aston Martin de Gendarmerie","robots":{"index":"index","follow":"follow","max-snippet":"max-snippet:-1","max-image-preview":"max-image-preview:large","max-video-preview":"max-video-preview:-1"},"canonical":"https:\/\/www.carideal.com\/blog\/2010\/02\/13\/des-aston-martin-pour-la-gendarmerie\/","og_locale":"fr_FR","og_type":"article","og_title":"Des Aston Martin de Gendarmerie - Blog auto Carid\u00e9al","og_description":"Les PV sont rentables on le sait, la preuve le gouvernement vient de commander quelques exemplaires de cette magnifique Aston Martin de Gendarmerie","og_url":"https:\/\/www.carideal.com\/blog\/2010\/02\/13\/des-aston-martin-pour-la-gendarmerie\/","og_site_name":"Blog auto Carid\u00e9al","article_publisher":"https:\/\/www.facebook.com\/Carideal.mandataire.automobile","article_author":"https:\/\/www.facebook.com\/Carideal.mandataire.automobile\/","article_published_time":"2010-02-13T21:31:00+00:00","article_modified_time":"2020-03-08T06:31:57+00:00","og_image":[{"width":300,"height":300,"url":"https:\/\/www.carideal.com\/blog\/wp-content\/uploads\/2016\/03\/logo-carideal-mandataire-automobile.png","type":"image\/png"}],"author":"N.S Carideal","twitter_card":"summary_large_image","twitter_creator":"@caridealauto","twitter_site":"@caridealauto","twitter_misc":{"\u00c9crit par":"N.S Carideal","Dur\u00e9e de lecture estim\u00e9e":"2 minutes"},"schema":{"@context":"https:\/\/schema.org","@graph":[{"@type":"Article","@id":"https:\/\/www.carideal.com\/blog\/2010\/02\/13\/des-aston-martin-pour-la-gendarmerie\/#article","isPartOf":{"@id":"https:\/\/www.carideal.com\/blog\/2010\/02\/13\/des-aston-martin-pour-la-gendarmerie\/"},"author":{"name":"N.S Carideal","@id":"https:\/\/www.carideal.com\/blog\/#\/schema\/person\/985c7e757d1042d647f21bfaf8d41ebc"},"headline":"Des Aston Martin de Gendarmerie","datePublished":"2010-02-13T21:31:00+00:00","dateModified":"2020-03-08T06:31:57+00:00","mainEntityOfPage":{"@id":"https:\/\/www.carideal.com\/blog\/2010\/02\/13\/des-aston-martin-pour-la-gendarmerie\/"},"wordCount":336,"commentCount":0,"publisher":{"@id":"https:\/\/www.carideal.com\/blog\/#organization"},"articleSection":["Actualit\u00e9 Aston Martin","Actualit\u00e9 automobile","Actualit\u00e9 Constructeur automobile","Divers","Fun","Photoshop","Radar et s\u00e9curit\u00e9 routi\u00e8re","Supercar","Type de v\u00e9hicule"],"inLanguage":"fr-FR","potentialAction":[{"@type":"CommentAction","name":"Comment","target":["https:\/\/www.carideal.com\/blog\/2010\/02\/13\/des-aston-martin-pour-la-gendarmerie\/#respond"]}]},{"@type":"WebPage","@id":"https:\/\/www.carideal.com\/blog\/2010\/02\/13\/des-aston-martin-pour-la-gendarmerie\/","url":"https:\/\/www.carideal.com\/blog\/2010\/02\/13\/des-aston-martin-pour-la-gendarmerie\/","name":"Des Aston Martin de Gendarmerie - Blog auto Carid\u00e9al","isPartOf":{"@id":"https:\/\/www.carideal.com\/blog\/#website"},"datePublished":"2010-02-13T21:31:00+00:00","dateModified":"2020-03-08T06:31:57+00:00","description":"Les PV sont rentables on le sait, la preuve le gouvernement vient de commander quelques exemplaires de cette magnifique Aston Martin de Gendarmerie","breadcrumb":{"@id":"https:\/\/www.carideal.com\/blog\/2010\/02\/13\/des-aston-martin-pour-la-gendarmerie\/#breadcrumb"},"inLanguage":"fr-FR","potentialAction":[{"@type":"ReadAction","target":["https:\/\/www.carideal.com\/blog\/2010\/02\/13\/des-aston-martin-pour-la-gendarmerie\/"]}]},{"@type":"BreadcrumbList","@id":"https:\/\/www.carideal.com\/blog\/2010\/02\/13\/des-aston-martin-pour-la-gendarmerie\/#breadcrumb","itemListElement":[{"@type":"ListItem","position":1,"name":"Blog Carid\u00e9al","item":"https:\/\/www.carideal.com\/blog\/"},{"@type":"ListItem","position":2,"name":"Radar et s\u00e9curit\u00e9 routi\u00e8re","item":"https:\/\/www.carideal.com\/blog\/radar-et-securite-routiere\/"},{"@type":"ListItem","position":3,"name":"Des Aston Martin de Gendarmerie"}]},{"@type":"WebSite","@id":"https:\/\/www.carideal.com\/blog\/#website","url":"https:\/\/www.carideal.com\/blog\/","name":"Blog auto Carid\u00e9al","description":"Actualit\u00e9 auto par des passionn\u00e9s","publisher":{"@id":"https:\/\/www.carideal.com\/blog\/#organization"},"potentialAction":[{"@type":"SearchAction","target":{"@type":"EntryPoint","urlTemplate":"https:\/\/www.carideal.com\/blog\/?s={search_term_string}"},"query-input":{"@type":"PropertyValueSpecification","valueRequired":true,"valueName":"search_term_string"}}],"inLanguage":"fr-FR"},{"@type":"Organization","@id":"https:\/\/www.carideal.com\/blog\/#organization","name":"Carideal","url":"https:\/\/www.carideal.com\/blog\/","logo":{"@type":"ImageObject","inLanguage":"fr-FR","@id":"https:\/\/www.carideal.com\/blog\/#\/schema\/logo\/image\/","url":"http:\/\/www.carideal.com\/blog\/wp-content\/uploads\/2016\/03\/logo-carideal-mandataire-automobile.png","contentUrl":"http:\/\/www.carideal.com\/blog\/wp-content\/uploads\/2016\/03\/logo-carideal-mandataire-automobile.png","width":300,"height":300,"caption":"Carideal"},"image":{"@id":"https:\/\/www.carideal.com\/blog\/#\/schema\/logo\/image\/"},"sameAs":["https:\/\/www.facebook.com\/Carideal.mandataire.automobile","https:\/\/x.com\/caridealauto","https:\/\/www.instagram.com\/carideal1\/","https:\/\/www.linkedin.com\/company\/carideal.com","https:\/\/fr.pinterest.com\/schiavonsas\/","https:\/\/www.youtube.com\/user\/caridealsas"]},{"@type":"Person","@id":"https:\/\/www.carideal.com\/blog\/#\/schema\/person\/985c7e757d1042d647f21bfaf8d41ebc","name":"N.S Carideal","image":{"@type":"ImageObject","inLanguage":"fr-FR","@id":"https:\/\/www.carideal.com\/blog\/#\/schema\/person\/image\/","url":"https:\/\/secure.gravatar.com\/avatar\/edb7ccdf1a4e3d14aef967760d354d0e?s=96&r=g","contentUrl":"https:\/\/secure.gravatar.com\/avatar\/edb7ccdf1a4e3d14aef967760d354d0e?s=96&r=g","caption":"N.S Carideal"},"description":"Depuis tout petit fan d'automobile. Il est question d'essayer et de comparer toutes ces voitures qui nous ont fait r\u00e9ver, avant que celles-ci ne devient uniquement des voitures de collection.","sameAs":["http:\/\/www.carideal.com\/blog","https:\/\/www.facebook.com\/Carideal.mandataire.automobile\/","https:\/\/www.linkedin.com\/in\/nschiavon\/","https:\/\/www.youtube.com\/user\/caridealsas\/"],"url":"https:\/\/www.carideal.com\/blog\/author\/admin_carideal\/"}]}},"uagb_featured_image_src":{"full":false,"thumbnail":false,"medium":false,"medium_large":false,"large":false,"1536x1536":false,"2048x2048":false,"wppr-widget":false},"uagb_author_info":{"display_name":"N.S Carideal","author_link":"https:\/\/www.carideal.com\/blog\/author\/admin_carideal\/"},"uagb_comment_info":0,"uagb_excerpt":"Des Aston Martin de\u00a0Gendarmerie Les PV sont rentables on le sait, la preuve le gouvernement vient de commander quelques exemplaires de cette magnifique Aston Martin de Gendarmerie, quel g\u00e2chis !! Quand on sait ce qu'ils ont fait des Subaru de Gendarmerie ! LOL Quelqu'un s'est amus\u00e9 sur le web \u00e0 nous pr\u00e9parer ce photoshop d'une\u2026","_links":{"self":[{"href":"https:\/\/www.carideal.com\/blog\/wp-json\/wp\/v2\/posts\/1601"}],"collection":[{"href":"https:\/\/www.carideal.com\/blog\/wp-json\/wp\/v2\/posts"}],"about":[{"href":"https:\/\/www.carideal.com\/blog\/wp-json\/wp\/v2\/types\/post"}],"author":[{"embeddable":true,"href":"https:\/\/www.carideal.com\/blog\/wp-json\/wp\/v2\/users\/1"}],"replies":[{"embeddable":true,"href":"https:\/\/www.carideal.com\/blog\/wp-json\/wp\/v2\/comments?post=1601"}],"version-history":[{"count":0,"href":"https:\/\/www.carideal.com\/blog\/wp-json\/wp\/v2\/posts\/1601\/revisions"}],"wp:attachment":[{"href":"https:\/\/www.carideal.com\/blog\/wp-json\/wp\/v2\/media?parent=1601"}],"wp:term":[{"taxonomy":"category","embeddable":true,"href":"https:\/\/www.carideal.com\/blog\/wp-json\/wp\/v2\/categories?post=1601"},{"taxonomy":"post_tag","embeddable":true,"href":"https:\/\/www.carideal.com\/blog\/wp-json\/wp\/v2\/tags?post=1601"}],"curies":[{"name":"wp","href":"https:\/\/api.w.org\/{rel}","templated":true}]}}